{"id":10005,"date":"2022-04-11T11:00:00","date_gmt":"2022-04-11T14:00:00","guid":{"rendered":"https:\/\/www.agenciainfra.com\/blog\/?p=10005"},"modified":"2022-04-11T08:42:00","modified_gmt":"2022-04-11T11:42:00","slug":"infradebate-restringir-a-concorrencia-para-garantir-a-concorrencia-o-caso-do-arrendamento-do-terminal-portuario-sts-10","status":"publish","type":"post","link":"https:\/\/agenciainfra.com\/blog\/infradebate-restringir-a-concorrencia-para-garantir-a-concorrencia-o-caso-do-arrendamento-do-terminal-portuario-sts-10\/","title":{"rendered":"iNFRADebate: Restringir a concorr\u00eancia&#8230; para garantir a concorr\u00eancia \u2013 o caso do arrendamento do terminal portu\u00e1rio STS-10"},"content":{"rendered":"\n<p class=\"has-text-align-right\"><strong>Maur\u00edcio Portugal Ribeiro* e Eduardo Jord\u00e3o**<sup>1<\/sup><\/strong><\/p>\n\n\n\n<p>Restri\u00e7\u00f5es regulat\u00f3rias \u00e0 concorr\u00eancia s\u00e3o t\u00e3o comuns que foram o objeto de disserta\u00e7\u00e3o de mestrado de um dos autores deste texto<sup>2<\/sup>. Em geral, elas s\u00e3o realizadas para privilegiar alguma outra pol\u00edtica p\u00fablica que poderia ser prejudicada por um cen\u00e1rio amplamente competitivo.<\/p>\n\n\n\n<p>Mais curiosos, contudo, s\u00e3o os casos em que a restri\u00e7\u00e3o da concorr\u00eancia pode ter por objetivo a garantia <em>da pr\u00f3pria concorr\u00eancia<\/em>. Nessa esp\u00e9cie de \u201cquimioterapia jur\u00eddica\u201d, o rem\u00e9dio mira na parte, para preservar o todo.<\/p>\n\n\n\n<p>\u00c9 exatamente esta preocupa\u00e7\u00e3o que deveria nortear o leil\u00e3o do arrendamento portu\u00e1rio do terminal STS-10, localizado no Porto de Santos e destinado \u00e0 movimenta\u00e7\u00e3o e armazenagem de cargas conteinerizadas, que o governo federal pretende realizar ainda em 2022.&nbsp;<\/p>\n\n\n\n<p>Se a ideia for, pelo menos, garantir a fragilizada concorr\u00eancia que hoje h\u00e1 no mercado de movimenta\u00e7\u00e3o de cont\u00eaineres no referido porto, \u00e9 preciso limitar com rigor a participa\u00e7\u00e3o de agentes de determinado grupo econ\u00f4mico constitu\u00eddo por empresas verticalmente integradas, cuja atua\u00e7\u00e3o tem causado s\u00e9rios problemas concorrenciais.<\/p>\n\n\n\n<p>Explica-se.<\/p>\n\n\n\n<p>No mercado de movimenta\u00e7\u00e3o de cont\u00eaineres no Porto de Santos, a atua\u00e7\u00e3o do grupo formado pelo terminal portu\u00e1rio BTP (Brasil Terminal Portu\u00e1rio) e as armadoras A.P. <em>M\u00d8LLER \u2013 MAERSK A\/S<\/em> (Maersk) e <em>MSC (Mediterranean Shipping Company Holding S\/A)<\/em> constitui exemplo perfeito dos problemas concorrenciais de escala global que s\u00e3o conhecidos pelas autoridades antitruste internacionais.&nbsp;<\/p>\n\n\n\n<p>Esses problemas podem ser descritos da seguinte maneira: ao oligop\u00f3lio formado no mercado de transporte mar\u00edtimo, por meio de alian\u00e7as estabelecidas entre poucos armadores, soma-se a verticaliza\u00e7\u00e3o dessas empresas com alguns terminais portu\u00e1rios. Esta somat\u00f3ria tem gerado distor\u00e7\u00f5es concorrenciais que atingem diretamente os terminais portu\u00e1rios independentes (que n\u00e3o est\u00e3o verticalizados aos transportadores mar\u00edtimos).<\/p>\n\n\n\n<p>Os efeitos negativos da concentra\u00e7\u00e3o de mercado e da verticaliza\u00e7\u00e3o horizontal tamb\u00e9m s\u00e3o experimentados pelos usu\u00e1rios, isto \u00e9, o setor produtivo nacional, que vem testemunhando a redu\u00e7\u00e3o das op\u00e7\u00f5es log\u00edsticas para a movimenta\u00e7\u00e3o das cargas e, por outro lado, suportando um aumento dos principais custos log\u00edsticos, sobretudo o frete mar\u00edtimo.<\/p>\n\n\n\n<p>No Porto de Santos, as informa\u00e7\u00f5es apontam para a exist\u00eancia de cl\u00e1usulas nos acordos firmados entre a BTP e suas controladoras Maersk e MSC que criam incentivos especiais para que estas armadoras contratem prioritariamente os servi\u00e7os da BTP, circunst\u00e2ncia que inclusive ensejou a abertura de inqu\u00e9rito administrativo por decis\u00e3o do Cade (Conselho Administrativo de Defesa Econ\u00f4mica).&nbsp;<\/p>\n\n\n\n<p>Ao apreciar representa\u00e7\u00e3o oferecida pela ABTRA (Associa\u00e7\u00e3o Brasileira de Terminais e Recintos Alfandegados), a autoridade antitruste considerou ser poss\u00edvel que o crescimento experimentado pelo BTP tenha sido artificialmente causado por tais disposi\u00e7\u00f5es contratuais discriminat\u00f3rias.<\/p>\n\n\n\n<p>Esses s\u00e3o problemas atuais do mercado de movimenta\u00e7\u00e3o de cont\u00eaineres no Porto de Santos, que podem ser agravados pelo arrendamento portu\u00e1rio do terminal STS-10.<\/p>\n\n\n\n<p>Na vers\u00e3o do projeto submetida a consulta p\u00fablica, que est\u00e1 prevista para ocorrer at\u00e9 22 de abril, al\u00e9m de ser poss\u00edvel a vit\u00f3ria da BTP ou de cons\u00f3rcio formado por MSC e Maersk (desde que n\u00e3o tenha sido apresentada outra proposta v\u00e1lida na licita\u00e7\u00e3o), n\u00e3o foi estabelecida no edital qualquer limita\u00e7\u00e3o \u00e0 participa\u00e7\u00e3o <em>individual<\/em> das referidas empresas armadoras na licita\u00e7\u00e3o. N\u00e3o foi prevista qualquer condi\u00e7\u00e3o para que uma delas seja declarada vencedora da licita\u00e7\u00e3o e assuma as opera\u00e7\u00f5es no terminal STS-10, ainda que a participa\u00e7\u00e3o individual de Maersk ou MSC, ou de qualquer de suas controladas, possa acarretar exatamente os mesmos problemas concorrenciais que justificam as limita\u00e7\u00f5es hoje j\u00e1 previstas no edital.<\/p>\n\n\n\n<p>O contexto, aqui, n\u00e3o deixa d\u00favidas sobre os efeitos indesejados que a verticaliza\u00e7\u00e3o entre armadores e terminais portu\u00e1rios acabou por produzir. O rem\u00e9dio \u00e9 necess\u00e1rio: para proteger a concorr\u00eancia, \u00e9 preciso estender \u00e0 participa\u00e7\u00e3o <em>individual<\/em> de Maersk, MSC e empresas integrantes de seu grupo as limita\u00e7\u00f5es \u00e0 participa\u00e7\u00e3o previstas no edital de arrendamento do terminal portu\u00e1rio STS-10 submetido a consulta p\u00fablica. A medida estar\u00e1 apoiada pelas raz\u00f5es mais b\u00e1sicas que justificam restri\u00e7\u00f5es \u00e0 participa\u00e7\u00e3o em licita\u00e7\u00f5es p\u00fablicas.<\/p>\n\n\n\n<p>A experi\u00eancia brasileira \u00e9 farta em exemplos desse tipo \u2013 vide, dentre outros, as concess\u00f5es no setor aeroportu\u00e1rio \u2013 nos quais a modelagem dos leil\u00f5es se preocupou com a competi\u00e7\u00e3o <em>no<\/em> mercado, mesmo que, ao limitar a concorr\u00eancia <em>pelo<\/em> mercado para atingir esse objetivo (por meio de restri\u00e7\u00f5es \u00e0 participa\u00e7\u00e3o de determinados agentes na licita\u00e7\u00e3o), o tenha feito sob risco de menor retorno imediato pelo valor da outorga. A maximiza\u00e7\u00e3o do resultado financeiro afer\u00edvel no curto prazo \u00e9 relativizada em nome da promo\u00e7\u00e3o da concorr\u00eancia. Faz sentido e est\u00e1 amparado pela teoria que se debru\u00e7a sobre as restri\u00e7\u00f5es regulat\u00f3rias \u00e0 concorr\u00eancia. Isso porque, no longo prazo, os efeitos l\u00edquidos s\u00e3o positivos e o retorno para os cofres p\u00fablicos acabam sendo superiores em raz\u00e3o, justamente, de um ambiente competitivo saud\u00e1vel.<\/p>\n\n\n\n<p>O tipo e o grau de intensidade dessas restri\u00e7\u00f5es depender\u00e3o sempre das circunst\u00e2ncias. No caso do arrendamento portu\u00e1rio do terminal STS-10, elas indicam condi\u00e7\u00f5es desanimadoras para a sa\u00fade da concorr\u00eancia e requerem rem\u00e9dio adequado.<\/p>\n\n\n\n<h6 class=\"wp-block-heading\">1 <strong>Os autores foram contratados pela ABTP (Associa\u00e7\u00e3o Brasileira dos Terminais Portu\u00e1rios) para emitir parecer sobre a viabilidade jur\u00eddica do estabelecimento de restri\u00e7\u00f5es regulat\u00f3rias \u00e0 concorr\u00eancia no leil\u00e3o do arrendamento portu\u00e1rio do terminal STS-10, que o governo federal pretende realizar ainda no ano de 2022 (atualmente, o projeto est\u00e1 em fase de consulta p\u00fablica, que est\u00e1 prevista para ocorrer at\u00e9 o dia 22 de abril). Este pequeno texto faz refer\u00eancia a algumas conclus\u00f5es deste parecer.<\/strong><\/h6>\n\n\n\n<h6 class=\"wp-block-heading\">2 JORD\u00c3O, Eduardo Ferreira.&nbsp;<strong>O impacto anticompetitivo da regula\u00e7\u00e3o estatal<\/strong>. 2008.Universidade de S\u00e3o Paulo, S\u00e3o Paulo, 2008.<\/h6>\n\n\n\n<h6 class=\"wp-block-heading\">*Maur\u00edcio Portugal Ribeiro <strong>\u00e9 especialista na estrutura\u00e7\u00e3o e regula\u00e7\u00e3o de projetos de infraestrutura, autor de v\u00e1rios livros e artigos sobre esse tema, s\u00f3cio do Portugal Ribeiro Advogados, mestre em Direito pela Harvard Law School, ex-professor de Direito de Infraestrutura da FGV-RJ, professor de Modelos Regulat\u00f3rios da FGV-Direito-SP, apresentador do Infra em Pauta e co-organizador do P3C.<\/strong><\/h6>\n\n\n\n<h6 class=\"wp-block-heading\">**Eduardo Jord\u00e3o <strong>\u00e9 professor na FGV Direito Rio e s\u00f3cio da Portugal Ribeiro Advogados, doutor em direito p\u00fablico pelas Universidades de Paris (Panth\u00e9on-Sorbonne) e de Roma (Sapienza)<\/strong>, <strong>mestre pela London School of Economics and Political Science (LSE) e pela USP. <\/strong><\/h6>\n\n\n\n<h5 class=\"wp-block-heading\" id=\"block-d67878ff-7627-4f15-b175-8f58269174ff\">O iNFRADebate \u00e9 o espa\u00e7o de artigos da Ag\u00eancia iNFRA com opini\u00f5es de seus atores que n\u00e3o refletem necessariamente o pensamento da Ag\u00eancia iNFRA, sendo de total responsabilidade do autor as informa\u00e7\u00f5es, ju\u00edzos de valor e conceitos descritos no texto.<\/h5>\n","protected":false},"excerpt":{"rendered":"<p>Maur\u00edcio Portugal Ribeiro* e Eduardo Jord\u00e3o**1 Restri\u00e7\u00f5es regulat\u00f3rias \u00e0 concorr\u00eancia s\u00e3o t\u00e3o comuns que foram o objeto de disserta\u00e7\u00e3o de mestrado de um dos autores deste texto2. Em geral, elas s\u00e3o realizadas para privilegiar alguma outra pol\u00edtica p\u00fablica que poderia ser prejudicada por um cen\u00e1rio amplamente competitivo. Mais curiosos, contudo, s\u00e3o os casos em que [&hellip;]<\/p>\n","protected":false},"author":1,"featured_media":7481,"comment_status":"closed","ping_status":"closed","sticky":false,"template":"","format":"standard","meta":{"_monsterinsights_skip_tracking":false,"_monsterinsights_sitenote_active":false,"_monsterinsights_sitenote_note":"","_monsterinsights_sitenote_category":0,"footnotes":""},"categories":[1,11],"tags":[197,1030,78,34,260,310,4101,623,1059,70],"class_list":["post-10005","post","type-post","status-publish","format-standard","has-post-thumbnail","hentry","category-geral","category-infradebate","tag-abtra","tag-btp","tag-concessoes","tag-infraestrutura","tag-porto-de-santos","tag-portos","tag-sts10","tag-terminais-portuarios","tag-transporte-de-cargas","tag-transportes"],"yoast_head":"<!-- This site is optimized with the Yoast SEO Premium plugin v25.4 (Yoast SEO v26.0) - https:\/\/yoast.com\/wordpress\/plugins\/seo\/ -->\n<title>iNFRADebate: Restringir a concorr\u00eancia... para garantir a concorr\u00eancia \u2013 o caso do arrendamento do terminal portu\u00e1rio STS-10 - Ag\u00eancia iNFRA<\/title>\n<meta name=\"robots\" content=\"index, follow, max-snippet:-1, max-image-preview:large, max-video-preview:-1\" \/>\n<link rel=\"canonical\" href=\"https:\/\/agenciainfra.com\/blog\/infradebate-restringir-a-concorrencia-para-garantir-a-concorrencia-o-caso-do-arrendamento-do-terminal-portuario-sts-10\/\" \/>\n<meta property=\"og:locale\" content=\"pt_BR\" \/>\n<meta property=\"og:type\" content=\"article\" \/>\n<meta property=\"og:title\" content=\"iNFRADebate: Restringir a concorr\u00eancia... para garantir a concorr\u00eancia \u2013 o caso do arrendamento do terminal portu\u00e1rio STS-10\" \/>\n<meta property=\"og:description\" content=\"Maur\u00edcio Portugal Ribeiro* e Eduardo Jord\u00e3o**1 Restri\u00e7\u00f5es regulat\u00f3rias \u00e0 concorr\u00eancia s\u00e3o t\u00e3o comuns que foram o objeto de disserta\u00e7\u00e3o de mestrado de um dos autores deste texto2. Em geral, elas s\u00e3o realizadas para privilegiar alguma outra pol\u00edtica p\u00fablica que poderia ser prejudicada por um cen\u00e1rio amplamente competitivo. Mais curiosos, contudo, s\u00e3o os casos em que [&hellip;]\" \/>\n<meta property=\"og:url\" content=\"https:\/\/agenciainfra.com\/blog\/infradebate-restringir-a-concorrencia-para-garantir-a-concorrencia-o-caso-do-arrendamento-do-terminal-portuario-sts-10\/\" \/>\n<meta property=\"og:site_name\" content=\"Ag\u00eancia iNFRA\" \/>\n<meta property=\"article:publisher\" content=\"https:\/\/www.facebook.com\/ageninfra\" \/>\n<meta property=\"article:published_time\" content=\"2022-04-11T14:00:00+00:00\" \/>\n<meta property=\"og:image\" content=\"https:\/\/agenciainfra.com\/blog\/wp-content\/uploads\/2021\/06\/porto-de-santos-foto-porto-de-santos.jpeg\" \/>\n\t<meta property=\"og:image:width\" content=\"1280\" \/>\n\t<meta property=\"og:image:height\" content=\"959\" \/>\n\t<meta property=\"og:image:type\" content=\"image\/jpeg\" \/>\n<meta name=\"author\" content=\"Ag\u00eancia iNFRA\" \/>\n<meta name=\"twitter:card\" content=\"summary_large_image\" \/>\n<meta name=\"twitter:creator\" content=\"@agencia_infra\" \/>\n<meta name=\"twitter:site\" content=\"@agencia_infra\" \/>\n<meta name=\"twitter:label1\" content=\"Escrito por\" \/>\n\t<meta name=\"twitter:data1\" content=\"Ag\u00eancia iNFRA\" \/>\n\t<meta name=\"twitter:label2\" content=\"Est. tempo de leitura\" \/>\n\t<meta name=\"twitter:data2\" content=\"6 minutos\" \/>\n<script type=\"application\/ld+json\" class=\"yoast-schema-graph\">{\"@context\":\"https:\/\/schema.org\",\"@graph\":[{\"@type\":\"Article\",\"@id\":\"https:\/\/agenciainfra.com\/blog\/infradebate-restringir-a-concorrencia-para-garantir-a-concorrencia-o-caso-do-arrendamento-do-terminal-portuario-sts-10\/#article\",\"isPartOf\":{\"@id\":\"https:\/\/agenciainfra.com\/blog\/infradebate-restringir-a-concorrencia-para-garantir-a-concorrencia-o-caso-do-arrendamento-do-terminal-portuario-sts-10\/\"},\"author\":{\"name\":\"Ag\u00eancia iNFRA\",\"@id\":\"https:\/\/agenciainfra.com\/blog\/#\/schema\/person\/34af08dff6adea4cb22b06612ba7acfa\"},\"headline\":\"iNFRADebate: Restringir a concorr\u00eancia&#8230; para garantir a concorr\u00eancia \u2013 o caso do arrendamento do terminal portu\u00e1rio STS-10\",\"datePublished\":\"2022-04-11T14:00:00+00:00\",\"mainEntityOfPage\":{\"@id\":\"https:\/\/agenciainfra.com\/blog\/infradebate-restringir-a-concorrencia-para-garantir-a-concorrencia-o-caso-do-arrendamento-do-terminal-portuario-sts-10\/\"},\"wordCount\":1194,\"publisher\":{\"@id\":\"https:\/\/agenciainfra.com\/blog\/#organization\"},\"image\":{\"@id\":\"https:\/\/agenciainfra.com\/blog\/infradebate-restringir-a-concorrencia-para-garantir-a-concorrencia-o-caso-do-arrendamento-do-terminal-portuario-sts-10\/#primaryimage\"},\"thumbnailUrl\":\"https:\/\/agenciainfra.com\/blog\/wp-content\/uploads\/2021\/06\/porto-de-santos-foto-porto-de-santos-e1763135113767.jpeg\",\"keywords\":[\"ABTRA\",\"BTP\",\"concess\u00f5es\",\"Infraestrutura\",\"Porto de Santos\",\"portos\",\"STS10\",\"terminais portu\u00e1rios\",\"transporte de cargas\",\"transportes\"],\"articleSection\":[\"Geral\",\"iNFRADebate\"],\"inLanguage\":\"pt-BR\",\"copyrightYear\":\"2022\",\"copyrightHolder\":{\"@id\":\"https:\/\/agenciainfra.com\/blog\/#organization\"}},{\"@type\":\"WebPage\",\"@id\":\"https:\/\/agenciainfra.com\/blog\/infradebate-restringir-a-concorrencia-para-garantir-a-concorrencia-o-caso-do-arrendamento-do-terminal-portuario-sts-10\/\",\"url\":\"https:\/\/agenciainfra.com\/blog\/infradebate-restringir-a-concorrencia-para-garantir-a-concorrencia-o-caso-do-arrendamento-do-terminal-portuario-sts-10\/\",\"name\":\"iNFRADebate: Restringir a concorr\u00eancia... para garantir a concorr\u00eancia \u2013 o caso do arrendamento do terminal portu\u00e1rio STS-10 - Ag\u00eancia iNFRA\",\"isPartOf\":{\"@id\":\"https:\/\/agenciainfra.com\/blog\/#website\"},\"primaryImageOfPage\":{\"@id\":\"https:\/\/agenciainfra.com\/blog\/infradebate-restringir-a-concorrencia-para-garantir-a-concorrencia-o-caso-do-arrendamento-do-terminal-portuario-sts-10\/#primaryimage\"},\"image\":{\"@id\":\"https:\/\/agenciainfra.com\/blog\/infradebate-restringir-a-concorrencia-para-garantir-a-concorrencia-o-caso-do-arrendamento-do-terminal-portuario-sts-10\/#primaryimage\"},\"thumbnailUrl\":\"https:\/\/agenciainfra.com\/blog\/wp-content\/uploads\/2021\/06\/porto-de-santos-foto-porto-de-santos-e1763135113767.jpeg\",\"datePublished\":\"2022-04-11T14:00:00+00:00\",\"breadcrumb\":{\"@id\":\"https:\/\/agenciainfra.com\/blog\/infradebate-restringir-a-concorrencia-para-garantir-a-concorrencia-o-caso-do-arrendamento-do-terminal-portuario-sts-10\/#breadcrumb\"},\"inLanguage\":\"pt-BR\",\"potentialAction\":[{\"@type\":\"ReadAction\",\"target\":[\"https:\/\/agenciainfra.com\/blog\/infradebate-restringir-a-concorrencia-para-garantir-a-concorrencia-o-caso-do-arrendamento-do-terminal-portuario-sts-10\/\"]}]},{\"@type\":\"ImageObject\",\"inLanguage\":\"pt-BR\",\"@id\":\"https:\/\/agenciainfra.com\/blog\/infradebate-restringir-a-concorrencia-para-garantir-a-concorrencia-o-caso-do-arrendamento-do-terminal-portuario-sts-10\/#primaryimage\",\"url\":\"https:\/\/agenciainfra.com\/blog\/wp-content\/uploads\/2021\/06\/porto-de-santos-foto-porto-de-santos-e1763135113767.jpeg\",\"contentUrl\":\"https:\/\/agenciainfra.com\/blog\/wp-content\/uploads\/2021\/06\/porto-de-santos-foto-porto-de-santos-e1763135113767.jpeg\",\"width\":1280,\"height\":787,\"caption\":\"Foto: Autoridade Portu\u00e1ria de Santos\"},{\"@type\":\"BreadcrumbList\",\"@id\":\"https:\/\/agenciainfra.com\/blog\/infradebate-restringir-a-concorrencia-para-garantir-a-concorrencia-o-caso-do-arrendamento-do-terminal-portuario-sts-10\/#breadcrumb\",\"itemListElement\":[{\"@type\":\"ListItem\",\"position\":1,\"name\":\"In\u00edcio\",\"item\":\"https:\/\/agenciainfra.com\/blog\/\"},{\"@type\":\"ListItem\",\"position\":2,\"name\":\"iNFRADebate: Restringir a concorr\u00eancia&#8230; para garantir a concorr\u00eancia \u2013 o caso do arrendamento do terminal portu\u00e1rio STS-10\"}]},{\"@type\":\"WebSite\",\"@id\":\"https:\/\/agenciainfra.com\/blog\/#website\",\"url\":\"https:\/\/agenciainfra.com\/blog\/\",\"name\":\"Ag\u00eancia iNFRA\",\"description\":\"Multiplataforma de informa\u00e7\u00e3o jornal\u00edstica refer\u00eancia na \u00e1rea de infraestrutura no Brasil!\",\"publisher\":{\"@id\":\"https:\/\/agenciainfra.com\/blog\/#organization\"},\"potentialAction\":[{\"@type\":\"SearchAction\",\"target\":{\"@type\":\"EntryPoint\",\"urlTemplate\":\"https:\/\/agenciainfra.com\/blog\/?s={search_term_string}\"},\"query-input\":{\"@type\":\"PropertyValueSpecification\",\"valueRequired\":true,\"valueName\":\"search_term_string\"}}],\"inLanguage\":\"pt-BR\"},{\"@type\":\"Organization\",\"@id\":\"https:\/\/agenciainfra.com\/blog\/#organization\",\"name\":\"Ag\u00eancia iNFRA\",\"url\":\"https:\/\/agenciainfra.com\/blog\/\",\"logo\":{\"@type\":\"ImageObject\",\"inLanguage\":\"pt-BR\",\"@id\":\"https:\/\/agenciainfra.com\/blog\/#\/schema\/logo\/image\/\",\"url\":\"https:\/\/agenciainfra.com\/blog\/wp-content\/uploads\/2023\/09\/iNFRA_5-e1761735885940.png\",\"contentUrl\":\"https:\/\/agenciainfra.com\/blog\/wp-content\/uploads\/2023\/09\/iNFRA_5-e1761735885940.png\",\"width\":1672,\"height\":454,\"caption\":\"Ag\u00eancia iNFRA\"},\"image\":{\"@id\":\"https:\/\/agenciainfra.com\/blog\/#\/schema\/logo\/image\/\"},\"sameAs\":[\"https:\/\/www.facebook.com\/ageninfra\",\"https:\/\/x.com\/agencia_infra\",\"https:\/\/www.linkedin.com\/company\/ag\u00eanciainfra\/\",\"https:\/\/www.instagram.com\/agenciainfra\/\"]},{\"@type\":\"Person\",\"@id\":\"https:\/\/agenciainfra.com\/blog\/#\/schema\/person\/34af08dff6adea4cb22b06612ba7acfa\",\"name\":\"Ag\u00eancia iNFRA\",\"image\":{\"@type\":\"ImageObject\",\"inLanguage\":\"pt-BR\",\"@id\":\"https:\/\/agenciainfra.com\/blog\/#\/schema\/person\/image\/\",\"url\":\"https:\/\/secure.gravatar.com\/avatar\/d189e01678f06d8eb84d4e01f08eb848b3fffe3f8443818d3c356c66892f5be8?s=96&d=mm&r=g\",\"contentUrl\":\"https:\/\/secure.gravatar.com\/avatar\/d189e01678f06d8eb84d4e01f08eb848b3fffe3f8443818d3c356c66892f5be8?s=96&d=mm&r=g\",\"caption\":\"Ag\u00eancia iNFRA\"},\"url\":\"https:\/\/agenciainfra.com\/blog\/author\/admin\/\"}]}<\/script>\n<!-- \/ Yoast SEO Premium plugin. -->","yoast_head_json":{"title":"iNFRADebate: Restringir a concorr\u00eancia... para garantir a concorr\u00eancia \u2013 o caso do arrendamento do terminal portu\u00e1rio STS-10 - Ag\u00eancia iNFRA","robots":{"index":"index","follow":"follow","max-snippet":"max-snippet:-1","max-image-preview":"max-image-preview:large","max-video-preview":"max-video-preview:-1"},"canonical":"https:\/\/agenciainfra.com\/blog\/infradebate-restringir-a-concorrencia-para-garantir-a-concorrencia-o-caso-do-arrendamento-do-terminal-portuario-sts-10\/","og_locale":"pt_BR","og_type":"article","og_title":"iNFRADebate: Restringir a concorr\u00eancia... para garantir a concorr\u00eancia \u2013 o caso do arrendamento do terminal portu\u00e1rio STS-10","og_description":"Maur\u00edcio Portugal Ribeiro* e Eduardo Jord\u00e3o**1 Restri\u00e7\u00f5es regulat\u00f3rias \u00e0 concorr\u00eancia s\u00e3o t\u00e3o comuns que foram o objeto de disserta\u00e7\u00e3o de mestrado de um dos autores deste texto2. Em geral, elas s\u00e3o realizadas para privilegiar alguma outra pol\u00edtica p\u00fablica que poderia ser prejudicada por um cen\u00e1rio amplamente competitivo. Mais curiosos, contudo, s\u00e3o os casos em que [&hellip;]","og_url":"https:\/\/agenciainfra.com\/blog\/infradebate-restringir-a-concorrencia-para-garantir-a-concorrencia-o-caso-do-arrendamento-do-terminal-portuario-sts-10\/","og_site_name":"Ag\u00eancia iNFRA","article_publisher":"https:\/\/www.facebook.com\/ageninfra","article_published_time":"2022-04-11T14:00:00+00:00","og_image":[{"width":1280,"height":959,"url":"https:\/\/agenciainfra.com\/blog\/wp-content\/uploads\/2021\/06\/porto-de-santos-foto-porto-de-santos.jpeg","type":"image\/jpeg"}],"author":"Ag\u00eancia iNFRA","twitter_card":"summary_large_image","twitter_creator":"@agencia_infra","twitter_site":"@agencia_infra","twitter_misc":{"Escrito por":"Ag\u00eancia iNFRA","Est. tempo de leitura":"6 minutos"},"schema":{"@context":"https:\/\/schema.org","@graph":[{"@type":"Article","@id":"https:\/\/agenciainfra.com\/blog\/infradebate-restringir-a-concorrencia-para-garantir-a-concorrencia-o-caso-do-arrendamento-do-terminal-portuario-sts-10\/#article","isPartOf":{"@id":"https:\/\/agenciainfra.com\/blog\/infradebate-restringir-a-concorrencia-para-garantir-a-concorrencia-o-caso-do-arrendamento-do-terminal-portuario-sts-10\/"},"author":{"name":"Ag\u00eancia iNFRA","@id":"https:\/\/agenciainfra.com\/blog\/#\/schema\/person\/34af08dff6adea4cb22b06612ba7acfa"},"headline":"iNFRADebate: Restringir a concorr\u00eancia&#8230; para garantir a concorr\u00eancia \u2013 o caso do arrendamento do terminal portu\u00e1rio STS-10","datePublished":"2022-04-11T14:00:00+00:00","mainEntityOfPage":{"@id":"https:\/\/agenciainfra.com\/blog\/infradebate-restringir-a-concorrencia-para-garantir-a-concorrencia-o-caso-do-arrendamento-do-terminal-portuario-sts-10\/"},"wordCount":1194,"publisher":{"@id":"https:\/\/agenciainfra.com\/blog\/#organization"},"image":{"@id":"https:\/\/agenciainfra.com\/blog\/infradebate-restringir-a-concorrencia-para-garantir-a-concorrencia-o-caso-do-arrendamento-do-terminal-portuario-sts-10\/#primaryimage"},"thumbnailUrl":"https:\/\/agenciainfra.com\/blog\/wp-content\/uploads\/2021\/06\/porto-de-santos-foto-porto-de-santos-e1763135113767.jpeg","keywords":["ABTRA","BTP","concess\u00f5es","Infraestrutura","Porto de Santos","portos","STS10","terminais portu\u00e1rios","transporte de cargas","transportes"],"articleSection":["Geral","iNFRADebate"],"inLanguage":"pt-BR","copyrightYear":"2022","copyrightHolder":{"@id":"https:\/\/agenciainfra.com\/blog\/#organization"}},{"@type":"WebPage","@id":"https:\/\/agenciainfra.com\/blog\/infradebate-restringir-a-concorrencia-para-garantir-a-concorrencia-o-caso-do-arrendamento-do-terminal-portuario-sts-10\/","url":"https:\/\/agenciainfra.com\/blog\/infradebate-restringir-a-concorrencia-para-garantir-a-concorrencia-o-caso-do-arrendamento-do-terminal-portuario-sts-10\/","name":"iNFRADebate: Restringir a concorr\u00eancia... para garantir a concorr\u00eancia \u2013 o caso do arrendamento do terminal portu\u00e1rio STS-10 - Ag\u00eancia iNFRA","isPartOf":{"@id":"https:\/\/agenciainfra.com\/blog\/#website"},"primaryImageOfPage":{"@id":"https:\/\/agenciainfra.com\/blog\/infradebate-restringir-a-concorrencia-para-garantir-a-concorrencia-o-caso-do-arrendamento-do-terminal-portuario-sts-10\/#primaryimage"},"image":{"@id":"https:\/\/agenciainfra.com\/blog\/infradebate-restringir-a-concorrencia-para-garantir-a-concorrencia-o-caso-do-arrendamento-do-terminal-portuario-sts-10\/#primaryimage"},"thumbnailUrl":"https:\/\/agenciainfra.com\/blog\/wp-content\/uploads\/2021\/06\/porto-de-santos-foto-porto-de-santos-e1763135113767.jpeg","datePublished":"2022-04-11T14:00:00+00:00","breadcrumb":{"@id":"https:\/\/agenciainfra.com\/blog\/infradebate-restringir-a-concorrencia-para-garantir-a-concorrencia-o-caso-do-arrendamento-do-terminal-portuario-sts-10\/#breadcrumb"},"inLanguage":"pt-BR","potentialAction":[{"@type":"ReadAction","target":["https:\/\/agenciainfra.com\/blog\/infradebate-restringir-a-concorrencia-para-garantir-a-concorrencia-o-caso-do-arrendamento-do-terminal-portuario-sts-10\/"]}]},{"@type":"ImageObject","inLanguage":"pt-BR","@id":"https:\/\/agenciainfra.com\/blog\/infradebate-restringir-a-concorrencia-para-garantir-a-concorrencia-o-caso-do-arrendamento-do-terminal-portuario-sts-10\/#primaryimage","url":"https:\/\/agenciainfra.com\/blog\/wp-content\/uploads\/2021\/06\/porto-de-santos-foto-porto-de-santos-e1763135113767.jpeg","contentUrl":"https:\/\/agenciainfra.com\/blog\/wp-content\/uploads\/2021\/06\/porto-de-santos-foto-porto-de-santos-e1763135113767.jpeg","width":1280,"height":787,"caption":"Foto: Autoridade Portu\u00e1ria de Santos"},{"@type":"BreadcrumbList","@id":"https:\/\/agenciainfra.com\/blog\/infradebate-restringir-a-concorrencia-para-garantir-a-concorrencia-o-caso-do-arrendamento-do-terminal-portuario-sts-10\/#breadcrumb","itemListElement":[{"@type":"ListItem","position":1,"name":"In\u00edcio","item":"https:\/\/agenciainfra.com\/blog\/"},{"@type":"ListItem","position":2,"name":"iNFRADebate: Restringir a concorr\u00eancia&#8230; para garantir a concorr\u00eancia \u2013 o caso do arrendamento do terminal portu\u00e1rio STS-10"}]},{"@type":"WebSite","@id":"https:\/\/agenciainfra.com\/blog\/#website","url":"https:\/\/agenciainfra.com\/blog\/","name":"Ag\u00eancia iNFRA","description":"Multiplataforma de informa\u00e7\u00e3o jornal\u00edstica refer\u00eancia na \u00e1rea de infraestrutura no Brasil!","publisher":{"@id":"https:\/\/agenciainfra.com\/blog\/#organization"},"potentialAction":[{"@type":"SearchAction","target":{"@type":"EntryPoint","urlTemplate":"https:\/\/agenciainfra.com\/blog\/?s={search_term_string}"},"query-input":{"@type":"PropertyValueSpecification","valueRequired":true,"valueName":"search_term_string"}}],"inLanguage":"pt-BR"},{"@type":"Organization","@id":"https:\/\/agenciainfra.com\/blog\/#organization","name":"Ag\u00eancia iNFRA","url":"https:\/\/agenciainfra.com\/blog\/","logo":{"@type":"ImageObject","inLanguage":"pt-BR","@id":"https:\/\/agenciainfra.com\/blog\/#\/schema\/logo\/image\/","url":"https:\/\/agenciainfra.com\/blog\/wp-content\/uploads\/2023\/09\/iNFRA_5-e1761735885940.png","contentUrl":"https:\/\/agenciainfra.com\/blog\/wp-content\/uploads\/2023\/09\/iNFRA_5-e1761735885940.png","width":1672,"height":454,"caption":"Ag\u00eancia iNFRA"},"image":{"@id":"https:\/\/agenciainfra.com\/blog\/#\/schema\/logo\/image\/"},"sameAs":["https:\/\/www.facebook.com\/ageninfra","https:\/\/x.com\/agencia_infra","https:\/\/www.linkedin.com\/company\/ag\u00eanciainfra\/","https:\/\/www.instagram.com\/agenciainfra\/"]},{"@type":"Person","@id":"https:\/\/agenciainfra.com\/blog\/#\/schema\/person\/34af08dff6adea4cb22b06612ba7acfa","name":"Ag\u00eancia iNFRA","image":{"@type":"ImageObject","inLanguage":"pt-BR","@id":"https:\/\/agenciainfra.com\/blog\/#\/schema\/person\/image\/","url":"https:\/\/secure.gravatar.com\/avatar\/d189e01678f06d8eb84d4e01f08eb848b3fffe3f8443818d3c356c66892f5be8?s=96&d=mm&r=g","contentUrl":"https:\/\/secure.gravatar.com\/avatar\/d189e01678f06d8eb84d4e01f08eb848b3fffe3f8443818d3c356c66892f5be8?s=96&d=mm&r=g","caption":"Ag\u00eancia iNFRA"},"url":"https:\/\/agenciainfra.com\/blog\/author\/admin\/"}]}},"_links":{"self":[{"href":"https:\/\/agenciainfra.com\/blog\/wp-json\/wp\/v2\/posts\/10005","targetHints":{"allow":["GET"]}}],"collection":[{"href":"https:\/\/agenciainfra.com\/blog\/wp-json\/wp\/v2\/posts"}],"about":[{"href":"https:\/\/agenciainfra.com\/blog\/wp-json\/wp\/v2\/types\/post"}],"author":[{"embeddable":true,"href":"https:\/\/agenciainfra.com\/blog\/wp-json\/wp\/v2\/users\/1"}],"replies":[{"embeddable":true,"href":"https:\/\/agenciainfra.com\/blog\/wp-json\/wp\/v2\/comments?post=10005"}],"version-history":[{"count":0,"href":"https:\/\/agenciainfra.com\/blog\/wp-json\/wp\/v2\/posts\/10005\/revisions"}],"wp:featuredmedia":[{"embeddable":true,"href":"https:\/\/agenciainfra.com\/blog\/wp-json\/wp\/v2\/media\/7481"}],"wp:attachment":[{"href":"https:\/\/agenciainfra.com\/blog\/wp-json\/wp\/v2\/media?parent=10005"}],"wp:term":[{"taxonomy":"category","embeddable":true,"href":"https:\/\/agenciainfra.com\/blog\/wp-json\/wp\/v2\/categories?post=10005"},{"taxonomy":"post_tag","embeddable":true,"href":"https:\/\/agenciainfra.com\/blog\/wp-json\/wp\/v2\/tags?post=10005"}],"curies":[{"name":"wp","href":"https:\/\/api.w.org\/{rel}","templated":true}]}}