{"id":10080,"date":"2022-04-13T08:00:00","date_gmt":"2022-04-13T11:00:00","guid":{"rendered":"https:\/\/www.agenciainfra.com\/blog\/?p=10080"},"modified":"2022-04-12T09:01:23","modified_gmt":"2022-04-12T12:01:23","slug":"agentes-tentam-incluir-atualizacao-tecnologica-das-redes-e-usinas-em-pl-414-de-modernizacao","status":"publish","type":"post","link":"https:\/\/agenciainfra.com\/blog\/agentes-tentam-incluir-atualizacao-tecnologica-das-redes-e-usinas-em-pl-414-de-modernizacao\/","title":{"rendered":"Agentes tentam incluir atualiza\u00e7\u00e3o tecnol\u00f3gica das redes e usinas em PL 414, de moderniza\u00e7\u00e3o"},"content":{"rendered":"\n<p class=\"has-text-align-right\"><strong>Antonio Carlos Sil, para a Ag\u00eancia iNFRA<\/strong><\/p>\n\n\n\n<p>Um plano de atualiza\u00e7\u00e3o tecnol\u00f3gica das redes de distribui\u00e7\u00e3o e transmiss\u00e3o, bem como das usinas de gera\u00e7\u00e3o de energia, \u00e9 o ponto de uma proposta que poder\u00e1 ser integrada ao Projeto de Lei (PL) 414\/2021, em tramita\u00e7\u00e3o no Congresso Nacional.<br><br>A ideia \u00e9 que a revis\u00e3o da regula\u00e7\u00e3o em vigor tamb\u00e9m seja acompanhada de um programa de investimentos que levem a uma maior efici\u00eancia do setor e, consequentemente, a menores custos para os consumidores e para o sistema como um todo.<br><br>O timing para essa tomada de decis\u00e3o \u00e9 considerado ideal tendo em vista n\u00e3o s\u00f3 o movimento global de transi\u00e7\u00e3o energ\u00e9tica, como tamb\u00e9m a perspectiva de abertura maior do mercado livre, o avan\u00e7o acelerado da gera\u00e7\u00e3o da distribu\u00edda e a chegada da tecnologia 5G.<br><br>A largada efetiva para a moderniza\u00e7\u00e3o da infraestrutura come\u00e7aria pela implanta\u00e7\u00e3o de um programa massivo de instala\u00e7\u00e3o de medidores inteligentes em resid\u00eancias e com\u00e9rcios, de 5,5 milh\u00f5es de unidades anuais ao longo de oito anos.<br><br>Esse passo \u00e9 considerado priorit\u00e1rio porque pode permitir a gest\u00e3o da demanda no segmento de baixa tens\u00e3o \u2013 resid\u00eancias e com\u00e9rcio \u2013 com consequente aumento da efici\u00eancia das redes de distribui\u00e7\u00e3o, quanto a equil\u00edbrio entre gera\u00e7\u00e3o e a carga. A medi\u00e7\u00e3o \u00e0 dist\u00e2ncia j\u00e1 \u00e9 uma tecnologia dispon\u00edvel h\u00e1 anos para grandes consumidores.<br><br>A iniciativa \u00e9 enxergada com simpatia pelo MME (Minist\u00e9rio de Minas e Energia), segundo informou, em entrevista \u00e0&nbsp;<strong>Ag\u00eancia iNFRA<\/strong>, Marcelo Machado, diretor da Abinee (Associa\u00e7\u00e3o Brasileira da Ind\u00fastria Eletroeletr\u00f4nica), entidade que lidera a proposta da moderniza\u00e7\u00e3o da infraestrutura el\u00e9trica nacional.<br><br>Uma das reuni\u00f5es com a pasta aconteceu recentemente, por meio de teleconfer\u00eancia, com participa\u00e7\u00e3o do secret\u00e1rio de Energia El\u00e9trica, Christiano Vieira da Silva, do presidente da Abinee, Humberto Barbato, e do presidente do F\u00f3rum Latino-Americano de Smart Grid, Cyro Boccuzzi, entre outros executivos.<br><br>\u201cA receptividade foi muito boa por parte do secret\u00e1rio. O pr\u00f3ximo passo \u00e9 uma reuni\u00e3o com a ANEEL [Ag\u00eancia Nacional de Energia El\u00e9trica]. A ag\u00eancia j\u00e1 fez estudos sobre o assunto, quando da realiza\u00e7\u00e3o da Tomada de Subs\u00eddios 11, no ano passado, por conta da inser\u00e7\u00e3o da gera\u00e7\u00e3o distribu\u00edda. Queremos conversar tamb\u00e9m com associa\u00e7\u00f5es de consumidores e com as concession\u00e1rias de distribui\u00e7\u00e3o\u201d, explica Machado, para quem h\u00e1 esse caminho a ser percorrido para que a proposta chegue ao Congresso Nacional e seja avaliada para poss\u00edvel integra\u00e7\u00e3o ao PL 414.<br><br>Segundo o diretor da Abinee, \u00e9 necess\u00e1rio levar em conta uma s\u00e9rie de detalhes, principalmente no que se refere \u00e0s caracter\u00edsticas regionais das \u00e1reas de concess\u00e3o das distribuidoras, sendo que muitas delas j\u00e1 desenvolvem seus pr\u00f3prios programas de substitui\u00e7\u00e3o de medidores por modelos inteligentes. As vantagens para os clientes, por sua vez, s\u00e3o muitas, aponta. A exemplo do que j\u00e1 ocorre em outros pa\u00edses, ser\u00e1 poss\u00edvel ter acesso aos dados de consumo, permitindo, inclusive, saber qual eletrodom\u00e9stico consome mais energia.<br><br><strong>44 milh\u00f5es de medidores<\/strong><br>Sobre o custo de um programa dessa envergadura \u2013 instala\u00e7\u00e3o de 44 milh\u00f5es de medidores inteligentes em menos de uma d\u00e9cada \u2013 Marcelo Machado prefere n\u00e3o adiantar estimativa de aportes, mas garante que o pre\u00e7o dos medidores j\u00e1 n\u00e3o \u00e9 mais problema como h\u00e1 alguns anos, quando, de fato, o valor dos equipamentos era considerado elevado demais para uma aplica\u00e7\u00e3o mais ampla.&nbsp;<br><br>A t\u00edtulo de compara\u00e7\u00e3o, calcula o executivo, o que j\u00e1 se gastou em aux\u00edlio financeiro \u00e0s distribuidoras nos \u00faltimos anos \u2013 por conta das crises h\u00eddricas \u2013 daria para bancar duas vezes um programa desse tipo.<br><br>\u201cEstamos considerando 55% dos clientes \u2013 porque a proposta n\u00e3o inclui os consumidores da tarifa social \u2013 que representam 88% do consumo da baixa tens\u00e3o. Isso \u00e9 extremamente importante porque permitiria fazer a gest\u00e3o pelo lado da demanda, a exemplo do que j\u00e1 se faz na ind\u00fastria e de onde tiramos bons ensinamentos\u201d, assinala Machado.<br><br>Do lado da ind\u00fastria, conforme explica o executivo, os n\u00fameros do programa foram pensados levando em conta a capacidade de fornecimentos das f\u00e1bricas, bem como a capacidade do Inmetro (Instituto Nacional de Metrologia, Qualidade e Tecnologia) de prover a certifica\u00e7\u00e3o dos produtos.<br><br>Ainda a equacionar, aponta, h\u00e1 quest\u00f5es envolvendo ajustes na regula\u00e7\u00e3o, compatibiliza\u00e7\u00e3o das tecnologias de telecomunica\u00e7\u00e3o e gargalos na oferta de alguns componentes eletr\u00f4nicos necess\u00e1rios \u00e0 fabrica\u00e7\u00e3o dos medidores.<br><br><strong>Prazos longos demais<\/strong><br>No caso regula\u00e7\u00e3o, segundo Marcelo Machado, seria necess\u00e1rio rever os prazos de amortiza\u00e7\u00e3o dos medidores, n\u00e3o s\u00f3 em termos de hardware, mas tamb\u00e9m de software, em raz\u00e3o da r\u00e1pida evolu\u00e7\u00e3o desses equipamentos. As distribuidoras se queixam de que a regula\u00e7\u00e3o atual considera prazos longos demais, o que dificulta a remunera\u00e7\u00e3o de novos investimentos por meio das tarifas.<br><br>Em rela\u00e7\u00e3o \u00e0s telecomunica\u00e7\u00f5es, al\u00e9m da chegada do 5G, as concession\u00e1rias ainda v\u00eam testando as tecnologias dispon\u00edveis para escolher a que mais se adequa \u00e0s suas respectivas topologias de rede. J\u00e1 sobre os componentes, desde o final do ano passado, lembra Machado, h\u00e1 uma forte crise na oferta de processadores eletr\u00f4nicos, o que tem levado muitos segmentos industriais a paralisar linhas de montagem.<br><br><strong>S\u00f3 5% da tecnologia em opera\u00e7\u00e3o<\/strong><br>O diretor da Abinee cita mais uma raz\u00e3o relevante para a implanta\u00e7\u00e3o de um programa massivo de medi\u00e7\u00e3o inteligente.&nbsp;O Brasil n\u00e3o tem mais do que 5% a 6% dessa tecnologia em opera\u00e7\u00e3o em todo o territ\u00f3rio nacional. Algo que n\u00e3o difere dos demais pa\u00edses da Am\u00e9rica Latina, que, segundo explica, tamb\u00e9m est\u00e3o com seus investimentos abaixo do ideal nessa \u00e1rea.<\/p>\n","protected":false},"excerpt":{"rendered":"<p>Antonio Carlos Sil, para a Ag\u00eancia iNFRA Um plano de atualiza\u00e7\u00e3o tecnol\u00f3gica das redes de distribui\u00e7\u00e3o e transmiss\u00e3o, bem como das usinas de gera\u00e7\u00e3o de energia, \u00e9 o ponto de uma proposta que poder\u00e1 ser integrada ao Projeto de Lei (PL) 414\/2021, em tramita\u00e7\u00e3o no Congresso Nacional. A ideia \u00e9 que a revis\u00e3o da regula\u00e7\u00e3o [&hellip;]<\/p>\n","protected":false},"author":1,"featured_media":10081,"comment_status":"closed","ping_status":"closed","sticky":false,"template":"","format":"standard","meta":{"_monsterinsights_skip_tracking":false,"_monsterinsights_sitenote_active":false,"_monsterinsights_sitenote_note":"","_monsterinsights_sitenote_category":0,"footnotes":""},"categories":[1,10],"tags":[53,78,1082,2601,282,34,71,3627,575,4312],"class_list":["post-10080","post","type-post","status-publish","format-standard","has-post-thumbnail","hentry","category-geral","category-infraenergia","tag-aneel","tag-concessoes","tag-distribuicao-de-energia","tag-eficiencia-energetica","tag-energia-eletrica","tag-infraestrutura","tag-mme","tag-pl-414-2021","tag-transmissao-de-energia","tag-usinas"],"yoast_head":"<!-- This site is optimized with the Yoast SEO Premium plugin v25.4 (Yoast SEO v26.0) - https:\/\/yoast.com\/wordpress\/plugins\/seo\/ -->\n<title>Agentes tentam incluir atualiza\u00e7\u00e3o tecnol\u00f3gica das redes e usinas em PL 414, de moderniza\u00e7\u00e3o - Ag\u00eancia iNFRA<\/title>\n<meta name=\"robots\" content=\"index, follow, max-snippet:-1, max-image-preview:large, max-video-preview:-1\" \/>\n<link rel=\"canonical\" href=\"https:\/\/agenciainfra.com\/blog\/agentes-tentam-incluir-atualizacao-tecnologica-das-redes-e-usinas-em-pl-414-de-modernizacao\/\" \/>\n<meta property=\"og:locale\" content=\"pt_BR\" \/>\n<meta property=\"og:type\" content=\"article\" \/>\n<meta property=\"og:title\" content=\"Agentes tentam incluir atualiza\u00e7\u00e3o tecnol\u00f3gica das redes e usinas em PL 414, de moderniza\u00e7\u00e3o\" \/>\n<meta property=\"og:description\" content=\"Antonio Carlos Sil, para a Ag\u00eancia iNFRA Um plano de atualiza\u00e7\u00e3o tecnol\u00f3gica das redes de distribui\u00e7\u00e3o e transmiss\u00e3o, bem como das usinas de gera\u00e7\u00e3o de energia, \u00e9 o ponto de uma proposta que poder\u00e1 ser integrada ao Projeto de Lei (PL) 414\/2021, em tramita\u00e7\u00e3o no Congresso Nacional. A ideia \u00e9 que a revis\u00e3o da regula\u00e7\u00e3o [&hellip;]\" \/>\n<meta property=\"og:url\" content=\"https:\/\/agenciainfra.com\/blog\/agentes-tentam-incluir-atualizacao-tecnologica-das-redes-e-usinas-em-pl-414-de-modernizacao\/\" \/>\n<meta property=\"og:site_name\" content=\"Ag\u00eancia iNFRA\" \/>\n<meta property=\"article:publisher\" content=\"https:\/\/www.facebook.com\/ageninfra\" \/>\n<meta property=\"article:published_time\" content=\"2022-04-13T11:00:00+00:00\" \/>\n<meta property=\"og:image\" content=\"https:\/\/agenciainfra.com\/blog\/wp-content\/uploads\/2022\/04\/medidor-inteligente-de-energia-foto-cemig-divulgacao.png\" \/>\n\t<meta property=\"og:image:width\" content=\"1280\" \/>\n\t<meta property=\"og:image:height\" content=\"958\" \/>\n\t<meta property=\"og:image:type\" content=\"image\/png\" \/>\n<meta name=\"author\" content=\"Ag\u00eancia iNFRA\" \/>\n<meta name=\"twitter:card\" content=\"summary_large_image\" \/>\n<meta name=\"twitter:creator\" content=\"@agencia_infra\" \/>\n<meta name=\"twitter:site\" content=\"@agencia_infra\" \/>\n<meta name=\"twitter:label1\" content=\"Escrito por\" \/>\n\t<meta name=\"twitter:data1\" content=\"Ag\u00eancia iNFRA\" \/>\n\t<meta name=\"twitter:label2\" content=\"Est. tempo de leitura\" \/>\n\t<meta name=\"twitter:data2\" content=\"5 minutos\" \/>\n<script type=\"application\/ld+json\" class=\"yoast-schema-graph\">{\"@context\":\"https:\/\/schema.org\",\"@graph\":[{\"@type\":\"Article\",\"@id\":\"https:\/\/agenciainfra.com\/blog\/agentes-tentam-incluir-atualizacao-tecnologica-das-redes-e-usinas-em-pl-414-de-modernizacao\/#article\",\"isPartOf\":{\"@id\":\"https:\/\/agenciainfra.com\/blog\/agentes-tentam-incluir-atualizacao-tecnologica-das-redes-e-usinas-em-pl-414-de-modernizacao\/\"},\"author\":{\"name\":\"Ag\u00eancia iNFRA\",\"@id\":\"https:\/\/agenciainfra.com\/blog\/#\/schema\/person\/34af08dff6adea4cb22b06612ba7acfa\"},\"headline\":\"Agentes tentam incluir atualiza\u00e7\u00e3o tecnol\u00f3gica das redes e usinas em PL 414, de moderniza\u00e7\u00e3o\",\"datePublished\":\"2022-04-13T11:00:00+00:00\",\"mainEntityOfPage\":{\"@id\":\"https:\/\/agenciainfra.com\/blog\/agentes-tentam-incluir-atualizacao-tecnologica-das-redes-e-usinas-em-pl-414-de-modernizacao\/\"},\"wordCount\":1011,\"publisher\":{\"@id\":\"https:\/\/agenciainfra.com\/blog\/#organization\"},\"image\":{\"@id\":\"https:\/\/agenciainfra.com\/blog\/agentes-tentam-incluir-atualizacao-tecnologica-das-redes-e-usinas-em-pl-414-de-modernizacao\/#primaryimage\"},\"thumbnailUrl\":\"https:\/\/agenciainfra.com\/blog\/wp-content\/uploads\/2022\/04\/medidor-inteligente-de-energia-foto-cemig-divulgacao.png\",\"keywords\":[\"ANEEL\",\"concess\u00f5es\",\"distribui\u00e7\u00e3o de energia\",\"Efici\u00eancia Energ\u00e9tica\",\"energia el\u00e9trica\",\"Infraestrutura\",\"MME\",\"PL 414\/2021\",\"transmiss\u00e3o de energia\",\"usinas\"],\"articleSection\":[\"Geral\",\"iNFRAEnergia\"],\"inLanguage\":\"pt-BR\",\"copyrightYear\":\"2022\",\"copyrightHolder\":{\"@id\":\"https:\/\/agenciainfra.com\/blog\/#organization\"}},{\"@type\":\"WebPage\",\"@id\":\"https:\/\/agenciainfra.com\/blog\/agentes-tentam-incluir-atualizacao-tecnologica-das-redes-e-usinas-em-pl-414-de-modernizacao\/\",\"url\":\"https:\/\/agenciainfra.com\/blog\/agentes-tentam-incluir-atualizacao-tecnologica-das-redes-e-usinas-em-pl-414-de-modernizacao\/\",\"name\":\"Agentes tentam incluir atualiza\u00e7\u00e3o tecnol\u00f3gica das redes e usinas em PL 414, de moderniza\u00e7\u00e3o - Ag\u00eancia iNFRA\",\"isPartOf\":{\"@id\":\"https:\/\/agenciainfra.com\/blog\/#website\"},\"primaryImageOfPage\":{\"@id\":\"https:\/\/agenciainfra.com\/blog\/agentes-tentam-incluir-atualizacao-tecnologica-das-redes-e-usinas-em-pl-414-de-modernizacao\/#primaryimage\"},\"image\":{\"@id\":\"https:\/\/agenciainfra.com\/blog\/agentes-tentam-incluir-atualizacao-tecnologica-das-redes-e-usinas-em-pl-414-de-modernizacao\/#primaryimage\"},\"thumbnailUrl\":\"https:\/\/agenciainfra.com\/blog\/wp-content\/uploads\/2022\/04\/medidor-inteligente-de-energia-foto-cemig-divulgacao.png\",\"datePublished\":\"2022-04-13T11:00:00+00:00\",\"breadcrumb\":{\"@id\":\"https:\/\/agenciainfra.com\/blog\/agentes-tentam-incluir-atualizacao-tecnologica-das-redes-e-usinas-em-pl-414-de-modernizacao\/#breadcrumb\"},\"inLanguage\":\"pt-BR\",\"potentialAction\":[{\"@type\":\"ReadAction\",\"target\":[\"https:\/\/agenciainfra.com\/blog\/agentes-tentam-incluir-atualizacao-tecnologica-das-redes-e-usinas-em-pl-414-de-modernizacao\/\"]}]},{\"@type\":\"ImageObject\",\"inLanguage\":\"pt-BR\",\"@id\":\"https:\/\/agenciainfra.com\/blog\/agentes-tentam-incluir-atualizacao-tecnologica-das-redes-e-usinas-em-pl-414-de-modernizacao\/#primaryimage\",\"url\":\"https:\/\/agenciainfra.com\/blog\/wp-content\/uploads\/2022\/04\/medidor-inteligente-de-energia-foto-cemig-divulgacao.png\",\"contentUrl\":\"https:\/\/agenciainfra.com\/blog\/wp-content\/uploads\/2022\/04\/medidor-inteligente-de-energia-foto-cemig-divulgacao.png\",\"width\":1280,\"height\":958,\"caption\":\"Foto: Divulga\u00e7\u00e3o Cemig\"},{\"@type\":\"BreadcrumbList\",\"@id\":\"https:\/\/agenciainfra.com\/blog\/agentes-tentam-incluir-atualizacao-tecnologica-das-redes-e-usinas-em-pl-414-de-modernizacao\/#breadcrumb\",\"itemListElement\":[{\"@type\":\"ListItem\",\"position\":1,\"name\":\"In\u00edcio\",\"item\":\"https:\/\/agenciainfra.com\/blog\/\"},{\"@type\":\"ListItem\",\"position\":2,\"name\":\"Agentes tentam incluir atualiza\u00e7\u00e3o tecnol\u00f3gica das redes e usinas em PL 414, de moderniza\u00e7\u00e3o\"}]},{\"@type\":\"WebSite\",\"@id\":\"https:\/\/agenciainfra.com\/blog\/#website\",\"url\":\"https:\/\/agenciainfra.com\/blog\/\",\"name\":\"Ag\u00eancia iNFRA\",\"description\":\"Multiplataforma de informa\u00e7\u00e3o jornal\u00edstica refer\u00eancia na \u00e1rea de infraestrutura no Brasil!\",\"publisher\":{\"@id\":\"https:\/\/agenciainfra.com\/blog\/#organization\"},\"potentialAction\":[{\"@type\":\"SearchAction\",\"target\":{\"@type\":\"EntryPoint\",\"urlTemplate\":\"https:\/\/agenciainfra.com\/blog\/?s={search_term_string}\"},\"query-input\":{\"@type\":\"PropertyValueSpecification\",\"valueRequired\":true,\"valueName\":\"search_term_string\"}}],\"inLanguage\":\"pt-BR\"},{\"@type\":\"Organization\",\"@id\":\"https:\/\/agenciainfra.com\/blog\/#organization\",\"name\":\"Ag\u00eancia iNFRA\",\"url\":\"https:\/\/agenciainfra.com\/blog\/\",\"logo\":{\"@type\":\"ImageObject\",\"inLanguage\":\"pt-BR\",\"@id\":\"https:\/\/agenciainfra.com\/blog\/#\/schema\/logo\/image\/\",\"url\":\"https:\/\/agenciainfra.com\/blog\/wp-content\/uploads\/2023\/09\/iNFRA_5-e1761735885940.png\",\"contentUrl\":\"https:\/\/agenciainfra.com\/blog\/wp-content\/uploads\/2023\/09\/iNFRA_5-e1761735885940.png\",\"width\":1672,\"height\":454,\"caption\":\"Ag\u00eancia iNFRA\"},\"image\":{\"@id\":\"https:\/\/agenciainfra.com\/blog\/#\/schema\/logo\/image\/\"},\"sameAs\":[\"https:\/\/www.facebook.com\/ageninfra\",\"https:\/\/x.com\/agencia_infra\",\"https:\/\/www.linkedin.com\/company\/ag\u00eanciainfra\/\",\"https:\/\/www.instagram.com\/agenciainfra\/\"]},{\"@type\":\"Person\",\"@id\":\"https:\/\/agenciainfra.com\/blog\/#\/schema\/person\/34af08dff6adea4cb22b06612ba7acfa\",\"name\":\"Ag\u00eancia iNFRA\",\"image\":{\"@type\":\"ImageObject\",\"inLanguage\":\"pt-BR\",\"@id\":\"https:\/\/agenciainfra.com\/blog\/#\/schema\/person\/image\/\",\"url\":\"https:\/\/secure.gravatar.com\/avatar\/d189e01678f06d8eb84d4e01f08eb848b3fffe3f8443818d3c356c66892f5be8?s=96&d=mm&r=g\",\"contentUrl\":\"https:\/\/secure.gravatar.com\/avatar\/d189e01678f06d8eb84d4e01f08eb848b3fffe3f8443818d3c356c66892f5be8?s=96&d=mm&r=g\",\"caption\":\"Ag\u00eancia iNFRA\"},\"url\":\"https:\/\/agenciainfra.com\/blog\/author\/admin\/\"}]}<\/script>\n<!-- \/ Yoast SEO Premium plugin. -->","yoast_head_json":{"title":"Agentes tentam incluir atualiza\u00e7\u00e3o tecnol\u00f3gica das redes e usinas em PL 414, de moderniza\u00e7\u00e3o - Ag\u00eancia iNFRA","robots":{"index":"index","follow":"follow","max-snippet":"max-snippet:-1","max-image-preview":"max-image-preview:large","max-video-preview":"max-video-preview:-1"},"canonical":"https:\/\/agenciainfra.com\/blog\/agentes-tentam-incluir-atualizacao-tecnologica-das-redes-e-usinas-em-pl-414-de-modernizacao\/","og_locale":"pt_BR","og_type":"article","og_title":"Agentes tentam incluir atualiza\u00e7\u00e3o tecnol\u00f3gica das redes e usinas em PL 414, de moderniza\u00e7\u00e3o","og_description":"Antonio Carlos Sil, para a Ag\u00eancia iNFRA Um plano de atualiza\u00e7\u00e3o tecnol\u00f3gica das redes de distribui\u00e7\u00e3o e transmiss\u00e3o, bem como das usinas de gera\u00e7\u00e3o de energia, \u00e9 o ponto de uma proposta que poder\u00e1 ser integrada ao Projeto de Lei (PL) 414\/2021, em tramita\u00e7\u00e3o no Congresso Nacional. A ideia \u00e9 que a revis\u00e3o da regula\u00e7\u00e3o [&hellip;]","og_url":"https:\/\/agenciainfra.com\/blog\/agentes-tentam-incluir-atualizacao-tecnologica-das-redes-e-usinas-em-pl-414-de-modernizacao\/","og_site_name":"Ag\u00eancia iNFRA","article_publisher":"https:\/\/www.facebook.com\/ageninfra","article_published_time":"2022-04-13T11:00:00+00:00","og_image":[{"width":1280,"height":958,"url":"https:\/\/agenciainfra.com\/blog\/wp-content\/uploads\/2022\/04\/medidor-inteligente-de-energia-foto-cemig-divulgacao.png","type":"image\/png"}],"author":"Ag\u00eancia iNFRA","twitter_card":"summary_large_image","twitter_creator":"@agencia_infra","twitter_site":"@agencia_infra","twitter_misc":{"Escrito por":"Ag\u00eancia iNFRA","Est. tempo de leitura":"5 minutos"},"schema":{"@context":"https:\/\/schema.org","@graph":[{"@type":"Article","@id":"https:\/\/agenciainfra.com\/blog\/agentes-tentam-incluir-atualizacao-tecnologica-das-redes-e-usinas-em-pl-414-de-modernizacao\/#article","isPartOf":{"@id":"https:\/\/agenciainfra.com\/blog\/agentes-tentam-incluir-atualizacao-tecnologica-das-redes-e-usinas-em-pl-414-de-modernizacao\/"},"author":{"name":"Ag\u00eancia iNFRA","@id":"https:\/\/agenciainfra.com\/blog\/#\/schema\/person\/34af08dff6adea4cb22b06612ba7acfa"},"headline":"Agentes tentam incluir atualiza\u00e7\u00e3o tecnol\u00f3gica das redes e usinas em PL 414, de moderniza\u00e7\u00e3o","datePublished":"2022-04-13T11:00:00+00:00","mainEntityOfPage":{"@id":"https:\/\/agenciainfra.com\/blog\/agentes-tentam-incluir-atualizacao-tecnologica-das-redes-e-usinas-em-pl-414-de-modernizacao\/"},"wordCount":1011,"publisher":{"@id":"https:\/\/agenciainfra.com\/blog\/#organization"},"image":{"@id":"https:\/\/agenciainfra.com\/blog\/agentes-tentam-incluir-atualizacao-tecnologica-das-redes-e-usinas-em-pl-414-de-modernizacao\/#primaryimage"},"thumbnailUrl":"https:\/\/agenciainfra.com\/blog\/wp-content\/uploads\/2022\/04\/medidor-inteligente-de-energia-foto-cemig-divulgacao.png","keywords":["ANEEL","concess\u00f5es","distribui\u00e7\u00e3o de energia","Efici\u00eancia Energ\u00e9tica","energia el\u00e9trica","Infraestrutura","MME","PL 414\/2021","transmiss\u00e3o de energia","usinas"],"articleSection":["Geral","iNFRAEnergia"],"inLanguage":"pt-BR","copyrightYear":"2022","copyrightHolder":{"@id":"https:\/\/agenciainfra.com\/blog\/#organization"}},{"@type":"WebPage","@id":"https:\/\/agenciainfra.com\/blog\/agentes-tentam-incluir-atualizacao-tecnologica-das-redes-e-usinas-em-pl-414-de-modernizacao\/","url":"https:\/\/agenciainfra.com\/blog\/agentes-tentam-incluir-atualizacao-tecnologica-das-redes-e-usinas-em-pl-414-de-modernizacao\/","name":"Agentes tentam incluir atualiza\u00e7\u00e3o tecnol\u00f3gica das redes e usinas em PL 414, de moderniza\u00e7\u00e3o - Ag\u00eancia iNFRA","isPartOf":{"@id":"https:\/\/agenciainfra.com\/blog\/#website"},"primaryImageOfPage":{"@id":"https:\/\/agenciainfra.com\/blog\/agentes-tentam-incluir-atualizacao-tecnologica-das-redes-e-usinas-em-pl-414-de-modernizacao\/#primaryimage"},"image":{"@id":"https:\/\/agenciainfra.com\/blog\/agentes-tentam-incluir-atualizacao-tecnologica-das-redes-e-usinas-em-pl-414-de-modernizacao\/#primaryimage"},"thumbnailUrl":"https:\/\/agenciainfra.com\/blog\/wp-content\/uploads\/2022\/04\/medidor-inteligente-de-energia-foto-cemig-divulgacao.png","datePublished":"2022-04-13T11:00:00+00:00","breadcrumb":{"@id":"https:\/\/agenciainfra.com\/blog\/agentes-tentam-incluir-atualizacao-tecnologica-das-redes-e-usinas-em-pl-414-de-modernizacao\/#breadcrumb"},"inLanguage":"pt-BR","potentialAction":[{"@type":"ReadAction","target":["https:\/\/agenciainfra.com\/blog\/agentes-tentam-incluir-atualizacao-tecnologica-das-redes-e-usinas-em-pl-414-de-modernizacao\/"]}]},{"@type":"ImageObject","inLanguage":"pt-BR","@id":"https:\/\/agenciainfra.com\/blog\/agentes-tentam-incluir-atualizacao-tecnologica-das-redes-e-usinas-em-pl-414-de-modernizacao\/#primaryimage","url":"https:\/\/agenciainfra.com\/blog\/wp-content\/uploads\/2022\/04\/medidor-inteligente-de-energia-foto-cemig-divulgacao.png","contentUrl":"https:\/\/agenciainfra.com\/blog\/wp-content\/uploads\/2022\/04\/medidor-inteligente-de-energia-foto-cemig-divulgacao.png","width":1280,"height":958,"caption":"Foto: Divulga\u00e7\u00e3o Cemig"},{"@type":"BreadcrumbList","@id":"https:\/\/agenciainfra.com\/blog\/agentes-tentam-incluir-atualizacao-tecnologica-das-redes-e-usinas-em-pl-414-de-modernizacao\/#breadcrumb","itemListElement":[{"@type":"ListItem","position":1,"name":"In\u00edcio","item":"https:\/\/agenciainfra.com\/blog\/"},{"@type":"ListItem","position":2,"name":"Agentes tentam incluir atualiza\u00e7\u00e3o tecnol\u00f3gica das redes e usinas em PL 414, de moderniza\u00e7\u00e3o"}]},{"@type":"WebSite","@id":"https:\/\/agenciainfra.com\/blog\/#website","url":"https:\/\/agenciainfra.com\/blog\/","name":"Ag\u00eancia iNFRA","description":"Multiplataforma de informa\u00e7\u00e3o jornal\u00edstica refer\u00eancia na \u00e1rea de infraestrutura no Brasil!","publisher":{"@id":"https:\/\/agenciainfra.com\/blog\/#organization"},"potentialAction":[{"@type":"SearchAction","target":{"@type":"EntryPoint","urlTemplate":"https:\/\/agenciainfra.com\/blog\/?s={search_term_string}"},"query-input":{"@type":"PropertyValueSpecification","valueRequired":true,"valueName":"search_term_string"}}],"inLanguage":"pt-BR"},{"@type":"Organization","@id":"https:\/\/agenciainfra.com\/blog\/#organization","name":"Ag\u00eancia iNFRA","url":"https:\/\/agenciainfra.com\/blog\/","logo":{"@type":"ImageObject","inLanguage":"pt-BR","@id":"https:\/\/agenciainfra.com\/blog\/#\/schema\/logo\/image\/","url":"https:\/\/agenciainfra.com\/blog\/wp-content\/uploads\/2023\/09\/iNFRA_5-e1761735885940.png","contentUrl":"https:\/\/agenciainfra.com\/blog\/wp-content\/uploads\/2023\/09\/iNFRA_5-e1761735885940.png","width":1672,"height":454,"caption":"Ag\u00eancia iNFRA"},"image":{"@id":"https:\/\/agenciainfra.com\/blog\/#\/schema\/logo\/image\/"},"sameAs":["https:\/\/www.facebook.com\/ageninfra","https:\/\/x.com\/agencia_infra","https:\/\/www.linkedin.com\/company\/ag\u00eanciainfra\/","https:\/\/www.instagram.com\/agenciainfra\/"]},{"@type":"Person","@id":"https:\/\/agenciainfra.com\/blog\/#\/schema\/person\/34af08dff6adea4cb22b06612ba7acfa","name":"Ag\u00eancia iNFRA","image":{"@type":"ImageObject","inLanguage":"pt-BR","@id":"https:\/\/agenciainfra.com\/blog\/#\/schema\/person\/image\/","url":"https:\/\/secure.gravatar.com\/avatar\/d189e01678f06d8eb84d4e01f08eb848b3fffe3f8443818d3c356c66892f5be8?s=96&d=mm&r=g","contentUrl":"https:\/\/secure.gravatar.com\/avatar\/d189e01678f06d8eb84d4e01f08eb848b3fffe3f8443818d3c356c66892f5be8?s=96&d=mm&r=g","caption":"Ag\u00eancia iNFRA"},"url":"https:\/\/agenciainfra.com\/blog\/author\/admin\/"}]}},"_links":{"self":[{"href":"https:\/\/agenciainfra.com\/blog\/wp-json\/wp\/v2\/posts\/10080","targetHints":{"allow":["GET"]}}],"collection":[{"href":"https:\/\/agenciainfra.com\/blog\/wp-json\/wp\/v2\/posts"}],"about":[{"href":"https:\/\/agenciainfra.com\/blog\/wp-json\/wp\/v2\/types\/post"}],"author":[{"embeddable":true,"href":"https:\/\/agenciainfra.com\/blog\/wp-json\/wp\/v2\/users\/1"}],"replies":[{"embeddable":true,"href":"https:\/\/agenciainfra.com\/blog\/wp-json\/wp\/v2\/comments?post=10080"}],"version-history":[{"count":0,"href":"https:\/\/agenciainfra.com\/blog\/wp-json\/wp\/v2\/posts\/10080\/revisions"}],"wp:featuredmedia":[{"embeddable":true,"href":"https:\/\/agenciainfra.com\/blog\/wp-json\/wp\/v2\/media\/10081"}],"wp:attachment":[{"href":"https:\/\/agenciainfra.com\/blog\/wp-json\/wp\/v2\/media?parent=10080"}],"wp:term":[{"taxonomy":"category","embeddable":true,"href":"https:\/\/agenciainfra.com\/blog\/wp-json\/wp\/v2\/categories?post=10080"},{"taxonomy":"post_tag","embeddable":true,"href":"https:\/\/agenciainfra.com\/blog\/wp-json\/wp\/v2\/tags?post=10080"}],"curies":[{"name":"wp","href":"https:\/\/api.w.org\/{rel}","templated":true}]}}