{"id":10122,"date":"2022-04-19T08:00:00","date_gmt":"2022-04-19T11:00:00","guid":{"rendered":"https:\/\/www.agenciainfra.com\/blog\/?p=10122"},"modified":"2022-04-18T12:03:13","modified_gmt":"2022-04-18T15:03:13","slug":"audiencia-sobre-novo-terminal-de-conteineres-de-santos-tera-disputa-sobre-verticalizacao","status":"publish","type":"post","link":"https:\/\/agenciainfra.com\/blog\/audiencia-sobre-novo-terminal-de-conteineres-de-santos-tera-disputa-sobre-verticalizacao\/","title":{"rendered":"Audi\u00eancia sobre novo terminal de cont\u00eaineres de Santos ter\u00e1 disputa sobre verticaliza\u00e7\u00e3o"},"content":{"rendered":"\n<p class=\"has-text-align-right\"><strong>Dimmi Amora, da Ag\u00eancia iNFRA<\/strong><\/p>\n\n\n\n<p>A verticaliza\u00e7\u00e3o do setor de transporte e armazenagem de cont\u00eaineres ser\u00e1 o grande ponto de debates na sess\u00e3o presencial da&nbsp;<a rel=\"noreferrer noopener\" href=\"https:\/\/agenciainfra.us14.list-manage.com\/track\/click?u=d460dd1bcf9ba0ae040e1fc0f&amp;id=203163ce7c&amp;e=8d54f1ad19\" target=\"_blank\">Audi\u00eancia P\u00fablica 6\/2022<\/a>&nbsp;da ANTAQ (Ag\u00eancia Nacional de Transportes Aquavi\u00e1rios), prevista para hoje (19), \u00e0s 10h, para tratar da proposta de arrendamento do STS10, o novo terminal de cont\u00eaineres no porto de Santos (SP).&nbsp;<\/p>\n\n\n\n<p>De um lado, est\u00e1 a defesa da proposta do governo de fazer uma limita\u00e7\u00e3o de participa\u00e7\u00e3o apenas de uma das atuais grandes operadoras de cont\u00eainer do porto, a BTP. De outro, empresas demandam por meio&nbsp;de associa\u00e7\u00f5es do setor que essa restri\u00e7\u00e3o se amplie aos atuais controladores da BTP, a TiL (Terminal Investment Limited), do grupo Maersk, e a APM Terminals, do grupo MSC.<\/p>\n\n\n\n<p>A proposta do governo, conforme mostrou reportagem da&nbsp;<strong>Ag\u00eancia iNFRA<\/strong>, dispon\u00edvel&nbsp;<a href=\"https:\/\/agenciainfra.us14.list-manage.com\/track\/click?u=d460dd1bcf9ba0ae040e1fc0f&amp;id=6348bac1ce&amp;e=8d54f1ad19\" target=\"_blank\" rel=\"noreferrer noopener\">neste link<\/a>, \u00e9 que somente haja restri\u00e7\u00e3o a um cons\u00f3rcio formado por qualquer das companhias controladas por Maersk ou MSC para entrar no STS10. Se forem sozinhas, elas podem entrar na disputa.<\/p>\n\n\n\n<p>Essa disputa est\u00e1 num contexto internacional de tentativa de restri\u00e7\u00e3o da verticaliza\u00e7\u00e3o dos armadores de cont\u00eaineres (quando eles tamb\u00e9m s\u00e3o donos de terminais) e suas opera\u00e7\u00f5es em conjunto por parte de \u00f3rg\u00e3os reguladores de concorr\u00eancia na Europa e nos EUA.<\/p>\n\n\n\n<p>No Brasil, h\u00e1 uma investiga\u00e7\u00e3o no Cade (Conselho Administrativo de Defesa Econ\u00f4mica) sobre o tema, a pedido da Abtra (Associa\u00e7\u00e3o Brasileira de Terminais e Recintos Alfandegados). Nela, foi apresentado um parecer assinado pelos economistas Paulo Springer de Freitas, Luiz Alberto Esteves e Marcio de Oliveira Junior, os dois \u00faltimos ex-economista-chefe e ex-presidente do Cade.<\/p>\n\n\n\n<p><strong>Self preferencing<\/strong><br>No trabalho, eles indicam que no caso de a BTP ou qualquer dos armadores que a controlam vencer a disputa, as chances de se ampliar o que \u00e9 classificado como conduta de self preferencing adotada atualmente por Maersk e APM Terminals em Santos vai se ampliar.<\/p>\n\n\n\n<p>&#8220;Uma licita\u00e7\u00e3o de infraestrutura deve ter como princ\u00edpio norteador o aumento da competi\u00e7\u00e3o, com consequente ganhos de efici\u00eancia. No caso de Sabo\u00f3, contudo, a vit\u00f3ria de Maersk\/APMT, MSC\/TIL e\/ou BTP, seja por meio de participa\u00e7\u00e3o conjunta, seja por atua\u00e7\u00e3o independente das partes, resultar\u00e1 em deteriora\u00e7\u00e3o das condi\u00e7\u00f5es de concorr\u00eancia no Porto de Santos&#8221;, conclui o trabalho.<\/p>\n\n\n\n<p>Ao longo do estudo, s\u00e3o apresentados v\u00e1rios n\u00fameros indicando que os navios da Maersk e da MSC e suas subsidi\u00e1rias de navega\u00e7\u00e3o usam preferencialmente o terminal da BTP, especialmente para operar com cont\u00eaineres de maior valor agregado.&nbsp;<\/p>\n\n\n\n<p><strong>Chances de atraca\u00e7\u00f5es<\/strong><br>Isso ocorre, de acordo com o trabalho, mesmo sem o BTP ser o terminal mais eficiente em opera\u00e7\u00e3o no porto, que tem outros dois terminais de cont\u00eaineres de grande porte que n\u00e3o s\u00e3o associados a empresas de navega\u00e7\u00e3o, o Santos Brasil e DPWorld.&nbsp;As atraca\u00e7\u00f5es nos outros dois terminais de cont\u00eaineres t\u00eam mais chances de ocorrer, segundo o levantamento, quando o terminal da BTP j\u00e1 est\u00e1 com seus ber\u00e7os de atraca\u00e7\u00e3o cheios.&nbsp;<\/p>\n\n\n\n<p>&#8220;Mais de 2\/3 das atraca\u00e7\u00f5es de navios Maersk\/MSC na Santos Brasil ou na DPW ocorrem quando h\u00e1 pelo menos dois dos tr\u00eas ber\u00e7os da BTP ocupados&#8221;, mostra o trabalho.<\/p>\n\n\n\n<p>Isso indica, para os autores, que se ocorrer uma maior capacidade para alguma das empresas associadas ao BTP, haver\u00e1 amplia\u00e7\u00e3o da conduta de self-preferencing. O s\u00f3cio de Caminati Bueno Advogados, Eduardo Caminatti, advogado que representa a Abtra no processo no Cade, defendeu que a conduta classificada como anticompetitiva s\u00f3 n\u00e3o \u00e9 maior porque o BTP n\u00e3o tem mais espa\u00e7o. Por isso o pedido para que suas controladoras sejam impedidas.<\/p>\n\n\n\n<p>O parecer foi levado ao processo do Cade onde a BTP e suas associadas negam qualquer pr\u00e1tica anticoncorrencial. N\u00e3o h\u00e1 ainda decis\u00e3o do \u00f3rg\u00e3o de defesa da concorr\u00eancia sobre o tema. Caminatti afirmou que h\u00e1 mais de um ano foi pedida pela associa\u00e7\u00e3o uma medida preventiva no processo, o que n\u00e3o ocorreu.<\/p>\n\n\n\n<p>&#8220;Apesar da compet\u00eancia e da qualifica\u00e7\u00e3o t\u00e9cnica de nossos \u00f3rg\u00e3os reguladores, investiga\u00e7\u00f5es e processos relacionados a condutas anticompetitivas tendem a ser um pouco morosos, inclusive pela complexidade do tema&#8221;, disse o advogado.&nbsp;<\/p>\n\n\n\n<p><strong>Redu\u00e7\u00e3o de pre\u00e7os<\/strong><br>A BTP havia encomendado estudo, de\u00a0Peter W. de\u00a0Langen, consultor na \u00e1rea de portos e log\u00edstica e professor da Copenhagen\u00a0Business\u00a0School, indicando que o porto de Santos tem concorr\u00eancia em n\u00edvel com o de grandes portos internacionais. A reportagem sobre o tema est\u00e1\u00a0<a rel=\"noreferrer noopener\" href=\"https:\/\/agenciainfra.us14.list-manage.com\/track\/click?u=d460dd1bcf9ba0ae040e1fc0f&amp;id=1e3da6c15b&amp;e=8d54f1ad19\" target=\"_blank\">neste link<\/a>.<\/p>\n\n\n\n<p>Outro trabalho, de mar\u00e7o de 2022, da Portplan&nbsp;Consultoria, Planejamento e Engenharia Portu\u00e1ria, assinado pelo diretor Guilherme Soares de S\u00e1 Peixoto, engenheiro e ex-diretor da Libra Terminais, indica que a entrada do BTP no porto de Santos ampliou a concorr\u00eancia e fez com que os pre\u00e7os pagos pelos usu\u00e1rios pelos cont\u00eaineres baixassem de uma m\u00e9dia de US$ 399 em 1998 para US$ 108 em 2021.<\/p>\n\n\n\n<p>Outro dado do levantamento \u00e9 que o tempo m\u00e9dio de espera dos navios de cont\u00eaineres caiu de 34 horas em 1996 para 21 horas em 2021, o que daria uma economia anual da ordem de US$ 134 milh\u00f5es.<\/p>\n\n\n\n<p>Patr\u00edcio J\u00fanior,&nbsp;diretor de investimentos e terminais da multinacional&nbsp;TiL, diz que, mesmo com a vit\u00f3ria de um dos atuais acionistas da BTP, haver\u00e1 mais competi\u00e7\u00e3o no porto de Santos com a implanta\u00e7\u00e3o do STS10.<\/p>\n\n\n\n<p>Segundo ele, a verticaliza\u00e7\u00e3o \u00e9 um processo que acontece em v\u00e1rias cadeias produtivas no mundo. Ele cita recentes informa\u00e7\u00f5es de que redes de supermercados e lojas online est\u00e3o se utilizando de navios e avi\u00f5es pr\u00f3prios, para defender que o processo pode ser ben\u00e9fico ao consumidor, lembrando a redu\u00e7\u00e3o de custo da movimenta\u00e7\u00e3o de cont\u00eaineres em Santos.<\/p>\n\n\n\n<p><strong>&#8220;Cavaleiros do apocalipse&#8221;<\/strong><br>Ele recorda ainda que, quando o BTP e o DPW iniciaram suas opera\u00e7\u00f5es em Santos, na d\u00e9cada passada, havia &#8220;cavaleiros do apocalipse&#8221; defendendo que o porto entraria em colapso com esses novos operadores.<\/p>\n\n\n\n<p>&#8220;Voc\u00ea pode imaginar o porto de Santos sem esses dois operadores hoje? Seria o caos&#8221;, afirmou J\u00fanior.<br>O diretor da TiL afirmou ainda que as empresas de navega\u00e7\u00e3o fazem seus acordos de prefer\u00eancia por meio de contratos com dois anos de dura\u00e7\u00e3o, os chamados TSA (Terminal Service Agreement), que levam em conta an\u00e1lise de pre\u00e7o e qualidade de servi\u00e7o.<\/p>\n\n\n\n<p>De acordo com ele, em Santos, h\u00e1 opera\u00e7\u00f5es dos armadores donos do BTP nos outros terminais concorrentes. E outros armadores n\u00e3o atracam no BTP e usam preferencialmente os outros terminais.<\/p>\n\n\n\n<p>&#8220;N\u00f3s queremos competir. Se a tentativa for ganhar mais com inefici\u00eancia,&nbsp;vamos ter problemas s\u00e9rios. Queremos ganhar muito, com muito mais efici\u00eancia, fazendo o consumidor pagar menos em um volume maior&#8221;, afirmou J\u00fanior.<\/p>\n","protected":false},"excerpt":{"rendered":"<p>Dimmi Amora, da Ag\u00eancia iNFRA A verticaliza\u00e7\u00e3o do setor de transporte e armazenagem de cont\u00eaineres ser\u00e1 o grande ponto de debates na sess\u00e3o presencial da&nbsp;Audi\u00eancia P\u00fablica 6\/2022&nbsp;da ANTAQ (Ag\u00eancia Nacional de Transportes Aquavi\u00e1rios), prevista para hoje (19), \u00e0s 10h, para tratar da proposta de arrendamento do STS10, o novo terminal de cont\u00eaineres no porto de [&hellip;]<\/p>\n","protected":false},"author":1,"featured_media":6040,"comment_status":"closed","ping_status":"closed","sticky":false,"template":"","format":"standard","meta":{"_monsterinsights_skip_tracking":false,"_monsterinsights_sitenote_active":false,"_monsterinsights_sitenote_note":"","_monsterinsights_sitenote_category":0,"footnotes":""},"categories":[1,7],"tags":[86,371,34,260,4101,623,1634,4451,1059,70],"class_list":["post-10122","post","type-post","status-publish","format-standard","has-post-thumbnail","hentry","category-geral","category-infratransporte","tag-antaq","tag-cade","tag-infraestrutura","tag-porto-de-santos","tag-sts10","tag-terminais-portuarios","tag-terminal-de-conteineres","tag-til","tag-transporte-de-cargas","tag-transportes"],"yoast_head":"<!-- This site is optimized with the Yoast SEO Premium plugin v25.4 (Yoast SEO v26.0) - https:\/\/yoast.com\/wordpress\/plugins\/seo\/ -->\n<title>Audi\u00eancia sobre novo terminal de cont\u00eaineres de Santos ter\u00e1 disputa sobre verticaliza\u00e7\u00e3o - Ag\u00eancia iNFRA<\/title>\n<meta name=\"robots\" content=\"index, follow, max-snippet:-1, max-image-preview:large, max-video-preview:-1\" \/>\n<link rel=\"canonical\" href=\"https:\/\/agenciainfra.com\/blog\/audiencia-sobre-novo-terminal-de-conteineres-de-santos-tera-disputa-sobre-verticalizacao\/\" \/>\n<meta property=\"og:locale\" content=\"pt_BR\" \/>\n<meta property=\"og:type\" content=\"article\" \/>\n<meta property=\"og:title\" content=\"Audi\u00eancia sobre novo terminal de cont\u00eaineres de Santos ter\u00e1 disputa sobre verticaliza\u00e7\u00e3o\" \/>\n<meta property=\"og:description\" content=\"Dimmi Amora, da Ag\u00eancia iNFRA A verticaliza\u00e7\u00e3o do setor de transporte e armazenagem de cont\u00eaineres ser\u00e1 o grande ponto de debates na sess\u00e3o presencial da&nbsp;Audi\u00eancia P\u00fablica 6\/2022&nbsp;da ANTAQ (Ag\u00eancia Nacional de Transportes Aquavi\u00e1rios), prevista para hoje (19), \u00e0s 10h, para tratar da proposta de arrendamento do STS10, o novo terminal de cont\u00eaineres no porto de [&hellip;]\" \/>\n<meta property=\"og:url\" content=\"https:\/\/agenciainfra.com\/blog\/audiencia-sobre-novo-terminal-de-conteineres-de-santos-tera-disputa-sobre-verticalizacao\/\" \/>\n<meta property=\"og:site_name\" content=\"Ag\u00eancia iNFRA\" \/>\n<meta property=\"article:publisher\" content=\"https:\/\/www.facebook.com\/ageninfra\" \/>\n<meta property=\"article:published_time\" content=\"2022-04-19T11:00:00+00:00\" \/>\n<meta property=\"og:image\" content=\"https:\/\/agenciainfra.com\/blog\/wp-content\/uploads\/2020\/10\/porto-de-santos-foto-spa.jpg\" \/>\n\t<meta property=\"og:image:width\" content=\"1280\" \/>\n\t<meta property=\"og:image:height\" content=\"859\" \/>\n\t<meta property=\"og:image:type\" content=\"image\/jpeg\" \/>\n<meta name=\"author\" content=\"Ag\u00eancia iNFRA\" \/>\n<meta name=\"twitter:card\" content=\"summary_large_image\" \/>\n<meta name=\"twitter:creator\" content=\"@agencia_infra\" \/>\n<meta name=\"twitter:site\" content=\"@agencia_infra\" \/>\n<meta name=\"twitter:label1\" content=\"Escrito por\" \/>\n\t<meta name=\"twitter:data1\" content=\"Ag\u00eancia iNFRA\" \/>\n\t<meta name=\"twitter:label2\" content=\"Est. tempo de leitura\" \/>\n\t<meta name=\"twitter:data2\" content=\"6 minutos\" \/>\n<script type=\"application\/ld+json\" class=\"yoast-schema-graph\">{\"@context\":\"https:\/\/schema.org\",\"@graph\":[{\"@type\":\"Article\",\"@id\":\"https:\/\/agenciainfra.com\/blog\/audiencia-sobre-novo-terminal-de-conteineres-de-santos-tera-disputa-sobre-verticalizacao\/#article\",\"isPartOf\":{\"@id\":\"https:\/\/agenciainfra.com\/blog\/audiencia-sobre-novo-terminal-de-conteineres-de-santos-tera-disputa-sobre-verticalizacao\/\"},\"author\":{\"name\":\"Ag\u00eancia iNFRA\",\"@id\":\"https:\/\/agenciainfra.com\/blog\/#\/schema\/person\/34af08dff6adea4cb22b06612ba7acfa\"},\"headline\":\"Audi\u00eancia sobre novo terminal de cont\u00eaineres de Santos ter\u00e1 disputa sobre verticaliza\u00e7\u00e3o\",\"datePublished\":\"2022-04-19T11:00:00+00:00\",\"mainEntityOfPage\":{\"@id\":\"https:\/\/agenciainfra.com\/blog\/audiencia-sobre-novo-terminal-de-conteineres-de-santos-tera-disputa-sobre-verticalizacao\/\"},\"wordCount\":1197,\"publisher\":{\"@id\":\"https:\/\/agenciainfra.com\/blog\/#organization\"},\"image\":{\"@id\":\"https:\/\/agenciainfra.com\/blog\/audiencia-sobre-novo-terminal-de-conteineres-de-santos-tera-disputa-sobre-verticalizacao\/#primaryimage\"},\"thumbnailUrl\":\"https:\/\/agenciainfra.com\/blog\/wp-content\/uploads\/2020\/10\/porto-de-santos-foto-spa.jpg\",\"keywords\":[\"ANTAQ\",\"Cade\",\"Infraestrutura\",\"Porto de Santos\",\"STS10\",\"terminais portu\u00e1rios\",\"terminal de cont\u00eaineres\",\"TiL\",\"transporte de cargas\",\"transportes\"],\"articleSection\":[\"Geral\",\"iNFRATransporte\"],\"inLanguage\":\"pt-BR\",\"copyrightYear\":\"2022\",\"copyrightHolder\":{\"@id\":\"https:\/\/agenciainfra.com\/blog\/#organization\"}},{\"@type\":\"WebPage\",\"@id\":\"https:\/\/agenciainfra.com\/blog\/audiencia-sobre-novo-terminal-de-conteineres-de-santos-tera-disputa-sobre-verticalizacao\/\",\"url\":\"https:\/\/agenciainfra.com\/blog\/audiencia-sobre-novo-terminal-de-conteineres-de-santos-tera-disputa-sobre-verticalizacao\/\",\"name\":\"Audi\u00eancia sobre novo terminal de cont\u00eaineres de Santos ter\u00e1 disputa sobre verticaliza\u00e7\u00e3o - Ag\u00eancia iNFRA\",\"isPartOf\":{\"@id\":\"https:\/\/agenciainfra.com\/blog\/#website\"},\"primaryImageOfPage\":{\"@id\":\"https:\/\/agenciainfra.com\/blog\/audiencia-sobre-novo-terminal-de-conteineres-de-santos-tera-disputa-sobre-verticalizacao\/#primaryimage\"},\"image\":{\"@id\":\"https:\/\/agenciainfra.com\/blog\/audiencia-sobre-novo-terminal-de-conteineres-de-santos-tera-disputa-sobre-verticalizacao\/#primaryimage\"},\"thumbnailUrl\":\"https:\/\/agenciainfra.com\/blog\/wp-content\/uploads\/2020\/10\/porto-de-santos-foto-spa.jpg\",\"datePublished\":\"2022-04-19T11:00:00+00:00\",\"breadcrumb\":{\"@id\":\"https:\/\/agenciainfra.com\/blog\/audiencia-sobre-novo-terminal-de-conteineres-de-santos-tera-disputa-sobre-verticalizacao\/#breadcrumb\"},\"inLanguage\":\"pt-BR\",\"potentialAction\":[{\"@type\":\"ReadAction\",\"target\":[\"https:\/\/agenciainfra.com\/blog\/audiencia-sobre-novo-terminal-de-conteineres-de-santos-tera-disputa-sobre-verticalizacao\/\"]}]},{\"@type\":\"ImageObject\",\"inLanguage\":\"pt-BR\",\"@id\":\"https:\/\/agenciainfra.com\/blog\/audiencia-sobre-novo-terminal-de-conteineres-de-santos-tera-disputa-sobre-verticalizacao\/#primaryimage\",\"url\":\"https:\/\/agenciainfra.com\/blog\/wp-content\/uploads\/2020\/10\/porto-de-santos-foto-spa.jpg\",\"contentUrl\":\"https:\/\/agenciainfra.com\/blog\/wp-content\/uploads\/2020\/10\/porto-de-santos-foto-spa.jpg\",\"width\":1280,\"height\":859,\"caption\":\"Foto: APS\"},{\"@type\":\"BreadcrumbList\",\"@id\":\"https:\/\/agenciainfra.com\/blog\/audiencia-sobre-novo-terminal-de-conteineres-de-santos-tera-disputa-sobre-verticalizacao\/#breadcrumb\",\"itemListElement\":[{\"@type\":\"ListItem\",\"position\":1,\"name\":\"In\u00edcio\",\"item\":\"https:\/\/agenciainfra.com\/blog\/\"},{\"@type\":\"ListItem\",\"position\":2,\"name\":\"Audi\u00eancia sobre novo terminal de cont\u00eaineres de Santos ter\u00e1 disputa sobre verticaliza\u00e7\u00e3o\"}]},{\"@type\":\"WebSite\",\"@id\":\"https:\/\/agenciainfra.com\/blog\/#website\",\"url\":\"https:\/\/agenciainfra.com\/blog\/\",\"name\":\"Ag\u00eancia iNFRA\",\"description\":\"Multiplataforma de informa\u00e7\u00e3o jornal\u00edstica refer\u00eancia na \u00e1rea de infraestrutura no Brasil!\",\"publisher\":{\"@id\":\"https:\/\/agenciainfra.com\/blog\/#organization\"},\"potentialAction\":[{\"@type\":\"SearchAction\",\"target\":{\"@type\":\"EntryPoint\",\"urlTemplate\":\"https:\/\/agenciainfra.com\/blog\/?s={search_term_string}\"},\"query-input\":{\"@type\":\"PropertyValueSpecification\",\"valueRequired\":true,\"valueName\":\"search_term_string\"}}],\"inLanguage\":\"pt-BR\"},{\"@type\":\"Organization\",\"@id\":\"https:\/\/agenciainfra.com\/blog\/#organization\",\"name\":\"Ag\u00eancia iNFRA\",\"url\":\"https:\/\/agenciainfra.com\/blog\/\",\"logo\":{\"@type\":\"ImageObject\",\"inLanguage\":\"pt-BR\",\"@id\":\"https:\/\/agenciainfra.com\/blog\/#\/schema\/logo\/image\/\",\"url\":\"https:\/\/agenciainfra.com\/blog\/wp-content\/uploads\/2023\/09\/iNFRA_5-e1761735885940.png\",\"contentUrl\":\"https:\/\/agenciainfra.com\/blog\/wp-content\/uploads\/2023\/09\/iNFRA_5-e1761735885940.png\",\"width\":1672,\"height\":454,\"caption\":\"Ag\u00eancia iNFRA\"},\"image\":{\"@id\":\"https:\/\/agenciainfra.com\/blog\/#\/schema\/logo\/image\/\"},\"sameAs\":[\"https:\/\/www.facebook.com\/ageninfra\",\"https:\/\/x.com\/agencia_infra\",\"https:\/\/www.linkedin.com\/company\/ag\u00eanciainfra\/\",\"https:\/\/www.instagram.com\/agenciainfra\/\"]},{\"@type\":\"Person\",\"@id\":\"https:\/\/agenciainfra.com\/blog\/#\/schema\/person\/34af08dff6adea4cb22b06612ba7acfa\",\"name\":\"Ag\u00eancia iNFRA\",\"image\":{\"@type\":\"ImageObject\",\"inLanguage\":\"pt-BR\",\"@id\":\"https:\/\/agenciainfra.com\/blog\/#\/schema\/person\/image\/\",\"url\":\"https:\/\/secure.gravatar.com\/avatar\/d189e01678f06d8eb84d4e01f08eb848b3fffe3f8443818d3c356c66892f5be8?s=96&d=mm&r=g\",\"contentUrl\":\"https:\/\/secure.gravatar.com\/avatar\/d189e01678f06d8eb84d4e01f08eb848b3fffe3f8443818d3c356c66892f5be8?s=96&d=mm&r=g\",\"caption\":\"Ag\u00eancia iNFRA\"},\"url\":\"https:\/\/agenciainfra.com\/blog\/author\/admin\/\"}]}<\/script>\n<!-- \/ Yoast SEO Premium plugin. -->","yoast_head_json":{"title":"Audi\u00eancia sobre novo terminal de cont\u00eaineres de Santos ter\u00e1 disputa sobre verticaliza\u00e7\u00e3o - Ag\u00eancia iNFRA","robots":{"index":"index","follow":"follow","max-snippet":"max-snippet:-1","max-image-preview":"max-image-preview:large","max-video-preview":"max-video-preview:-1"},"canonical":"https:\/\/agenciainfra.com\/blog\/audiencia-sobre-novo-terminal-de-conteineres-de-santos-tera-disputa-sobre-verticalizacao\/","og_locale":"pt_BR","og_type":"article","og_title":"Audi\u00eancia sobre novo terminal de cont\u00eaineres de Santos ter\u00e1 disputa sobre verticaliza\u00e7\u00e3o","og_description":"Dimmi Amora, da Ag\u00eancia iNFRA A verticaliza\u00e7\u00e3o do setor de transporte e armazenagem de cont\u00eaineres ser\u00e1 o grande ponto de debates na sess\u00e3o presencial da&nbsp;Audi\u00eancia P\u00fablica 6\/2022&nbsp;da ANTAQ (Ag\u00eancia Nacional de Transportes Aquavi\u00e1rios), prevista para hoje (19), \u00e0s 10h, para tratar da proposta de arrendamento do STS10, o novo terminal de cont\u00eaineres no porto de [&hellip;]","og_url":"https:\/\/agenciainfra.com\/blog\/audiencia-sobre-novo-terminal-de-conteineres-de-santos-tera-disputa-sobre-verticalizacao\/","og_site_name":"Ag\u00eancia iNFRA","article_publisher":"https:\/\/www.facebook.com\/ageninfra","article_published_time":"2022-04-19T11:00:00+00:00","og_image":[{"width":1280,"height":859,"url":"https:\/\/agenciainfra.com\/blog\/wp-content\/uploads\/2020\/10\/porto-de-santos-foto-spa.jpg","type":"image\/jpeg"}],"author":"Ag\u00eancia iNFRA","twitter_card":"summary_large_image","twitter_creator":"@agencia_infra","twitter_site":"@agencia_infra","twitter_misc":{"Escrito por":"Ag\u00eancia iNFRA","Est. tempo de leitura":"6 minutos"},"schema":{"@context":"https:\/\/schema.org","@graph":[{"@type":"Article","@id":"https:\/\/agenciainfra.com\/blog\/audiencia-sobre-novo-terminal-de-conteineres-de-santos-tera-disputa-sobre-verticalizacao\/#article","isPartOf":{"@id":"https:\/\/agenciainfra.com\/blog\/audiencia-sobre-novo-terminal-de-conteineres-de-santos-tera-disputa-sobre-verticalizacao\/"},"author":{"name":"Ag\u00eancia iNFRA","@id":"https:\/\/agenciainfra.com\/blog\/#\/schema\/person\/34af08dff6adea4cb22b06612ba7acfa"},"headline":"Audi\u00eancia sobre novo terminal de cont\u00eaineres de Santos ter\u00e1 disputa sobre verticaliza\u00e7\u00e3o","datePublished":"2022-04-19T11:00:00+00:00","mainEntityOfPage":{"@id":"https:\/\/agenciainfra.com\/blog\/audiencia-sobre-novo-terminal-de-conteineres-de-santos-tera-disputa-sobre-verticalizacao\/"},"wordCount":1197,"publisher":{"@id":"https:\/\/agenciainfra.com\/blog\/#organization"},"image":{"@id":"https:\/\/agenciainfra.com\/blog\/audiencia-sobre-novo-terminal-de-conteineres-de-santos-tera-disputa-sobre-verticalizacao\/#primaryimage"},"thumbnailUrl":"https:\/\/agenciainfra.com\/blog\/wp-content\/uploads\/2020\/10\/porto-de-santos-foto-spa.jpg","keywords":["ANTAQ","Cade","Infraestrutura","Porto de Santos","STS10","terminais portu\u00e1rios","terminal de cont\u00eaineres","TiL","transporte de cargas","transportes"],"articleSection":["Geral","iNFRATransporte"],"inLanguage":"pt-BR","copyrightYear":"2022","copyrightHolder":{"@id":"https:\/\/agenciainfra.com\/blog\/#organization"}},{"@type":"WebPage","@id":"https:\/\/agenciainfra.com\/blog\/audiencia-sobre-novo-terminal-de-conteineres-de-santos-tera-disputa-sobre-verticalizacao\/","url":"https:\/\/agenciainfra.com\/blog\/audiencia-sobre-novo-terminal-de-conteineres-de-santos-tera-disputa-sobre-verticalizacao\/","name":"Audi\u00eancia sobre novo terminal de cont\u00eaineres de Santos ter\u00e1 disputa sobre verticaliza\u00e7\u00e3o - Ag\u00eancia iNFRA","isPartOf":{"@id":"https:\/\/agenciainfra.com\/blog\/#website"},"primaryImageOfPage":{"@id":"https:\/\/agenciainfra.com\/blog\/audiencia-sobre-novo-terminal-de-conteineres-de-santos-tera-disputa-sobre-verticalizacao\/#primaryimage"},"image":{"@id":"https:\/\/agenciainfra.com\/blog\/audiencia-sobre-novo-terminal-de-conteineres-de-santos-tera-disputa-sobre-verticalizacao\/#primaryimage"},"thumbnailUrl":"https:\/\/agenciainfra.com\/blog\/wp-content\/uploads\/2020\/10\/porto-de-santos-foto-spa.jpg","datePublished":"2022-04-19T11:00:00+00:00","breadcrumb":{"@id":"https:\/\/agenciainfra.com\/blog\/audiencia-sobre-novo-terminal-de-conteineres-de-santos-tera-disputa-sobre-verticalizacao\/#breadcrumb"},"inLanguage":"pt-BR","potentialAction":[{"@type":"ReadAction","target":["https:\/\/agenciainfra.com\/blog\/audiencia-sobre-novo-terminal-de-conteineres-de-santos-tera-disputa-sobre-verticalizacao\/"]}]},{"@type":"ImageObject","inLanguage":"pt-BR","@id":"https:\/\/agenciainfra.com\/blog\/audiencia-sobre-novo-terminal-de-conteineres-de-santos-tera-disputa-sobre-verticalizacao\/#primaryimage","url":"https:\/\/agenciainfra.com\/blog\/wp-content\/uploads\/2020\/10\/porto-de-santos-foto-spa.jpg","contentUrl":"https:\/\/agenciainfra.com\/blog\/wp-content\/uploads\/2020\/10\/porto-de-santos-foto-spa.jpg","width":1280,"height":859,"caption":"Foto: APS"},{"@type":"BreadcrumbList","@id":"https:\/\/agenciainfra.com\/blog\/audiencia-sobre-novo-terminal-de-conteineres-de-santos-tera-disputa-sobre-verticalizacao\/#breadcrumb","itemListElement":[{"@type":"ListItem","position":1,"name":"In\u00edcio","item":"https:\/\/agenciainfra.com\/blog\/"},{"@type":"ListItem","position":2,"name":"Audi\u00eancia sobre novo terminal de cont\u00eaineres de Santos ter\u00e1 disputa sobre verticaliza\u00e7\u00e3o"}]},{"@type":"WebSite","@id":"https:\/\/agenciainfra.com\/blog\/#website","url":"https:\/\/agenciainfra.com\/blog\/","name":"Ag\u00eancia iNFRA","description":"Multiplataforma de informa\u00e7\u00e3o jornal\u00edstica refer\u00eancia na \u00e1rea de infraestrutura no Brasil!","publisher":{"@id":"https:\/\/agenciainfra.com\/blog\/#organization"},"potentialAction":[{"@type":"SearchAction","target":{"@type":"EntryPoint","urlTemplate":"https:\/\/agenciainfra.com\/blog\/?s={search_term_string}"},"query-input":{"@type":"PropertyValueSpecification","valueRequired":true,"valueName":"search_term_string"}}],"inLanguage":"pt-BR"},{"@type":"Organization","@id":"https:\/\/agenciainfra.com\/blog\/#organization","name":"Ag\u00eancia iNFRA","url":"https:\/\/agenciainfra.com\/blog\/","logo":{"@type":"ImageObject","inLanguage":"pt-BR","@id":"https:\/\/agenciainfra.com\/blog\/#\/schema\/logo\/image\/","url":"https:\/\/agenciainfra.com\/blog\/wp-content\/uploads\/2023\/09\/iNFRA_5-e1761735885940.png","contentUrl":"https:\/\/agenciainfra.com\/blog\/wp-content\/uploads\/2023\/09\/iNFRA_5-e1761735885940.png","width":1672,"height":454,"caption":"Ag\u00eancia iNFRA"},"image":{"@id":"https:\/\/agenciainfra.com\/blog\/#\/schema\/logo\/image\/"},"sameAs":["https:\/\/www.facebook.com\/ageninfra","https:\/\/x.com\/agencia_infra","https:\/\/www.linkedin.com\/company\/ag\u00eanciainfra\/","https:\/\/www.instagram.com\/agenciainfra\/"]},{"@type":"Person","@id":"https:\/\/agenciainfra.com\/blog\/#\/schema\/person\/34af08dff6adea4cb22b06612ba7acfa","name":"Ag\u00eancia iNFRA","image":{"@type":"ImageObject","inLanguage":"pt-BR","@id":"https:\/\/agenciainfra.com\/blog\/#\/schema\/person\/image\/","url":"https:\/\/secure.gravatar.com\/avatar\/d189e01678f06d8eb84d4e01f08eb848b3fffe3f8443818d3c356c66892f5be8?s=96&d=mm&r=g","contentUrl":"https:\/\/secure.gravatar.com\/avatar\/d189e01678f06d8eb84d4e01f08eb848b3fffe3f8443818d3c356c66892f5be8?s=96&d=mm&r=g","caption":"Ag\u00eancia iNFRA"},"url":"https:\/\/agenciainfra.com\/blog\/author\/admin\/"}]}},"_links":{"self":[{"href":"https:\/\/agenciainfra.com\/blog\/wp-json\/wp\/v2\/posts\/10122","targetHints":{"allow":["GET"]}}],"collection":[{"href":"https:\/\/agenciainfra.com\/blog\/wp-json\/wp\/v2\/posts"}],"about":[{"href":"https:\/\/agenciainfra.com\/blog\/wp-json\/wp\/v2\/types\/post"}],"author":[{"embeddable":true,"href":"https:\/\/agenciainfra.com\/blog\/wp-json\/wp\/v2\/users\/1"}],"replies":[{"embeddable":true,"href":"https:\/\/agenciainfra.com\/blog\/wp-json\/wp\/v2\/comments?post=10122"}],"version-history":[{"count":0,"href":"https:\/\/agenciainfra.com\/blog\/wp-json\/wp\/v2\/posts\/10122\/revisions"}],"wp:featuredmedia":[{"embeddable":true,"href":"https:\/\/agenciainfra.com\/blog\/wp-json\/wp\/v2\/media\/6040"}],"wp:attachment":[{"href":"https:\/\/agenciainfra.com\/blog\/wp-json\/wp\/v2\/media?parent=10122"}],"wp:term":[{"taxonomy":"category","embeddable":true,"href":"https:\/\/agenciainfra.com\/blog\/wp-json\/wp\/v2\/categories?post=10122"},{"taxonomy":"post_tag","embeddable":true,"href":"https:\/\/agenciainfra.com\/blog\/wp-json\/wp\/v2\/tags?post=10122"}],"curies":[{"name":"wp","href":"https:\/\/api.w.org\/{rel}","templated":true}]}}