{"id":10135,"date":"2022-04-20T08:00:00","date_gmt":"2022-04-20T11:00:00","guid":{"rendered":"https:\/\/www.agenciainfra.com\/blog\/?p=10135"},"modified":"2022-04-19T08:48:43","modified_gmt":"2022-04-19T11:48:43","slug":"incertezas-trazidas-pela-guerra-na-ucrania-dao-impulso-as-usinas-nucleares-segundo-abdan","status":"publish","type":"post","link":"https:\/\/agenciainfra.com\/blog\/incertezas-trazidas-pela-guerra-na-ucrania-dao-impulso-as-usinas-nucleares-segundo-abdan\/","title":{"rendered":"Incertezas trazidas pela guerra na Ucr\u00e2nia d\u00e3o impulso \u00e0s usinas nucleares, segundo Abdan"},"content":{"rendered":"\n<p class=\"has-text-align-right\"><strong>Antonio Carlos Sil, para a&nbsp;Ag\u00eancia iNFRA<\/strong><\/p>\n\n\n\n<p>A forte depend\u00eancia da Europa pelo g\u00e1s natural vindo da R\u00fassia est\u00e1 provocando uma s\u00e9rie de rea\u00e7\u00f5es entre as autoridades governamentais da regi\u00e3o, levando, entre outras decis\u00f5es, \u00e0 interrup\u00e7\u00e3o do processo de descomissionamento programado de reatores nucleares, caso da Alemanha. Esse movimento, associado ao novo f\u00f4lego que a fonte obteve a partir dos resultados da COP 26, desenha um cen\u00e1rio positivo para novos projetos em \u00e2mbito mundial, incluindo o Brasil, segundo disse o presidente da Abdan (Associa\u00e7\u00e3o Brasileira para o Desenvolvimento de Atividades Nucleares), Celso Cunha, em entrevista \u00e0&nbsp;<strong>Ag\u00eancia iNFRA<\/strong>.<\/p>\n\n\n\n<p>\u201cO g\u00e1s natural j\u00e1 est\u00e1 muito caro. Aqui [a gera\u00e7\u00e3o termoel\u00e9trica] chegou a mais de R$ 2.000\/MWh, enquanto Angra [1 e 2] vende a menos de R$ 400\/MWh\u201d, compara o especialista, para quem o momento \u00e9 de planejamento, porque usinas nucleares s\u00e3o obras de longo prazo.<\/p>\n\n\n\n<p>Segundo ele, gera\u00e7\u00e3o e\u00f3lica e solar t\u00eam o seu papel, mas n\u00e3o se comparam \u00e0s fontes est\u00e1veis, de base, como hidrel\u00e9tricas e t\u00e9rmicas. O PDE (Plano Decenal de Expans\u00e3o de Energia) vers\u00e3o 2031, elaborado pela EPE (Empresa de Pesquisa Energ\u00e9tica), prev\u00ea, por exemplo, 1.000 MW de t\u00e9rmica nuclear na regi\u00e3o Sudeste, ao longo desse horizonte.<\/p>\n\n\n\n<p>Cunha lembra que o panorama para a gera\u00e7\u00e3o nuclear come\u00e7ou mudar a partir das discuss\u00f5es que surgiram na COP 26, no ano passado. Combust\u00edveis f\u00f3sseis e carv\u00e3o foram praticamente condenados, enquanto o g\u00e1s natural, menos poluente, foi eleito como combust\u00edvel de transi\u00e7\u00e3o num processo de maior escala que levaria \u00e0 descarboniza\u00e7\u00e3o programada das matrizes dos pa\u00edses desenvolvidos. Agora, com a crise no Leste Europeu, essa perspectiva tende a ser revista, entende o presidente da Abdan. S\u00f3 a China, lembra, grande consumidora de carv\u00e3o, d\u00e1 conta de que planeja construir 150 reatores em 10 anos.<\/p>\n\n\n\n<p>\u201cNum cen\u00e1rio de guerra, nada \u00e9 f\u00e1cil. \u00c9 imposs\u00edvel prever onde isso vai parar. Temos uma incerteza pela frente e temos que ficar monitorando\u201d, alerta Celso Cunha, em contrapartida. Ele lembra que, recentemente, uma onda de protestos de oper\u00e1rios que trabalham nas minas de ur\u00e2nio do Cazaquist\u00e3o \u2013 pa\u00eds que \u00e9 o maior exportador mundial do mineral estrat\u00e9gico \u2013&nbsp;fez o pre\u00e7o da commodity disparar mais de 40% no mercado internacional, em quest\u00e3o de dias.<\/p>\n\n\n\n<p><strong>&#8220;Small reactors&#8221;<\/strong><br>Por outro lado, Cunha tamb\u00e9m v\u00ea um futuro promissor para a tecnologia dos chamados \u201csmall reactors\u201d, que podem ser transportados e usados em qualquer lugar.&nbsp; Segundo ele, h\u00e1 pelo menos 70 projetos em desenvolvimento pelo mundo, com ampla diversifica\u00e7\u00e3o de potenciais fabricantes. Na Inglaterra, por exemplo, j\u00e1 se planeja a produ\u00e7\u00e3o em s\u00e9rie desse tipo de reator, o que deve contribuir para que chegue ao mercado a pre\u00e7os razo\u00e1veis.<\/p>\n\n\n\n<p>J\u00e1 no que se refere aos grandes reatores, segmento em que competem, palmo a palmo, pesos pesados como EDF (Fran\u00e7a), CNNC (China), KEPC (Coreia do Sul) e Rosatom (R\u00fassia), todas essas companhias, ali\u00e1s, interessadas em vender servi\u00e7os e produtos ao Brasil, o presidente da Abdan&nbsp;aponta que todas elas t\u00eam tecnologia de primeiro n\u00edvel para entrar na disputa. \u201cAlgumas t\u00eam um ou outro produto que se destaca, mas, em geral, elas est\u00e3o equalizadas\u201d, comenta.<\/p>\n\n\n\n<p>Questionado sobre se a onda internacional de san\u00e7\u00f5es contra empresas russas poderia, de alguma forma, atrapalhar os planos da Rosatom no Brasil, Celso Cunha diz que \u2013&nbsp;embora existam riscos \u2013 \u00e9 algo dif\u00edcil de admitir num cen\u00e1rio em que qualquer opini\u00e3o taxativa acaba sendo&nbsp;mera especula\u00e7\u00e3o.&nbsp;<\/p>\n\n\n\n<p>Em rela\u00e7\u00e3o \u00e0 Rosatom, ele afirma que a maior preocupa\u00e7\u00e3o no momento \u00e9 a manuten\u00e7\u00e3o do suprimento de radiois\u00f3topos de uso medicinal, como para tratamento e diagn\u00f3stico de c\u00e2ncer. A Abdan\u00a0soube que a empresa, num esfor\u00e7o log\u00edstico,\u00a0vem trazendo o produto de uma filial fora da R\u00fassia. \u201cO Brasil \u00e9 muito dependente de fornecimento exterior de radiois\u00f3topos. Estamos em contato quase que di\u00e1rio com o presidente da Rosatom Am\u00e9rica Latina\u201d, explicou.<\/p>\n\n\n\n<p>Consultada sobre um eventual risco de ter seus neg\u00f3cios, de alguma forma, interrompidos no Brasil, devido ao ambiente hostil contra companhias russas, a assessoria de imprensa da Rosatom informou que n\u00e3o comenta \u201csitua\u00e7\u00f5es hipot\u00e9ticas\u201d e que, at\u00e9 o momento, \u201cn\u00e3o est\u00e1 na lista de empresas sancionadas de nenhum pa\u00eds\u201d. <\/p>\n","protected":false},"excerpt":{"rendered":"<p>Antonio Carlos Sil, para a&nbsp;Ag\u00eancia iNFRA A forte depend\u00eancia da Europa pelo g\u00e1s natural vindo da R\u00fassia est\u00e1 provocando uma s\u00e9rie de rea\u00e7\u00f5es entre as autoridades governamentais da regi\u00e3o, levando, entre outras decis\u00f5es, \u00e0 interrup\u00e7\u00e3o do processo de descomissionamento programado de reatores nucleares, caso da Alemanha. Esse movimento, associado ao novo f\u00f4lego que a fonte [&hellip;]<\/p>\n","protected":false},"author":1,"featured_media":10136,"comment_status":"closed","ping_status":"closed","sticky":false,"template":"","format":"standard","meta":{"_monsterinsights_skip_tracking":false,"_monsterinsights_sitenote_active":false,"_monsterinsights_sitenote_note":"","_monsterinsights_sitenote_category":0,"footnotes":""},"categories":[1,10],"tags":[5368,5063,25,4448,882,5292,34,1804,2006,5367],"class_list":["post-10135","post","type-post","status-publish","format-standard","has-post-thumbnail","hentry","category-geral","category-infraenergia","tag-brasil-e-russia","tag-cop26","tag-energia","tag-energia-termonuclear","tag-gas-natural","tag-guerra-na-ucrania","tag-infraestrutura","tag-pde","tag-transicao-energetica","tag-usinas-nucleares"],"yoast_head":"<!-- This site is optimized with the Yoast SEO Premium plugin v25.4 (Yoast SEO v26.0) - https:\/\/yoast.com\/wordpress\/plugins\/seo\/ -->\n<title>Incertezas trazidas pela guerra na Ucr\u00e2nia d\u00e3o impulso \u00e0s usinas nucleares, segundo Abdan - Ag\u00eancia iNFRA<\/title>\n<meta name=\"robots\" content=\"index, follow, max-snippet:-1, max-image-preview:large, max-video-preview:-1\" \/>\n<link rel=\"canonical\" href=\"https:\/\/agenciainfra.com\/blog\/incertezas-trazidas-pela-guerra-na-ucrania-dao-impulso-as-usinas-nucleares-segundo-abdan\/\" \/>\n<meta property=\"og:locale\" content=\"pt_BR\" \/>\n<meta property=\"og:type\" content=\"article\" \/>\n<meta property=\"og:title\" content=\"Incertezas trazidas pela guerra na Ucr\u00e2nia d\u00e3o impulso \u00e0s usinas nucleares, segundo Abdan\" \/>\n<meta property=\"og:description\" content=\"Antonio Carlos Sil, para a&nbsp;Ag\u00eancia iNFRA A forte depend\u00eancia da Europa pelo g\u00e1s natural vindo da R\u00fassia est\u00e1 provocando uma s\u00e9rie de rea\u00e7\u00f5es entre as autoridades governamentais da regi\u00e3o, levando, entre outras decis\u00f5es, \u00e0 interrup\u00e7\u00e3o do processo de descomissionamento programado de reatores nucleares, caso da Alemanha. Esse movimento, associado ao novo f\u00f4lego que a fonte [&hellip;]\" \/>\n<meta property=\"og:url\" content=\"https:\/\/agenciainfra.com\/blog\/incertezas-trazidas-pela-guerra-na-ucrania-dao-impulso-as-usinas-nucleares-segundo-abdan\/\" \/>\n<meta property=\"og:site_name\" content=\"Ag\u00eancia iNFRA\" \/>\n<meta property=\"article:publisher\" content=\"https:\/\/www.facebook.com\/ageninfra\" \/>\n<meta property=\"article:published_time\" content=\"2022-04-20T11:00:00+00:00\" \/>\n<meta property=\"og:image\" content=\"https:\/\/agenciainfra.com\/blog\/wp-content\/uploads\/2022\/04\/usina-nuclear-foto-dominio-publico.jpg\" \/>\n\t<meta property=\"og:image:width\" content=\"1920\" \/>\n\t<meta property=\"og:image:height\" content=\"1280\" \/>\n\t<meta property=\"og:image:type\" content=\"image\/jpeg\" \/>\n<meta name=\"author\" content=\"Ag\u00eancia iNFRA\" \/>\n<meta name=\"twitter:card\" content=\"summary_large_image\" \/>\n<meta name=\"twitter:creator\" content=\"@agencia_infra\" \/>\n<meta name=\"twitter:site\" content=\"@agencia_infra\" \/>\n<meta name=\"twitter:label1\" content=\"Escrito por\" \/>\n\t<meta name=\"twitter:data1\" content=\"Ag\u00eancia iNFRA\" \/>\n\t<meta name=\"twitter:label2\" content=\"Est. tempo de leitura\" \/>\n\t<meta name=\"twitter:data2\" content=\"4 minutos\" \/>\n<script type=\"application\/ld+json\" class=\"yoast-schema-graph\">{\"@context\":\"https:\/\/schema.org\",\"@graph\":[{\"@type\":\"Article\",\"@id\":\"https:\/\/agenciainfra.com\/blog\/incertezas-trazidas-pela-guerra-na-ucrania-dao-impulso-as-usinas-nucleares-segundo-abdan\/#article\",\"isPartOf\":{\"@id\":\"https:\/\/agenciainfra.com\/blog\/incertezas-trazidas-pela-guerra-na-ucrania-dao-impulso-as-usinas-nucleares-segundo-abdan\/\"},\"author\":{\"name\":\"Ag\u00eancia iNFRA\",\"@id\":\"https:\/\/agenciainfra.com\/blog\/#\/schema\/person\/34af08dff6adea4cb22b06612ba7acfa\"},\"headline\":\"Incertezas trazidas pela guerra na Ucr\u00e2nia d\u00e3o impulso \u00e0s usinas nucleares, segundo Abdan\",\"datePublished\":\"2022-04-20T11:00:00+00:00\",\"mainEntityOfPage\":{\"@id\":\"https:\/\/agenciainfra.com\/blog\/incertezas-trazidas-pela-guerra-na-ucrania-dao-impulso-as-usinas-nucleares-segundo-abdan\/\"},\"wordCount\":767,\"publisher\":{\"@id\":\"https:\/\/agenciainfra.com\/blog\/#organization\"},\"image\":{\"@id\":\"https:\/\/agenciainfra.com\/blog\/incertezas-trazidas-pela-guerra-na-ucrania-dao-impulso-as-usinas-nucleares-segundo-abdan\/#primaryimage\"},\"thumbnailUrl\":\"https:\/\/agenciainfra.com\/blog\/wp-content\/uploads\/2022\/04\/usina-nuclear-foto-dominio-publico.jpg\",\"keywords\":[\"Brasil e R\u00fassia\",\"COP26\",\"energia\",\"energia termonuclear\",\"g\u00e1s natural\",\"guerra na Ucr\u00e2nia\",\"Infraestrutura\",\"PDE\",\"transi\u00e7\u00e3o energ\u00e9tica\",\"usinas nucleares\"],\"articleSection\":[\"Geral\",\"iNFRAEnergia\"],\"inLanguage\":\"pt-BR\",\"copyrightYear\":\"2022\",\"copyrightHolder\":{\"@id\":\"https:\/\/agenciainfra.com\/blog\/#organization\"}},{\"@type\":\"WebPage\",\"@id\":\"https:\/\/agenciainfra.com\/blog\/incertezas-trazidas-pela-guerra-na-ucrania-dao-impulso-as-usinas-nucleares-segundo-abdan\/\",\"url\":\"https:\/\/agenciainfra.com\/blog\/incertezas-trazidas-pela-guerra-na-ucrania-dao-impulso-as-usinas-nucleares-segundo-abdan\/\",\"name\":\"Incertezas trazidas pela guerra na Ucr\u00e2nia d\u00e3o impulso \u00e0s usinas nucleares, segundo Abdan - Ag\u00eancia iNFRA\",\"isPartOf\":{\"@id\":\"https:\/\/agenciainfra.com\/blog\/#website\"},\"primaryImageOfPage\":{\"@id\":\"https:\/\/agenciainfra.com\/blog\/incertezas-trazidas-pela-guerra-na-ucrania-dao-impulso-as-usinas-nucleares-segundo-abdan\/#primaryimage\"},\"image\":{\"@id\":\"https:\/\/agenciainfra.com\/blog\/incertezas-trazidas-pela-guerra-na-ucrania-dao-impulso-as-usinas-nucleares-segundo-abdan\/#primaryimage\"},\"thumbnailUrl\":\"https:\/\/agenciainfra.com\/blog\/wp-content\/uploads\/2022\/04\/usina-nuclear-foto-dominio-publico.jpg\",\"datePublished\":\"2022-04-20T11:00:00+00:00\",\"breadcrumb\":{\"@id\":\"https:\/\/agenciainfra.com\/blog\/incertezas-trazidas-pela-guerra-na-ucrania-dao-impulso-as-usinas-nucleares-segundo-abdan\/#breadcrumb\"},\"inLanguage\":\"pt-BR\",\"potentialAction\":[{\"@type\":\"ReadAction\",\"target\":[\"https:\/\/agenciainfra.com\/blog\/incertezas-trazidas-pela-guerra-na-ucrania-dao-impulso-as-usinas-nucleares-segundo-abdan\/\"]}]},{\"@type\":\"ImageObject\",\"inLanguage\":\"pt-BR\",\"@id\":\"https:\/\/agenciainfra.com\/blog\/incertezas-trazidas-pela-guerra-na-ucrania-dao-impulso-as-usinas-nucleares-segundo-abdan\/#primaryimage\",\"url\":\"https:\/\/agenciainfra.com\/blog\/wp-content\/uploads\/2022\/04\/usina-nuclear-foto-dominio-publico.jpg\",\"contentUrl\":\"https:\/\/agenciainfra.com\/blog\/wp-content\/uploads\/2022\/04\/usina-nuclear-foto-dominio-publico.jpg\",\"width\":1920,\"height\":1280},{\"@type\":\"BreadcrumbList\",\"@id\":\"https:\/\/agenciainfra.com\/blog\/incertezas-trazidas-pela-guerra-na-ucrania-dao-impulso-as-usinas-nucleares-segundo-abdan\/#breadcrumb\",\"itemListElement\":[{\"@type\":\"ListItem\",\"position\":1,\"name\":\"In\u00edcio\",\"item\":\"https:\/\/agenciainfra.com\/blog\/\"},{\"@type\":\"ListItem\",\"position\":2,\"name\":\"Incertezas trazidas pela guerra na Ucr\u00e2nia d\u00e3o impulso \u00e0s usinas nucleares, segundo Abdan\"}]},{\"@type\":\"WebSite\",\"@id\":\"https:\/\/agenciainfra.com\/blog\/#website\",\"url\":\"https:\/\/agenciainfra.com\/blog\/\",\"name\":\"Ag\u00eancia iNFRA\",\"description\":\"Multiplataforma de informa\u00e7\u00e3o jornal\u00edstica refer\u00eancia na \u00e1rea de infraestrutura no Brasil!\",\"publisher\":{\"@id\":\"https:\/\/agenciainfra.com\/blog\/#organization\"},\"potentialAction\":[{\"@type\":\"SearchAction\",\"target\":{\"@type\":\"EntryPoint\",\"urlTemplate\":\"https:\/\/agenciainfra.com\/blog\/?s={search_term_string}\"},\"query-input\":{\"@type\":\"PropertyValueSpecification\",\"valueRequired\":true,\"valueName\":\"search_term_string\"}}],\"inLanguage\":\"pt-BR\"},{\"@type\":\"Organization\",\"@id\":\"https:\/\/agenciainfra.com\/blog\/#organization\",\"name\":\"Ag\u00eancia iNFRA\",\"url\":\"https:\/\/agenciainfra.com\/blog\/\",\"logo\":{\"@type\":\"ImageObject\",\"inLanguage\":\"pt-BR\",\"@id\":\"https:\/\/agenciainfra.com\/blog\/#\/schema\/logo\/image\/\",\"url\":\"https:\/\/agenciainfra.com\/blog\/wp-content\/uploads\/2023\/09\/iNFRA_5-e1761735885940.png\",\"contentUrl\":\"https:\/\/agenciainfra.com\/blog\/wp-content\/uploads\/2023\/09\/iNFRA_5-e1761735885940.png\",\"width\":1672,\"height\":454,\"caption\":\"Ag\u00eancia iNFRA\"},\"image\":{\"@id\":\"https:\/\/agenciainfra.com\/blog\/#\/schema\/logo\/image\/\"},\"sameAs\":[\"https:\/\/www.facebook.com\/ageninfra\",\"https:\/\/x.com\/agencia_infra\",\"https:\/\/www.linkedin.com\/company\/ag\u00eanciainfra\/\",\"https:\/\/www.instagram.com\/agenciainfra\/\"]},{\"@type\":\"Person\",\"@id\":\"https:\/\/agenciainfra.com\/blog\/#\/schema\/person\/34af08dff6adea4cb22b06612ba7acfa\",\"name\":\"Ag\u00eancia iNFRA\",\"image\":{\"@type\":\"ImageObject\",\"inLanguage\":\"pt-BR\",\"@id\":\"https:\/\/agenciainfra.com\/blog\/#\/schema\/person\/image\/\",\"url\":\"https:\/\/secure.gravatar.com\/avatar\/d189e01678f06d8eb84d4e01f08eb848b3fffe3f8443818d3c356c66892f5be8?s=96&d=mm&r=g\",\"contentUrl\":\"https:\/\/secure.gravatar.com\/avatar\/d189e01678f06d8eb84d4e01f08eb848b3fffe3f8443818d3c356c66892f5be8?s=96&d=mm&r=g\",\"caption\":\"Ag\u00eancia iNFRA\"},\"url\":\"https:\/\/agenciainfra.com\/blog\/author\/admin\/\"}]}<\/script>\n<!-- \/ Yoast SEO Premium plugin. -->","yoast_head_json":{"title":"Incertezas trazidas pela guerra na Ucr\u00e2nia d\u00e3o impulso \u00e0s usinas nucleares, segundo Abdan - Ag\u00eancia iNFRA","robots":{"index":"index","follow":"follow","max-snippet":"max-snippet:-1","max-image-preview":"max-image-preview:large","max-video-preview":"max-video-preview:-1"},"canonical":"https:\/\/agenciainfra.com\/blog\/incertezas-trazidas-pela-guerra-na-ucrania-dao-impulso-as-usinas-nucleares-segundo-abdan\/","og_locale":"pt_BR","og_type":"article","og_title":"Incertezas trazidas pela guerra na Ucr\u00e2nia d\u00e3o impulso \u00e0s usinas nucleares, segundo Abdan","og_description":"Antonio Carlos Sil, para a&nbsp;Ag\u00eancia iNFRA A forte depend\u00eancia da Europa pelo g\u00e1s natural vindo da R\u00fassia est\u00e1 provocando uma s\u00e9rie de rea\u00e7\u00f5es entre as autoridades governamentais da regi\u00e3o, levando, entre outras decis\u00f5es, \u00e0 interrup\u00e7\u00e3o do processo de descomissionamento programado de reatores nucleares, caso da Alemanha. Esse movimento, associado ao novo f\u00f4lego que a fonte [&hellip;]","og_url":"https:\/\/agenciainfra.com\/blog\/incertezas-trazidas-pela-guerra-na-ucrania-dao-impulso-as-usinas-nucleares-segundo-abdan\/","og_site_name":"Ag\u00eancia iNFRA","article_publisher":"https:\/\/www.facebook.com\/ageninfra","article_published_time":"2022-04-20T11:00:00+00:00","og_image":[{"width":1920,"height":1280,"url":"https:\/\/agenciainfra.com\/blog\/wp-content\/uploads\/2022\/04\/usina-nuclear-foto-dominio-publico.jpg","type":"image\/jpeg"}],"author":"Ag\u00eancia iNFRA","twitter_card":"summary_large_image","twitter_creator":"@agencia_infra","twitter_site":"@agencia_infra","twitter_misc":{"Escrito por":"Ag\u00eancia iNFRA","Est. tempo de leitura":"4 minutos"},"schema":{"@context":"https:\/\/schema.org","@graph":[{"@type":"Article","@id":"https:\/\/agenciainfra.com\/blog\/incertezas-trazidas-pela-guerra-na-ucrania-dao-impulso-as-usinas-nucleares-segundo-abdan\/#article","isPartOf":{"@id":"https:\/\/agenciainfra.com\/blog\/incertezas-trazidas-pela-guerra-na-ucrania-dao-impulso-as-usinas-nucleares-segundo-abdan\/"},"author":{"name":"Ag\u00eancia iNFRA","@id":"https:\/\/agenciainfra.com\/blog\/#\/schema\/person\/34af08dff6adea4cb22b06612ba7acfa"},"headline":"Incertezas trazidas pela guerra na Ucr\u00e2nia d\u00e3o impulso \u00e0s usinas nucleares, segundo Abdan","datePublished":"2022-04-20T11:00:00+00:00","mainEntityOfPage":{"@id":"https:\/\/agenciainfra.com\/blog\/incertezas-trazidas-pela-guerra-na-ucrania-dao-impulso-as-usinas-nucleares-segundo-abdan\/"},"wordCount":767,"publisher":{"@id":"https:\/\/agenciainfra.com\/blog\/#organization"},"image":{"@id":"https:\/\/agenciainfra.com\/blog\/incertezas-trazidas-pela-guerra-na-ucrania-dao-impulso-as-usinas-nucleares-segundo-abdan\/#primaryimage"},"thumbnailUrl":"https:\/\/agenciainfra.com\/blog\/wp-content\/uploads\/2022\/04\/usina-nuclear-foto-dominio-publico.jpg","keywords":["Brasil e R\u00fassia","COP26","energia","energia termonuclear","g\u00e1s natural","guerra na Ucr\u00e2nia","Infraestrutura","PDE","transi\u00e7\u00e3o energ\u00e9tica","usinas nucleares"],"articleSection":["Geral","iNFRAEnergia"],"inLanguage":"pt-BR","copyrightYear":"2022","copyrightHolder":{"@id":"https:\/\/agenciainfra.com\/blog\/#organization"}},{"@type":"WebPage","@id":"https:\/\/agenciainfra.com\/blog\/incertezas-trazidas-pela-guerra-na-ucrania-dao-impulso-as-usinas-nucleares-segundo-abdan\/","url":"https:\/\/agenciainfra.com\/blog\/incertezas-trazidas-pela-guerra-na-ucrania-dao-impulso-as-usinas-nucleares-segundo-abdan\/","name":"Incertezas trazidas pela guerra na Ucr\u00e2nia d\u00e3o impulso \u00e0s usinas nucleares, segundo Abdan - Ag\u00eancia iNFRA","isPartOf":{"@id":"https:\/\/agenciainfra.com\/blog\/#website"},"primaryImageOfPage":{"@id":"https:\/\/agenciainfra.com\/blog\/incertezas-trazidas-pela-guerra-na-ucrania-dao-impulso-as-usinas-nucleares-segundo-abdan\/#primaryimage"},"image":{"@id":"https:\/\/agenciainfra.com\/blog\/incertezas-trazidas-pela-guerra-na-ucrania-dao-impulso-as-usinas-nucleares-segundo-abdan\/#primaryimage"},"thumbnailUrl":"https:\/\/agenciainfra.com\/blog\/wp-content\/uploads\/2022\/04\/usina-nuclear-foto-dominio-publico.jpg","datePublished":"2022-04-20T11:00:00+00:00","breadcrumb":{"@id":"https:\/\/agenciainfra.com\/blog\/incertezas-trazidas-pela-guerra-na-ucrania-dao-impulso-as-usinas-nucleares-segundo-abdan\/#breadcrumb"},"inLanguage":"pt-BR","potentialAction":[{"@type":"ReadAction","target":["https:\/\/agenciainfra.com\/blog\/incertezas-trazidas-pela-guerra-na-ucrania-dao-impulso-as-usinas-nucleares-segundo-abdan\/"]}]},{"@type":"ImageObject","inLanguage":"pt-BR","@id":"https:\/\/agenciainfra.com\/blog\/incertezas-trazidas-pela-guerra-na-ucrania-dao-impulso-as-usinas-nucleares-segundo-abdan\/#primaryimage","url":"https:\/\/agenciainfra.com\/blog\/wp-content\/uploads\/2022\/04\/usina-nuclear-foto-dominio-publico.jpg","contentUrl":"https:\/\/agenciainfra.com\/blog\/wp-content\/uploads\/2022\/04\/usina-nuclear-foto-dominio-publico.jpg","width":1920,"height":1280},{"@type":"BreadcrumbList","@id":"https:\/\/agenciainfra.com\/blog\/incertezas-trazidas-pela-guerra-na-ucrania-dao-impulso-as-usinas-nucleares-segundo-abdan\/#breadcrumb","itemListElement":[{"@type":"ListItem","position":1,"name":"In\u00edcio","item":"https:\/\/agenciainfra.com\/blog\/"},{"@type":"ListItem","position":2,"name":"Incertezas trazidas pela guerra na Ucr\u00e2nia d\u00e3o impulso \u00e0s usinas nucleares, segundo Abdan"}]},{"@type":"WebSite","@id":"https:\/\/agenciainfra.com\/blog\/#website","url":"https:\/\/agenciainfra.com\/blog\/","name":"Ag\u00eancia iNFRA","description":"Multiplataforma de informa\u00e7\u00e3o jornal\u00edstica refer\u00eancia na \u00e1rea de infraestrutura no Brasil!","publisher":{"@id":"https:\/\/agenciainfra.com\/blog\/#organization"},"potentialAction":[{"@type":"SearchAction","target":{"@type":"EntryPoint","urlTemplate":"https:\/\/agenciainfra.com\/blog\/?s={search_term_string}"},"query-input":{"@type":"PropertyValueSpecification","valueRequired":true,"valueName":"search_term_string"}}],"inLanguage":"pt-BR"},{"@type":"Organization","@id":"https:\/\/agenciainfra.com\/blog\/#organization","name":"Ag\u00eancia iNFRA","url":"https:\/\/agenciainfra.com\/blog\/","logo":{"@type":"ImageObject","inLanguage":"pt-BR","@id":"https:\/\/agenciainfra.com\/blog\/#\/schema\/logo\/image\/","url":"https:\/\/agenciainfra.com\/blog\/wp-content\/uploads\/2023\/09\/iNFRA_5-e1761735885940.png","contentUrl":"https:\/\/agenciainfra.com\/blog\/wp-content\/uploads\/2023\/09\/iNFRA_5-e1761735885940.png","width":1672,"height":454,"caption":"Ag\u00eancia iNFRA"},"image":{"@id":"https:\/\/agenciainfra.com\/blog\/#\/schema\/logo\/image\/"},"sameAs":["https:\/\/www.facebook.com\/ageninfra","https:\/\/x.com\/agencia_infra","https:\/\/www.linkedin.com\/company\/ag\u00eanciainfra\/","https:\/\/www.instagram.com\/agenciainfra\/"]},{"@type":"Person","@id":"https:\/\/agenciainfra.com\/blog\/#\/schema\/person\/34af08dff6adea4cb22b06612ba7acfa","name":"Ag\u00eancia iNFRA","image":{"@type":"ImageObject","inLanguage":"pt-BR","@id":"https:\/\/agenciainfra.com\/blog\/#\/schema\/person\/image\/","url":"https:\/\/secure.gravatar.com\/avatar\/d189e01678f06d8eb84d4e01f08eb848b3fffe3f8443818d3c356c66892f5be8?s=96&d=mm&r=g","contentUrl":"https:\/\/secure.gravatar.com\/avatar\/d189e01678f06d8eb84d4e01f08eb848b3fffe3f8443818d3c356c66892f5be8?s=96&d=mm&r=g","caption":"Ag\u00eancia iNFRA"},"url":"https:\/\/agenciainfra.com\/blog\/author\/admin\/"}]}},"_links":{"self":[{"href":"https:\/\/agenciainfra.com\/blog\/wp-json\/wp\/v2\/posts\/10135","targetHints":{"allow":["GET"]}}],"collection":[{"href":"https:\/\/agenciainfra.com\/blog\/wp-json\/wp\/v2\/posts"}],"about":[{"href":"https:\/\/agenciainfra.com\/blog\/wp-json\/wp\/v2\/types\/post"}],"author":[{"embeddable":true,"href":"https:\/\/agenciainfra.com\/blog\/wp-json\/wp\/v2\/users\/1"}],"replies":[{"embeddable":true,"href":"https:\/\/agenciainfra.com\/blog\/wp-json\/wp\/v2\/comments?post=10135"}],"version-history":[{"count":0,"href":"https:\/\/agenciainfra.com\/blog\/wp-json\/wp\/v2\/posts\/10135\/revisions"}],"wp:featuredmedia":[{"embeddable":true,"href":"https:\/\/agenciainfra.com\/blog\/wp-json\/wp\/v2\/media\/10136"}],"wp:attachment":[{"href":"https:\/\/agenciainfra.com\/blog\/wp-json\/wp\/v2\/media?parent=10135"}],"wp:term":[{"taxonomy":"category","embeddable":true,"href":"https:\/\/agenciainfra.com\/blog\/wp-json\/wp\/v2\/categories?post=10135"},{"taxonomy":"post_tag","embeddable":true,"href":"https:\/\/agenciainfra.com\/blog\/wp-json\/wp\/v2\/tags?post=10135"}],"curies":[{"name":"wp","href":"https:\/\/api.w.org\/{rel}","templated":true}]}}