{"id":10171,"date":"2022-04-26T09:00:00","date_gmt":"2022-04-26T12:00:00","guid":{"rendered":"https:\/\/www.agenciainfra.com\/blog\/?p=10171"},"modified":"2022-04-25T09:56:51","modified_gmt":"2022-04-25T12:56:51","slug":"guerra-traz-novo-cenario-para-infraestrutura-com-riscos-atuais-ainda-dificultando-processos","status":"publish","type":"post","link":"https:\/\/agenciainfra.com\/blog\/guerra-traz-novo-cenario-para-infraestrutura-com-riscos-atuais-ainda-dificultando-processos\/","title":{"rendered":"Guerra traz novo cen\u00e1rio para infraestrutura, com riscos atuais ainda dificultando processos"},"content":{"rendered":"\n<p class=\"has-text-align-right\"><strong>Dimmi Amora, da Ag\u00eancia iNFRA<\/strong><\/p>\n\n\n\n<p>A guerra na Ucr\u00e2nia est\u00e1 indicando uma mudan\u00e7a para o cen\u00e1rio futuro de algumas \u00e1reas do setor de infraestrutura no pa\u00eds, com novas oportunidades surgindo a partir das altera\u00e7\u00f5es que o processo de globaliza\u00e7\u00e3o dever\u00e1 ver nos pr\u00f3ximos anos.<br>&nbsp;<br>Mas os problemas atuais \u2013 parte deles causados pela pr\u00f3pria guerra \u2013 v\u00e3o impor desafios para os gestores p\u00fablicos na implementa\u00e7\u00e3o de projetos e na realiza\u00e7\u00e3o de novos investimentos para os setores, especialmente nas \u00e1reas de transportes.<br>&nbsp;<br>A avalia\u00e7\u00e3o \u00e9 de especialistas que falaram com a&nbsp;<strong>Ag\u00eancia iNFRA<\/strong>&nbsp;nas&nbsp;\u00faltimas&nbsp;semanas. A KPMG est\u00e1 lan\u00e7ando um estudo com as principais tend\u00eancias para a infraestrutura brasileira nos pr\u00f3ximos anos.<br>&nbsp;<br>Leonardo Giusti, s\u00f3cio-l\u00edder de infraestrutura, governo e sa\u00fade da KPMG, e Daniela Mac\u00e1rio, gerente do segmento no Brasil, indicaram temas que ser\u00e3o relevantes para as \u00e1reas de transportes, inclusive relativos a implementa\u00e7\u00e3o de novas tecnologias e as rela\u00e7\u00f5es com as cadeias de suprimento.<br>&nbsp;<br>Segundo o trabalho, a agenda de investimentos privados e de novas concess\u00f5es &#8220;est\u00e1 tornando-se realidade e o governo vem instituindo medidas provis\u00f3rias e novas regulamenta\u00e7\u00f5es que facilitam a intera\u00e7\u00e3o e tomada de decis\u00e3o com o mercado privado&#8221;.<br>&nbsp;<br>Para Daniela Mac\u00e1rio, os investidores em infraestrutura visam cen\u00e1rios de longo prazo e as oscila\u00e7\u00f5es s\u00e3o comuns durante os projetos. Mas, de acordo com&nbsp;ela, o cen\u00e1rio pode levar a posterga\u00e7\u00f5es de tomadas de decis\u00f5es, principalmente pela an\u00e1lise dos desdobramentos da guerra na Ucr\u00e2nia no cen\u00e1rio global.<br><br>Daniela&nbsp;acredita que n\u00e3o deve haver mudan\u00e7a em rela\u00e7\u00e3o a algo que \u00e9 essencial: a necessidade do pa\u00eds de atender \u00e0 demanda para o aumento da produ\u00e7\u00e3o nacional. &#8220;Existem press\u00f5es que contribuem para um cen\u00e1rio inst\u00e1vel, mas os investimentos em infraestrutura n\u00e3o dever\u00e3o sofrer grande impacto&#8221;, disse Daniela.<br><br><strong>Conflu\u00eancia de problemas<\/strong><br>Ewerton de Souza Henriques, diretor de Infraestrutura do Banco Fator, chama o momento atual de &#8220;conflu\u00eancia de problemas&#8221;. Al\u00e9m da guerra, na vis\u00e3o dele, h\u00e1 impactos no setor referentes a juros, infla\u00e7\u00e3o e tamb\u00e9m o per\u00edodo eleitoral.<br>&nbsp;<br>Para ele, isso faz com que projetos que tenham estrutura\u00e7\u00f5es mais bem resolvidas, como os de ilumina\u00e7\u00e3o p\u00fablica, com receitas estabelecidas e melhores garantias, possam sofrer menos e seguir. Outras \u00e1reas devem seguir fortes por causa de marcos regulat\u00f3rios que v\u00e3o pressionar a realiza\u00e7\u00e3o de investimentos, como \u00e9 o caso do saneamento b\u00e1sico, com datas para cumprimento de metas, e a gera\u00e7\u00e3o fotovoltaica, com prazos para que os projetos recebam benef\u00edcios.<br>&nbsp;<br>A falta de solu\u00e7\u00e3o para os problemas de concess\u00f5es passadas dever\u00e1 fazer com que os projetos dos setores rodovi\u00e1rios e aeroportu\u00e1rios tenham um caminho mais dif\u00edcil nos pr\u00f3ximos anos, na avalia\u00e7\u00e3o do diretor.&nbsp;<br><br><strong>Desafio do financiamento<\/strong>&nbsp;<br>E, na avalia\u00e7\u00e3o de Henriques, h\u00e1 um grande desafio a ser vencido por todos, que s\u00e3o os financiamentos de longo prazo para esses projetos. Para ele, se os volumes de investimentos previstos se concretizarem, o modelo atual de financiamento via mercado n\u00e3o ser\u00e1 suficiente.<br>&nbsp;<br>&#8220;O BNDES saiu do 80 para o oito&#8221;, comentou, sobre a sa\u00edda do banco dos financiamentos de infraestrutura.<br>&nbsp;<br>Alberto Sogayar, s\u00f3cio do MAMG Advogados, avalia que a guerra trouxe de volta oportunidades no setor de \u00f3leo e g\u00e1s offshore, visto os valores dos pre\u00e7os do petr\u00f3leo no momento. Mas, segundo ele, os investimentos podem avan\u00e7ar apenas se o marco legal do setor for revisto.<br>&nbsp;<br>Para ele, o ano eleitoral pode ter influ\u00eancia no setor de aeroportos, mas a \u00e1rea tem um caminho irrevers\u00edvel para as privatiza\u00e7\u00f5es. Ele n\u00e3o acredita, no entanto, nos projetos de relicita\u00e7\u00e3o do setor, que, para o advogado, est\u00e3o mais complicados do que o Minist\u00e9rio da Infraestrutura est\u00e1 apresentando.&nbsp;<br><br><strong>Demanda por TUP<\/strong>&nbsp;<br>Sogayar tamb\u00e9m notou que houve uma repentina demanda por conhecer melhor projetos de TUP (terminal portu\u00e1rio privado) no pa\u00eds. Para ele, isso decorre de uma poss\u00edvel an\u00e1lise da falta de capacidade do pa\u00eds de escoar a produ\u00e7\u00e3o que pode aumentar por aqui por causa da rearranjo das cadeias globais de produ\u00e7\u00e3o.<br>&nbsp;<br>No caso das ferrovias, o advogado avalia como &#8220;possibilidade maravilhosa&#8221; a cria\u00e7\u00e3o do novo marco legal do setor, mas diz que ele ainda gera d\u00favidas. Leonardo Giusti, s\u00f3cio-l\u00edder da KPMG, diz que dobrar a participa\u00e7\u00e3o do modal ferrovi\u00e1rio no transporte depende de investimentos n\u00e3o apenas nas ferrovias.<br><br>&#8220;O que potencializa e atrai o uso da ferrovia \u00e9 sua integra\u00e7\u00e3o com as rodovias e terminais mar\u00edtimos. Precisamos ter uma vis\u00e3o hol\u00edstica do setor sob a \u00f3tica de log\u00edstica, n\u00e3o de um modal isolado e especificamente&#8221;, alertou.<br><br><strong>Diesel \u00e9 risco<\/strong>&nbsp;<br>Para ele, a fonte energ\u00e9tica das ferrovias ser 100% o diesel \u00e9 outro fator de risco para o setor. Ser\u00e1 necess\u00e1rio buscar novas fontes energ\u00e9ticas. Giusti lembra ainda que as ferrovias e outros setores v\u00e3o precisar extrair mais resultados da gest\u00e3o de dados e trabalhar pela desburocratiza\u00e7\u00e3o dos seus setores em rela\u00e7\u00e3o \u00e0 incorpora\u00e7\u00e3o de novas tecnologias.<br>&nbsp;<br>&#8220;N\u00e3o h\u00e1 d\u00favidas de que a tecnologia j\u00e1 est\u00e1 promovendo transforma\u00e7\u00e3o&#8221;, citando como tend\u00eancias, entre outras, a efici\u00eancia energ\u00e9tica, smart ports, free flow em rodovias, manuten\u00e7\u00e3o preditiva em ferrovias, aumento de disponibilidade de transporte p\u00fablico via controle de massa e aeroportos inteligentes.<\/p>\n","protected":false},"excerpt":{"rendered":"<p>Dimmi Amora, da Ag\u00eancia iNFRA A guerra na Ucr\u00e2nia est\u00e1 indicando uma mudan\u00e7a para o cen\u00e1rio futuro de algumas \u00e1reas do setor de infraestrutura no pa\u00eds, com novas oportunidades surgindo a partir das altera\u00e7\u00f5es que o processo de globaliza\u00e7\u00e3o dever\u00e1 ver nos pr\u00f3ximos anos.&nbsp;Mas os problemas atuais \u2013 parte deles causados pela pr\u00f3pria guerra \u2013 [&hellip;]<\/p>\n","protected":false},"author":1,"featured_media":10172,"comment_status":"closed","ping_status":"closed","sticky":false,"template":"","format":"standard","meta":{"_monsterinsights_skip_tracking":false,"_monsterinsights_sitenote_active":false,"_monsterinsights_sitenote_note":"","_monsterinsights_sitenote_category":0,"footnotes":""},"categories":[1,7],"tags":[78,731,329,25,5292,34,3303,360,2656,70],"class_list":["post-10171","post","type-post","status-publish","format-standard","has-post-thumbnail","hentry","category-geral","category-infratransporte","tag-concessoes","tag-economia","tag-eleicoes","tag-energia","tag-guerra-na-ucrania","tag-infraestrutura","tag-investimentos-privados","tag-obras","tag-regulamentacao","tag-transportes"],"yoast_head":"<!-- This site is optimized with the Yoast SEO Premium plugin v25.4 (Yoast SEO v26.0) - https:\/\/yoast.com\/wordpress\/plugins\/seo\/ -->\n<title>Guerra traz novo cen\u00e1rio para infraestrutura, com riscos atuais ainda dificultando processos - Ag\u00eancia iNFRA<\/title>\n<meta name=\"robots\" content=\"index, follow, max-snippet:-1, max-image-preview:large, max-video-preview:-1\" \/>\n<link rel=\"canonical\" href=\"https:\/\/agenciainfra.com\/blog\/guerra-traz-novo-cenario-para-infraestrutura-com-riscos-atuais-ainda-dificultando-processos\/\" \/>\n<meta property=\"og:locale\" content=\"pt_BR\" \/>\n<meta property=\"og:type\" content=\"article\" \/>\n<meta property=\"og:title\" content=\"Guerra traz novo cen\u00e1rio para infraestrutura, com riscos atuais ainda dificultando processos\" \/>\n<meta property=\"og:description\" content=\"Dimmi Amora, da Ag\u00eancia iNFRA A guerra na Ucr\u00e2nia est\u00e1 indicando uma mudan\u00e7a para o cen\u00e1rio futuro de algumas \u00e1reas do setor de infraestrutura no pa\u00eds, com novas oportunidades surgindo a partir das altera\u00e7\u00f5es que o processo de globaliza\u00e7\u00e3o dever\u00e1 ver nos pr\u00f3ximos anos.&nbsp;Mas os problemas atuais \u2013 parte deles causados pela pr\u00f3pria guerra \u2013 [&hellip;]\" \/>\n<meta property=\"og:url\" content=\"https:\/\/agenciainfra.com\/blog\/guerra-traz-novo-cenario-para-infraestrutura-com-riscos-atuais-ainda-dificultando-processos\/\" \/>\n<meta property=\"og:site_name\" content=\"Ag\u00eancia iNFRA\" \/>\n<meta property=\"article:publisher\" content=\"https:\/\/www.facebook.com\/ageninfra\" \/>\n<meta property=\"article:published_time\" content=\"2022-04-26T12:00:00+00:00\" \/>\n<meta property=\"og:image\" content=\"https:\/\/agenciainfra.com\/blog\/wp-content\/uploads\/2022\/04\/obra-ponte-foto-alberto-ruy-minfra.jpeg\" \/>\n\t<meta property=\"og:image:width\" content=\"1280\" \/>\n\t<meta property=\"og:image:height\" content=\"854\" \/>\n\t<meta property=\"og:image:type\" content=\"image\/jpeg\" \/>\n<meta name=\"author\" content=\"Ag\u00eancia iNFRA\" \/>\n<meta name=\"twitter:card\" content=\"summary_large_image\" \/>\n<meta name=\"twitter:creator\" content=\"@agencia_infra\" \/>\n<meta name=\"twitter:site\" content=\"@agencia_infra\" \/>\n<meta name=\"twitter:label1\" content=\"Escrito por\" \/>\n\t<meta name=\"twitter:data1\" content=\"Ag\u00eancia iNFRA\" \/>\n\t<meta name=\"twitter:label2\" content=\"Est. tempo de leitura\" \/>\n\t<meta name=\"twitter:data2\" content=\"5 minutos\" \/>\n<script type=\"application\/ld+json\" class=\"yoast-schema-graph\">{\"@context\":\"https:\/\/schema.org\",\"@graph\":[{\"@type\":\"Article\",\"@id\":\"https:\/\/agenciainfra.com\/blog\/guerra-traz-novo-cenario-para-infraestrutura-com-riscos-atuais-ainda-dificultando-processos\/#article\",\"isPartOf\":{\"@id\":\"https:\/\/agenciainfra.com\/blog\/guerra-traz-novo-cenario-para-infraestrutura-com-riscos-atuais-ainda-dificultando-processos\/\"},\"author\":{\"name\":\"Ag\u00eancia iNFRA\",\"@id\":\"https:\/\/agenciainfra.com\/blog\/#\/schema\/person\/34af08dff6adea4cb22b06612ba7acfa\"},\"headline\":\"Guerra traz novo cen\u00e1rio para infraestrutura, com riscos atuais ainda dificultando processos\",\"datePublished\":\"2022-04-26T12:00:00+00:00\",\"mainEntityOfPage\":{\"@id\":\"https:\/\/agenciainfra.com\/blog\/guerra-traz-novo-cenario-para-infraestrutura-com-riscos-atuais-ainda-dificultando-processos\/\"},\"wordCount\":981,\"publisher\":{\"@id\":\"https:\/\/agenciainfra.com\/blog\/#organization\"},\"image\":{\"@id\":\"https:\/\/agenciainfra.com\/blog\/guerra-traz-novo-cenario-para-infraestrutura-com-riscos-atuais-ainda-dificultando-processos\/#primaryimage\"},\"thumbnailUrl\":\"https:\/\/agenciainfra.com\/blog\/wp-content\/uploads\/2022\/04\/obra-ponte-foto-alberto-ruy-minfra.jpeg\",\"keywords\":[\"concess\u00f5es\",\"economia\",\"elei\u00e7\u00f5es\",\"energia\",\"guerra na Ucr\u00e2nia\",\"Infraestrutura\",\"investimentos privados\",\"obras\",\"regulamenta\u00e7\u00e3o\",\"transportes\"],\"articleSection\":[\"Geral\",\"iNFRATransporte\"],\"inLanguage\":\"pt-BR\",\"copyrightYear\":\"2022\",\"copyrightHolder\":{\"@id\":\"https:\/\/agenciainfra.com\/blog\/#organization\"}},{\"@type\":\"WebPage\",\"@id\":\"https:\/\/agenciainfra.com\/blog\/guerra-traz-novo-cenario-para-infraestrutura-com-riscos-atuais-ainda-dificultando-processos\/\",\"url\":\"https:\/\/agenciainfra.com\/blog\/guerra-traz-novo-cenario-para-infraestrutura-com-riscos-atuais-ainda-dificultando-processos\/\",\"name\":\"Guerra traz novo cen\u00e1rio para infraestrutura, com riscos atuais ainda dificultando processos - Ag\u00eancia iNFRA\",\"isPartOf\":{\"@id\":\"https:\/\/agenciainfra.com\/blog\/#website\"},\"primaryImageOfPage\":{\"@id\":\"https:\/\/agenciainfra.com\/blog\/guerra-traz-novo-cenario-para-infraestrutura-com-riscos-atuais-ainda-dificultando-processos\/#primaryimage\"},\"image\":{\"@id\":\"https:\/\/agenciainfra.com\/blog\/guerra-traz-novo-cenario-para-infraestrutura-com-riscos-atuais-ainda-dificultando-processos\/#primaryimage\"},\"thumbnailUrl\":\"https:\/\/agenciainfra.com\/blog\/wp-content\/uploads\/2022\/04\/obra-ponte-foto-alberto-ruy-minfra.jpeg\",\"datePublished\":\"2022-04-26T12:00:00+00:00\",\"breadcrumb\":{\"@id\":\"https:\/\/agenciainfra.com\/blog\/guerra-traz-novo-cenario-para-infraestrutura-com-riscos-atuais-ainda-dificultando-processos\/#breadcrumb\"},\"inLanguage\":\"pt-BR\",\"potentialAction\":[{\"@type\":\"ReadAction\",\"target\":[\"https:\/\/agenciainfra.com\/blog\/guerra-traz-novo-cenario-para-infraestrutura-com-riscos-atuais-ainda-dificultando-processos\/\"]}]},{\"@type\":\"ImageObject\",\"inLanguage\":\"pt-BR\",\"@id\":\"https:\/\/agenciainfra.com\/blog\/guerra-traz-novo-cenario-para-infraestrutura-com-riscos-atuais-ainda-dificultando-processos\/#primaryimage\",\"url\":\"https:\/\/agenciainfra.com\/blog\/wp-content\/uploads\/2022\/04\/obra-ponte-foto-alberto-ruy-minfra.jpeg\",\"contentUrl\":\"https:\/\/agenciainfra.com\/blog\/wp-content\/uploads\/2022\/04\/obra-ponte-foto-alberto-ruy-minfra.jpeg\",\"width\":1280,\"height\":854},{\"@type\":\"BreadcrumbList\",\"@id\":\"https:\/\/agenciainfra.com\/blog\/guerra-traz-novo-cenario-para-infraestrutura-com-riscos-atuais-ainda-dificultando-processos\/#breadcrumb\",\"itemListElement\":[{\"@type\":\"ListItem\",\"position\":1,\"name\":\"In\u00edcio\",\"item\":\"https:\/\/agenciainfra.com\/blog\/\"},{\"@type\":\"ListItem\",\"position\":2,\"name\":\"Guerra traz novo cen\u00e1rio para infraestrutura, com riscos atuais ainda dificultando processos\"}]},{\"@type\":\"WebSite\",\"@id\":\"https:\/\/agenciainfra.com\/blog\/#website\",\"url\":\"https:\/\/agenciainfra.com\/blog\/\",\"name\":\"Ag\u00eancia iNFRA\",\"description\":\"Multiplataforma de informa\u00e7\u00e3o jornal\u00edstica refer\u00eancia na \u00e1rea de infraestrutura no Brasil!\",\"publisher\":{\"@id\":\"https:\/\/agenciainfra.com\/blog\/#organization\"},\"potentialAction\":[{\"@type\":\"SearchAction\",\"target\":{\"@type\":\"EntryPoint\",\"urlTemplate\":\"https:\/\/agenciainfra.com\/blog\/?s={search_term_string}\"},\"query-input\":{\"@type\":\"PropertyValueSpecification\",\"valueRequired\":true,\"valueName\":\"search_term_string\"}}],\"inLanguage\":\"pt-BR\"},{\"@type\":\"Organization\",\"@id\":\"https:\/\/agenciainfra.com\/blog\/#organization\",\"name\":\"Ag\u00eancia iNFRA\",\"url\":\"https:\/\/agenciainfra.com\/blog\/\",\"logo\":{\"@type\":\"ImageObject\",\"inLanguage\":\"pt-BR\",\"@id\":\"https:\/\/agenciainfra.com\/blog\/#\/schema\/logo\/image\/\",\"url\":\"https:\/\/agenciainfra.com\/blog\/wp-content\/uploads\/2023\/09\/iNFRA_5-e1761735885940.png\",\"contentUrl\":\"https:\/\/agenciainfra.com\/blog\/wp-content\/uploads\/2023\/09\/iNFRA_5-e1761735885940.png\",\"width\":1672,\"height\":454,\"caption\":\"Ag\u00eancia iNFRA\"},\"image\":{\"@id\":\"https:\/\/agenciainfra.com\/blog\/#\/schema\/logo\/image\/\"},\"sameAs\":[\"https:\/\/www.facebook.com\/ageninfra\",\"https:\/\/x.com\/agencia_infra\",\"https:\/\/www.linkedin.com\/company\/ag\u00eanciainfra\/\",\"https:\/\/www.instagram.com\/agenciainfra\/\"]},{\"@type\":\"Person\",\"@id\":\"https:\/\/agenciainfra.com\/blog\/#\/schema\/person\/34af08dff6adea4cb22b06612ba7acfa\",\"name\":\"Ag\u00eancia iNFRA\",\"image\":{\"@type\":\"ImageObject\",\"inLanguage\":\"pt-BR\",\"@id\":\"https:\/\/agenciainfra.com\/blog\/#\/schema\/person\/image\/\",\"url\":\"https:\/\/secure.gravatar.com\/avatar\/d189e01678f06d8eb84d4e01f08eb848b3fffe3f8443818d3c356c66892f5be8?s=96&d=mm&r=g\",\"contentUrl\":\"https:\/\/secure.gravatar.com\/avatar\/d189e01678f06d8eb84d4e01f08eb848b3fffe3f8443818d3c356c66892f5be8?s=96&d=mm&r=g\",\"caption\":\"Ag\u00eancia iNFRA\"},\"url\":\"https:\/\/agenciainfra.com\/blog\/author\/admin\/\"}]}<\/script>\n<!-- \/ Yoast SEO Premium plugin. -->","yoast_head_json":{"title":"Guerra traz novo cen\u00e1rio para infraestrutura, com riscos atuais ainda dificultando processos - Ag\u00eancia iNFRA","robots":{"index":"index","follow":"follow","max-snippet":"max-snippet:-1","max-image-preview":"max-image-preview:large","max-video-preview":"max-video-preview:-1"},"canonical":"https:\/\/agenciainfra.com\/blog\/guerra-traz-novo-cenario-para-infraestrutura-com-riscos-atuais-ainda-dificultando-processos\/","og_locale":"pt_BR","og_type":"article","og_title":"Guerra traz novo cen\u00e1rio para infraestrutura, com riscos atuais ainda dificultando processos","og_description":"Dimmi Amora, da Ag\u00eancia iNFRA A guerra na Ucr\u00e2nia est\u00e1 indicando uma mudan\u00e7a para o cen\u00e1rio futuro de algumas \u00e1reas do setor de infraestrutura no pa\u00eds, com novas oportunidades surgindo a partir das altera\u00e7\u00f5es que o processo de globaliza\u00e7\u00e3o dever\u00e1 ver nos pr\u00f3ximos anos.&nbsp;Mas os problemas atuais \u2013 parte deles causados pela pr\u00f3pria guerra \u2013 [&hellip;]","og_url":"https:\/\/agenciainfra.com\/blog\/guerra-traz-novo-cenario-para-infraestrutura-com-riscos-atuais-ainda-dificultando-processos\/","og_site_name":"Ag\u00eancia iNFRA","article_publisher":"https:\/\/www.facebook.com\/ageninfra","article_published_time":"2022-04-26T12:00:00+00:00","og_image":[{"width":1280,"height":854,"url":"https:\/\/agenciainfra.com\/blog\/wp-content\/uploads\/2022\/04\/obra-ponte-foto-alberto-ruy-minfra.jpeg","type":"image\/jpeg"}],"author":"Ag\u00eancia iNFRA","twitter_card":"summary_large_image","twitter_creator":"@agencia_infra","twitter_site":"@agencia_infra","twitter_misc":{"Escrito por":"Ag\u00eancia iNFRA","Est. tempo de leitura":"5 minutos"},"schema":{"@context":"https:\/\/schema.org","@graph":[{"@type":"Article","@id":"https:\/\/agenciainfra.com\/blog\/guerra-traz-novo-cenario-para-infraestrutura-com-riscos-atuais-ainda-dificultando-processos\/#article","isPartOf":{"@id":"https:\/\/agenciainfra.com\/blog\/guerra-traz-novo-cenario-para-infraestrutura-com-riscos-atuais-ainda-dificultando-processos\/"},"author":{"name":"Ag\u00eancia iNFRA","@id":"https:\/\/agenciainfra.com\/blog\/#\/schema\/person\/34af08dff6adea4cb22b06612ba7acfa"},"headline":"Guerra traz novo cen\u00e1rio para infraestrutura, com riscos atuais ainda dificultando processos","datePublished":"2022-04-26T12:00:00+00:00","mainEntityOfPage":{"@id":"https:\/\/agenciainfra.com\/blog\/guerra-traz-novo-cenario-para-infraestrutura-com-riscos-atuais-ainda-dificultando-processos\/"},"wordCount":981,"publisher":{"@id":"https:\/\/agenciainfra.com\/blog\/#organization"},"image":{"@id":"https:\/\/agenciainfra.com\/blog\/guerra-traz-novo-cenario-para-infraestrutura-com-riscos-atuais-ainda-dificultando-processos\/#primaryimage"},"thumbnailUrl":"https:\/\/agenciainfra.com\/blog\/wp-content\/uploads\/2022\/04\/obra-ponte-foto-alberto-ruy-minfra.jpeg","keywords":["concess\u00f5es","economia","elei\u00e7\u00f5es","energia","guerra na Ucr\u00e2nia","Infraestrutura","investimentos privados","obras","regulamenta\u00e7\u00e3o","transportes"],"articleSection":["Geral","iNFRATransporte"],"inLanguage":"pt-BR","copyrightYear":"2022","copyrightHolder":{"@id":"https:\/\/agenciainfra.com\/blog\/#organization"}},{"@type":"WebPage","@id":"https:\/\/agenciainfra.com\/blog\/guerra-traz-novo-cenario-para-infraestrutura-com-riscos-atuais-ainda-dificultando-processos\/","url":"https:\/\/agenciainfra.com\/blog\/guerra-traz-novo-cenario-para-infraestrutura-com-riscos-atuais-ainda-dificultando-processos\/","name":"Guerra traz novo cen\u00e1rio para infraestrutura, com riscos atuais ainda dificultando processos - Ag\u00eancia iNFRA","isPartOf":{"@id":"https:\/\/agenciainfra.com\/blog\/#website"},"primaryImageOfPage":{"@id":"https:\/\/agenciainfra.com\/blog\/guerra-traz-novo-cenario-para-infraestrutura-com-riscos-atuais-ainda-dificultando-processos\/#primaryimage"},"image":{"@id":"https:\/\/agenciainfra.com\/blog\/guerra-traz-novo-cenario-para-infraestrutura-com-riscos-atuais-ainda-dificultando-processos\/#primaryimage"},"thumbnailUrl":"https:\/\/agenciainfra.com\/blog\/wp-content\/uploads\/2022\/04\/obra-ponte-foto-alberto-ruy-minfra.jpeg","datePublished":"2022-04-26T12:00:00+00:00","breadcrumb":{"@id":"https:\/\/agenciainfra.com\/blog\/guerra-traz-novo-cenario-para-infraestrutura-com-riscos-atuais-ainda-dificultando-processos\/#breadcrumb"},"inLanguage":"pt-BR","potentialAction":[{"@type":"ReadAction","target":["https:\/\/agenciainfra.com\/blog\/guerra-traz-novo-cenario-para-infraestrutura-com-riscos-atuais-ainda-dificultando-processos\/"]}]},{"@type":"ImageObject","inLanguage":"pt-BR","@id":"https:\/\/agenciainfra.com\/blog\/guerra-traz-novo-cenario-para-infraestrutura-com-riscos-atuais-ainda-dificultando-processos\/#primaryimage","url":"https:\/\/agenciainfra.com\/blog\/wp-content\/uploads\/2022\/04\/obra-ponte-foto-alberto-ruy-minfra.jpeg","contentUrl":"https:\/\/agenciainfra.com\/blog\/wp-content\/uploads\/2022\/04\/obra-ponte-foto-alberto-ruy-minfra.jpeg","width":1280,"height":854},{"@type":"BreadcrumbList","@id":"https:\/\/agenciainfra.com\/blog\/guerra-traz-novo-cenario-para-infraestrutura-com-riscos-atuais-ainda-dificultando-processos\/#breadcrumb","itemListElement":[{"@type":"ListItem","position":1,"name":"In\u00edcio","item":"https:\/\/agenciainfra.com\/blog\/"},{"@type":"ListItem","position":2,"name":"Guerra traz novo cen\u00e1rio para infraestrutura, com riscos atuais ainda dificultando processos"}]},{"@type":"WebSite","@id":"https:\/\/agenciainfra.com\/blog\/#website","url":"https:\/\/agenciainfra.com\/blog\/","name":"Ag\u00eancia iNFRA","description":"Multiplataforma de informa\u00e7\u00e3o jornal\u00edstica refer\u00eancia na \u00e1rea de infraestrutura no Brasil!","publisher":{"@id":"https:\/\/agenciainfra.com\/blog\/#organization"},"potentialAction":[{"@type":"SearchAction","target":{"@type":"EntryPoint","urlTemplate":"https:\/\/agenciainfra.com\/blog\/?s={search_term_string}"},"query-input":{"@type":"PropertyValueSpecification","valueRequired":true,"valueName":"search_term_string"}}],"inLanguage":"pt-BR"},{"@type":"Organization","@id":"https:\/\/agenciainfra.com\/blog\/#organization","name":"Ag\u00eancia iNFRA","url":"https:\/\/agenciainfra.com\/blog\/","logo":{"@type":"ImageObject","inLanguage":"pt-BR","@id":"https:\/\/agenciainfra.com\/blog\/#\/schema\/logo\/image\/","url":"https:\/\/agenciainfra.com\/blog\/wp-content\/uploads\/2023\/09\/iNFRA_5-e1761735885940.png","contentUrl":"https:\/\/agenciainfra.com\/blog\/wp-content\/uploads\/2023\/09\/iNFRA_5-e1761735885940.png","width":1672,"height":454,"caption":"Ag\u00eancia iNFRA"},"image":{"@id":"https:\/\/agenciainfra.com\/blog\/#\/schema\/logo\/image\/"},"sameAs":["https:\/\/www.facebook.com\/ageninfra","https:\/\/x.com\/agencia_infra","https:\/\/www.linkedin.com\/company\/ag\u00eanciainfra\/","https:\/\/www.instagram.com\/agenciainfra\/"]},{"@type":"Person","@id":"https:\/\/agenciainfra.com\/blog\/#\/schema\/person\/34af08dff6adea4cb22b06612ba7acfa","name":"Ag\u00eancia iNFRA","image":{"@type":"ImageObject","inLanguage":"pt-BR","@id":"https:\/\/agenciainfra.com\/blog\/#\/schema\/person\/image\/","url":"https:\/\/secure.gravatar.com\/avatar\/d189e01678f06d8eb84d4e01f08eb848b3fffe3f8443818d3c356c66892f5be8?s=96&d=mm&r=g","contentUrl":"https:\/\/secure.gravatar.com\/avatar\/d189e01678f06d8eb84d4e01f08eb848b3fffe3f8443818d3c356c66892f5be8?s=96&d=mm&r=g","caption":"Ag\u00eancia iNFRA"},"url":"https:\/\/agenciainfra.com\/blog\/author\/admin\/"}]}},"_links":{"self":[{"href":"https:\/\/agenciainfra.com\/blog\/wp-json\/wp\/v2\/posts\/10171","targetHints":{"allow":["GET"]}}],"collection":[{"href":"https:\/\/agenciainfra.com\/blog\/wp-json\/wp\/v2\/posts"}],"about":[{"href":"https:\/\/agenciainfra.com\/blog\/wp-json\/wp\/v2\/types\/post"}],"author":[{"embeddable":true,"href":"https:\/\/agenciainfra.com\/blog\/wp-json\/wp\/v2\/users\/1"}],"replies":[{"embeddable":true,"href":"https:\/\/agenciainfra.com\/blog\/wp-json\/wp\/v2\/comments?post=10171"}],"version-history":[{"count":0,"href":"https:\/\/agenciainfra.com\/blog\/wp-json\/wp\/v2\/posts\/10171\/revisions"}],"wp:featuredmedia":[{"embeddable":true,"href":"https:\/\/agenciainfra.com\/blog\/wp-json\/wp\/v2\/media\/10172"}],"wp:attachment":[{"href":"https:\/\/agenciainfra.com\/blog\/wp-json\/wp\/v2\/media?parent=10171"}],"wp:term":[{"taxonomy":"category","embeddable":true,"href":"https:\/\/agenciainfra.com\/blog\/wp-json\/wp\/v2\/categories?post=10171"},{"taxonomy":"post_tag","embeddable":true,"href":"https:\/\/agenciainfra.com\/blog\/wp-json\/wp\/v2\/tags?post=10171"}],"curies":[{"name":"wp","href":"https:\/\/api.w.org\/{rel}","templated":true}]}}