{"id":10201,"date":"2022-04-29T09:00:00","date_gmt":"2022-04-29T12:00:00","guid":{"rendered":"https:\/\/www.agenciainfra.com\/blog\/?p=10201"},"modified":"2022-04-27T11:15:55","modified_gmt":"2022-04-27T14:15:55","slug":"spa-diz-que-investimento-na-fips-e-urgente-quebra-de-safra-evitou-gargalo","status":"publish","type":"post","link":"https:\/\/agenciainfra.com\/blog\/spa-diz-que-investimento-na-fips-e-urgente-quebra-de-safra-evitou-gargalo\/","title":{"rendered":"SPA diz que investimento na Fips \u00e9 urgente; quebra de safra evitou gargalo"},"content":{"rendered":"\n<p class=\"has-text-align-right\"><strong>Rodrigo Zuquim, da Ag\u00eancia iNFRA<\/strong><\/p>\n\n\n\n<p>O aumento da participa\u00e7\u00e3o do transporte ferrovi\u00e1rio no acesso terrestre ao Porto de Santos (SP) \u00e9 um dos focos do PDZ (Plano de Desenvolvimento e Zoneamento), de acordo com Bruno Stupello, diretor de Desenvolvimento de Neg\u00f3cios e Regula\u00e7\u00e3o da SPA (Santos Port Authority).<\/p>\n\n\n\n<p>Com a prorroga\u00e7\u00e3o antecipada do contrato de concess\u00e3o da Rumo Malha Paulista, haver\u00e1 um aumento da capacidade de movimenta\u00e7\u00e3o de cargas da concession\u00e1ria para 75 milh\u00f5es de toneladas por ano, podendo chegar a 100 milh\u00f5es de toneladas, o que ultrapassa a capacidade da ferrovia interna do porto, que atualmente \u00e9 de 50 milh\u00f5es de toneladas.<\/p>\n\n\n\n<p>A movimenta\u00e7\u00e3o atual de carga na ferrovia \u00e9 de 47,3 milh\u00f5es de toneladas e, segundo Stupello, se n\u00e3o fosse pela quebra da safra do milho no ano passado, que reduziu a movimenta\u00e7\u00e3o, teria batido os 50 milh\u00f5es, resultando no gargalo do escoamento da carga.<\/p>\n\n\n\n<p>&#8220;Para isso desenvolvemos o projeto da Fips [Ferrovia Interna do Porto de Santos]&#8221;, disse o diretor, ressaltando a urg\u00eancia do investimento, previsto em R$ 891 milh\u00f5es ao longo dos pr\u00f3ximos cinco anos, e a estimativa de expandir a capacidade da Fips para 115 milh\u00f5es de toneladas. O projeto est\u00e1 sendo avaliado pelo TCU (Tribunal de Contas da Uni\u00e3o) e deve ser deliberado no pr\u00f3ximo m\u00eas, segundo ele.<\/p>\n\n\n\n<p>A expectativa \u00e9 de realizar o chamamento p\u00fablico e a assinatura do contrato para a substitui\u00e7\u00e3o da gest\u00e3o da ferrovia ainda neste ano, afirmou Stupello, que participou na ter\u00e7a-feira (26) do SPA Day 2022, evento para divulga\u00e7\u00e3o dos resultados, oportunidades e perspectivas da autoridade portu\u00e1ria. A \u00edntegra da apresenta\u00e7\u00e3o est\u00e1 dispon\u00edvel&nbsp;<a rel=\"noreferrer noopener\" href=\"https:\/\/agenciainfra.us14.list-manage.com\/track\/click?u=d460dd1bcf9ba0ae040e1fc0f&amp;id=ae331ecd09&amp;e=3cd2fde004\" target=\"_blank\">neste link<\/a>.<\/p>\n\n\n\n<p>Outro ponto abordado na apresenta\u00e7\u00e3o das oportunidades de neg\u00f3cios da autoridade portu\u00e1ria s\u00e3o as obras de dragagem de aprofundamento do canal \u2013 a menos 16 metros em um primeiro momento e, depois, a menos 17 metros, com investimentos estimados em R$ 613 milh\u00f5es. &#8220;Estamos na fase de licenciamento ambiental, com expectativa de que a obra seja feita na desestatiza\u00e7\u00e3o&#8221;, afirmou Bruno Stupello.<\/p>\n\n\n\n<p>O encontro contou ainda com a participa\u00e7\u00e3o do diretor-presidente da SPA, Fernando Biral, e dos diretores Marcus Mingoni (Administra\u00e7\u00e3o e Finan\u00e7as), Marcelo Ribeiro (Opera\u00e7\u00f5es) e Afr\u00e2nio Moreira (Infraestrutura).<\/p>\n\n\n\n<p><strong>Desestatiza\u00e7\u00e3o<\/strong><br>Quanto ao processo de desestatiza\u00e7\u00e3o do Porto de Santos, ap\u00f3s a avalia\u00e7\u00e3o de aproximadamente 600 contribui\u00e7\u00f5es feitas no \u00e2mbito da consulta p\u00fablica encerrada em mar\u00e7o, a pr\u00f3xima etapa ser\u00e1 o envio do projeto ao TCU (Tribunal de Contas da Uni\u00e3o) e o in\u00edcio do road show para apresenta\u00e7\u00e3o a investidores. A expectativa \u00e9 de que o cronograma do BNDES (Banco Nacional de Desenvolvimento Econ\u00f4mico e Social) para realizar o leil\u00e3o ainda neste ano seja mantido.<\/p>\n\n\n\n<p>De acordo com Fernando Biral, a procura por informa\u00e7\u00f5es acerca da desestatiza\u00e7\u00e3o abrange v\u00e1rios perfis, desde terminais e pool de investidores de infraestrutura at\u00e9 empresas que tradicionalmente n\u00e3o buscam ativos de concess\u00e3o. Todos os players que orbitam a atividade do porto est\u00e3o procurando se informar, afirmou o diretor-presidente. <em>(Colaborou: Mariana Nascimento.)<\/em> <\/p>\n","protected":false},"excerpt":{"rendered":"<p>Rodrigo Zuquim, da Ag\u00eancia iNFRA O aumento da participa\u00e7\u00e3o do transporte ferrovi\u00e1rio no acesso terrestre ao Porto de Santos (SP) \u00e9 um dos focos do PDZ (Plano de Desenvolvimento e Zoneamento), de acordo com Bruno Stupello, diretor de Desenvolvimento de Neg\u00f3cios e Regula\u00e7\u00e3o da SPA (Santos Port Authority). Com a prorroga\u00e7\u00e3o antecipada do contrato de [&hellip;]<\/p>\n","protected":false},"author":1,"featured_media":8645,"comment_status":"closed","ping_status":"closed","sticky":false,"template":"","format":"standard","meta":{"_monsterinsights_skip_tracking":false,"_monsterinsights_sitenote_active":false,"_monsterinsights_sitenote_note":"","_monsterinsights_sitenote_category":0,"footnotes":""},"categories":[1,7],"tags":[563,3536,3544,34,3444,2229,260,823,1941,70],"class_list":["post-10201","post","type-post","status-publish","format-standard","has-post-thumbnail","hentry","category-geral","category-infratransporte","tag-concessoes-ferroviarias","tag-ferrovia-interna-do-porto-de-santos","tag-fips","tag-infraestrutura","tag-movimentacao-de-cargas","tag-pdz","tag-porto-de-santos","tag-rumo-malha-paulista","tag-spa","tag-transportes"],"yoast_head":"<!-- This site is optimized with the Yoast SEO Premium plugin v25.4 (Yoast SEO v26.0) - https:\/\/yoast.com\/wordpress\/plugins\/seo\/ -->\n<title>SPA diz que investimento na Fips \u00e9 urgente; quebra de safra evitou gargalo - Ag\u00eancia iNFRA<\/title>\n<meta name=\"robots\" content=\"index, follow, max-snippet:-1, max-image-preview:large, max-video-preview:-1\" \/>\n<link rel=\"canonical\" href=\"https:\/\/agenciainfra.com\/blog\/spa-diz-que-investimento-na-fips-e-urgente-quebra-de-safra-evitou-gargalo\/\" \/>\n<meta property=\"og:locale\" content=\"pt_BR\" \/>\n<meta property=\"og:type\" content=\"article\" \/>\n<meta property=\"og:title\" content=\"SPA diz que investimento na Fips \u00e9 urgente; quebra de safra evitou gargalo\" \/>\n<meta property=\"og:description\" content=\"Rodrigo Zuquim, da Ag\u00eancia iNFRA O aumento da participa\u00e7\u00e3o do transporte ferrovi\u00e1rio no acesso terrestre ao Porto de Santos (SP) \u00e9 um dos focos do PDZ (Plano de Desenvolvimento e Zoneamento), de acordo com Bruno Stupello, diretor de Desenvolvimento de Neg\u00f3cios e Regula\u00e7\u00e3o da SPA (Santos Port Authority). Com a prorroga\u00e7\u00e3o antecipada do contrato de [&hellip;]\" \/>\n<meta property=\"og:url\" content=\"https:\/\/agenciainfra.com\/blog\/spa-diz-que-investimento-na-fips-e-urgente-quebra-de-safra-evitou-gargalo\/\" \/>\n<meta property=\"og:site_name\" content=\"Ag\u00eancia iNFRA\" \/>\n<meta property=\"article:publisher\" content=\"https:\/\/www.facebook.com\/ageninfra\" \/>\n<meta property=\"article:published_time\" content=\"2022-04-29T12:00:00+00:00\" \/>\n<meta property=\"og:image\" content=\"https:\/\/agenciainfra.com\/blog\/wp-content\/uploads\/2021\/10\/Fips-foto-SPA.jpg\" \/>\n\t<meta property=\"og:image:width\" content=\"1280\" \/>\n\t<meta property=\"og:image:height\" content=\"720\" \/>\n\t<meta property=\"og:image:type\" content=\"image\/jpeg\" \/>\n<meta name=\"author\" content=\"Ag\u00eancia iNFRA\" \/>\n<meta name=\"twitter:card\" content=\"summary_large_image\" \/>\n<meta name=\"twitter:creator\" content=\"@agencia_infra\" \/>\n<meta name=\"twitter:site\" content=\"@agencia_infra\" \/>\n<meta name=\"twitter:label1\" content=\"Escrito por\" \/>\n\t<meta name=\"twitter:data1\" content=\"Ag\u00eancia iNFRA\" \/>\n\t<meta name=\"twitter:label2\" content=\"Est. tempo de leitura\" \/>\n\t<meta name=\"twitter:data2\" content=\"3 minutos\" \/>\n<script type=\"application\/ld+json\" class=\"yoast-schema-graph\">{\"@context\":\"https:\/\/schema.org\",\"@graph\":[{\"@type\":\"Article\",\"@id\":\"https:\/\/agenciainfra.com\/blog\/spa-diz-que-investimento-na-fips-e-urgente-quebra-de-safra-evitou-gargalo\/#article\",\"isPartOf\":{\"@id\":\"https:\/\/agenciainfra.com\/blog\/spa-diz-que-investimento-na-fips-e-urgente-quebra-de-safra-evitou-gargalo\/\"},\"author\":{\"name\":\"Ag\u00eancia iNFRA\",\"@id\":\"https:\/\/agenciainfra.com\/blog\/#\/schema\/person\/34af08dff6adea4cb22b06612ba7acfa\"},\"headline\":\"SPA diz que investimento na Fips \u00e9 urgente; quebra de safra evitou gargalo\",\"datePublished\":\"2022-04-29T12:00:00+00:00\",\"mainEntityOfPage\":{\"@id\":\"https:\/\/agenciainfra.com\/blog\/spa-diz-que-investimento-na-fips-e-urgente-quebra-de-safra-evitou-gargalo\/\"},\"wordCount\":540,\"publisher\":{\"@id\":\"https:\/\/agenciainfra.com\/blog\/#organization\"},\"image\":{\"@id\":\"https:\/\/agenciainfra.com\/blog\/spa-diz-que-investimento-na-fips-e-urgente-quebra-de-safra-evitou-gargalo\/#primaryimage\"},\"thumbnailUrl\":\"https:\/\/agenciainfra.com\/blog\/wp-content\/uploads\/2021\/10\/Fips-foto-SPA.jpg\",\"keywords\":[\"concess\u00f5es ferrovi\u00e1rias\",\"Ferrovia Interna do Porto de Santos\",\"Fips\",\"Infraestrutura\",\"movimenta\u00e7\u00e3o de cargas\",\"PDZ\",\"Porto de Santos\",\"Rumo Malha Paulista\",\"SPA\",\"transportes\"],\"articleSection\":[\"Geral\",\"iNFRATransporte\"],\"inLanguage\":\"pt-BR\",\"copyrightYear\":\"2022\",\"copyrightHolder\":{\"@id\":\"https:\/\/agenciainfra.com\/blog\/#organization\"}},{\"@type\":\"WebPage\",\"@id\":\"https:\/\/agenciainfra.com\/blog\/spa-diz-que-investimento-na-fips-e-urgente-quebra-de-safra-evitou-gargalo\/\",\"url\":\"https:\/\/agenciainfra.com\/blog\/spa-diz-que-investimento-na-fips-e-urgente-quebra-de-safra-evitou-gargalo\/\",\"name\":\"SPA diz que investimento na Fips \u00e9 urgente; quebra de safra evitou gargalo - Ag\u00eancia iNFRA\",\"isPartOf\":{\"@id\":\"https:\/\/agenciainfra.com\/blog\/#website\"},\"primaryImageOfPage\":{\"@id\":\"https:\/\/agenciainfra.com\/blog\/spa-diz-que-investimento-na-fips-e-urgente-quebra-de-safra-evitou-gargalo\/#primaryimage\"},\"image\":{\"@id\":\"https:\/\/agenciainfra.com\/blog\/spa-diz-que-investimento-na-fips-e-urgente-quebra-de-safra-evitou-gargalo\/#primaryimage\"},\"thumbnailUrl\":\"https:\/\/agenciainfra.com\/blog\/wp-content\/uploads\/2021\/10\/Fips-foto-SPA.jpg\",\"datePublished\":\"2022-04-29T12:00:00+00:00\",\"breadcrumb\":{\"@id\":\"https:\/\/agenciainfra.com\/blog\/spa-diz-que-investimento-na-fips-e-urgente-quebra-de-safra-evitou-gargalo\/#breadcrumb\"},\"inLanguage\":\"pt-BR\",\"potentialAction\":[{\"@type\":\"ReadAction\",\"target\":[\"https:\/\/agenciainfra.com\/blog\/spa-diz-que-investimento-na-fips-e-urgente-quebra-de-safra-evitou-gargalo\/\"]}]},{\"@type\":\"ImageObject\",\"inLanguage\":\"pt-BR\",\"@id\":\"https:\/\/agenciainfra.com\/blog\/spa-diz-que-investimento-na-fips-e-urgente-quebra-de-safra-evitou-gargalo\/#primaryimage\",\"url\":\"https:\/\/agenciainfra.com\/blog\/wp-content\/uploads\/2021\/10\/Fips-foto-SPA.jpg\",\"contentUrl\":\"https:\/\/agenciainfra.com\/blog\/wp-content\/uploads\/2021\/10\/Fips-foto-SPA.jpg\",\"width\":1280,\"height\":720},{\"@type\":\"BreadcrumbList\",\"@id\":\"https:\/\/agenciainfra.com\/blog\/spa-diz-que-investimento-na-fips-e-urgente-quebra-de-safra-evitou-gargalo\/#breadcrumb\",\"itemListElement\":[{\"@type\":\"ListItem\",\"position\":1,\"name\":\"In\u00edcio\",\"item\":\"https:\/\/agenciainfra.com\/blog\/\"},{\"@type\":\"ListItem\",\"position\":2,\"name\":\"SPA diz que investimento na Fips \u00e9 urgente; quebra de safra evitou gargalo\"}]},{\"@type\":\"WebSite\",\"@id\":\"https:\/\/agenciainfra.com\/blog\/#website\",\"url\":\"https:\/\/agenciainfra.com\/blog\/\",\"name\":\"Ag\u00eancia iNFRA\",\"description\":\"Multiplataforma de informa\u00e7\u00e3o jornal\u00edstica refer\u00eancia na \u00e1rea de infraestrutura no Brasil!\",\"publisher\":{\"@id\":\"https:\/\/agenciainfra.com\/blog\/#organization\"},\"potentialAction\":[{\"@type\":\"SearchAction\",\"target\":{\"@type\":\"EntryPoint\",\"urlTemplate\":\"https:\/\/agenciainfra.com\/blog\/?s={search_term_string}\"},\"query-input\":{\"@type\":\"PropertyValueSpecification\",\"valueRequired\":true,\"valueName\":\"search_term_string\"}}],\"inLanguage\":\"pt-BR\"},{\"@type\":\"Organization\",\"@id\":\"https:\/\/agenciainfra.com\/blog\/#organization\",\"name\":\"Ag\u00eancia iNFRA\",\"url\":\"https:\/\/agenciainfra.com\/blog\/\",\"logo\":{\"@type\":\"ImageObject\",\"inLanguage\":\"pt-BR\",\"@id\":\"https:\/\/agenciainfra.com\/blog\/#\/schema\/logo\/image\/\",\"url\":\"https:\/\/agenciainfra.com\/blog\/wp-content\/uploads\/2023\/09\/iNFRA_5-e1761735885940.png\",\"contentUrl\":\"https:\/\/agenciainfra.com\/blog\/wp-content\/uploads\/2023\/09\/iNFRA_5-e1761735885940.png\",\"width\":1672,\"height\":454,\"caption\":\"Ag\u00eancia iNFRA\"},\"image\":{\"@id\":\"https:\/\/agenciainfra.com\/blog\/#\/schema\/logo\/image\/\"},\"sameAs\":[\"https:\/\/www.facebook.com\/ageninfra\",\"https:\/\/x.com\/agencia_infra\",\"https:\/\/www.linkedin.com\/company\/ag\u00eanciainfra\/\",\"https:\/\/www.instagram.com\/agenciainfra\/\"]},{\"@type\":\"Person\",\"@id\":\"https:\/\/agenciainfra.com\/blog\/#\/schema\/person\/34af08dff6adea4cb22b06612ba7acfa\",\"name\":\"Ag\u00eancia iNFRA\",\"image\":{\"@type\":\"ImageObject\",\"inLanguage\":\"pt-BR\",\"@id\":\"https:\/\/agenciainfra.com\/blog\/#\/schema\/person\/image\/\",\"url\":\"https:\/\/secure.gravatar.com\/avatar\/d189e01678f06d8eb84d4e01f08eb848b3fffe3f8443818d3c356c66892f5be8?s=96&d=mm&r=g\",\"contentUrl\":\"https:\/\/secure.gravatar.com\/avatar\/d189e01678f06d8eb84d4e01f08eb848b3fffe3f8443818d3c356c66892f5be8?s=96&d=mm&r=g\",\"caption\":\"Ag\u00eancia iNFRA\"},\"url\":\"https:\/\/agenciainfra.com\/blog\/author\/admin\/\"}]}<\/script>\n<!-- \/ Yoast SEO Premium plugin. -->","yoast_head_json":{"title":"SPA diz que investimento na Fips \u00e9 urgente; quebra de safra evitou gargalo - Ag\u00eancia iNFRA","robots":{"index":"index","follow":"follow","max-snippet":"max-snippet:-1","max-image-preview":"max-image-preview:large","max-video-preview":"max-video-preview:-1"},"canonical":"https:\/\/agenciainfra.com\/blog\/spa-diz-que-investimento-na-fips-e-urgente-quebra-de-safra-evitou-gargalo\/","og_locale":"pt_BR","og_type":"article","og_title":"SPA diz que investimento na Fips \u00e9 urgente; quebra de safra evitou gargalo","og_description":"Rodrigo Zuquim, da Ag\u00eancia iNFRA O aumento da participa\u00e7\u00e3o do transporte ferrovi\u00e1rio no acesso terrestre ao Porto de Santos (SP) \u00e9 um dos focos do PDZ (Plano de Desenvolvimento e Zoneamento), de acordo com Bruno Stupello, diretor de Desenvolvimento de Neg\u00f3cios e Regula\u00e7\u00e3o da SPA (Santos Port Authority). Com a prorroga\u00e7\u00e3o antecipada do contrato de [&hellip;]","og_url":"https:\/\/agenciainfra.com\/blog\/spa-diz-que-investimento-na-fips-e-urgente-quebra-de-safra-evitou-gargalo\/","og_site_name":"Ag\u00eancia iNFRA","article_publisher":"https:\/\/www.facebook.com\/ageninfra","article_published_time":"2022-04-29T12:00:00+00:00","og_image":[{"width":1280,"height":720,"url":"https:\/\/agenciainfra.com\/blog\/wp-content\/uploads\/2021\/10\/Fips-foto-SPA.jpg","type":"image\/jpeg"}],"author":"Ag\u00eancia iNFRA","twitter_card":"summary_large_image","twitter_creator":"@agencia_infra","twitter_site":"@agencia_infra","twitter_misc":{"Escrito por":"Ag\u00eancia iNFRA","Est. tempo de leitura":"3 minutos"},"schema":{"@context":"https:\/\/schema.org","@graph":[{"@type":"Article","@id":"https:\/\/agenciainfra.com\/blog\/spa-diz-que-investimento-na-fips-e-urgente-quebra-de-safra-evitou-gargalo\/#article","isPartOf":{"@id":"https:\/\/agenciainfra.com\/blog\/spa-diz-que-investimento-na-fips-e-urgente-quebra-de-safra-evitou-gargalo\/"},"author":{"name":"Ag\u00eancia iNFRA","@id":"https:\/\/agenciainfra.com\/blog\/#\/schema\/person\/34af08dff6adea4cb22b06612ba7acfa"},"headline":"SPA diz que investimento na Fips \u00e9 urgente; quebra de safra evitou gargalo","datePublished":"2022-04-29T12:00:00+00:00","mainEntityOfPage":{"@id":"https:\/\/agenciainfra.com\/blog\/spa-diz-que-investimento-na-fips-e-urgente-quebra-de-safra-evitou-gargalo\/"},"wordCount":540,"publisher":{"@id":"https:\/\/agenciainfra.com\/blog\/#organization"},"image":{"@id":"https:\/\/agenciainfra.com\/blog\/spa-diz-que-investimento-na-fips-e-urgente-quebra-de-safra-evitou-gargalo\/#primaryimage"},"thumbnailUrl":"https:\/\/agenciainfra.com\/blog\/wp-content\/uploads\/2021\/10\/Fips-foto-SPA.jpg","keywords":["concess\u00f5es ferrovi\u00e1rias","Ferrovia Interna do Porto de Santos","Fips","Infraestrutura","movimenta\u00e7\u00e3o de cargas","PDZ","Porto de Santos","Rumo Malha Paulista","SPA","transportes"],"articleSection":["Geral","iNFRATransporte"],"inLanguage":"pt-BR","copyrightYear":"2022","copyrightHolder":{"@id":"https:\/\/agenciainfra.com\/blog\/#organization"}},{"@type":"WebPage","@id":"https:\/\/agenciainfra.com\/blog\/spa-diz-que-investimento-na-fips-e-urgente-quebra-de-safra-evitou-gargalo\/","url":"https:\/\/agenciainfra.com\/blog\/spa-diz-que-investimento-na-fips-e-urgente-quebra-de-safra-evitou-gargalo\/","name":"SPA diz que investimento na Fips \u00e9 urgente; quebra de safra evitou gargalo - Ag\u00eancia iNFRA","isPartOf":{"@id":"https:\/\/agenciainfra.com\/blog\/#website"},"primaryImageOfPage":{"@id":"https:\/\/agenciainfra.com\/blog\/spa-diz-que-investimento-na-fips-e-urgente-quebra-de-safra-evitou-gargalo\/#primaryimage"},"image":{"@id":"https:\/\/agenciainfra.com\/blog\/spa-diz-que-investimento-na-fips-e-urgente-quebra-de-safra-evitou-gargalo\/#primaryimage"},"thumbnailUrl":"https:\/\/agenciainfra.com\/blog\/wp-content\/uploads\/2021\/10\/Fips-foto-SPA.jpg","datePublished":"2022-04-29T12:00:00+00:00","breadcrumb":{"@id":"https:\/\/agenciainfra.com\/blog\/spa-diz-que-investimento-na-fips-e-urgente-quebra-de-safra-evitou-gargalo\/#breadcrumb"},"inLanguage":"pt-BR","potentialAction":[{"@type":"ReadAction","target":["https:\/\/agenciainfra.com\/blog\/spa-diz-que-investimento-na-fips-e-urgente-quebra-de-safra-evitou-gargalo\/"]}]},{"@type":"ImageObject","inLanguage":"pt-BR","@id":"https:\/\/agenciainfra.com\/blog\/spa-diz-que-investimento-na-fips-e-urgente-quebra-de-safra-evitou-gargalo\/#primaryimage","url":"https:\/\/agenciainfra.com\/blog\/wp-content\/uploads\/2021\/10\/Fips-foto-SPA.jpg","contentUrl":"https:\/\/agenciainfra.com\/blog\/wp-content\/uploads\/2021\/10\/Fips-foto-SPA.jpg","width":1280,"height":720},{"@type":"BreadcrumbList","@id":"https:\/\/agenciainfra.com\/blog\/spa-diz-que-investimento-na-fips-e-urgente-quebra-de-safra-evitou-gargalo\/#breadcrumb","itemListElement":[{"@type":"ListItem","position":1,"name":"In\u00edcio","item":"https:\/\/agenciainfra.com\/blog\/"},{"@type":"ListItem","position":2,"name":"SPA diz que investimento na Fips \u00e9 urgente; quebra de safra evitou gargalo"}]},{"@type":"WebSite","@id":"https:\/\/agenciainfra.com\/blog\/#website","url":"https:\/\/agenciainfra.com\/blog\/","name":"Ag\u00eancia iNFRA","description":"Multiplataforma de informa\u00e7\u00e3o jornal\u00edstica refer\u00eancia na \u00e1rea de infraestrutura no Brasil!","publisher":{"@id":"https:\/\/agenciainfra.com\/blog\/#organization"},"potentialAction":[{"@type":"SearchAction","target":{"@type":"EntryPoint","urlTemplate":"https:\/\/agenciainfra.com\/blog\/?s={search_term_string}"},"query-input":{"@type":"PropertyValueSpecification","valueRequired":true,"valueName":"search_term_string"}}],"inLanguage":"pt-BR"},{"@type":"Organization","@id":"https:\/\/agenciainfra.com\/blog\/#organization","name":"Ag\u00eancia iNFRA","url":"https:\/\/agenciainfra.com\/blog\/","logo":{"@type":"ImageObject","inLanguage":"pt-BR","@id":"https:\/\/agenciainfra.com\/blog\/#\/schema\/logo\/image\/","url":"https:\/\/agenciainfra.com\/blog\/wp-content\/uploads\/2023\/09\/iNFRA_5-e1761735885940.png","contentUrl":"https:\/\/agenciainfra.com\/blog\/wp-content\/uploads\/2023\/09\/iNFRA_5-e1761735885940.png","width":1672,"height":454,"caption":"Ag\u00eancia iNFRA"},"image":{"@id":"https:\/\/agenciainfra.com\/blog\/#\/schema\/logo\/image\/"},"sameAs":["https:\/\/www.facebook.com\/ageninfra","https:\/\/x.com\/agencia_infra","https:\/\/www.linkedin.com\/company\/ag\u00eanciainfra\/","https:\/\/www.instagram.com\/agenciainfra\/"]},{"@type":"Person","@id":"https:\/\/agenciainfra.com\/blog\/#\/schema\/person\/34af08dff6adea4cb22b06612ba7acfa","name":"Ag\u00eancia iNFRA","image":{"@type":"ImageObject","inLanguage":"pt-BR","@id":"https:\/\/agenciainfra.com\/blog\/#\/schema\/person\/image\/","url":"https:\/\/secure.gravatar.com\/avatar\/d189e01678f06d8eb84d4e01f08eb848b3fffe3f8443818d3c356c66892f5be8?s=96&d=mm&r=g","contentUrl":"https:\/\/secure.gravatar.com\/avatar\/d189e01678f06d8eb84d4e01f08eb848b3fffe3f8443818d3c356c66892f5be8?s=96&d=mm&r=g","caption":"Ag\u00eancia iNFRA"},"url":"https:\/\/agenciainfra.com\/blog\/author\/admin\/"}]}},"_links":{"self":[{"href":"https:\/\/agenciainfra.com\/blog\/wp-json\/wp\/v2\/posts\/10201","targetHints":{"allow":["GET"]}}],"collection":[{"href":"https:\/\/agenciainfra.com\/blog\/wp-json\/wp\/v2\/posts"}],"about":[{"href":"https:\/\/agenciainfra.com\/blog\/wp-json\/wp\/v2\/types\/post"}],"author":[{"embeddable":true,"href":"https:\/\/agenciainfra.com\/blog\/wp-json\/wp\/v2\/users\/1"}],"replies":[{"embeddable":true,"href":"https:\/\/agenciainfra.com\/blog\/wp-json\/wp\/v2\/comments?post=10201"}],"version-history":[{"count":0,"href":"https:\/\/agenciainfra.com\/blog\/wp-json\/wp\/v2\/posts\/10201\/revisions"}],"wp:featuredmedia":[{"embeddable":true,"href":"https:\/\/agenciainfra.com\/blog\/wp-json\/wp\/v2\/media\/8645"}],"wp:attachment":[{"href":"https:\/\/agenciainfra.com\/blog\/wp-json\/wp\/v2\/media?parent=10201"}],"wp:term":[{"taxonomy":"category","embeddable":true,"href":"https:\/\/agenciainfra.com\/blog\/wp-json\/wp\/v2\/categories?post=10201"},{"taxonomy":"post_tag","embeddable":true,"href":"https:\/\/agenciainfra.com\/blog\/wp-json\/wp\/v2\/tags?post=10201"}],"curies":[{"name":"wp","href":"https:\/\/api.w.org\/{rel}","templated":true}]}}