{"id":10212,"date":"2022-04-29T10:00:00","date_gmt":"2022-04-29T13:00:00","guid":{"rendered":"https:\/\/www.agenciainfra.com\/blog\/?p=10212"},"modified":"2022-04-29T09:04:28","modified_gmt":"2022-04-29T12:04:28","slug":"capitalizacao-da-eletrobras-precisa-de-investidores-externos-mas-parte-deles-estara-de-ferias-em-julho","status":"publish","type":"post","link":"https:\/\/agenciainfra.com\/blog\/capitalizacao-da-eletrobras-precisa-de-investidores-externos-mas-parte-deles-estara-de-ferias-em-julho\/","title":{"rendered":"Capitaliza\u00e7\u00e3o da Eletrobras precisa de investidores externos, mas parte deles estar\u00e1 de f\u00e9rias em julho"},"content":{"rendered":"\n<p class=\"has-text-align-right\"><strong>Roberto Rockmann*<\/strong><\/p>\n\n\n\n<p>O m\u00eas de abril postergou o fim da novela de capitaliza\u00e7\u00e3o da Eletrobras, cujo processo ser\u00e1 julgado pela \u00faltima vez pelo TCU (Tribunal de Contas da Uni\u00e3o) em 18 de maio. O governo pretende levar em junho ou at\u00e9 a segunda quinzena de julho a opera\u00e7\u00e3o que ter\u00e1 de levantar R$ 25 bilh\u00f5es no mercado para que a Uni\u00e3o deixe de ser acionista majorit\u00e1ria da estatal. No mercado, h\u00e1 incertezas sobre o andamento do processo.<\/p>\n\n\n\n<p>Levantar R$ 25 bilh\u00f5es exigir\u00e1 acessar bolsos no exterior. O volume \u00e9 elevado diante de um cen\u00e1rio que combina: proximidade das elei\u00e7\u00f5es, piora do cen\u00e1rio pol\u00edtico e macroecon\u00f4mico no Brasil, f\u00e9rias de ver\u00e3o no hemisf\u00e9rio norte e menor liquidez internacional com o Banco Central dos Estados Unidos apertando o torniquete monet\u00e1rio.<\/p>\n\n\n\n<p>A tarefa n\u00e3o \u00e9 simples e traz d\u00favidas para executivos que trabalharam na linha de frente da estatal. \u201cN\u00e3o \u00e9 simples e ser\u00e1 bastante desafiador, porque ela depender\u00e1 dos americanos e uma boa parte deles estar\u00e1 em f\u00e9rias\u201d, resume um executivo do setor financeiro. Em julho de 1998, o governo FHC fez a privatiza\u00e7\u00e3o da Telebr\u00e1s, mas era outro contexto. Os pre\u00e7os de energia no mercado livre que constam no edital tamb\u00e9m seriam elevados, o que retiraria a atratividade, segundo consultores que analisaram os documentos.<\/p>\n\n\n\n<p>Nos minist\u00e9rios da Economia e de Minas e Energia, o atraso na decis\u00e3o reduziu um pouco o \u00e2nimo, mas a expectativa \u00e9 de que ainda h\u00e1 tempo e interesse. A leitura \u00e9 de que os road shows mostraram apetite de grandes fundos internacionais. Com 30% da gera\u00e7\u00e3o e 40% da transmiss\u00e3o, livre das amarras da Lei 8.666 e com mais flexibilidade para investir e reduzir custos, a estatal teria grande potencial de ganho.<\/p>\n\n\n\n<p>Na primeira semana de abril, o governo correu para que o TCU desse seu sinal verde ainda em abril, o que permitiria realizar a opera\u00e7\u00e3o no m\u00eas que vem. Na primeira ter\u00e7a-feira do m\u00eas, tr\u00eas empres\u00e1rios receberam liga\u00e7\u00f5es do governo federal para falar em um evento organizado \u00e0s pressas na quinta-feira, 8 de abril, sobre a import\u00e2ncia da capitaliza\u00e7\u00e3o da estatal.<\/p>\n\n\n\n<p>Com agendas apertadas, eles n\u00e3o puderam participar. Organizado \u00e0s pressas, o evento, que buscava explicar a opera\u00e7\u00e3o, ent\u00e3o teve como destaque a participa\u00e7\u00e3o do ministro da Economia, Paulo Guedes. O evento no TCU n\u00e3o impediu o atraso no processo, mas o \u00f3rg\u00e3o de controle j\u00e1 teria deixado de ser a fonte de receio. Na semana passada, o ministro de Minas e Energia, Bento Albuquerque, apontou nessa dire\u00e7\u00e3o. \u201cA decis\u00e3o atrasou o cronograma, mas o relator apresentou seu voto e foi discutido com todos os ministros\u201d, disse a jornalistas.<\/p>\n\n\n\n<p>O PT (Partido dos Trabalhadores) observa de perto a discuss\u00e3o. No grupo de energia, o assunto Eletrobras divide as aten\u00e7\u00f5es com o de refinarias. A capitaliza\u00e7\u00e3o da Eletrobras \u00e9 vista com descren\u00e7a. Em uma das etapas de valoriza\u00e7\u00e3o da estatal, o crit\u00e9rio usado teria sido o de atualiza\u00e7\u00e3o do capital social, o que n\u00e3o seria permitido. Essa \u00e9 a base da argumenta\u00e7\u00e3o que tem sido usada para criticar o processo.<\/p>\n\n\n\n<p>Caso a capitaliza\u00e7\u00e3o n\u00e3o ocorra at\u00e9 julho, ela ficar\u00e1 para o pr\u00f3ximo governo. Em uma eventual presid\u00eancia de Luiz In\u00e1cio Lula da Silva a partir de 2023, provavelmente ela ter\u00e1 hist\u00f3ria similar \u00e0 de 2003, quando Lula, ao assumir seu primeiro ano de mandato, retirou a Eletrobras do PND (Programa Nacional de Desestatiza\u00e7\u00e3o).<\/p>\n\n\n\n<h6 class=\"wp-block-heading\" id=\"block-f323f59b-51bf-4eed-b17b-3c7d3b917007\">*Roberto Rockmann <strong>\u00e9 escritor e jornalista. Coautor do livro \u201cCurto-Circuito, quando o Brasil quase ficou \u00e0s escuras\u201d e produtor do podcast quinzenal \u201cGiro Energia\u201d sobre o setor el\u00e9trico. Organizou em 2018 o livro de 20 anos do mercado livre de energia el\u00e9trica, editado pela CCEE (C\u00e2mara de Comercializa\u00e7\u00e3o de Energia El\u00e9trica), al\u00e9m de v\u00e1rios outros livros e trabalhos premiados<\/strong>.<\/h6>\n\n\n\n<p> <strong>As opini\u00f5es dos autores n\u00e3o refletem necessariamente o pensamento da Ag\u00eancia iNFRA, sendo de total responsabilidade do autor as informa\u00e7\u00f5es, ju\u00edzos de valor e conceitos descritos no texto<\/strong>. <\/p>\n","protected":false},"excerpt":{"rendered":"<p>Roberto Rockmann* O m\u00eas de abril postergou o fim da novela de capitaliza\u00e7\u00e3o da Eletrobras, cujo processo ser\u00e1 julgado pela \u00faltima vez pelo TCU (Tribunal de Contas da Uni\u00e3o) em 18 de maio. O governo pretende levar em junho ou at\u00e9 a segunda quinzena de julho a opera\u00e7\u00e3o que ter\u00e1 de levantar R$ 25 bilh\u00f5es [&hellip;]<\/p>\n","protected":false},"author":1,"featured_media":10213,"comment_status":"closed","ping_status":"closed","sticky":false,"template":"","format":"standard","meta":{"_monsterinsights_skip_tracking":false,"_monsterinsights_sitenote_active":false,"_monsterinsights_sitenote_note":"","_monsterinsights_sitenote_category":0,"footnotes":""},"categories":[1],"tags":[1430,4672,282,34,580,766,96,962,165,18],"class_list":["post-10212","post","type-post","status-publish","format-standard","has-post-thumbnail","hentry","category-geral","tag-capitalizacao","tag-capitalizacao-da-eletrobras","tag-energia-eletrica","tag-infraestrutura","tag-lula","tag-ministerio-da-economia","tag-ministerio-de-minas-e-energia","tag-paulo-guedes","tag-pnd","tag-tcu"],"yoast_head":"<!-- This site is optimized with the Yoast SEO Premium plugin v25.4 (Yoast SEO v26.0) - https:\/\/yoast.com\/wordpress\/plugins\/seo\/ -->\n<title>Capitaliza\u00e7\u00e3o da Eletrobras precisa de investidores externos, mas parte deles estar\u00e1 de f\u00e9rias em julho - Ag\u00eancia iNFRA<\/title>\n<meta name=\"robots\" content=\"index, follow, max-snippet:-1, max-image-preview:large, max-video-preview:-1\" \/>\n<link rel=\"canonical\" href=\"https:\/\/agenciainfra.com\/blog\/capitalizacao-da-eletrobras-precisa-de-investidores-externos-mas-parte-deles-estara-de-ferias-em-julho\/\" \/>\n<meta property=\"og:locale\" content=\"pt_BR\" \/>\n<meta property=\"og:type\" content=\"article\" \/>\n<meta property=\"og:title\" content=\"Capitaliza\u00e7\u00e3o da Eletrobras precisa de investidores externos, mas parte deles estar\u00e1 de f\u00e9rias em julho\" \/>\n<meta property=\"og:description\" content=\"Roberto Rockmann* O m\u00eas de abril postergou o fim da novela de capitaliza\u00e7\u00e3o da Eletrobras, cujo processo ser\u00e1 julgado pela \u00faltima vez pelo TCU (Tribunal de Contas da Uni\u00e3o) em 18 de maio. O governo pretende levar em junho ou at\u00e9 a segunda quinzena de julho a opera\u00e7\u00e3o que ter\u00e1 de levantar R$ 25 bilh\u00f5es [&hellip;]\" \/>\n<meta property=\"og:url\" content=\"https:\/\/agenciainfra.com\/blog\/capitalizacao-da-eletrobras-precisa-de-investidores-externos-mas-parte-deles-estara-de-ferias-em-julho\/\" \/>\n<meta property=\"og:site_name\" content=\"Ag\u00eancia iNFRA\" \/>\n<meta property=\"article:publisher\" content=\"https:\/\/www.facebook.com\/ageninfra\" \/>\n<meta property=\"article:published_time\" content=\"2022-04-29T13:00:00+00:00\" \/>\n<meta property=\"og:image\" content=\"https:\/\/agenciainfra.com\/blog\/wp-content\/uploads\/2022\/04\/eletrobras-foto-eletrobras.jpg\" \/>\n\t<meta property=\"og:image:width\" content=\"1279\" \/>\n\t<meta property=\"og:image:height\" content=\"848\" \/>\n\t<meta property=\"og:image:type\" content=\"image\/jpeg\" \/>\n<meta name=\"author\" content=\"Ag\u00eancia iNFRA\" \/>\n<meta name=\"twitter:card\" content=\"summary_large_image\" \/>\n<meta name=\"twitter:creator\" content=\"@agencia_infra\" \/>\n<meta name=\"twitter:site\" content=\"@agencia_infra\" \/>\n<meta name=\"twitter:label1\" content=\"Escrito por\" \/>\n\t<meta name=\"twitter:data1\" content=\"Ag\u00eancia iNFRA\" \/>\n\t<meta name=\"twitter:label2\" content=\"Est. tempo de leitura\" \/>\n\t<meta name=\"twitter:data2\" content=\"3 minutos\" \/>\n<script type=\"application\/ld+json\" class=\"yoast-schema-graph\">{\"@context\":\"https:\/\/schema.org\",\"@graph\":[{\"@type\":\"Article\",\"@id\":\"https:\/\/agenciainfra.com\/blog\/capitalizacao-da-eletrobras-precisa-de-investidores-externos-mas-parte-deles-estara-de-ferias-em-julho\/#article\",\"isPartOf\":{\"@id\":\"https:\/\/agenciainfra.com\/blog\/capitalizacao-da-eletrobras-precisa-de-investidores-externos-mas-parte-deles-estara-de-ferias-em-julho\/\"},\"author\":{\"name\":\"Ag\u00eancia iNFRA\",\"@id\":\"https:\/\/agenciainfra.com\/blog\/#\/schema\/person\/34af08dff6adea4cb22b06612ba7acfa\"},\"headline\":\"Capitaliza\u00e7\u00e3o da Eletrobras precisa de investidores externos, mas parte deles estar\u00e1 de f\u00e9rias em julho\",\"datePublished\":\"2022-04-29T13:00:00+00:00\",\"mainEntityOfPage\":{\"@id\":\"https:\/\/agenciainfra.com\/blog\/capitalizacao-da-eletrobras-precisa-de-investidores-externos-mas-parte-deles-estara-de-ferias-em-julho\/\"},\"wordCount\":715,\"publisher\":{\"@id\":\"https:\/\/agenciainfra.com\/blog\/#organization\"},\"image\":{\"@id\":\"https:\/\/agenciainfra.com\/blog\/capitalizacao-da-eletrobras-precisa-de-investidores-externos-mas-parte-deles-estara-de-ferias-em-julho\/#primaryimage\"},\"thumbnailUrl\":\"https:\/\/agenciainfra.com\/blog\/wp-content\/uploads\/2022\/04\/eletrobras-foto-eletrobras.jpg\",\"keywords\":[\"capitaliza\u00e7\u00e3o\",\"capitaliza\u00e7\u00e3o da Eletrobras\",\"energia el\u00e9trica\",\"Infraestrutura\",\"Lula\",\"Minist\u00e9rio da Economia\",\"Minist\u00e9rio de Minas e Energia\",\"Paulo Guedes\",\"PND\",\"TCU\"],\"articleSection\":[\"Geral\"],\"inLanguage\":\"pt-BR\",\"copyrightYear\":\"2022\",\"copyrightHolder\":{\"@id\":\"https:\/\/agenciainfra.com\/blog\/#organization\"}},{\"@type\":\"WebPage\",\"@id\":\"https:\/\/agenciainfra.com\/blog\/capitalizacao-da-eletrobras-precisa-de-investidores-externos-mas-parte-deles-estara-de-ferias-em-julho\/\",\"url\":\"https:\/\/agenciainfra.com\/blog\/capitalizacao-da-eletrobras-precisa-de-investidores-externos-mas-parte-deles-estara-de-ferias-em-julho\/\",\"name\":\"Capitaliza\u00e7\u00e3o da Eletrobras precisa de investidores externos, mas parte deles estar\u00e1 de f\u00e9rias em julho - Ag\u00eancia iNFRA\",\"isPartOf\":{\"@id\":\"https:\/\/agenciainfra.com\/blog\/#website\"},\"primaryImageOfPage\":{\"@id\":\"https:\/\/agenciainfra.com\/blog\/capitalizacao-da-eletrobras-precisa-de-investidores-externos-mas-parte-deles-estara-de-ferias-em-julho\/#primaryimage\"},\"image\":{\"@id\":\"https:\/\/agenciainfra.com\/blog\/capitalizacao-da-eletrobras-precisa-de-investidores-externos-mas-parte-deles-estara-de-ferias-em-julho\/#primaryimage\"},\"thumbnailUrl\":\"https:\/\/agenciainfra.com\/blog\/wp-content\/uploads\/2022\/04\/eletrobras-foto-eletrobras.jpg\",\"datePublished\":\"2022-04-29T13:00:00+00:00\",\"breadcrumb\":{\"@id\":\"https:\/\/agenciainfra.com\/blog\/capitalizacao-da-eletrobras-precisa-de-investidores-externos-mas-parte-deles-estara-de-ferias-em-julho\/#breadcrumb\"},\"inLanguage\":\"pt-BR\",\"potentialAction\":[{\"@type\":\"ReadAction\",\"target\":[\"https:\/\/agenciainfra.com\/blog\/capitalizacao-da-eletrobras-precisa-de-investidores-externos-mas-parte-deles-estara-de-ferias-em-julho\/\"]}]},{\"@type\":\"ImageObject\",\"inLanguage\":\"pt-BR\",\"@id\":\"https:\/\/agenciainfra.com\/blog\/capitalizacao-da-eletrobras-precisa-de-investidores-externos-mas-parte-deles-estara-de-ferias-em-julho\/#primaryimage\",\"url\":\"https:\/\/agenciainfra.com\/blog\/wp-content\/uploads\/2022\/04\/eletrobras-foto-eletrobras.jpg\",\"contentUrl\":\"https:\/\/agenciainfra.com\/blog\/wp-content\/uploads\/2022\/04\/eletrobras-foto-eletrobras.jpg\",\"width\":1279,\"height\":848,\"caption\":\"Foto: Divulga\u00e7\u00e3o\/Eletrobras\"},{\"@type\":\"BreadcrumbList\",\"@id\":\"https:\/\/agenciainfra.com\/blog\/capitalizacao-da-eletrobras-precisa-de-investidores-externos-mas-parte-deles-estara-de-ferias-em-julho\/#breadcrumb\",\"itemListElement\":[{\"@type\":\"ListItem\",\"position\":1,\"name\":\"In\u00edcio\",\"item\":\"https:\/\/agenciainfra.com\/blog\/\"},{\"@type\":\"ListItem\",\"position\":2,\"name\":\"Capitaliza\u00e7\u00e3o da Eletrobras precisa de investidores externos, mas parte deles estar\u00e1 de f\u00e9rias em julho\"}]},{\"@type\":\"WebSite\",\"@id\":\"https:\/\/agenciainfra.com\/blog\/#website\",\"url\":\"https:\/\/agenciainfra.com\/blog\/\",\"name\":\"Ag\u00eancia iNFRA\",\"description\":\"Multiplataforma de informa\u00e7\u00e3o jornal\u00edstica refer\u00eancia na \u00e1rea de infraestrutura no Brasil!\",\"publisher\":{\"@id\":\"https:\/\/agenciainfra.com\/blog\/#organization\"},\"potentialAction\":[{\"@type\":\"SearchAction\",\"target\":{\"@type\":\"EntryPoint\",\"urlTemplate\":\"https:\/\/agenciainfra.com\/blog\/?s={search_term_string}\"},\"query-input\":{\"@type\":\"PropertyValueSpecification\",\"valueRequired\":true,\"valueName\":\"search_term_string\"}}],\"inLanguage\":\"pt-BR\"},{\"@type\":\"Organization\",\"@id\":\"https:\/\/agenciainfra.com\/blog\/#organization\",\"name\":\"Ag\u00eancia iNFRA\",\"url\":\"https:\/\/agenciainfra.com\/blog\/\",\"logo\":{\"@type\":\"ImageObject\",\"inLanguage\":\"pt-BR\",\"@id\":\"https:\/\/agenciainfra.com\/blog\/#\/schema\/logo\/image\/\",\"url\":\"https:\/\/agenciainfra.com\/blog\/wp-content\/uploads\/2023\/09\/iNFRA_5-e1761735885940.png\",\"contentUrl\":\"https:\/\/agenciainfra.com\/blog\/wp-content\/uploads\/2023\/09\/iNFRA_5-e1761735885940.png\",\"width\":1672,\"height\":454,\"caption\":\"Ag\u00eancia iNFRA\"},\"image\":{\"@id\":\"https:\/\/agenciainfra.com\/blog\/#\/schema\/logo\/image\/\"},\"sameAs\":[\"https:\/\/www.facebook.com\/ageninfra\",\"https:\/\/x.com\/agencia_infra\",\"https:\/\/www.linkedin.com\/company\/ag\u00eanciainfra\/\",\"https:\/\/www.instagram.com\/agenciainfra\/\"]},{\"@type\":\"Person\",\"@id\":\"https:\/\/agenciainfra.com\/blog\/#\/schema\/person\/34af08dff6adea4cb22b06612ba7acfa\",\"name\":\"Ag\u00eancia iNFRA\",\"image\":{\"@type\":\"ImageObject\",\"inLanguage\":\"pt-BR\",\"@id\":\"https:\/\/agenciainfra.com\/blog\/#\/schema\/person\/image\/\",\"url\":\"https:\/\/secure.gravatar.com\/avatar\/d189e01678f06d8eb84d4e01f08eb848b3fffe3f8443818d3c356c66892f5be8?s=96&d=mm&r=g\",\"contentUrl\":\"https:\/\/secure.gravatar.com\/avatar\/d189e01678f06d8eb84d4e01f08eb848b3fffe3f8443818d3c356c66892f5be8?s=96&d=mm&r=g\",\"caption\":\"Ag\u00eancia iNFRA\"},\"url\":\"https:\/\/agenciainfra.com\/blog\/author\/admin\/\"}]}<\/script>\n<!-- \/ Yoast SEO Premium plugin. -->","yoast_head_json":{"title":"Capitaliza\u00e7\u00e3o da Eletrobras precisa de investidores externos, mas parte deles estar\u00e1 de f\u00e9rias em julho - Ag\u00eancia iNFRA","robots":{"index":"index","follow":"follow","max-snippet":"max-snippet:-1","max-image-preview":"max-image-preview:large","max-video-preview":"max-video-preview:-1"},"canonical":"https:\/\/agenciainfra.com\/blog\/capitalizacao-da-eletrobras-precisa-de-investidores-externos-mas-parte-deles-estara-de-ferias-em-julho\/","og_locale":"pt_BR","og_type":"article","og_title":"Capitaliza\u00e7\u00e3o da Eletrobras precisa de investidores externos, mas parte deles estar\u00e1 de f\u00e9rias em julho","og_description":"Roberto Rockmann* O m\u00eas de abril postergou o fim da novela de capitaliza\u00e7\u00e3o da Eletrobras, cujo processo ser\u00e1 julgado pela \u00faltima vez pelo TCU (Tribunal de Contas da Uni\u00e3o) em 18 de maio. O governo pretende levar em junho ou at\u00e9 a segunda quinzena de julho a opera\u00e7\u00e3o que ter\u00e1 de levantar R$ 25 bilh\u00f5es [&hellip;]","og_url":"https:\/\/agenciainfra.com\/blog\/capitalizacao-da-eletrobras-precisa-de-investidores-externos-mas-parte-deles-estara-de-ferias-em-julho\/","og_site_name":"Ag\u00eancia iNFRA","article_publisher":"https:\/\/www.facebook.com\/ageninfra","article_published_time":"2022-04-29T13:00:00+00:00","og_image":[{"width":1279,"height":848,"url":"https:\/\/agenciainfra.com\/blog\/wp-content\/uploads\/2022\/04\/eletrobras-foto-eletrobras.jpg","type":"image\/jpeg"}],"author":"Ag\u00eancia iNFRA","twitter_card":"summary_large_image","twitter_creator":"@agencia_infra","twitter_site":"@agencia_infra","twitter_misc":{"Escrito por":"Ag\u00eancia iNFRA","Est. tempo de leitura":"3 minutos"},"schema":{"@context":"https:\/\/schema.org","@graph":[{"@type":"Article","@id":"https:\/\/agenciainfra.com\/blog\/capitalizacao-da-eletrobras-precisa-de-investidores-externos-mas-parte-deles-estara-de-ferias-em-julho\/#article","isPartOf":{"@id":"https:\/\/agenciainfra.com\/blog\/capitalizacao-da-eletrobras-precisa-de-investidores-externos-mas-parte-deles-estara-de-ferias-em-julho\/"},"author":{"name":"Ag\u00eancia iNFRA","@id":"https:\/\/agenciainfra.com\/blog\/#\/schema\/person\/34af08dff6adea4cb22b06612ba7acfa"},"headline":"Capitaliza\u00e7\u00e3o da Eletrobras precisa de investidores externos, mas parte deles estar\u00e1 de f\u00e9rias em julho","datePublished":"2022-04-29T13:00:00+00:00","mainEntityOfPage":{"@id":"https:\/\/agenciainfra.com\/blog\/capitalizacao-da-eletrobras-precisa-de-investidores-externos-mas-parte-deles-estara-de-ferias-em-julho\/"},"wordCount":715,"publisher":{"@id":"https:\/\/agenciainfra.com\/blog\/#organization"},"image":{"@id":"https:\/\/agenciainfra.com\/blog\/capitalizacao-da-eletrobras-precisa-de-investidores-externos-mas-parte-deles-estara-de-ferias-em-julho\/#primaryimage"},"thumbnailUrl":"https:\/\/agenciainfra.com\/blog\/wp-content\/uploads\/2022\/04\/eletrobras-foto-eletrobras.jpg","keywords":["capitaliza\u00e7\u00e3o","capitaliza\u00e7\u00e3o da Eletrobras","energia el\u00e9trica","Infraestrutura","Lula","Minist\u00e9rio da Economia","Minist\u00e9rio de Minas e Energia","Paulo Guedes","PND","TCU"],"articleSection":["Geral"],"inLanguage":"pt-BR","copyrightYear":"2022","copyrightHolder":{"@id":"https:\/\/agenciainfra.com\/blog\/#organization"}},{"@type":"WebPage","@id":"https:\/\/agenciainfra.com\/blog\/capitalizacao-da-eletrobras-precisa-de-investidores-externos-mas-parte-deles-estara-de-ferias-em-julho\/","url":"https:\/\/agenciainfra.com\/blog\/capitalizacao-da-eletrobras-precisa-de-investidores-externos-mas-parte-deles-estara-de-ferias-em-julho\/","name":"Capitaliza\u00e7\u00e3o da Eletrobras precisa de investidores externos, mas parte deles estar\u00e1 de f\u00e9rias em julho - Ag\u00eancia iNFRA","isPartOf":{"@id":"https:\/\/agenciainfra.com\/blog\/#website"},"primaryImageOfPage":{"@id":"https:\/\/agenciainfra.com\/blog\/capitalizacao-da-eletrobras-precisa-de-investidores-externos-mas-parte-deles-estara-de-ferias-em-julho\/#primaryimage"},"image":{"@id":"https:\/\/agenciainfra.com\/blog\/capitalizacao-da-eletrobras-precisa-de-investidores-externos-mas-parte-deles-estara-de-ferias-em-julho\/#primaryimage"},"thumbnailUrl":"https:\/\/agenciainfra.com\/blog\/wp-content\/uploads\/2022\/04\/eletrobras-foto-eletrobras.jpg","datePublished":"2022-04-29T13:00:00+00:00","breadcrumb":{"@id":"https:\/\/agenciainfra.com\/blog\/capitalizacao-da-eletrobras-precisa-de-investidores-externos-mas-parte-deles-estara-de-ferias-em-julho\/#breadcrumb"},"inLanguage":"pt-BR","potentialAction":[{"@type":"ReadAction","target":["https:\/\/agenciainfra.com\/blog\/capitalizacao-da-eletrobras-precisa-de-investidores-externos-mas-parte-deles-estara-de-ferias-em-julho\/"]}]},{"@type":"ImageObject","inLanguage":"pt-BR","@id":"https:\/\/agenciainfra.com\/blog\/capitalizacao-da-eletrobras-precisa-de-investidores-externos-mas-parte-deles-estara-de-ferias-em-julho\/#primaryimage","url":"https:\/\/agenciainfra.com\/blog\/wp-content\/uploads\/2022\/04\/eletrobras-foto-eletrobras.jpg","contentUrl":"https:\/\/agenciainfra.com\/blog\/wp-content\/uploads\/2022\/04\/eletrobras-foto-eletrobras.jpg","width":1279,"height":848,"caption":"Foto: Divulga\u00e7\u00e3o\/Eletrobras"},{"@type":"BreadcrumbList","@id":"https:\/\/agenciainfra.com\/blog\/capitalizacao-da-eletrobras-precisa-de-investidores-externos-mas-parte-deles-estara-de-ferias-em-julho\/#breadcrumb","itemListElement":[{"@type":"ListItem","position":1,"name":"In\u00edcio","item":"https:\/\/agenciainfra.com\/blog\/"},{"@type":"ListItem","position":2,"name":"Capitaliza\u00e7\u00e3o da Eletrobras precisa de investidores externos, mas parte deles estar\u00e1 de f\u00e9rias em julho"}]},{"@type":"WebSite","@id":"https:\/\/agenciainfra.com\/blog\/#website","url":"https:\/\/agenciainfra.com\/blog\/","name":"Ag\u00eancia iNFRA","description":"Multiplataforma de informa\u00e7\u00e3o jornal\u00edstica refer\u00eancia na \u00e1rea de infraestrutura no Brasil!","publisher":{"@id":"https:\/\/agenciainfra.com\/blog\/#organization"},"potentialAction":[{"@type":"SearchAction","target":{"@type":"EntryPoint","urlTemplate":"https:\/\/agenciainfra.com\/blog\/?s={search_term_string}"},"query-input":{"@type":"PropertyValueSpecification","valueRequired":true,"valueName":"search_term_string"}}],"inLanguage":"pt-BR"},{"@type":"Organization","@id":"https:\/\/agenciainfra.com\/blog\/#organization","name":"Ag\u00eancia iNFRA","url":"https:\/\/agenciainfra.com\/blog\/","logo":{"@type":"ImageObject","inLanguage":"pt-BR","@id":"https:\/\/agenciainfra.com\/blog\/#\/schema\/logo\/image\/","url":"https:\/\/agenciainfra.com\/blog\/wp-content\/uploads\/2023\/09\/iNFRA_5-e1761735885940.png","contentUrl":"https:\/\/agenciainfra.com\/blog\/wp-content\/uploads\/2023\/09\/iNFRA_5-e1761735885940.png","width":1672,"height":454,"caption":"Ag\u00eancia iNFRA"},"image":{"@id":"https:\/\/agenciainfra.com\/blog\/#\/schema\/logo\/image\/"},"sameAs":["https:\/\/www.facebook.com\/ageninfra","https:\/\/x.com\/agencia_infra","https:\/\/www.linkedin.com\/company\/ag\u00eanciainfra\/","https:\/\/www.instagram.com\/agenciainfra\/"]},{"@type":"Person","@id":"https:\/\/agenciainfra.com\/blog\/#\/schema\/person\/34af08dff6adea4cb22b06612ba7acfa","name":"Ag\u00eancia iNFRA","image":{"@type":"ImageObject","inLanguage":"pt-BR","@id":"https:\/\/agenciainfra.com\/blog\/#\/schema\/person\/image\/","url":"https:\/\/secure.gravatar.com\/avatar\/d189e01678f06d8eb84d4e01f08eb848b3fffe3f8443818d3c356c66892f5be8?s=96&d=mm&r=g","contentUrl":"https:\/\/secure.gravatar.com\/avatar\/d189e01678f06d8eb84d4e01f08eb848b3fffe3f8443818d3c356c66892f5be8?s=96&d=mm&r=g","caption":"Ag\u00eancia iNFRA"},"url":"https:\/\/agenciainfra.com\/blog\/author\/admin\/"}]}},"_links":{"self":[{"href":"https:\/\/agenciainfra.com\/blog\/wp-json\/wp\/v2\/posts\/10212","targetHints":{"allow":["GET"]}}],"collection":[{"href":"https:\/\/agenciainfra.com\/blog\/wp-json\/wp\/v2\/posts"}],"about":[{"href":"https:\/\/agenciainfra.com\/blog\/wp-json\/wp\/v2\/types\/post"}],"author":[{"embeddable":true,"href":"https:\/\/agenciainfra.com\/blog\/wp-json\/wp\/v2\/users\/1"}],"replies":[{"embeddable":true,"href":"https:\/\/agenciainfra.com\/blog\/wp-json\/wp\/v2\/comments?post=10212"}],"version-history":[{"count":0,"href":"https:\/\/agenciainfra.com\/blog\/wp-json\/wp\/v2\/posts\/10212\/revisions"}],"wp:featuredmedia":[{"embeddable":true,"href":"https:\/\/agenciainfra.com\/blog\/wp-json\/wp\/v2\/media\/10213"}],"wp:attachment":[{"href":"https:\/\/agenciainfra.com\/blog\/wp-json\/wp\/v2\/media?parent=10212"}],"wp:term":[{"taxonomy":"category","embeddable":true,"href":"https:\/\/agenciainfra.com\/blog\/wp-json\/wp\/v2\/categories?post=10212"},{"taxonomy":"post_tag","embeddable":true,"href":"https:\/\/agenciainfra.com\/blog\/wp-json\/wp\/v2\/tags?post=10212"}],"curies":[{"name":"wp","href":"https:\/\/api.w.org\/{rel}","templated":true}]}}