{"id":10291,"date":"2022-05-06T11:00:00","date_gmt":"2022-05-06T14:00:00","guid":{"rendered":"https:\/\/www.agenciainfra.com\/blog\/?p=10291"},"modified":"2022-05-07T09:09:33","modified_gmt":"2022-05-07T12:09:33","slug":"analise-consumidor-do-futuro-no-pais-do-atraso","status":"publish","type":"post","link":"https:\/\/agenciainfra.com\/blog\/analise-consumidor-do-futuro-no-pais-do-atraso\/","title":{"rendered":"An\u00e1lise: Consumidor do futuro no pa\u00eds do atraso"},"content":{"rendered":"\n<p class=\"has-text-align-right\"><strong>Roberto Rockmann*<\/strong><\/p>\n\n\n\n<p>Nesta quinta-feira (5), em S\u00e3o Paulo, o setor el\u00e9trico se reuniu para debater o consumidor do futuro em um semin\u00e1rio internacional promovido pela ANEEL (Ag\u00eancia Nacional de Energia El\u00e9trica). A discuss\u00e3o pareceu ir\u00f4nica em um momento em que as ag\u00eancias reguladoras est\u00e3o em xeque e reajustes de energia de distribuidoras recebem amea\u00e7as parlamentares.<\/p>\n\n\n\n<p>Pode ser apenas fuma\u00e7a, mas ela pode causar problemas futuros. Dirigentes de distribuidoras acreditam que a suspens\u00e3o de reajustes n\u00e3o se confirmar\u00e1 nas pr\u00f3ximas semanas, mas que ru\u00eddos regionais permanecer\u00e3o principalmente no Nordeste, Centro-Oeste e Norte, em que a renda per capita \u00e9 mais baixa.<\/p>\n\n\n\n<p>A situa\u00e7\u00e3o atual tem suas particularidades. Convidam-se diretores da ag\u00eancia em comiss\u00f5es para explicar reajustes como se as decis\u00f5es fossem arbitr\u00e1rias e uma crise h\u00eddrica em 2021 tivesse sido apagada da mem\u00f3ria. Vota-se regime de urg\u00eancia para avaliar benesses tarif\u00e1rias, mas n\u00e3o se vota requerimento de urg\u00eancia do Projeto de Lei 414, cujo desfecho agora se tornou nebuloso com a fuma\u00e7a recente. Grupos que t\u00eam no mercado regulado de distribui\u00e7\u00e3o boa parte de sua receita apoiar\u00e3o os 42 meses de abertura, diante da fuma\u00e7a atual?<\/p>\n\n\n\n<p>O modelo de investimento em infraestrutura no Brasil, desde a metade dos anos 1990, \u00e9 estruturado em atrair capital privado a partir de regula\u00e7\u00e3o independente, equil\u00edbrio econ\u00f4mico-financeiro dos contratos, fiscaliza\u00e7\u00e3o dos servi\u00e7os.<\/p>\n\n\n\n<p>Uma minuta de PEC sobre as ag\u00eancias reguladoras que circula h\u00e1 semanas e o PDL 94\/2022 (Projeto de Decreto Legislativo de Susta\u00e7\u00e3o de Atos Normativos do Poder Executivo), que susta resolu\u00e7\u00e3o da ANEEL de reajuste tarif\u00e1rio anual da Enel Cear\u00e1, apontam em dire\u00e7\u00e3o oposta.<\/p>\n\n\n\n<p>Os pr\u00f3ximos meses prometem tens\u00e3o, n\u00e3o apenas localizada no Brasil. Estudo do think tank europeu Bruegel, publicado no fim de abril (link&nbsp;<a href=\"https:\/\/agenciainfra.us14.list-manage.com\/track\/click?u=d460dd1bcf9ba0ae040e1fc0f&amp;id=463f594ca6&amp;e=3cd2fde004\" target=\"_blank\" rel=\"noreferrer noopener\">aqui<\/a>), aponta que os pa\u00edses da Uni\u00e3o Europeia e o Reino Unido t\u00eam buscado pol\u00edticas para proteger o bolso dos consumidores. As iniciativas come\u00e7aram em setembro de 2021, um indicativo de que a crise no setor se iniciou antes da invas\u00e3o da Ucr\u00e2nia e se agravou com o arrastar do conflito. Subs\u00eddios t\u00eam sido amplamente usados. Discuss\u00f5es sobre pre\u00e7os-teto no mercado livre tamb\u00e9m est\u00e3o sobre a mesa.<\/p>\n\n\n\n<p>As medidas na Europa s\u00e3o amplas: em janeiro, a \u00c1ustria concedeu 1,7 bilh\u00e3o de euros criando uma compensa\u00e7\u00e3o de 150 euros para resid\u00eancias abaterem contas de g\u00e1s e energia el\u00e9trica. Em mar\u00e7o, mais 2 bilh\u00f5es de euros em subs\u00eddios. Na Fran\u00e7a, o modelo de pre\u00e7os usado pela estatal EDF est\u00e1 em discuss\u00e3o. A Litu\u00e2nia suspendeu as discuss\u00f5es de abertura de seu mercado. Na Espanha, novas regras para leil\u00e3o de contrata\u00e7\u00e3o de energia no longo prazo est\u00e3o sendo colocadas em pr\u00e1tica para amortecer o aumento de energia el\u00e9trica e g\u00e1s natural.<\/p>\n\n\n\n<p>Com mais de dois meses de guerra entre Ucr\u00e2nia e R\u00fassia, uma certeza fica: as press\u00f5es sobre o setor de energia no mundo continuar\u00e3o elevadas no curto e m\u00e9dio prazo, ainda mais sob a inc\u00f3gnita se a suspens\u00e3o de compra de petr\u00f3leo da R\u00fassia n\u00e3o levar\u00e1 Vladimir Putin a cortar o fornecimento de g\u00e1s para a Uni\u00e3o Europeia. O GNL (g\u00e1s natural liquefeito) deve se manter em patamares altos pelo menos at\u00e9 2024. Sorte nossa que S\u00e3o Pedro ajudou, sen\u00e3o os reajustes provocariam ru\u00eddos ainda maiores.<\/p>\n\n\n\n<p>A discuss\u00e3o de mudan\u00e7as do outro lado do Atl\u00e2ntico poder\u00e1 refor\u00e7ar ainda mais projetos de lei e tend\u00eancias populistas no Brasil, que viver\u00e1 no segundo semestre a elei\u00e7\u00e3o presidencial e de governadores. Os pilares do modelo de capital privado, implementados desde a metade dos anos 1990, est\u00e3o \u00e0 prova. Para chegar ao futuro, ser\u00e1 preciso colocar os dois p\u00e9s \u00e0 frente. Com t\u00e9rmicas planejadas por parlamentares, incentivos ao carv\u00e3o, suspens\u00e3o de reajustes, ag\u00eancias em xeque, o trabalho ser\u00e1 \u00e1rduo.<\/p>\n\n\n\n<h6 class=\"wp-block-heading\" id=\"block-f323f59b-51bf-4eed-b17b-3c7d3b917007\">*Roberto Rockmann <strong>\u00e9 escritor e jornalista. Coautor do livro \u201cCurto-Circuito, quando o Brasil quase ficou \u00e0s escuras\u201d e produtor do podcast quinzenal \u201cGiro Energia\u201d sobre o setor el\u00e9trico. Organizou em 2018 o livro de 20 anos do mercado livre de energia el\u00e9trica, editado pela CCEE (C\u00e2mara de Comercializa\u00e7\u00e3o de Energia El\u00e9trica), al\u00e9m de v\u00e1rios outros livros e trabalhos premiados<\/strong>.<\/h6>\n\n\n\n<p><strong>As opini\u00f5es dos autores n\u00e3o refletem necessariamente o pensamento da Ag\u00eancia iNFRA, sendo de total responsabilidade do autor as informa\u00e7\u00f5es, ju\u00edzos de valor e conceitos descritos no texto<\/strong>. <\/p>\n","protected":false},"excerpt":{"rendered":"<p>Roberto Rockmann* Nesta quinta-feira (5), em S\u00e3o Paulo, o setor el\u00e9trico se reuniu para debater o consumidor do futuro em um semin\u00e1rio internacional promovido pela ANEEL (Ag\u00eancia Nacional de Energia El\u00e9trica). A discuss\u00e3o pareceu ir\u00f4nica em um momento em que as ag\u00eancias reguladoras est\u00e3o em xeque e reajustes de energia de distribuidoras recebem amea\u00e7as parlamentares. [&hellip;]<\/p>\n","protected":false},"author":1,"featured_media":10292,"comment_status":"closed","ping_status":"closed","sticky":false,"template":"","format":"standard","meta":{"_monsterinsights_skip_tracking":false,"_monsterinsights_sitenote_active":false,"_monsterinsights_sitenote_note":"","_monsterinsights_sitenote_category":0,"footnotes":""},"categories":[1],"tags":[46,53,13,3487,1082,282,1783,34,32,631],"class_list":["post-10291","post","type-post","status-publish","format-standard","has-post-thumbnail","hentry","category-geral","tag-agencias-reguladoras","tag-aneel","tag-consumo-de-energia","tag-crise-hidrica","tag-distribuicao-de-energia","tag-energia-eletrica","tag-gnl","tag-infraestrutura","tag-investimentos","tag-termicas"],"yoast_head":"<!-- This site is optimized with the Yoast SEO Premium plugin v25.4 (Yoast SEO v26.0) - https:\/\/yoast.com\/wordpress\/plugins\/seo\/ -->\n<title>An\u00e1lise: Consumidor do futuro no pa\u00eds do atraso - Ag\u00eancia iNFRA<\/title>\n<meta name=\"robots\" content=\"index, follow, max-snippet:-1, max-image-preview:large, max-video-preview:-1\" \/>\n<link rel=\"canonical\" href=\"https:\/\/agenciainfra.com\/blog\/analise-consumidor-do-futuro-no-pais-do-atraso\/\" \/>\n<meta property=\"og:locale\" content=\"pt_BR\" \/>\n<meta property=\"og:type\" content=\"article\" \/>\n<meta property=\"og:title\" content=\"An\u00e1lise: Consumidor do futuro no pa\u00eds do atraso\" \/>\n<meta property=\"og:description\" content=\"Roberto Rockmann* Nesta quinta-feira (5), em S\u00e3o Paulo, o setor el\u00e9trico se reuniu para debater o consumidor do futuro em um semin\u00e1rio internacional promovido pela ANEEL (Ag\u00eancia Nacional de Energia El\u00e9trica). A discuss\u00e3o pareceu ir\u00f4nica em um momento em que as ag\u00eancias reguladoras est\u00e3o em xeque e reajustes de energia de distribuidoras recebem amea\u00e7as parlamentares. [&hellip;]\" \/>\n<meta property=\"og:url\" content=\"https:\/\/agenciainfra.com\/blog\/analise-consumidor-do-futuro-no-pais-do-atraso\/\" \/>\n<meta property=\"og:site_name\" content=\"Ag\u00eancia iNFRA\" \/>\n<meta property=\"article:publisher\" content=\"https:\/\/www.facebook.com\/ageninfra\" \/>\n<meta property=\"article:published_time\" content=\"2022-05-06T14:00:00+00:00\" \/>\n<meta property=\"article:modified_time\" content=\"2022-05-07T12:09:33+00:00\" \/>\n<meta property=\"og:image\" content=\"https:\/\/agenciainfra.com\/blog\/wp-content\/uploads\/2022\/05\/distribuicao-energia-foto-dominio-publico.jpg\" \/>\n\t<meta property=\"og:image:width\" content=\"1920\" \/>\n\t<meta property=\"og:image:height\" content=\"1239\" \/>\n\t<meta property=\"og:image:type\" content=\"image\/jpeg\" \/>\n<meta name=\"author\" content=\"Ag\u00eancia iNFRA\" \/>\n<meta name=\"twitter:card\" content=\"summary_large_image\" \/>\n<meta name=\"twitter:creator\" content=\"@agencia_infra\" \/>\n<meta name=\"twitter:site\" content=\"@agencia_infra\" \/>\n<meta name=\"twitter:label1\" content=\"Escrito por\" \/>\n\t<meta name=\"twitter:data1\" content=\"Ag\u00eancia iNFRA\" \/>\n\t<meta name=\"twitter:label2\" content=\"Est. tempo de leitura\" \/>\n\t<meta name=\"twitter:data2\" content=\"4 minutos\" \/>\n<script type=\"application\/ld+json\" class=\"yoast-schema-graph\">{\"@context\":\"https:\/\/schema.org\",\"@graph\":[{\"@type\":\"Article\",\"@id\":\"https:\/\/agenciainfra.com\/blog\/analise-consumidor-do-futuro-no-pais-do-atraso\/#article\",\"isPartOf\":{\"@id\":\"https:\/\/agenciainfra.com\/blog\/analise-consumidor-do-futuro-no-pais-do-atraso\/\"},\"author\":{\"name\":\"Ag\u00eancia iNFRA\",\"@id\":\"https:\/\/agenciainfra.com\/blog\/#\/schema\/person\/34af08dff6adea4cb22b06612ba7acfa\"},\"headline\":\"An\u00e1lise: Consumidor do futuro no pa\u00eds do atraso\",\"datePublished\":\"2022-05-06T14:00:00+00:00\",\"dateModified\":\"2022-05-07T12:09:33+00:00\",\"mainEntityOfPage\":{\"@id\":\"https:\/\/agenciainfra.com\/blog\/analise-consumidor-do-futuro-no-pais-do-atraso\/\"},\"wordCount\":802,\"publisher\":{\"@id\":\"https:\/\/agenciainfra.com\/blog\/#organization\"},\"image\":{\"@id\":\"https:\/\/agenciainfra.com\/blog\/analise-consumidor-do-futuro-no-pais-do-atraso\/#primaryimage\"},\"thumbnailUrl\":\"https:\/\/agenciainfra.com\/blog\/wp-content\/uploads\/2022\/05\/distribuicao-energia-foto-dominio-publico.jpg\",\"keywords\":[\"Ag\u00eancias Reguladoras\",\"ANEEL\",\"consumo de energia\",\"crise h\u00eddrica\",\"distribui\u00e7\u00e3o de energia\",\"energia el\u00e9trica\",\"GNL\",\"Infraestrutura\",\"Investimentos\",\"t\u00e9rmicas\"],\"articleSection\":[\"Geral\"],\"inLanguage\":\"pt-BR\",\"copyrightYear\":\"2022\",\"copyrightHolder\":{\"@id\":\"https:\/\/agenciainfra.com\/blog\/#organization\"}},{\"@type\":\"WebPage\",\"@id\":\"https:\/\/agenciainfra.com\/blog\/analise-consumidor-do-futuro-no-pais-do-atraso\/\",\"url\":\"https:\/\/agenciainfra.com\/blog\/analise-consumidor-do-futuro-no-pais-do-atraso\/\",\"name\":\"An\u00e1lise: Consumidor do futuro no pa\u00eds do atraso - Ag\u00eancia iNFRA\",\"isPartOf\":{\"@id\":\"https:\/\/agenciainfra.com\/blog\/#website\"},\"primaryImageOfPage\":{\"@id\":\"https:\/\/agenciainfra.com\/blog\/analise-consumidor-do-futuro-no-pais-do-atraso\/#primaryimage\"},\"image\":{\"@id\":\"https:\/\/agenciainfra.com\/blog\/analise-consumidor-do-futuro-no-pais-do-atraso\/#primaryimage\"},\"thumbnailUrl\":\"https:\/\/agenciainfra.com\/blog\/wp-content\/uploads\/2022\/05\/distribuicao-energia-foto-dominio-publico.jpg\",\"datePublished\":\"2022-05-06T14:00:00+00:00\",\"dateModified\":\"2022-05-07T12:09:33+00:00\",\"breadcrumb\":{\"@id\":\"https:\/\/agenciainfra.com\/blog\/analise-consumidor-do-futuro-no-pais-do-atraso\/#breadcrumb\"},\"inLanguage\":\"pt-BR\",\"potentialAction\":[{\"@type\":\"ReadAction\",\"target\":[\"https:\/\/agenciainfra.com\/blog\/analise-consumidor-do-futuro-no-pais-do-atraso\/\"]}]},{\"@type\":\"ImageObject\",\"inLanguage\":\"pt-BR\",\"@id\":\"https:\/\/agenciainfra.com\/blog\/analise-consumidor-do-futuro-no-pais-do-atraso\/#primaryimage\",\"url\":\"https:\/\/agenciainfra.com\/blog\/wp-content\/uploads\/2022\/05\/distribuicao-energia-foto-dominio-publico.jpg\",\"contentUrl\":\"https:\/\/agenciainfra.com\/blog\/wp-content\/uploads\/2022\/05\/distribuicao-energia-foto-dominio-publico.jpg\",\"width\":1920,\"height\":1239,\"caption\":\"Foto: Dom\u00ednio P\u00fablico\"},{\"@type\":\"BreadcrumbList\",\"@id\":\"https:\/\/agenciainfra.com\/blog\/analise-consumidor-do-futuro-no-pais-do-atraso\/#breadcrumb\",\"itemListElement\":[{\"@type\":\"ListItem\",\"position\":1,\"name\":\"In\u00edcio\",\"item\":\"https:\/\/agenciainfra.com\/blog\/\"},{\"@type\":\"ListItem\",\"position\":2,\"name\":\"An\u00e1lise: Consumidor do futuro no pa\u00eds do atraso\"}]},{\"@type\":\"WebSite\",\"@id\":\"https:\/\/agenciainfra.com\/blog\/#website\",\"url\":\"https:\/\/agenciainfra.com\/blog\/\",\"name\":\"Ag\u00eancia iNFRA\",\"description\":\"Multiplataforma de informa\u00e7\u00e3o jornal\u00edstica refer\u00eancia na \u00e1rea de infraestrutura no Brasil!\",\"publisher\":{\"@id\":\"https:\/\/agenciainfra.com\/blog\/#organization\"},\"potentialAction\":[{\"@type\":\"SearchAction\",\"target\":{\"@type\":\"EntryPoint\",\"urlTemplate\":\"https:\/\/agenciainfra.com\/blog\/?s={search_term_string}\"},\"query-input\":{\"@type\":\"PropertyValueSpecification\",\"valueRequired\":true,\"valueName\":\"search_term_string\"}}],\"inLanguage\":\"pt-BR\"},{\"@type\":\"Organization\",\"@id\":\"https:\/\/agenciainfra.com\/blog\/#organization\",\"name\":\"Ag\u00eancia iNFRA\",\"url\":\"https:\/\/agenciainfra.com\/blog\/\",\"logo\":{\"@type\":\"ImageObject\",\"inLanguage\":\"pt-BR\",\"@id\":\"https:\/\/agenciainfra.com\/blog\/#\/schema\/logo\/image\/\",\"url\":\"https:\/\/agenciainfra.com\/blog\/wp-content\/uploads\/2023\/09\/iNFRA_5-e1761735885940.png\",\"contentUrl\":\"https:\/\/agenciainfra.com\/blog\/wp-content\/uploads\/2023\/09\/iNFRA_5-e1761735885940.png\",\"width\":1672,\"height\":454,\"caption\":\"Ag\u00eancia iNFRA\"},\"image\":{\"@id\":\"https:\/\/agenciainfra.com\/blog\/#\/schema\/logo\/image\/\"},\"sameAs\":[\"https:\/\/www.facebook.com\/ageninfra\",\"https:\/\/x.com\/agencia_infra\",\"https:\/\/www.linkedin.com\/company\/ag\u00eanciainfra\/\",\"https:\/\/www.instagram.com\/agenciainfra\/\"]},{\"@type\":\"Person\",\"@id\":\"https:\/\/agenciainfra.com\/blog\/#\/schema\/person\/34af08dff6adea4cb22b06612ba7acfa\",\"name\":\"Ag\u00eancia iNFRA\",\"image\":{\"@type\":\"ImageObject\",\"inLanguage\":\"pt-BR\",\"@id\":\"https:\/\/agenciainfra.com\/blog\/#\/schema\/person\/image\/\",\"url\":\"https:\/\/secure.gravatar.com\/avatar\/d189e01678f06d8eb84d4e01f08eb848b3fffe3f8443818d3c356c66892f5be8?s=96&d=mm&r=g\",\"contentUrl\":\"https:\/\/secure.gravatar.com\/avatar\/d189e01678f06d8eb84d4e01f08eb848b3fffe3f8443818d3c356c66892f5be8?s=96&d=mm&r=g\",\"caption\":\"Ag\u00eancia iNFRA\"},\"url\":\"https:\/\/agenciainfra.com\/blog\/author\/admin\/\"}]}<\/script>\n<!-- \/ Yoast SEO Premium plugin. -->","yoast_head_json":{"title":"An\u00e1lise: Consumidor do futuro no pa\u00eds do atraso - Ag\u00eancia iNFRA","robots":{"index":"index","follow":"follow","max-snippet":"max-snippet:-1","max-image-preview":"max-image-preview:large","max-video-preview":"max-video-preview:-1"},"canonical":"https:\/\/agenciainfra.com\/blog\/analise-consumidor-do-futuro-no-pais-do-atraso\/","og_locale":"pt_BR","og_type":"article","og_title":"An\u00e1lise: Consumidor do futuro no pa\u00eds do atraso","og_description":"Roberto Rockmann* Nesta quinta-feira (5), em S\u00e3o Paulo, o setor el\u00e9trico se reuniu para debater o consumidor do futuro em um semin\u00e1rio internacional promovido pela ANEEL (Ag\u00eancia Nacional de Energia El\u00e9trica). A discuss\u00e3o pareceu ir\u00f4nica em um momento em que as ag\u00eancias reguladoras est\u00e3o em xeque e reajustes de energia de distribuidoras recebem amea\u00e7as parlamentares. [&hellip;]","og_url":"https:\/\/agenciainfra.com\/blog\/analise-consumidor-do-futuro-no-pais-do-atraso\/","og_site_name":"Ag\u00eancia iNFRA","article_publisher":"https:\/\/www.facebook.com\/ageninfra","article_published_time":"2022-05-06T14:00:00+00:00","article_modified_time":"2022-05-07T12:09:33+00:00","og_image":[{"width":1920,"height":1239,"url":"https:\/\/agenciainfra.com\/blog\/wp-content\/uploads\/2022\/05\/distribuicao-energia-foto-dominio-publico.jpg","type":"image\/jpeg"}],"author":"Ag\u00eancia iNFRA","twitter_card":"summary_large_image","twitter_creator":"@agencia_infra","twitter_site":"@agencia_infra","twitter_misc":{"Escrito por":"Ag\u00eancia iNFRA","Est. tempo de leitura":"4 minutos"},"schema":{"@context":"https:\/\/schema.org","@graph":[{"@type":"Article","@id":"https:\/\/agenciainfra.com\/blog\/analise-consumidor-do-futuro-no-pais-do-atraso\/#article","isPartOf":{"@id":"https:\/\/agenciainfra.com\/blog\/analise-consumidor-do-futuro-no-pais-do-atraso\/"},"author":{"name":"Ag\u00eancia iNFRA","@id":"https:\/\/agenciainfra.com\/blog\/#\/schema\/person\/34af08dff6adea4cb22b06612ba7acfa"},"headline":"An\u00e1lise: Consumidor do futuro no pa\u00eds do atraso","datePublished":"2022-05-06T14:00:00+00:00","dateModified":"2022-05-07T12:09:33+00:00","mainEntityOfPage":{"@id":"https:\/\/agenciainfra.com\/blog\/analise-consumidor-do-futuro-no-pais-do-atraso\/"},"wordCount":802,"publisher":{"@id":"https:\/\/agenciainfra.com\/blog\/#organization"},"image":{"@id":"https:\/\/agenciainfra.com\/blog\/analise-consumidor-do-futuro-no-pais-do-atraso\/#primaryimage"},"thumbnailUrl":"https:\/\/agenciainfra.com\/blog\/wp-content\/uploads\/2022\/05\/distribuicao-energia-foto-dominio-publico.jpg","keywords":["Ag\u00eancias Reguladoras","ANEEL","consumo de energia","crise h\u00eddrica","distribui\u00e7\u00e3o de energia","energia el\u00e9trica","GNL","Infraestrutura","Investimentos","t\u00e9rmicas"],"articleSection":["Geral"],"inLanguage":"pt-BR","copyrightYear":"2022","copyrightHolder":{"@id":"https:\/\/agenciainfra.com\/blog\/#organization"}},{"@type":"WebPage","@id":"https:\/\/agenciainfra.com\/blog\/analise-consumidor-do-futuro-no-pais-do-atraso\/","url":"https:\/\/agenciainfra.com\/blog\/analise-consumidor-do-futuro-no-pais-do-atraso\/","name":"An\u00e1lise: Consumidor do futuro no pa\u00eds do atraso - Ag\u00eancia iNFRA","isPartOf":{"@id":"https:\/\/agenciainfra.com\/blog\/#website"},"primaryImageOfPage":{"@id":"https:\/\/agenciainfra.com\/blog\/analise-consumidor-do-futuro-no-pais-do-atraso\/#primaryimage"},"image":{"@id":"https:\/\/agenciainfra.com\/blog\/analise-consumidor-do-futuro-no-pais-do-atraso\/#primaryimage"},"thumbnailUrl":"https:\/\/agenciainfra.com\/blog\/wp-content\/uploads\/2022\/05\/distribuicao-energia-foto-dominio-publico.jpg","datePublished":"2022-05-06T14:00:00+00:00","dateModified":"2022-05-07T12:09:33+00:00","breadcrumb":{"@id":"https:\/\/agenciainfra.com\/blog\/analise-consumidor-do-futuro-no-pais-do-atraso\/#breadcrumb"},"inLanguage":"pt-BR","potentialAction":[{"@type":"ReadAction","target":["https:\/\/agenciainfra.com\/blog\/analise-consumidor-do-futuro-no-pais-do-atraso\/"]}]},{"@type":"ImageObject","inLanguage":"pt-BR","@id":"https:\/\/agenciainfra.com\/blog\/analise-consumidor-do-futuro-no-pais-do-atraso\/#primaryimage","url":"https:\/\/agenciainfra.com\/blog\/wp-content\/uploads\/2022\/05\/distribuicao-energia-foto-dominio-publico.jpg","contentUrl":"https:\/\/agenciainfra.com\/blog\/wp-content\/uploads\/2022\/05\/distribuicao-energia-foto-dominio-publico.jpg","width":1920,"height":1239,"caption":"Foto: Dom\u00ednio P\u00fablico"},{"@type":"BreadcrumbList","@id":"https:\/\/agenciainfra.com\/blog\/analise-consumidor-do-futuro-no-pais-do-atraso\/#breadcrumb","itemListElement":[{"@type":"ListItem","position":1,"name":"In\u00edcio","item":"https:\/\/agenciainfra.com\/blog\/"},{"@type":"ListItem","position":2,"name":"An\u00e1lise: Consumidor do futuro no pa\u00eds do atraso"}]},{"@type":"WebSite","@id":"https:\/\/agenciainfra.com\/blog\/#website","url":"https:\/\/agenciainfra.com\/blog\/","name":"Ag\u00eancia iNFRA","description":"Multiplataforma de informa\u00e7\u00e3o jornal\u00edstica refer\u00eancia na \u00e1rea de infraestrutura no Brasil!","publisher":{"@id":"https:\/\/agenciainfra.com\/blog\/#organization"},"potentialAction":[{"@type":"SearchAction","target":{"@type":"EntryPoint","urlTemplate":"https:\/\/agenciainfra.com\/blog\/?s={search_term_string}"},"query-input":{"@type":"PropertyValueSpecification","valueRequired":true,"valueName":"search_term_string"}}],"inLanguage":"pt-BR"},{"@type":"Organization","@id":"https:\/\/agenciainfra.com\/blog\/#organization","name":"Ag\u00eancia iNFRA","url":"https:\/\/agenciainfra.com\/blog\/","logo":{"@type":"ImageObject","inLanguage":"pt-BR","@id":"https:\/\/agenciainfra.com\/blog\/#\/schema\/logo\/image\/","url":"https:\/\/agenciainfra.com\/blog\/wp-content\/uploads\/2023\/09\/iNFRA_5-e1761735885940.png","contentUrl":"https:\/\/agenciainfra.com\/blog\/wp-content\/uploads\/2023\/09\/iNFRA_5-e1761735885940.png","width":1672,"height":454,"caption":"Ag\u00eancia iNFRA"},"image":{"@id":"https:\/\/agenciainfra.com\/blog\/#\/schema\/logo\/image\/"},"sameAs":["https:\/\/www.facebook.com\/ageninfra","https:\/\/x.com\/agencia_infra","https:\/\/www.linkedin.com\/company\/ag\u00eanciainfra\/","https:\/\/www.instagram.com\/agenciainfra\/"]},{"@type":"Person","@id":"https:\/\/agenciainfra.com\/blog\/#\/schema\/person\/34af08dff6adea4cb22b06612ba7acfa","name":"Ag\u00eancia iNFRA","image":{"@type":"ImageObject","inLanguage":"pt-BR","@id":"https:\/\/agenciainfra.com\/blog\/#\/schema\/person\/image\/","url":"https:\/\/secure.gravatar.com\/avatar\/d189e01678f06d8eb84d4e01f08eb848b3fffe3f8443818d3c356c66892f5be8?s=96&d=mm&r=g","contentUrl":"https:\/\/secure.gravatar.com\/avatar\/d189e01678f06d8eb84d4e01f08eb848b3fffe3f8443818d3c356c66892f5be8?s=96&d=mm&r=g","caption":"Ag\u00eancia iNFRA"},"url":"https:\/\/agenciainfra.com\/blog\/author\/admin\/"}]}},"_links":{"self":[{"href":"https:\/\/agenciainfra.com\/blog\/wp-json\/wp\/v2\/posts\/10291","targetHints":{"allow":["GET"]}}],"collection":[{"href":"https:\/\/agenciainfra.com\/blog\/wp-json\/wp\/v2\/posts"}],"about":[{"href":"https:\/\/agenciainfra.com\/blog\/wp-json\/wp\/v2\/types\/post"}],"author":[{"embeddable":true,"href":"https:\/\/agenciainfra.com\/blog\/wp-json\/wp\/v2\/users\/1"}],"replies":[{"embeddable":true,"href":"https:\/\/agenciainfra.com\/blog\/wp-json\/wp\/v2\/comments?post=10291"}],"version-history":[{"count":0,"href":"https:\/\/agenciainfra.com\/blog\/wp-json\/wp\/v2\/posts\/10291\/revisions"}],"wp:featuredmedia":[{"embeddable":true,"href":"https:\/\/agenciainfra.com\/blog\/wp-json\/wp\/v2\/media\/10292"}],"wp:attachment":[{"href":"https:\/\/agenciainfra.com\/blog\/wp-json\/wp\/v2\/media?parent=10291"}],"wp:term":[{"taxonomy":"category","embeddable":true,"href":"https:\/\/agenciainfra.com\/blog\/wp-json\/wp\/v2\/categories?post=10291"},{"taxonomy":"post_tag","embeddable":true,"href":"https:\/\/agenciainfra.com\/blog\/wp-json\/wp\/v2\/tags?post=10291"}],"curies":[{"name":"wp","href":"https:\/\/api.w.org\/{rel}","templated":true}]}}