{"id":10302,"date":"2022-05-09T11:00:00","date_gmt":"2022-05-09T14:00:00","guid":{"rendered":"https:\/\/www.agenciainfra.com\/blog\/?p=10302"},"modified":"2022-05-11T11:08:44","modified_gmt":"2022-05-11T14:08:44","slug":"pais-esta-no-auge-do-colapso-regulatorio-diz-ex-diretor-da-aneel","status":"publish","type":"post","link":"https:\/\/agenciainfra.com\/blog\/pais-esta-no-auge-do-colapso-regulatorio-diz-ex-diretor-da-aneel\/","title":{"rendered":"&#8220;Pa\u00eds est\u00e1 no auge do colapso regulat\u00f3rio&#8221;, diz ex-diretor da ANEEL"},"content":{"rendered":"\n<p class=\"has-text-align-right\"><strong>Roberto Rockmann*<\/strong><\/p>\n\n\n\n<p>Em maio de 2021, o ex-diretor da ANEEL (Ag\u00eancia Nacional de Energia El\u00e9trica)&nbsp;Edvaldo Santana fez um alerta no jornal \u201cValor Econ\u00f4mico\u201d sobre a possibilidade de o pa\u00eds ter de racionar energia durante o ano passado. S\u00e3o Pedro evitou uma crise maior, mas a solu\u00e7\u00e3o adotada foi a mais cara. \u201cA solu\u00e7\u00e3o mais barata seria restri\u00e7\u00e3o do consumo a partir de maio de 2021.&#8221;<\/p>\n\n\n\n<p>Segundo Santana, parte dos aumentos que est\u00e3o provocando ru\u00eddos no Congresso vem da gest\u00e3o da crise de energia e da solu\u00e7\u00e3o cara adotada, que frisa que a li\u00e7\u00e3o de casa para evitar novos problemas continua em aberto.<\/p>\n\n\n\n<p>A discuss\u00e3o neste momento sobre as garantias f\u00edsicas das hidrel\u00e9tricas precisa resultar em revis\u00e3o de fato, adverte ele, que faz outros dois alertas: o pa\u00eds est\u00e1 no auge do colapso regulat\u00f3rio e o projeto de lei de liberaliza\u00e7\u00e3o do mercado pode trazer mais custos do que benef\u00edcios. A seguir, os principais trechos da entrevista \u00e0&nbsp;<strong>Ag\u00eancia iNFRA<\/strong>:<\/p>\n\n\n\n<p><strong>Ag\u00eancia iNFRA &#8211; H\u00e1 um ano, o senhor deu o primeiro alerta p\u00fablico sobre a possibilidade de o pa\u00eds decretar um racionamento. Um ano depois, a situa\u00e7\u00e3o mudou completamente. Quais as li\u00e7\u00f5es que ficaram?<\/strong><br><strong>Edvaldo Santana &#8211;<\/strong>&nbsp;No que diz respeito ao que passou, as medidas tomadas foram razo\u00e1veis, como a publica\u00e7\u00e3o daquele decreto de emerg\u00eancia h\u00eddrica que deu flexibilidade \u00e0 opera\u00e7\u00e3o do sistema, mas a solu\u00e7\u00e3o n\u00e3o foi a melhor. Foi a mais cara.<\/p>\n\n\n\n<p>A solu\u00e7\u00e3o mais barata seria restri\u00e7\u00e3o do consumo a partir de maio de 2021. N\u00e3o precisaria de bandeira de escassez h\u00eddrica. Parte dos aumentos que est\u00e3o provocando ru\u00eddos no Congresso vem da gest\u00e3o da crise de energia que tivemos e da solu\u00e7\u00e3o cara adotada.<\/p>\n\n\n\n<p>Quanto ao que aprendemos, vamos acompanhar, porque h\u00e1 muitos assuntos que est\u00e3o ainda abertos, como a revis\u00e3o das garantias f\u00edsicas das hidrel\u00e9tricas. A crise de 2021 ocorreu porque o governo contava com uma oferta hidrel\u00e9trica que n\u00e3o existia. Ent\u00e3o precisamos saber o que temos para gerar de fato.<\/p>\n\n\n\n<p><strong>Desde 2003, deveriam ser feitas revis\u00f5es das garantias f\u00edsicas das hidrel\u00e9tricas a cada cinco anos. Foi feita uma apenas em quase 20 anos. As garantias n\u00e3o s\u00e3o nem garantias, muito menos f\u00edsicas?<\/strong><br>Esse \u00e9 um ponto que tem de ser olhado com cuidado para sabermos se o governo realmente aprendeu com a crise do ano passado. Ao contr\u00e1rio de anos anteriores, parece que h\u00e1 mais decis\u00e3o para fazer o processo. Por qu\u00ea? Porque houve uma redu\u00e7\u00e3o de 7,3% das garantias f\u00edsicas das usinas da Eletrobras. N\u00e3o far\u00e1 sentido revisar de um e n\u00e3o revisar as das demais.<\/p>\n\n\n\n<p>Isso criaria uma diferen\u00e7a de tratamento e desvantagem grande para a estatal. Acho que n\u00e3o h\u00e1 sa\u00edda de n\u00e3o fazer. Mas h\u00e1 uma briga grande, tem gente j\u00e1 falando que na revis\u00e3o ser\u00e1 preciso aumentar a garantia f\u00edsica da sua usina. Isso \u00e9 um contrassenso, a n\u00e3o ser que tenha descoberto \u00e1gua em algum lugar que n\u00e3o se sabe, porque a tend\u00eancia \u00e9 reduzir.<\/p>\n\n\n\n<p><strong>A press\u00e3o para n\u00e3o fazer \u00e9 porque os cobertores est\u00e3o curtos?<\/strong><br>Eu, sinceramente, tenho dificuldade de entender essa resist\u00eancia. O empreendedor tem uma usina hidrel\u00e9trica com 100 MW m\u00e9dios de garantia f\u00edsica e um GSF [sigla para risco hidrol\u00f3gico] de 80. Ele fica exposto em 20.<\/p>\n\n\n\n<p>Agora, se houver uma redu\u00e7\u00e3o de garantia e ele passa a ter 90 MW m\u00e9dios e um GSF de 80, a exposi\u00e7\u00e3o \u00e9 menor, fica em dez. Ele corre risco maior com superoferta. Mas por que tem essa resist\u00eancia? Porque eles descobriram o caminho de reduzir isso, ir ao Congresso e buscar uma emenda. Resolve-se um problema f\u00edsico de uma usina com os parlamentares. O Congresso se tornou um balc\u00e3o de neg\u00f3cios t\u00e9cnicos.<\/p>\n\n\n\n<p><strong>O Congresso foi importante na cria\u00e7\u00e3o de um jabuti do projeto de capitaliza\u00e7\u00e3o da Eletrobras, que prev\u00ea a contrata\u00e7\u00e3o de 8 GW em t\u00e9rmicas em algumas localidades em que n\u00e3o h\u00e1 gasoduto. Como o senhor analisa isso?<\/strong><br>Primeiro, existe um planejador, a EPE [Empresa de Pesquisa Energ\u00e9tica]. Tamb\u00e9m existe uma secretaria de planejamento ligada ao Minist\u00e9rio de Minas e Energia. Esses s\u00e3o os \u00f3rg\u00e3os que, a partir de debate, prop\u00f5em medidas.<\/p>\n\n\n\n<p>O Congresso imp\u00f4s essa contrata\u00e7\u00e3o, uma medida de cima para baixo. N\u00e3o se estudou o problema, n\u00e3o se atendeu aos interesses do setor. Esse caso de imposi\u00e7\u00e3o de t\u00e9rmica com g\u00e1s importado \u00e9 um insulto \u00e0 racionalidade t\u00e9cnica e econ\u00f4mica.<\/p>\n\n\n\n<p>N\u00e3o sou contra t\u00e9rmica, acho que, com a evolu\u00e7\u00e3o da matriz com fontes intermitentes e resist\u00eancia \u00e0 constru\u00e7\u00e3o de novas hidrel\u00e9tricas, as termel\u00e9tricas s\u00e3o essenciais, mas t\u00e9rmicas despachadas pelo Operador Nacional do Sistema.<\/p>\n\n\n\n<p>Esse jabuti criou t\u00e9rmicas despachadas pelo Congresso, 70% de inflexibilidade mostra isso. Isso significa que essas usinas ir\u00e3o operar 70% das horas do ano, uma hidrel\u00e9trica com cheia opera 60% a 65%. Isso n\u00e3o vai sair barato. Em uma matriz t\u00e3o limpa quanto a brasileira, com sol, biomassa, vento, recurso h\u00eddrico, teremos t\u00e9rmicas que operar\u00e3o muito tempo. Isso n\u00e3o faz sentido.<\/p>\n\n\n\n<p><strong>Usar o dinheiro da PPSA, como uma das emendas prov\u00e1veis do PL 414, para colocar de p\u00e9 essas t\u00e9rmicas \u00e9 uma boa ideia?<\/strong><br>Esse \u00e9 um outro absurdo na minha vis\u00e3o. S\u00e3o royalties do petr\u00f3leo que deveriam ser usados para outros fins nobres, como educa\u00e7\u00e3o. Iremos subsidiar g\u00e1s e t\u00e9rmicas sem racionalidade? Esse \u00e9 um caminho inadequado.<\/p>\n\n\n\n<p><strong>A gente est\u00e1 discutindo neste momento o PL 414, de liberaliza\u00e7\u00e3o do mercado. Qual sua an\u00e1lise dele? \u00c9 um passo para outros que ensejar\u00e3o liberdade para o consumidor?<\/strong><br>Sou um ferrenho defensor do mercado livre para todos os consumidores. Como a gente n\u00e3o tem uma outra sa\u00edda, o PL 414 virou o pilar dessa moderniza\u00e7\u00e3o. \u00c9 naquele ditado: \u00b4Se n\u00e3o tem tu, vais tu mesmo\u2019.<\/p>\n\n\n\n<p>Tem forte probabilidade de ser um dos mais caros projetos de liberaliza\u00e7\u00e3o do mundo e pode ser que exija um outro projeto de lei que arrume alguns pontos de uma libera\u00e7\u00e3o que n\u00e3o deu resultado.<\/p>\n\n\n\n<p>Pela vers\u00e3o que li, todo o risco do pequeno consumidor de migra\u00e7\u00e3o fica com ele, ele assume grandes riscos, paga muitas coisas, o que n\u00e3o ocorre no mercado dos grandes consumidores. Ent\u00e3o me parece que foi criado um mercado de primeira e um de segundo categoria. Um com pulseirinha, outro sem.<\/p>\n\n\n\n<p>Tenho muitas d\u00favidas de que os benef\u00edcios superem os custos. H\u00e1 ainda prov\u00e1veis jabutis como esse da utiliza\u00e7\u00e3o dos recursos do PPSA para incentivar as t\u00e9rmicas, vamos cometer os mesmos erros do projeto da capitaliza\u00e7\u00e3o da Eletrobras, como a contrata\u00e7\u00e3o de 8 GW de t\u00e9rmicas que foge \u00e0 racionalidade econ\u00f4mica e t\u00e9cnica.<\/p>\n\n\n\n<p><strong>Nos \u00faltimos dias, temos visto cr\u00edticas de parlamentares sobre os reajustes de energia e tentativas de suspens\u00e3o. Isso \u00e9 novo?<\/strong><br>N\u00e3o \u00e9 de agora. Quando estava na ANEEL, vi CPIs sendo criadas em v\u00e1rios estados para discutir as tarifas e tentar reduzi-las e influenciar na decis\u00e3o. O problema \u00e9 que de uns tempos para c\u00e1 a ANEEL ficou desprestigiada, isso incentivou uma medida de tentativa do Legislativo de ter controle. O presidente da C\u00e2mara deu sinais disso. Isso \u00e9 novo. \u00c9 o auge do colapso regulat\u00f3rio.<\/p>\n\n\n\n<p>Desde a MP (medida provis\u00f3ria) 579, quando a ANEEL n\u00e3o fez nada e ainda ajudou a elaborar a MP, essa onda vem num crescendo e agora se mostra com um desprest\u00edgio muito grande da ag\u00eancia. Os parlamentares se sentem ainda mais livres para propor projetos de apelo eleitoreiro. Suspender reajuste tem um custo grav\u00edssimo para a sociedade e empresa, vai criar um tumulto judicial.<\/p>\n\n\n\n<p><strong>O senhor v\u00ea tentativa de enfraquecimento das ag\u00eancias reguladoras?&nbsp;<\/strong><br>Sim, claramente. H\u00e1 uma minuta de PEC nesse sentido, h\u00e1 a press\u00e3o dos parlamentares. As ag\u00eancias t\u00eam buscado, mais recentemente, tamb\u00e9m agradar ao governo e ao Congresso. Acho que n\u00e3o \u00e9 adequado.<\/p>\n\n\n\n<p>Tem uma grande mistura entre regulador e regulado. Temos visto indica\u00e7\u00f5es de gente altamente capacitada do minist\u00e9rio para o ONS e para a ANEEL, mas isso cria algumas d\u00favidas: ANEEL e ONS viraram se\u00e7\u00f5es do minist\u00e9rio? Isso n\u00e3o tem interfer\u00eancia na independ\u00eancia da autonomia? Isso n\u00e3o cria preocupa\u00e7\u00f5es nas empresas? H\u00e1 interfer\u00eancia nas regula\u00e7\u00f5es entre os entes? Pode um diretor que est\u00e1 numa ag\u00eancia ser indicado para outro \u00f3rg\u00e3o do setor que ele vai assumir daqui a cinco meses? Uma ag\u00eancia n\u00e3o fiscaliza esse outro \u00f3rg\u00e3o? N\u00e3o h\u00e1 conflito de interesse? Isso n\u00e3o tem dado alerta a muitos, mas acho que esse \u00e9 um ponto de preocupa\u00e7\u00e3o. Normalizamos absurdos e n\u00e3o nos preocupamos com isso.<\/p>\n\n\n\n<h6 class=\"wp-block-heading\" id=\"block-f323f59b-51bf-4eed-b17b-3c7d3b917007\">*Roberto Rockmann <strong>\u00e9 escritor e jornalista. Coautor do livro \u201cCurto-Circuito, quando o Brasil quase ficou \u00e0s escuras\u201d e produtor do podcast quinzenal \u201cGiro Energia\u201d sobre o setor el\u00e9trico. Organizou em 2018 o livro de 20 anos do mercado livre de energia el\u00e9trica, editado pela CCEE (C\u00e2mara de Comercializa\u00e7\u00e3o de Energia El\u00e9trica), al\u00e9m de v\u00e1rios outros livros e trabalhos premiados<\/strong>.<\/h6>\n\n\n\n<p><strong>As opini\u00f5es dos autores n\u00e3o refletem necessariamente o pensamento da Ag\u00eancia iNFRA, sendo de total responsabilidade do autor as informa\u00e7\u00f5es, ju\u00edzos de valor e conceitos descritos no texto<\/strong>. <\/p>\n","protected":false},"excerpt":{"rendered":"<p>Roberto Rockmann* Em maio de 2021, o ex-diretor da ANEEL (Ag\u00eancia Nacional de Energia El\u00e9trica)&nbsp;Edvaldo Santana fez um alerta no jornal \u201cValor Econ\u00f4mico\u201d sobre a possibilidade de o pa\u00eds ter de racionar energia durante o ano passado. S\u00e3o Pedro evitou uma crise maior, mas a solu\u00e7\u00e3o adotada foi a mais cara. \u201cA solu\u00e7\u00e3o mais barata [&hellip;]<\/p>\n","protected":false},"author":1,"featured_media":8283,"comment_status":"closed","ping_status":"closed","sticky":false,"template":"","format":"standard","meta":{"_monsterinsights_skip_tracking":false,"_monsterinsights_sitenote_active":false,"_monsterinsights_sitenote_note":"","_monsterinsights_sitenote_category":0,"footnotes":""},"categories":[1],"tags":[46,53,13,4379,2781,4333,635,3627,3200,3049],"class_list":["post-10302","post","type-post","status-publish","format-standard","has-post-thumbnail","hentry","category-geral","tag-agencias-reguladoras","tag-aneel","tag-consumo-de-energia","tag-crise-energetica","tag-edvaldo-santana","tag-emergencia-hidrica","tag-hidreletricas","tag-pl-414-2021","tag-racionamento","tag-sistema-eletrico"],"yoast_head":"<!-- This site is optimized with the Yoast SEO Premium plugin v25.4 (Yoast SEO v26.0) - https:\/\/yoast.com\/wordpress\/plugins\/seo\/ -->\n<title>&quot;Pa\u00eds est\u00e1 no auge do colapso regulat\u00f3rio&quot;, diz ex-diretor da ANEEL - Ag\u00eancia iNFRA<\/title>\n<meta name=\"robots\" content=\"index, follow, max-snippet:-1, max-image-preview:large, max-video-preview:-1\" \/>\n<link rel=\"canonical\" href=\"https:\/\/agenciainfra.com\/blog\/pais-esta-no-auge-do-colapso-regulatorio-diz-ex-diretor-da-aneel\/\" \/>\n<meta property=\"og:locale\" content=\"pt_BR\" \/>\n<meta property=\"og:type\" content=\"article\" \/>\n<meta property=\"og:title\" content=\"&quot;Pa\u00eds est\u00e1 no auge do colapso regulat\u00f3rio&quot;, diz ex-diretor da ANEEL\" \/>\n<meta property=\"og:description\" content=\"Roberto Rockmann* Em maio de 2021, o ex-diretor da ANEEL (Ag\u00eancia Nacional de Energia El\u00e9trica)&nbsp;Edvaldo Santana fez um alerta no jornal \u201cValor Econ\u00f4mico\u201d sobre a possibilidade de o pa\u00eds ter de racionar energia durante o ano passado. S\u00e3o Pedro evitou uma crise maior, mas a solu\u00e7\u00e3o adotada foi a mais cara. \u201cA solu\u00e7\u00e3o mais barata [&hellip;]\" \/>\n<meta property=\"og:url\" content=\"https:\/\/agenciainfra.com\/blog\/pais-esta-no-auge-do-colapso-regulatorio-diz-ex-diretor-da-aneel\/\" \/>\n<meta property=\"og:site_name\" content=\"Ag\u00eancia iNFRA\" \/>\n<meta property=\"article:publisher\" content=\"https:\/\/www.facebook.com\/ageninfra\" \/>\n<meta property=\"article:published_time\" content=\"2022-05-09T14:00:00+00:00\" \/>\n<meta property=\"article:modified_time\" content=\"2022-05-11T14:08:44+00:00\" \/>\n<meta property=\"og:image\" content=\"https:\/\/agenciainfra.com\/blog\/wp-content\/uploads\/2021\/09\/edvaldo-santana-foto-vinicius-loures-camara-dos-deputados.jpg\" \/>\n\t<meta property=\"og:image:width\" content=\"1280\" \/>\n\t<meta property=\"og:image:height\" content=\"838\" \/>\n\t<meta property=\"og:image:type\" content=\"image\/jpeg\" \/>\n<meta name=\"author\" content=\"Ag\u00eancia iNFRA\" \/>\n<meta name=\"twitter:card\" content=\"summary_large_image\" \/>\n<meta name=\"twitter:creator\" content=\"@agencia_infra\" \/>\n<meta name=\"twitter:site\" content=\"@agencia_infra\" \/>\n<meta name=\"twitter:label1\" content=\"Escrito por\" \/>\n\t<meta name=\"twitter:data1\" content=\"Ag\u00eancia iNFRA\" \/>\n\t<meta name=\"twitter:label2\" content=\"Est. tempo de leitura\" \/>\n\t<meta name=\"twitter:data2\" content=\"8 minutos\" \/>\n<script type=\"application\/ld+json\" class=\"yoast-schema-graph\">{\"@context\":\"https:\/\/schema.org\",\"@graph\":[{\"@type\":\"Article\",\"@id\":\"https:\/\/agenciainfra.com\/blog\/pais-esta-no-auge-do-colapso-regulatorio-diz-ex-diretor-da-aneel\/#article\",\"isPartOf\":{\"@id\":\"https:\/\/agenciainfra.com\/blog\/pais-esta-no-auge-do-colapso-regulatorio-diz-ex-diretor-da-aneel\/\"},\"author\":{\"name\":\"Ag\u00eancia iNFRA\",\"@id\":\"https:\/\/agenciainfra.com\/blog\/#\/schema\/person\/34af08dff6adea4cb22b06612ba7acfa\"},\"headline\":\"&#8220;Pa\u00eds est\u00e1 no auge do colapso regulat\u00f3rio&#8221;, diz ex-diretor da ANEEL\",\"datePublished\":\"2022-05-09T14:00:00+00:00\",\"dateModified\":\"2022-05-11T14:08:44+00:00\",\"mainEntityOfPage\":{\"@id\":\"https:\/\/agenciainfra.com\/blog\/pais-esta-no-auge-do-colapso-regulatorio-diz-ex-diretor-da-aneel\/\"},\"wordCount\":1641,\"publisher\":{\"@id\":\"https:\/\/agenciainfra.com\/blog\/#organization\"},\"image\":{\"@id\":\"https:\/\/agenciainfra.com\/blog\/pais-esta-no-auge-do-colapso-regulatorio-diz-ex-diretor-da-aneel\/#primaryimage\"},\"thumbnailUrl\":\"https:\/\/agenciainfra.com\/blog\/wp-content\/uploads\/2021\/09\/edvaldo-santana-foto-vinicius-loures-camara-dos-deputados.jpg\",\"keywords\":[\"Ag\u00eancias Reguladoras\",\"ANEEL\",\"consumo de energia\",\"crise energ\u00e9tica\",\"Edvaldo Santana\",\"emerg\u00eancia h\u00eddrica\",\"Hidrel\u00e9tricas\",\"PL 414\/2021\",\"racionamento\",\"sistema el\u00e9trico\"],\"articleSection\":[\"Geral\"],\"inLanguage\":\"pt-BR\",\"copyrightYear\":\"2022\",\"copyrightHolder\":{\"@id\":\"https:\/\/agenciainfra.com\/blog\/#organization\"}},{\"@type\":\"WebPage\",\"@id\":\"https:\/\/agenciainfra.com\/blog\/pais-esta-no-auge-do-colapso-regulatorio-diz-ex-diretor-da-aneel\/\",\"url\":\"https:\/\/agenciainfra.com\/blog\/pais-esta-no-auge-do-colapso-regulatorio-diz-ex-diretor-da-aneel\/\",\"name\":\"\\\"Pa\u00eds est\u00e1 no auge do colapso regulat\u00f3rio\\\", diz ex-diretor da ANEEL - Ag\u00eancia iNFRA\",\"isPartOf\":{\"@id\":\"https:\/\/agenciainfra.com\/blog\/#website\"},\"primaryImageOfPage\":{\"@id\":\"https:\/\/agenciainfra.com\/blog\/pais-esta-no-auge-do-colapso-regulatorio-diz-ex-diretor-da-aneel\/#primaryimage\"},\"image\":{\"@id\":\"https:\/\/agenciainfra.com\/blog\/pais-esta-no-auge-do-colapso-regulatorio-diz-ex-diretor-da-aneel\/#primaryimage\"},\"thumbnailUrl\":\"https:\/\/agenciainfra.com\/blog\/wp-content\/uploads\/2021\/09\/edvaldo-santana-foto-vinicius-loures-camara-dos-deputados.jpg\",\"datePublished\":\"2022-05-09T14:00:00+00:00\",\"dateModified\":\"2022-05-11T14:08:44+00:00\",\"breadcrumb\":{\"@id\":\"https:\/\/agenciainfra.com\/blog\/pais-esta-no-auge-do-colapso-regulatorio-diz-ex-diretor-da-aneel\/#breadcrumb\"},\"inLanguage\":\"pt-BR\",\"potentialAction\":[{\"@type\":\"ReadAction\",\"target\":[\"https:\/\/agenciainfra.com\/blog\/pais-esta-no-auge-do-colapso-regulatorio-diz-ex-diretor-da-aneel\/\"]}]},{\"@type\":\"ImageObject\",\"inLanguage\":\"pt-BR\",\"@id\":\"https:\/\/agenciainfra.com\/blog\/pais-esta-no-auge-do-colapso-regulatorio-diz-ex-diretor-da-aneel\/#primaryimage\",\"url\":\"https:\/\/agenciainfra.com\/blog\/wp-content\/uploads\/2021\/09\/edvaldo-santana-foto-vinicius-loures-camara-dos-deputados.jpg\",\"contentUrl\":\"https:\/\/agenciainfra.com\/blog\/wp-content\/uploads\/2021\/09\/edvaldo-santana-foto-vinicius-loures-camara-dos-deputados.jpg\",\"width\":1280,\"height\":838},{\"@type\":\"BreadcrumbList\",\"@id\":\"https:\/\/agenciainfra.com\/blog\/pais-esta-no-auge-do-colapso-regulatorio-diz-ex-diretor-da-aneel\/#breadcrumb\",\"itemListElement\":[{\"@type\":\"ListItem\",\"position\":1,\"name\":\"In\u00edcio\",\"item\":\"https:\/\/agenciainfra.com\/blog\/\"},{\"@type\":\"ListItem\",\"position\":2,\"name\":\"&#8220;Pa\u00eds est\u00e1 no auge do colapso regulat\u00f3rio&#8221;, diz ex-diretor da ANEEL\"}]},{\"@type\":\"WebSite\",\"@id\":\"https:\/\/agenciainfra.com\/blog\/#website\",\"url\":\"https:\/\/agenciainfra.com\/blog\/\",\"name\":\"Ag\u00eancia iNFRA\",\"description\":\"Multiplataforma de informa\u00e7\u00e3o jornal\u00edstica refer\u00eancia na \u00e1rea de infraestrutura no Brasil!\",\"publisher\":{\"@id\":\"https:\/\/agenciainfra.com\/blog\/#organization\"},\"potentialAction\":[{\"@type\":\"SearchAction\",\"target\":{\"@type\":\"EntryPoint\",\"urlTemplate\":\"https:\/\/agenciainfra.com\/blog\/?s={search_term_string}\"},\"query-input\":{\"@type\":\"PropertyValueSpecification\",\"valueRequired\":true,\"valueName\":\"search_term_string\"}}],\"inLanguage\":\"pt-BR\"},{\"@type\":\"Organization\",\"@id\":\"https:\/\/agenciainfra.com\/blog\/#organization\",\"name\":\"Ag\u00eancia iNFRA\",\"url\":\"https:\/\/agenciainfra.com\/blog\/\",\"logo\":{\"@type\":\"ImageObject\",\"inLanguage\":\"pt-BR\",\"@id\":\"https:\/\/agenciainfra.com\/blog\/#\/schema\/logo\/image\/\",\"url\":\"https:\/\/agenciainfra.com\/blog\/wp-content\/uploads\/2023\/09\/iNFRA_5-e1761735885940.png\",\"contentUrl\":\"https:\/\/agenciainfra.com\/blog\/wp-content\/uploads\/2023\/09\/iNFRA_5-e1761735885940.png\",\"width\":1672,\"height\":454,\"caption\":\"Ag\u00eancia iNFRA\"},\"image\":{\"@id\":\"https:\/\/agenciainfra.com\/blog\/#\/schema\/logo\/image\/\"},\"sameAs\":[\"https:\/\/www.facebook.com\/ageninfra\",\"https:\/\/x.com\/agencia_infra\",\"https:\/\/www.linkedin.com\/company\/ag\u00eanciainfra\/\",\"https:\/\/www.instagram.com\/agenciainfra\/\"]},{\"@type\":\"Person\",\"@id\":\"https:\/\/agenciainfra.com\/blog\/#\/schema\/person\/34af08dff6adea4cb22b06612ba7acfa\",\"name\":\"Ag\u00eancia iNFRA\",\"image\":{\"@type\":\"ImageObject\",\"inLanguage\":\"pt-BR\",\"@id\":\"https:\/\/agenciainfra.com\/blog\/#\/schema\/person\/image\/\",\"url\":\"https:\/\/secure.gravatar.com\/avatar\/d189e01678f06d8eb84d4e01f08eb848b3fffe3f8443818d3c356c66892f5be8?s=96&d=mm&r=g\",\"contentUrl\":\"https:\/\/secure.gravatar.com\/avatar\/d189e01678f06d8eb84d4e01f08eb848b3fffe3f8443818d3c356c66892f5be8?s=96&d=mm&r=g\",\"caption\":\"Ag\u00eancia iNFRA\"},\"url\":\"https:\/\/agenciainfra.com\/blog\/author\/admin\/\"}]}<\/script>\n<!-- \/ Yoast SEO Premium plugin. -->","yoast_head_json":{"title":"\"Pa\u00eds est\u00e1 no auge do colapso regulat\u00f3rio\", diz ex-diretor da ANEEL - Ag\u00eancia iNFRA","robots":{"index":"index","follow":"follow","max-snippet":"max-snippet:-1","max-image-preview":"max-image-preview:large","max-video-preview":"max-video-preview:-1"},"canonical":"https:\/\/agenciainfra.com\/blog\/pais-esta-no-auge-do-colapso-regulatorio-diz-ex-diretor-da-aneel\/","og_locale":"pt_BR","og_type":"article","og_title":"\"Pa\u00eds est\u00e1 no auge do colapso regulat\u00f3rio\", diz ex-diretor da ANEEL","og_description":"Roberto Rockmann* Em maio de 2021, o ex-diretor da ANEEL (Ag\u00eancia Nacional de Energia El\u00e9trica)&nbsp;Edvaldo Santana fez um alerta no jornal \u201cValor Econ\u00f4mico\u201d sobre a possibilidade de o pa\u00eds ter de racionar energia durante o ano passado. S\u00e3o Pedro evitou uma crise maior, mas a solu\u00e7\u00e3o adotada foi a mais cara. \u201cA solu\u00e7\u00e3o mais barata [&hellip;]","og_url":"https:\/\/agenciainfra.com\/blog\/pais-esta-no-auge-do-colapso-regulatorio-diz-ex-diretor-da-aneel\/","og_site_name":"Ag\u00eancia iNFRA","article_publisher":"https:\/\/www.facebook.com\/ageninfra","article_published_time":"2022-05-09T14:00:00+00:00","article_modified_time":"2022-05-11T14:08:44+00:00","og_image":[{"width":1280,"height":838,"url":"https:\/\/agenciainfra.com\/blog\/wp-content\/uploads\/2021\/09\/edvaldo-santana-foto-vinicius-loures-camara-dos-deputados.jpg","type":"image\/jpeg"}],"author":"Ag\u00eancia iNFRA","twitter_card":"summary_large_image","twitter_creator":"@agencia_infra","twitter_site":"@agencia_infra","twitter_misc":{"Escrito por":"Ag\u00eancia iNFRA","Est. tempo de leitura":"8 minutos"},"schema":{"@context":"https:\/\/schema.org","@graph":[{"@type":"Article","@id":"https:\/\/agenciainfra.com\/blog\/pais-esta-no-auge-do-colapso-regulatorio-diz-ex-diretor-da-aneel\/#article","isPartOf":{"@id":"https:\/\/agenciainfra.com\/blog\/pais-esta-no-auge-do-colapso-regulatorio-diz-ex-diretor-da-aneel\/"},"author":{"name":"Ag\u00eancia iNFRA","@id":"https:\/\/agenciainfra.com\/blog\/#\/schema\/person\/34af08dff6adea4cb22b06612ba7acfa"},"headline":"&#8220;Pa\u00eds est\u00e1 no auge do colapso regulat\u00f3rio&#8221;, diz ex-diretor da ANEEL","datePublished":"2022-05-09T14:00:00+00:00","dateModified":"2022-05-11T14:08:44+00:00","mainEntityOfPage":{"@id":"https:\/\/agenciainfra.com\/blog\/pais-esta-no-auge-do-colapso-regulatorio-diz-ex-diretor-da-aneel\/"},"wordCount":1641,"publisher":{"@id":"https:\/\/agenciainfra.com\/blog\/#organization"},"image":{"@id":"https:\/\/agenciainfra.com\/blog\/pais-esta-no-auge-do-colapso-regulatorio-diz-ex-diretor-da-aneel\/#primaryimage"},"thumbnailUrl":"https:\/\/agenciainfra.com\/blog\/wp-content\/uploads\/2021\/09\/edvaldo-santana-foto-vinicius-loures-camara-dos-deputados.jpg","keywords":["Ag\u00eancias Reguladoras","ANEEL","consumo de energia","crise energ\u00e9tica","Edvaldo Santana","emerg\u00eancia h\u00eddrica","Hidrel\u00e9tricas","PL 414\/2021","racionamento","sistema el\u00e9trico"],"articleSection":["Geral"],"inLanguage":"pt-BR","copyrightYear":"2022","copyrightHolder":{"@id":"https:\/\/agenciainfra.com\/blog\/#organization"}},{"@type":"WebPage","@id":"https:\/\/agenciainfra.com\/blog\/pais-esta-no-auge-do-colapso-regulatorio-diz-ex-diretor-da-aneel\/","url":"https:\/\/agenciainfra.com\/blog\/pais-esta-no-auge-do-colapso-regulatorio-diz-ex-diretor-da-aneel\/","name":"\"Pa\u00eds est\u00e1 no auge do colapso regulat\u00f3rio\", diz ex-diretor da ANEEL - Ag\u00eancia iNFRA","isPartOf":{"@id":"https:\/\/agenciainfra.com\/blog\/#website"},"primaryImageOfPage":{"@id":"https:\/\/agenciainfra.com\/blog\/pais-esta-no-auge-do-colapso-regulatorio-diz-ex-diretor-da-aneel\/#primaryimage"},"image":{"@id":"https:\/\/agenciainfra.com\/blog\/pais-esta-no-auge-do-colapso-regulatorio-diz-ex-diretor-da-aneel\/#primaryimage"},"thumbnailUrl":"https:\/\/agenciainfra.com\/blog\/wp-content\/uploads\/2021\/09\/edvaldo-santana-foto-vinicius-loures-camara-dos-deputados.jpg","datePublished":"2022-05-09T14:00:00+00:00","dateModified":"2022-05-11T14:08:44+00:00","breadcrumb":{"@id":"https:\/\/agenciainfra.com\/blog\/pais-esta-no-auge-do-colapso-regulatorio-diz-ex-diretor-da-aneel\/#breadcrumb"},"inLanguage":"pt-BR","potentialAction":[{"@type":"ReadAction","target":["https:\/\/agenciainfra.com\/blog\/pais-esta-no-auge-do-colapso-regulatorio-diz-ex-diretor-da-aneel\/"]}]},{"@type":"ImageObject","inLanguage":"pt-BR","@id":"https:\/\/agenciainfra.com\/blog\/pais-esta-no-auge-do-colapso-regulatorio-diz-ex-diretor-da-aneel\/#primaryimage","url":"https:\/\/agenciainfra.com\/blog\/wp-content\/uploads\/2021\/09\/edvaldo-santana-foto-vinicius-loures-camara-dos-deputados.jpg","contentUrl":"https:\/\/agenciainfra.com\/blog\/wp-content\/uploads\/2021\/09\/edvaldo-santana-foto-vinicius-loures-camara-dos-deputados.jpg","width":1280,"height":838},{"@type":"BreadcrumbList","@id":"https:\/\/agenciainfra.com\/blog\/pais-esta-no-auge-do-colapso-regulatorio-diz-ex-diretor-da-aneel\/#breadcrumb","itemListElement":[{"@type":"ListItem","position":1,"name":"In\u00edcio","item":"https:\/\/agenciainfra.com\/blog\/"},{"@type":"ListItem","position":2,"name":"&#8220;Pa\u00eds est\u00e1 no auge do colapso regulat\u00f3rio&#8221;, diz ex-diretor da ANEEL"}]},{"@type":"WebSite","@id":"https:\/\/agenciainfra.com\/blog\/#website","url":"https:\/\/agenciainfra.com\/blog\/","name":"Ag\u00eancia iNFRA","description":"Multiplataforma de informa\u00e7\u00e3o jornal\u00edstica refer\u00eancia na \u00e1rea de infraestrutura no Brasil!","publisher":{"@id":"https:\/\/agenciainfra.com\/blog\/#organization"},"potentialAction":[{"@type":"SearchAction","target":{"@type":"EntryPoint","urlTemplate":"https:\/\/agenciainfra.com\/blog\/?s={search_term_string}"},"query-input":{"@type":"PropertyValueSpecification","valueRequired":true,"valueName":"search_term_string"}}],"inLanguage":"pt-BR"},{"@type":"Organization","@id":"https:\/\/agenciainfra.com\/blog\/#organization","name":"Ag\u00eancia iNFRA","url":"https:\/\/agenciainfra.com\/blog\/","logo":{"@type":"ImageObject","inLanguage":"pt-BR","@id":"https:\/\/agenciainfra.com\/blog\/#\/schema\/logo\/image\/","url":"https:\/\/agenciainfra.com\/blog\/wp-content\/uploads\/2023\/09\/iNFRA_5-e1761735885940.png","contentUrl":"https:\/\/agenciainfra.com\/blog\/wp-content\/uploads\/2023\/09\/iNFRA_5-e1761735885940.png","width":1672,"height":454,"caption":"Ag\u00eancia iNFRA"},"image":{"@id":"https:\/\/agenciainfra.com\/blog\/#\/schema\/logo\/image\/"},"sameAs":["https:\/\/www.facebook.com\/ageninfra","https:\/\/x.com\/agencia_infra","https:\/\/www.linkedin.com\/company\/ag\u00eanciainfra\/","https:\/\/www.instagram.com\/agenciainfra\/"]},{"@type":"Person","@id":"https:\/\/agenciainfra.com\/blog\/#\/schema\/person\/34af08dff6adea4cb22b06612ba7acfa","name":"Ag\u00eancia iNFRA","image":{"@type":"ImageObject","inLanguage":"pt-BR","@id":"https:\/\/agenciainfra.com\/blog\/#\/schema\/person\/image\/","url":"https:\/\/secure.gravatar.com\/avatar\/d189e01678f06d8eb84d4e01f08eb848b3fffe3f8443818d3c356c66892f5be8?s=96&d=mm&r=g","contentUrl":"https:\/\/secure.gravatar.com\/avatar\/d189e01678f06d8eb84d4e01f08eb848b3fffe3f8443818d3c356c66892f5be8?s=96&d=mm&r=g","caption":"Ag\u00eancia iNFRA"},"url":"https:\/\/agenciainfra.com\/blog\/author\/admin\/"}]}},"_links":{"self":[{"href":"https:\/\/agenciainfra.com\/blog\/wp-json\/wp\/v2\/posts\/10302","targetHints":{"allow":["GET"]}}],"collection":[{"href":"https:\/\/agenciainfra.com\/blog\/wp-json\/wp\/v2\/posts"}],"about":[{"href":"https:\/\/agenciainfra.com\/blog\/wp-json\/wp\/v2\/types\/post"}],"author":[{"embeddable":true,"href":"https:\/\/agenciainfra.com\/blog\/wp-json\/wp\/v2\/users\/1"}],"replies":[{"embeddable":true,"href":"https:\/\/agenciainfra.com\/blog\/wp-json\/wp\/v2\/comments?post=10302"}],"version-history":[{"count":0,"href":"https:\/\/agenciainfra.com\/blog\/wp-json\/wp\/v2\/posts\/10302\/revisions"}],"wp:featuredmedia":[{"embeddable":true,"href":"https:\/\/agenciainfra.com\/blog\/wp-json\/wp\/v2\/media\/8283"}],"wp:attachment":[{"href":"https:\/\/agenciainfra.com\/blog\/wp-json\/wp\/v2\/media?parent=10302"}],"wp:term":[{"taxonomy":"category","embeddable":true,"href":"https:\/\/agenciainfra.com\/blog\/wp-json\/wp\/v2\/categories?post=10302"},{"taxonomy":"post_tag","embeddable":true,"href":"https:\/\/agenciainfra.com\/blog\/wp-json\/wp\/v2\/tags?post=10302"}],"curies":[{"name":"wp","href":"https:\/\/api.w.org\/{rel}","templated":true}]}}