{"id":10309,"date":"2022-05-10T10:00:00","date_gmt":"2022-05-10T13:00:00","guid":{"rendered":"https:\/\/www.agenciainfra.com\/blog\/?p=10309"},"modified":"2022-05-11T11:10:21","modified_gmt":"2022-05-11T14:10:21","slug":"superintendentes-camila-bomfim-e-giacomo-bassi-assumirao-diretorias-na-aneel-provisoriamente","status":"publish","type":"post","link":"https:\/\/agenciainfra.com\/blog\/superintendentes-camila-bomfim-e-giacomo-bassi-assumirao-diretorias-na-aneel-provisoriamente\/","title":{"rendered":"Superintendentes Camila Bomfim e Gi\u00e1como Bassi assumir\u00e3o diretorias na ANEEL provisoriamente"},"content":{"rendered":"\n<p class=\"has-text-align-right\"><strong>Leila Coimbra e Ludmylla Rocha, da&nbsp;Ag\u00eancia iNFRA<\/strong><\/p>\n\n\n\n<p>Come\u00e7am neste m\u00eas as mudan\u00e7as na composi\u00e7\u00e3o da diretoria da ANEEL (Ag\u00eancia Nacional de Energia El\u00e9trica), com o fim dos mandatos dos diretores Sandoval Feitosa e H\u00e9lvio Guerra, e a sa\u00edda antecipada de Elisa Bastos e do diretor-geral, Andr\u00e9 Pepitone, da ag\u00eancia. Destes, apenas Guerra, cujo mandato teve recondu\u00e7\u00e3o aprovada por mais dois anos, permanecer\u00e1 no colegiado.<\/p>\n\n\n\n<p>O atual diretor-geral, Andr\u00e9 Pepitone, deve ocupar o cargo de diretor financeiro brasileiro de Itaipu Binacional j\u00e1 na pr\u00f3xima semana. Seu nome foi aprovado pelo conselho de administra\u00e7\u00e3o da binacional em 28 de abril, mas ainda falta o decreto presidencial com a sua nomea\u00e7\u00e3o para que assuma a cadeira, que deve sair nos pr\u00f3ximos dias.<\/p>\n\n\n\n<p>Assim que deixar a ag\u00eancia, Pepitone ser\u00e1 substitu\u00eddo provisoriamente pela superintendente da ag\u00eancia reguladora Camila Figueiredo Bomfim. Isso porque, apesar de o diretor Sandoval Feitosa j\u00e1 ter sido aprovado para ocupar a cadeira, o mandato de Pepitone vai&nbsp;at\u00e9 14 de agosto.<\/p>\n\n\n\n<p>O mandato de Sandoval como diretor, por sua vez, termina agora em 25 de maio, quando ser\u00e1 substitu\u00eddo por Ricardo Tili, tamb\u00e9m j\u00e1 aprovado pelo Senado para ocupar a vaga de diretor. Na mesma data, o diretor H\u00e9lvio Guerra ser\u00e1 reconduzido.<\/p>\n\n\n\n<p>A diretora Elisa Bastos, que assim como Pepitone tamb\u00e9m antecipar\u00e1 sua sa\u00edda do colegiado, deve assumir ainda neste m\u00eas como diretora de Assuntos Corporativos do ONS (Operador Nacional do Sistema El\u00e9trico), para o qual foi escolhida em abril. Como seu mandato na ANEEL iria at\u00e9 dezembro, o superintendente Gi\u00e1como Francisco Bassi Almeida deve assumir sua vaga temporariamente at\u00e9 a data, quando Agnes da Costa, atualmente no Minist\u00e9rio de Minas e Energia, ir\u00e1 para a cadeira.<\/p>\n\n\n\n<p><strong>TCU manda of\u00edcio sobre Elisa<\/strong><br>O TCU (Tribunal de Contas da Uni\u00e3o) pediu informa\u00e7\u00f5es ao Minist\u00e9rio de Minas e Energia e ao ONS sobre a assun\u00e7\u00e3o de Elisa na diretoria do Operador, por conta da falta de cumprimento de quarentena e pelo fato de a ANEEL ser fiscalizadora do ONS, mas a&nbsp;<strong>Ag\u00eancia iNFRA<\/strong>&nbsp;apurou que o impasse n\u00e3o deve atrasar a posse da executiva na nova fun\u00e7\u00e3o, prevista para 17 de maio.<\/p>\n\n\n\n<p>Elisa obteve aval do Comit\u00ea de \u00c9tica da Presid\u00eancia da Rep\u00fablica e tamb\u00e9m se enquadra na Lei de Conflito de Interesses (Lei 12.813), disseram fontes.<\/p>\n\n\n\n<p>Questionado, o TCU disse que \u201cdentre as atribui\u00e7\u00f5es das unidades t\u00e9cnicas do Tribunal, est\u00e1 o levantamento de informa\u00e7\u00f5es sobre atos administrativos junto aos \u00f3rg\u00e3os jurisdicionados. Nessa atua\u00e7\u00e3o, a unidade t\u00e9cnica respons\u00e1vel pela \u00e1rea apenas solicitou esclarecimentos sobre o ato\u201d.<\/p>\n\n\n\n<p>Apesar da solicita\u00e7\u00e3o, o \u00f3rg\u00e3o&nbsp;informou ainda que \u201cn\u00e3o h\u00e1 processo de controle externo no Tribunal, neste momento, que apure qualquer suposta irregularidade relacionada ao caso. Assim, n\u00e3o h\u00e1 determina\u00e7\u00e3o do Tribunal relacionada ao ato de nomea\u00e7\u00e3o da senhora Elisa Bastos\u201d.<\/p>\n\n\n\n<p>O ONS, por sua vez, afirmou que &#8220;confirma o recebimento de of\u00edcio contendo pedido de informa\u00e7\u00f5es do TCU&nbsp;a respeito da data de in\u00edcio do mandato da Senhora Elisa Bastos no cargo de diretora. A resposta ao \u00f3rg\u00e3o foi enviada no dia 5 de maio informando que se trata de uma indica\u00e7\u00e3o do Minist\u00e9rio de Minas de Energia (MME), na forma da lei e do Estatuto do Operador, sendo que a compet\u00eancia de avalia\u00e7\u00f5es anteriores \u00e0 posse da Dra. Elisa \u00e9 da Comiss\u00e3o de \u00c9tica P\u00fablica, de acordo com a Lei n\u00ba 12.813, de 16 de maio de 2013&#8221;.<\/p>\n\n\n\n<p><strong>Momento turbulento<\/strong><br>A substitui\u00e7\u00e3o da maior parte do colegiado se d\u00e1 em meio \u00e0 press\u00e3o do Congresso Nacional sobre decis\u00f5es da ag\u00eancia. Os alvos t\u00eam sido os reajustes anuais para distribuidoras, que t\u00eam ficado na casa dos&nbsp;20% em pleno ano eleitoral.<\/p>\n\n\n\n<p>A ag\u00eancia deve discutir o tema na C\u00e2mara dos Deputados j\u00e1 nesta semana em audi\u00eancia p\u00fablica marcada para quinta-feira (12) na Comiss\u00e3o de Minas e Energia.<\/p>\n","protected":false},"excerpt":{"rendered":"<p>Leila Coimbra e Ludmylla Rocha, da&nbsp;Ag\u00eancia iNFRA Come\u00e7am neste m\u00eas as mudan\u00e7as na composi\u00e7\u00e3o da diretoria da ANEEL (Ag\u00eancia Nacional de Energia El\u00e9trica), com o fim dos mandatos dos diretores Sandoval Feitosa e H\u00e9lvio Guerra, e a sa\u00edda antecipada de Elisa Bastos e do diretor-geral, Andr\u00e9 Pepitone, da ag\u00eancia. Destes, apenas Guerra, cujo mandato teve [&hellip;]<\/p>\n","protected":false},"author":1,"featured_media":10310,"comment_status":"closed","ping_status":"closed","sticky":false,"template":"","format":"standard","meta":{"_monsterinsights_skip_tracking":false,"_monsterinsights_sitenote_active":false,"_monsterinsights_sitenote_note":"","_monsterinsights_sitenote_category":0,"footnotes":""},"categories":[1,10],"tags":[46,820,53,5389,4610,282,5390,34,71,1026],"class_list":["post-10309","post","type-post","status-publish","format-standard","has-post-thumbnail","hentry","category-geral","category-infraenergia","tag-agencias-reguladoras","tag-andre-pepitone","tag-aneel","tag-camila-bomfim","tag-diretoria","tag-energia-eletrica","tag-giacomo-bassi","tag-infraestrutura","tag-mme","tag-sandoval-feitosa"],"yoast_head":"<!-- This site is optimized with the Yoast SEO Premium plugin v25.4 (Yoast SEO v26.0) - https:\/\/yoast.com\/wordpress\/plugins\/seo\/ -->\n<title>Superintendentes Camila Bomfim e Gi\u00e1como Bassi assumir\u00e3o diretorias na ANEEL provisoriamente - Ag\u00eancia iNFRA<\/title>\n<meta name=\"robots\" content=\"index, follow, max-snippet:-1, max-image-preview:large, max-video-preview:-1\" \/>\n<link rel=\"canonical\" href=\"https:\/\/agenciainfra.com\/blog\/superintendentes-camila-bomfim-e-giacomo-bassi-assumirao-diretorias-na-aneel-provisoriamente\/\" \/>\n<meta property=\"og:locale\" content=\"pt_BR\" \/>\n<meta property=\"og:type\" content=\"article\" \/>\n<meta property=\"og:title\" content=\"Superintendentes Camila Bomfim e Gi\u00e1como Bassi assumir\u00e3o diretorias na ANEEL provisoriamente\" \/>\n<meta property=\"og:description\" content=\"Leila Coimbra e Ludmylla Rocha, da&nbsp;Ag\u00eancia iNFRA Come\u00e7am neste m\u00eas as mudan\u00e7as na composi\u00e7\u00e3o da diretoria da ANEEL (Ag\u00eancia Nacional de Energia El\u00e9trica), com o fim dos mandatos dos diretores Sandoval Feitosa e H\u00e9lvio Guerra, e a sa\u00edda antecipada de Elisa Bastos e do diretor-geral, Andr\u00e9 Pepitone, da ag\u00eancia. Destes, apenas Guerra, cujo mandato teve [&hellip;]\" \/>\n<meta property=\"og:url\" content=\"https:\/\/agenciainfra.com\/blog\/superintendentes-camila-bomfim-e-giacomo-bassi-assumirao-diretorias-na-aneel-provisoriamente\/\" \/>\n<meta property=\"og:site_name\" content=\"Ag\u00eancia iNFRA\" \/>\n<meta property=\"article:publisher\" content=\"https:\/\/www.facebook.com\/ageninfra\" \/>\n<meta property=\"article:published_time\" content=\"2022-05-10T13:00:00+00:00\" \/>\n<meta property=\"article:modified_time\" content=\"2022-05-11T14:10:21+00:00\" \/>\n<meta property=\"og:image\" content=\"https:\/\/agenciainfra.com\/blog\/wp-content\/uploads\/2022\/05\/aneel-foto-aneel.jpg\" \/>\n\t<meta property=\"og:image:width\" content=\"1299\" \/>\n\t<meta property=\"og:image:height\" content=\"868\" \/>\n\t<meta property=\"og:image:type\" content=\"image\/jpeg\" \/>\n<meta name=\"author\" content=\"Ag\u00eancia iNFRA\" \/>\n<meta name=\"twitter:card\" content=\"summary_large_image\" \/>\n<meta name=\"twitter:creator\" content=\"@agencia_infra\" \/>\n<meta name=\"twitter:site\" content=\"@agencia_infra\" \/>\n<meta name=\"twitter:label1\" content=\"Escrito por\" \/>\n\t<meta name=\"twitter:data1\" content=\"Ag\u00eancia iNFRA\" \/>\n\t<meta name=\"twitter:label2\" content=\"Est. tempo de leitura\" \/>\n\t<meta name=\"twitter:data2\" content=\"3 minutos\" \/>\n<script type=\"application\/ld+json\" class=\"yoast-schema-graph\">{\"@context\":\"https:\/\/schema.org\",\"@graph\":[{\"@type\":\"Article\",\"@id\":\"https:\/\/agenciainfra.com\/blog\/superintendentes-camila-bomfim-e-giacomo-bassi-assumirao-diretorias-na-aneel-provisoriamente\/#article\",\"isPartOf\":{\"@id\":\"https:\/\/agenciainfra.com\/blog\/superintendentes-camila-bomfim-e-giacomo-bassi-assumirao-diretorias-na-aneel-provisoriamente\/\"},\"author\":{\"name\":\"Ag\u00eancia iNFRA\",\"@id\":\"https:\/\/agenciainfra.com\/blog\/#\/schema\/person\/34af08dff6adea4cb22b06612ba7acfa\"},\"headline\":\"Superintendentes Camila Bomfim e Gi\u00e1como Bassi assumir\u00e3o diretorias na ANEEL provisoriamente\",\"datePublished\":\"2022-05-10T13:00:00+00:00\",\"dateModified\":\"2022-05-11T14:10:21+00:00\",\"mainEntityOfPage\":{\"@id\":\"https:\/\/agenciainfra.com\/blog\/superintendentes-camila-bomfim-e-giacomo-bassi-assumirao-diretorias-na-aneel-provisoriamente\/\"},\"wordCount\":701,\"publisher\":{\"@id\":\"https:\/\/agenciainfra.com\/blog\/#organization\"},\"image\":{\"@id\":\"https:\/\/agenciainfra.com\/blog\/superintendentes-camila-bomfim-e-giacomo-bassi-assumirao-diretorias-na-aneel-provisoriamente\/#primaryimage\"},\"thumbnailUrl\":\"https:\/\/agenciainfra.com\/blog\/wp-content\/uploads\/2022\/05\/aneel-foto-aneel-e1764788022595.jpg\",\"keywords\":[\"Ag\u00eancias Reguladoras\",\"Andr\u00e9 Pepitone\",\"ANEEL\",\"Camila Bomfim\",\"diretoria\",\"energia el\u00e9trica\",\"Gi\u00e1como Bassi\",\"Infraestrutura\",\"MME\",\"Sandoval Feitosa\"],\"articleSection\":[\"Geral\",\"iNFRAEnergia\"],\"inLanguage\":\"pt-BR\",\"copyrightYear\":\"2022\",\"copyrightHolder\":{\"@id\":\"https:\/\/agenciainfra.com\/blog\/#organization\"}},{\"@type\":\"WebPage\",\"@id\":\"https:\/\/agenciainfra.com\/blog\/superintendentes-camila-bomfim-e-giacomo-bassi-assumirao-diretorias-na-aneel-provisoriamente\/\",\"url\":\"https:\/\/agenciainfra.com\/blog\/superintendentes-camila-bomfim-e-giacomo-bassi-assumirao-diretorias-na-aneel-provisoriamente\/\",\"name\":\"Superintendentes Camila Bomfim e Gi\u00e1como Bassi assumir\u00e3o diretorias na ANEEL provisoriamente - Ag\u00eancia iNFRA\",\"isPartOf\":{\"@id\":\"https:\/\/agenciainfra.com\/blog\/#website\"},\"primaryImageOfPage\":{\"@id\":\"https:\/\/agenciainfra.com\/blog\/superintendentes-camila-bomfim-e-giacomo-bassi-assumirao-diretorias-na-aneel-provisoriamente\/#primaryimage\"},\"image\":{\"@id\":\"https:\/\/agenciainfra.com\/blog\/superintendentes-camila-bomfim-e-giacomo-bassi-assumirao-diretorias-na-aneel-provisoriamente\/#primaryimage\"},\"thumbnailUrl\":\"https:\/\/agenciainfra.com\/blog\/wp-content\/uploads\/2022\/05\/aneel-foto-aneel-e1764788022595.jpg\",\"datePublished\":\"2022-05-10T13:00:00+00:00\",\"dateModified\":\"2022-05-11T14:10:21+00:00\",\"breadcrumb\":{\"@id\":\"https:\/\/agenciainfra.com\/blog\/superintendentes-camila-bomfim-e-giacomo-bassi-assumirao-diretorias-na-aneel-provisoriamente\/#breadcrumb\"},\"inLanguage\":\"pt-BR\",\"potentialAction\":[{\"@type\":\"ReadAction\",\"target\":[\"https:\/\/agenciainfra.com\/blog\/superintendentes-camila-bomfim-e-giacomo-bassi-assumirao-diretorias-na-aneel-provisoriamente\/\"]}]},{\"@type\":\"ImageObject\",\"inLanguage\":\"pt-BR\",\"@id\":\"https:\/\/agenciainfra.com\/blog\/superintendentes-camila-bomfim-e-giacomo-bassi-assumirao-diretorias-na-aneel-provisoriamente\/#primaryimage\",\"url\":\"https:\/\/agenciainfra.com\/blog\/wp-content\/uploads\/2022\/05\/aneel-foto-aneel-e1764788022595.jpg\",\"contentUrl\":\"https:\/\/agenciainfra.com\/blog\/wp-content\/uploads\/2022\/05\/aneel-foto-aneel-e1764788022595.jpg\",\"width\":1280,\"height\":753,\"caption\":\"Foto: ANEEL\"},{\"@type\":\"BreadcrumbList\",\"@id\":\"https:\/\/agenciainfra.com\/blog\/superintendentes-camila-bomfim-e-giacomo-bassi-assumirao-diretorias-na-aneel-provisoriamente\/#breadcrumb\",\"itemListElement\":[{\"@type\":\"ListItem\",\"position\":1,\"name\":\"In\u00edcio\",\"item\":\"https:\/\/agenciainfra.com\/blog\/\"},{\"@type\":\"ListItem\",\"position\":2,\"name\":\"Superintendentes Camila Bomfim e Gi\u00e1como Bassi assumir\u00e3o diretorias na ANEEL provisoriamente\"}]},{\"@type\":\"WebSite\",\"@id\":\"https:\/\/agenciainfra.com\/blog\/#website\",\"url\":\"https:\/\/agenciainfra.com\/blog\/\",\"name\":\"Ag\u00eancia iNFRA\",\"description\":\"Multiplataforma de informa\u00e7\u00e3o jornal\u00edstica refer\u00eancia na \u00e1rea de infraestrutura no Brasil!\",\"publisher\":{\"@id\":\"https:\/\/agenciainfra.com\/blog\/#organization\"},\"potentialAction\":[{\"@type\":\"SearchAction\",\"target\":{\"@type\":\"EntryPoint\",\"urlTemplate\":\"https:\/\/agenciainfra.com\/blog\/?s={search_term_string}\"},\"query-input\":{\"@type\":\"PropertyValueSpecification\",\"valueRequired\":true,\"valueName\":\"search_term_string\"}}],\"inLanguage\":\"pt-BR\"},{\"@type\":\"Organization\",\"@id\":\"https:\/\/agenciainfra.com\/blog\/#organization\",\"name\":\"Ag\u00eancia iNFRA\",\"url\":\"https:\/\/agenciainfra.com\/blog\/\",\"logo\":{\"@type\":\"ImageObject\",\"inLanguage\":\"pt-BR\",\"@id\":\"https:\/\/agenciainfra.com\/blog\/#\/schema\/logo\/image\/\",\"url\":\"https:\/\/agenciainfra.com\/blog\/wp-content\/uploads\/2023\/09\/iNFRA_5-e1761735885940.png\",\"contentUrl\":\"https:\/\/agenciainfra.com\/blog\/wp-content\/uploads\/2023\/09\/iNFRA_5-e1761735885940.png\",\"width\":1672,\"height\":454,\"caption\":\"Ag\u00eancia iNFRA\"},\"image\":{\"@id\":\"https:\/\/agenciainfra.com\/blog\/#\/schema\/logo\/image\/\"},\"sameAs\":[\"https:\/\/www.facebook.com\/ageninfra\",\"https:\/\/x.com\/agencia_infra\",\"https:\/\/www.linkedin.com\/company\/ag\u00eanciainfra\/\",\"https:\/\/www.instagram.com\/agenciainfra\/\"]},{\"@type\":\"Person\",\"@id\":\"https:\/\/agenciainfra.com\/blog\/#\/schema\/person\/34af08dff6adea4cb22b06612ba7acfa\",\"name\":\"Ag\u00eancia iNFRA\",\"image\":{\"@type\":\"ImageObject\",\"inLanguage\":\"pt-BR\",\"@id\":\"https:\/\/agenciainfra.com\/blog\/#\/schema\/person\/image\/\",\"url\":\"https:\/\/secure.gravatar.com\/avatar\/d189e01678f06d8eb84d4e01f08eb848b3fffe3f8443818d3c356c66892f5be8?s=96&d=mm&r=g\",\"contentUrl\":\"https:\/\/secure.gravatar.com\/avatar\/d189e01678f06d8eb84d4e01f08eb848b3fffe3f8443818d3c356c66892f5be8?s=96&d=mm&r=g\",\"caption\":\"Ag\u00eancia iNFRA\"},\"url\":\"https:\/\/agenciainfra.com\/blog\/author\/admin\/\"}]}<\/script>\n<!-- \/ Yoast SEO Premium plugin. -->","yoast_head_json":{"title":"Superintendentes Camila Bomfim e Gi\u00e1como Bassi assumir\u00e3o diretorias na ANEEL provisoriamente - Ag\u00eancia iNFRA","robots":{"index":"index","follow":"follow","max-snippet":"max-snippet:-1","max-image-preview":"max-image-preview:large","max-video-preview":"max-video-preview:-1"},"canonical":"https:\/\/agenciainfra.com\/blog\/superintendentes-camila-bomfim-e-giacomo-bassi-assumirao-diretorias-na-aneel-provisoriamente\/","og_locale":"pt_BR","og_type":"article","og_title":"Superintendentes Camila Bomfim e Gi\u00e1como Bassi assumir\u00e3o diretorias na ANEEL provisoriamente","og_description":"Leila Coimbra e Ludmylla Rocha, da&nbsp;Ag\u00eancia iNFRA Come\u00e7am neste m\u00eas as mudan\u00e7as na composi\u00e7\u00e3o da diretoria da ANEEL (Ag\u00eancia Nacional de Energia El\u00e9trica), com o fim dos mandatos dos diretores Sandoval Feitosa e H\u00e9lvio Guerra, e a sa\u00edda antecipada de Elisa Bastos e do diretor-geral, Andr\u00e9 Pepitone, da ag\u00eancia. Destes, apenas Guerra, cujo mandato teve [&hellip;]","og_url":"https:\/\/agenciainfra.com\/blog\/superintendentes-camila-bomfim-e-giacomo-bassi-assumirao-diretorias-na-aneel-provisoriamente\/","og_site_name":"Ag\u00eancia iNFRA","article_publisher":"https:\/\/www.facebook.com\/ageninfra","article_published_time":"2022-05-10T13:00:00+00:00","article_modified_time":"2022-05-11T14:10:21+00:00","og_image":[{"width":1299,"height":868,"url":"https:\/\/agenciainfra.com\/blog\/wp-content\/uploads\/2022\/05\/aneel-foto-aneel.jpg","type":"image\/jpeg"}],"author":"Ag\u00eancia iNFRA","twitter_card":"summary_large_image","twitter_creator":"@agencia_infra","twitter_site":"@agencia_infra","twitter_misc":{"Escrito por":"Ag\u00eancia iNFRA","Est. tempo de leitura":"3 minutos"},"schema":{"@context":"https:\/\/schema.org","@graph":[{"@type":"Article","@id":"https:\/\/agenciainfra.com\/blog\/superintendentes-camila-bomfim-e-giacomo-bassi-assumirao-diretorias-na-aneel-provisoriamente\/#article","isPartOf":{"@id":"https:\/\/agenciainfra.com\/blog\/superintendentes-camila-bomfim-e-giacomo-bassi-assumirao-diretorias-na-aneel-provisoriamente\/"},"author":{"name":"Ag\u00eancia iNFRA","@id":"https:\/\/agenciainfra.com\/blog\/#\/schema\/person\/34af08dff6adea4cb22b06612ba7acfa"},"headline":"Superintendentes Camila Bomfim e Gi\u00e1como Bassi assumir\u00e3o diretorias na ANEEL provisoriamente","datePublished":"2022-05-10T13:00:00+00:00","dateModified":"2022-05-11T14:10:21+00:00","mainEntityOfPage":{"@id":"https:\/\/agenciainfra.com\/blog\/superintendentes-camila-bomfim-e-giacomo-bassi-assumirao-diretorias-na-aneel-provisoriamente\/"},"wordCount":701,"publisher":{"@id":"https:\/\/agenciainfra.com\/blog\/#organization"},"image":{"@id":"https:\/\/agenciainfra.com\/blog\/superintendentes-camila-bomfim-e-giacomo-bassi-assumirao-diretorias-na-aneel-provisoriamente\/#primaryimage"},"thumbnailUrl":"https:\/\/agenciainfra.com\/blog\/wp-content\/uploads\/2022\/05\/aneel-foto-aneel-e1764788022595.jpg","keywords":["Ag\u00eancias Reguladoras","Andr\u00e9 Pepitone","ANEEL","Camila Bomfim","diretoria","energia el\u00e9trica","Gi\u00e1como Bassi","Infraestrutura","MME","Sandoval Feitosa"],"articleSection":["Geral","iNFRAEnergia"],"inLanguage":"pt-BR","copyrightYear":"2022","copyrightHolder":{"@id":"https:\/\/agenciainfra.com\/blog\/#organization"}},{"@type":"WebPage","@id":"https:\/\/agenciainfra.com\/blog\/superintendentes-camila-bomfim-e-giacomo-bassi-assumirao-diretorias-na-aneel-provisoriamente\/","url":"https:\/\/agenciainfra.com\/blog\/superintendentes-camila-bomfim-e-giacomo-bassi-assumirao-diretorias-na-aneel-provisoriamente\/","name":"Superintendentes Camila Bomfim e Gi\u00e1como Bassi assumir\u00e3o diretorias na ANEEL provisoriamente - Ag\u00eancia iNFRA","isPartOf":{"@id":"https:\/\/agenciainfra.com\/blog\/#website"},"primaryImageOfPage":{"@id":"https:\/\/agenciainfra.com\/blog\/superintendentes-camila-bomfim-e-giacomo-bassi-assumirao-diretorias-na-aneel-provisoriamente\/#primaryimage"},"image":{"@id":"https:\/\/agenciainfra.com\/blog\/superintendentes-camila-bomfim-e-giacomo-bassi-assumirao-diretorias-na-aneel-provisoriamente\/#primaryimage"},"thumbnailUrl":"https:\/\/agenciainfra.com\/blog\/wp-content\/uploads\/2022\/05\/aneel-foto-aneel-e1764788022595.jpg","datePublished":"2022-05-10T13:00:00+00:00","dateModified":"2022-05-11T14:10:21+00:00","breadcrumb":{"@id":"https:\/\/agenciainfra.com\/blog\/superintendentes-camila-bomfim-e-giacomo-bassi-assumirao-diretorias-na-aneel-provisoriamente\/#breadcrumb"},"inLanguage":"pt-BR","potentialAction":[{"@type":"ReadAction","target":["https:\/\/agenciainfra.com\/blog\/superintendentes-camila-bomfim-e-giacomo-bassi-assumirao-diretorias-na-aneel-provisoriamente\/"]}]},{"@type":"ImageObject","inLanguage":"pt-BR","@id":"https:\/\/agenciainfra.com\/blog\/superintendentes-camila-bomfim-e-giacomo-bassi-assumirao-diretorias-na-aneel-provisoriamente\/#primaryimage","url":"https:\/\/agenciainfra.com\/blog\/wp-content\/uploads\/2022\/05\/aneel-foto-aneel-e1764788022595.jpg","contentUrl":"https:\/\/agenciainfra.com\/blog\/wp-content\/uploads\/2022\/05\/aneel-foto-aneel-e1764788022595.jpg","width":1280,"height":753,"caption":"Foto: ANEEL"},{"@type":"BreadcrumbList","@id":"https:\/\/agenciainfra.com\/blog\/superintendentes-camila-bomfim-e-giacomo-bassi-assumirao-diretorias-na-aneel-provisoriamente\/#breadcrumb","itemListElement":[{"@type":"ListItem","position":1,"name":"In\u00edcio","item":"https:\/\/agenciainfra.com\/blog\/"},{"@type":"ListItem","position":2,"name":"Superintendentes Camila Bomfim e Gi\u00e1como Bassi assumir\u00e3o diretorias na ANEEL provisoriamente"}]},{"@type":"WebSite","@id":"https:\/\/agenciainfra.com\/blog\/#website","url":"https:\/\/agenciainfra.com\/blog\/","name":"Ag\u00eancia iNFRA","description":"Multiplataforma de informa\u00e7\u00e3o jornal\u00edstica refer\u00eancia na \u00e1rea de infraestrutura no Brasil!","publisher":{"@id":"https:\/\/agenciainfra.com\/blog\/#organization"},"potentialAction":[{"@type":"SearchAction","target":{"@type":"EntryPoint","urlTemplate":"https:\/\/agenciainfra.com\/blog\/?s={search_term_string}"},"query-input":{"@type":"PropertyValueSpecification","valueRequired":true,"valueName":"search_term_string"}}],"inLanguage":"pt-BR"},{"@type":"Organization","@id":"https:\/\/agenciainfra.com\/blog\/#organization","name":"Ag\u00eancia iNFRA","url":"https:\/\/agenciainfra.com\/blog\/","logo":{"@type":"ImageObject","inLanguage":"pt-BR","@id":"https:\/\/agenciainfra.com\/blog\/#\/schema\/logo\/image\/","url":"https:\/\/agenciainfra.com\/blog\/wp-content\/uploads\/2023\/09\/iNFRA_5-e1761735885940.png","contentUrl":"https:\/\/agenciainfra.com\/blog\/wp-content\/uploads\/2023\/09\/iNFRA_5-e1761735885940.png","width":1672,"height":454,"caption":"Ag\u00eancia iNFRA"},"image":{"@id":"https:\/\/agenciainfra.com\/blog\/#\/schema\/logo\/image\/"},"sameAs":["https:\/\/www.facebook.com\/ageninfra","https:\/\/x.com\/agencia_infra","https:\/\/www.linkedin.com\/company\/ag\u00eanciainfra\/","https:\/\/www.instagram.com\/agenciainfra\/"]},{"@type":"Person","@id":"https:\/\/agenciainfra.com\/blog\/#\/schema\/person\/34af08dff6adea4cb22b06612ba7acfa","name":"Ag\u00eancia iNFRA","image":{"@type":"ImageObject","inLanguage":"pt-BR","@id":"https:\/\/agenciainfra.com\/blog\/#\/schema\/person\/image\/","url":"https:\/\/secure.gravatar.com\/avatar\/d189e01678f06d8eb84d4e01f08eb848b3fffe3f8443818d3c356c66892f5be8?s=96&d=mm&r=g","contentUrl":"https:\/\/secure.gravatar.com\/avatar\/d189e01678f06d8eb84d4e01f08eb848b3fffe3f8443818d3c356c66892f5be8?s=96&d=mm&r=g","caption":"Ag\u00eancia iNFRA"},"url":"https:\/\/agenciainfra.com\/blog\/author\/admin\/"}]}},"_links":{"self":[{"href":"https:\/\/agenciainfra.com\/blog\/wp-json\/wp\/v2\/posts\/10309","targetHints":{"allow":["GET"]}}],"collection":[{"href":"https:\/\/agenciainfra.com\/blog\/wp-json\/wp\/v2\/posts"}],"about":[{"href":"https:\/\/agenciainfra.com\/blog\/wp-json\/wp\/v2\/types\/post"}],"author":[{"embeddable":true,"href":"https:\/\/agenciainfra.com\/blog\/wp-json\/wp\/v2\/users\/1"}],"replies":[{"embeddable":true,"href":"https:\/\/agenciainfra.com\/blog\/wp-json\/wp\/v2\/comments?post=10309"}],"version-history":[{"count":0,"href":"https:\/\/agenciainfra.com\/blog\/wp-json\/wp\/v2\/posts\/10309\/revisions"}],"wp:featuredmedia":[{"embeddable":true,"href":"https:\/\/agenciainfra.com\/blog\/wp-json\/wp\/v2\/media\/10310"}],"wp:attachment":[{"href":"https:\/\/agenciainfra.com\/blog\/wp-json\/wp\/v2\/media?parent=10309"}],"wp:term":[{"taxonomy":"category","embeddable":true,"href":"https:\/\/agenciainfra.com\/blog\/wp-json\/wp\/v2\/categories?post=10309"},{"taxonomy":"post_tag","embeddable":true,"href":"https:\/\/agenciainfra.com\/blog\/wp-json\/wp\/v2\/tags?post=10309"}],"curies":[{"name":"wp","href":"https:\/\/api.w.org\/{rel}","templated":true}]}}