{"id":10366,"date":"2022-05-18T09:00:00","date_gmt":"2022-05-18T12:00:00","guid":{"rendered":"https:\/\/www.agenciainfra.com\/blog\/?p=10366"},"modified":"2022-05-17T12:01:38","modified_gmt":"2022-05-17T15:01:38","slug":"agenda-para-implementacao-do-marco-do-saneamento-tem-indicios-de-atraso-diz-tcu","status":"publish","type":"post","link":"https:\/\/agenciainfra.com\/blog\/agenda-para-implementacao-do-marco-do-saneamento-tem-indicios-de-atraso-diz-tcu\/","title":{"rendered":"Agenda para implementa\u00e7\u00e3o do marco do saneamento tem ind\u00edcios de atraso, diz TCU"},"content":{"rendered":"\n<p class=\"has-text-align-right\"><strong>Jenifer Ribeiro, da Ag\u00eancia iNFRA<\/strong><\/p>\n\n\n\n<p>O TCU (Tribunal de Contas da Uni\u00e3o) afirmou, em evento sobre auditoria realizada na implementa\u00e7\u00e3o do marco legal do saneamento, que v\u00ea ind\u00edcios de atraso por parte da ANA (Ag\u00eancia Nacional de \u00c1guas e Saneamento B\u00e1sico) e do governo federal no trabalho.&nbsp;<\/p>\n\n\n\n<p>\u201cHoje&nbsp;essa agenda [de implementa\u00e7\u00e3o do marco do saneamento] est\u00e1 em dia, [&#8230;] mas a gente j\u00e1 come\u00e7a a ver ind\u00edcios de atraso\u201d, disse Francis Faria,&nbsp;representante do tribunal que coordenou o trabalho que fiscaliza a atua\u00e7\u00e3o da ag\u00eancia na execu\u00e7\u00e3o da norma.<\/p>\n\n\n\n<p>A informa\u00e7\u00e3o foi dada na \u00faltima quinta-feira (12) durante o Painel de Refer\u00eancia \u201cImplementa\u00e7\u00e3o do novo Marco do Saneamento\u201d, uma das etapas do acompanhamento feito pelo Tribunal de Contas. A transmiss\u00e3o est\u00e1 dispon\u00edvel&nbsp;<a rel=\"noreferrer noopener\" href=\"https:\/\/agenciainfra.us14.list-manage.com\/track\/click?u=d460dd1bcf9ba0ae040e1fc0f&amp;id=7a7ebe2aa1&amp;e=3cd2fde004\" target=\"_blank\">neste link<\/a>.<\/p>\n\n\n\n<p>De acordo com o levantamento feito pelo TCU, al\u00e9m do descumprimento de prazo da agenda regulat\u00f3ria 2020\/2021\/2022 \u2013 que encerrou em fevereiro de 2022 \u2013, h\u00e1 riscos de a agenda vigente, a do bi\u00eanio 2022\/2023, n\u00e3o ser executada em sua totalidade.&nbsp;<\/p>\n\n\n\n<p>O estudo mostra que das quatro normas previstas para o primeiro semestre do ano, somente uma foi a consulta p\u00fablica. A&nbsp;<a href=\"https:\/\/agenciainfra.us14.list-manage.com\/track\/click?u=d460dd1bcf9ba0ae040e1fc0f&amp;id=92ad4a3684&amp;e=3cd2fde004\" target=\"_blank\" rel=\"noreferrer noopener\">Consulta P\u00fablica 1\/2022<\/a>&nbsp;tratou&nbsp;da proposta de norma de refer\u00eancia sobre indicadores e padr\u00f5es de qualidade, efici\u00eancia e efic\u00e1cia para avalia\u00e7\u00e3o da presta\u00e7\u00e3o, e manuten\u00e7\u00e3o e opera\u00e7\u00e3o de sistemas de abastecimento de \u00e1gua e de esgoto.<\/p>\n\n\n\n<p>Em rela\u00e7\u00e3o \u00e0s cinco normas esperadas para o segundo semestre, nenhuma chegou na etapa de tomada de subs\u00eddios. O tribunal apontou ainda que a ANA n\u00e3o faz a verifica\u00e7\u00e3o da ades\u00e3o \u00e0s normas de refer\u00eancia. A previs\u00e3o para aplica\u00e7\u00e3o de uma norma de verifica\u00e7\u00e3o \u00e9 2023.<\/p>\n\n\n\n<p>O novo marco do saneamento previu uma s\u00e9rie de prazos porque a lei tem um marco temporal no ano de 2033 para que se chegue \u00e0 universaliza\u00e7\u00e3o do saneamento b\u00e1sico, com 99% da popula\u00e7\u00e3o recebendo \u00e1gua tratada e 90% tendo servi\u00e7o de esgotamento sanit\u00e1rio.<\/p>\n\n\n\n<p>Alexandre Ara\u00fajo, da ANA, explicou que a autarquia est\u00e1 trabalhando para cumprir a agenda regulat\u00f3ria. No entanto, afirmou: \u201cEntendemos os riscos [&#8230;] inclusive os que est\u00e3o fora do controle da ag\u00eancia&#8221;, como a falta de servidores.&nbsp;<\/p>\n\n\n\n<p>No dia em que foi empossada, a nova diretora-presidente da ANA, Ver\u00f4nica S\u00e1nchez, disse \u00e0&nbsp;<strong>Ag\u00eancia iNFRA<\/strong>&nbsp;que era melhor seguir um \u201ccaminho seguro\u201d do que acelerar o processo e criar instabilidade.<\/p>\n\n\n\n<p><strong>Regionaliza\u00e7\u00e3o<\/strong><br>O chefe de gabinete da Secretaria Nacional de Saneamento B\u00e1sico do Minist\u00e9rio do Desenvolvimento Regional, Andr\u00e9 Galv\u00e3o, afirmou que a pasta esperava receber proposta, para trabalhar em conjunto no processo de implementa\u00e7\u00e3o do marco, de 15 estados, e que sete seriam selecionados.&nbsp;<\/p>\n\n\n\n<p>A expectativa, segundo Andr\u00e9, foi criada&nbsp;porque, quando o marco foi sancionado, em junho de 2020, \u201chavia uma tens\u00e3o dentro do governo no sentido de que n\u00e3o seria poss\u00edvel que ningu\u00e9m se regionalizasse naquele per\u00edodo. Sinceramente, por um tempo&nbsp;a gente achou que quando chegasse meados de 2021 quase ningu\u00e9m teria se regionalizado\u201d.<\/p>\n\n\n\n<p>Ele informou que somente dois estados entraram em contato com a secretaria e n\u00e3o acredita que a pasta vai receber propostas dos demais cinco estados para os quais estavam preparados. Para ele, isso \u00e9 uma prova de que a implementa\u00e7\u00e3o foi \u201cr\u00e1pida\u201d.<\/p>\n\n\n\n<p><strong>Blocos regionais<\/strong><br>Sobre o tema, o professor de direito da FGV (Funda\u00e7\u00e3o Getulio Vargas) Luiz Gustavo Kaercher afirmou que h\u00e1 diferen\u00e7a entre regionaliza\u00e7\u00e3o e efetiva presta\u00e7\u00e3o regionalizada \u2013 o primeiro n\u00e3o atende todos os crit\u00e9rios do marco \u2013 e \u00e9 preciso se atentar a isso para garantir a universaliza\u00e7\u00e3o dos servi\u00e7os de \u00e1gua e esgotamento sanit\u00e1rio.<\/p>\n\n\n\n<p>Acerca dos blocos regionais, Gabriel Fiuza, secret\u00e1rio adjunto da Secretaria de Desenvolvimento de Infraestrutura do Minist\u00e9rio da Economia, apontou que o marco n\u00e3o deixou \u201c100% claro\u201d de quem \u00e9 a atribui\u00e7\u00e3o de sustentabilidade financeira dos blocos e que \u00e9 importante que o TCU garanta isso.&nbsp;<\/p>\n\n\n\n<p>O objetivo do evento foi colher as contribui\u00e7\u00f5es feitas por representantes do setor sobre as an\u00e1lises feitas no estudo para ent\u00e3o enviar para o ministro do TCU Jorge Oliveira, que relata o processo sobre a instala\u00e7\u00e3o do marco.<\/p>\n","protected":false},"excerpt":{"rendered":"<p>Jenifer Ribeiro, da Ag\u00eancia iNFRA O TCU (Tribunal de Contas da Uni\u00e3o) afirmou, em evento sobre auditoria realizada na implementa\u00e7\u00e3o do marco legal do saneamento, que v\u00ea ind\u00edcios de atraso por parte da ANA (Ag\u00eancia Nacional de \u00c1guas e Saneamento B\u00e1sico) e do governo federal no trabalho.&nbsp; \u201cHoje&nbsp;essa agenda [de implementa\u00e7\u00e3o do marco do saneamento] [&hellip;]<\/p>\n","protected":false},"author":1,"featured_media":10367,"comment_status":"closed","ping_status":"closed","sticky":false,"template":"","format":"standard","meta":{"_monsterinsights_skip_tracking":false,"_monsterinsights_sitenote_active":false,"_monsterinsights_sitenote_note":"","_monsterinsights_sitenote_category":0,"footnotes":""},"categories":[1,7],"tags":[2540,77,34,760,1570,360,179,5395,18,5385],"class_list":["post-10366","post","type-post","status-publish","format-standard","has-post-thumbnail","hentry","category-geral","category-infratransporte","tag-agenda-regulatoria","tag-ana","tag-infraestrutura","tag-ministerio-do-desenvolvimento-regional","tag-novo-marco-legal-do-saneamento","tag-obras","tag-saneamento","tag-secretaria-nacional-de-saneamento-basico","tag-tcu","tag-veronica-sanchez-3"],"yoast_head":"<!-- This site is optimized with the Yoast SEO Premium plugin v25.4 (Yoast SEO v26.0) - https:\/\/yoast.com\/wordpress\/plugins\/seo\/ -->\n<title>Agenda para implementa\u00e7\u00e3o do marco do saneamento tem ind\u00edcios de atraso, diz TCU - Ag\u00eancia iNFRA<\/title>\n<meta name=\"robots\" content=\"index, follow, max-snippet:-1, max-image-preview:large, max-video-preview:-1\" \/>\n<link rel=\"canonical\" href=\"https:\/\/agenciainfra.com\/blog\/agenda-para-implementacao-do-marco-do-saneamento-tem-indicios-de-atraso-diz-tcu\/\" \/>\n<meta property=\"og:locale\" content=\"pt_BR\" \/>\n<meta property=\"og:type\" content=\"article\" \/>\n<meta property=\"og:title\" content=\"Agenda para implementa\u00e7\u00e3o do marco do saneamento tem ind\u00edcios de atraso, diz TCU\" \/>\n<meta property=\"og:description\" content=\"Jenifer Ribeiro, da Ag\u00eancia iNFRA O TCU (Tribunal de Contas da Uni\u00e3o) afirmou, em evento sobre auditoria realizada na implementa\u00e7\u00e3o do marco legal do saneamento, que v\u00ea ind\u00edcios de atraso por parte da ANA (Ag\u00eancia Nacional de \u00c1guas e Saneamento B\u00e1sico) e do governo federal no trabalho.&nbsp; \u201cHoje&nbsp;essa agenda [de implementa\u00e7\u00e3o do marco do saneamento] [&hellip;]\" \/>\n<meta property=\"og:url\" content=\"https:\/\/agenciainfra.com\/blog\/agenda-para-implementacao-do-marco-do-saneamento-tem-indicios-de-atraso-diz-tcu\/\" \/>\n<meta property=\"og:site_name\" content=\"Ag\u00eancia iNFRA\" \/>\n<meta property=\"article:publisher\" content=\"https:\/\/www.facebook.com\/ageninfra\" \/>\n<meta property=\"article:published_time\" content=\"2022-05-18T12:00:00+00:00\" \/>\n<meta property=\"og:image\" content=\"https:\/\/agenciainfra.com\/blog\/wp-content\/uploads\/2022\/05\/saneamento-basico-foto-mdr.jpeg\" \/>\n\t<meta property=\"og:image:width\" content=\"1300\" \/>\n\t<meta property=\"og:image:height\" content=\"865\" \/>\n\t<meta property=\"og:image:type\" content=\"image\/jpeg\" \/>\n<meta name=\"author\" content=\"Ag\u00eancia iNFRA\" \/>\n<meta name=\"twitter:card\" content=\"summary_large_image\" \/>\n<meta name=\"twitter:creator\" content=\"@agencia_infra\" \/>\n<meta name=\"twitter:site\" content=\"@agencia_infra\" \/>\n<meta name=\"twitter:label1\" content=\"Escrito por\" \/>\n\t<meta name=\"twitter:data1\" content=\"Ag\u00eancia iNFRA\" \/>\n\t<meta name=\"twitter:label2\" content=\"Est. tempo de leitura\" \/>\n\t<meta name=\"twitter:data2\" content=\"4 minutos\" \/>\n<script type=\"application\/ld+json\" class=\"yoast-schema-graph\">{\"@context\":\"https:\/\/schema.org\",\"@graph\":[{\"@type\":\"Article\",\"@id\":\"https:\/\/agenciainfra.com\/blog\/agenda-para-implementacao-do-marco-do-saneamento-tem-indicios-de-atraso-diz-tcu\/#article\",\"isPartOf\":{\"@id\":\"https:\/\/agenciainfra.com\/blog\/agenda-para-implementacao-do-marco-do-saneamento-tem-indicios-de-atraso-diz-tcu\/\"},\"author\":{\"name\":\"Ag\u00eancia iNFRA\",\"@id\":\"https:\/\/agenciainfra.com\/blog\/#\/schema\/person\/34af08dff6adea4cb22b06612ba7acfa\"},\"headline\":\"Agenda para implementa\u00e7\u00e3o do marco do saneamento tem ind\u00edcios de atraso, diz TCU\",\"datePublished\":\"2022-05-18T12:00:00+00:00\",\"mainEntityOfPage\":{\"@id\":\"https:\/\/agenciainfra.com\/blog\/agenda-para-implementacao-do-marco-do-saneamento-tem-indicios-de-atraso-diz-tcu\/\"},\"wordCount\":746,\"publisher\":{\"@id\":\"https:\/\/agenciainfra.com\/blog\/#organization\"},\"image\":{\"@id\":\"https:\/\/agenciainfra.com\/blog\/agenda-para-implementacao-do-marco-do-saneamento-tem-indicios-de-atraso-diz-tcu\/#primaryimage\"},\"thumbnailUrl\":\"https:\/\/agenciainfra.com\/blog\/wp-content\/uploads\/2022\/05\/saneamento-basico-foto-mdr.jpeg\",\"keywords\":[\"agenda regulat\u00f3ria\",\"ANA\",\"Infraestrutura\",\"Minist\u00e9rio do Desenvolvimento Regional\",\"novo marco legal do saneamento\",\"obras\",\"saneamento\",\"Secretaria Nacional de Saneamento B\u00e1sico\",\"TCU\",\"Ver\u00f4nica S\u00e1nchez\"],\"articleSection\":[\"Geral\",\"iNFRATransporte\"],\"inLanguage\":\"pt-BR\",\"copyrightYear\":\"2022\",\"copyrightHolder\":{\"@id\":\"https:\/\/agenciainfra.com\/blog\/#organization\"}},{\"@type\":\"WebPage\",\"@id\":\"https:\/\/agenciainfra.com\/blog\/agenda-para-implementacao-do-marco-do-saneamento-tem-indicios-de-atraso-diz-tcu\/\",\"url\":\"https:\/\/agenciainfra.com\/blog\/agenda-para-implementacao-do-marco-do-saneamento-tem-indicios-de-atraso-diz-tcu\/\",\"name\":\"Agenda para implementa\u00e7\u00e3o do marco do saneamento tem ind\u00edcios de atraso, diz TCU - Ag\u00eancia iNFRA\",\"isPartOf\":{\"@id\":\"https:\/\/agenciainfra.com\/blog\/#website\"},\"primaryImageOfPage\":{\"@id\":\"https:\/\/agenciainfra.com\/blog\/agenda-para-implementacao-do-marco-do-saneamento-tem-indicios-de-atraso-diz-tcu\/#primaryimage\"},\"image\":{\"@id\":\"https:\/\/agenciainfra.com\/blog\/agenda-para-implementacao-do-marco-do-saneamento-tem-indicios-de-atraso-diz-tcu\/#primaryimage\"},\"thumbnailUrl\":\"https:\/\/agenciainfra.com\/blog\/wp-content\/uploads\/2022\/05\/saneamento-basico-foto-mdr.jpeg\",\"datePublished\":\"2022-05-18T12:00:00+00:00\",\"breadcrumb\":{\"@id\":\"https:\/\/agenciainfra.com\/blog\/agenda-para-implementacao-do-marco-do-saneamento-tem-indicios-de-atraso-diz-tcu\/#breadcrumb\"},\"inLanguage\":\"pt-BR\",\"potentialAction\":[{\"@type\":\"ReadAction\",\"target\":[\"https:\/\/agenciainfra.com\/blog\/agenda-para-implementacao-do-marco-do-saneamento-tem-indicios-de-atraso-diz-tcu\/\"]}]},{\"@type\":\"ImageObject\",\"inLanguage\":\"pt-BR\",\"@id\":\"https:\/\/agenciainfra.com\/blog\/agenda-para-implementacao-do-marco-do-saneamento-tem-indicios-de-atraso-diz-tcu\/#primaryimage\",\"url\":\"https:\/\/agenciainfra.com\/blog\/wp-content\/uploads\/2022\/05\/saneamento-basico-foto-mdr.jpeg\",\"contentUrl\":\"https:\/\/agenciainfra.com\/blog\/wp-content\/uploads\/2022\/05\/saneamento-basico-foto-mdr.jpeg\",\"width\":1300,\"height\":865,\"caption\":\"Foto: MDR\/Governo Federal\"},{\"@type\":\"BreadcrumbList\",\"@id\":\"https:\/\/agenciainfra.com\/blog\/agenda-para-implementacao-do-marco-do-saneamento-tem-indicios-de-atraso-diz-tcu\/#breadcrumb\",\"itemListElement\":[{\"@type\":\"ListItem\",\"position\":1,\"name\":\"In\u00edcio\",\"item\":\"https:\/\/agenciainfra.com\/blog\/\"},{\"@type\":\"ListItem\",\"position\":2,\"name\":\"Agenda para implementa\u00e7\u00e3o do marco do saneamento tem ind\u00edcios de atraso, diz TCU\"}]},{\"@type\":\"WebSite\",\"@id\":\"https:\/\/agenciainfra.com\/blog\/#website\",\"url\":\"https:\/\/agenciainfra.com\/blog\/\",\"name\":\"Ag\u00eancia iNFRA\",\"description\":\"Multiplataforma de informa\u00e7\u00e3o jornal\u00edstica refer\u00eancia na \u00e1rea de infraestrutura no Brasil!\",\"publisher\":{\"@id\":\"https:\/\/agenciainfra.com\/blog\/#organization\"},\"potentialAction\":[{\"@type\":\"SearchAction\",\"target\":{\"@type\":\"EntryPoint\",\"urlTemplate\":\"https:\/\/agenciainfra.com\/blog\/?s={search_term_string}\"},\"query-input\":{\"@type\":\"PropertyValueSpecification\",\"valueRequired\":true,\"valueName\":\"search_term_string\"}}],\"inLanguage\":\"pt-BR\"},{\"@type\":\"Organization\",\"@id\":\"https:\/\/agenciainfra.com\/blog\/#organization\",\"name\":\"Ag\u00eancia iNFRA\",\"url\":\"https:\/\/agenciainfra.com\/blog\/\",\"logo\":{\"@type\":\"ImageObject\",\"inLanguage\":\"pt-BR\",\"@id\":\"https:\/\/agenciainfra.com\/blog\/#\/schema\/logo\/image\/\",\"url\":\"https:\/\/agenciainfra.com\/blog\/wp-content\/uploads\/2023\/09\/iNFRA_5-e1761735885940.png\",\"contentUrl\":\"https:\/\/agenciainfra.com\/blog\/wp-content\/uploads\/2023\/09\/iNFRA_5-e1761735885940.png\",\"width\":1672,\"height\":454,\"caption\":\"Ag\u00eancia iNFRA\"},\"image\":{\"@id\":\"https:\/\/agenciainfra.com\/blog\/#\/schema\/logo\/image\/\"},\"sameAs\":[\"https:\/\/www.facebook.com\/ageninfra\",\"https:\/\/x.com\/agencia_infra\",\"https:\/\/www.linkedin.com\/company\/ag\u00eanciainfra\/\",\"https:\/\/www.instagram.com\/agenciainfra\/\"]},{\"@type\":\"Person\",\"@id\":\"https:\/\/agenciainfra.com\/blog\/#\/schema\/person\/34af08dff6adea4cb22b06612ba7acfa\",\"name\":\"Ag\u00eancia iNFRA\",\"image\":{\"@type\":\"ImageObject\",\"inLanguage\":\"pt-BR\",\"@id\":\"https:\/\/agenciainfra.com\/blog\/#\/schema\/person\/image\/\",\"url\":\"https:\/\/secure.gravatar.com\/avatar\/d189e01678f06d8eb84d4e01f08eb848b3fffe3f8443818d3c356c66892f5be8?s=96&d=mm&r=g\",\"contentUrl\":\"https:\/\/secure.gravatar.com\/avatar\/d189e01678f06d8eb84d4e01f08eb848b3fffe3f8443818d3c356c66892f5be8?s=96&d=mm&r=g\",\"caption\":\"Ag\u00eancia iNFRA\"},\"url\":\"https:\/\/agenciainfra.com\/blog\/author\/admin\/\"}]}<\/script>\n<!-- \/ Yoast SEO Premium plugin. -->","yoast_head_json":{"title":"Agenda para implementa\u00e7\u00e3o do marco do saneamento tem ind\u00edcios de atraso, diz TCU - Ag\u00eancia iNFRA","robots":{"index":"index","follow":"follow","max-snippet":"max-snippet:-1","max-image-preview":"max-image-preview:large","max-video-preview":"max-video-preview:-1"},"canonical":"https:\/\/agenciainfra.com\/blog\/agenda-para-implementacao-do-marco-do-saneamento-tem-indicios-de-atraso-diz-tcu\/","og_locale":"pt_BR","og_type":"article","og_title":"Agenda para implementa\u00e7\u00e3o do marco do saneamento tem ind\u00edcios de atraso, diz TCU","og_description":"Jenifer Ribeiro, da Ag\u00eancia iNFRA O TCU (Tribunal de Contas da Uni\u00e3o) afirmou, em evento sobre auditoria realizada na implementa\u00e7\u00e3o do marco legal do saneamento, que v\u00ea ind\u00edcios de atraso por parte da ANA (Ag\u00eancia Nacional de \u00c1guas e Saneamento B\u00e1sico) e do governo federal no trabalho.&nbsp; \u201cHoje&nbsp;essa agenda [de implementa\u00e7\u00e3o do marco do saneamento] [&hellip;]","og_url":"https:\/\/agenciainfra.com\/blog\/agenda-para-implementacao-do-marco-do-saneamento-tem-indicios-de-atraso-diz-tcu\/","og_site_name":"Ag\u00eancia iNFRA","article_publisher":"https:\/\/www.facebook.com\/ageninfra","article_published_time":"2022-05-18T12:00:00+00:00","og_image":[{"width":1300,"height":865,"url":"https:\/\/agenciainfra.com\/blog\/wp-content\/uploads\/2022\/05\/saneamento-basico-foto-mdr.jpeg","type":"image\/jpeg"}],"author":"Ag\u00eancia iNFRA","twitter_card":"summary_large_image","twitter_creator":"@agencia_infra","twitter_site":"@agencia_infra","twitter_misc":{"Escrito por":"Ag\u00eancia iNFRA","Est. tempo de leitura":"4 minutos"},"schema":{"@context":"https:\/\/schema.org","@graph":[{"@type":"Article","@id":"https:\/\/agenciainfra.com\/blog\/agenda-para-implementacao-do-marco-do-saneamento-tem-indicios-de-atraso-diz-tcu\/#article","isPartOf":{"@id":"https:\/\/agenciainfra.com\/blog\/agenda-para-implementacao-do-marco-do-saneamento-tem-indicios-de-atraso-diz-tcu\/"},"author":{"name":"Ag\u00eancia iNFRA","@id":"https:\/\/agenciainfra.com\/blog\/#\/schema\/person\/34af08dff6adea4cb22b06612ba7acfa"},"headline":"Agenda para implementa\u00e7\u00e3o do marco do saneamento tem ind\u00edcios de atraso, diz TCU","datePublished":"2022-05-18T12:00:00+00:00","mainEntityOfPage":{"@id":"https:\/\/agenciainfra.com\/blog\/agenda-para-implementacao-do-marco-do-saneamento-tem-indicios-de-atraso-diz-tcu\/"},"wordCount":746,"publisher":{"@id":"https:\/\/agenciainfra.com\/blog\/#organization"},"image":{"@id":"https:\/\/agenciainfra.com\/blog\/agenda-para-implementacao-do-marco-do-saneamento-tem-indicios-de-atraso-diz-tcu\/#primaryimage"},"thumbnailUrl":"https:\/\/agenciainfra.com\/blog\/wp-content\/uploads\/2022\/05\/saneamento-basico-foto-mdr.jpeg","keywords":["agenda regulat\u00f3ria","ANA","Infraestrutura","Minist\u00e9rio do Desenvolvimento Regional","novo marco legal do saneamento","obras","saneamento","Secretaria Nacional de Saneamento B\u00e1sico","TCU","Ver\u00f4nica S\u00e1nchez"],"articleSection":["Geral","iNFRATransporte"],"inLanguage":"pt-BR","copyrightYear":"2022","copyrightHolder":{"@id":"https:\/\/agenciainfra.com\/blog\/#organization"}},{"@type":"WebPage","@id":"https:\/\/agenciainfra.com\/blog\/agenda-para-implementacao-do-marco-do-saneamento-tem-indicios-de-atraso-diz-tcu\/","url":"https:\/\/agenciainfra.com\/blog\/agenda-para-implementacao-do-marco-do-saneamento-tem-indicios-de-atraso-diz-tcu\/","name":"Agenda para implementa\u00e7\u00e3o do marco do saneamento tem ind\u00edcios de atraso, diz TCU - Ag\u00eancia iNFRA","isPartOf":{"@id":"https:\/\/agenciainfra.com\/blog\/#website"},"primaryImageOfPage":{"@id":"https:\/\/agenciainfra.com\/blog\/agenda-para-implementacao-do-marco-do-saneamento-tem-indicios-de-atraso-diz-tcu\/#primaryimage"},"image":{"@id":"https:\/\/agenciainfra.com\/blog\/agenda-para-implementacao-do-marco-do-saneamento-tem-indicios-de-atraso-diz-tcu\/#primaryimage"},"thumbnailUrl":"https:\/\/agenciainfra.com\/blog\/wp-content\/uploads\/2022\/05\/saneamento-basico-foto-mdr.jpeg","datePublished":"2022-05-18T12:00:00+00:00","breadcrumb":{"@id":"https:\/\/agenciainfra.com\/blog\/agenda-para-implementacao-do-marco-do-saneamento-tem-indicios-de-atraso-diz-tcu\/#breadcrumb"},"inLanguage":"pt-BR","potentialAction":[{"@type":"ReadAction","target":["https:\/\/agenciainfra.com\/blog\/agenda-para-implementacao-do-marco-do-saneamento-tem-indicios-de-atraso-diz-tcu\/"]}]},{"@type":"ImageObject","inLanguage":"pt-BR","@id":"https:\/\/agenciainfra.com\/blog\/agenda-para-implementacao-do-marco-do-saneamento-tem-indicios-de-atraso-diz-tcu\/#primaryimage","url":"https:\/\/agenciainfra.com\/blog\/wp-content\/uploads\/2022\/05\/saneamento-basico-foto-mdr.jpeg","contentUrl":"https:\/\/agenciainfra.com\/blog\/wp-content\/uploads\/2022\/05\/saneamento-basico-foto-mdr.jpeg","width":1300,"height":865,"caption":"Foto: MDR\/Governo Federal"},{"@type":"BreadcrumbList","@id":"https:\/\/agenciainfra.com\/blog\/agenda-para-implementacao-do-marco-do-saneamento-tem-indicios-de-atraso-diz-tcu\/#breadcrumb","itemListElement":[{"@type":"ListItem","position":1,"name":"In\u00edcio","item":"https:\/\/agenciainfra.com\/blog\/"},{"@type":"ListItem","position":2,"name":"Agenda para implementa\u00e7\u00e3o do marco do saneamento tem ind\u00edcios de atraso, diz TCU"}]},{"@type":"WebSite","@id":"https:\/\/agenciainfra.com\/blog\/#website","url":"https:\/\/agenciainfra.com\/blog\/","name":"Ag\u00eancia iNFRA","description":"Multiplataforma de informa\u00e7\u00e3o jornal\u00edstica refer\u00eancia na \u00e1rea de infraestrutura no Brasil!","publisher":{"@id":"https:\/\/agenciainfra.com\/blog\/#organization"},"potentialAction":[{"@type":"SearchAction","target":{"@type":"EntryPoint","urlTemplate":"https:\/\/agenciainfra.com\/blog\/?s={search_term_string}"},"query-input":{"@type":"PropertyValueSpecification","valueRequired":true,"valueName":"search_term_string"}}],"inLanguage":"pt-BR"},{"@type":"Organization","@id":"https:\/\/agenciainfra.com\/blog\/#organization","name":"Ag\u00eancia iNFRA","url":"https:\/\/agenciainfra.com\/blog\/","logo":{"@type":"ImageObject","inLanguage":"pt-BR","@id":"https:\/\/agenciainfra.com\/blog\/#\/schema\/logo\/image\/","url":"https:\/\/agenciainfra.com\/blog\/wp-content\/uploads\/2023\/09\/iNFRA_5-e1761735885940.png","contentUrl":"https:\/\/agenciainfra.com\/blog\/wp-content\/uploads\/2023\/09\/iNFRA_5-e1761735885940.png","width":1672,"height":454,"caption":"Ag\u00eancia iNFRA"},"image":{"@id":"https:\/\/agenciainfra.com\/blog\/#\/schema\/logo\/image\/"},"sameAs":["https:\/\/www.facebook.com\/ageninfra","https:\/\/x.com\/agencia_infra","https:\/\/www.linkedin.com\/company\/ag\u00eanciainfra\/","https:\/\/www.instagram.com\/agenciainfra\/"]},{"@type":"Person","@id":"https:\/\/agenciainfra.com\/blog\/#\/schema\/person\/34af08dff6adea4cb22b06612ba7acfa","name":"Ag\u00eancia iNFRA","image":{"@type":"ImageObject","inLanguage":"pt-BR","@id":"https:\/\/agenciainfra.com\/blog\/#\/schema\/person\/image\/","url":"https:\/\/secure.gravatar.com\/avatar\/d189e01678f06d8eb84d4e01f08eb848b3fffe3f8443818d3c356c66892f5be8?s=96&d=mm&r=g","contentUrl":"https:\/\/secure.gravatar.com\/avatar\/d189e01678f06d8eb84d4e01f08eb848b3fffe3f8443818d3c356c66892f5be8?s=96&d=mm&r=g","caption":"Ag\u00eancia iNFRA"},"url":"https:\/\/agenciainfra.com\/blog\/author\/admin\/"}]}},"_links":{"self":[{"href":"https:\/\/agenciainfra.com\/blog\/wp-json\/wp\/v2\/posts\/10366","targetHints":{"allow":["GET"]}}],"collection":[{"href":"https:\/\/agenciainfra.com\/blog\/wp-json\/wp\/v2\/posts"}],"about":[{"href":"https:\/\/agenciainfra.com\/blog\/wp-json\/wp\/v2\/types\/post"}],"author":[{"embeddable":true,"href":"https:\/\/agenciainfra.com\/blog\/wp-json\/wp\/v2\/users\/1"}],"replies":[{"embeddable":true,"href":"https:\/\/agenciainfra.com\/blog\/wp-json\/wp\/v2\/comments?post=10366"}],"version-history":[{"count":0,"href":"https:\/\/agenciainfra.com\/blog\/wp-json\/wp\/v2\/posts\/10366\/revisions"}],"wp:featuredmedia":[{"embeddable":true,"href":"https:\/\/agenciainfra.com\/blog\/wp-json\/wp\/v2\/media\/10367"}],"wp:attachment":[{"href":"https:\/\/agenciainfra.com\/blog\/wp-json\/wp\/v2\/media?parent=10366"}],"wp:term":[{"taxonomy":"category","embeddable":true,"href":"https:\/\/agenciainfra.com\/blog\/wp-json\/wp\/v2\/categories?post=10366"},{"taxonomy":"post_tag","embeddable":true,"href":"https:\/\/agenciainfra.com\/blog\/wp-json\/wp\/v2\/tags?post=10366"}],"curies":[{"name":"wp","href":"https:\/\/api.w.org\/{rel}","templated":true}]}}