{"id":10408,"date":"2022-05-23T09:00:00","date_gmt":"2022-05-23T12:00:00","guid":{"rendered":"https:\/\/www.agenciainfra.com\/blog\/?p=10408"},"modified":"2022-05-20T11:19:22","modified_gmt":"2022-05-20T14:19:22","slug":"leilao-da-rio-governador-valadares-e-alivio-mas-problemas-em-concessoes-rodoviarias-persistem","status":"publish","type":"post","link":"https:\/\/agenciainfra.com\/blog\/leilao-da-rio-governador-valadares-e-alivio-mas-problemas-em-concessoes-rodoviarias-persistem\/","title":{"rendered":"Leil\u00e3o da Rio-Governador Valadares \u00e9 al\u00edvio, mas problemas em concess\u00f5es rodovi\u00e1rias persistem"},"content":{"rendered":"\n<p class=\"has-text-align-right\"><strong>Dimmi Amora, da Ag\u00eancia iNFRA<\/strong><\/p>\n\n\n\n<p>O al\u00edvio por parte do Minist\u00e9rio da Infraestrutura\u00a0com o leil\u00e3o de concess\u00e3o da Rio-Governador Valadares, realizado na \u00faltima sexta-feira (20), evitando um segundo leil\u00e3o deserto seguido, n\u00e3o dever\u00e1 ser duradouro e nem se estender para outros projetos no setor, pelo menos ao longo deste ano.<\/p>\n\n\n\n<p>\u00c9 o que avaliam especialistas ouvidos pela\u00a0<strong>Ag\u00eancia iNFRA<\/strong>\u00a0que est\u00e3o trabalhando na estrutura\u00e7\u00e3o de projetos nos governos federal e dos estados. Para eles, a situa\u00e7\u00e3o segue sendo complexa, e o fato de esse projeto ter sido &#8220;salvo&#8221; n\u00e3o assegura que os seguintes ter\u00e3o o mesmo destino, dentro do ousado programa de concess\u00f5es de\u00a0rodovias em curso.<\/p>\n\n\n\n<p>Vencedora do leil\u00e3o da Rio-Valadares, a EcoRodovias \u2013 a \u00fanica a apresentar proposta \u2013 entrou na disputa ap\u00f3s uma mudan\u00e7a do governo que ampliou o custo dos investimentos em quase R$ 2 bilh\u00f5es. Com isso, o valor-teto das tarifas ficou 20% superior \u00e0 proposta inicial, em R$ 0,16 por quil\u00f4metro. Ainda n\u00e3o se sabe o tamanho do desconto que a empresa dar\u00e1 no teto, mas o mais prov\u00e1vel\u00a0\u00e9 que possa haver pra\u00e7a\u00a0de ped\u00e1gio com tarifa maior que a atualmente paga.<\/p>\n\n\n\n<p><strong>Dificuldade no Paran\u00e1<\/strong><br>A atualiza\u00e7\u00e3o dos custos de investimentos de maneira direta (e n\u00e3o mais pela infla\u00e7\u00e3o, como mostra&nbsp;<a href=\"https:\/\/agenciainfra.us14.list-manage.com\/track\/click?u=d460dd1bcf9ba0ae040e1fc0f&amp;id=d829874ca6&amp;e=3cd2fde004\" target=\"_blank\" rel=\"noreferrer noopener\">esta reportagem<\/a>&nbsp;da&nbsp;<strong>Ag\u00eancia iNFRA<\/strong>) ajudou no projeto, mas \u00e9 o motivo pelo qual um outro n\u00e3o est\u00e1 andando, o das rodovias do Paran\u00e1, na avalia\u00e7\u00e3o de um integrante do setor p\u00fablico que trabalha em projetos federais.<\/p>\n\n\n\n<p>Estimado em R$ 44 bilh\u00f5es de investimentos&nbsp;e dividido em seis diferentes lotes, a proposta de licita\u00e7\u00e3o foi encaminhada ao TCU (Tribunal de Contas da Uni\u00e3o) para an\u00e1lise no fim do ano passado. Mas, com a atualiza\u00e7\u00e3o dos pre\u00e7os que come\u00e7ou a ser feita neste ano, os valores de ped\u00e1gio subiram e as reclama\u00e7\u00f5es come\u00e7aram.&nbsp;<\/p>\n\n\n\n<p>H\u00e1 d\u00favidas se o governo local, que participa do projeto por haver rodovias estaduais&nbsp;junto com as federais, vai querer seguir com a proposta, especialmente em ano eleitoral, devido \u00e0 forte rejei\u00e7\u00e3o pol\u00edtica no estado contra os ped\u00e1gios.&nbsp;<\/p>\n\n\n\n<p>O projeto de licita\u00e7\u00e3o das rodovias do Paran\u00e1 estava previsto para ser conclu\u00eddo no in\u00edcio do ano passado para que rodovias que eram pedagiadas&nbsp;n\u00e3o ficassem sem cobran\u00e7a. Mas a oposi\u00e7\u00e3o ao projeto foi tanta que ele acabou atrasando, os contratos antigos venceram e as rodovias est\u00e3o sem ped\u00e1gio.<\/p>\n\n\n\n<p><strong>Rediscuss\u00e3o em Pernambuco<\/strong><br>Em outros estados, que fazem concess\u00f5es de rodovias pr\u00f3prias, projetos est\u00e3o em revis\u00e3o. Em Pernambuco, a&nbsp;<a href=\"https:\/\/agenciainfra.us14.list-manage.com\/track\/click?u=d460dd1bcf9ba0ae040e1fc0f&amp;id=84003f8750&amp;e=3cd2fde004\" target=\"_blank\" rel=\"noreferrer noopener\">concess\u00e3o das rodovias PE-50-60-90<\/a>, tinha previs\u00e3o de ter edital lan\u00e7ado neste ano. Mas o projeto est\u00e1 passando por uma revis\u00e3o dos valores de investimentos no tribunal de contas estadual. A tentativa \u00e9 criar um mecanismo de prote\u00e7\u00e3o para os custos dos insumos.<\/p>\n\n\n\n<p>Em S\u00e3o Paulo, que teve dois projetos com leil\u00f5es postergados desde o ano passado (Rodoanel Norte e Litoral Norte), as propostas tamb\u00e9m est\u00e3o passando por revis\u00e3o e a inten\u00e7\u00e3o \u00e9 lev\u00e1-las ao mercado ainda neste ano, de acordo com um interlocutor que trabalha no processo.<\/p>\n\n\n\n<p>Mas as dificuldades tanto para estados como para o governo federal s\u00e3o grandes para apresentar uma solu\u00e7\u00e3o para a maioria dos projetos, na vis\u00e3o do diretor de uma empresa do setor.&nbsp;O crescimento dos&nbsp;<a href=\"https:\/\/agenciainfra.us14.list-manage.com\/track\/click?u=d460dd1bcf9ba0ae040e1fc0f&amp;id=c2a93b5d45&amp;e=3cd2fde004\" target=\"_blank\" rel=\"noreferrer noopener\">custos dos insumos<\/a>&nbsp;de um lado e o aumento dos juros de outro tiram a atratividade das concess\u00f5es. Os projetos poderiam ser salvos com&nbsp;corre\u00e7\u00f5es de valores de taxa de retorno ou de custos, mas o impacto nas tarifas seria alto, o que pode inviabilizar uma solu\u00e7\u00e3o.<\/p>\n\n\n\n<p><strong>Revis\u00e3o estruturada<\/strong><br>Marco Aur\u00e9lio Barcelos, diretor presidente da Melhores Rodovias do Brasil &#8211; ABCR, que respresenta as concession\u00e1rias,&nbsp;afirma que a atualiza\u00e7\u00e3o dos pre\u00e7os n\u00e3o&nbsp;est\u00e1 capturando as altas agudas dos insumos, que continuam em pre\u00e7o&nbsp;ascendente. Mas, para ele, h\u00e1 outros problemas nas modelagens que necessitam de uma revis\u00e3o estruturada.<\/p>\n\n\n\n<p>&#8220;H\u00e1 algum tempo o setor vem alertando para a exist\u00eancia de exig\u00eancias desnecess\u00e1rias no \u00e2mbito do PER, ao descasamento entre essas exig\u00eancias e o EVTEA, aos problemas de parametriza\u00e7\u00e3o dos projetos de engenharia que levam a um subdimensionamento do capex. Sem contar a&nbsp;defasagem do WACC&#8221;, afirmou Barcelos, lembrando que isso \u00e9 o que pode garantir&nbsp;maior competitividade e atra\u00e7\u00e3o de empresas.<\/p>\n\n\n\n<p><strong>Riscos<\/strong><br>Al\u00e9m disso, as companhias est\u00e3o menos afeitas a riscos porque vivem sob r\u00edgido controle financeiro para evitar elevados endividamentos. Como os projetos exigem empr\u00e9stimos robustos para a realiza\u00e7\u00e3o de obras concentradas na fase inicial, isso \u00e9 um fator a impedir grupos de entrarem, na vis\u00e3o de outro integrante de empresa do setor. Esse tamb\u00e9m \u00e9 o fator que faz&nbsp;projetos greenfield (novos) sofrerem um pouco mais que os projetos em que j\u00e1 h\u00e1 cobran\u00e7a de ped\u00e1gio em algum trecho, como o da Rio-Governador Valadares.<\/p>\n\n\n\n<p>Integrante de uma grande companhia aponta para um outro problema: o elevado n\u00famero de projetos de concess\u00e3o rodovi\u00e1ria que os diferentes governos est\u00e3o apresentando para serem licitados num curto per\u00edodo.&nbsp;Como o n\u00famero de companhias que seguem com interesse em projetos novos no Brasil \u00e9 pequeno, elas acabam tendo que escolher os que v\u00e3o estudar mais a fundo, o que resulta em menos propostas.<\/p>\n\n\n\n<p>Esse problema foi identificado quando da forma\u00e7\u00e3o do PPI (Programa de Parcerias de Investimentos), em 2016. O volume de projetos que seriam levados ao setor privado n\u00e3o seria suportado pelo mercado brasileiro. Desde ent\u00e3o,&nbsp;trabalhou-se por uma maior abertura e busca de mais companhias, especialmente estrangeiras. Mas, at\u00e9 o momento, os resultados n\u00e3o apareceram.<\/p>\n\n\n\n<p>No \u00faltimo leil\u00e3o de rodovias do governo Michel Temer, o da RIS (Rodovia de Integra\u00e7\u00e3o do Sul), cinco companhias participaram. No leil\u00e3o seguinte, o da BR-364-365\/GO-MG, o primeiro do governo Jair Bolsonaro, foram tr\u00eas companhias na disputa. Nos tr\u00eas seguintes foram duas ou uma, como deve ocorrer hoje.<\/p>\n\n\n\n<p>Os vencedores foram sempre os mesmos: os dois maiores grupos de concess\u00e3o rodovi\u00e1ria do pa\u00eds, a CCR e a EcoRodovias. Essas empresas venceram todas as disputas em que entraram na \u00e1rea federal desde 2015. Quando n\u00e3o entraram, caso do Leil\u00e3o da BR-163\/MT, houve uma \u00fanica proposta ou o leil\u00e3o foi vazio.<\/p>\n","protected":false},"excerpt":{"rendered":"<p>Dimmi Amora, da Ag\u00eancia iNFRA O al\u00edvio por parte do Minist\u00e9rio da Infraestrutura\u00a0com o leil\u00e3o de concess\u00e3o da Rio-Governador Valadares, realizado na \u00faltima sexta-feira (20), evitando um segundo leil\u00e3o deserto seguido, n\u00e3o dever\u00e1 ser duradouro e nem se estender para outros projetos no setor, pelo menos ao longo deste ano. \u00c9 o que avaliam especialistas [&hellip;]<\/p>\n","protected":false},"author":1,"featured_media":6369,"comment_status":"closed","ping_status":"closed","sticky":false,"template":"","format":"standard","meta":{"_monsterinsights_skip_tracking":false,"_monsterinsights_sitenote_active":false,"_monsterinsights_sitenote_note":"","_monsterinsights_sitenote_category":0,"footnotes":""},"categories":[1,7],"tags":[613,19,5399,176,254,5180,126,215,18,70],"class_list":["post-10408","post","type-post","status-publish","format-standard","has-post-thumbnail","hentry","category-geral","category-infratransporte","tag-abcr","tag-antt","tag-br-116-493-rj-mg-2","tag-concessoes-rodoviarias","tag-leilao","tag-rio-governador-valadares","tag-rodovias","tag-tarifas","tag-tcu","tag-transportes"],"yoast_head":"<!-- This site is optimized with the Yoast SEO Premium plugin v25.4 (Yoast SEO v26.0) - https:\/\/yoast.com\/wordpress\/plugins\/seo\/ -->\n<title>Leil\u00e3o da Rio-Governador Valadares \u00e9 al\u00edvio, mas problemas em concess\u00f5es rodovi\u00e1rias persistem - Ag\u00eancia iNFRA<\/title>\n<meta name=\"robots\" content=\"index, follow, max-snippet:-1, max-image-preview:large, max-video-preview:-1\" \/>\n<link rel=\"canonical\" href=\"https:\/\/agenciainfra.com\/blog\/leilao-da-rio-governador-valadares-e-alivio-mas-problemas-em-concessoes-rodoviarias-persistem\/\" \/>\n<meta property=\"og:locale\" content=\"pt_BR\" \/>\n<meta property=\"og:type\" content=\"article\" \/>\n<meta property=\"og:title\" content=\"Leil\u00e3o da Rio-Governador Valadares \u00e9 al\u00edvio, mas problemas em concess\u00f5es rodovi\u00e1rias persistem\" \/>\n<meta property=\"og:description\" content=\"Dimmi Amora, da Ag\u00eancia iNFRA O al\u00edvio por parte do Minist\u00e9rio da Infraestrutura\u00a0com o leil\u00e3o de concess\u00e3o da Rio-Governador Valadares, realizado na \u00faltima sexta-feira (20), evitando um segundo leil\u00e3o deserto seguido, n\u00e3o dever\u00e1 ser duradouro e nem se estender para outros projetos no setor, pelo menos ao longo deste ano. \u00c9 o que avaliam especialistas [&hellip;]\" \/>\n<meta property=\"og:url\" content=\"https:\/\/agenciainfra.com\/blog\/leilao-da-rio-governador-valadares-e-alivio-mas-problemas-em-concessoes-rodoviarias-persistem\/\" \/>\n<meta property=\"og:site_name\" content=\"Ag\u00eancia iNFRA\" \/>\n<meta property=\"article:publisher\" content=\"https:\/\/www.facebook.com\/ageninfra\" \/>\n<meta property=\"article:published_time\" content=\"2022-05-23T12:00:00+00:00\" \/>\n<meta property=\"og:image\" content=\"https:\/\/agenciainfra.com\/blog\/wp-content\/uploads\/2020\/11\/rodovia-foto-minfra.jpg\" \/>\n\t<meta property=\"og:image:width\" content=\"1280\" \/>\n\t<meta property=\"og:image:height\" content=\"689\" \/>\n\t<meta property=\"og:image:type\" content=\"image\/jpeg\" \/>\n<meta name=\"author\" content=\"Ag\u00eancia iNFRA\" \/>\n<meta name=\"twitter:card\" content=\"summary_large_image\" \/>\n<meta name=\"twitter:creator\" content=\"@agencia_infra\" \/>\n<meta name=\"twitter:site\" content=\"@agencia_infra\" \/>\n<meta name=\"twitter:label1\" content=\"Escrito por\" \/>\n\t<meta name=\"twitter:data1\" content=\"Ag\u00eancia iNFRA\" \/>\n\t<meta name=\"twitter:label2\" content=\"Est. tempo de leitura\" \/>\n\t<meta name=\"twitter:data2\" content=\"6 minutos\" \/>\n<script type=\"application\/ld+json\" class=\"yoast-schema-graph\">{\"@context\":\"https:\/\/schema.org\",\"@graph\":[{\"@type\":\"Article\",\"@id\":\"https:\/\/agenciainfra.com\/blog\/leilao-da-rio-governador-valadares-e-alivio-mas-problemas-em-concessoes-rodoviarias-persistem\/#article\",\"isPartOf\":{\"@id\":\"https:\/\/agenciainfra.com\/blog\/leilao-da-rio-governador-valadares-e-alivio-mas-problemas-em-concessoes-rodoviarias-persistem\/\"},\"author\":{\"name\":\"Ag\u00eancia iNFRA\",\"@id\":\"https:\/\/agenciainfra.com\/blog\/#\/schema\/person\/34af08dff6adea4cb22b06612ba7acfa\"},\"headline\":\"Leil\u00e3o da Rio-Governador Valadares \u00e9 al\u00edvio, mas problemas em concess\u00f5es rodovi\u00e1rias persistem\",\"datePublished\":\"2022-05-23T12:00:00+00:00\",\"mainEntityOfPage\":{\"@id\":\"https:\/\/agenciainfra.com\/blog\/leilao-da-rio-governador-valadares-e-alivio-mas-problemas-em-concessoes-rodoviarias-persistem\/\"},\"wordCount\":1131,\"publisher\":{\"@id\":\"https:\/\/agenciainfra.com\/blog\/#organization\"},\"image\":{\"@id\":\"https:\/\/agenciainfra.com\/blog\/leilao-da-rio-governador-valadares-e-alivio-mas-problemas-em-concessoes-rodoviarias-persistem\/#primaryimage\"},\"thumbnailUrl\":\"https:\/\/agenciainfra.com\/blog\/wp-content\/uploads\/2020\/11\/rodovia-foto-minfra.jpg\",\"keywords\":[\"abcr\",\"ANTT\",\"BR-116\/493\/RJ\/MG\",\"concess\u00f5es rodovi\u00e1rias\",\"leil\u00e3o\",\"Rio-Governador Valadares\",\"rodovias\",\"tarifas\",\"TCU\",\"transportes\"],\"articleSection\":[\"Geral\",\"iNFRATransporte\"],\"inLanguage\":\"pt-BR\",\"copyrightYear\":\"2022\",\"copyrightHolder\":{\"@id\":\"https:\/\/agenciainfra.com\/blog\/#organization\"}},{\"@type\":\"WebPage\",\"@id\":\"https:\/\/agenciainfra.com\/blog\/leilao-da-rio-governador-valadares-e-alivio-mas-problemas-em-concessoes-rodoviarias-persistem\/\",\"url\":\"https:\/\/agenciainfra.com\/blog\/leilao-da-rio-governador-valadares-e-alivio-mas-problemas-em-concessoes-rodoviarias-persistem\/\",\"name\":\"Leil\u00e3o da Rio-Governador Valadares \u00e9 al\u00edvio, mas problemas em concess\u00f5es rodovi\u00e1rias persistem - Ag\u00eancia iNFRA\",\"isPartOf\":{\"@id\":\"https:\/\/agenciainfra.com\/blog\/#website\"},\"primaryImageOfPage\":{\"@id\":\"https:\/\/agenciainfra.com\/blog\/leilao-da-rio-governador-valadares-e-alivio-mas-problemas-em-concessoes-rodoviarias-persistem\/#primaryimage\"},\"image\":{\"@id\":\"https:\/\/agenciainfra.com\/blog\/leilao-da-rio-governador-valadares-e-alivio-mas-problemas-em-concessoes-rodoviarias-persistem\/#primaryimage\"},\"thumbnailUrl\":\"https:\/\/agenciainfra.com\/blog\/wp-content\/uploads\/2020\/11\/rodovia-foto-minfra.jpg\",\"datePublished\":\"2022-05-23T12:00:00+00:00\",\"breadcrumb\":{\"@id\":\"https:\/\/agenciainfra.com\/blog\/leilao-da-rio-governador-valadares-e-alivio-mas-problemas-em-concessoes-rodoviarias-persistem\/#breadcrumb\"},\"inLanguage\":\"pt-BR\",\"potentialAction\":[{\"@type\":\"ReadAction\",\"target\":[\"https:\/\/agenciainfra.com\/blog\/leilao-da-rio-governador-valadares-e-alivio-mas-problemas-em-concessoes-rodoviarias-persistem\/\"]}]},{\"@type\":\"ImageObject\",\"inLanguage\":\"pt-BR\",\"@id\":\"https:\/\/agenciainfra.com\/blog\/leilao-da-rio-governador-valadares-e-alivio-mas-problemas-em-concessoes-rodoviarias-persistem\/#primaryimage\",\"url\":\"https:\/\/agenciainfra.com\/blog\/wp-content\/uploads\/2020\/11\/rodovia-foto-minfra.jpg\",\"contentUrl\":\"https:\/\/agenciainfra.com\/blog\/wp-content\/uploads\/2020\/11\/rodovia-foto-minfra.jpg\",\"width\":1280,\"height\":689,\"caption\":\"Foto: Governo federal\"},{\"@type\":\"BreadcrumbList\",\"@id\":\"https:\/\/agenciainfra.com\/blog\/leilao-da-rio-governador-valadares-e-alivio-mas-problemas-em-concessoes-rodoviarias-persistem\/#breadcrumb\",\"itemListElement\":[{\"@type\":\"ListItem\",\"position\":1,\"name\":\"In\u00edcio\",\"item\":\"https:\/\/agenciainfra.com\/blog\/\"},{\"@type\":\"ListItem\",\"position\":2,\"name\":\"Leil\u00e3o da Rio-Governador Valadares \u00e9 al\u00edvio, mas problemas em concess\u00f5es rodovi\u00e1rias persistem\"}]},{\"@type\":\"WebSite\",\"@id\":\"https:\/\/agenciainfra.com\/blog\/#website\",\"url\":\"https:\/\/agenciainfra.com\/blog\/\",\"name\":\"Ag\u00eancia iNFRA\",\"description\":\"Multiplataforma de informa\u00e7\u00e3o jornal\u00edstica refer\u00eancia na \u00e1rea de infraestrutura no Brasil!\",\"publisher\":{\"@id\":\"https:\/\/agenciainfra.com\/blog\/#organization\"},\"potentialAction\":[{\"@type\":\"SearchAction\",\"target\":{\"@type\":\"EntryPoint\",\"urlTemplate\":\"https:\/\/agenciainfra.com\/blog\/?s={search_term_string}\"},\"query-input\":{\"@type\":\"PropertyValueSpecification\",\"valueRequired\":true,\"valueName\":\"search_term_string\"}}],\"inLanguage\":\"pt-BR\"},{\"@type\":\"Organization\",\"@id\":\"https:\/\/agenciainfra.com\/blog\/#organization\",\"name\":\"Ag\u00eancia iNFRA\",\"url\":\"https:\/\/agenciainfra.com\/blog\/\",\"logo\":{\"@type\":\"ImageObject\",\"inLanguage\":\"pt-BR\",\"@id\":\"https:\/\/agenciainfra.com\/blog\/#\/schema\/logo\/image\/\",\"url\":\"https:\/\/agenciainfra.com\/blog\/wp-content\/uploads\/2023\/09\/iNFRA_5-e1761735885940.png\",\"contentUrl\":\"https:\/\/agenciainfra.com\/blog\/wp-content\/uploads\/2023\/09\/iNFRA_5-e1761735885940.png\",\"width\":1672,\"height\":454,\"caption\":\"Ag\u00eancia iNFRA\"},\"image\":{\"@id\":\"https:\/\/agenciainfra.com\/blog\/#\/schema\/logo\/image\/\"},\"sameAs\":[\"https:\/\/www.facebook.com\/ageninfra\",\"https:\/\/x.com\/agencia_infra\",\"https:\/\/www.linkedin.com\/company\/ag\u00eanciainfra\/\",\"https:\/\/www.instagram.com\/agenciainfra\/\"]},{\"@type\":\"Person\",\"@id\":\"https:\/\/agenciainfra.com\/blog\/#\/schema\/person\/34af08dff6adea4cb22b06612ba7acfa\",\"name\":\"Ag\u00eancia iNFRA\",\"image\":{\"@type\":\"ImageObject\",\"inLanguage\":\"pt-BR\",\"@id\":\"https:\/\/agenciainfra.com\/blog\/#\/schema\/person\/image\/\",\"url\":\"https:\/\/secure.gravatar.com\/avatar\/d189e01678f06d8eb84d4e01f08eb848b3fffe3f8443818d3c356c66892f5be8?s=96&d=mm&r=g\",\"contentUrl\":\"https:\/\/secure.gravatar.com\/avatar\/d189e01678f06d8eb84d4e01f08eb848b3fffe3f8443818d3c356c66892f5be8?s=96&d=mm&r=g\",\"caption\":\"Ag\u00eancia iNFRA\"},\"url\":\"https:\/\/agenciainfra.com\/blog\/author\/admin\/\"}]}<\/script>\n<!-- \/ Yoast SEO Premium plugin. -->","yoast_head_json":{"title":"Leil\u00e3o da Rio-Governador Valadares \u00e9 al\u00edvio, mas problemas em concess\u00f5es rodovi\u00e1rias persistem - Ag\u00eancia iNFRA","robots":{"index":"index","follow":"follow","max-snippet":"max-snippet:-1","max-image-preview":"max-image-preview:large","max-video-preview":"max-video-preview:-1"},"canonical":"https:\/\/agenciainfra.com\/blog\/leilao-da-rio-governador-valadares-e-alivio-mas-problemas-em-concessoes-rodoviarias-persistem\/","og_locale":"pt_BR","og_type":"article","og_title":"Leil\u00e3o da Rio-Governador Valadares \u00e9 al\u00edvio, mas problemas em concess\u00f5es rodovi\u00e1rias persistem","og_description":"Dimmi Amora, da Ag\u00eancia iNFRA O al\u00edvio por parte do Minist\u00e9rio da Infraestrutura\u00a0com o leil\u00e3o de concess\u00e3o da Rio-Governador Valadares, realizado na \u00faltima sexta-feira (20), evitando um segundo leil\u00e3o deserto seguido, n\u00e3o dever\u00e1 ser duradouro e nem se estender para outros projetos no setor, pelo menos ao longo deste ano. \u00c9 o que avaliam especialistas [&hellip;]","og_url":"https:\/\/agenciainfra.com\/blog\/leilao-da-rio-governador-valadares-e-alivio-mas-problemas-em-concessoes-rodoviarias-persistem\/","og_site_name":"Ag\u00eancia iNFRA","article_publisher":"https:\/\/www.facebook.com\/ageninfra","article_published_time":"2022-05-23T12:00:00+00:00","og_image":[{"width":1280,"height":689,"url":"https:\/\/agenciainfra.com\/blog\/wp-content\/uploads\/2020\/11\/rodovia-foto-minfra.jpg","type":"image\/jpeg"}],"author":"Ag\u00eancia iNFRA","twitter_card":"summary_large_image","twitter_creator":"@agencia_infra","twitter_site":"@agencia_infra","twitter_misc":{"Escrito por":"Ag\u00eancia iNFRA","Est. tempo de leitura":"6 minutos"},"schema":{"@context":"https:\/\/schema.org","@graph":[{"@type":"Article","@id":"https:\/\/agenciainfra.com\/blog\/leilao-da-rio-governador-valadares-e-alivio-mas-problemas-em-concessoes-rodoviarias-persistem\/#article","isPartOf":{"@id":"https:\/\/agenciainfra.com\/blog\/leilao-da-rio-governador-valadares-e-alivio-mas-problemas-em-concessoes-rodoviarias-persistem\/"},"author":{"name":"Ag\u00eancia iNFRA","@id":"https:\/\/agenciainfra.com\/blog\/#\/schema\/person\/34af08dff6adea4cb22b06612ba7acfa"},"headline":"Leil\u00e3o da Rio-Governador Valadares \u00e9 al\u00edvio, mas problemas em concess\u00f5es rodovi\u00e1rias persistem","datePublished":"2022-05-23T12:00:00+00:00","mainEntityOfPage":{"@id":"https:\/\/agenciainfra.com\/blog\/leilao-da-rio-governador-valadares-e-alivio-mas-problemas-em-concessoes-rodoviarias-persistem\/"},"wordCount":1131,"publisher":{"@id":"https:\/\/agenciainfra.com\/blog\/#organization"},"image":{"@id":"https:\/\/agenciainfra.com\/blog\/leilao-da-rio-governador-valadares-e-alivio-mas-problemas-em-concessoes-rodoviarias-persistem\/#primaryimage"},"thumbnailUrl":"https:\/\/agenciainfra.com\/blog\/wp-content\/uploads\/2020\/11\/rodovia-foto-minfra.jpg","keywords":["abcr","ANTT","BR-116\/493\/RJ\/MG","concess\u00f5es rodovi\u00e1rias","leil\u00e3o","Rio-Governador Valadares","rodovias","tarifas","TCU","transportes"],"articleSection":["Geral","iNFRATransporte"],"inLanguage":"pt-BR","copyrightYear":"2022","copyrightHolder":{"@id":"https:\/\/agenciainfra.com\/blog\/#organization"}},{"@type":"WebPage","@id":"https:\/\/agenciainfra.com\/blog\/leilao-da-rio-governador-valadares-e-alivio-mas-problemas-em-concessoes-rodoviarias-persistem\/","url":"https:\/\/agenciainfra.com\/blog\/leilao-da-rio-governador-valadares-e-alivio-mas-problemas-em-concessoes-rodoviarias-persistem\/","name":"Leil\u00e3o da Rio-Governador Valadares \u00e9 al\u00edvio, mas problemas em concess\u00f5es rodovi\u00e1rias persistem - Ag\u00eancia iNFRA","isPartOf":{"@id":"https:\/\/agenciainfra.com\/blog\/#website"},"primaryImageOfPage":{"@id":"https:\/\/agenciainfra.com\/blog\/leilao-da-rio-governador-valadares-e-alivio-mas-problemas-em-concessoes-rodoviarias-persistem\/#primaryimage"},"image":{"@id":"https:\/\/agenciainfra.com\/blog\/leilao-da-rio-governador-valadares-e-alivio-mas-problemas-em-concessoes-rodoviarias-persistem\/#primaryimage"},"thumbnailUrl":"https:\/\/agenciainfra.com\/blog\/wp-content\/uploads\/2020\/11\/rodovia-foto-minfra.jpg","datePublished":"2022-05-23T12:00:00+00:00","breadcrumb":{"@id":"https:\/\/agenciainfra.com\/blog\/leilao-da-rio-governador-valadares-e-alivio-mas-problemas-em-concessoes-rodoviarias-persistem\/#breadcrumb"},"inLanguage":"pt-BR","potentialAction":[{"@type":"ReadAction","target":["https:\/\/agenciainfra.com\/blog\/leilao-da-rio-governador-valadares-e-alivio-mas-problemas-em-concessoes-rodoviarias-persistem\/"]}]},{"@type":"ImageObject","inLanguage":"pt-BR","@id":"https:\/\/agenciainfra.com\/blog\/leilao-da-rio-governador-valadares-e-alivio-mas-problemas-em-concessoes-rodoviarias-persistem\/#primaryimage","url":"https:\/\/agenciainfra.com\/blog\/wp-content\/uploads\/2020\/11\/rodovia-foto-minfra.jpg","contentUrl":"https:\/\/agenciainfra.com\/blog\/wp-content\/uploads\/2020\/11\/rodovia-foto-minfra.jpg","width":1280,"height":689,"caption":"Foto: Governo federal"},{"@type":"BreadcrumbList","@id":"https:\/\/agenciainfra.com\/blog\/leilao-da-rio-governador-valadares-e-alivio-mas-problemas-em-concessoes-rodoviarias-persistem\/#breadcrumb","itemListElement":[{"@type":"ListItem","position":1,"name":"In\u00edcio","item":"https:\/\/agenciainfra.com\/blog\/"},{"@type":"ListItem","position":2,"name":"Leil\u00e3o da Rio-Governador Valadares \u00e9 al\u00edvio, mas problemas em concess\u00f5es rodovi\u00e1rias persistem"}]},{"@type":"WebSite","@id":"https:\/\/agenciainfra.com\/blog\/#website","url":"https:\/\/agenciainfra.com\/blog\/","name":"Ag\u00eancia iNFRA","description":"Multiplataforma de informa\u00e7\u00e3o jornal\u00edstica refer\u00eancia na \u00e1rea de infraestrutura no Brasil!","publisher":{"@id":"https:\/\/agenciainfra.com\/blog\/#organization"},"potentialAction":[{"@type":"SearchAction","target":{"@type":"EntryPoint","urlTemplate":"https:\/\/agenciainfra.com\/blog\/?s={search_term_string}"},"query-input":{"@type":"PropertyValueSpecification","valueRequired":true,"valueName":"search_term_string"}}],"inLanguage":"pt-BR"},{"@type":"Organization","@id":"https:\/\/agenciainfra.com\/blog\/#organization","name":"Ag\u00eancia iNFRA","url":"https:\/\/agenciainfra.com\/blog\/","logo":{"@type":"ImageObject","inLanguage":"pt-BR","@id":"https:\/\/agenciainfra.com\/blog\/#\/schema\/logo\/image\/","url":"https:\/\/agenciainfra.com\/blog\/wp-content\/uploads\/2023\/09\/iNFRA_5-e1761735885940.png","contentUrl":"https:\/\/agenciainfra.com\/blog\/wp-content\/uploads\/2023\/09\/iNFRA_5-e1761735885940.png","width":1672,"height":454,"caption":"Ag\u00eancia iNFRA"},"image":{"@id":"https:\/\/agenciainfra.com\/blog\/#\/schema\/logo\/image\/"},"sameAs":["https:\/\/www.facebook.com\/ageninfra","https:\/\/x.com\/agencia_infra","https:\/\/www.linkedin.com\/company\/ag\u00eanciainfra\/","https:\/\/www.instagram.com\/agenciainfra\/"]},{"@type":"Person","@id":"https:\/\/agenciainfra.com\/blog\/#\/schema\/person\/34af08dff6adea4cb22b06612ba7acfa","name":"Ag\u00eancia iNFRA","image":{"@type":"ImageObject","inLanguage":"pt-BR","@id":"https:\/\/agenciainfra.com\/blog\/#\/schema\/person\/image\/","url":"https:\/\/secure.gravatar.com\/avatar\/d189e01678f06d8eb84d4e01f08eb848b3fffe3f8443818d3c356c66892f5be8?s=96&d=mm&r=g","contentUrl":"https:\/\/secure.gravatar.com\/avatar\/d189e01678f06d8eb84d4e01f08eb848b3fffe3f8443818d3c356c66892f5be8?s=96&d=mm&r=g","caption":"Ag\u00eancia iNFRA"},"url":"https:\/\/agenciainfra.com\/blog\/author\/admin\/"}]}},"_links":{"self":[{"href":"https:\/\/agenciainfra.com\/blog\/wp-json\/wp\/v2\/posts\/10408","targetHints":{"allow":["GET"]}}],"collection":[{"href":"https:\/\/agenciainfra.com\/blog\/wp-json\/wp\/v2\/posts"}],"about":[{"href":"https:\/\/agenciainfra.com\/blog\/wp-json\/wp\/v2\/types\/post"}],"author":[{"embeddable":true,"href":"https:\/\/agenciainfra.com\/blog\/wp-json\/wp\/v2\/users\/1"}],"replies":[{"embeddable":true,"href":"https:\/\/agenciainfra.com\/blog\/wp-json\/wp\/v2\/comments?post=10408"}],"version-history":[{"count":0,"href":"https:\/\/agenciainfra.com\/blog\/wp-json\/wp\/v2\/posts\/10408\/revisions"}],"wp:featuredmedia":[{"embeddable":true,"href":"https:\/\/agenciainfra.com\/blog\/wp-json\/wp\/v2\/media\/6369"}],"wp:attachment":[{"href":"https:\/\/agenciainfra.com\/blog\/wp-json\/wp\/v2\/media?parent=10408"}],"wp:term":[{"taxonomy":"category","embeddable":true,"href":"https:\/\/agenciainfra.com\/blog\/wp-json\/wp\/v2\/categories?post=10408"},{"taxonomy":"post_tag","embeddable":true,"href":"https:\/\/agenciainfra.com\/blog\/wp-json\/wp\/v2\/tags?post=10408"}],"curies":[{"name":"wp","href":"https:\/\/api.w.org\/{rel}","templated":true}]}}