{"id":10433,"date":"2022-05-27T11:00:00","date_gmt":"2022-05-27T14:00:00","guid":{"rendered":"https:\/\/www.agenciainfra.com\/blog\/?p=10433"},"modified":"2022-05-24T13:12:43","modified_gmt":"2022-05-24T16:12:43","slug":"infradebate-ratificacao-da-cobranca-do-sse-pelo-stj-e-o-fomento-ao-setor-portuario-no-pais","status":"publish","type":"post","link":"https:\/\/agenciainfra.com\/blog\/infradebate-ratificacao-da-cobranca-do-sse-pelo-stj-e-o-fomento-ao-setor-portuario-no-pais\/","title":{"rendered":"iNFRADebate: Ratifica\u00e7\u00e3o da cobran\u00e7a do SSE pelo STJ e o fomento ao setor portu\u00e1rio no pa\u00eds"},"content":{"rendered":"\n<p class=\"has-text-align-right\"><strong>Jorge Sotto Mayor e \u00darsula Pastori*<\/strong><\/p>\n\n\n\n<p>Os consecutivos registros de crescimento nas movimenta\u00e7\u00f5es portu\u00e1rias e as proje\u00e7\u00f5es positivas para o futuro pr\u00f3ximo, por vezes, fazem com que sejam menosprezados problemas relevantes para o setor. No ano passado, os portos p\u00fablicos e privados movimentaram 1,2 bilh\u00e3o de toneladas em todo o pa\u00eds, o que significou uma alta de 4,7% em rela\u00e7\u00e3o a 2020, segundo a ANTAQ (Ag\u00eancia Nacional de Transportes Aquavi\u00e1rios). At\u00e9 2026, a ag\u00eancia prev\u00ea uma movimenta\u00e7\u00e3o de 1,4 bilh\u00e3o de toneladas, cen\u00e1rio extremamente positivo para o setor.<\/p>\n\n\n\n<p>Ainda assim, os operadores portu\u00e1rios sofrem com a falta de seguran\u00e7a jur\u00eddica e a imprevisibilidade institucional, levando a cen\u00e1rios como o recente veto ao Reporto pelo Poder Executivo, benef\u00edcio fiscal essencial para a compra de m\u00e1quinas e equipamentos importantes para a moderniza\u00e7\u00e3o do setor, somente prorrogado ap\u00f3s esfor\u00e7os significativos dos agentes afetados, com a derrubada do veto pelo Congresso Nacional.<\/p>\n\n\n\n<p>Quando olhamos em particular para os terminais que operam cont\u00eaineres, a p\u00e1gina a respeito da legalidade da cobran\u00e7a pelo SSE (servi\u00e7o de segrega\u00e7\u00e3o e entrega) ainda n\u00e3o foi virada. A movimenta\u00e7\u00e3o de cont\u00eaineres responde por 133,1 milh\u00f5es de toneladas, o equivalente a 11% entre os perfis de carga, e \u00e9 o terceiro tipo mais movimentado no pa\u00eds em 2021. Apesar do bom desempenho, o setor convive h\u00e1 d\u00e9cadas com o impasse regulat\u00f3rio sobre a cobran\u00e7a do servi\u00e7o.&nbsp;<\/p>\n\n\n\n<p>Recentemente, mais um cap\u00edtulo se encerrou no Poder Judici\u00e1rio, com uma vit\u00f3ria para os chamados terminais molhados. Decis\u00e3o do STJ (Superior Tribunal de Justi\u00e7a) no Recurso Especial n. 1399761\/SP findou por reconhecer a licitude da cobran\u00e7a, na medida em que \u00e9 feita complementarmente aos servi\u00e7os b\u00e1sicos fornecidos pelos operadores portu\u00e1rios, confirmando o entendimento da Corte <em>a quo<\/em> de que se trata de uma nova etapa de trabalho.<\/p>\n\n\n\n<p>Cargas importadas via cont\u00eaineres, e que seguir\u00e3o para outros destinos alfandegados como terminais retroportu\u00e1rios ou portos secos, devem ser segregadas e entregues em at\u00e9 48 horas, e esta \u00e9 uma tarefa que exige o deslocamento de m\u00e3o de obra especializada, uso de equipamentos e ajustes no calend\u00e1rio de opera\u00e7\u00f5es, criando custos permanentes que justificam a contrapartida financeira para o terminal molhado.<\/p>\n\n\n\n<p>A decis\u00e3o \u00e9 referente a uma a\u00e7\u00e3o civil p\u00fablica datada de 2006, de autoria do Idusp (Instituto de Defesa dos Usu\u00e1rios de Servi\u00e7o P\u00fablico), que alegava ilegalidade e considerava a cobran\u00e7a como uma duplica\u00e7\u00e3o da cobran\u00e7a THC (<em>terminal handling charge<\/em>). Por tratar-se de a\u00e7\u00e3o civil p\u00fablica, o tr\u00e2nsito em julgado deve balizar o entendimento em processos semelhantes que tamb\u00e9m se arrastam h\u00e1 anos no Judici\u00e1rio e no \u00e2mbito administrativo.<\/p>\n\n\n\n<p>A desburocratiza\u00e7\u00e3o e a seguran\u00e7a jur\u00eddica s\u00e3o fundamentais para o desenvolvimento do setor portu\u00e1rio. Aproximarmo-nos do encerramento dessa disputa \u00e9 mais um passo para a amplia\u00e7\u00e3o da competitividade e da atratividade para novos investimentos, que far\u00e3o a diferen\u00e7a para que, nos pr\u00f3ximos anos, os resultados sigam impulsionando o crescimento do Brasil.<\/p>\n\n\n\n<h6 class=\"wp-block-heading\">*Jorge Sotto Mayor F. Neto<strong> e <\/strong>\u00darsula Pastori<strong> s\u00e3o advogados da Barral Parente Pinheiro Advogados<\/strong>.<\/h6>\n\n\n\n<h5 class=\"wp-block-heading\" id=\"block-d67878ff-7627-4f15-b175-8f58269174ff\">O iNFRADebate \u00e9 o espa\u00e7o de artigos da Ag\u00eancia iNFRA com opini\u00f5es de seus atores que n\u00e3o refletem necessariamente o pensamento da Ag\u00eancia iNFRA, sendo de total responsabilidade do autor as informa\u00e7\u00f5es, ju\u00edzos de valor e conceitos descritos no texto.<\/h5>\n","protected":false},"excerpt":{"rendered":"<p>Jorge Sotto Mayor e \u00darsula Pastori* Os consecutivos registros de crescimento nas movimenta\u00e7\u00f5es portu\u00e1rias e as proje\u00e7\u00f5es positivas para o futuro pr\u00f3ximo, por vezes, fazem com que sejam menosprezados problemas relevantes para o setor. No ano passado, os portos p\u00fablicos e privados movimentaram 1,2 bilh\u00e3o de toneladas em todo o pa\u00eds, o que significou uma [&hellip;]<\/p>\n","protected":false},"author":1,"featured_media":10434,"comment_status":"closed","ping_status":"closed","sticky":false,"template":"","format":"standard","meta":{"_monsterinsights_skip_tracking":false,"_monsterinsights_sitenote_active":false,"_monsterinsights_sitenote_note":"","_monsterinsights_sitenote_category":0,"footnotes":""},"categories":[1,11],"tags":[86,873,1858,3444,310,1201,1717,1489,1059,70],"class_list":["post-10433","post","type-post","status-publish","format-standard","has-post-thumbnail","hentry","category-geral","category-infradebate","tag-antaq","tag-conteineres","tag-fomento","tag-movimentacao-de-cargas","tag-portos","tag-setor-portuario","tag-sse","tag-stj","tag-transporte-de-cargas","tag-transportes"],"yoast_head":"<!-- This site is optimized with the Yoast SEO Premium plugin v25.4 (Yoast SEO v26.0) - https:\/\/yoast.com\/wordpress\/plugins\/seo\/ -->\n<title>iNFRADebate: Ratifica\u00e7\u00e3o da cobran\u00e7a do SSE pelo STJ e o fomento ao setor portu\u00e1rio no pa\u00eds - Ag\u00eancia iNFRA<\/title>\n<meta name=\"robots\" content=\"index, follow, max-snippet:-1, max-image-preview:large, max-video-preview:-1\" \/>\n<link rel=\"canonical\" href=\"https:\/\/agenciainfra.com\/blog\/infradebate-ratificacao-da-cobranca-do-sse-pelo-stj-e-o-fomento-ao-setor-portuario-no-pais\/\" \/>\n<meta property=\"og:locale\" content=\"pt_BR\" \/>\n<meta property=\"og:type\" content=\"article\" \/>\n<meta property=\"og:title\" content=\"iNFRADebate: Ratifica\u00e7\u00e3o da cobran\u00e7a do SSE pelo STJ e o fomento ao setor portu\u00e1rio no pa\u00eds\" \/>\n<meta property=\"og:description\" content=\"Jorge Sotto Mayor e \u00darsula Pastori* Os consecutivos registros de crescimento nas movimenta\u00e7\u00f5es portu\u00e1rias e as proje\u00e7\u00f5es positivas para o futuro pr\u00f3ximo, por vezes, fazem com que sejam menosprezados problemas relevantes para o setor. No ano passado, os portos p\u00fablicos e privados movimentaram 1,2 bilh\u00e3o de toneladas em todo o pa\u00eds, o que significou uma [&hellip;]\" \/>\n<meta property=\"og:url\" content=\"https:\/\/agenciainfra.com\/blog\/infradebate-ratificacao-da-cobranca-do-sse-pelo-stj-e-o-fomento-ao-setor-portuario-no-pais\/\" \/>\n<meta property=\"og:site_name\" content=\"Ag\u00eancia iNFRA\" \/>\n<meta property=\"article:publisher\" content=\"https:\/\/www.facebook.com\/ageninfra\" \/>\n<meta property=\"article:published_time\" content=\"2022-05-27T14:00:00+00:00\" \/>\n<meta property=\"og:image\" content=\"https:\/\/agenciainfra.com\/blog\/wp-content\/uploads\/2022\/05\/cargas-portos-foto-dominio-publico.jpg\" \/>\n\t<meta property=\"og:image:width\" content=\"1920\" \/>\n\t<meta property=\"og:image:height\" content=\"1280\" \/>\n\t<meta property=\"og:image:type\" content=\"image\/jpeg\" \/>\n<meta name=\"author\" content=\"Ag\u00eancia iNFRA\" \/>\n<meta name=\"twitter:card\" content=\"summary_large_image\" \/>\n<meta name=\"twitter:creator\" content=\"@agencia_infra\" \/>\n<meta name=\"twitter:site\" content=\"@agencia_infra\" \/>\n<meta name=\"twitter:label1\" content=\"Escrito por\" \/>\n\t<meta name=\"twitter:data1\" content=\"Ag\u00eancia iNFRA\" \/>\n\t<meta name=\"twitter:label2\" content=\"Est. tempo de leitura\" \/>\n\t<meta name=\"twitter:data2\" content=\"3 minutos\" \/>\n<script type=\"application\/ld+json\" class=\"yoast-schema-graph\">{\"@context\":\"https:\/\/schema.org\",\"@graph\":[{\"@type\":\"Article\",\"@id\":\"https:\/\/agenciainfra.com\/blog\/infradebate-ratificacao-da-cobranca-do-sse-pelo-stj-e-o-fomento-ao-setor-portuario-no-pais\/#article\",\"isPartOf\":{\"@id\":\"https:\/\/agenciainfra.com\/blog\/infradebate-ratificacao-da-cobranca-do-sse-pelo-stj-e-o-fomento-ao-setor-portuario-no-pais\/\"},\"author\":{\"name\":\"Ag\u00eancia iNFRA\",\"@id\":\"https:\/\/agenciainfra.com\/blog\/#\/schema\/person\/34af08dff6adea4cb22b06612ba7acfa\"},\"headline\":\"iNFRADebate: Ratifica\u00e7\u00e3o da cobran\u00e7a do SSE pelo STJ e o fomento ao setor portu\u00e1rio no pa\u00eds\",\"datePublished\":\"2022-05-27T14:00:00+00:00\",\"mainEntityOfPage\":{\"@id\":\"https:\/\/agenciainfra.com\/blog\/infradebate-ratificacao-da-cobranca-do-sse-pelo-stj-e-o-fomento-ao-setor-portuario-no-pais\/\"},\"wordCount\":616,\"publisher\":{\"@id\":\"https:\/\/agenciainfra.com\/blog\/#organization\"},\"image\":{\"@id\":\"https:\/\/agenciainfra.com\/blog\/infradebate-ratificacao-da-cobranca-do-sse-pelo-stj-e-o-fomento-ao-setor-portuario-no-pais\/#primaryimage\"},\"thumbnailUrl\":\"https:\/\/agenciainfra.com\/blog\/wp-content\/uploads\/2022\/05\/cargas-portos-foto-dominio-publico-e1763561848909.jpg\",\"keywords\":[\"ANTAQ\",\"cont\u00eaineres\",\"fomento\",\"movimenta\u00e7\u00e3o de cargas\",\"portos\",\"setor portu\u00e1rio\",\"SSE\",\"STJ\",\"transporte de cargas\",\"transportes\"],\"articleSection\":[\"Geral\",\"iNFRADebate\"],\"inLanguage\":\"pt-BR\",\"copyrightYear\":\"2022\",\"copyrightHolder\":{\"@id\":\"https:\/\/agenciainfra.com\/blog\/#organization\"}},{\"@type\":\"WebPage\",\"@id\":\"https:\/\/agenciainfra.com\/blog\/infradebate-ratificacao-da-cobranca-do-sse-pelo-stj-e-o-fomento-ao-setor-portuario-no-pais\/\",\"url\":\"https:\/\/agenciainfra.com\/blog\/infradebate-ratificacao-da-cobranca-do-sse-pelo-stj-e-o-fomento-ao-setor-portuario-no-pais\/\",\"name\":\"iNFRADebate: Ratifica\u00e7\u00e3o da cobran\u00e7a do SSE pelo STJ e o fomento ao setor portu\u00e1rio no pa\u00eds - Ag\u00eancia iNFRA\",\"isPartOf\":{\"@id\":\"https:\/\/agenciainfra.com\/blog\/#website\"},\"primaryImageOfPage\":{\"@id\":\"https:\/\/agenciainfra.com\/blog\/infradebate-ratificacao-da-cobranca-do-sse-pelo-stj-e-o-fomento-ao-setor-portuario-no-pais\/#primaryimage\"},\"image\":{\"@id\":\"https:\/\/agenciainfra.com\/blog\/infradebate-ratificacao-da-cobranca-do-sse-pelo-stj-e-o-fomento-ao-setor-portuario-no-pais\/#primaryimage\"},\"thumbnailUrl\":\"https:\/\/agenciainfra.com\/blog\/wp-content\/uploads\/2022\/05\/cargas-portos-foto-dominio-publico-e1763561848909.jpg\",\"datePublished\":\"2022-05-27T14:00:00+00:00\",\"breadcrumb\":{\"@id\":\"https:\/\/agenciainfra.com\/blog\/infradebate-ratificacao-da-cobranca-do-sse-pelo-stj-e-o-fomento-ao-setor-portuario-no-pais\/#breadcrumb\"},\"inLanguage\":\"pt-BR\",\"potentialAction\":[{\"@type\":\"ReadAction\",\"target\":[\"https:\/\/agenciainfra.com\/blog\/infradebate-ratificacao-da-cobranca-do-sse-pelo-stj-e-o-fomento-ao-setor-portuario-no-pais\/\"]}]},{\"@type\":\"ImageObject\",\"inLanguage\":\"pt-BR\",\"@id\":\"https:\/\/agenciainfra.com\/blog\/infradebate-ratificacao-da-cobranca-do-sse-pelo-stj-e-o-fomento-ao-setor-portuario-no-pais\/#primaryimage\",\"url\":\"https:\/\/agenciainfra.com\/blog\/wp-content\/uploads\/2022\/05\/cargas-portos-foto-dominio-publico-e1763561848909.jpg\",\"contentUrl\":\"https:\/\/agenciainfra.com\/blog\/wp-content\/uploads\/2022\/05\/cargas-portos-foto-dominio-publico-e1763561848909.jpg\",\"width\":1280,\"height\":772,\"caption\":\"Foto: Dom\u00ednio P\u00fablico\"},{\"@type\":\"BreadcrumbList\",\"@id\":\"https:\/\/agenciainfra.com\/blog\/infradebate-ratificacao-da-cobranca-do-sse-pelo-stj-e-o-fomento-ao-setor-portuario-no-pais\/#breadcrumb\",\"itemListElement\":[{\"@type\":\"ListItem\",\"position\":1,\"name\":\"In\u00edcio\",\"item\":\"https:\/\/agenciainfra.com\/blog\/\"},{\"@type\":\"ListItem\",\"position\":2,\"name\":\"iNFRADebate: Ratifica\u00e7\u00e3o da cobran\u00e7a do SSE pelo STJ e o fomento ao setor portu\u00e1rio no pa\u00eds\"}]},{\"@type\":\"WebSite\",\"@id\":\"https:\/\/agenciainfra.com\/blog\/#website\",\"url\":\"https:\/\/agenciainfra.com\/blog\/\",\"name\":\"Ag\u00eancia iNFRA\",\"description\":\"Multiplataforma de informa\u00e7\u00e3o jornal\u00edstica refer\u00eancia na \u00e1rea de infraestrutura no Brasil!\",\"publisher\":{\"@id\":\"https:\/\/agenciainfra.com\/blog\/#organization\"},\"potentialAction\":[{\"@type\":\"SearchAction\",\"target\":{\"@type\":\"EntryPoint\",\"urlTemplate\":\"https:\/\/agenciainfra.com\/blog\/?s={search_term_string}\"},\"query-input\":{\"@type\":\"PropertyValueSpecification\",\"valueRequired\":true,\"valueName\":\"search_term_string\"}}],\"inLanguage\":\"pt-BR\"},{\"@type\":\"Organization\",\"@id\":\"https:\/\/agenciainfra.com\/blog\/#organization\",\"name\":\"Ag\u00eancia iNFRA\",\"url\":\"https:\/\/agenciainfra.com\/blog\/\",\"logo\":{\"@type\":\"ImageObject\",\"inLanguage\":\"pt-BR\",\"@id\":\"https:\/\/agenciainfra.com\/blog\/#\/schema\/logo\/image\/\",\"url\":\"https:\/\/agenciainfra.com\/blog\/wp-content\/uploads\/2023\/09\/iNFRA_5-e1761735885940.png\",\"contentUrl\":\"https:\/\/agenciainfra.com\/blog\/wp-content\/uploads\/2023\/09\/iNFRA_5-e1761735885940.png\",\"width\":1672,\"height\":454,\"caption\":\"Ag\u00eancia iNFRA\"},\"image\":{\"@id\":\"https:\/\/agenciainfra.com\/blog\/#\/schema\/logo\/image\/\"},\"sameAs\":[\"https:\/\/www.facebook.com\/ageninfra\",\"https:\/\/x.com\/agencia_infra\",\"https:\/\/www.linkedin.com\/company\/ag\u00eanciainfra\/\",\"https:\/\/www.instagram.com\/agenciainfra\/\"]},{\"@type\":\"Person\",\"@id\":\"https:\/\/agenciainfra.com\/blog\/#\/schema\/person\/34af08dff6adea4cb22b06612ba7acfa\",\"name\":\"Ag\u00eancia iNFRA\",\"image\":{\"@type\":\"ImageObject\",\"inLanguage\":\"pt-BR\",\"@id\":\"https:\/\/agenciainfra.com\/blog\/#\/schema\/person\/image\/\",\"url\":\"https:\/\/secure.gravatar.com\/avatar\/d189e01678f06d8eb84d4e01f08eb848b3fffe3f8443818d3c356c66892f5be8?s=96&d=mm&r=g\",\"contentUrl\":\"https:\/\/secure.gravatar.com\/avatar\/d189e01678f06d8eb84d4e01f08eb848b3fffe3f8443818d3c356c66892f5be8?s=96&d=mm&r=g\",\"caption\":\"Ag\u00eancia iNFRA\"},\"url\":\"https:\/\/agenciainfra.com\/blog\/author\/admin\/\"}]}<\/script>\n<!-- \/ Yoast SEO Premium plugin. -->","yoast_head_json":{"title":"iNFRADebate: Ratifica\u00e7\u00e3o da cobran\u00e7a do SSE pelo STJ e o fomento ao setor portu\u00e1rio no pa\u00eds - Ag\u00eancia iNFRA","robots":{"index":"index","follow":"follow","max-snippet":"max-snippet:-1","max-image-preview":"max-image-preview:large","max-video-preview":"max-video-preview:-1"},"canonical":"https:\/\/agenciainfra.com\/blog\/infradebate-ratificacao-da-cobranca-do-sse-pelo-stj-e-o-fomento-ao-setor-portuario-no-pais\/","og_locale":"pt_BR","og_type":"article","og_title":"iNFRADebate: Ratifica\u00e7\u00e3o da cobran\u00e7a do SSE pelo STJ e o fomento ao setor portu\u00e1rio no pa\u00eds","og_description":"Jorge Sotto Mayor e \u00darsula Pastori* Os consecutivos registros de crescimento nas movimenta\u00e7\u00f5es portu\u00e1rias e as proje\u00e7\u00f5es positivas para o futuro pr\u00f3ximo, por vezes, fazem com que sejam menosprezados problemas relevantes para o setor. No ano passado, os portos p\u00fablicos e privados movimentaram 1,2 bilh\u00e3o de toneladas em todo o pa\u00eds, o que significou uma [&hellip;]","og_url":"https:\/\/agenciainfra.com\/blog\/infradebate-ratificacao-da-cobranca-do-sse-pelo-stj-e-o-fomento-ao-setor-portuario-no-pais\/","og_site_name":"Ag\u00eancia iNFRA","article_publisher":"https:\/\/www.facebook.com\/ageninfra","article_published_time":"2022-05-27T14:00:00+00:00","og_image":[{"width":1920,"height":1280,"url":"https:\/\/agenciainfra.com\/blog\/wp-content\/uploads\/2022\/05\/cargas-portos-foto-dominio-publico.jpg","type":"image\/jpeg"}],"author":"Ag\u00eancia iNFRA","twitter_card":"summary_large_image","twitter_creator":"@agencia_infra","twitter_site":"@agencia_infra","twitter_misc":{"Escrito por":"Ag\u00eancia iNFRA","Est. tempo de leitura":"3 minutos"},"schema":{"@context":"https:\/\/schema.org","@graph":[{"@type":"Article","@id":"https:\/\/agenciainfra.com\/blog\/infradebate-ratificacao-da-cobranca-do-sse-pelo-stj-e-o-fomento-ao-setor-portuario-no-pais\/#article","isPartOf":{"@id":"https:\/\/agenciainfra.com\/blog\/infradebate-ratificacao-da-cobranca-do-sse-pelo-stj-e-o-fomento-ao-setor-portuario-no-pais\/"},"author":{"name":"Ag\u00eancia iNFRA","@id":"https:\/\/agenciainfra.com\/blog\/#\/schema\/person\/34af08dff6adea4cb22b06612ba7acfa"},"headline":"iNFRADebate: Ratifica\u00e7\u00e3o da cobran\u00e7a do SSE pelo STJ e o fomento ao setor portu\u00e1rio no pa\u00eds","datePublished":"2022-05-27T14:00:00+00:00","mainEntityOfPage":{"@id":"https:\/\/agenciainfra.com\/blog\/infradebate-ratificacao-da-cobranca-do-sse-pelo-stj-e-o-fomento-ao-setor-portuario-no-pais\/"},"wordCount":616,"publisher":{"@id":"https:\/\/agenciainfra.com\/blog\/#organization"},"image":{"@id":"https:\/\/agenciainfra.com\/blog\/infradebate-ratificacao-da-cobranca-do-sse-pelo-stj-e-o-fomento-ao-setor-portuario-no-pais\/#primaryimage"},"thumbnailUrl":"https:\/\/agenciainfra.com\/blog\/wp-content\/uploads\/2022\/05\/cargas-portos-foto-dominio-publico-e1763561848909.jpg","keywords":["ANTAQ","cont\u00eaineres","fomento","movimenta\u00e7\u00e3o de cargas","portos","setor portu\u00e1rio","SSE","STJ","transporte de cargas","transportes"],"articleSection":["Geral","iNFRADebate"],"inLanguage":"pt-BR","copyrightYear":"2022","copyrightHolder":{"@id":"https:\/\/agenciainfra.com\/blog\/#organization"}},{"@type":"WebPage","@id":"https:\/\/agenciainfra.com\/blog\/infradebate-ratificacao-da-cobranca-do-sse-pelo-stj-e-o-fomento-ao-setor-portuario-no-pais\/","url":"https:\/\/agenciainfra.com\/blog\/infradebate-ratificacao-da-cobranca-do-sse-pelo-stj-e-o-fomento-ao-setor-portuario-no-pais\/","name":"iNFRADebate: Ratifica\u00e7\u00e3o da cobran\u00e7a do SSE pelo STJ e o fomento ao setor portu\u00e1rio no pa\u00eds - Ag\u00eancia iNFRA","isPartOf":{"@id":"https:\/\/agenciainfra.com\/blog\/#website"},"primaryImageOfPage":{"@id":"https:\/\/agenciainfra.com\/blog\/infradebate-ratificacao-da-cobranca-do-sse-pelo-stj-e-o-fomento-ao-setor-portuario-no-pais\/#primaryimage"},"image":{"@id":"https:\/\/agenciainfra.com\/blog\/infradebate-ratificacao-da-cobranca-do-sse-pelo-stj-e-o-fomento-ao-setor-portuario-no-pais\/#primaryimage"},"thumbnailUrl":"https:\/\/agenciainfra.com\/blog\/wp-content\/uploads\/2022\/05\/cargas-portos-foto-dominio-publico-e1763561848909.jpg","datePublished":"2022-05-27T14:00:00+00:00","breadcrumb":{"@id":"https:\/\/agenciainfra.com\/blog\/infradebate-ratificacao-da-cobranca-do-sse-pelo-stj-e-o-fomento-ao-setor-portuario-no-pais\/#breadcrumb"},"inLanguage":"pt-BR","potentialAction":[{"@type":"ReadAction","target":["https:\/\/agenciainfra.com\/blog\/infradebate-ratificacao-da-cobranca-do-sse-pelo-stj-e-o-fomento-ao-setor-portuario-no-pais\/"]}]},{"@type":"ImageObject","inLanguage":"pt-BR","@id":"https:\/\/agenciainfra.com\/blog\/infradebate-ratificacao-da-cobranca-do-sse-pelo-stj-e-o-fomento-ao-setor-portuario-no-pais\/#primaryimage","url":"https:\/\/agenciainfra.com\/blog\/wp-content\/uploads\/2022\/05\/cargas-portos-foto-dominio-publico-e1763561848909.jpg","contentUrl":"https:\/\/agenciainfra.com\/blog\/wp-content\/uploads\/2022\/05\/cargas-portos-foto-dominio-publico-e1763561848909.jpg","width":1280,"height":772,"caption":"Foto: Dom\u00ednio P\u00fablico"},{"@type":"BreadcrumbList","@id":"https:\/\/agenciainfra.com\/blog\/infradebate-ratificacao-da-cobranca-do-sse-pelo-stj-e-o-fomento-ao-setor-portuario-no-pais\/#breadcrumb","itemListElement":[{"@type":"ListItem","position":1,"name":"In\u00edcio","item":"https:\/\/agenciainfra.com\/blog\/"},{"@type":"ListItem","position":2,"name":"iNFRADebate: Ratifica\u00e7\u00e3o da cobran\u00e7a do SSE pelo STJ e o fomento ao setor portu\u00e1rio no pa\u00eds"}]},{"@type":"WebSite","@id":"https:\/\/agenciainfra.com\/blog\/#website","url":"https:\/\/agenciainfra.com\/blog\/","name":"Ag\u00eancia iNFRA","description":"Multiplataforma de informa\u00e7\u00e3o jornal\u00edstica refer\u00eancia na \u00e1rea de infraestrutura no Brasil!","publisher":{"@id":"https:\/\/agenciainfra.com\/blog\/#organization"},"potentialAction":[{"@type":"SearchAction","target":{"@type":"EntryPoint","urlTemplate":"https:\/\/agenciainfra.com\/blog\/?s={search_term_string}"},"query-input":{"@type":"PropertyValueSpecification","valueRequired":true,"valueName":"search_term_string"}}],"inLanguage":"pt-BR"},{"@type":"Organization","@id":"https:\/\/agenciainfra.com\/blog\/#organization","name":"Ag\u00eancia iNFRA","url":"https:\/\/agenciainfra.com\/blog\/","logo":{"@type":"ImageObject","inLanguage":"pt-BR","@id":"https:\/\/agenciainfra.com\/blog\/#\/schema\/logo\/image\/","url":"https:\/\/agenciainfra.com\/blog\/wp-content\/uploads\/2023\/09\/iNFRA_5-e1761735885940.png","contentUrl":"https:\/\/agenciainfra.com\/blog\/wp-content\/uploads\/2023\/09\/iNFRA_5-e1761735885940.png","width":1672,"height":454,"caption":"Ag\u00eancia iNFRA"},"image":{"@id":"https:\/\/agenciainfra.com\/blog\/#\/schema\/logo\/image\/"},"sameAs":["https:\/\/www.facebook.com\/ageninfra","https:\/\/x.com\/agencia_infra","https:\/\/www.linkedin.com\/company\/ag\u00eanciainfra\/","https:\/\/www.instagram.com\/agenciainfra\/"]},{"@type":"Person","@id":"https:\/\/agenciainfra.com\/blog\/#\/schema\/person\/34af08dff6adea4cb22b06612ba7acfa","name":"Ag\u00eancia iNFRA","image":{"@type":"ImageObject","inLanguage":"pt-BR","@id":"https:\/\/agenciainfra.com\/blog\/#\/schema\/person\/image\/","url":"https:\/\/secure.gravatar.com\/avatar\/d189e01678f06d8eb84d4e01f08eb848b3fffe3f8443818d3c356c66892f5be8?s=96&d=mm&r=g","contentUrl":"https:\/\/secure.gravatar.com\/avatar\/d189e01678f06d8eb84d4e01f08eb848b3fffe3f8443818d3c356c66892f5be8?s=96&d=mm&r=g","caption":"Ag\u00eancia iNFRA"},"url":"https:\/\/agenciainfra.com\/blog\/author\/admin\/"}]}},"_links":{"self":[{"href":"https:\/\/agenciainfra.com\/blog\/wp-json\/wp\/v2\/posts\/10433","targetHints":{"allow":["GET"]}}],"collection":[{"href":"https:\/\/agenciainfra.com\/blog\/wp-json\/wp\/v2\/posts"}],"about":[{"href":"https:\/\/agenciainfra.com\/blog\/wp-json\/wp\/v2\/types\/post"}],"author":[{"embeddable":true,"href":"https:\/\/agenciainfra.com\/blog\/wp-json\/wp\/v2\/users\/1"}],"replies":[{"embeddable":true,"href":"https:\/\/agenciainfra.com\/blog\/wp-json\/wp\/v2\/comments?post=10433"}],"version-history":[{"count":0,"href":"https:\/\/agenciainfra.com\/blog\/wp-json\/wp\/v2\/posts\/10433\/revisions"}],"wp:featuredmedia":[{"embeddable":true,"href":"https:\/\/agenciainfra.com\/blog\/wp-json\/wp\/v2\/media\/10434"}],"wp:attachment":[{"href":"https:\/\/agenciainfra.com\/blog\/wp-json\/wp\/v2\/media?parent=10433"}],"wp:term":[{"taxonomy":"category","embeddable":true,"href":"https:\/\/agenciainfra.com\/blog\/wp-json\/wp\/v2\/categories?post=10433"},{"taxonomy":"post_tag","embeddable":true,"href":"https:\/\/agenciainfra.com\/blog\/wp-json\/wp\/v2\/tags?post=10433"}],"curies":[{"name":"wp","href":"https:\/\/api.w.org\/{rel}","templated":true}]}}