{"id":10442,"date":"2022-05-27T09:00:00","date_gmt":"2022-05-27T12:00:00","guid":{"rendered":"https:\/\/www.agenciainfra.com\/blog\/?p=10442"},"modified":"2022-05-25T11:48:57","modified_gmt":"2022-05-25T14:48:57","slug":"mario-povia-assume-secretaria-de-portos-piloni-diz-confiar-na-concessao-de-santos-em-2022","status":"publish","type":"post","link":"https:\/\/agenciainfra.com\/blog\/mario-povia-assume-secretaria-de-portos-piloni-diz-confiar-na-concessao-de-santos-em-2022\/","title":{"rendered":"M\u00e1rio Povia assume Secretaria de Portos. Piloni diz confiar na concess\u00e3o de Santos em 2022"},"content":{"rendered":"\n<p class=\"has-text-align-right\"><strong>Dimmi Amora, da Ag\u00eancia iNFRA<\/strong><\/p>\n\n\n\n<p>O atual diretor de Gest\u00e3o Portu\u00e1ria da Companhia Docas do Rio de Janeiro, M\u00e1rio Povia, ser\u00e1 o novo secret\u00e1rio de Portos e Transportes Aquavi\u00e1rios do Minist\u00e9rio da Infraestrutura. Ele foi nomeado na \u00faltima ter\u00e7a-feira (24), em edi\u00e7\u00e3o extra do Di\u00e1rio Oficial da Uni\u00e3o, no lugar de Diogo Piloni, que pediu para deixar o cargo.<\/p>\n\n\n\n<p>Povia, ex-diretor-geral da ANTAQ (Ag\u00eancia Nacional de Transportes Aquavi\u00e1rios), \u00e9 advogado e tem perfil t\u00e9cnico do setor. Antes de assumir a dire\u00e7\u00e3o-geral, na \u00e9poca com apoiamento pol\u00edtico do ent\u00e3o PMDB, foi superintendente na ag\u00eancia. O nome foi escolha do ministro Marcelo Sampaio.<\/p>\n\n\n\n<p>A sa\u00edda de Piloni estava tratada com Sampaio desde antes de ele assumir o cargo. O ex-secret\u00e1rio, que \u00e9 servidor concursado do Minist\u00e9rio da Economia, decidiu ingressar no setor privado. Ele ainda analisa convites e deve decidir nas pr\u00f3ximas semanas para onde pretende ir, o que passar\u00e1 por avalia\u00e7\u00e3o da Comiss\u00e3o de \u00c9tica P\u00fablica sobre se ele ter\u00e1 ou n\u00e3o que cumprir quarentena.<\/p>\n\n\n\n<p>Piloni estava na \u00e1rea portu\u00e1ria do governo desde o in\u00edcio do projeto de remodela\u00e7\u00e3o do setor, ainda no governo da presidente Dilma Rousseff, em 2012. Foi escolhido pelo ex-ministro Tarc\u00edsio de Freitas para tocar o setor, onde teve autonomia quase que total para tocar os principais projetos do setor, entre eles a mudan\u00e7a no marco legal da cabotagem (BR do Mar), os processos de arrendamento portu\u00e1rio e de desestatiza\u00e7\u00e3o portu\u00e1ria.<\/p>\n\n\n\n<p><strong>Proposta em junho no TCU<\/strong><br>Em conversa com jornalistas na tarde da ter\u00e7a-feira (24), o ex-secret\u00e1rio disse ainda confiar que \u00e9 poss\u00edvel fazer o leil\u00e3o de desestatiza\u00e7\u00e3o do porto de Santos (SP) ainda no atual governo. Confirmou que o envio para o TCU (Tribunal de Contas da Uni\u00e3o) da proposta final da audi\u00eancia p\u00fablica ser\u00e1 feita em junho e que, se for poss\u00edvel a an\u00e1lise em tr\u00eas meses pelo \u00f3rg\u00e3o de controle, o processo poder\u00e1 ter o edital publicado em outubro.<\/p>\n\n\n\n<p>Segundo Piloni, o processo de Santos teria condi\u00e7\u00f5es de ser avaliado pelo TCU nesse prazo \u2013 que \u00e9 incomum no \u00f3rg\u00e3o para esse tipo de processo de elevada complexidade \u2013 porque ele vai chegar mais redondo que os anteriores e tamb\u00e9m do que foi apresentado em audi\u00eancia p\u00fablica.<\/p>\n\n\n\n<p>O processo foi levado \u00e0 consulta popular com pelo menos 44 pontos divergentes entre a proposta apresentada no estudo, coordenado pelo BNDES, e a an\u00e1lise de um grupo de trabalho criado na ANTAQ para avaliar o processo.<\/p>\n\n\n\n<p>Piloni afirmou que essas diverg\u00eancias est\u00e3o sendo pacificadas ao longo do tempo. Para ele, o motivo das diverg\u00eancias foi que o grupo de trabalho n\u00e3o estava acompanhando o processo desde o in\u00edcio e preferiu deixar consignado antes do processo ir \u00e0 consulta as diverg\u00eancias que queriam discutir.<\/p>\n\n\n\n<p><strong>Pedidos do mercado<\/strong><br>Piloni tamb\u00e9m afirmou que h\u00e1 inten\u00e7\u00e3o do governo de aceitar alguns pedidos do mercado que foram apresentados, entre eles os de arrendat\u00e1rios do porto. Segundo ele, a previs\u00e3o de dar prefer\u00eancia a quem j\u00e1 est\u00e1 operando para renovar o contrato de arrendamento com o futuro concession\u00e1rio ser\u00e1 avaliada com um novo mecanismo.<\/p>\n\n\n\n<p>Para alguns tipos de contrato, ainda em avalia\u00e7\u00e3o, a ideia \u00e9 que o arrendat\u00e1rio possa poder fazer uma proposta final, caso o futuro concession\u00e1rio tenha feito uma negocia\u00e7\u00e3o da \u00e1rea com um terceiro.&nbsp;<\/p>\n\n\n\n<p>Segundo Piloni, n\u00e3o h\u00e1 d\u00favidas de que h\u00e1 interesse do setor privado nesse leil\u00e3o, com grupos empresariais j\u00e1 com empresas contratadas estudando o processo. Ele disse tamb\u00e9m confiar que, mesmo numa troca de governo ap\u00f3s a elei\u00e7\u00e3o deste ano, o processo de privatiza\u00e7\u00e3o do principal porto do pa\u00eds continuaria.<\/p>\n\n\n\n<p><strong>CDRJ na lista<\/strong><br>Para ele, isso decorre dos vultosos investimentos previstos tanto para o desenvolvimento portu\u00e1rio como tamb\u00e9m para a cidade de Santos, que n\u00e3o poder\u00e3o ser feitos de outra forma a n\u00e3o ser com a concess\u00e3o do porto. Al\u00e9m disso, segundo ele, o processo \u00e9 na pr\u00e1tica uma concess\u00e3o, j\u00e1 que o bem p\u00fablico segue sendo do estado e ser\u00e1 fiscalizado pela ag\u00eancia.<\/p>\n\n\n\n<p>Piloni afirmou ainda que o governo vai trabalhar para que os outros processos de desestatiza\u00e7\u00e3o portu\u00e1ria, como S\u00e3o Sebasti\u00e3o (aprovado nesta semana pela ANTAQ) e Itaja\u00ed, continuem. E, ainda para a contrata\u00e7\u00e3o de estudos para outras companhias docas que ainda n\u00e3o est\u00e3o qualificadas no PPI (Programa de Parcerias de Investimentos), citando a CDRJ.<\/p>\n","protected":false},"excerpt":{"rendered":"<p>Dimmi Amora, da Ag\u00eancia iNFRA O atual diretor de Gest\u00e3o Portu\u00e1ria da Companhia Docas do Rio de Janeiro, M\u00e1rio Povia, ser\u00e1 o novo secret\u00e1rio de Portos e Transportes Aquavi\u00e1rios do Minist\u00e9rio da Infraestrutura. Ele foi nomeado na \u00faltima ter\u00e7a-feira (24), em edi\u00e7\u00e3o extra do Di\u00e1rio Oficial da Uni\u00e3o, no lugar de Diogo Piloni, que pediu [&hellip;]<\/p>\n","protected":false},"author":1,"featured_media":10445,"comment_status":"closed","ping_status":"closed","sticky":false,"template":"","format":"standard","meta":{"_monsterinsights_skip_tracking":false,"_monsterinsights_sitenote_active":false,"_monsterinsights_sitenote_note":"","_monsterinsights_sitenote_category":0,"footnotes":""},"categories":[1,7],"tags":[86,811,34,408,2056,260,5248,310,1246,18],"class_list":["post-10442","post","type-post","status-publish","format-standard","has-post-thumbnail","hentry","category-geral","category-infratransporte","tag-antaq","tag-diogo-piloni","tag-infraestrutura","tag-mario-povia","tag-porto-de-itajai","tag-porto-de-santos","tag-porto-de-sao-sebastiao","tag-portos","tag-secretaria-de-portos-e-transportes-aquaviarios","tag-tcu"],"yoast_head":"<!-- This site is optimized with the Yoast SEO Premium plugin v25.4 (Yoast SEO v26.0) - https:\/\/yoast.com\/wordpress\/plugins\/seo\/ -->\n<title>M\u00e1rio Povia assume Secretaria de Portos. Piloni diz confiar na concess\u00e3o de Santos em 2022 - Ag\u00eancia iNFRA<\/title>\n<meta name=\"robots\" content=\"index, follow, max-snippet:-1, max-image-preview:large, max-video-preview:-1\" \/>\n<link rel=\"canonical\" href=\"https:\/\/agenciainfra.com\/blog\/mario-povia-assume-secretaria-de-portos-piloni-diz-confiar-na-concessao-de-santos-em-2022\/\" \/>\n<meta property=\"og:locale\" content=\"pt_BR\" \/>\n<meta property=\"og:type\" content=\"article\" \/>\n<meta property=\"og:title\" content=\"M\u00e1rio Povia assume Secretaria de Portos. Piloni diz confiar na concess\u00e3o de Santos em 2022\" \/>\n<meta property=\"og:description\" content=\"Dimmi Amora, da Ag\u00eancia iNFRA O atual diretor de Gest\u00e3o Portu\u00e1ria da Companhia Docas do Rio de Janeiro, M\u00e1rio Povia, ser\u00e1 o novo secret\u00e1rio de Portos e Transportes Aquavi\u00e1rios do Minist\u00e9rio da Infraestrutura. Ele foi nomeado na \u00faltima ter\u00e7a-feira (24), em edi\u00e7\u00e3o extra do Di\u00e1rio Oficial da Uni\u00e3o, no lugar de Diogo Piloni, que pediu [&hellip;]\" \/>\n<meta property=\"og:url\" content=\"https:\/\/agenciainfra.com\/blog\/mario-povia-assume-secretaria-de-portos-piloni-diz-confiar-na-concessao-de-santos-em-2022\/\" \/>\n<meta property=\"og:site_name\" content=\"Ag\u00eancia iNFRA\" \/>\n<meta property=\"article:publisher\" content=\"https:\/\/www.facebook.com\/ageninfra\" \/>\n<meta property=\"article:published_time\" content=\"2022-05-27T12:00:00+00:00\" \/>\n<meta property=\"og:image\" content=\"https:\/\/agenciainfra.com\/blog\/wp-content\/uploads\/2022\/05\/mario-povia-foto-marcos-oliveira-agencia-senado.jpg\" \/>\n\t<meta property=\"og:image:width\" content=\"1300\" \/>\n\t<meta property=\"og:image:height\" content=\"1020\" \/>\n\t<meta property=\"og:image:type\" content=\"image\/jpeg\" \/>\n<meta name=\"author\" content=\"Ag\u00eancia iNFRA\" \/>\n<meta name=\"twitter:card\" content=\"summary_large_image\" \/>\n<meta name=\"twitter:creator\" content=\"@agencia_infra\" \/>\n<meta name=\"twitter:site\" content=\"@agencia_infra\" \/>\n<meta name=\"twitter:label1\" content=\"Escrito por\" \/>\n\t<meta name=\"twitter:data1\" content=\"Ag\u00eancia iNFRA\" \/>\n\t<meta name=\"twitter:label2\" content=\"Est. tempo de leitura\" \/>\n\t<meta name=\"twitter:data2\" content=\"4 minutos\" \/>\n<script type=\"application\/ld+json\" class=\"yoast-schema-graph\">{\"@context\":\"https:\/\/schema.org\",\"@graph\":[{\"@type\":\"Article\",\"@id\":\"https:\/\/agenciainfra.com\/blog\/mario-povia-assume-secretaria-de-portos-piloni-diz-confiar-na-concessao-de-santos-em-2022\/#article\",\"isPartOf\":{\"@id\":\"https:\/\/agenciainfra.com\/blog\/mario-povia-assume-secretaria-de-portos-piloni-diz-confiar-na-concessao-de-santos-em-2022\/\"},\"author\":{\"name\":\"Ag\u00eancia iNFRA\",\"@id\":\"https:\/\/agenciainfra.com\/blog\/#\/schema\/person\/34af08dff6adea4cb22b06612ba7acfa\"},\"headline\":\"M\u00e1rio Povia assume Secretaria de Portos. Piloni diz confiar na concess\u00e3o de Santos em 2022\",\"datePublished\":\"2022-05-27T12:00:00+00:00\",\"mainEntityOfPage\":{\"@id\":\"https:\/\/agenciainfra.com\/blog\/mario-povia-assume-secretaria-de-portos-piloni-diz-confiar-na-concessao-de-santos-em-2022\/\"},\"wordCount\":798,\"publisher\":{\"@id\":\"https:\/\/agenciainfra.com\/blog\/#organization\"},\"image\":{\"@id\":\"https:\/\/agenciainfra.com\/blog\/mario-povia-assume-secretaria-de-portos-piloni-diz-confiar-na-concessao-de-santos-em-2022\/#primaryimage\"},\"thumbnailUrl\":\"https:\/\/agenciainfra.com\/blog\/wp-content\/uploads\/2022\/05\/mario-povia-foto-marcos-oliveira-agencia-senado.jpg\",\"keywords\":[\"ANTAQ\",\"Diogo Piloni\",\"Infraestrutura\",\"M\u00e1rio Povia\",\"Porto de Itaja\u00ed\",\"Porto de Santos\",\"Porto de S\u00e3o Sebasti\u00e3o\",\"portos\",\"Secretaria de Portos e Transportes Aquavi\u00e1rios\",\"TCU\"],\"articleSection\":[\"Geral\",\"iNFRATransporte\"],\"inLanguage\":\"pt-BR\",\"copyrightYear\":\"2022\",\"copyrightHolder\":{\"@id\":\"https:\/\/agenciainfra.com\/blog\/#organization\"}},{\"@type\":\"WebPage\",\"@id\":\"https:\/\/agenciainfra.com\/blog\/mario-povia-assume-secretaria-de-portos-piloni-diz-confiar-na-concessao-de-santos-em-2022\/\",\"url\":\"https:\/\/agenciainfra.com\/blog\/mario-povia-assume-secretaria-de-portos-piloni-diz-confiar-na-concessao-de-santos-em-2022\/\",\"name\":\"M\u00e1rio Povia assume Secretaria de Portos. Piloni diz confiar na concess\u00e3o de Santos em 2022 - Ag\u00eancia iNFRA\",\"isPartOf\":{\"@id\":\"https:\/\/agenciainfra.com\/blog\/#website\"},\"primaryImageOfPage\":{\"@id\":\"https:\/\/agenciainfra.com\/blog\/mario-povia-assume-secretaria-de-portos-piloni-diz-confiar-na-concessao-de-santos-em-2022\/#primaryimage\"},\"image\":{\"@id\":\"https:\/\/agenciainfra.com\/blog\/mario-povia-assume-secretaria-de-portos-piloni-diz-confiar-na-concessao-de-santos-em-2022\/#primaryimage\"},\"thumbnailUrl\":\"https:\/\/agenciainfra.com\/blog\/wp-content\/uploads\/2022\/05\/mario-povia-foto-marcos-oliveira-agencia-senado.jpg\",\"datePublished\":\"2022-05-27T12:00:00+00:00\",\"breadcrumb\":{\"@id\":\"https:\/\/agenciainfra.com\/blog\/mario-povia-assume-secretaria-de-portos-piloni-diz-confiar-na-concessao-de-santos-em-2022\/#breadcrumb\"},\"inLanguage\":\"pt-BR\",\"potentialAction\":[{\"@type\":\"ReadAction\",\"target\":[\"https:\/\/agenciainfra.com\/blog\/mario-povia-assume-secretaria-de-portos-piloni-diz-confiar-na-concessao-de-santos-em-2022\/\"]}]},{\"@type\":\"ImageObject\",\"inLanguage\":\"pt-BR\",\"@id\":\"https:\/\/agenciainfra.com\/blog\/mario-povia-assume-secretaria-de-portos-piloni-diz-confiar-na-concessao-de-santos-em-2022\/#primaryimage\",\"url\":\"https:\/\/agenciainfra.com\/blog\/wp-content\/uploads\/2022\/05\/mario-povia-foto-marcos-oliveira-agencia-senado.jpg\",\"contentUrl\":\"https:\/\/agenciainfra.com\/blog\/wp-content\/uploads\/2022\/05\/mario-povia-foto-marcos-oliveira-agencia-senado.jpg\",\"width\":1300,\"height\":1020},{\"@type\":\"BreadcrumbList\",\"@id\":\"https:\/\/agenciainfra.com\/blog\/mario-povia-assume-secretaria-de-portos-piloni-diz-confiar-na-concessao-de-santos-em-2022\/#breadcrumb\",\"itemListElement\":[{\"@type\":\"ListItem\",\"position\":1,\"name\":\"In\u00edcio\",\"item\":\"https:\/\/agenciainfra.com\/blog\/\"},{\"@type\":\"ListItem\",\"position\":2,\"name\":\"M\u00e1rio Povia assume Secretaria de Portos. Piloni diz confiar na concess\u00e3o de Santos em 2022\"}]},{\"@type\":\"WebSite\",\"@id\":\"https:\/\/agenciainfra.com\/blog\/#website\",\"url\":\"https:\/\/agenciainfra.com\/blog\/\",\"name\":\"Ag\u00eancia iNFRA\",\"description\":\"Multiplataforma de informa\u00e7\u00e3o jornal\u00edstica refer\u00eancia na \u00e1rea de infraestrutura no Brasil!\",\"publisher\":{\"@id\":\"https:\/\/agenciainfra.com\/blog\/#organization\"},\"potentialAction\":[{\"@type\":\"SearchAction\",\"target\":{\"@type\":\"EntryPoint\",\"urlTemplate\":\"https:\/\/agenciainfra.com\/blog\/?s={search_term_string}\"},\"query-input\":{\"@type\":\"PropertyValueSpecification\",\"valueRequired\":true,\"valueName\":\"search_term_string\"}}],\"inLanguage\":\"pt-BR\"},{\"@type\":\"Organization\",\"@id\":\"https:\/\/agenciainfra.com\/blog\/#organization\",\"name\":\"Ag\u00eancia iNFRA\",\"url\":\"https:\/\/agenciainfra.com\/blog\/\",\"logo\":{\"@type\":\"ImageObject\",\"inLanguage\":\"pt-BR\",\"@id\":\"https:\/\/agenciainfra.com\/blog\/#\/schema\/logo\/image\/\",\"url\":\"https:\/\/agenciainfra.com\/blog\/wp-content\/uploads\/2023\/09\/iNFRA_5-e1761735885940.png\",\"contentUrl\":\"https:\/\/agenciainfra.com\/blog\/wp-content\/uploads\/2023\/09\/iNFRA_5-e1761735885940.png\",\"width\":1672,\"height\":454,\"caption\":\"Ag\u00eancia iNFRA\"},\"image\":{\"@id\":\"https:\/\/agenciainfra.com\/blog\/#\/schema\/logo\/image\/\"},\"sameAs\":[\"https:\/\/www.facebook.com\/ageninfra\",\"https:\/\/x.com\/agencia_infra\",\"https:\/\/www.linkedin.com\/company\/ag\u00eanciainfra\/\",\"https:\/\/www.instagram.com\/agenciainfra\/\"]},{\"@type\":\"Person\",\"@id\":\"https:\/\/agenciainfra.com\/blog\/#\/schema\/person\/34af08dff6adea4cb22b06612ba7acfa\",\"name\":\"Ag\u00eancia iNFRA\",\"image\":{\"@type\":\"ImageObject\",\"inLanguage\":\"pt-BR\",\"@id\":\"https:\/\/agenciainfra.com\/blog\/#\/schema\/person\/image\/\",\"url\":\"https:\/\/secure.gravatar.com\/avatar\/d189e01678f06d8eb84d4e01f08eb848b3fffe3f8443818d3c356c66892f5be8?s=96&d=mm&r=g\",\"contentUrl\":\"https:\/\/secure.gravatar.com\/avatar\/d189e01678f06d8eb84d4e01f08eb848b3fffe3f8443818d3c356c66892f5be8?s=96&d=mm&r=g\",\"caption\":\"Ag\u00eancia iNFRA\"},\"url\":\"https:\/\/agenciainfra.com\/blog\/author\/admin\/\"}]}<\/script>\n<!-- \/ Yoast SEO Premium plugin. -->","yoast_head_json":{"title":"M\u00e1rio Povia assume Secretaria de Portos. Piloni diz confiar na concess\u00e3o de Santos em 2022 - Ag\u00eancia iNFRA","robots":{"index":"index","follow":"follow","max-snippet":"max-snippet:-1","max-image-preview":"max-image-preview:large","max-video-preview":"max-video-preview:-1"},"canonical":"https:\/\/agenciainfra.com\/blog\/mario-povia-assume-secretaria-de-portos-piloni-diz-confiar-na-concessao-de-santos-em-2022\/","og_locale":"pt_BR","og_type":"article","og_title":"M\u00e1rio Povia assume Secretaria de Portos. Piloni diz confiar na concess\u00e3o de Santos em 2022","og_description":"Dimmi Amora, da Ag\u00eancia iNFRA O atual diretor de Gest\u00e3o Portu\u00e1ria da Companhia Docas do Rio de Janeiro, M\u00e1rio Povia, ser\u00e1 o novo secret\u00e1rio de Portos e Transportes Aquavi\u00e1rios do Minist\u00e9rio da Infraestrutura. Ele foi nomeado na \u00faltima ter\u00e7a-feira (24), em edi\u00e7\u00e3o extra do Di\u00e1rio Oficial da Uni\u00e3o, no lugar de Diogo Piloni, que pediu [&hellip;]","og_url":"https:\/\/agenciainfra.com\/blog\/mario-povia-assume-secretaria-de-portos-piloni-diz-confiar-na-concessao-de-santos-em-2022\/","og_site_name":"Ag\u00eancia iNFRA","article_publisher":"https:\/\/www.facebook.com\/ageninfra","article_published_time":"2022-05-27T12:00:00+00:00","og_image":[{"width":1300,"height":1020,"url":"https:\/\/agenciainfra.com\/blog\/wp-content\/uploads\/2022\/05\/mario-povia-foto-marcos-oliveira-agencia-senado.jpg","type":"image\/jpeg"}],"author":"Ag\u00eancia iNFRA","twitter_card":"summary_large_image","twitter_creator":"@agencia_infra","twitter_site":"@agencia_infra","twitter_misc":{"Escrito por":"Ag\u00eancia iNFRA","Est. tempo de leitura":"4 minutos"},"schema":{"@context":"https:\/\/schema.org","@graph":[{"@type":"Article","@id":"https:\/\/agenciainfra.com\/blog\/mario-povia-assume-secretaria-de-portos-piloni-diz-confiar-na-concessao-de-santos-em-2022\/#article","isPartOf":{"@id":"https:\/\/agenciainfra.com\/blog\/mario-povia-assume-secretaria-de-portos-piloni-diz-confiar-na-concessao-de-santos-em-2022\/"},"author":{"name":"Ag\u00eancia iNFRA","@id":"https:\/\/agenciainfra.com\/blog\/#\/schema\/person\/34af08dff6adea4cb22b06612ba7acfa"},"headline":"M\u00e1rio Povia assume Secretaria de Portos. Piloni diz confiar na concess\u00e3o de Santos em 2022","datePublished":"2022-05-27T12:00:00+00:00","mainEntityOfPage":{"@id":"https:\/\/agenciainfra.com\/blog\/mario-povia-assume-secretaria-de-portos-piloni-diz-confiar-na-concessao-de-santos-em-2022\/"},"wordCount":798,"publisher":{"@id":"https:\/\/agenciainfra.com\/blog\/#organization"},"image":{"@id":"https:\/\/agenciainfra.com\/blog\/mario-povia-assume-secretaria-de-portos-piloni-diz-confiar-na-concessao-de-santos-em-2022\/#primaryimage"},"thumbnailUrl":"https:\/\/agenciainfra.com\/blog\/wp-content\/uploads\/2022\/05\/mario-povia-foto-marcos-oliveira-agencia-senado.jpg","keywords":["ANTAQ","Diogo Piloni","Infraestrutura","M\u00e1rio Povia","Porto de Itaja\u00ed","Porto de Santos","Porto de S\u00e3o Sebasti\u00e3o","portos","Secretaria de Portos e Transportes Aquavi\u00e1rios","TCU"],"articleSection":["Geral","iNFRATransporte"],"inLanguage":"pt-BR","copyrightYear":"2022","copyrightHolder":{"@id":"https:\/\/agenciainfra.com\/blog\/#organization"}},{"@type":"WebPage","@id":"https:\/\/agenciainfra.com\/blog\/mario-povia-assume-secretaria-de-portos-piloni-diz-confiar-na-concessao-de-santos-em-2022\/","url":"https:\/\/agenciainfra.com\/blog\/mario-povia-assume-secretaria-de-portos-piloni-diz-confiar-na-concessao-de-santos-em-2022\/","name":"M\u00e1rio Povia assume Secretaria de Portos. Piloni diz confiar na concess\u00e3o de Santos em 2022 - Ag\u00eancia iNFRA","isPartOf":{"@id":"https:\/\/agenciainfra.com\/blog\/#website"},"primaryImageOfPage":{"@id":"https:\/\/agenciainfra.com\/blog\/mario-povia-assume-secretaria-de-portos-piloni-diz-confiar-na-concessao-de-santos-em-2022\/#primaryimage"},"image":{"@id":"https:\/\/agenciainfra.com\/blog\/mario-povia-assume-secretaria-de-portos-piloni-diz-confiar-na-concessao-de-santos-em-2022\/#primaryimage"},"thumbnailUrl":"https:\/\/agenciainfra.com\/blog\/wp-content\/uploads\/2022\/05\/mario-povia-foto-marcos-oliveira-agencia-senado.jpg","datePublished":"2022-05-27T12:00:00+00:00","breadcrumb":{"@id":"https:\/\/agenciainfra.com\/blog\/mario-povia-assume-secretaria-de-portos-piloni-diz-confiar-na-concessao-de-santos-em-2022\/#breadcrumb"},"inLanguage":"pt-BR","potentialAction":[{"@type":"ReadAction","target":["https:\/\/agenciainfra.com\/blog\/mario-povia-assume-secretaria-de-portos-piloni-diz-confiar-na-concessao-de-santos-em-2022\/"]}]},{"@type":"ImageObject","inLanguage":"pt-BR","@id":"https:\/\/agenciainfra.com\/blog\/mario-povia-assume-secretaria-de-portos-piloni-diz-confiar-na-concessao-de-santos-em-2022\/#primaryimage","url":"https:\/\/agenciainfra.com\/blog\/wp-content\/uploads\/2022\/05\/mario-povia-foto-marcos-oliveira-agencia-senado.jpg","contentUrl":"https:\/\/agenciainfra.com\/blog\/wp-content\/uploads\/2022\/05\/mario-povia-foto-marcos-oliveira-agencia-senado.jpg","width":1300,"height":1020},{"@type":"BreadcrumbList","@id":"https:\/\/agenciainfra.com\/blog\/mario-povia-assume-secretaria-de-portos-piloni-diz-confiar-na-concessao-de-santos-em-2022\/#breadcrumb","itemListElement":[{"@type":"ListItem","position":1,"name":"In\u00edcio","item":"https:\/\/agenciainfra.com\/blog\/"},{"@type":"ListItem","position":2,"name":"M\u00e1rio Povia assume Secretaria de Portos. Piloni diz confiar na concess\u00e3o de Santos em 2022"}]},{"@type":"WebSite","@id":"https:\/\/agenciainfra.com\/blog\/#website","url":"https:\/\/agenciainfra.com\/blog\/","name":"Ag\u00eancia iNFRA","description":"Multiplataforma de informa\u00e7\u00e3o jornal\u00edstica refer\u00eancia na \u00e1rea de infraestrutura no Brasil!","publisher":{"@id":"https:\/\/agenciainfra.com\/blog\/#organization"},"potentialAction":[{"@type":"SearchAction","target":{"@type":"EntryPoint","urlTemplate":"https:\/\/agenciainfra.com\/blog\/?s={search_term_string}"},"query-input":{"@type":"PropertyValueSpecification","valueRequired":true,"valueName":"search_term_string"}}],"inLanguage":"pt-BR"},{"@type":"Organization","@id":"https:\/\/agenciainfra.com\/blog\/#organization","name":"Ag\u00eancia iNFRA","url":"https:\/\/agenciainfra.com\/blog\/","logo":{"@type":"ImageObject","inLanguage":"pt-BR","@id":"https:\/\/agenciainfra.com\/blog\/#\/schema\/logo\/image\/","url":"https:\/\/agenciainfra.com\/blog\/wp-content\/uploads\/2023\/09\/iNFRA_5-e1761735885940.png","contentUrl":"https:\/\/agenciainfra.com\/blog\/wp-content\/uploads\/2023\/09\/iNFRA_5-e1761735885940.png","width":1672,"height":454,"caption":"Ag\u00eancia iNFRA"},"image":{"@id":"https:\/\/agenciainfra.com\/blog\/#\/schema\/logo\/image\/"},"sameAs":["https:\/\/www.facebook.com\/ageninfra","https:\/\/x.com\/agencia_infra","https:\/\/www.linkedin.com\/company\/ag\u00eanciainfra\/","https:\/\/www.instagram.com\/agenciainfra\/"]},{"@type":"Person","@id":"https:\/\/agenciainfra.com\/blog\/#\/schema\/person\/34af08dff6adea4cb22b06612ba7acfa","name":"Ag\u00eancia iNFRA","image":{"@type":"ImageObject","inLanguage":"pt-BR","@id":"https:\/\/agenciainfra.com\/blog\/#\/schema\/person\/image\/","url":"https:\/\/secure.gravatar.com\/avatar\/d189e01678f06d8eb84d4e01f08eb848b3fffe3f8443818d3c356c66892f5be8?s=96&d=mm&r=g","contentUrl":"https:\/\/secure.gravatar.com\/avatar\/d189e01678f06d8eb84d4e01f08eb848b3fffe3f8443818d3c356c66892f5be8?s=96&d=mm&r=g","caption":"Ag\u00eancia iNFRA"},"url":"https:\/\/agenciainfra.com\/blog\/author\/admin\/"}]}},"_links":{"self":[{"href":"https:\/\/agenciainfra.com\/blog\/wp-json\/wp\/v2\/posts\/10442","targetHints":{"allow":["GET"]}}],"collection":[{"href":"https:\/\/agenciainfra.com\/blog\/wp-json\/wp\/v2\/posts"}],"about":[{"href":"https:\/\/agenciainfra.com\/blog\/wp-json\/wp\/v2\/types\/post"}],"author":[{"embeddable":true,"href":"https:\/\/agenciainfra.com\/blog\/wp-json\/wp\/v2\/users\/1"}],"replies":[{"embeddable":true,"href":"https:\/\/agenciainfra.com\/blog\/wp-json\/wp\/v2\/comments?post=10442"}],"version-history":[{"count":0,"href":"https:\/\/agenciainfra.com\/blog\/wp-json\/wp\/v2\/posts\/10442\/revisions"}],"wp:featuredmedia":[{"embeddable":true,"href":"https:\/\/agenciainfra.com\/blog\/wp-json\/wp\/v2\/media\/10445"}],"wp:attachment":[{"href":"https:\/\/agenciainfra.com\/blog\/wp-json\/wp\/v2\/media?parent=10442"}],"wp:term":[{"taxonomy":"category","embeddable":true,"href":"https:\/\/agenciainfra.com\/blog\/wp-json\/wp\/v2\/categories?post=10442"},{"taxonomy":"post_tag","embeddable":true,"href":"https:\/\/agenciainfra.com\/blog\/wp-json\/wp\/v2\/tags?post=10442"}],"curies":[{"name":"wp","href":"https:\/\/api.w.org\/{rel}","templated":true}]}}