{"id":10470,"date":"2022-05-30T09:00:00","date_gmt":"2022-05-30T12:00:00","guid":{"rendered":"https:\/\/www.agenciainfra.com\/blog\/?p=10470"},"modified":"2022-05-27T12:28:24","modified_gmt":"2022-05-27T15:28:24","slug":"antaq-nao-deve-barrar-mais-empresas-no-leilao-do-sts10-defende-superintendente","status":"publish","type":"post","link":"https:\/\/agenciainfra.com\/blog\/antaq-nao-deve-barrar-mais-empresas-no-leilao-do-sts10-defende-superintendente\/","title":{"rendered":"ANTAQ n\u00e3o deve barrar mais empresas no leil\u00e3o do STS10, defende superintendente"},"content":{"rendered":"\n<p class=\"has-text-align-right\"><strong>Jenifer Ribeiro, da Ag\u00eancia iNFRA<\/strong><\/p>\n\n\n\n<p>O superintendente de Regula\u00e7\u00e3o da ANTAQ (Ag\u00eancia Nacional de Transporte Aquavi\u00e1rio),&nbsp;Bruno Pinheiro, defendeu que n\u00e3o se pode&nbsp;proibir a participa\u00e7\u00e3o de players no leil\u00e3o do STS10, novo terminal de cont\u00eaineres no Porto de Santos (SP),&nbsp;por problemas concorrenciais que podem acontecer no futuro.<\/p>\n\n\n\n<p>Ele defendeu que a ag\u00eancia tem ferramental &#8220;bastante evolu\u00eddo&#8221; para coibir problemas que venham a acontecer ap\u00f3s a licita\u00e7\u00e3o, que para ele ser\u00e1 prejudicada pela menor competi\u00e7\u00e3o se houver mais restri\u00e7\u00f5es que as j\u00e1 impostas.&nbsp;<\/p>\n\n\n\n<p>&#8220;Talvez h\u00e1 dez anos&nbsp;a ANTAQ estivesse preparada para um desafio desses? Talvez n\u00e3o. Hoje eu posso falar, com certeza, sim&#8221;, disse Pinheiro, durante o evento &#8220;Di\u00e1logo P\u00fablico: An\u00e1lise concorrencial no setor portu\u00e1rio&#8221;, que tratou da competitividade nas licita\u00e7\u00f5es de arrendamentos portu\u00e1rios, promovido pelo TCU (Tribunal de Contas da Uni\u00e3o). A \u00edntegra do encontro est\u00e1 dispon\u00edvel&nbsp;<a href=\"https:\/\/agenciainfra.us14.list-manage.com\/track\/click?u=d460dd1bcf9ba0ae040e1fc0f&amp;id=61d7c6777d&amp;e=3cd2fde004\" target=\"_blank\" rel=\"noreferrer noopener\">neste link<\/a>.<\/p>\n\n\n\n<p>F\u00e1bio Lavor, diretor da Secretaria Nacional de Portos e Transportes Aquavi\u00e1rios do Minist\u00e9rio da Infraestrutura, tamb\u00e9m entendeu que n\u00e3o h\u00e1 necessidade de maior interven\u00e7\u00e3o antes, o que vai&nbsp;trazer problemas \u00e0 competitividade do leil\u00e3o.<\/p>\n\n\n\n<p>\u201cNa d\u00favida, \u00e9 muito mais f\u00e1cil criar um vi\u00e9s desnecess\u00e1rio [&#8230;] e esse vi\u00e9s artificial que eu criei pode ser mais danoso para aquele caso concreto&#8221;, explicou Lavor, ressaltando que, quando os problemas concorrenciais futuros s\u00e3o de fato comprovados antes do leil\u00e3o, a pasta toma provid\u00eancias restritivas, como j\u00e1 fez em outros casos de arrendamentos portu\u00e1rios.<\/p>\n\n\n\n<p>Nesse sentido, a superintendente adjunta do Cade (Conselho Administrativo de Defesa Econ\u00f4mica), Patricia Alessandra, explicou que a restri\u00e7\u00e3o de players pode eliminar cons\u00f3rcios que poderiam ser \u201cmais eficientes na opera\u00e7\u00e3o do STS10\u201d.&nbsp;<\/p>\n\n\n\n<p><strong>Arrendamento STS10&nbsp;<\/strong><br>O STS10 ser\u00e1&nbsp;o maior terminal de cont\u00eaineres j\u00e1 licitado no pa\u00eds. A proposta da ANTAQ para essa concorr\u00eancia est\u00e1 em consulta p\u00fablica at\u00e9 31 de maio.&nbsp;O terminal deve ocupar 600 mil&nbsp;m\u00b2.&nbsp;A estimativa \u00e9 que o novo espa\u00e7o movimente 2 milh\u00f5es de TEUs\/ano.&nbsp;Todo o Porto de Santos movimentou 4,8 milh\u00f5es de TEUs em 2021. A previs\u00e3o de investimento \u00e9 de R$ 3,29 bilh\u00f5es ao longo de 25 anos.<\/p>\n\n\n\n<p>A proposta do governo para essa concorr\u00eancia \u00e9 restringir a participa\u00e7\u00e3o da BTP (Brasil Terminal Portu\u00e1rio) \u2013 controlada pela TiL (Terminal Investment Limited), do grupo Maersk, e pela APM Terminals, do grupo MSC. \u00c9 uma tentativa de reduzir problemas concorrenciais causados&nbsp;pela verticaliza\u00e7\u00e3o dos armadores de cont\u00eaineres.<\/p>\n\n\n\n<p>Pinheiro, superintendente da ANTAQ,&nbsp;disse que essa preocupa\u00e7\u00e3o do governo \u00e9 &#8220;v\u00e1lida&#8221; porque, de fato, o novo terminal seria capaz de atender a toda a demanda desses&nbsp;dois armadores, o que hoje o BTP n\u00e3o consegue fazer por falta de espa\u00e7o.<\/p>\n\n\n\n<p>Mas as empresas que controlam o BTP, os armadores Maersk e MSC e suas subsidi\u00e1rias, podem concorrer separadamente ao STS10, pela proposta que est\u00e1 apresentada e que ainda pode sofrer mudan\u00e7as. Empresas concorrentes querem que haja maior restri\u00e7\u00e3o aos grupos ligados a armadores nessa disputa, o que tamb\u00e9m est\u00e1 sendo defendido pelo Minist\u00e9rio da Economia.<\/p>\n\n\n\n<p>O subsecret\u00e1rio de Advocacia da Concorr\u00eancia da Seae (Secretaria de Advocacia da Concorr\u00eancia e Competitividade), Andrei de Freitas, apresentou, ao longo do evento do TCU, sugest\u00f5es de mudan\u00e7as para o edital de arrendamento, propostas numa nota t\u00e9cnica do \u00f3rg\u00e3o sobre a licita\u00e7\u00e3o, dispon\u00edvel\u00a0<a rel=\"noreferrer noopener\" href=\"https:\/\/agenciainfra.us14.list-manage.com\/track\/click?u=d460dd1bcf9ba0ae040e1fc0f&amp;id=fd29b5d840&amp;e=3cd2fde004\" target=\"_blank\">neste link<\/a>.<\/p>\n\n\n\n<p>S\u00e3o elas: prorrogar por no m\u00e1ximo cinco anos a concess\u00e3o em vez dos 45 anos poss\u00edveis a fim de estimular a concorr\u00eancia; realizar um certame escalonado; e colocar como crit\u00e9rio de julgamento do leil\u00e3o t\u00f3picos que estimulem a concorr\u00eancia. Lavor disse que esses pontos causam \u201cpreocupa\u00e7\u00e3o\u201d na Secretaria de Portos do Minist\u00e9rio.<\/p>\n\n\n\n<p><strong>Pr\u00e1ticas anticoncorrenciais<\/strong><br>Embora defendam n\u00e3o haver problemas na&nbsp;verticaliza\u00e7\u00e3o em si, os representantes da ABTP (Associa\u00e7\u00e3o Brasileira dos Terminais Portu\u00e1rios) e da Abtra (Associa\u00e7\u00e3o Brasileira de Terminais e Recintos Alfandegados) presentes no evento desaprovam pr\u00e1ticas anticoncorrenciais associadas a esse modelo.<\/p>\n\n\n\n<p>Para Angelino Caputo, diretor-executivo da Abtra, estudos elaborados pela associa\u00e7\u00e3o comprovam a pr\u00e1tica de self preferencing por parte de grandes armadores verticalizados e apontam que, se um grupo verticalizado ganhar o arrendamento do STS10, existe o risco de outros terminais do Porto de Santos ficarem com n\u00edveis de movimenta\u00e7\u00e3o abaixo do m\u00ednimo necess\u00e1rio.<\/p>\n\n\n\n<p>Atualmente o Cade est\u00e1 investigando, a pedido da Abtra, se o governo deve ou n\u00e3o limitar a participa\u00e7\u00e3o de armadores como operadores de cont\u00eaineres no Porto de Santos no arrendamento do STS10.<\/p>\n\n\n\n<p>Por sua vez, o presidente da ABTP, Jesualdo Silva, explicou que o objetivo do debate \u00e9 combater o \u201cabuso do poder econ\u00f4mico\u201d em verticaliza\u00e7\u00f5es e disse que \u00e9 necess\u00e1rio encontrar solu\u00e7\u00f5es antes do leil\u00e3o do STS10.<\/p>\n\n\n\n<p>Al\u00e9m disso, afirmou que estudos da associa\u00e7\u00e3o identificaram pr\u00e1ticas anticoncorrenciais por parte dos maiores armadores do mercado brasileiro, como: intensifica\u00e7\u00e3o de omiss\u00f5es ou cancelamentos de escala de navios em terminais independentes; discrimina\u00e7\u00e3o de pre\u00e7o e condi\u00e7\u00f5es de frete em beneficios dos terminais pr\u00f3prios; negativa de oferta de espa\u00e7o em navios e\/ou cont\u00eaineres para carregamentos em portos e terminais independentes; e defini\u00e7\u00e3o dos terminais que recebem as cargas para os pr\u00f3prios terminais.&nbsp;<\/p>\n\n\n\n<p><strong>Maior concorr\u00eancia<\/strong><br>J\u00e1 para Cl\u00e1udio Loureiro,&nbsp;diretor-executivo do&nbsp;Centronave, que representa os armadores, existe &#8220;um erro de premissa&#8221; nos estudos apresentados pela ABTP e pela Abtra. Para ele, o hist\u00f3rico da verticaliza\u00e7\u00e3o n\u00e3o \u00e9 levado em considera\u00e7\u00e3o. Al\u00e9m disso, Loureiro n\u00e3o reconhece o self preferencing e justifica: \u201cParece \u00f3bvio, se eu caso com uma pessoa, eu vou dar prefer\u00eancia a ela. N\u00e3o tem porque ser diferente, [&#8230;] isso d\u00e1 valor \u00e0&nbsp;opera\u00e7\u00e3o\u201d.<\/p>\n\n\n\n<p>O consultor de engenharia e ex-secret\u00e1rio de Portos Luis Claudio Montenegro afirmou que a integra\u00e7\u00e3o entre armadores e operadores de cont\u00eaineres tem demonstrado melhorias para o setor, lembrando ainda que essa tem sido uma tend\u00eancia mundial.<\/p>\n\n\n\n<p>Ele lembrou que os maiores problemas a serem combatidos s\u00e3o as restri\u00e7\u00f5es de capacidade dos operadores, o que para ele j\u00e1 ocorre em Santos na \u00e1rea de cont\u00eaineres e tende a se agravar sem a licita\u00e7\u00e3o do STS10. Ele defendeu que n\u00e3o deve haver maiores restri\u00e7\u00f5es na competi\u00e7\u00e3o do STS10, apontando que os estudos n\u00e3o indicam que haver\u00e1 uma concentra\u00e7\u00e3o de mercado p\u00f3s-leil\u00e3o que justifique tal medida.<\/p>\n","protected":false},"excerpt":{"rendered":"<p>Jenifer Ribeiro, da Ag\u00eancia iNFRA O superintendente de Regula\u00e7\u00e3o da ANTAQ (Ag\u00eancia Nacional de Transporte Aquavi\u00e1rio),&nbsp;Bruno Pinheiro, defendeu que n\u00e3o se pode&nbsp;proibir a participa\u00e7\u00e3o de players no leil\u00e3o do STS10, novo terminal de cont\u00eaineres no Porto de Santos (SP),&nbsp;por problemas concorrenciais que podem acontecer no futuro. Ele defendeu que a ag\u00eancia tem ferramental &#8220;bastante evolu\u00eddo&#8221; [&hellip;]<\/p>\n","protected":false},"author":1,"featured_media":8912,"comment_status":"closed","ping_status":"closed","sticky":false,"template":"","format":"standard","meta":{"_monsterinsights_skip_tracking":false,"_monsterinsights_sitenote_active":false,"_monsterinsights_sitenote_note":"","_monsterinsights_sitenote_category":0,"footnotes":""},"categories":[1,7],"tags":[86,1447,5402,775,310,1246,4101,18,1634,816],"class_list":["post-10470","post","type-post","status-publish","format-standard","has-post-thumbnail","hentry","category-geral","category-infratransporte","tag-antaq","tag-bruno-pinheiro","tag-leilao-do-sts10","tag-ministerio-da-infraestrutura","tag-portos","tag-secretaria-de-portos-e-transportes-aquaviarios","tag-sts10","tag-tcu","tag-terminal-de-conteineres","tag-transporte-aquaviario"],"yoast_head":"<!-- This site is optimized with the Yoast SEO Premium plugin v25.4 (Yoast SEO v26.0) - https:\/\/yoast.com\/wordpress\/plugins\/seo\/ -->\n<title>ANTAQ n\u00e3o deve barrar mais empresas no leil\u00e3o do STS10, defende superintendente - Ag\u00eancia iNFRA<\/title>\n<meta name=\"robots\" content=\"index, follow, max-snippet:-1, max-image-preview:large, max-video-preview:-1\" \/>\n<link rel=\"canonical\" href=\"https:\/\/agenciainfra.com\/blog\/antaq-nao-deve-barrar-mais-empresas-no-leilao-do-sts10-defende-superintendente\/\" \/>\n<meta property=\"og:locale\" content=\"pt_BR\" \/>\n<meta property=\"og:type\" content=\"article\" \/>\n<meta property=\"og:title\" content=\"ANTAQ n\u00e3o deve barrar mais empresas no leil\u00e3o do STS10, defende superintendente\" \/>\n<meta property=\"og:description\" content=\"Jenifer Ribeiro, da Ag\u00eancia iNFRA O superintendente de Regula\u00e7\u00e3o da ANTAQ (Ag\u00eancia Nacional de Transporte Aquavi\u00e1rio),&nbsp;Bruno Pinheiro, defendeu que n\u00e3o se pode&nbsp;proibir a participa\u00e7\u00e3o de players no leil\u00e3o do STS10, novo terminal de cont\u00eaineres no Porto de Santos (SP),&nbsp;por problemas concorrenciais que podem acontecer no futuro. Ele defendeu que a ag\u00eancia tem ferramental &#8220;bastante evolu\u00eddo&#8221; [&hellip;]\" \/>\n<meta property=\"og:url\" content=\"https:\/\/agenciainfra.com\/blog\/antaq-nao-deve-barrar-mais-empresas-no-leilao-do-sts10-defende-superintendente\/\" \/>\n<meta property=\"og:site_name\" content=\"Ag\u00eancia iNFRA\" \/>\n<meta property=\"article:publisher\" content=\"https:\/\/www.facebook.com\/ageninfra\" \/>\n<meta property=\"article:published_time\" content=\"2022-05-30T12:00:00+00:00\" \/>\n<meta property=\"og:image\" content=\"https:\/\/agenciainfra.com\/blog\/wp-content\/uploads\/2021\/11\/porto-de-santos-foto-codesp-1024x683.jpg\" \/>\n\t<meta property=\"og:image:width\" content=\"1024\" \/>\n\t<meta property=\"og:image:height\" content=\"683\" \/>\n\t<meta property=\"og:image:type\" content=\"image\/jpeg\" \/>\n<meta name=\"author\" content=\"Ag\u00eancia iNFRA\" \/>\n<meta name=\"twitter:card\" content=\"summary_large_image\" \/>\n<meta name=\"twitter:creator\" content=\"@agencia_infra\" \/>\n<meta name=\"twitter:site\" content=\"@agencia_infra\" \/>\n<meta name=\"twitter:label1\" content=\"Escrito por\" \/>\n\t<meta name=\"twitter:data1\" content=\"Ag\u00eancia iNFRA\" \/>\n\t<meta name=\"twitter:label2\" content=\"Est. tempo de leitura\" \/>\n\t<meta name=\"twitter:data2\" content=\"6 minutos\" \/>\n<script type=\"application\/ld+json\" class=\"yoast-schema-graph\">{\"@context\":\"https:\/\/schema.org\",\"@graph\":[{\"@type\":\"Article\",\"@id\":\"https:\/\/agenciainfra.com\/blog\/antaq-nao-deve-barrar-mais-empresas-no-leilao-do-sts10-defende-superintendente\/#article\",\"isPartOf\":{\"@id\":\"https:\/\/agenciainfra.com\/blog\/antaq-nao-deve-barrar-mais-empresas-no-leilao-do-sts10-defende-superintendente\/\"},\"author\":{\"name\":\"Ag\u00eancia iNFRA\",\"@id\":\"https:\/\/agenciainfra.com\/blog\/#\/schema\/person\/34af08dff6adea4cb22b06612ba7acfa\"},\"headline\":\"ANTAQ n\u00e3o deve barrar mais empresas no leil\u00e3o do STS10, defende superintendente\",\"datePublished\":\"2022-05-30T12:00:00+00:00\",\"mainEntityOfPage\":{\"@id\":\"https:\/\/agenciainfra.com\/blog\/antaq-nao-deve-barrar-mais-empresas-no-leilao-do-sts10-defende-superintendente\/\"},\"wordCount\":1147,\"publisher\":{\"@id\":\"https:\/\/agenciainfra.com\/blog\/#organization\"},\"image\":{\"@id\":\"https:\/\/agenciainfra.com\/blog\/antaq-nao-deve-barrar-mais-empresas-no-leilao-do-sts10-defende-superintendente\/#primaryimage\"},\"thumbnailUrl\":\"https:\/\/agenciainfra.com\/blog\/wp-content\/uploads\/2021\/11\/porto-de-santos-foto-codesp.jpg\",\"keywords\":[\"ANTAQ\",\"Bruno Pinheiro\",\"leil\u00e3o do STS10\",\"Minist\u00e9rio da Infraestrutura\",\"portos\",\"Secretaria de Portos e Transportes Aquavi\u00e1rios\",\"STS10\",\"TCU\",\"terminal de cont\u00eaineres\",\"transporte aquavi\u00e1rio\"],\"articleSection\":[\"Geral\",\"iNFRATransporte\"],\"inLanguage\":\"pt-BR\",\"copyrightYear\":\"2022\",\"copyrightHolder\":{\"@id\":\"https:\/\/agenciainfra.com\/blog\/#organization\"}},{\"@type\":\"WebPage\",\"@id\":\"https:\/\/agenciainfra.com\/blog\/antaq-nao-deve-barrar-mais-empresas-no-leilao-do-sts10-defende-superintendente\/\",\"url\":\"https:\/\/agenciainfra.com\/blog\/antaq-nao-deve-barrar-mais-empresas-no-leilao-do-sts10-defende-superintendente\/\",\"name\":\"ANTAQ n\u00e3o deve barrar mais empresas no leil\u00e3o do STS10, defende superintendente - Ag\u00eancia iNFRA\",\"isPartOf\":{\"@id\":\"https:\/\/agenciainfra.com\/blog\/#website\"},\"primaryImageOfPage\":{\"@id\":\"https:\/\/agenciainfra.com\/blog\/antaq-nao-deve-barrar-mais-empresas-no-leilao-do-sts10-defende-superintendente\/#primaryimage\"},\"image\":{\"@id\":\"https:\/\/agenciainfra.com\/blog\/antaq-nao-deve-barrar-mais-empresas-no-leilao-do-sts10-defende-superintendente\/#primaryimage\"},\"thumbnailUrl\":\"https:\/\/agenciainfra.com\/blog\/wp-content\/uploads\/2021\/11\/porto-de-santos-foto-codesp.jpg\",\"datePublished\":\"2022-05-30T12:00:00+00:00\",\"breadcrumb\":{\"@id\":\"https:\/\/agenciainfra.com\/blog\/antaq-nao-deve-barrar-mais-empresas-no-leilao-do-sts10-defende-superintendente\/#breadcrumb\"},\"inLanguage\":\"pt-BR\",\"potentialAction\":[{\"@type\":\"ReadAction\",\"target\":[\"https:\/\/agenciainfra.com\/blog\/antaq-nao-deve-barrar-mais-empresas-no-leilao-do-sts10-defende-superintendente\/\"]}]},{\"@type\":\"ImageObject\",\"inLanguage\":\"pt-BR\",\"@id\":\"https:\/\/agenciainfra.com\/blog\/antaq-nao-deve-barrar-mais-empresas-no-leilao-do-sts10-defende-superintendente\/#primaryimage\",\"url\":\"https:\/\/agenciainfra.com\/blog\/wp-content\/uploads\/2021\/11\/porto-de-santos-foto-codesp.jpg\",\"contentUrl\":\"https:\/\/agenciainfra.com\/blog\/wp-content\/uploads\/2021\/11\/porto-de-santos-foto-codesp.jpg\",\"width\":2126,\"height\":1417},{\"@type\":\"BreadcrumbList\",\"@id\":\"https:\/\/agenciainfra.com\/blog\/antaq-nao-deve-barrar-mais-empresas-no-leilao-do-sts10-defende-superintendente\/#breadcrumb\",\"itemListElement\":[{\"@type\":\"ListItem\",\"position\":1,\"name\":\"In\u00edcio\",\"item\":\"https:\/\/agenciainfra.com\/blog\/\"},{\"@type\":\"ListItem\",\"position\":2,\"name\":\"ANTAQ n\u00e3o deve barrar mais empresas no leil\u00e3o do STS10, defende superintendente\"}]},{\"@type\":\"WebSite\",\"@id\":\"https:\/\/agenciainfra.com\/blog\/#website\",\"url\":\"https:\/\/agenciainfra.com\/blog\/\",\"name\":\"Ag\u00eancia iNFRA\",\"description\":\"Multiplataforma de informa\u00e7\u00e3o jornal\u00edstica refer\u00eancia na \u00e1rea de infraestrutura no Brasil!\",\"publisher\":{\"@id\":\"https:\/\/agenciainfra.com\/blog\/#organization\"},\"potentialAction\":[{\"@type\":\"SearchAction\",\"target\":{\"@type\":\"EntryPoint\",\"urlTemplate\":\"https:\/\/agenciainfra.com\/blog\/?s={search_term_string}\"},\"query-input\":{\"@type\":\"PropertyValueSpecification\",\"valueRequired\":true,\"valueName\":\"search_term_string\"}}],\"inLanguage\":\"pt-BR\"},{\"@type\":\"Organization\",\"@id\":\"https:\/\/agenciainfra.com\/blog\/#organization\",\"name\":\"Ag\u00eancia iNFRA\",\"url\":\"https:\/\/agenciainfra.com\/blog\/\",\"logo\":{\"@type\":\"ImageObject\",\"inLanguage\":\"pt-BR\",\"@id\":\"https:\/\/agenciainfra.com\/blog\/#\/schema\/logo\/image\/\",\"url\":\"https:\/\/agenciainfra.com\/blog\/wp-content\/uploads\/2023\/09\/iNFRA_5-e1761735885940.png\",\"contentUrl\":\"https:\/\/agenciainfra.com\/blog\/wp-content\/uploads\/2023\/09\/iNFRA_5-e1761735885940.png\",\"width\":1672,\"height\":454,\"caption\":\"Ag\u00eancia iNFRA\"},\"image\":{\"@id\":\"https:\/\/agenciainfra.com\/blog\/#\/schema\/logo\/image\/\"},\"sameAs\":[\"https:\/\/www.facebook.com\/ageninfra\",\"https:\/\/x.com\/agencia_infra\",\"https:\/\/www.linkedin.com\/company\/ag\u00eanciainfra\/\",\"https:\/\/www.instagram.com\/agenciainfra\/\"]},{\"@type\":\"Person\",\"@id\":\"https:\/\/agenciainfra.com\/blog\/#\/schema\/person\/34af08dff6adea4cb22b06612ba7acfa\",\"name\":\"Ag\u00eancia iNFRA\",\"image\":{\"@type\":\"ImageObject\",\"inLanguage\":\"pt-BR\",\"@id\":\"https:\/\/agenciainfra.com\/blog\/#\/schema\/person\/image\/\",\"url\":\"https:\/\/secure.gravatar.com\/avatar\/d189e01678f06d8eb84d4e01f08eb848b3fffe3f8443818d3c356c66892f5be8?s=96&d=mm&r=g\",\"contentUrl\":\"https:\/\/secure.gravatar.com\/avatar\/d189e01678f06d8eb84d4e01f08eb848b3fffe3f8443818d3c356c66892f5be8?s=96&d=mm&r=g\",\"caption\":\"Ag\u00eancia iNFRA\"},\"url\":\"https:\/\/agenciainfra.com\/blog\/author\/admin\/\"}]}<\/script>\n<!-- \/ Yoast SEO Premium plugin. -->","yoast_head_json":{"title":"ANTAQ n\u00e3o deve barrar mais empresas no leil\u00e3o do STS10, defende superintendente - Ag\u00eancia iNFRA","robots":{"index":"index","follow":"follow","max-snippet":"max-snippet:-1","max-image-preview":"max-image-preview:large","max-video-preview":"max-video-preview:-1"},"canonical":"https:\/\/agenciainfra.com\/blog\/antaq-nao-deve-barrar-mais-empresas-no-leilao-do-sts10-defende-superintendente\/","og_locale":"pt_BR","og_type":"article","og_title":"ANTAQ n\u00e3o deve barrar mais empresas no leil\u00e3o do STS10, defende superintendente","og_description":"Jenifer Ribeiro, da Ag\u00eancia iNFRA O superintendente de Regula\u00e7\u00e3o da ANTAQ (Ag\u00eancia Nacional de Transporte Aquavi\u00e1rio),&nbsp;Bruno Pinheiro, defendeu que n\u00e3o se pode&nbsp;proibir a participa\u00e7\u00e3o de players no leil\u00e3o do STS10, novo terminal de cont\u00eaineres no Porto de Santos (SP),&nbsp;por problemas concorrenciais que podem acontecer no futuro. Ele defendeu que a ag\u00eancia tem ferramental &#8220;bastante evolu\u00eddo&#8221; [&hellip;]","og_url":"https:\/\/agenciainfra.com\/blog\/antaq-nao-deve-barrar-mais-empresas-no-leilao-do-sts10-defende-superintendente\/","og_site_name":"Ag\u00eancia iNFRA","article_publisher":"https:\/\/www.facebook.com\/ageninfra","article_published_time":"2022-05-30T12:00:00+00:00","og_image":[{"width":1024,"height":683,"url":"https:\/\/agenciainfra.com\/blog\/wp-content\/uploads\/2021\/11\/porto-de-santos-foto-codesp-1024x683.jpg","type":"image\/jpeg"}],"author":"Ag\u00eancia iNFRA","twitter_card":"summary_large_image","twitter_creator":"@agencia_infra","twitter_site":"@agencia_infra","twitter_misc":{"Escrito por":"Ag\u00eancia iNFRA","Est. tempo de leitura":"6 minutos"},"schema":{"@context":"https:\/\/schema.org","@graph":[{"@type":"Article","@id":"https:\/\/agenciainfra.com\/blog\/antaq-nao-deve-barrar-mais-empresas-no-leilao-do-sts10-defende-superintendente\/#article","isPartOf":{"@id":"https:\/\/agenciainfra.com\/blog\/antaq-nao-deve-barrar-mais-empresas-no-leilao-do-sts10-defende-superintendente\/"},"author":{"name":"Ag\u00eancia iNFRA","@id":"https:\/\/agenciainfra.com\/blog\/#\/schema\/person\/34af08dff6adea4cb22b06612ba7acfa"},"headline":"ANTAQ n\u00e3o deve barrar mais empresas no leil\u00e3o do STS10, defende superintendente","datePublished":"2022-05-30T12:00:00+00:00","mainEntityOfPage":{"@id":"https:\/\/agenciainfra.com\/blog\/antaq-nao-deve-barrar-mais-empresas-no-leilao-do-sts10-defende-superintendente\/"},"wordCount":1147,"publisher":{"@id":"https:\/\/agenciainfra.com\/blog\/#organization"},"image":{"@id":"https:\/\/agenciainfra.com\/blog\/antaq-nao-deve-barrar-mais-empresas-no-leilao-do-sts10-defende-superintendente\/#primaryimage"},"thumbnailUrl":"https:\/\/agenciainfra.com\/blog\/wp-content\/uploads\/2021\/11\/porto-de-santos-foto-codesp.jpg","keywords":["ANTAQ","Bruno Pinheiro","leil\u00e3o do STS10","Minist\u00e9rio da Infraestrutura","portos","Secretaria de Portos e Transportes Aquavi\u00e1rios","STS10","TCU","terminal de cont\u00eaineres","transporte aquavi\u00e1rio"],"articleSection":["Geral","iNFRATransporte"],"inLanguage":"pt-BR","copyrightYear":"2022","copyrightHolder":{"@id":"https:\/\/agenciainfra.com\/blog\/#organization"}},{"@type":"WebPage","@id":"https:\/\/agenciainfra.com\/blog\/antaq-nao-deve-barrar-mais-empresas-no-leilao-do-sts10-defende-superintendente\/","url":"https:\/\/agenciainfra.com\/blog\/antaq-nao-deve-barrar-mais-empresas-no-leilao-do-sts10-defende-superintendente\/","name":"ANTAQ n\u00e3o deve barrar mais empresas no leil\u00e3o do STS10, defende superintendente - Ag\u00eancia iNFRA","isPartOf":{"@id":"https:\/\/agenciainfra.com\/blog\/#website"},"primaryImageOfPage":{"@id":"https:\/\/agenciainfra.com\/blog\/antaq-nao-deve-barrar-mais-empresas-no-leilao-do-sts10-defende-superintendente\/#primaryimage"},"image":{"@id":"https:\/\/agenciainfra.com\/blog\/antaq-nao-deve-barrar-mais-empresas-no-leilao-do-sts10-defende-superintendente\/#primaryimage"},"thumbnailUrl":"https:\/\/agenciainfra.com\/blog\/wp-content\/uploads\/2021\/11\/porto-de-santos-foto-codesp.jpg","datePublished":"2022-05-30T12:00:00+00:00","breadcrumb":{"@id":"https:\/\/agenciainfra.com\/blog\/antaq-nao-deve-barrar-mais-empresas-no-leilao-do-sts10-defende-superintendente\/#breadcrumb"},"inLanguage":"pt-BR","potentialAction":[{"@type":"ReadAction","target":["https:\/\/agenciainfra.com\/blog\/antaq-nao-deve-barrar-mais-empresas-no-leilao-do-sts10-defende-superintendente\/"]}]},{"@type":"ImageObject","inLanguage":"pt-BR","@id":"https:\/\/agenciainfra.com\/blog\/antaq-nao-deve-barrar-mais-empresas-no-leilao-do-sts10-defende-superintendente\/#primaryimage","url":"https:\/\/agenciainfra.com\/blog\/wp-content\/uploads\/2021\/11\/porto-de-santos-foto-codesp.jpg","contentUrl":"https:\/\/agenciainfra.com\/blog\/wp-content\/uploads\/2021\/11\/porto-de-santos-foto-codesp.jpg","width":2126,"height":1417},{"@type":"BreadcrumbList","@id":"https:\/\/agenciainfra.com\/blog\/antaq-nao-deve-barrar-mais-empresas-no-leilao-do-sts10-defende-superintendente\/#breadcrumb","itemListElement":[{"@type":"ListItem","position":1,"name":"In\u00edcio","item":"https:\/\/agenciainfra.com\/blog\/"},{"@type":"ListItem","position":2,"name":"ANTAQ n\u00e3o deve barrar mais empresas no leil\u00e3o do STS10, defende superintendente"}]},{"@type":"WebSite","@id":"https:\/\/agenciainfra.com\/blog\/#website","url":"https:\/\/agenciainfra.com\/blog\/","name":"Ag\u00eancia iNFRA","description":"Multiplataforma de informa\u00e7\u00e3o jornal\u00edstica refer\u00eancia na \u00e1rea de infraestrutura no Brasil!","publisher":{"@id":"https:\/\/agenciainfra.com\/blog\/#organization"},"potentialAction":[{"@type":"SearchAction","target":{"@type":"EntryPoint","urlTemplate":"https:\/\/agenciainfra.com\/blog\/?s={search_term_string}"},"query-input":{"@type":"PropertyValueSpecification","valueRequired":true,"valueName":"search_term_string"}}],"inLanguage":"pt-BR"},{"@type":"Organization","@id":"https:\/\/agenciainfra.com\/blog\/#organization","name":"Ag\u00eancia iNFRA","url":"https:\/\/agenciainfra.com\/blog\/","logo":{"@type":"ImageObject","inLanguage":"pt-BR","@id":"https:\/\/agenciainfra.com\/blog\/#\/schema\/logo\/image\/","url":"https:\/\/agenciainfra.com\/blog\/wp-content\/uploads\/2023\/09\/iNFRA_5-e1761735885940.png","contentUrl":"https:\/\/agenciainfra.com\/blog\/wp-content\/uploads\/2023\/09\/iNFRA_5-e1761735885940.png","width":1672,"height":454,"caption":"Ag\u00eancia iNFRA"},"image":{"@id":"https:\/\/agenciainfra.com\/blog\/#\/schema\/logo\/image\/"},"sameAs":["https:\/\/www.facebook.com\/ageninfra","https:\/\/x.com\/agencia_infra","https:\/\/www.linkedin.com\/company\/ag\u00eanciainfra\/","https:\/\/www.instagram.com\/agenciainfra\/"]},{"@type":"Person","@id":"https:\/\/agenciainfra.com\/blog\/#\/schema\/person\/34af08dff6adea4cb22b06612ba7acfa","name":"Ag\u00eancia iNFRA","image":{"@type":"ImageObject","inLanguage":"pt-BR","@id":"https:\/\/agenciainfra.com\/blog\/#\/schema\/person\/image\/","url":"https:\/\/secure.gravatar.com\/avatar\/d189e01678f06d8eb84d4e01f08eb848b3fffe3f8443818d3c356c66892f5be8?s=96&d=mm&r=g","contentUrl":"https:\/\/secure.gravatar.com\/avatar\/d189e01678f06d8eb84d4e01f08eb848b3fffe3f8443818d3c356c66892f5be8?s=96&d=mm&r=g","caption":"Ag\u00eancia iNFRA"},"url":"https:\/\/agenciainfra.com\/blog\/author\/admin\/"}]}},"_links":{"self":[{"href":"https:\/\/agenciainfra.com\/blog\/wp-json\/wp\/v2\/posts\/10470","targetHints":{"allow":["GET"]}}],"collection":[{"href":"https:\/\/agenciainfra.com\/blog\/wp-json\/wp\/v2\/posts"}],"about":[{"href":"https:\/\/agenciainfra.com\/blog\/wp-json\/wp\/v2\/types\/post"}],"author":[{"embeddable":true,"href":"https:\/\/agenciainfra.com\/blog\/wp-json\/wp\/v2\/users\/1"}],"replies":[{"embeddable":true,"href":"https:\/\/agenciainfra.com\/blog\/wp-json\/wp\/v2\/comments?post=10470"}],"version-history":[{"count":0,"href":"https:\/\/agenciainfra.com\/blog\/wp-json\/wp\/v2\/posts\/10470\/revisions"}],"wp:featuredmedia":[{"embeddable":true,"href":"https:\/\/agenciainfra.com\/blog\/wp-json\/wp\/v2\/media\/8912"}],"wp:attachment":[{"href":"https:\/\/agenciainfra.com\/blog\/wp-json\/wp\/v2\/media?parent=10470"}],"wp:term":[{"taxonomy":"category","embeddable":true,"href":"https:\/\/agenciainfra.com\/blog\/wp-json\/wp\/v2\/categories?post=10470"},{"taxonomy":"post_tag","embeddable":true,"href":"https:\/\/agenciainfra.com\/blog\/wp-json\/wp\/v2\/tags?post=10470"}],"curies":[{"name":"wp","href":"https:\/\/api.w.org\/{rel}","templated":true}]}}