{"id":10477,"date":"2022-05-30T11:00:00","date_gmt":"2022-05-30T14:00:00","guid":{"rendered":"https:\/\/www.agenciainfra.com\/blog\/?p=10477"},"modified":"2022-05-27T12:37:02","modified_gmt":"2022-05-27T15:37:02","slug":"eolica-e-a-segunda-maior-fonte-de-energia","status":"publish","type":"post","link":"https:\/\/agenciainfra.com\/blog\/eolica-e-a-segunda-maior-fonte-de-energia\/","title":{"rendered":"E\u00f3lica \u00e9 a segunda maior fonte de energia no Brasil"},"content":{"rendered":"\n<p class=\"has-text-align-right\"><strong>da Ag\u00eancia iNFRA<\/strong><\/p>\n\n\n\n<p><strong>Hist\u00f3rico<\/strong><br>Do primeiro aerogerador em opera\u00e7\u00e3o comercial no Brasil, em 1992, \u00e0 marca hist\u00f3rica de 21,5 GW e mais de nove mil aerogeradores instalados em mar\u00e7o de 2022, a energia e\u00f3lica no Brasil ganhou tamb\u00e9m presen\u00e7a na matriz: hoje \u00e9 a segunda fonte que mais gera eletricidade no Brasil, com 11,8%, atr\u00e1s apenas das hidrel\u00e9tricas.<\/p>\n\n\n\n<p><strong>Um marco<\/strong><br>Em 14 de dezembro de 2009, para apoiar a diversifica\u00e7\u00e3o da matriz de gera\u00e7\u00e3o el\u00e9trica, o governo federal realizou um feito in\u00e9dito: o primeiro leil\u00e3o para contrata\u00e7\u00e3o exclusiva de fonte e\u00f3lica. O certame marca um ponto de inflex\u00e3o na ind\u00fastria. O leil\u00e3o de energia de reserva contratou 71 empreendimentos com uma capacidade somada de 1.805,7 megawatts (MW), ao pre\u00e7o m\u00e9dio de R$ 148,39\/MWh (des\u00e1gio de 21,49% em rela\u00e7\u00e3o ao pre\u00e7o-teto de R$ 189\/Wh). Isso marcou o ingresso definitivo das e\u00f3licas na matriz de gera\u00e7\u00e3o el\u00e9trica.<\/p>\n\n\n\n<p><strong>Nordeste<\/strong><br>Cerca de 80% dos parques e\u00f3licos brasileiros est\u00e3o localizados na regi\u00e3o Nordeste, cujos ventos al\u00edsios s\u00e3o um diferencial de competitividade em todo o mundo. O fator de capacidade no Brasil est\u00e1 em 40%, acima dos 34% da m\u00e9dia mundial, mas em v\u00e1rios momentos no Nordeste ele chega perto de 60%. Em 6 de agosto de 2021, em plena crise h\u00eddrica, 99% da gera\u00e7\u00e3o do Nordeste foi provido pelas usinas e\u00f3licas.<\/p>\n\n\n\n<p><strong>Impacto social<\/strong><br>O \u00cdndice de Desenvolvimento Humano de Munic\u00edpios que receberam parques e\u00f3licos teve aumento de 20% entre 2000 e 2010 e o PIB Real teve alta de 21,15% entre 1999 e 2017, segundo estudo da Abee\u00f3lica. A energia e\u00f3lica ocuparia pouca terra, permitindo que planta\u00e7\u00f5es e cria\u00e7\u00f5es de animais sejam continuadas. As turbinas ocupam 8% da \u00e1rea.<\/p>\n\n\n\n<p><strong>Raio-X: setor e\u00f3lico<br><\/strong>Com a marca de 21,5 GW, o setor e\u00f3lico j\u00e1 \u00e9 respons\u00e1vel pela gera\u00e7\u00e3o de quase 12% da energia el\u00e9trica do pa\u00eds. Veja os n\u00fameros abaixo.<\/p>\n\n\n\n<figure class=\"wp-block-image\"><img decoding=\"async\" src=\"https:\/\/ci5.googleusercontent.com\/proxy\/l88BiuFQM8fNSe9PRruXbYHd3ltqT6m4GaJsdUeQanPxVUJelaKUOxamkHsVj5D9xe5pH4Z_XCSCGML6SSjagdKS61-FlgT5I6kefO2OAQIPjAs2280DxHFXnj9XxgjraJrsgBMcEMdTVuFYTM0ih7VPH6um0w=s0-d-e1-ft#https:\/\/mcusercontent.com\/d460dd1bcf9ba0ae040e1fc0f\/images\/57a41283-7d93-0b40-3930-131d5816e7ea.png\" alt=\"\"\/><\/figure>\n","protected":false},"excerpt":{"rendered":"<p>da Ag\u00eancia iNFRA Hist\u00f3ricoDo primeiro aerogerador em opera\u00e7\u00e3o comercial no Brasil, em 1992, \u00e0 marca hist\u00f3rica de 21,5 GW e mais de nove mil aerogeradores instalados em mar\u00e7o de 2022, a energia e\u00f3lica no Brasil ganhou tamb\u00e9m presen\u00e7a na matriz: hoje \u00e9 a segunda fonte que mais gera eletricidade no Brasil, com 11,8%, atr\u00e1s apenas [&hellip;]<\/p>\n","protected":false},"author":1,"featured_media":8761,"comment_status":"closed","ping_status":"closed","sticky":false,"template":"","format":"standard","meta":{"_monsterinsights_skip_tracking":false,"_monsterinsights_sitenote_active":false,"_monsterinsights_sitenote_note":"","_monsterinsights_sitenote_category":0,"footnotes":""},"categories":[1,2052],"tags":[4379,3487,25,1275,3416,2804,34,476,632,5406],"class_list":["post-10477","post","type-post","status-publish","format-standard","has-post-thumbnail","hentry","category-geral","category-infra-transicao","tag-crise-energetica","tag-crise-hidrica","tag-energia","tag-energia-eolica","tag-energia-limpa","tag-energia-renovavel","tag-infraestrutura","tag-matriz-energetica","tag-nordeste","tag-setor-eolico"],"yoast_head":"<!-- This site is optimized with the Yoast SEO Premium plugin v25.4 (Yoast SEO v26.0) - https:\/\/yoast.com\/wordpress\/plugins\/seo\/ -->\n<title>E\u00f3lica \u00e9 a segunda maior fonte de energia no Brasil - Ag\u00eancia iNFRA<\/title>\n<meta name=\"robots\" content=\"index, follow, max-snippet:-1, max-image-preview:large, max-video-preview:-1\" \/>\n<link rel=\"canonical\" href=\"https:\/\/agenciainfra.com\/blog\/eolica-e-a-segunda-maior-fonte-de-energia\/\" \/>\n<meta property=\"og:locale\" content=\"pt_BR\" \/>\n<meta property=\"og:type\" content=\"article\" \/>\n<meta property=\"og:title\" content=\"E\u00f3lica \u00e9 a segunda maior fonte de energia no Brasil\" \/>\n<meta property=\"og:description\" content=\"da Ag\u00eancia iNFRA Hist\u00f3ricoDo primeiro aerogerador em opera\u00e7\u00e3o comercial no Brasil, em 1992, \u00e0 marca hist\u00f3rica de 21,5 GW e mais de nove mil aerogeradores instalados em mar\u00e7o de 2022, a energia e\u00f3lica no Brasil ganhou tamb\u00e9m presen\u00e7a na matriz: hoje \u00e9 a segunda fonte que mais gera eletricidade no Brasil, com 11,8%, atr\u00e1s apenas [&hellip;]\" \/>\n<meta property=\"og:url\" content=\"https:\/\/agenciainfra.com\/blog\/eolica-e-a-segunda-maior-fonte-de-energia\/\" \/>\n<meta property=\"og:site_name\" content=\"Ag\u00eancia iNFRA\" \/>\n<meta property=\"article:publisher\" content=\"https:\/\/www.facebook.com\/ageninfra\" \/>\n<meta property=\"article:published_time\" content=\"2022-05-30T14:00:00+00:00\" \/>\n<meta property=\"og:image\" content=\"https:\/\/agenciainfra.com\/blog\/wp-content\/uploads\/2021\/10\/energia-renovavel-eolica-foto-dominio-publico.jpeg\" \/>\n\t<meta property=\"og:image:width\" content=\"1280\" \/>\n\t<meta property=\"og:image:height\" content=\"853\" \/>\n\t<meta property=\"og:image:type\" content=\"image\/jpeg\" \/>\n<meta name=\"author\" content=\"Ag\u00eancia iNFRA\" \/>\n<meta name=\"twitter:card\" content=\"summary_large_image\" \/>\n<meta name=\"twitter:creator\" content=\"@agencia_infra\" \/>\n<meta name=\"twitter:site\" content=\"@agencia_infra\" \/>\n<meta name=\"twitter:label1\" content=\"Escrito por\" \/>\n\t<meta name=\"twitter:data1\" content=\"Ag\u00eancia iNFRA\" \/>\n\t<meta name=\"twitter:label2\" content=\"Est. tempo de leitura\" \/>\n\t<meta name=\"twitter:data2\" content=\"2 minutos\" \/>\n<script type=\"application\/ld+json\" class=\"yoast-schema-graph\">{\"@context\":\"https:\/\/schema.org\",\"@graph\":[{\"@type\":\"Article\",\"@id\":\"https:\/\/agenciainfra.com\/blog\/eolica-e-a-segunda-maior-fonte-de-energia\/#article\",\"isPartOf\":{\"@id\":\"https:\/\/agenciainfra.com\/blog\/eolica-e-a-segunda-maior-fonte-de-energia\/\"},\"author\":{\"name\":\"Ag\u00eancia iNFRA\",\"@id\":\"https:\/\/agenciainfra.com\/blog\/#\/schema\/person\/34af08dff6adea4cb22b06612ba7acfa\"},\"headline\":\"E\u00f3lica \u00e9 a segunda maior fonte de energia no Brasil\",\"datePublished\":\"2022-05-30T14:00:00+00:00\",\"mainEntityOfPage\":{\"@id\":\"https:\/\/agenciainfra.com\/blog\/eolica-e-a-segunda-maior-fonte-de-energia\/\"},\"wordCount\":336,\"publisher\":{\"@id\":\"https:\/\/agenciainfra.com\/blog\/#organization\"},\"image\":{\"@id\":\"https:\/\/agenciainfra.com\/blog\/eolica-e-a-segunda-maior-fonte-de-energia\/#primaryimage\"},\"thumbnailUrl\":\"https:\/\/agenciainfra.com\/blog\/wp-content\/uploads\/2021\/10\/energia-renovavel-eolica-foto-dominio-publico.jpeg\",\"keywords\":[\"crise energ\u00e9tica\",\"crise h\u00eddrica\",\"energia\",\"energia e\u00f3lica\",\"energia limpa\",\"energia renov\u00e1vel\",\"Infraestrutura\",\"matriz energ\u00e9tica\",\"nordeste\",\"setor e\u00f3lico\"],\"articleSection\":[\"Geral\",\"iNFRA Na Transi\u00e7\u00e3o\"],\"inLanguage\":\"pt-BR\",\"copyrightYear\":\"2022\",\"copyrightHolder\":{\"@id\":\"https:\/\/agenciainfra.com\/blog\/#organization\"}},{\"@type\":\"WebPage\",\"@id\":\"https:\/\/agenciainfra.com\/blog\/eolica-e-a-segunda-maior-fonte-de-energia\/\",\"url\":\"https:\/\/agenciainfra.com\/blog\/eolica-e-a-segunda-maior-fonte-de-energia\/\",\"name\":\"E\u00f3lica \u00e9 a segunda maior fonte de energia no Brasil - Ag\u00eancia iNFRA\",\"isPartOf\":{\"@id\":\"https:\/\/agenciainfra.com\/blog\/#website\"},\"primaryImageOfPage\":{\"@id\":\"https:\/\/agenciainfra.com\/blog\/eolica-e-a-segunda-maior-fonte-de-energia\/#primaryimage\"},\"image\":{\"@id\":\"https:\/\/agenciainfra.com\/blog\/eolica-e-a-segunda-maior-fonte-de-energia\/#primaryimage\"},\"thumbnailUrl\":\"https:\/\/agenciainfra.com\/blog\/wp-content\/uploads\/2021\/10\/energia-renovavel-eolica-foto-dominio-publico.jpeg\",\"datePublished\":\"2022-05-30T14:00:00+00:00\",\"breadcrumb\":{\"@id\":\"https:\/\/agenciainfra.com\/blog\/eolica-e-a-segunda-maior-fonte-de-energia\/#breadcrumb\"},\"inLanguage\":\"pt-BR\",\"potentialAction\":[{\"@type\":\"ReadAction\",\"target\":[\"https:\/\/agenciainfra.com\/blog\/eolica-e-a-segunda-maior-fonte-de-energia\/\"]}]},{\"@type\":\"ImageObject\",\"inLanguage\":\"pt-BR\",\"@id\":\"https:\/\/agenciainfra.com\/blog\/eolica-e-a-segunda-maior-fonte-de-energia\/#primaryimage\",\"url\":\"https:\/\/agenciainfra.com\/blog\/wp-content\/uploads\/2021\/10\/energia-renovavel-eolica-foto-dominio-publico.jpeg\",\"contentUrl\":\"https:\/\/agenciainfra.com\/blog\/wp-content\/uploads\/2021\/10\/energia-renovavel-eolica-foto-dominio-publico.jpeg\",\"width\":1280,\"height\":853,\"caption\":\"Foto: Dom\u00ednio P\u00fablico\"},{\"@type\":\"BreadcrumbList\",\"@id\":\"https:\/\/agenciainfra.com\/blog\/eolica-e-a-segunda-maior-fonte-de-energia\/#breadcrumb\",\"itemListElement\":[{\"@type\":\"ListItem\",\"position\":1,\"name\":\"In\u00edcio\",\"item\":\"https:\/\/agenciainfra.com\/blog\/\"},{\"@type\":\"ListItem\",\"position\":2,\"name\":\"E\u00f3lica \u00e9 a segunda maior fonte de energia no Brasil\"}]},{\"@type\":\"WebSite\",\"@id\":\"https:\/\/agenciainfra.com\/blog\/#website\",\"url\":\"https:\/\/agenciainfra.com\/blog\/\",\"name\":\"Ag\u00eancia iNFRA\",\"description\":\"Multiplataforma de informa\u00e7\u00e3o jornal\u00edstica refer\u00eancia na \u00e1rea de infraestrutura no Brasil!\",\"publisher\":{\"@id\":\"https:\/\/agenciainfra.com\/blog\/#organization\"},\"potentialAction\":[{\"@type\":\"SearchAction\",\"target\":{\"@type\":\"EntryPoint\",\"urlTemplate\":\"https:\/\/agenciainfra.com\/blog\/?s={search_term_string}\"},\"query-input\":{\"@type\":\"PropertyValueSpecification\",\"valueRequired\":true,\"valueName\":\"search_term_string\"}}],\"inLanguage\":\"pt-BR\"},{\"@type\":\"Organization\",\"@id\":\"https:\/\/agenciainfra.com\/blog\/#organization\",\"name\":\"Ag\u00eancia iNFRA\",\"url\":\"https:\/\/agenciainfra.com\/blog\/\",\"logo\":{\"@type\":\"ImageObject\",\"inLanguage\":\"pt-BR\",\"@id\":\"https:\/\/agenciainfra.com\/blog\/#\/schema\/logo\/image\/\",\"url\":\"https:\/\/agenciainfra.com\/blog\/wp-content\/uploads\/2023\/09\/iNFRA_5-e1761735885940.png\",\"contentUrl\":\"https:\/\/agenciainfra.com\/blog\/wp-content\/uploads\/2023\/09\/iNFRA_5-e1761735885940.png\",\"width\":1672,\"height\":454,\"caption\":\"Ag\u00eancia iNFRA\"},\"image\":{\"@id\":\"https:\/\/agenciainfra.com\/blog\/#\/schema\/logo\/image\/\"},\"sameAs\":[\"https:\/\/www.facebook.com\/ageninfra\",\"https:\/\/x.com\/agencia_infra\",\"https:\/\/www.linkedin.com\/company\/ag\u00eanciainfra\/\",\"https:\/\/www.instagram.com\/agenciainfra\/\"]},{\"@type\":\"Person\",\"@id\":\"https:\/\/agenciainfra.com\/blog\/#\/schema\/person\/34af08dff6adea4cb22b06612ba7acfa\",\"name\":\"Ag\u00eancia iNFRA\",\"image\":{\"@type\":\"ImageObject\",\"inLanguage\":\"pt-BR\",\"@id\":\"https:\/\/agenciainfra.com\/blog\/#\/schema\/person\/image\/\",\"url\":\"https:\/\/secure.gravatar.com\/avatar\/d189e01678f06d8eb84d4e01f08eb848b3fffe3f8443818d3c356c66892f5be8?s=96&d=mm&r=g\",\"contentUrl\":\"https:\/\/secure.gravatar.com\/avatar\/d189e01678f06d8eb84d4e01f08eb848b3fffe3f8443818d3c356c66892f5be8?s=96&d=mm&r=g\",\"caption\":\"Ag\u00eancia iNFRA\"},\"url\":\"https:\/\/agenciainfra.com\/blog\/author\/admin\/\"}]}<\/script>\n<!-- \/ Yoast SEO Premium plugin. -->","yoast_head_json":{"title":"E\u00f3lica \u00e9 a segunda maior fonte de energia no Brasil - Ag\u00eancia iNFRA","robots":{"index":"index","follow":"follow","max-snippet":"max-snippet:-1","max-image-preview":"max-image-preview:large","max-video-preview":"max-video-preview:-1"},"canonical":"https:\/\/agenciainfra.com\/blog\/eolica-e-a-segunda-maior-fonte-de-energia\/","og_locale":"pt_BR","og_type":"article","og_title":"E\u00f3lica \u00e9 a segunda maior fonte de energia no Brasil","og_description":"da Ag\u00eancia iNFRA Hist\u00f3ricoDo primeiro aerogerador em opera\u00e7\u00e3o comercial no Brasil, em 1992, \u00e0 marca hist\u00f3rica de 21,5 GW e mais de nove mil aerogeradores instalados em mar\u00e7o de 2022, a energia e\u00f3lica no Brasil ganhou tamb\u00e9m presen\u00e7a na matriz: hoje \u00e9 a segunda fonte que mais gera eletricidade no Brasil, com 11,8%, atr\u00e1s apenas [&hellip;]","og_url":"https:\/\/agenciainfra.com\/blog\/eolica-e-a-segunda-maior-fonte-de-energia\/","og_site_name":"Ag\u00eancia iNFRA","article_publisher":"https:\/\/www.facebook.com\/ageninfra","article_published_time":"2022-05-30T14:00:00+00:00","og_image":[{"width":1280,"height":853,"url":"https:\/\/agenciainfra.com\/blog\/wp-content\/uploads\/2021\/10\/energia-renovavel-eolica-foto-dominio-publico.jpeg","type":"image\/jpeg"}],"author":"Ag\u00eancia iNFRA","twitter_card":"summary_large_image","twitter_creator":"@agencia_infra","twitter_site":"@agencia_infra","twitter_misc":{"Escrito por":"Ag\u00eancia iNFRA","Est. tempo de leitura":"2 minutos"},"schema":{"@context":"https:\/\/schema.org","@graph":[{"@type":"Article","@id":"https:\/\/agenciainfra.com\/blog\/eolica-e-a-segunda-maior-fonte-de-energia\/#article","isPartOf":{"@id":"https:\/\/agenciainfra.com\/blog\/eolica-e-a-segunda-maior-fonte-de-energia\/"},"author":{"name":"Ag\u00eancia iNFRA","@id":"https:\/\/agenciainfra.com\/blog\/#\/schema\/person\/34af08dff6adea4cb22b06612ba7acfa"},"headline":"E\u00f3lica \u00e9 a segunda maior fonte de energia no Brasil","datePublished":"2022-05-30T14:00:00+00:00","mainEntityOfPage":{"@id":"https:\/\/agenciainfra.com\/blog\/eolica-e-a-segunda-maior-fonte-de-energia\/"},"wordCount":336,"publisher":{"@id":"https:\/\/agenciainfra.com\/blog\/#organization"},"image":{"@id":"https:\/\/agenciainfra.com\/blog\/eolica-e-a-segunda-maior-fonte-de-energia\/#primaryimage"},"thumbnailUrl":"https:\/\/agenciainfra.com\/blog\/wp-content\/uploads\/2021\/10\/energia-renovavel-eolica-foto-dominio-publico.jpeg","keywords":["crise energ\u00e9tica","crise h\u00eddrica","energia","energia e\u00f3lica","energia limpa","energia renov\u00e1vel","Infraestrutura","matriz energ\u00e9tica","nordeste","setor e\u00f3lico"],"articleSection":["Geral","iNFRA Na Transi\u00e7\u00e3o"],"inLanguage":"pt-BR","copyrightYear":"2022","copyrightHolder":{"@id":"https:\/\/agenciainfra.com\/blog\/#organization"}},{"@type":"WebPage","@id":"https:\/\/agenciainfra.com\/blog\/eolica-e-a-segunda-maior-fonte-de-energia\/","url":"https:\/\/agenciainfra.com\/blog\/eolica-e-a-segunda-maior-fonte-de-energia\/","name":"E\u00f3lica \u00e9 a segunda maior fonte de energia no Brasil - Ag\u00eancia iNFRA","isPartOf":{"@id":"https:\/\/agenciainfra.com\/blog\/#website"},"primaryImageOfPage":{"@id":"https:\/\/agenciainfra.com\/blog\/eolica-e-a-segunda-maior-fonte-de-energia\/#primaryimage"},"image":{"@id":"https:\/\/agenciainfra.com\/blog\/eolica-e-a-segunda-maior-fonte-de-energia\/#primaryimage"},"thumbnailUrl":"https:\/\/agenciainfra.com\/blog\/wp-content\/uploads\/2021\/10\/energia-renovavel-eolica-foto-dominio-publico.jpeg","datePublished":"2022-05-30T14:00:00+00:00","breadcrumb":{"@id":"https:\/\/agenciainfra.com\/blog\/eolica-e-a-segunda-maior-fonte-de-energia\/#breadcrumb"},"inLanguage":"pt-BR","potentialAction":[{"@type":"ReadAction","target":["https:\/\/agenciainfra.com\/blog\/eolica-e-a-segunda-maior-fonte-de-energia\/"]}]},{"@type":"ImageObject","inLanguage":"pt-BR","@id":"https:\/\/agenciainfra.com\/blog\/eolica-e-a-segunda-maior-fonte-de-energia\/#primaryimage","url":"https:\/\/agenciainfra.com\/blog\/wp-content\/uploads\/2021\/10\/energia-renovavel-eolica-foto-dominio-publico.jpeg","contentUrl":"https:\/\/agenciainfra.com\/blog\/wp-content\/uploads\/2021\/10\/energia-renovavel-eolica-foto-dominio-publico.jpeg","width":1280,"height":853,"caption":"Foto: Dom\u00ednio P\u00fablico"},{"@type":"BreadcrumbList","@id":"https:\/\/agenciainfra.com\/blog\/eolica-e-a-segunda-maior-fonte-de-energia\/#breadcrumb","itemListElement":[{"@type":"ListItem","position":1,"name":"In\u00edcio","item":"https:\/\/agenciainfra.com\/blog\/"},{"@type":"ListItem","position":2,"name":"E\u00f3lica \u00e9 a segunda maior fonte de energia no Brasil"}]},{"@type":"WebSite","@id":"https:\/\/agenciainfra.com\/blog\/#website","url":"https:\/\/agenciainfra.com\/blog\/","name":"Ag\u00eancia iNFRA","description":"Multiplataforma de informa\u00e7\u00e3o jornal\u00edstica refer\u00eancia na \u00e1rea de infraestrutura no Brasil!","publisher":{"@id":"https:\/\/agenciainfra.com\/blog\/#organization"},"potentialAction":[{"@type":"SearchAction","target":{"@type":"EntryPoint","urlTemplate":"https:\/\/agenciainfra.com\/blog\/?s={search_term_string}"},"query-input":{"@type":"PropertyValueSpecification","valueRequired":true,"valueName":"search_term_string"}}],"inLanguage":"pt-BR"},{"@type":"Organization","@id":"https:\/\/agenciainfra.com\/blog\/#organization","name":"Ag\u00eancia iNFRA","url":"https:\/\/agenciainfra.com\/blog\/","logo":{"@type":"ImageObject","inLanguage":"pt-BR","@id":"https:\/\/agenciainfra.com\/blog\/#\/schema\/logo\/image\/","url":"https:\/\/agenciainfra.com\/blog\/wp-content\/uploads\/2023\/09\/iNFRA_5-e1761735885940.png","contentUrl":"https:\/\/agenciainfra.com\/blog\/wp-content\/uploads\/2023\/09\/iNFRA_5-e1761735885940.png","width":1672,"height":454,"caption":"Ag\u00eancia iNFRA"},"image":{"@id":"https:\/\/agenciainfra.com\/blog\/#\/schema\/logo\/image\/"},"sameAs":["https:\/\/www.facebook.com\/ageninfra","https:\/\/x.com\/agencia_infra","https:\/\/www.linkedin.com\/company\/ag\u00eanciainfra\/","https:\/\/www.instagram.com\/agenciainfra\/"]},{"@type":"Person","@id":"https:\/\/agenciainfra.com\/blog\/#\/schema\/person\/34af08dff6adea4cb22b06612ba7acfa","name":"Ag\u00eancia iNFRA","image":{"@type":"ImageObject","inLanguage":"pt-BR","@id":"https:\/\/agenciainfra.com\/blog\/#\/schema\/person\/image\/","url":"https:\/\/secure.gravatar.com\/avatar\/d189e01678f06d8eb84d4e01f08eb848b3fffe3f8443818d3c356c66892f5be8?s=96&d=mm&r=g","contentUrl":"https:\/\/secure.gravatar.com\/avatar\/d189e01678f06d8eb84d4e01f08eb848b3fffe3f8443818d3c356c66892f5be8?s=96&d=mm&r=g","caption":"Ag\u00eancia iNFRA"},"url":"https:\/\/agenciainfra.com\/blog\/author\/admin\/"}]}},"_links":{"self":[{"href":"https:\/\/agenciainfra.com\/blog\/wp-json\/wp\/v2\/posts\/10477","targetHints":{"allow":["GET"]}}],"collection":[{"href":"https:\/\/agenciainfra.com\/blog\/wp-json\/wp\/v2\/posts"}],"about":[{"href":"https:\/\/agenciainfra.com\/blog\/wp-json\/wp\/v2\/types\/post"}],"author":[{"embeddable":true,"href":"https:\/\/agenciainfra.com\/blog\/wp-json\/wp\/v2\/users\/1"}],"replies":[{"embeddable":true,"href":"https:\/\/agenciainfra.com\/blog\/wp-json\/wp\/v2\/comments?post=10477"}],"version-history":[{"count":0,"href":"https:\/\/agenciainfra.com\/blog\/wp-json\/wp\/v2\/posts\/10477\/revisions"}],"wp:featuredmedia":[{"embeddable":true,"href":"https:\/\/agenciainfra.com\/blog\/wp-json\/wp\/v2\/media\/8761"}],"wp:attachment":[{"href":"https:\/\/agenciainfra.com\/blog\/wp-json\/wp\/v2\/media?parent=10477"}],"wp:term":[{"taxonomy":"category","embeddable":true,"href":"https:\/\/agenciainfra.com\/blog\/wp-json\/wp\/v2\/categories?post=10477"},{"taxonomy":"post_tag","embeddable":true,"href":"https:\/\/agenciainfra.com\/blog\/wp-json\/wp\/v2\/tags?post=10477"}],"curies":[{"name":"wp","href":"https:\/\/api.w.org\/{rel}","templated":true}]}}