{"id":10491,"date":"2022-05-30T12:00:00","date_gmt":"2022-05-30T15:00:00","guid":{"rendered":"https:\/\/www.agenciainfra.com\/blog\/?p=10491"},"modified":"2022-05-30T11:19:11","modified_gmt":"2022-05-30T14:19:11","slug":"analise-as-perguntas-que-ficam-com-a-capitalizacao-da-eletrobras","status":"publish","type":"post","link":"https:\/\/agenciainfra.com\/blog\/analise-as-perguntas-que-ficam-com-a-capitalizacao-da-eletrobras\/","title":{"rendered":"An\u00e1lise: As perguntas que ficam com a capitaliza\u00e7\u00e3o da Eletrobras"},"content":{"rendered":"\n<p class=\"has-text-align-right\"><strong>\u00a0Roberto Rockmann*<\/strong><\/p>\n\n\n\n<p>Junho se inicia com a perspectiva de um fato hist\u00f3rico: a capitaliza\u00e7\u00e3o da Eletrobras, prevista para o dia 9. Os bancos que assessoram a oferta vendem a hist\u00f3ria de que tem R$ 30 bilh\u00f5es em inten\u00e7\u00f5es de demanda (contando estimativas de varejo, FGTS e priorit\u00e1ria), o que poder\u00e1 levar \u00e0 oferta adicional de R$ 15% a mais de pap\u00e9is.<\/p>\n\n\n\n<p>O pre\u00e7o de refer\u00eancia da oferta \u00e9 de R$ 44 a a\u00e7\u00e3o. Gestores que est\u00e3o olhando a opera\u00e7\u00e3o apontam que a cota\u00e7\u00e3o, com base no pre\u00e7o do fechamento na quinta-feira, \u00e9 alta e de que pode haver um desconto sobre o pre\u00e7o de tela \u2013 e ficar entre R$ 40 a R$ 42. Suas reservas estariam sendo feitas sob esse teto.<\/p>\n\n\n\n<p>A queda de bra\u00e7o, normal em opera\u00e7\u00f5es desse porte, indica que ela deve ser bem-sucedida (\u00fanico impasse a ser superado \u00e9 o aporte na usina Hidrel\u00e9trica de Santo Ant\u00f4nio, a subsidi\u00e1ria Saesa). Se sair em R$ 44 ou mais e 15% da oferta adicional for vendida, a opera\u00e7\u00e3o poder\u00e1 trazer cerca de R$ 31 bilh\u00f5es. Ficar\u00e1 a d\u00favida: o governo usar\u00e1 mais do que os R$ 5 bilh\u00f5es que pretende para baixar tarifas na CDE (Conta de Desenvolvimento Energ\u00e9tico)? Ou o TCU (Tribunal de Contas da Uni\u00e3o) poder\u00e1 ser um entrave para a sanha populista?<\/p>\n\n\n\n<p>Com controle pulverizado, a Eletrobras poder\u00e1 se tornar uma ponta de lan\u00e7a na moderniza\u00e7\u00e3o do setor el\u00e9trico em alguns segmentos, como as usinas revers\u00edveis, uma tecnologia ainda incipiente no pa\u00eds. Com grandes hidrel\u00e9tricas em seu parque de gera\u00e7\u00e3o, poder\u00e1 fortalecer a discuss\u00e3o sobre a cria\u00e7\u00e3o de um novo sistema de pre\u00e7o para a \u00e1gua armazenada nos reservat\u00f3rios das hidrel\u00e9tricas, que t\u00eam uma fun\u00e7\u00e3o de grandes baterias hidr\u00e1ulicas.<\/p>\n\n\n\n<p>A Eletrobras possui 40% da transmiss\u00e3o no pa\u00eds e, com um sistema com cada vez mais fontes intermitentes, as transmissoras passar\u00e3o a atuar com novos modelos de neg\u00f3cio. O aumento das renov\u00e1veis na gera\u00e7\u00e3o de energia cria problemas de qualidade de frequ\u00eancia. Em alguns momentos, h\u00e1 excesso de oferta de carga e n\u00e3o \u00e9 f\u00e1cil regular, n\u00e3o consegue baixar uma t\u00e9rmica ou modular uma hidrel\u00e9trica. O uso de bateria, de armazenamento na transmiss\u00e3o ganha relev\u00e2ncia.<\/p>\n\n\n\n<p>A mudan\u00e7a do controle estatal para o privado reduz a interfer\u00eancia do Poder Executivo na empresa e poder\u00e1 levar, em algum momento do futuro, a momentos similares aos vistos nos \u00faltimos meses com a Petrobras. Usada muitas vezes para garantir taxas patri\u00f3ticas de retorno ou para segurar tarifas ao longo de d\u00e9cadas, a Eletrobras ter\u00e1 de seguir um caminho de mercado.<\/p>\n\n\n\n<p><strong>Garantias f\u00edsicas<\/strong><br>Cabe uma pergunta: a revis\u00e3o das garantias f\u00edsicas das hidrel\u00e9tricas, processo em andamento pelo governo federal, que trar\u00e1 perdas e ganhos para alguns, ser\u00e1 mesmo finalizada? Se n\u00e3o for, o que dir\u00e3o os novos acionistas da Eletrobras, cujas hidrel\u00e9tricas sofreram revis\u00e3o de 7,3%?<\/p>\n\n\n\n<p>A at\u00e9 aqui bem-sucedida capitaliza\u00e7\u00e3o da Eletrobras contrasta com um outro fato. Para que a opera\u00e7\u00e3o pudesse sair, foi aprovada em Bras\u00edlia a Lei 14.182, que autorizou o Executivo a levar adiante o processo, mas criou um jabuti: a contrata\u00e7\u00e3o de 8 GW de t\u00e9rmicas em locais em que n\u00e3o h\u00e1 gasodutos e em que o consumo de g\u00e1s \u00e9 incipiente. N\u00e3o por interesses liter\u00e1rios, at\u00e9 o escritor Jos\u00e9 Saramago foi invocado em um par\u00e1grafo da lei em que n\u00e3o h\u00e1 v\u00edrgulas.<\/p>\n\n\n\n<p>A guerra entre Ucr\u00e2nia e R\u00fassia elevou os pre\u00e7os do g\u00e1s em todo o planeta e tornou as t\u00e9rmicas, que operar\u00e3o com 70% de inflexibilidade, ainda mais dispendiosas. Para que as t\u00e9rmicas saiam, costura-se nos bastidores uma sa\u00edda pol\u00eamica: uso de recursos da PPSA (Pr\u00e9-Sal Petr\u00f3leo) para financiar a interioriza\u00e7\u00e3o do g\u00e1s e a sa\u00edda desses gasodutos.<\/p>\n\n\n\n<p>Al\u00e9m da discuss\u00e3o sobre a finalidade dos royalties, fica a d\u00favida: qual fim dever\u00e1 ter o g\u00e1s do pr\u00e9-sal, que no atual contexto tornou-se um trunfo? Dever\u00e1 ir para gasodutos? Para a ind\u00fastria? O jabuti tem seu principal apoio no Centr\u00e3o, mas \u00e9 malvisto por muitos, que enxergam em seu avan\u00e7o um caminho frut\u00edfero para o TCU, Minist\u00e9rio P\u00fablico Federal e Pol\u00edcia Federal.<\/p>\n\n\n\n<p><strong>PL 414<\/strong><br>Nas \u00faltimas semanas, o Projeto de Lei 414 (que trata da abertura total do mercado livre) est\u00e1 travado por uma disputa nos bastidores entre grandes consumidores (contr\u00e1rios a essas t\u00e9rmicas) e parlamentares da base do governo. Desde o Carnaval, vive-se a expectativa de que o PL tenha seu teor lan\u00e7ado no sistema do Congresso.<\/p>\n\n\n\n<p>As comercializadoras, mais interessadas na abertura do mercado para a baixa tens\u00e3o, tentam uma sa\u00edda alternativa ao impasse, buscando incorporar a abertura em um dos projetos de lei que o governo tenta emplacar nos pr\u00f3ximos dias para baixar as tarifas. Para evitar que o PL saia da UTI e v\u00e1 direto ao necrot\u00e9rio, elas tentam que a abertura seja votada ainda neste m\u00eas. O PL ter\u00e1 de ser aprovado na C\u00e2mara e, se tiver mudan\u00e7as, tamb\u00e9m voltar\u00e1 ao Senado. Julho \u00e9 m\u00eas de recesso parlamentar e agosto dever\u00e1 colocar a campanha eleitoral sob os holofotes.<\/p>\n\n\n\n<p><strong>Petrobras<\/strong><br>O abastecimento de combust\u00edveis nesse segundo semestre foi o tema principal na semana passada da reuni\u00e3o do conselho de administra\u00e7\u00e3o da Petrobras, que teve nos \u00faltimos dias mudan\u00e7a de presidente e rumores de nova pol\u00edtica de pre\u00e7os. H\u00e1 preocupa\u00e7\u00e3o principalmente em rela\u00e7\u00e3o ao Nordeste. Segundo um conselheiro, a paridade internacional dos pre\u00e7os n\u00e3o foi o assunto mais relevante, mas a crise de abastecimento, que poder\u00e1 ser grave no curto e m\u00e9dio prazo. O per\u00edodo mais cr\u00edtico pode coincidir com as elei\u00e7\u00f5es.<\/p>\n\n\n\n<p>A guerra entre Ucr\u00e2nia e R\u00fassia tem feito pa\u00edses europeus buscarem no curto prazo aumentar o consumo de diesel com redu\u00e7\u00e3o de g\u00e1s natural em meio \u00e0 proximidade do inverno no hemisf\u00e9rio Norte. O tema ingressou no radar de investidores e da equipe de assessores do candidato Luiz In\u00e1cio Lula da Silva (o mercado internacional pode ficar desequilibrado at\u00e9 2024 pelo conflito na Europa).<\/p>\n\n\n\n<p>Gestores de investimentos agora acompanham a temporada de furac\u00f5es no Caribe na costa leste dos Estados Unidos, um fator que pode trazer press\u00e3o de pre\u00e7os sobre os derivados no Golfo do M\u00e9xico e no mundo. At\u00e9 o momento, esperam-se tr\u00eas de grande magnitude no terceiro trimestre. Tamb\u00e9m t\u00eam conversado com diretores das distribuidoras de combust\u00edveis.<\/p>\n\n\n\n<p>H\u00e1 preocupa\u00e7\u00e3o no mercado de que a Petrobras tenha dificuldade para importar a quantidade necess\u00e1ria at\u00e9 o fim do ano nesse cen\u00e1rio em que a oferta e demanda internacionais s\u00e3o dif\u00edceis de visualizar e o governo tem colocado a estatal contra a parede. A energia ganha cada vez mais o centro da disputa eleitoral de 2022.<\/p>\n\n\n\n<h6 class=\"wp-block-heading\" id=\"block-f323f59b-51bf-4eed-b17b-3c7d3b917007\">*Roberto Rockmann <strong>\u00e9 escritor e jornalista. Coautor do livro \u201cCurto-Circuito, quando o Brasil quase ficou \u00e0s escuras\u201d e produtor do podcast quinzenal \u201cGiro Energia\u201d sobre o setor el\u00e9trico. Organizou em 2018 o livro de 20 anos do mercado livre de energia el\u00e9trica, editado pela CCEE (C\u00e2mara de Comercializa\u00e7\u00e3o de Energia El\u00e9trica), al\u00e9m de v\u00e1rios outros livros e trabalhos premiados<\/strong>.<\/h6>\n\n\n\n<p><strong>As opini\u00f5es dos autores n\u00e3o refletem necessariamente o pensamento da Ag\u00eancia iNFRA, sendo de total responsabilidade do autor as informa\u00e7\u00f5es, ju\u00edzos de valor e conceitos descritos no texto<\/strong>. <\/p>\n","protected":false},"excerpt":{"rendered":"<p>\u00a0Roberto Rockmann* Junho se inicia com a perspectiva de um fato hist\u00f3rico: a capitaliza\u00e7\u00e3o da Eletrobras, prevista para o dia 9. Os bancos que assessoram a oferta vendem a hist\u00f3ria de que tem R$ 30 bilh\u00f5es em inten\u00e7\u00f5es de demanda (contando estimativas de varejo, FGTS e priorit\u00e1ria), o que poder\u00e1 levar \u00e0 oferta adicional de [&hellip;]<\/p>\n","protected":false},"author":1,"featured_media":10496,"comment_status":"closed","ping_status":"closed","sticky":false,"template":"","format":"standard","meta":{"_monsterinsights_skip_tracking":false,"_monsterinsights_sitenote_active":false,"_monsterinsights_sitenote_note":"","_monsterinsights_sitenote_category":0,"footnotes":""},"categories":[1],"tags":[4672,50,34,904,143,3627,3898,54,1386,18],"class_list":["post-10491","post","type-post","status-publish","format-standard","has-post-thumbnail","hentry","category-geral","tag-capitalizacao-da-eletrobras","tag-eletrobras","tag-infraestrutura","tag-modernizacao-do-setor-eletrico","tag-petrobras","tag-pl-414-2021","tag-poder-executivo","tag-setor-eletrico","tag-tarifas-de-energia","tag-tcu"],"yoast_head":"<!-- This site is optimized with the Yoast SEO Premium plugin v25.4 (Yoast SEO v26.0) - https:\/\/yoast.com\/wordpress\/plugins\/seo\/ -->\n<title>An\u00e1lise: As perguntas que ficam com a capitaliza\u00e7\u00e3o da Eletrobras - Ag\u00eancia iNFRA<\/title>\n<meta name=\"robots\" content=\"index, follow, max-snippet:-1, max-image-preview:large, max-video-preview:-1\" \/>\n<link rel=\"canonical\" href=\"https:\/\/agenciainfra.com\/blog\/analise-as-perguntas-que-ficam-com-a-capitalizacao-da-eletrobras\/\" \/>\n<meta property=\"og:locale\" content=\"pt_BR\" \/>\n<meta property=\"og:type\" content=\"article\" \/>\n<meta property=\"og:title\" content=\"An\u00e1lise: As perguntas que ficam com a capitaliza\u00e7\u00e3o da Eletrobras\" \/>\n<meta property=\"og:description\" content=\"\u00a0Roberto Rockmann* Junho se inicia com a perspectiva de um fato hist\u00f3rico: a capitaliza\u00e7\u00e3o da Eletrobras, prevista para o dia 9. Os bancos que assessoram a oferta vendem a hist\u00f3ria de que tem R$ 30 bilh\u00f5es em inten\u00e7\u00f5es de demanda (contando estimativas de varejo, FGTS e priorit\u00e1ria), o que poder\u00e1 levar \u00e0 oferta adicional de [&hellip;]\" \/>\n<meta property=\"og:url\" content=\"https:\/\/agenciainfra.com\/blog\/analise-as-perguntas-que-ficam-com-a-capitalizacao-da-eletrobras\/\" \/>\n<meta property=\"og:site_name\" content=\"Ag\u00eancia iNFRA\" \/>\n<meta property=\"article:publisher\" content=\"https:\/\/www.facebook.com\/ageninfra\" \/>\n<meta property=\"article:published_time\" content=\"2022-05-30T15:00:00+00:00\" \/>\n<meta property=\"og:image\" content=\"https:\/\/agenciainfra.com\/blog\/wp-content\/uploads\/2022\/05\/eletrobras-foto-eletrobras-redes-sociais.png\" \/>\n\t<meta property=\"og:image:width\" content=\"1280\" \/>\n\t<meta property=\"og:image:height\" content=\"708\" \/>\n\t<meta property=\"og:image:type\" content=\"image\/png\" \/>\n<meta name=\"author\" content=\"Ag\u00eancia iNFRA\" \/>\n<meta name=\"twitter:card\" content=\"summary_large_image\" \/>\n<meta name=\"twitter:creator\" content=\"@agencia_infra\" \/>\n<meta name=\"twitter:site\" content=\"@agencia_infra\" \/>\n<meta name=\"twitter:label1\" content=\"Escrito por\" \/>\n\t<meta name=\"twitter:data1\" content=\"Ag\u00eancia iNFRA\" \/>\n\t<meta name=\"twitter:label2\" content=\"Est. tempo de leitura\" \/>\n\t<meta name=\"twitter:data2\" content=\"6 minutos\" \/>\n<script type=\"application\/ld+json\" class=\"yoast-schema-graph\">{\"@context\":\"https:\/\/schema.org\",\"@graph\":[{\"@type\":\"Article\",\"@id\":\"https:\/\/agenciainfra.com\/blog\/analise-as-perguntas-que-ficam-com-a-capitalizacao-da-eletrobras\/#article\",\"isPartOf\":{\"@id\":\"https:\/\/agenciainfra.com\/blog\/analise-as-perguntas-que-ficam-com-a-capitalizacao-da-eletrobras\/\"},\"author\":{\"name\":\"Ag\u00eancia iNFRA\",\"@id\":\"https:\/\/agenciainfra.com\/blog\/#\/schema\/person\/34af08dff6adea4cb22b06612ba7acfa\"},\"headline\":\"An\u00e1lise: As perguntas que ficam com a capitaliza\u00e7\u00e3o da Eletrobras\",\"datePublished\":\"2022-05-30T15:00:00+00:00\",\"mainEntityOfPage\":{\"@id\":\"https:\/\/agenciainfra.com\/blog\/analise-as-perguntas-que-ficam-com-a-capitalizacao-da-eletrobras\/\"},\"wordCount\":1305,\"publisher\":{\"@id\":\"https:\/\/agenciainfra.com\/blog\/#organization\"},\"image\":{\"@id\":\"https:\/\/agenciainfra.com\/blog\/analise-as-perguntas-que-ficam-com-a-capitalizacao-da-eletrobras\/#primaryimage\"},\"thumbnailUrl\":\"https:\/\/agenciainfra.com\/blog\/wp-content\/uploads\/2022\/05\/eletrobras-foto-eletrobras-redes-sociais.png\",\"keywords\":[\"capitaliza\u00e7\u00e3o da Eletrobras\",\"Eletrobras\",\"Infraestrutura\",\"moderniza\u00e7\u00e3o do setor el\u00e9trico\",\"Petrobras\",\"PL 414\/2021\",\"Poder Executivo\",\"Setor El\u00e9trico\",\"tarifas de energia\",\"TCU\"],\"articleSection\":[\"Geral\"],\"inLanguage\":\"pt-BR\",\"copyrightYear\":\"2022\",\"copyrightHolder\":{\"@id\":\"https:\/\/agenciainfra.com\/blog\/#organization\"}},{\"@type\":\"WebPage\",\"@id\":\"https:\/\/agenciainfra.com\/blog\/analise-as-perguntas-que-ficam-com-a-capitalizacao-da-eletrobras\/\",\"url\":\"https:\/\/agenciainfra.com\/blog\/analise-as-perguntas-que-ficam-com-a-capitalizacao-da-eletrobras\/\",\"name\":\"An\u00e1lise: As perguntas que ficam com a capitaliza\u00e7\u00e3o da Eletrobras - Ag\u00eancia iNFRA\",\"isPartOf\":{\"@id\":\"https:\/\/agenciainfra.com\/blog\/#website\"},\"primaryImageOfPage\":{\"@id\":\"https:\/\/agenciainfra.com\/blog\/analise-as-perguntas-que-ficam-com-a-capitalizacao-da-eletrobras\/#primaryimage\"},\"image\":{\"@id\":\"https:\/\/agenciainfra.com\/blog\/analise-as-perguntas-que-ficam-com-a-capitalizacao-da-eletrobras\/#primaryimage\"},\"thumbnailUrl\":\"https:\/\/agenciainfra.com\/blog\/wp-content\/uploads\/2022\/05\/eletrobras-foto-eletrobras-redes-sociais.png\",\"datePublished\":\"2022-05-30T15:00:00+00:00\",\"breadcrumb\":{\"@id\":\"https:\/\/agenciainfra.com\/blog\/analise-as-perguntas-que-ficam-com-a-capitalizacao-da-eletrobras\/#breadcrumb\"},\"inLanguage\":\"pt-BR\",\"potentialAction\":[{\"@type\":\"ReadAction\",\"target\":[\"https:\/\/agenciainfra.com\/blog\/analise-as-perguntas-que-ficam-com-a-capitalizacao-da-eletrobras\/\"]}]},{\"@type\":\"ImageObject\",\"inLanguage\":\"pt-BR\",\"@id\":\"https:\/\/agenciainfra.com\/blog\/analise-as-perguntas-que-ficam-com-a-capitalizacao-da-eletrobras\/#primaryimage\",\"url\":\"https:\/\/agenciainfra.com\/blog\/wp-content\/uploads\/2022\/05\/eletrobras-foto-eletrobras-redes-sociais.png\",\"contentUrl\":\"https:\/\/agenciainfra.com\/blog\/wp-content\/uploads\/2022\/05\/eletrobras-foto-eletrobras-redes-sociais.png\",\"width\":1280,\"height\":708,\"caption\":\"Foto: Divulga\u00e7\u00e3o\/Eletrobras\"},{\"@type\":\"BreadcrumbList\",\"@id\":\"https:\/\/agenciainfra.com\/blog\/analise-as-perguntas-que-ficam-com-a-capitalizacao-da-eletrobras\/#breadcrumb\",\"itemListElement\":[{\"@type\":\"ListItem\",\"position\":1,\"name\":\"In\u00edcio\",\"item\":\"https:\/\/agenciainfra.com\/blog\/\"},{\"@type\":\"ListItem\",\"position\":2,\"name\":\"An\u00e1lise: As perguntas que ficam com a capitaliza\u00e7\u00e3o da Eletrobras\"}]},{\"@type\":\"WebSite\",\"@id\":\"https:\/\/agenciainfra.com\/blog\/#website\",\"url\":\"https:\/\/agenciainfra.com\/blog\/\",\"name\":\"Ag\u00eancia iNFRA\",\"description\":\"Multiplataforma de informa\u00e7\u00e3o jornal\u00edstica refer\u00eancia na \u00e1rea de infraestrutura no Brasil!\",\"publisher\":{\"@id\":\"https:\/\/agenciainfra.com\/blog\/#organization\"},\"potentialAction\":[{\"@type\":\"SearchAction\",\"target\":{\"@type\":\"EntryPoint\",\"urlTemplate\":\"https:\/\/agenciainfra.com\/blog\/?s={search_term_string}\"},\"query-input\":{\"@type\":\"PropertyValueSpecification\",\"valueRequired\":true,\"valueName\":\"search_term_string\"}}],\"inLanguage\":\"pt-BR\"},{\"@type\":\"Organization\",\"@id\":\"https:\/\/agenciainfra.com\/blog\/#organization\",\"name\":\"Ag\u00eancia iNFRA\",\"url\":\"https:\/\/agenciainfra.com\/blog\/\",\"logo\":{\"@type\":\"ImageObject\",\"inLanguage\":\"pt-BR\",\"@id\":\"https:\/\/agenciainfra.com\/blog\/#\/schema\/logo\/image\/\",\"url\":\"https:\/\/agenciainfra.com\/blog\/wp-content\/uploads\/2023\/09\/iNFRA_5-e1761735885940.png\",\"contentUrl\":\"https:\/\/agenciainfra.com\/blog\/wp-content\/uploads\/2023\/09\/iNFRA_5-e1761735885940.png\",\"width\":1672,\"height\":454,\"caption\":\"Ag\u00eancia iNFRA\"},\"image\":{\"@id\":\"https:\/\/agenciainfra.com\/blog\/#\/schema\/logo\/image\/\"},\"sameAs\":[\"https:\/\/www.facebook.com\/ageninfra\",\"https:\/\/x.com\/agencia_infra\",\"https:\/\/www.linkedin.com\/company\/ag\u00eanciainfra\/\",\"https:\/\/www.instagram.com\/agenciainfra\/\"]},{\"@type\":\"Person\",\"@id\":\"https:\/\/agenciainfra.com\/blog\/#\/schema\/person\/34af08dff6adea4cb22b06612ba7acfa\",\"name\":\"Ag\u00eancia iNFRA\",\"image\":{\"@type\":\"ImageObject\",\"inLanguage\":\"pt-BR\",\"@id\":\"https:\/\/agenciainfra.com\/blog\/#\/schema\/person\/image\/\",\"url\":\"https:\/\/secure.gravatar.com\/avatar\/d189e01678f06d8eb84d4e01f08eb848b3fffe3f8443818d3c356c66892f5be8?s=96&d=mm&r=g\",\"contentUrl\":\"https:\/\/secure.gravatar.com\/avatar\/d189e01678f06d8eb84d4e01f08eb848b3fffe3f8443818d3c356c66892f5be8?s=96&d=mm&r=g\",\"caption\":\"Ag\u00eancia iNFRA\"},\"url\":\"https:\/\/agenciainfra.com\/blog\/author\/admin\/\"}]}<\/script>\n<!-- \/ Yoast SEO Premium plugin. -->","yoast_head_json":{"title":"An\u00e1lise: As perguntas que ficam com a capitaliza\u00e7\u00e3o da Eletrobras - Ag\u00eancia iNFRA","robots":{"index":"index","follow":"follow","max-snippet":"max-snippet:-1","max-image-preview":"max-image-preview:large","max-video-preview":"max-video-preview:-1"},"canonical":"https:\/\/agenciainfra.com\/blog\/analise-as-perguntas-que-ficam-com-a-capitalizacao-da-eletrobras\/","og_locale":"pt_BR","og_type":"article","og_title":"An\u00e1lise: As perguntas que ficam com a capitaliza\u00e7\u00e3o da Eletrobras","og_description":"\u00a0Roberto Rockmann* Junho se inicia com a perspectiva de um fato hist\u00f3rico: a capitaliza\u00e7\u00e3o da Eletrobras, prevista para o dia 9. Os bancos que assessoram a oferta vendem a hist\u00f3ria de que tem R$ 30 bilh\u00f5es em inten\u00e7\u00f5es de demanda (contando estimativas de varejo, FGTS e priorit\u00e1ria), o que poder\u00e1 levar \u00e0 oferta adicional de [&hellip;]","og_url":"https:\/\/agenciainfra.com\/blog\/analise-as-perguntas-que-ficam-com-a-capitalizacao-da-eletrobras\/","og_site_name":"Ag\u00eancia iNFRA","article_publisher":"https:\/\/www.facebook.com\/ageninfra","article_published_time":"2022-05-30T15:00:00+00:00","og_image":[{"width":1280,"height":708,"url":"https:\/\/agenciainfra.com\/blog\/wp-content\/uploads\/2022\/05\/eletrobras-foto-eletrobras-redes-sociais.png","type":"image\/png"}],"author":"Ag\u00eancia iNFRA","twitter_card":"summary_large_image","twitter_creator":"@agencia_infra","twitter_site":"@agencia_infra","twitter_misc":{"Escrito por":"Ag\u00eancia iNFRA","Est. tempo de leitura":"6 minutos"},"schema":{"@context":"https:\/\/schema.org","@graph":[{"@type":"Article","@id":"https:\/\/agenciainfra.com\/blog\/analise-as-perguntas-que-ficam-com-a-capitalizacao-da-eletrobras\/#article","isPartOf":{"@id":"https:\/\/agenciainfra.com\/blog\/analise-as-perguntas-que-ficam-com-a-capitalizacao-da-eletrobras\/"},"author":{"name":"Ag\u00eancia iNFRA","@id":"https:\/\/agenciainfra.com\/blog\/#\/schema\/person\/34af08dff6adea4cb22b06612ba7acfa"},"headline":"An\u00e1lise: As perguntas que ficam com a capitaliza\u00e7\u00e3o da Eletrobras","datePublished":"2022-05-30T15:00:00+00:00","mainEntityOfPage":{"@id":"https:\/\/agenciainfra.com\/blog\/analise-as-perguntas-que-ficam-com-a-capitalizacao-da-eletrobras\/"},"wordCount":1305,"publisher":{"@id":"https:\/\/agenciainfra.com\/blog\/#organization"},"image":{"@id":"https:\/\/agenciainfra.com\/blog\/analise-as-perguntas-que-ficam-com-a-capitalizacao-da-eletrobras\/#primaryimage"},"thumbnailUrl":"https:\/\/agenciainfra.com\/blog\/wp-content\/uploads\/2022\/05\/eletrobras-foto-eletrobras-redes-sociais.png","keywords":["capitaliza\u00e7\u00e3o da Eletrobras","Eletrobras","Infraestrutura","moderniza\u00e7\u00e3o do setor el\u00e9trico","Petrobras","PL 414\/2021","Poder Executivo","Setor El\u00e9trico","tarifas de energia","TCU"],"articleSection":["Geral"],"inLanguage":"pt-BR","copyrightYear":"2022","copyrightHolder":{"@id":"https:\/\/agenciainfra.com\/blog\/#organization"}},{"@type":"WebPage","@id":"https:\/\/agenciainfra.com\/blog\/analise-as-perguntas-que-ficam-com-a-capitalizacao-da-eletrobras\/","url":"https:\/\/agenciainfra.com\/blog\/analise-as-perguntas-que-ficam-com-a-capitalizacao-da-eletrobras\/","name":"An\u00e1lise: As perguntas que ficam com a capitaliza\u00e7\u00e3o da Eletrobras - Ag\u00eancia iNFRA","isPartOf":{"@id":"https:\/\/agenciainfra.com\/blog\/#website"},"primaryImageOfPage":{"@id":"https:\/\/agenciainfra.com\/blog\/analise-as-perguntas-que-ficam-com-a-capitalizacao-da-eletrobras\/#primaryimage"},"image":{"@id":"https:\/\/agenciainfra.com\/blog\/analise-as-perguntas-que-ficam-com-a-capitalizacao-da-eletrobras\/#primaryimage"},"thumbnailUrl":"https:\/\/agenciainfra.com\/blog\/wp-content\/uploads\/2022\/05\/eletrobras-foto-eletrobras-redes-sociais.png","datePublished":"2022-05-30T15:00:00+00:00","breadcrumb":{"@id":"https:\/\/agenciainfra.com\/blog\/analise-as-perguntas-que-ficam-com-a-capitalizacao-da-eletrobras\/#breadcrumb"},"inLanguage":"pt-BR","potentialAction":[{"@type":"ReadAction","target":["https:\/\/agenciainfra.com\/blog\/analise-as-perguntas-que-ficam-com-a-capitalizacao-da-eletrobras\/"]}]},{"@type":"ImageObject","inLanguage":"pt-BR","@id":"https:\/\/agenciainfra.com\/blog\/analise-as-perguntas-que-ficam-com-a-capitalizacao-da-eletrobras\/#primaryimage","url":"https:\/\/agenciainfra.com\/blog\/wp-content\/uploads\/2022\/05\/eletrobras-foto-eletrobras-redes-sociais.png","contentUrl":"https:\/\/agenciainfra.com\/blog\/wp-content\/uploads\/2022\/05\/eletrobras-foto-eletrobras-redes-sociais.png","width":1280,"height":708,"caption":"Foto: Divulga\u00e7\u00e3o\/Eletrobras"},{"@type":"BreadcrumbList","@id":"https:\/\/agenciainfra.com\/blog\/analise-as-perguntas-que-ficam-com-a-capitalizacao-da-eletrobras\/#breadcrumb","itemListElement":[{"@type":"ListItem","position":1,"name":"In\u00edcio","item":"https:\/\/agenciainfra.com\/blog\/"},{"@type":"ListItem","position":2,"name":"An\u00e1lise: As perguntas que ficam com a capitaliza\u00e7\u00e3o da Eletrobras"}]},{"@type":"WebSite","@id":"https:\/\/agenciainfra.com\/blog\/#website","url":"https:\/\/agenciainfra.com\/blog\/","name":"Ag\u00eancia iNFRA","description":"Multiplataforma de informa\u00e7\u00e3o jornal\u00edstica refer\u00eancia na \u00e1rea de infraestrutura no Brasil!","publisher":{"@id":"https:\/\/agenciainfra.com\/blog\/#organization"},"potentialAction":[{"@type":"SearchAction","target":{"@type":"EntryPoint","urlTemplate":"https:\/\/agenciainfra.com\/blog\/?s={search_term_string}"},"query-input":{"@type":"PropertyValueSpecification","valueRequired":true,"valueName":"search_term_string"}}],"inLanguage":"pt-BR"},{"@type":"Organization","@id":"https:\/\/agenciainfra.com\/blog\/#organization","name":"Ag\u00eancia iNFRA","url":"https:\/\/agenciainfra.com\/blog\/","logo":{"@type":"ImageObject","inLanguage":"pt-BR","@id":"https:\/\/agenciainfra.com\/blog\/#\/schema\/logo\/image\/","url":"https:\/\/agenciainfra.com\/blog\/wp-content\/uploads\/2023\/09\/iNFRA_5-e1761735885940.png","contentUrl":"https:\/\/agenciainfra.com\/blog\/wp-content\/uploads\/2023\/09\/iNFRA_5-e1761735885940.png","width":1672,"height":454,"caption":"Ag\u00eancia iNFRA"},"image":{"@id":"https:\/\/agenciainfra.com\/blog\/#\/schema\/logo\/image\/"},"sameAs":["https:\/\/www.facebook.com\/ageninfra","https:\/\/x.com\/agencia_infra","https:\/\/www.linkedin.com\/company\/ag\u00eanciainfra\/","https:\/\/www.instagram.com\/agenciainfra\/"]},{"@type":"Person","@id":"https:\/\/agenciainfra.com\/blog\/#\/schema\/person\/34af08dff6adea4cb22b06612ba7acfa","name":"Ag\u00eancia iNFRA","image":{"@type":"ImageObject","inLanguage":"pt-BR","@id":"https:\/\/agenciainfra.com\/blog\/#\/schema\/person\/image\/","url":"https:\/\/secure.gravatar.com\/avatar\/d189e01678f06d8eb84d4e01f08eb848b3fffe3f8443818d3c356c66892f5be8?s=96&d=mm&r=g","contentUrl":"https:\/\/secure.gravatar.com\/avatar\/d189e01678f06d8eb84d4e01f08eb848b3fffe3f8443818d3c356c66892f5be8?s=96&d=mm&r=g","caption":"Ag\u00eancia iNFRA"},"url":"https:\/\/agenciainfra.com\/blog\/author\/admin\/"}]}},"_links":{"self":[{"href":"https:\/\/agenciainfra.com\/blog\/wp-json\/wp\/v2\/posts\/10491","targetHints":{"allow":["GET"]}}],"collection":[{"href":"https:\/\/agenciainfra.com\/blog\/wp-json\/wp\/v2\/posts"}],"about":[{"href":"https:\/\/agenciainfra.com\/blog\/wp-json\/wp\/v2\/types\/post"}],"author":[{"embeddable":true,"href":"https:\/\/agenciainfra.com\/blog\/wp-json\/wp\/v2\/users\/1"}],"replies":[{"embeddable":true,"href":"https:\/\/agenciainfra.com\/blog\/wp-json\/wp\/v2\/comments?post=10491"}],"version-history":[{"count":0,"href":"https:\/\/agenciainfra.com\/blog\/wp-json\/wp\/v2\/posts\/10491\/revisions"}],"wp:featuredmedia":[{"embeddable":true,"href":"https:\/\/agenciainfra.com\/blog\/wp-json\/wp\/v2\/media\/10496"}],"wp:attachment":[{"href":"https:\/\/agenciainfra.com\/blog\/wp-json\/wp\/v2\/media?parent=10491"}],"wp:term":[{"taxonomy":"category","embeddable":true,"href":"https:\/\/agenciainfra.com\/blog\/wp-json\/wp\/v2\/categories?post=10491"},{"taxonomy":"post_tag","embeddable":true,"href":"https:\/\/agenciainfra.com\/blog\/wp-json\/wp\/v2\/tags?post=10491"}],"curies":[{"name":"wp","href":"https:\/\/api.w.org\/{rel}","templated":true}]}}