{"id":10526,"date":"2022-06-02T10:00:00","date_gmt":"2022-06-02T13:00:00","guid":{"rendered":"https:\/\/www.agenciainfra.com\/blog\/?p=10526"},"modified":"2022-06-01T11:09:10","modified_gmt":"2022-06-01T14:09:10","slug":"infradebate-caminhos-para-a-sustentabilidade-portuaria","status":"publish","type":"post","link":"https:\/\/agenciainfra.com\/blog\/infradebate-caminhos-para-a-sustentabilidade-portuaria\/","title":{"rendered":"iNFRADebate: Caminhos para a sustentabilidade portu\u00e1ria"},"content":{"rendered":"\n<p class=\"has-text-align-right\"><strong>Augusto Wagner Padilha Martins*<\/strong><\/p>\n\n\n\n<p>Ainda s\u00e3o t\u00edmidas as iniciativas dos portos e terminais brasileiros rumo ao cen\u00e1rio de n\u00e3o emiss\u00f5es de carbono, meta essa ratificada nas conven\u00e7\u00f5es mundiais acerca da preserva\u00e7\u00e3o do planeta. Retiradas as provid\u00eancias obrigat\u00f3rias, previstas em leis e nas condicionantes ambientais de licen\u00e7as para instalar ou operar, nada de substancial e definitivo \u00e9 realizado, apesar de aqui e ali surgirem ideias e planos pioneiros de sustentabilidade que, se perseguidos nos pr\u00f3ximos anos, poder\u00e3o resultar em a\u00e7\u00f5es efetivas.<\/p>\n\n\n\n<p>No entanto, o tema veio para ficar. A Europa j\u00e1 iniciou processos de sustentabilidade na sua atividade produtiva visando alcan\u00e7ar a emiss\u00e3o zero de carbono at\u00e9 2050, com metas transit\u00f3rias ambiciosas para 2030. O ano de 2021 ser\u00e1 marcado pelas discuss\u00f5es da COP 26, que trouxeram \u00e0 pauta ambiental um salutar sentido de urg\u00eancia. As decis\u00f5es comuns a mais de 200 pa\u00edses que l\u00e1 estiveram defendem a necessidade de &#8220;acelerar&#8221; (1) a transi\u00e7\u00e3o energ\u00e9tica para fontes limpas, e (2) os esfor\u00e7os para reduzir subs\u00eddios &#8220;ineficientes&#8221; a combust\u00edveis f\u00f3sseis e o uso de carv\u00e3o que n\u00e3o use tecnologia de compensa\u00e7\u00e3o de emiss\u00f5es.<\/p>\n\n\n\n<p>Segundo a m\u00eddia especializada, \u201c<em>o texto estabelece a necessidade de redu\u00e7\u00e3o global das emiss\u00f5es de di\u00f3xido de carbono em 45% at\u00e9 2030, na compara\u00e7\u00e3o com 2010, e de neutralidade de libera\u00e7\u00e3o de CO2 at\u00e9 2050 \u2013 quando emiss\u00f5es s\u00e3o reduzidas ao m\u00e1ximo e as restantes s\u00e3o totalmente compensadas por reflorestamento e tecnologias de captura de carbono da atmosfera<\/em>\u201d. Como parte desse processo, os pa\u00edses signat\u00e1rios j\u00e1 dever\u00e3o apresentar em 2022 um plano de compromissos com a redu\u00e7\u00e3o de gases que promovem o efeito estufa.<\/p>\n\n\n\n<p>\u00c9 urgente, pois, para n\u00f3s brasileiros, discutir, definir e promover uma pauta de sustentabilidade de alt\u00edssimo n\u00edvel, que sensibilize, ensine, planeje e promova a\u00e7\u00f5es de longo prazo visando tornar nossos entes produtivos, portos e terminais inclusive, em agentes n\u00e3o emissores de carbono e altamente engajados numa miss\u00e3o mundial de salva\u00e7\u00e3o do planeta.<\/p>\n\n\n\n<p>E certamente tais a\u00e7\u00f5es n\u00e3o ter\u00e3o volta. Logo essas provid\u00eancias se tornar\u00e3o indispens\u00e1veis na venda de produtos e servi\u00e7os, na forma\u00e7\u00e3o do pre\u00e7o, na capta\u00e7\u00e3o de recursos de acionistas e na negocia\u00e7\u00e3o de financiamento e empr\u00e9stimos, al\u00e9m da inser\u00e7\u00e3o em programas governamentais sens\u00edveis \u00e0 quest\u00e3o ambiental. O caminho tamb\u00e9m exigir\u00e1 respostas para temas dif\u00edceis e tabus que ainda permeiam a tomada de decis\u00e3o de nossos executivos portu\u00e1rios. Sem pretender ser exaustivo, est\u00e3o aqui alguns pontos importantes:<\/p>\n\n\n\n<ol class=\"wp-block-list\"><li>H\u00e1 no pa\u00eds uma manifesta m\u00e1 vontade com o tema, visto como um embara\u00e7o ao lucro e um empecilho ao crescimento econ\u00f4mico. Ao contr\u00e1rio, a sustentabilidade \u00e9 indutora de novas receitas e de melhor qualidade de vida dessa e das pr\u00f3ximas gera\u00e7\u00f5es.&nbsp;<\/li><li>A automa\u00e7\u00e3o e a digitaliza\u00e7\u00e3o reduzem as emiss\u00f5es de carbono e dever\u00e3o substituir tarefas demandadoras de combust\u00edveis e materiais por tarefas digitais. Esse \u00e9 um dos caminhos que terminais e autoridades portu\u00e1rias precisam percorrer para a redu\u00e7\u00e3o de danos ambientais.&nbsp;&nbsp;<\/li><li>A gest\u00e3o de res\u00edduos s\u00f3lidos deve ser levada com seriedade e ter metas progressivas de n\u00e3o gera\u00e7\u00e3o. Caso isso n\u00e3o seja poss\u00edvel em todos os pontos das cadeias produtivas, \u00e9 necess\u00e1rio definir metas audaciosas de substitui\u00e7\u00e3o de materiais, reciclagem e\/ou gera\u00e7\u00e3o de bioenergia.<\/li><li>\u00c9 indispens\u00e1vel definir metas que reduzam \u2013 e cheguem \u00e0 extin\u00e7\u00e3o \u2013 a emiss\u00e3o de carbono de ve\u00edculos e equipamentos. A substitui\u00e7\u00e3o daqueles movidos a combust\u00edveis f\u00f3sseis por el\u00e9tricos \u00e9, sem d\u00favida, uma primeira fase indispens\u00e1vel no processo de sustentabilidade portu\u00e1ria.<\/li><li>Da mesma forma, \u00e9 urgente a fixa\u00e7\u00e3o de metas de redu\u00e7\u00e3o de consumo de energia el\u00e9trica oriunda da rede p\u00fablica em edif\u00edcios e galp\u00f5es. O s\u00edtio portu\u00e1rio deve buscar sua autossufici\u00eancia energ\u00e9tica com fontes renov\u00e1veis (fotovoltaica, biocombust\u00edveis e a gera\u00e7\u00e3o e\u00f3lica).<\/li><li>\u00c9 salutar o est\u00edmulo, atrav\u00e9s de pol\u00edticas de descontos, \u00e0 recep\u00e7\u00e3o e opera\u00e7\u00e3o de navios que usem combust\u00edveis verdes certificados. At\u00e9 que isso ocorra, \u00e9 indispens\u00e1vel a oferta de energias alternativas a navios ancorados, que permitam que aqueles que usem combust\u00edveis convencionais possam reduzir ou zerar a emiss\u00e3o de poluentes enquanto estiverem no cais.<\/li><li>Integra\u00e7\u00e3o da comunidade portu\u00e1ria com a academia, a municipalidade e a sociedade local para que tenham a mesma percep\u00e7\u00e3o de import\u00e2ncia e urg\u00eancia da ado\u00e7\u00e3o de medidas ambientais de transi\u00e7\u00e3o energ\u00e9tica, promovendo ainda o necess\u00e1rio nivelamento do conhecimento, do reconhecimento das necessidades e dos desafios que precisam ser vencidos.<\/li><\/ol>\n\n\n\n<p>Dada a abrang\u00eancia e multiplicidade das a\u00e7\u00f5es, \u00e9 preciso que a comunidade de provedores e demandadores de servi\u00e7os portu\u00e1rios elabore e execute, em parceria com as autoridades intervenientes (municipais, estaduais e federais), um plano estrat\u00e9gico que defina quais objetivos alcan\u00e7ar, seus cronogramas, estrat\u00e9gias e custos a compartilhar, promovendo-se, assim, a transi\u00e7\u00e3o energ\u00e9tica paulatina e a descarboniza\u00e7\u00e3o da atividade. Trar\u00e1 melhores impactos e menores custos se n\u00e3o for deixada para amanh\u00e3.<\/p>\n\n\n\n<h6 class=\"wp-block-heading\">*Augusto Wagner Padilha Martins<strong> \u00e9 economista e consultor de empresas na \u00e1rea de log\u00edstica. Exerceu diversas fun\u00e7\u00f5es p\u00fablicas, inclusive a de secret\u00e1rio-executivo e ministro interino de Portos, a presid\u00eancia de conselhos de administra\u00e7\u00e3o de autoridades portu\u00e1rias e cargos diretivos em empresas privadas do setor portu\u00e1rio.\u00a0<\/strong><\/h6>\n\n\n\n<h5 class=\"wp-block-heading\" id=\"block-d67878ff-7627-4f15-b175-8f58269174ff\">O iNFRADebate \u00e9 o espa\u00e7o de artigos da Ag\u00eancia iNFRA com opini\u00f5es de seus atores que n\u00e3o refletem necessariamente o pensamento da Ag\u00eancia iNFRA, sendo de total responsabilidade do autor as informa\u00e7\u00f5es, ju\u00edzos de valor e conceitos descritos no texto.<\/h5>\n","protected":false},"excerpt":{"rendered":"<p>Augusto Wagner Padilha Martins* Ainda s\u00e3o t\u00edmidas as iniciativas dos portos e terminais brasileiros rumo ao cen\u00e1rio de n\u00e3o emiss\u00f5es de carbono, meta essa ratificada nas conven\u00e7\u00f5es mundiais acerca da preserva\u00e7\u00e3o do planeta. Retiradas as provid\u00eancias obrigat\u00f3rias, previstas em leis e nas condicionantes ambientais de licen\u00e7as para instalar ou operar, nada de substancial e definitivo [&hellip;]<\/p>\n","protected":false},"author":1,"featured_media":10528,"comment_status":"closed","ping_status":"closed","sticky":false,"template":"","format":"standard","meta":{"_monsterinsights_skip_tracking":false,"_monsterinsights_sitenote_active":false,"_monsterinsights_sitenote_note":"","_monsterinsights_sitenote_category":0,"footnotes":""},"categories":[1,11],"tags":[3361,5065,34,1726,849,310,1201,1573,623,70],"class_list":["post-10526","post","type-post","status-publish","format-standard","has-post-thumbnail","hentry","category-geral","category-infradebate","tag-descarbonizacao","tag-emissao-de-carbono","tag-infraestrutura","tag-infraestrutura-portuaria","tag-meio-ambiente","tag-portos","tag-setor-portuario","tag-sustentabilidade","tag-terminais-portuarios","tag-transportes"],"yoast_head":"<!-- This site is optimized with the Yoast SEO Premium plugin v25.4 (Yoast SEO v26.0) - https:\/\/yoast.com\/wordpress\/plugins\/seo\/ -->\n<title>iNFRADebate: Caminhos para a sustentabilidade portu\u00e1ria - Ag\u00eancia iNFRA<\/title>\n<meta name=\"robots\" content=\"index, follow, max-snippet:-1, max-image-preview:large, max-video-preview:-1\" \/>\n<link rel=\"canonical\" href=\"https:\/\/agenciainfra.com\/blog\/infradebate-caminhos-para-a-sustentabilidade-portuaria\/\" \/>\n<meta property=\"og:locale\" content=\"pt_BR\" \/>\n<meta property=\"og:type\" content=\"article\" \/>\n<meta property=\"og:title\" content=\"iNFRADebate: Caminhos para a sustentabilidade portu\u00e1ria\" \/>\n<meta property=\"og:description\" content=\"Augusto Wagner Padilha Martins* Ainda s\u00e3o t\u00edmidas as iniciativas dos portos e terminais brasileiros rumo ao cen\u00e1rio de n\u00e3o emiss\u00f5es de carbono, meta essa ratificada nas conven\u00e7\u00f5es mundiais acerca da preserva\u00e7\u00e3o do planeta. Retiradas as provid\u00eancias obrigat\u00f3rias, previstas em leis e nas condicionantes ambientais de licen\u00e7as para instalar ou operar, nada de substancial e definitivo [&hellip;]\" \/>\n<meta property=\"og:url\" content=\"https:\/\/agenciainfra.com\/blog\/infradebate-caminhos-para-a-sustentabilidade-portuaria\/\" \/>\n<meta property=\"og:site_name\" content=\"Ag\u00eancia iNFRA\" \/>\n<meta property=\"article:publisher\" content=\"https:\/\/www.facebook.com\/ageninfra\" \/>\n<meta property=\"article:published_time\" content=\"2022-06-02T13:00:00+00:00\" \/>\n<meta property=\"og:image\" content=\"https:\/\/agenciainfra.com\/blog\/wp-content\/uploads\/2022\/06\/navios-portos-foto-dominio-publico.jpg\" \/>\n\t<meta property=\"og:image:width\" content=\"1920\" \/>\n\t<meta property=\"og:image:height\" content=\"1293\" \/>\n\t<meta property=\"og:image:type\" content=\"image\/jpeg\" \/>\n<meta name=\"author\" content=\"Ag\u00eancia iNFRA\" \/>\n<meta name=\"twitter:card\" content=\"summary_large_image\" \/>\n<meta name=\"twitter:creator\" content=\"@agencia_infra\" \/>\n<meta name=\"twitter:site\" content=\"@agencia_infra\" \/>\n<meta name=\"twitter:label1\" content=\"Escrito por\" \/>\n\t<meta name=\"twitter:data1\" content=\"Ag\u00eancia iNFRA\" \/>\n\t<meta name=\"twitter:label2\" content=\"Est. tempo de leitura\" \/>\n\t<meta name=\"twitter:data2\" content=\"5 minutos\" \/>\n<script type=\"application\/ld+json\" class=\"yoast-schema-graph\">{\"@context\":\"https:\/\/schema.org\",\"@graph\":[{\"@type\":\"Article\",\"@id\":\"https:\/\/agenciainfra.com\/blog\/infradebate-caminhos-para-a-sustentabilidade-portuaria\/#article\",\"isPartOf\":{\"@id\":\"https:\/\/agenciainfra.com\/blog\/infradebate-caminhos-para-a-sustentabilidade-portuaria\/\"},\"author\":{\"name\":\"Ag\u00eancia iNFRA\",\"@id\":\"https:\/\/agenciainfra.com\/blog\/#\/schema\/person\/34af08dff6adea4cb22b06612ba7acfa\"},\"headline\":\"iNFRADebate: Caminhos para a sustentabilidade portu\u00e1ria\",\"datePublished\":\"2022-06-02T13:00:00+00:00\",\"mainEntityOfPage\":{\"@id\":\"https:\/\/agenciainfra.com\/blog\/infradebate-caminhos-para-a-sustentabilidade-portuaria\/\"},\"wordCount\":1001,\"publisher\":{\"@id\":\"https:\/\/agenciainfra.com\/blog\/#organization\"},\"image\":{\"@id\":\"https:\/\/agenciainfra.com\/blog\/infradebate-caminhos-para-a-sustentabilidade-portuaria\/#primaryimage\"},\"thumbnailUrl\":\"https:\/\/agenciainfra.com\/blog\/wp-content\/uploads\/2022\/06\/navios-portos-foto-dominio-publico-e1752758806296.jpg\",\"keywords\":[\"Descarboniza\u00e7\u00e3o\",\"emiss\u00e3o de carbono\",\"Infraestrutura\",\"infraestrutura portu\u00e1ria\",\"meio ambiente\",\"portos\",\"setor portu\u00e1rio\",\"sustentabilidade\",\"terminais portu\u00e1rios\",\"transportes\"],\"articleSection\":[\"Geral\",\"iNFRADebate\"],\"inLanguage\":\"pt-BR\",\"copyrightYear\":\"2022\",\"copyrightHolder\":{\"@id\":\"https:\/\/agenciainfra.com\/blog\/#organization\"}},{\"@type\":\"WebPage\",\"@id\":\"https:\/\/agenciainfra.com\/blog\/infradebate-caminhos-para-a-sustentabilidade-portuaria\/\",\"url\":\"https:\/\/agenciainfra.com\/blog\/infradebate-caminhos-para-a-sustentabilidade-portuaria\/\",\"name\":\"iNFRADebate: Caminhos para a sustentabilidade portu\u00e1ria - Ag\u00eancia iNFRA\",\"isPartOf\":{\"@id\":\"https:\/\/agenciainfra.com\/blog\/#website\"},\"primaryImageOfPage\":{\"@id\":\"https:\/\/agenciainfra.com\/blog\/infradebate-caminhos-para-a-sustentabilidade-portuaria\/#primaryimage\"},\"image\":{\"@id\":\"https:\/\/agenciainfra.com\/blog\/infradebate-caminhos-para-a-sustentabilidade-portuaria\/#primaryimage\"},\"thumbnailUrl\":\"https:\/\/agenciainfra.com\/blog\/wp-content\/uploads\/2022\/06\/navios-portos-foto-dominio-publico-e1752758806296.jpg\",\"datePublished\":\"2022-06-02T13:00:00+00:00\",\"breadcrumb\":{\"@id\":\"https:\/\/agenciainfra.com\/blog\/infradebate-caminhos-para-a-sustentabilidade-portuaria\/#breadcrumb\"},\"inLanguage\":\"pt-BR\",\"potentialAction\":[{\"@type\":\"ReadAction\",\"target\":[\"https:\/\/agenciainfra.com\/blog\/infradebate-caminhos-para-a-sustentabilidade-portuaria\/\"]}]},{\"@type\":\"ImageObject\",\"inLanguage\":\"pt-BR\",\"@id\":\"https:\/\/agenciainfra.com\/blog\/infradebate-caminhos-para-a-sustentabilidade-portuaria\/#primaryimage\",\"url\":\"https:\/\/agenciainfra.com\/blog\/wp-content\/uploads\/2022\/06\/navios-portos-foto-dominio-publico-e1752758806296.jpg\",\"contentUrl\":\"https:\/\/agenciainfra.com\/blog\/wp-content\/uploads\/2022\/06\/navios-portos-foto-dominio-publico-e1752758806296.jpg\",\"width\":1280,\"height\":862,\"caption\":\"Foto: Dom\u00ednio P\u00fablico\"},{\"@type\":\"BreadcrumbList\",\"@id\":\"https:\/\/agenciainfra.com\/blog\/infradebate-caminhos-para-a-sustentabilidade-portuaria\/#breadcrumb\",\"itemListElement\":[{\"@type\":\"ListItem\",\"position\":1,\"name\":\"In\u00edcio\",\"item\":\"https:\/\/agenciainfra.com\/blog\/\"},{\"@type\":\"ListItem\",\"position\":2,\"name\":\"iNFRADebate: Caminhos para a sustentabilidade portu\u00e1ria\"}]},{\"@type\":\"WebSite\",\"@id\":\"https:\/\/agenciainfra.com\/blog\/#website\",\"url\":\"https:\/\/agenciainfra.com\/blog\/\",\"name\":\"Ag\u00eancia iNFRA\",\"description\":\"Multiplataforma de informa\u00e7\u00e3o jornal\u00edstica refer\u00eancia na \u00e1rea de infraestrutura no Brasil!\",\"publisher\":{\"@id\":\"https:\/\/agenciainfra.com\/blog\/#organization\"},\"potentialAction\":[{\"@type\":\"SearchAction\",\"target\":{\"@type\":\"EntryPoint\",\"urlTemplate\":\"https:\/\/agenciainfra.com\/blog\/?s={search_term_string}\"},\"query-input\":{\"@type\":\"PropertyValueSpecification\",\"valueRequired\":true,\"valueName\":\"search_term_string\"}}],\"inLanguage\":\"pt-BR\"},{\"@type\":\"Organization\",\"@id\":\"https:\/\/agenciainfra.com\/blog\/#organization\",\"name\":\"Ag\u00eancia iNFRA\",\"url\":\"https:\/\/agenciainfra.com\/blog\/\",\"logo\":{\"@type\":\"ImageObject\",\"inLanguage\":\"pt-BR\",\"@id\":\"https:\/\/agenciainfra.com\/blog\/#\/schema\/logo\/image\/\",\"url\":\"https:\/\/agenciainfra.com\/blog\/wp-content\/uploads\/2023\/09\/iNFRA_5-e1761735885940.png\",\"contentUrl\":\"https:\/\/agenciainfra.com\/blog\/wp-content\/uploads\/2023\/09\/iNFRA_5-e1761735885940.png\",\"width\":1672,\"height\":454,\"caption\":\"Ag\u00eancia iNFRA\"},\"image\":{\"@id\":\"https:\/\/agenciainfra.com\/blog\/#\/schema\/logo\/image\/\"},\"sameAs\":[\"https:\/\/www.facebook.com\/ageninfra\",\"https:\/\/x.com\/agencia_infra\",\"https:\/\/www.linkedin.com\/company\/ag\u00eanciainfra\/\",\"https:\/\/www.instagram.com\/agenciainfra\/\"]},{\"@type\":\"Person\",\"@id\":\"https:\/\/agenciainfra.com\/blog\/#\/schema\/person\/34af08dff6adea4cb22b06612ba7acfa\",\"name\":\"Ag\u00eancia iNFRA\",\"image\":{\"@type\":\"ImageObject\",\"inLanguage\":\"pt-BR\",\"@id\":\"https:\/\/agenciainfra.com\/blog\/#\/schema\/person\/image\/\",\"url\":\"https:\/\/secure.gravatar.com\/avatar\/d189e01678f06d8eb84d4e01f08eb848b3fffe3f8443818d3c356c66892f5be8?s=96&d=mm&r=g\",\"contentUrl\":\"https:\/\/secure.gravatar.com\/avatar\/d189e01678f06d8eb84d4e01f08eb848b3fffe3f8443818d3c356c66892f5be8?s=96&d=mm&r=g\",\"caption\":\"Ag\u00eancia iNFRA\"},\"url\":\"https:\/\/agenciainfra.com\/blog\/author\/admin\/\"}]}<\/script>\n<!-- \/ Yoast SEO Premium plugin. -->","yoast_head_json":{"title":"iNFRADebate: Caminhos para a sustentabilidade portu\u00e1ria - Ag\u00eancia iNFRA","robots":{"index":"index","follow":"follow","max-snippet":"max-snippet:-1","max-image-preview":"max-image-preview:large","max-video-preview":"max-video-preview:-1"},"canonical":"https:\/\/agenciainfra.com\/blog\/infradebate-caminhos-para-a-sustentabilidade-portuaria\/","og_locale":"pt_BR","og_type":"article","og_title":"iNFRADebate: Caminhos para a sustentabilidade portu\u00e1ria","og_description":"Augusto Wagner Padilha Martins* Ainda s\u00e3o t\u00edmidas as iniciativas dos portos e terminais brasileiros rumo ao cen\u00e1rio de n\u00e3o emiss\u00f5es de carbono, meta essa ratificada nas conven\u00e7\u00f5es mundiais acerca da preserva\u00e7\u00e3o do planeta. Retiradas as provid\u00eancias obrigat\u00f3rias, previstas em leis e nas condicionantes ambientais de licen\u00e7as para instalar ou operar, nada de substancial e definitivo [&hellip;]","og_url":"https:\/\/agenciainfra.com\/blog\/infradebate-caminhos-para-a-sustentabilidade-portuaria\/","og_site_name":"Ag\u00eancia iNFRA","article_publisher":"https:\/\/www.facebook.com\/ageninfra","article_published_time":"2022-06-02T13:00:00+00:00","og_image":[{"width":1920,"height":1293,"url":"https:\/\/agenciainfra.com\/blog\/wp-content\/uploads\/2022\/06\/navios-portos-foto-dominio-publico.jpg","type":"image\/jpeg"}],"author":"Ag\u00eancia iNFRA","twitter_card":"summary_large_image","twitter_creator":"@agencia_infra","twitter_site":"@agencia_infra","twitter_misc":{"Escrito por":"Ag\u00eancia iNFRA","Est. tempo de leitura":"5 minutos"},"schema":{"@context":"https:\/\/schema.org","@graph":[{"@type":"Article","@id":"https:\/\/agenciainfra.com\/blog\/infradebate-caminhos-para-a-sustentabilidade-portuaria\/#article","isPartOf":{"@id":"https:\/\/agenciainfra.com\/blog\/infradebate-caminhos-para-a-sustentabilidade-portuaria\/"},"author":{"name":"Ag\u00eancia iNFRA","@id":"https:\/\/agenciainfra.com\/blog\/#\/schema\/person\/34af08dff6adea4cb22b06612ba7acfa"},"headline":"iNFRADebate: Caminhos para a sustentabilidade portu\u00e1ria","datePublished":"2022-06-02T13:00:00+00:00","mainEntityOfPage":{"@id":"https:\/\/agenciainfra.com\/blog\/infradebate-caminhos-para-a-sustentabilidade-portuaria\/"},"wordCount":1001,"publisher":{"@id":"https:\/\/agenciainfra.com\/blog\/#organization"},"image":{"@id":"https:\/\/agenciainfra.com\/blog\/infradebate-caminhos-para-a-sustentabilidade-portuaria\/#primaryimage"},"thumbnailUrl":"https:\/\/agenciainfra.com\/blog\/wp-content\/uploads\/2022\/06\/navios-portos-foto-dominio-publico-e1752758806296.jpg","keywords":["Descarboniza\u00e7\u00e3o","emiss\u00e3o de carbono","Infraestrutura","infraestrutura portu\u00e1ria","meio ambiente","portos","setor portu\u00e1rio","sustentabilidade","terminais portu\u00e1rios","transportes"],"articleSection":["Geral","iNFRADebate"],"inLanguage":"pt-BR","copyrightYear":"2022","copyrightHolder":{"@id":"https:\/\/agenciainfra.com\/blog\/#organization"}},{"@type":"WebPage","@id":"https:\/\/agenciainfra.com\/blog\/infradebate-caminhos-para-a-sustentabilidade-portuaria\/","url":"https:\/\/agenciainfra.com\/blog\/infradebate-caminhos-para-a-sustentabilidade-portuaria\/","name":"iNFRADebate: Caminhos para a sustentabilidade portu\u00e1ria - Ag\u00eancia iNFRA","isPartOf":{"@id":"https:\/\/agenciainfra.com\/blog\/#website"},"primaryImageOfPage":{"@id":"https:\/\/agenciainfra.com\/blog\/infradebate-caminhos-para-a-sustentabilidade-portuaria\/#primaryimage"},"image":{"@id":"https:\/\/agenciainfra.com\/blog\/infradebate-caminhos-para-a-sustentabilidade-portuaria\/#primaryimage"},"thumbnailUrl":"https:\/\/agenciainfra.com\/blog\/wp-content\/uploads\/2022\/06\/navios-portos-foto-dominio-publico-e1752758806296.jpg","datePublished":"2022-06-02T13:00:00+00:00","breadcrumb":{"@id":"https:\/\/agenciainfra.com\/blog\/infradebate-caminhos-para-a-sustentabilidade-portuaria\/#breadcrumb"},"inLanguage":"pt-BR","potentialAction":[{"@type":"ReadAction","target":["https:\/\/agenciainfra.com\/blog\/infradebate-caminhos-para-a-sustentabilidade-portuaria\/"]}]},{"@type":"ImageObject","inLanguage":"pt-BR","@id":"https:\/\/agenciainfra.com\/blog\/infradebate-caminhos-para-a-sustentabilidade-portuaria\/#primaryimage","url":"https:\/\/agenciainfra.com\/blog\/wp-content\/uploads\/2022\/06\/navios-portos-foto-dominio-publico-e1752758806296.jpg","contentUrl":"https:\/\/agenciainfra.com\/blog\/wp-content\/uploads\/2022\/06\/navios-portos-foto-dominio-publico-e1752758806296.jpg","width":1280,"height":862,"caption":"Foto: Dom\u00ednio P\u00fablico"},{"@type":"BreadcrumbList","@id":"https:\/\/agenciainfra.com\/blog\/infradebate-caminhos-para-a-sustentabilidade-portuaria\/#breadcrumb","itemListElement":[{"@type":"ListItem","position":1,"name":"In\u00edcio","item":"https:\/\/agenciainfra.com\/blog\/"},{"@type":"ListItem","position":2,"name":"iNFRADebate: Caminhos para a sustentabilidade portu\u00e1ria"}]},{"@type":"WebSite","@id":"https:\/\/agenciainfra.com\/blog\/#website","url":"https:\/\/agenciainfra.com\/blog\/","name":"Ag\u00eancia iNFRA","description":"Multiplataforma de informa\u00e7\u00e3o jornal\u00edstica refer\u00eancia na \u00e1rea de infraestrutura no Brasil!","publisher":{"@id":"https:\/\/agenciainfra.com\/blog\/#organization"},"potentialAction":[{"@type":"SearchAction","target":{"@type":"EntryPoint","urlTemplate":"https:\/\/agenciainfra.com\/blog\/?s={search_term_string}"},"query-input":{"@type":"PropertyValueSpecification","valueRequired":true,"valueName":"search_term_string"}}],"inLanguage":"pt-BR"},{"@type":"Organization","@id":"https:\/\/agenciainfra.com\/blog\/#organization","name":"Ag\u00eancia iNFRA","url":"https:\/\/agenciainfra.com\/blog\/","logo":{"@type":"ImageObject","inLanguage":"pt-BR","@id":"https:\/\/agenciainfra.com\/blog\/#\/schema\/logo\/image\/","url":"https:\/\/agenciainfra.com\/blog\/wp-content\/uploads\/2023\/09\/iNFRA_5-e1761735885940.png","contentUrl":"https:\/\/agenciainfra.com\/blog\/wp-content\/uploads\/2023\/09\/iNFRA_5-e1761735885940.png","width":1672,"height":454,"caption":"Ag\u00eancia iNFRA"},"image":{"@id":"https:\/\/agenciainfra.com\/blog\/#\/schema\/logo\/image\/"},"sameAs":["https:\/\/www.facebook.com\/ageninfra","https:\/\/x.com\/agencia_infra","https:\/\/www.linkedin.com\/company\/ag\u00eanciainfra\/","https:\/\/www.instagram.com\/agenciainfra\/"]},{"@type":"Person","@id":"https:\/\/agenciainfra.com\/blog\/#\/schema\/person\/34af08dff6adea4cb22b06612ba7acfa","name":"Ag\u00eancia iNFRA","image":{"@type":"ImageObject","inLanguage":"pt-BR","@id":"https:\/\/agenciainfra.com\/blog\/#\/schema\/person\/image\/","url":"https:\/\/secure.gravatar.com\/avatar\/d189e01678f06d8eb84d4e01f08eb848b3fffe3f8443818d3c356c66892f5be8?s=96&d=mm&r=g","contentUrl":"https:\/\/secure.gravatar.com\/avatar\/d189e01678f06d8eb84d4e01f08eb848b3fffe3f8443818d3c356c66892f5be8?s=96&d=mm&r=g","caption":"Ag\u00eancia iNFRA"},"url":"https:\/\/agenciainfra.com\/blog\/author\/admin\/"}]}},"_links":{"self":[{"href":"https:\/\/agenciainfra.com\/blog\/wp-json\/wp\/v2\/posts\/10526","targetHints":{"allow":["GET"]}}],"collection":[{"href":"https:\/\/agenciainfra.com\/blog\/wp-json\/wp\/v2\/posts"}],"about":[{"href":"https:\/\/agenciainfra.com\/blog\/wp-json\/wp\/v2\/types\/post"}],"author":[{"embeddable":true,"href":"https:\/\/agenciainfra.com\/blog\/wp-json\/wp\/v2\/users\/1"}],"replies":[{"embeddable":true,"href":"https:\/\/agenciainfra.com\/blog\/wp-json\/wp\/v2\/comments?post=10526"}],"version-history":[{"count":0,"href":"https:\/\/agenciainfra.com\/blog\/wp-json\/wp\/v2\/posts\/10526\/revisions"}],"wp:featuredmedia":[{"embeddable":true,"href":"https:\/\/agenciainfra.com\/blog\/wp-json\/wp\/v2\/media\/10528"}],"wp:attachment":[{"href":"https:\/\/agenciainfra.com\/blog\/wp-json\/wp\/v2\/media?parent=10526"}],"wp:term":[{"taxonomy":"category","embeddable":true,"href":"https:\/\/agenciainfra.com\/blog\/wp-json\/wp\/v2\/categories?post=10526"},{"taxonomy":"post_tag","embeddable":true,"href":"https:\/\/agenciainfra.com\/blog\/wp-json\/wp\/v2\/tags?post=10526"}],"curies":[{"name":"wp","href":"https:\/\/api.w.org\/{rel}","templated":true}]}}