{"id":10564,"date":"2022-06-06T09:00:00","date_gmt":"2022-06-06T12:00:00","guid":{"rendered":"https:\/\/www.agenciainfra.com\/blog\/?p=10564"},"modified":"2022-06-07T15:33:20","modified_gmt":"2022-06-07T18:33:20","slug":"conselho-do-ppi-prorroga-prazo-do-processo-de-relicitacao-de-dois-aeroportos","status":"publish","type":"post","link":"https:\/\/agenciainfra.com\/blog\/conselho-do-ppi-prorroga-prazo-do-processo-de-relicitacao-de-dois-aeroportos\/","title":{"rendered":"Conselho do PPI prorroga prazo do processo de relicita\u00e7\u00e3o de dois aeroportos"},"content":{"rendered":"\n<p class=\"has-text-align-right\"><strong>Jenifer Ribeiro, da Ag\u00eancia iNFRA<\/strong><\/p>\n\n\n\n<p>O secret\u00e1rio especial do PPI (Programa de Parcerias de Investimentos), Bruno Westin Leal, informou que o conselho decidiu, na \u00faltima quinta-feira (2), durante reuni\u00e3o, estender por mais 12 meses o processo de relicita\u00e7\u00e3o do Aeroporto de S\u00e3o Gon\u00e7alo do Amarante (RN) e por mais 24 meses o de Viracopos (SP).\u00a0<br><br>A extens\u00e3o de prazo indica que n\u00e3o foi poss\u00edvel cumprir a previs\u00e3o inicial de relicitar essas duas unidades no prazo de dois anos.\u00a0O Minist\u00e9rio da Infraestrutura pretendia relicitar os dois aeroportos em 2021. No entanto, com os entraves, os certames precisaram ser adiados.\u00a0<br><br>A relicita\u00e7\u00e3o do Aeroporto de S\u00e3o Gon\u00e7alo do Amarante, administrado pela Infram\u00e9rica, est\u00e1 travada\u00a0no TCU (Tribunal de Contas da Uni\u00e3o). Na quarta-feira (1\u00ba), o processo\u00a0chegou a ser pautado no tribunal, mas o ministro relator, Aroldo Cedraz, decidiu retirar a proposta da pauta.<br><br>O processo \u00e9 considerado importante porque dever\u00e1 ser\u00a0o primeiro\u00a0analisado pelo Tribunal de Contas sobre relicita\u00e7\u00e3o nos moldes previstos no modelo de devolu\u00e7\u00e3o da\u00a0<a rel=\"noreferrer noopener\" href=\"https:\/\/agenciainfra.us14.list-manage.com\/track\/click?u=d460dd1bcf9ba0ae040e1fc0f&amp;id=72846a1152&amp;e=3cd2fde004\" target=\"_blank\">Lei 13.448\/2017<\/a>\u00a0e deve definir as principais diretrizes para as futuras relicita\u00e7\u00f5es n\u00e3o s\u00f3 aeroportu\u00e1rias como tamb\u00e9m para concession\u00e1rias de rodovias que tentam devolver concess\u00f5es.<br><br>Em rela\u00e7\u00e3o ao Aeroporto de Viracopos, o impeditivo para o prosseguimento do processo se d\u00e1 por outros motivos. Um deles \u00e9 que a concession\u00e1ria n\u00e3o concorda com a proposta do governo federal de realizar a relicita\u00e7\u00e3o sem ter definido o valor de indeniza\u00e7\u00e3o dos acionistas. A Aeroportos Brasil Viracopos, que administra o ativo, j\u00e1 informou que pretende resolver essas diverg\u00eancias via arbitragem.<br><br><strong>7\u00aa e 8\u00aa rodadas\u00a0<\/strong><br>Durante a reuni\u00e3o do conselho, foi aprovada a inclus\u00e3o da relicita\u00e7\u00e3o do Aeroporto de Gale\u00e3o (RJ) na carteira do PPI. O ativo est\u00e1 em processo de devolu\u00e7\u00e3o e a proposta do governo agora \u00e9 que ele\u00a0seja leiloado junto com o Aeroporto Santos Dumont, tamb\u00e9m no Rio de Janeiro,\u00a0em uma 8\u00aa rodada de concess\u00f5es aeroportu\u00e1rias. O governo trabalha para que essa licita\u00e7\u00e3o ocorra em 2023, apesar do hist\u00f3rico desse tipo de processo indicar que ele costuma ser mais longo.\u00a0<br><br>O conselho do \u00f3rg\u00e3o tamb\u00e9m deliberou\u00a0a favor da modelagem operacional e das condi\u00e7\u00f5es de desestatiza\u00e7\u00e3o da 7\u00aa rodada, que ganhou o aval do TCU na quarta-feira (1\u00ba) e tem previs\u00e3o para ser concedida \u00e0 iniciativa privada ainda neste ano.<br><br><strong>Portos\u00a0<\/strong><br>Em rela\u00e7\u00e3o ao Porto de Santos, o PPI recomendou a inclus\u00e3o da SPA (Santos Port Authority) no Programa Nacional de Desestatiza\u00e7\u00e3o. O governo trabalha com o calend\u00e1rio para\u00a0que o leil\u00e3o do porto aconte\u00e7a at\u00e9 o final deste ano e a inclus\u00e3o no PPI \u00e9 uma etapa a mais.<br><br>Mas o processo ainda est\u00e1 em fase de consulta p\u00fablica e precisa passar pela avalia\u00e7\u00e3o do TCU antes de ter o edital publicado. Por isso, tamb\u00e9m esse leil\u00e3o \u00e9 considerado de dif\u00edcil execu\u00e7\u00e3o em 2022.<br><br>O conselho decidiu ainda pela inclus\u00e3o de quatros novos arrendamentos portu\u00e1rios no PPI. Eles\u00a0s\u00e3o nos\u00a0portos de Porto Alegre (RS), de S\u00e3o Francisco do Sul (SC), de Vila de Conde (PA) e de Itagua\u00ed (RJ).<br><br><strong>Rodovias\u00a0<\/strong><br>Sobre as rodovias, o conselho aprovou a modelagem operacional e as condi\u00e7\u00f5es de desestatiza\u00e7\u00e3o do projeto das Rodovias Integradas do Paran\u00e1 \u2013 dois dos seis lotes devem ser levados a leil\u00e3o ainda em 2022 \u2013 e a inclus\u00e3o da relicita\u00e7\u00e3o da concess\u00e3o da Rota do Oeste (BR-163\/MT).<\/p>\n","protected":false},"excerpt":{"rendered":"<p>Jenifer Ribeiro, da Ag\u00eancia iNFRA O secret\u00e1rio especial do PPI (Programa de Parcerias de Investimentos), Bruno Westin Leal, informou que o conselho decidiu, na \u00faltima quinta-feira (2), durante reuni\u00e3o, estender por mais 12 meses o processo de relicita\u00e7\u00e3o do Aeroporto de S\u00e3o Gon\u00e7alo do Amarante (RN) e por mais 24 meses o de Viracopos (SP).\u00a0 [&hellip;]<\/p>\n","protected":false},"author":1,"featured_media":5174,"comment_status":"closed","ping_status":"closed","sticky":false,"template":"","format":"standard","meta":{"_monsterinsights_skip_tracking":false,"_monsterinsights_sitenote_active":false,"_monsterinsights_sitenote_note":"","_monsterinsights_sitenote_category":0,"footnotes":""},"categories":[1,7],"tags":[3256,862,107,4093,34,260,310,800,126,70],"class_list":["post-10564","post","type-post","status-publish","format-standard","has-post-thumbnail","hentry","category-geral","category-infratransporte","tag-aeroporto-de-sao-goncalo-do-amarante","tag-aeroporto-de-viracopos","tag-aeroportos","tag-conselho-do-ppi","tag-infraestrutura","tag-porto-de-santos","tag-portos","tag-relicitacoes","tag-rodovias","tag-transportes"],"yoast_head":"<!-- This site is optimized with the Yoast SEO Premium plugin v25.4 (Yoast SEO v26.0) - https:\/\/yoast.com\/wordpress\/plugins\/seo\/ -->\n<title>Conselho do PPI prorroga prazo do processo de relicita\u00e7\u00e3o de dois aeroportos - Ag\u00eancia iNFRA<\/title>\n<meta name=\"robots\" content=\"index, follow, max-snippet:-1, max-image-preview:large, max-video-preview:-1\" \/>\n<link rel=\"canonical\" href=\"https:\/\/agenciainfra.com\/blog\/conselho-do-ppi-prorroga-prazo-do-processo-de-relicitacao-de-dois-aeroportos\/\" \/>\n<meta property=\"og:locale\" content=\"pt_BR\" \/>\n<meta property=\"og:type\" content=\"article\" \/>\n<meta property=\"og:title\" content=\"Conselho do PPI prorroga prazo do processo de relicita\u00e7\u00e3o de dois aeroportos\" \/>\n<meta property=\"og:description\" content=\"Jenifer Ribeiro, da Ag\u00eancia iNFRA O secret\u00e1rio especial do PPI (Programa de Parcerias de Investimentos), Bruno Westin Leal, informou que o conselho decidiu, na \u00faltima quinta-feira (2), durante reuni\u00e3o, estender por mais 12 meses o processo de relicita\u00e7\u00e3o do Aeroporto de S\u00e3o Gon\u00e7alo do Amarante (RN) e por mais 24 meses o de Viracopos (SP).\u00a0 [&hellip;]\" \/>\n<meta property=\"og:url\" content=\"https:\/\/agenciainfra.com\/blog\/conselho-do-ppi-prorroga-prazo-do-processo-de-relicitacao-de-dois-aeroportos\/\" \/>\n<meta property=\"og:site_name\" content=\"Ag\u00eancia iNFRA\" \/>\n<meta property=\"article:publisher\" content=\"https:\/\/www.facebook.com\/ageninfra\" \/>\n<meta property=\"article:published_time\" content=\"2022-06-06T12:00:00+00:00\" \/>\n<meta property=\"article:modified_time\" content=\"2022-06-07T18:33:20+00:00\" \/>\n<meta property=\"og:image\" content=\"https:\/\/agenciainfra.com\/blog\/wp-content\/uploads\/2020\/06\/viracopos-foto-carlos-bassan-prefeitura-de-campinas.jpg\" \/>\n\t<meta property=\"og:image:width\" content=\"1280\" \/>\n\t<meta property=\"og:image:height\" content=\"781\" \/>\n\t<meta property=\"og:image:type\" content=\"image\/jpeg\" \/>\n<meta name=\"author\" content=\"Ag\u00eancia iNFRA\" \/>\n<meta name=\"twitter:card\" content=\"summary_large_image\" \/>\n<meta name=\"twitter:creator\" content=\"@agencia_infra\" \/>\n<meta name=\"twitter:site\" content=\"@agencia_infra\" \/>\n<meta name=\"twitter:label1\" content=\"Escrito por\" \/>\n\t<meta name=\"twitter:data1\" content=\"Ag\u00eancia iNFRA\" \/>\n\t<meta name=\"twitter:label2\" content=\"Est. tempo de leitura\" \/>\n\t<meta name=\"twitter:data2\" content=\"3 minutos\" \/>\n<script type=\"application\/ld+json\" class=\"yoast-schema-graph\">{\"@context\":\"https:\/\/schema.org\",\"@graph\":[{\"@type\":\"Article\",\"@id\":\"https:\/\/agenciainfra.com\/blog\/conselho-do-ppi-prorroga-prazo-do-processo-de-relicitacao-de-dois-aeroportos\/#article\",\"isPartOf\":{\"@id\":\"https:\/\/agenciainfra.com\/blog\/conselho-do-ppi-prorroga-prazo-do-processo-de-relicitacao-de-dois-aeroportos\/\"},\"author\":{\"name\":\"Ag\u00eancia iNFRA\",\"@id\":\"https:\/\/agenciainfra.com\/blog\/#\/schema\/person\/34af08dff6adea4cb22b06612ba7acfa\"},\"headline\":\"Conselho do PPI prorroga prazo do processo de relicita\u00e7\u00e3o de dois aeroportos\",\"datePublished\":\"2022-06-06T12:00:00+00:00\",\"dateModified\":\"2022-06-07T18:33:20+00:00\",\"mainEntityOfPage\":{\"@id\":\"https:\/\/agenciainfra.com\/blog\/conselho-do-ppi-prorroga-prazo-do-processo-de-relicitacao-de-dois-aeroportos\/\"},\"wordCount\":608,\"publisher\":{\"@id\":\"https:\/\/agenciainfra.com\/blog\/#organization\"},\"image\":{\"@id\":\"https:\/\/agenciainfra.com\/blog\/conselho-do-ppi-prorroga-prazo-do-processo-de-relicitacao-de-dois-aeroportos\/#primaryimage\"},\"thumbnailUrl\":\"https:\/\/agenciainfra.com\/blog\/wp-content\/uploads\/2020\/06\/viracopos-foto-carlos-bassan-prefeitura-de-campinas.jpg\",\"keywords\":[\"Aeroporto de S\u00e3o Gon\u00e7alo do Amarante\",\"Aeroporto de Viracopos\",\"aeroportos\",\"Conselho do PPI\",\"Infraestrutura\",\"Porto de Santos\",\"portos\",\"relicita\u00e7\u00f5es\",\"rodovias\",\"transportes\"],\"articleSection\":[\"Geral\",\"iNFRATransporte\"],\"inLanguage\":\"pt-BR\",\"copyrightYear\":\"2022\",\"copyrightHolder\":{\"@id\":\"https:\/\/agenciainfra.com\/blog\/#organization\"}},{\"@type\":\"WebPage\",\"@id\":\"https:\/\/agenciainfra.com\/blog\/conselho-do-ppi-prorroga-prazo-do-processo-de-relicitacao-de-dois-aeroportos\/\",\"url\":\"https:\/\/agenciainfra.com\/blog\/conselho-do-ppi-prorroga-prazo-do-processo-de-relicitacao-de-dois-aeroportos\/\",\"name\":\"Conselho do PPI prorroga prazo do processo de relicita\u00e7\u00e3o de dois aeroportos - Ag\u00eancia iNFRA\",\"isPartOf\":{\"@id\":\"https:\/\/agenciainfra.com\/blog\/#website\"},\"primaryImageOfPage\":{\"@id\":\"https:\/\/agenciainfra.com\/blog\/conselho-do-ppi-prorroga-prazo-do-processo-de-relicitacao-de-dois-aeroportos\/#primaryimage\"},\"image\":{\"@id\":\"https:\/\/agenciainfra.com\/blog\/conselho-do-ppi-prorroga-prazo-do-processo-de-relicitacao-de-dois-aeroportos\/#primaryimage\"},\"thumbnailUrl\":\"https:\/\/agenciainfra.com\/blog\/wp-content\/uploads\/2020\/06\/viracopos-foto-carlos-bassan-prefeitura-de-campinas.jpg\",\"datePublished\":\"2022-06-06T12:00:00+00:00\",\"dateModified\":\"2022-06-07T18:33:20+00:00\",\"breadcrumb\":{\"@id\":\"https:\/\/agenciainfra.com\/blog\/conselho-do-ppi-prorroga-prazo-do-processo-de-relicitacao-de-dois-aeroportos\/#breadcrumb\"},\"inLanguage\":\"pt-BR\",\"potentialAction\":[{\"@type\":\"ReadAction\",\"target\":[\"https:\/\/agenciainfra.com\/blog\/conselho-do-ppi-prorroga-prazo-do-processo-de-relicitacao-de-dois-aeroportos\/\"]}]},{\"@type\":\"ImageObject\",\"inLanguage\":\"pt-BR\",\"@id\":\"https:\/\/agenciainfra.com\/blog\/conselho-do-ppi-prorroga-prazo-do-processo-de-relicitacao-de-dois-aeroportos\/#primaryimage\",\"url\":\"https:\/\/agenciainfra.com\/blog\/wp-content\/uploads\/2020\/06\/viracopos-foto-carlos-bassan-prefeitura-de-campinas.jpg\",\"contentUrl\":\"https:\/\/agenciainfra.com\/blog\/wp-content\/uploads\/2020\/06\/viracopos-foto-carlos-bassan-prefeitura-de-campinas.jpg\",\"width\":1280,\"height\":781,\"caption\":\"Foto: Carlos Bassan\/Prefeitura de Campinas\"},{\"@type\":\"BreadcrumbList\",\"@id\":\"https:\/\/agenciainfra.com\/blog\/conselho-do-ppi-prorroga-prazo-do-processo-de-relicitacao-de-dois-aeroportos\/#breadcrumb\",\"itemListElement\":[{\"@type\":\"ListItem\",\"position\":1,\"name\":\"In\u00edcio\",\"item\":\"https:\/\/agenciainfra.com\/blog\/\"},{\"@type\":\"ListItem\",\"position\":2,\"name\":\"Conselho do PPI prorroga prazo do processo de relicita\u00e7\u00e3o de dois aeroportos\"}]},{\"@type\":\"WebSite\",\"@id\":\"https:\/\/agenciainfra.com\/blog\/#website\",\"url\":\"https:\/\/agenciainfra.com\/blog\/\",\"name\":\"Ag\u00eancia iNFRA\",\"description\":\"Multiplataforma de informa\u00e7\u00e3o jornal\u00edstica refer\u00eancia na \u00e1rea de infraestrutura no Brasil!\",\"publisher\":{\"@id\":\"https:\/\/agenciainfra.com\/blog\/#organization\"},\"potentialAction\":[{\"@type\":\"SearchAction\",\"target\":{\"@type\":\"EntryPoint\",\"urlTemplate\":\"https:\/\/agenciainfra.com\/blog\/?s={search_term_string}\"},\"query-input\":{\"@type\":\"PropertyValueSpecification\",\"valueRequired\":true,\"valueName\":\"search_term_string\"}}],\"inLanguage\":\"pt-BR\"},{\"@type\":\"Organization\",\"@id\":\"https:\/\/agenciainfra.com\/blog\/#organization\",\"name\":\"Ag\u00eancia iNFRA\",\"url\":\"https:\/\/agenciainfra.com\/blog\/\",\"logo\":{\"@type\":\"ImageObject\",\"inLanguage\":\"pt-BR\",\"@id\":\"https:\/\/agenciainfra.com\/blog\/#\/schema\/logo\/image\/\",\"url\":\"https:\/\/agenciainfra.com\/blog\/wp-content\/uploads\/2023\/09\/iNFRA_5-e1761735885940.png\",\"contentUrl\":\"https:\/\/agenciainfra.com\/blog\/wp-content\/uploads\/2023\/09\/iNFRA_5-e1761735885940.png\",\"width\":1672,\"height\":454,\"caption\":\"Ag\u00eancia iNFRA\"},\"image\":{\"@id\":\"https:\/\/agenciainfra.com\/blog\/#\/schema\/logo\/image\/\"},\"sameAs\":[\"https:\/\/www.facebook.com\/ageninfra\",\"https:\/\/x.com\/agencia_infra\",\"https:\/\/www.linkedin.com\/company\/ag\u00eanciainfra\/\",\"https:\/\/www.instagram.com\/agenciainfra\/\"]},{\"@type\":\"Person\",\"@id\":\"https:\/\/agenciainfra.com\/blog\/#\/schema\/person\/34af08dff6adea4cb22b06612ba7acfa\",\"name\":\"Ag\u00eancia iNFRA\",\"image\":{\"@type\":\"ImageObject\",\"inLanguage\":\"pt-BR\",\"@id\":\"https:\/\/agenciainfra.com\/blog\/#\/schema\/person\/image\/\",\"url\":\"https:\/\/secure.gravatar.com\/avatar\/d189e01678f06d8eb84d4e01f08eb848b3fffe3f8443818d3c356c66892f5be8?s=96&d=mm&r=g\",\"contentUrl\":\"https:\/\/secure.gravatar.com\/avatar\/d189e01678f06d8eb84d4e01f08eb848b3fffe3f8443818d3c356c66892f5be8?s=96&d=mm&r=g\",\"caption\":\"Ag\u00eancia iNFRA\"},\"url\":\"https:\/\/agenciainfra.com\/blog\/author\/admin\/\"}]}<\/script>\n<!-- \/ Yoast SEO Premium plugin. -->","yoast_head_json":{"title":"Conselho do PPI prorroga prazo do processo de relicita\u00e7\u00e3o de dois aeroportos - Ag\u00eancia iNFRA","robots":{"index":"index","follow":"follow","max-snippet":"max-snippet:-1","max-image-preview":"max-image-preview:large","max-video-preview":"max-video-preview:-1"},"canonical":"https:\/\/agenciainfra.com\/blog\/conselho-do-ppi-prorroga-prazo-do-processo-de-relicitacao-de-dois-aeroportos\/","og_locale":"pt_BR","og_type":"article","og_title":"Conselho do PPI prorroga prazo do processo de relicita\u00e7\u00e3o de dois aeroportos","og_description":"Jenifer Ribeiro, da Ag\u00eancia iNFRA O secret\u00e1rio especial do PPI (Programa de Parcerias de Investimentos), Bruno Westin Leal, informou que o conselho decidiu, na \u00faltima quinta-feira (2), durante reuni\u00e3o, estender por mais 12 meses o processo de relicita\u00e7\u00e3o do Aeroporto de S\u00e3o Gon\u00e7alo do Amarante (RN) e por mais 24 meses o de Viracopos (SP).\u00a0 [&hellip;]","og_url":"https:\/\/agenciainfra.com\/blog\/conselho-do-ppi-prorroga-prazo-do-processo-de-relicitacao-de-dois-aeroportos\/","og_site_name":"Ag\u00eancia iNFRA","article_publisher":"https:\/\/www.facebook.com\/ageninfra","article_published_time":"2022-06-06T12:00:00+00:00","article_modified_time":"2022-06-07T18:33:20+00:00","og_image":[{"width":1280,"height":781,"url":"https:\/\/agenciainfra.com\/blog\/wp-content\/uploads\/2020\/06\/viracopos-foto-carlos-bassan-prefeitura-de-campinas.jpg","type":"image\/jpeg"}],"author":"Ag\u00eancia iNFRA","twitter_card":"summary_large_image","twitter_creator":"@agencia_infra","twitter_site":"@agencia_infra","twitter_misc":{"Escrito por":"Ag\u00eancia iNFRA","Est. tempo de leitura":"3 minutos"},"schema":{"@context":"https:\/\/schema.org","@graph":[{"@type":"Article","@id":"https:\/\/agenciainfra.com\/blog\/conselho-do-ppi-prorroga-prazo-do-processo-de-relicitacao-de-dois-aeroportos\/#article","isPartOf":{"@id":"https:\/\/agenciainfra.com\/blog\/conselho-do-ppi-prorroga-prazo-do-processo-de-relicitacao-de-dois-aeroportos\/"},"author":{"name":"Ag\u00eancia iNFRA","@id":"https:\/\/agenciainfra.com\/blog\/#\/schema\/person\/34af08dff6adea4cb22b06612ba7acfa"},"headline":"Conselho do PPI prorroga prazo do processo de relicita\u00e7\u00e3o de dois aeroportos","datePublished":"2022-06-06T12:00:00+00:00","dateModified":"2022-06-07T18:33:20+00:00","mainEntityOfPage":{"@id":"https:\/\/agenciainfra.com\/blog\/conselho-do-ppi-prorroga-prazo-do-processo-de-relicitacao-de-dois-aeroportos\/"},"wordCount":608,"publisher":{"@id":"https:\/\/agenciainfra.com\/blog\/#organization"},"image":{"@id":"https:\/\/agenciainfra.com\/blog\/conselho-do-ppi-prorroga-prazo-do-processo-de-relicitacao-de-dois-aeroportos\/#primaryimage"},"thumbnailUrl":"https:\/\/agenciainfra.com\/blog\/wp-content\/uploads\/2020\/06\/viracopos-foto-carlos-bassan-prefeitura-de-campinas.jpg","keywords":["Aeroporto de S\u00e3o Gon\u00e7alo do Amarante","Aeroporto de Viracopos","aeroportos","Conselho do PPI","Infraestrutura","Porto de Santos","portos","relicita\u00e7\u00f5es","rodovias","transportes"],"articleSection":["Geral","iNFRATransporte"],"inLanguage":"pt-BR","copyrightYear":"2022","copyrightHolder":{"@id":"https:\/\/agenciainfra.com\/blog\/#organization"}},{"@type":"WebPage","@id":"https:\/\/agenciainfra.com\/blog\/conselho-do-ppi-prorroga-prazo-do-processo-de-relicitacao-de-dois-aeroportos\/","url":"https:\/\/agenciainfra.com\/blog\/conselho-do-ppi-prorroga-prazo-do-processo-de-relicitacao-de-dois-aeroportos\/","name":"Conselho do PPI prorroga prazo do processo de relicita\u00e7\u00e3o de dois aeroportos - Ag\u00eancia iNFRA","isPartOf":{"@id":"https:\/\/agenciainfra.com\/blog\/#website"},"primaryImageOfPage":{"@id":"https:\/\/agenciainfra.com\/blog\/conselho-do-ppi-prorroga-prazo-do-processo-de-relicitacao-de-dois-aeroportos\/#primaryimage"},"image":{"@id":"https:\/\/agenciainfra.com\/blog\/conselho-do-ppi-prorroga-prazo-do-processo-de-relicitacao-de-dois-aeroportos\/#primaryimage"},"thumbnailUrl":"https:\/\/agenciainfra.com\/blog\/wp-content\/uploads\/2020\/06\/viracopos-foto-carlos-bassan-prefeitura-de-campinas.jpg","datePublished":"2022-06-06T12:00:00+00:00","dateModified":"2022-06-07T18:33:20+00:00","breadcrumb":{"@id":"https:\/\/agenciainfra.com\/blog\/conselho-do-ppi-prorroga-prazo-do-processo-de-relicitacao-de-dois-aeroportos\/#breadcrumb"},"inLanguage":"pt-BR","potentialAction":[{"@type":"ReadAction","target":["https:\/\/agenciainfra.com\/blog\/conselho-do-ppi-prorroga-prazo-do-processo-de-relicitacao-de-dois-aeroportos\/"]}]},{"@type":"ImageObject","inLanguage":"pt-BR","@id":"https:\/\/agenciainfra.com\/blog\/conselho-do-ppi-prorroga-prazo-do-processo-de-relicitacao-de-dois-aeroportos\/#primaryimage","url":"https:\/\/agenciainfra.com\/blog\/wp-content\/uploads\/2020\/06\/viracopos-foto-carlos-bassan-prefeitura-de-campinas.jpg","contentUrl":"https:\/\/agenciainfra.com\/blog\/wp-content\/uploads\/2020\/06\/viracopos-foto-carlos-bassan-prefeitura-de-campinas.jpg","width":1280,"height":781,"caption":"Foto: Carlos Bassan\/Prefeitura de Campinas"},{"@type":"BreadcrumbList","@id":"https:\/\/agenciainfra.com\/blog\/conselho-do-ppi-prorroga-prazo-do-processo-de-relicitacao-de-dois-aeroportos\/#breadcrumb","itemListElement":[{"@type":"ListItem","position":1,"name":"In\u00edcio","item":"https:\/\/agenciainfra.com\/blog\/"},{"@type":"ListItem","position":2,"name":"Conselho do PPI prorroga prazo do processo de relicita\u00e7\u00e3o de dois aeroportos"}]},{"@type":"WebSite","@id":"https:\/\/agenciainfra.com\/blog\/#website","url":"https:\/\/agenciainfra.com\/blog\/","name":"Ag\u00eancia iNFRA","description":"Multiplataforma de informa\u00e7\u00e3o jornal\u00edstica refer\u00eancia na \u00e1rea de infraestrutura no Brasil!","publisher":{"@id":"https:\/\/agenciainfra.com\/blog\/#organization"},"potentialAction":[{"@type":"SearchAction","target":{"@type":"EntryPoint","urlTemplate":"https:\/\/agenciainfra.com\/blog\/?s={search_term_string}"},"query-input":{"@type":"PropertyValueSpecification","valueRequired":true,"valueName":"search_term_string"}}],"inLanguage":"pt-BR"},{"@type":"Organization","@id":"https:\/\/agenciainfra.com\/blog\/#organization","name":"Ag\u00eancia iNFRA","url":"https:\/\/agenciainfra.com\/blog\/","logo":{"@type":"ImageObject","inLanguage":"pt-BR","@id":"https:\/\/agenciainfra.com\/blog\/#\/schema\/logo\/image\/","url":"https:\/\/agenciainfra.com\/blog\/wp-content\/uploads\/2023\/09\/iNFRA_5-e1761735885940.png","contentUrl":"https:\/\/agenciainfra.com\/blog\/wp-content\/uploads\/2023\/09\/iNFRA_5-e1761735885940.png","width":1672,"height":454,"caption":"Ag\u00eancia iNFRA"},"image":{"@id":"https:\/\/agenciainfra.com\/blog\/#\/schema\/logo\/image\/"},"sameAs":["https:\/\/www.facebook.com\/ageninfra","https:\/\/x.com\/agencia_infra","https:\/\/www.linkedin.com\/company\/ag\u00eanciainfra\/","https:\/\/www.instagram.com\/agenciainfra\/"]},{"@type":"Person","@id":"https:\/\/agenciainfra.com\/blog\/#\/schema\/person\/34af08dff6adea4cb22b06612ba7acfa","name":"Ag\u00eancia iNFRA","image":{"@type":"ImageObject","inLanguage":"pt-BR","@id":"https:\/\/agenciainfra.com\/blog\/#\/schema\/person\/image\/","url":"https:\/\/secure.gravatar.com\/avatar\/d189e01678f06d8eb84d4e01f08eb848b3fffe3f8443818d3c356c66892f5be8?s=96&d=mm&r=g","contentUrl":"https:\/\/secure.gravatar.com\/avatar\/d189e01678f06d8eb84d4e01f08eb848b3fffe3f8443818d3c356c66892f5be8?s=96&d=mm&r=g","caption":"Ag\u00eancia iNFRA"},"url":"https:\/\/agenciainfra.com\/blog\/author\/admin\/"}]}},"_links":{"self":[{"href":"https:\/\/agenciainfra.com\/blog\/wp-json\/wp\/v2\/posts\/10564","targetHints":{"allow":["GET"]}}],"collection":[{"href":"https:\/\/agenciainfra.com\/blog\/wp-json\/wp\/v2\/posts"}],"about":[{"href":"https:\/\/agenciainfra.com\/blog\/wp-json\/wp\/v2\/types\/post"}],"author":[{"embeddable":true,"href":"https:\/\/agenciainfra.com\/blog\/wp-json\/wp\/v2\/users\/1"}],"replies":[{"embeddable":true,"href":"https:\/\/agenciainfra.com\/blog\/wp-json\/wp\/v2\/comments?post=10564"}],"version-history":[{"count":0,"href":"https:\/\/agenciainfra.com\/blog\/wp-json\/wp\/v2\/posts\/10564\/revisions"}],"wp:featuredmedia":[{"embeddable":true,"href":"https:\/\/agenciainfra.com\/blog\/wp-json\/wp\/v2\/media\/5174"}],"wp:attachment":[{"href":"https:\/\/agenciainfra.com\/blog\/wp-json\/wp\/v2\/media?parent=10564"}],"wp:term":[{"taxonomy":"category","embeddable":true,"href":"https:\/\/agenciainfra.com\/blog\/wp-json\/wp\/v2\/categories?post=10564"},{"taxonomy":"post_tag","embeddable":true,"href":"https:\/\/agenciainfra.com\/blog\/wp-json\/wp\/v2\/tags?post=10564"}],"curies":[{"name":"wp","href":"https:\/\/api.w.org\/{rel}","templated":true}]}}