{"id":10574,"date":"2022-06-06T11:00:00","date_gmt":"2022-06-06T14:00:00","guid":{"rendered":"https:\/\/www.agenciainfra.com\/blog\/?p=10574"},"modified":"2022-06-06T10:37:18","modified_gmt":"2022-06-06T13:37:18","slug":"analise-com-sucessivas-crises-e-altos-custos-setor-eletrico-vive-cenario-desafiador","status":"publish","type":"post","link":"https:\/\/agenciainfra.com\/blog\/analise-com-sucessivas-crises-e-altos-custos-setor-eletrico-vive-cenario-desafiador\/","title":{"rendered":"An\u00e1lise: Com sucessivas crises e altos custos, setor el\u00e9trico vive cen\u00e1rio desafiador"},"content":{"rendered":"\n<p class=\"has-text-align-right\"><strong>\u00a0Roberto Rockmann*<\/strong><\/p>\n\n\n\n<p>Um ano atr\u00e1s, o ent\u00e3o ministro Bento Albuquerque estava envolvido na crise h\u00eddrica. A amea\u00e7a de um novo racionamento e de cortes de energia durante as tardes do fim do per\u00edodo seco estavam na ordem do dia do governo e empres\u00e1rios.<br>\u00a0<br>A Claro, uma das maiores operadoras de telefonia do pa\u00eds, montou um comit\u00ea de crise com v\u00e1rias \u00e1reas da empresa. Tra\u00e7aram-se v\u00e1rias medidas: de efici\u00eancia de energia el\u00e9trica a investimentos na instala\u00e7\u00e3o de baterias e geradoras para evitar ficar sem luz \u00e0 tarde. \u201cO pior cen\u00e1rio era ficar sem energia durante quatro horas \u00e0s tardes, ainda bem que o pa\u00eds n\u00e3o chegou a isso\u201d, diz o diretor de infraestrutura, Hamilton Silva.<br>\u00a0<br><strong>Da escassez \u00e0 abund\u00e2ncia<\/strong><br>Com chuvas abundantes a partir de outubro, o cen\u00e1rio do setor el\u00e9trico mudou drasticamente. Sem amea\u00e7a de abastecimento, mas com contas a pagar. O PLD, que tinha superado R$ 600 o MWh em setembro, despencou. Desde o in\u00edcio do per\u00edodo \u00famido em dezembro passado, o atual est\u00e1 entre os 20 mais \u00famidos do hist\u00f3rico. No Sudeste, os reservat\u00f3rios est\u00e3o acima de 60%. O susto passou, mas os problemas permanecem. Al\u00e9m de problemas financeiros, assiste-se \u00e0 fragilidade das institui\u00e7\u00f5es e \u00e0 crise mundial nos setores de g\u00e1s e combust\u00edveis, com repercuss\u00f5es de curto e m\u00e9dio prazo no Brasil.<br>\u00a0<br>A presidente da Abee\u00f3lica (Associa\u00e7\u00e3o Brasileira da Energia E\u00f3lica), Elbia Gannoum, participou em 2001 de todas as reuni\u00f5es da C\u00e2mara de Gest\u00e3o da Crise de Energia, \u00f3rg\u00e3o criado para gerenciar o racionamento. Em 2001, foi assessora do Minist\u00e9rio de Minas e Energia e depois do Minist\u00e9rio da Fazenda. Para ela, um ano depois da crise h\u00eddrica de 2021, nada foi consertado.<br>\u00a0<br><strong>Sem governan\u00e7a<\/strong><br>\u201cFoi colocado um torniquete a pre\u00e7o alto. A gente tem vivenciado um p\u00eandulo dif\u00edcil de ser arrumado: ora estamos em excesso, ora em falta, quando vivemos um excesso estamos pagando a escassez. Qual \u00e9 a solu\u00e7\u00e3o de longo prazo? De fato, dimensionar o sistema para operar de maneira adequada. Temos os recursos, as ferramentas, a intelig\u00eancia, compet\u00eancia, mas n\u00e3o temos governan\u00e7a.\u201d<br>\u00a0<br><strong>Congresso \u00e9 o planejador<\/strong><br>O poder dos \u00f3rg\u00e3os reguladores est\u00e1 em xeque diante de parlamentares cada vez mais fortes. O Congresso se tornou planejador, ao criar o jabuti que embutiu a contrata\u00e7\u00e3o de 8 GW de t\u00e9rmicas na lei que autorizou o Executivo a permitir a capitaliza\u00e7\u00e3o da Eletrobras. \u201cO Congresso imp\u00f4s essa contrata\u00e7\u00e3o, uma medida de cima para baixo. N\u00e3o se estudou o problema, n\u00e3o se atendeu aos interesses do setor. Esse caso de imposi\u00e7\u00e3o de t\u00e9rmica com g\u00e1s importado \u00e9 um insulto \u00e0 racionalidade t\u00e9cnica e econ\u00f4mica\u201d, diz Edvaldo Santana, ex-diretor da ANEEL (Ag\u00eancia Nacional de Energia El\u00e9trica) e que no racionamento de 2001 estava em uma das superintend\u00eancias da ag\u00eancia.<br>\u00a0<br>A crise de governan\u00e7a se soma a uma crise financeira e a uma estrutura cada vez mais pesada de tarifas no mercado regulado, o que por sua vez estimula a gera\u00e7\u00e3o distribu\u00edda solar e a migra\u00e7\u00e3o para o mercado livre. A inadimpl\u00eancia das contas de luz ser\u00e1 um problema cada vez maior, assim como a fuga de clientes de maior poder aquisitivo do mercado regulado em busca dos benef\u00edcios da gera\u00e7\u00e3o distribu\u00edda solar. A crise h\u00eddrica tamb\u00e9m teve seu peso sobre a tarifa.<br>\u00a0<br>Nos c\u00e1lculos da consultoria PSR, at\u00e9 agora, cerca de 35 milh\u00f5es de unidades consumidoras sofreram reajustes de 18% em m\u00e9dia. Discutem-se medidas conjunturais para reduzir o impacto. \u201cEra a hora de o minist\u00e9rio e a ANEEL exigirem valor quase zero para os contratos legados e liberar o mercado\u201d, opina Edvaldo Santana.<br>\u00a0<br>Uma das raz\u00f5es de o pa\u00eds ter vivenciado a amea\u00e7a de nova crise de racionamento ano passado foi a dificuldade em mensurar a energia dispon\u00edvel de fato nos reservat\u00f3rios das hidrel\u00e9tricas. Ao assumir o Minist\u00e9rio de Minas e Energia, em janeiro de 2019, Bento Albuquerque escutou do ent\u00e3o presidente da Eletrobras, Wilson Ferreira Jr., que havia duas prioridades: a primeira era resolver o GSF (risco hidrol\u00f3gico) em rela\u00e7\u00e3o aos d\u00e9bitos existentes no curto prazo; a segunda, aperfei\u00e7o\u00e1-lo estruturalmente. Mudou o ministro, a quest\u00e3o estrutural permanece.<br>\u00a0<br>A Lei 14.052 de 2020 repactuou as d\u00edvidas atrasadas, mas o problema futuro permanece. A revis\u00e3o das garantias f\u00edsicas das hidrel\u00e9tricas ainda \u00e9 uma inc\u00f3gnita. Como o MRE (Mecanismo de Realoca\u00e7\u00e3o de Energia) \u00e9 jogo de soma zero, at\u00e9 se chegar ao n\u00famero neutro, existir\u00e3o perdedores e ganhadores. O governo ir\u00e1 adiante da revis\u00e3o \u00e0 beira da elei\u00e7\u00e3o? Sem revis\u00e3o, qual ser\u00e1 a posi\u00e7\u00e3o da Eletrobras, que passou pelo processo? Os 8 GW de t\u00e9rmicas contratados no jabuti da Eletrobras, com 70% de inflexibilidade, ter\u00e3o qual impacto sobre o MRE?<br>\u00a0<br><strong>Moderniza\u00e7\u00e3o<\/strong><br>A abertura do mercado via PL 414 parece enterrada, mas a discuss\u00e3o de moderniza\u00e7\u00e3o traz tamb\u00e9m a separa\u00e7\u00e3o lastro e energia, fio e energia. Hoje os dois servi\u00e7os, de conex\u00e3o ao sistema el\u00e9trico e de venda de energia, est\u00e3o misturados na mesma conta. Com a separa\u00e7\u00e3o, haveria dois contratos \u2013 que poderiam ser cobrados na mesma conta \u2013 um para a conex\u00e3o ao sistema el\u00e9trico, paga por uma taxa fixa mensal, e outro com o fornecedor de energia de escolha, proporcional ao consumo. As empresas fornecedoras de energia, por seu lado, arcariam com os riscos de falta ou sobra de energia, como em qualquer neg\u00f3cio competitivo.<br>\u00a0<br>As usinas hidrel\u00e9tricas e seus reservat\u00f3rios funcionam como uma bateria para o sistema, sendo usadas, por exemplo, no suprimento ao hor\u00e1rio de ponta. Elas t\u00eam perdido participa\u00e7\u00e3o relativa na matriz, mas sua import\u00e2ncia se consolida diante do avan\u00e7o de fontes intermitentes. Isso sinaliza que \u00e9 preciso um novo sistema de precifica\u00e7\u00e3o da \u00e1gua acumulada nos reservat\u00f3rios das hidrel\u00e9tricas, com a separa\u00e7\u00e3o de lastro e energia, uma necessidade de mudan\u00e7a regulat\u00f3ria e discutida h\u00e1 mais de cinco anos. N\u00e3o h\u00e1 o mesmo apelo dos dutos.<br>\u00a0<br>\u00c0 beira de uma poss\u00edvel crise hist\u00f3rica, o fortalecimento das institui\u00e7\u00f5es e a aloca\u00e7\u00e3o adequada de custos e riscos s\u00e3o fundamentais para o setor se fortalecer. O cen\u00e1rio \u00e9 complexo por combinar: corrida eleitoral, finan\u00e7as fragilizadas, institui\u00e7\u00f5es em xeque, disrup\u00e7\u00f5es na cadeia global de fornecimento por conta dos recentes lockdowns na China e uma crise mundial de combust\u00edveis e g\u00e1s, intensificada pelo conflito entre Ucr\u00e2nia e R\u00fassia. N\u00e3o \u00e0 toa j\u00e1 se escutam vozes crescentes defendendo que seja instalado um novo Projeto de Reestrutura\u00e7\u00e3o do Setor El\u00e9trico (Re-SEB), como o de 1996, que lan\u00e7ou as ra\u00edzes do modelo baseado no capital privado.<\/p>\n\n\n\n<h6 class=\"wp-block-heading\" id=\"block-f323f59b-51bf-4eed-b17b-3c7d3b917007\">*Roberto Rockmann <strong>\u00e9 escritor e jornalista. Coautor do livro \u201cCurto-Circuito, quando o Brasil quase ficou \u00e0s escuras\u201d e produtor do podcast quinzenal \u201cGiro Energia\u201d sobre o setor el\u00e9trico. Organizou em 2018 o livro de 20 anos do mercado livre de energia el\u00e9trica, editado pela CCEE (C\u00e2mara de Comercializa\u00e7\u00e3o de Energia El\u00e9trica), al\u00e9m de v\u00e1rios outros livros e trabalhos premiados<\/strong>.<\/h6>\n\n\n\n<p><strong>As opini\u00f5es dos autores n\u00e3o refletem necessariamente o pensamento da Ag\u00eancia iNFRA, sendo de total responsabilidade do autor as informa\u00e7\u00f5es, ju\u00edzos de valor e conceitos descritos no texto<\/strong>. <\/p>\n","protected":false},"excerpt":{"rendered":"<p>\u00a0Roberto Rockmann* Um ano atr\u00e1s, o ent\u00e3o ministro Bento Albuquerque estava envolvido na crise h\u00eddrica. A amea\u00e7a de um novo racionamento e de cortes de energia durante as tardes do fim do per\u00edodo seco estavam na ordem do dia do governo e empres\u00e1rios.\u00a0A Claro, uma das maiores operadoras de telefonia do pa\u00eds, montou um comit\u00ea [&hellip;]<\/p>\n","protected":false},"author":1,"featured_media":8412,"comment_status":"closed","ping_status":"closed","sticky":false,"template":"","format":"standard","meta":{"_monsterinsights_skip_tracking":false,"_monsterinsights_sitenote_active":false,"_monsterinsights_sitenote_note":"","_monsterinsights_sitenote_category":0,"footnotes":""},"categories":[1],"tags":[2215,53,4379,3487,50,282,34,96,3200,54],"class_list":["post-10574","post","type-post","status-publish","format-standard","has-post-thumbnail","hentry","category-geral","tag-abeeolica-2","tag-aneel","tag-crise-energetica","tag-crise-hidrica","tag-eletrobras","tag-energia-eletrica","tag-infraestrutura","tag-ministerio-de-minas-e-energia","tag-racionamento","tag-setor-eletrico"],"yoast_head":"<!-- This site is optimized with the Yoast SEO Premium plugin v25.4 (Yoast SEO v26.0) - https:\/\/yoast.com\/wordpress\/plugins\/seo\/ -->\n<title>An\u00e1lise: Com sucessivas crises e altos custos, setor el\u00e9trico vive cen\u00e1rio desafiador - Ag\u00eancia iNFRA<\/title>\n<meta name=\"robots\" content=\"index, follow, max-snippet:-1, max-image-preview:large, max-video-preview:-1\" \/>\n<link rel=\"canonical\" href=\"https:\/\/agenciainfra.com\/blog\/analise-com-sucessivas-crises-e-altos-custos-setor-eletrico-vive-cenario-desafiador\/\" \/>\n<meta property=\"og:locale\" content=\"pt_BR\" \/>\n<meta property=\"og:type\" content=\"article\" \/>\n<meta property=\"og:title\" content=\"An\u00e1lise: Com sucessivas crises e altos custos, setor el\u00e9trico vive cen\u00e1rio desafiador\" \/>\n<meta property=\"og:description\" content=\"\u00a0Roberto Rockmann* Um ano atr\u00e1s, o ent\u00e3o ministro Bento Albuquerque estava envolvido na crise h\u00eddrica. A amea\u00e7a de um novo racionamento e de cortes de energia durante as tardes do fim do per\u00edodo seco estavam na ordem do dia do governo e empres\u00e1rios.\u00a0A Claro, uma das maiores operadoras de telefonia do pa\u00eds, montou um comit\u00ea [&hellip;]\" \/>\n<meta property=\"og:url\" content=\"https:\/\/agenciainfra.com\/blog\/analise-com-sucessivas-crises-e-altos-custos-setor-eletrico-vive-cenario-desafiador\/\" \/>\n<meta property=\"og:site_name\" content=\"Ag\u00eancia iNFRA\" \/>\n<meta property=\"article:publisher\" content=\"https:\/\/www.facebook.com\/ageninfra\" \/>\n<meta property=\"article:published_time\" content=\"2022-06-06T14:00:00+00:00\" \/>\n<meta property=\"og:image\" content=\"https:\/\/agenciainfra.com\/blog\/wp-content\/uploads\/2021\/09\/consumo-energia-eletrica-foto-dominio-publico-1024x683.jpg\" \/>\n\t<meta property=\"og:image:width\" content=\"1024\" \/>\n\t<meta property=\"og:image:height\" content=\"683\" \/>\n\t<meta property=\"og:image:type\" content=\"image\/jpeg\" \/>\n<meta name=\"author\" content=\"Ag\u00eancia iNFRA\" \/>\n<meta name=\"twitter:card\" content=\"summary_large_image\" \/>\n<meta name=\"twitter:creator\" content=\"@agencia_infra\" \/>\n<meta name=\"twitter:site\" content=\"@agencia_infra\" \/>\n<meta name=\"twitter:label1\" content=\"Escrito por\" \/>\n\t<meta name=\"twitter:data1\" content=\"Ag\u00eancia iNFRA\" \/>\n\t<meta name=\"twitter:label2\" content=\"Est. tempo de leitura\" \/>\n\t<meta name=\"twitter:data2\" content=\"6 minutos\" \/>\n<script type=\"application\/ld+json\" class=\"yoast-schema-graph\">{\"@context\":\"https:\/\/schema.org\",\"@graph\":[{\"@type\":\"Article\",\"@id\":\"https:\/\/agenciainfra.com\/blog\/analise-com-sucessivas-crises-e-altos-custos-setor-eletrico-vive-cenario-desafiador\/#article\",\"isPartOf\":{\"@id\":\"https:\/\/agenciainfra.com\/blog\/analise-com-sucessivas-crises-e-altos-custos-setor-eletrico-vive-cenario-desafiador\/\"},\"author\":{\"name\":\"Ag\u00eancia iNFRA\",\"@id\":\"https:\/\/agenciainfra.com\/blog\/#\/schema\/person\/34af08dff6adea4cb22b06612ba7acfa\"},\"headline\":\"An\u00e1lise: Com sucessivas crises e altos custos, setor el\u00e9trico vive cen\u00e1rio desafiador\",\"datePublished\":\"2022-06-06T14:00:00+00:00\",\"mainEntityOfPage\":{\"@id\":\"https:\/\/agenciainfra.com\/blog\/analise-com-sucessivas-crises-e-altos-custos-setor-eletrico-vive-cenario-desafiador\/\"},\"wordCount\":1285,\"publisher\":{\"@id\":\"https:\/\/agenciainfra.com\/blog\/#organization\"},\"image\":{\"@id\":\"https:\/\/agenciainfra.com\/blog\/analise-com-sucessivas-crises-e-altos-custos-setor-eletrico-vive-cenario-desafiador\/#primaryimage\"},\"thumbnailUrl\":\"https:\/\/agenciainfra.com\/blog\/wp-content\/uploads\/2021\/09\/consumo-energia-eletrica-foto-dominio-publico.jpg\",\"keywords\":[\"Abee\u00f3lica\",\"ANEEL\",\"crise energ\u00e9tica\",\"crise h\u00eddrica\",\"Eletrobras\",\"energia el\u00e9trica\",\"Infraestrutura\",\"Minist\u00e9rio de Minas e Energia\",\"racionamento\",\"Setor El\u00e9trico\"],\"articleSection\":[\"Geral\"],\"inLanguage\":\"pt-BR\",\"copyrightYear\":\"2022\",\"copyrightHolder\":{\"@id\":\"https:\/\/agenciainfra.com\/blog\/#organization\"}},{\"@type\":\"WebPage\",\"@id\":\"https:\/\/agenciainfra.com\/blog\/analise-com-sucessivas-crises-e-altos-custos-setor-eletrico-vive-cenario-desafiador\/\",\"url\":\"https:\/\/agenciainfra.com\/blog\/analise-com-sucessivas-crises-e-altos-custos-setor-eletrico-vive-cenario-desafiador\/\",\"name\":\"An\u00e1lise: Com sucessivas crises e altos custos, setor el\u00e9trico vive cen\u00e1rio desafiador - Ag\u00eancia iNFRA\",\"isPartOf\":{\"@id\":\"https:\/\/agenciainfra.com\/blog\/#website\"},\"primaryImageOfPage\":{\"@id\":\"https:\/\/agenciainfra.com\/blog\/analise-com-sucessivas-crises-e-altos-custos-setor-eletrico-vive-cenario-desafiador\/#primaryimage\"},\"image\":{\"@id\":\"https:\/\/agenciainfra.com\/blog\/analise-com-sucessivas-crises-e-altos-custos-setor-eletrico-vive-cenario-desafiador\/#primaryimage\"},\"thumbnailUrl\":\"https:\/\/agenciainfra.com\/blog\/wp-content\/uploads\/2021\/09\/consumo-energia-eletrica-foto-dominio-publico.jpg\",\"datePublished\":\"2022-06-06T14:00:00+00:00\",\"breadcrumb\":{\"@id\":\"https:\/\/agenciainfra.com\/blog\/analise-com-sucessivas-crises-e-altos-custos-setor-eletrico-vive-cenario-desafiador\/#breadcrumb\"},\"inLanguage\":\"pt-BR\",\"potentialAction\":[{\"@type\":\"ReadAction\",\"target\":[\"https:\/\/agenciainfra.com\/blog\/analise-com-sucessivas-crises-e-altos-custos-setor-eletrico-vive-cenario-desafiador\/\"]}]},{\"@type\":\"ImageObject\",\"inLanguage\":\"pt-BR\",\"@id\":\"https:\/\/agenciainfra.com\/blog\/analise-com-sucessivas-crises-e-altos-custos-setor-eletrico-vive-cenario-desafiador\/#primaryimage\",\"url\":\"https:\/\/agenciainfra.com\/blog\/wp-content\/uploads\/2021\/09\/consumo-energia-eletrica-foto-dominio-publico.jpg\",\"contentUrl\":\"https:\/\/agenciainfra.com\/blog\/wp-content\/uploads\/2021\/09\/consumo-energia-eletrica-foto-dominio-publico.jpg\",\"width\":2119,\"height\":1414,\"caption\":\"Foto: Dom\u00ednio p\u00fablico\"},{\"@type\":\"BreadcrumbList\",\"@id\":\"https:\/\/agenciainfra.com\/blog\/analise-com-sucessivas-crises-e-altos-custos-setor-eletrico-vive-cenario-desafiador\/#breadcrumb\",\"itemListElement\":[{\"@type\":\"ListItem\",\"position\":1,\"name\":\"In\u00edcio\",\"item\":\"https:\/\/agenciainfra.com\/blog\/\"},{\"@type\":\"ListItem\",\"position\":2,\"name\":\"An\u00e1lise: Com sucessivas crises e altos custos, setor el\u00e9trico vive cen\u00e1rio desafiador\"}]},{\"@type\":\"WebSite\",\"@id\":\"https:\/\/agenciainfra.com\/blog\/#website\",\"url\":\"https:\/\/agenciainfra.com\/blog\/\",\"name\":\"Ag\u00eancia iNFRA\",\"description\":\"Multiplataforma de informa\u00e7\u00e3o jornal\u00edstica refer\u00eancia na \u00e1rea de infraestrutura no Brasil!\",\"publisher\":{\"@id\":\"https:\/\/agenciainfra.com\/blog\/#organization\"},\"potentialAction\":[{\"@type\":\"SearchAction\",\"target\":{\"@type\":\"EntryPoint\",\"urlTemplate\":\"https:\/\/agenciainfra.com\/blog\/?s={search_term_string}\"},\"query-input\":{\"@type\":\"PropertyValueSpecification\",\"valueRequired\":true,\"valueName\":\"search_term_string\"}}],\"inLanguage\":\"pt-BR\"},{\"@type\":\"Organization\",\"@id\":\"https:\/\/agenciainfra.com\/blog\/#organization\",\"name\":\"Ag\u00eancia iNFRA\",\"url\":\"https:\/\/agenciainfra.com\/blog\/\",\"logo\":{\"@type\":\"ImageObject\",\"inLanguage\":\"pt-BR\",\"@id\":\"https:\/\/agenciainfra.com\/blog\/#\/schema\/logo\/image\/\",\"url\":\"https:\/\/agenciainfra.com\/blog\/wp-content\/uploads\/2023\/09\/iNFRA_5-e1761735885940.png\",\"contentUrl\":\"https:\/\/agenciainfra.com\/blog\/wp-content\/uploads\/2023\/09\/iNFRA_5-e1761735885940.png\",\"width\":1672,\"height\":454,\"caption\":\"Ag\u00eancia iNFRA\"},\"image\":{\"@id\":\"https:\/\/agenciainfra.com\/blog\/#\/schema\/logo\/image\/\"},\"sameAs\":[\"https:\/\/www.facebook.com\/ageninfra\",\"https:\/\/x.com\/agencia_infra\",\"https:\/\/www.linkedin.com\/company\/ag\u00eanciainfra\/\",\"https:\/\/www.instagram.com\/agenciainfra\/\"]},{\"@type\":\"Person\",\"@id\":\"https:\/\/agenciainfra.com\/blog\/#\/schema\/person\/34af08dff6adea4cb22b06612ba7acfa\",\"name\":\"Ag\u00eancia iNFRA\",\"image\":{\"@type\":\"ImageObject\",\"inLanguage\":\"pt-BR\",\"@id\":\"https:\/\/agenciainfra.com\/blog\/#\/schema\/person\/image\/\",\"url\":\"https:\/\/secure.gravatar.com\/avatar\/d189e01678f06d8eb84d4e01f08eb848b3fffe3f8443818d3c356c66892f5be8?s=96&d=mm&r=g\",\"contentUrl\":\"https:\/\/secure.gravatar.com\/avatar\/d189e01678f06d8eb84d4e01f08eb848b3fffe3f8443818d3c356c66892f5be8?s=96&d=mm&r=g\",\"caption\":\"Ag\u00eancia iNFRA\"},\"url\":\"https:\/\/agenciainfra.com\/blog\/author\/admin\/\"}]}<\/script>\n<!-- \/ Yoast SEO Premium plugin. -->","yoast_head_json":{"title":"An\u00e1lise: Com sucessivas crises e altos custos, setor el\u00e9trico vive cen\u00e1rio desafiador - Ag\u00eancia iNFRA","robots":{"index":"index","follow":"follow","max-snippet":"max-snippet:-1","max-image-preview":"max-image-preview:large","max-video-preview":"max-video-preview:-1"},"canonical":"https:\/\/agenciainfra.com\/blog\/analise-com-sucessivas-crises-e-altos-custos-setor-eletrico-vive-cenario-desafiador\/","og_locale":"pt_BR","og_type":"article","og_title":"An\u00e1lise: Com sucessivas crises e altos custos, setor el\u00e9trico vive cen\u00e1rio desafiador","og_description":"\u00a0Roberto Rockmann* Um ano atr\u00e1s, o ent\u00e3o ministro Bento Albuquerque estava envolvido na crise h\u00eddrica. A amea\u00e7a de um novo racionamento e de cortes de energia durante as tardes do fim do per\u00edodo seco estavam na ordem do dia do governo e empres\u00e1rios.\u00a0A Claro, uma das maiores operadoras de telefonia do pa\u00eds, montou um comit\u00ea [&hellip;]","og_url":"https:\/\/agenciainfra.com\/blog\/analise-com-sucessivas-crises-e-altos-custos-setor-eletrico-vive-cenario-desafiador\/","og_site_name":"Ag\u00eancia iNFRA","article_publisher":"https:\/\/www.facebook.com\/ageninfra","article_published_time":"2022-06-06T14:00:00+00:00","og_image":[{"width":1024,"height":683,"url":"https:\/\/agenciainfra.com\/blog\/wp-content\/uploads\/2021\/09\/consumo-energia-eletrica-foto-dominio-publico-1024x683.jpg","type":"image\/jpeg"}],"author":"Ag\u00eancia iNFRA","twitter_card":"summary_large_image","twitter_creator":"@agencia_infra","twitter_site":"@agencia_infra","twitter_misc":{"Escrito por":"Ag\u00eancia iNFRA","Est. tempo de leitura":"6 minutos"},"schema":{"@context":"https:\/\/schema.org","@graph":[{"@type":"Article","@id":"https:\/\/agenciainfra.com\/blog\/analise-com-sucessivas-crises-e-altos-custos-setor-eletrico-vive-cenario-desafiador\/#article","isPartOf":{"@id":"https:\/\/agenciainfra.com\/blog\/analise-com-sucessivas-crises-e-altos-custos-setor-eletrico-vive-cenario-desafiador\/"},"author":{"name":"Ag\u00eancia iNFRA","@id":"https:\/\/agenciainfra.com\/blog\/#\/schema\/person\/34af08dff6adea4cb22b06612ba7acfa"},"headline":"An\u00e1lise: Com sucessivas crises e altos custos, setor el\u00e9trico vive cen\u00e1rio desafiador","datePublished":"2022-06-06T14:00:00+00:00","mainEntityOfPage":{"@id":"https:\/\/agenciainfra.com\/blog\/analise-com-sucessivas-crises-e-altos-custos-setor-eletrico-vive-cenario-desafiador\/"},"wordCount":1285,"publisher":{"@id":"https:\/\/agenciainfra.com\/blog\/#organization"},"image":{"@id":"https:\/\/agenciainfra.com\/blog\/analise-com-sucessivas-crises-e-altos-custos-setor-eletrico-vive-cenario-desafiador\/#primaryimage"},"thumbnailUrl":"https:\/\/agenciainfra.com\/blog\/wp-content\/uploads\/2021\/09\/consumo-energia-eletrica-foto-dominio-publico.jpg","keywords":["Abee\u00f3lica","ANEEL","crise energ\u00e9tica","crise h\u00eddrica","Eletrobras","energia el\u00e9trica","Infraestrutura","Minist\u00e9rio de Minas e Energia","racionamento","Setor El\u00e9trico"],"articleSection":["Geral"],"inLanguage":"pt-BR","copyrightYear":"2022","copyrightHolder":{"@id":"https:\/\/agenciainfra.com\/blog\/#organization"}},{"@type":"WebPage","@id":"https:\/\/agenciainfra.com\/blog\/analise-com-sucessivas-crises-e-altos-custos-setor-eletrico-vive-cenario-desafiador\/","url":"https:\/\/agenciainfra.com\/blog\/analise-com-sucessivas-crises-e-altos-custos-setor-eletrico-vive-cenario-desafiador\/","name":"An\u00e1lise: Com sucessivas crises e altos custos, setor el\u00e9trico vive cen\u00e1rio desafiador - Ag\u00eancia iNFRA","isPartOf":{"@id":"https:\/\/agenciainfra.com\/blog\/#website"},"primaryImageOfPage":{"@id":"https:\/\/agenciainfra.com\/blog\/analise-com-sucessivas-crises-e-altos-custos-setor-eletrico-vive-cenario-desafiador\/#primaryimage"},"image":{"@id":"https:\/\/agenciainfra.com\/blog\/analise-com-sucessivas-crises-e-altos-custos-setor-eletrico-vive-cenario-desafiador\/#primaryimage"},"thumbnailUrl":"https:\/\/agenciainfra.com\/blog\/wp-content\/uploads\/2021\/09\/consumo-energia-eletrica-foto-dominio-publico.jpg","datePublished":"2022-06-06T14:00:00+00:00","breadcrumb":{"@id":"https:\/\/agenciainfra.com\/blog\/analise-com-sucessivas-crises-e-altos-custos-setor-eletrico-vive-cenario-desafiador\/#breadcrumb"},"inLanguage":"pt-BR","potentialAction":[{"@type":"ReadAction","target":["https:\/\/agenciainfra.com\/blog\/analise-com-sucessivas-crises-e-altos-custos-setor-eletrico-vive-cenario-desafiador\/"]}]},{"@type":"ImageObject","inLanguage":"pt-BR","@id":"https:\/\/agenciainfra.com\/blog\/analise-com-sucessivas-crises-e-altos-custos-setor-eletrico-vive-cenario-desafiador\/#primaryimage","url":"https:\/\/agenciainfra.com\/blog\/wp-content\/uploads\/2021\/09\/consumo-energia-eletrica-foto-dominio-publico.jpg","contentUrl":"https:\/\/agenciainfra.com\/blog\/wp-content\/uploads\/2021\/09\/consumo-energia-eletrica-foto-dominio-publico.jpg","width":2119,"height":1414,"caption":"Foto: Dom\u00ednio p\u00fablico"},{"@type":"BreadcrumbList","@id":"https:\/\/agenciainfra.com\/blog\/analise-com-sucessivas-crises-e-altos-custos-setor-eletrico-vive-cenario-desafiador\/#breadcrumb","itemListElement":[{"@type":"ListItem","position":1,"name":"In\u00edcio","item":"https:\/\/agenciainfra.com\/blog\/"},{"@type":"ListItem","position":2,"name":"An\u00e1lise: Com sucessivas crises e altos custos, setor el\u00e9trico vive cen\u00e1rio desafiador"}]},{"@type":"WebSite","@id":"https:\/\/agenciainfra.com\/blog\/#website","url":"https:\/\/agenciainfra.com\/blog\/","name":"Ag\u00eancia iNFRA","description":"Multiplataforma de informa\u00e7\u00e3o jornal\u00edstica refer\u00eancia na \u00e1rea de infraestrutura no Brasil!","publisher":{"@id":"https:\/\/agenciainfra.com\/blog\/#organization"},"potentialAction":[{"@type":"SearchAction","target":{"@type":"EntryPoint","urlTemplate":"https:\/\/agenciainfra.com\/blog\/?s={search_term_string}"},"query-input":{"@type":"PropertyValueSpecification","valueRequired":true,"valueName":"search_term_string"}}],"inLanguage":"pt-BR"},{"@type":"Organization","@id":"https:\/\/agenciainfra.com\/blog\/#organization","name":"Ag\u00eancia iNFRA","url":"https:\/\/agenciainfra.com\/blog\/","logo":{"@type":"ImageObject","inLanguage":"pt-BR","@id":"https:\/\/agenciainfra.com\/blog\/#\/schema\/logo\/image\/","url":"https:\/\/agenciainfra.com\/blog\/wp-content\/uploads\/2023\/09\/iNFRA_5-e1761735885940.png","contentUrl":"https:\/\/agenciainfra.com\/blog\/wp-content\/uploads\/2023\/09\/iNFRA_5-e1761735885940.png","width":1672,"height":454,"caption":"Ag\u00eancia iNFRA"},"image":{"@id":"https:\/\/agenciainfra.com\/blog\/#\/schema\/logo\/image\/"},"sameAs":["https:\/\/www.facebook.com\/ageninfra","https:\/\/x.com\/agencia_infra","https:\/\/www.linkedin.com\/company\/ag\u00eanciainfra\/","https:\/\/www.instagram.com\/agenciainfra\/"]},{"@type":"Person","@id":"https:\/\/agenciainfra.com\/blog\/#\/schema\/person\/34af08dff6adea4cb22b06612ba7acfa","name":"Ag\u00eancia iNFRA","image":{"@type":"ImageObject","inLanguage":"pt-BR","@id":"https:\/\/agenciainfra.com\/blog\/#\/schema\/person\/image\/","url":"https:\/\/secure.gravatar.com\/avatar\/d189e01678f06d8eb84d4e01f08eb848b3fffe3f8443818d3c356c66892f5be8?s=96&d=mm&r=g","contentUrl":"https:\/\/secure.gravatar.com\/avatar\/d189e01678f06d8eb84d4e01f08eb848b3fffe3f8443818d3c356c66892f5be8?s=96&d=mm&r=g","caption":"Ag\u00eancia iNFRA"},"url":"https:\/\/agenciainfra.com\/blog\/author\/admin\/"}]}},"_links":{"self":[{"href":"https:\/\/agenciainfra.com\/blog\/wp-json\/wp\/v2\/posts\/10574","targetHints":{"allow":["GET"]}}],"collection":[{"href":"https:\/\/agenciainfra.com\/blog\/wp-json\/wp\/v2\/posts"}],"about":[{"href":"https:\/\/agenciainfra.com\/blog\/wp-json\/wp\/v2\/types\/post"}],"author":[{"embeddable":true,"href":"https:\/\/agenciainfra.com\/blog\/wp-json\/wp\/v2\/users\/1"}],"replies":[{"embeddable":true,"href":"https:\/\/agenciainfra.com\/blog\/wp-json\/wp\/v2\/comments?post=10574"}],"version-history":[{"count":0,"href":"https:\/\/agenciainfra.com\/blog\/wp-json\/wp\/v2\/posts\/10574\/revisions"}],"wp:featuredmedia":[{"embeddable":true,"href":"https:\/\/agenciainfra.com\/blog\/wp-json\/wp\/v2\/media\/8412"}],"wp:attachment":[{"href":"https:\/\/agenciainfra.com\/blog\/wp-json\/wp\/v2\/media?parent=10574"}],"wp:term":[{"taxonomy":"category","embeddable":true,"href":"https:\/\/agenciainfra.com\/blog\/wp-json\/wp\/v2\/categories?post=10574"},{"taxonomy":"post_tag","embeddable":true,"href":"https:\/\/agenciainfra.com\/blog\/wp-json\/wp\/v2\/tags?post=10574"}],"curies":[{"name":"wp","href":"https:\/\/api.w.org\/{rel}","templated":true}]}}