{"id":10578,"date":"2022-06-08T10:00:00","date_gmt":"2022-06-08T13:00:00","guid":{"rendered":"https:\/\/www.agenciainfra.com\/blog\/?p=10578"},"modified":"2022-06-06T10:48:16","modified_gmt":"2022-06-06T13:48:16","slug":"infradebate-redes-neutras-um-caminho-para-a-expansao-da-conectividade","status":"publish","type":"post","link":"https:\/\/agenciainfra.com\/blog\/infradebate-redes-neutras-um-caminho-para-a-expansao-da-conectividade\/","title":{"rendered":"iNFRADebate: Redes neutras \u2013 um caminho para a expans\u00e3o da conectividade?"},"content":{"rendered":"\n<p class=\"has-text-align-right\"><strong>Bruna Castanheira* e Lara Salgueiro**<\/strong><\/p>\n\n\n\n<p>Com o crescimento acelerado da demanda por conectividade, a chegada do 5G e a moderniza\u00e7\u00e3o das infraestruturas de rede, as chamadas \u201credes neutras\u201d t\u00eam sido consideradas uma alternativa vi\u00e1vel para a expans\u00e3o e aprimoramento dos servi\u00e7os de telecomunica\u00e7\u00f5es. As redes neutras s\u00e3o redes fixas ou m\u00f3veis que podem atender, simultaneamente, diversos provedores de internet. Sua estrutura\u00e7\u00e3o \u00e9 semelhante ao compartilhamento de torres de telefonia m\u00f3vel, pr\u00e1tica que j\u00e1 \u00e9 adotada no Brasil e regulada pela Anatel (Ag\u00eancia Nacional de Telecomunica\u00e7\u00f5es) por meio da Resolu\u00e7\u00e3o 683\/2017.\u00a0<\/p>\n\n\n\n<p>Em termos pr\u00e1ticos, \u00e9 poss\u00edvel que v\u00e1rias companhias do setor de telecomunica\u00e7\u00f5es aluguem e utilizem uma mesma infraestrutura \u2013 seja de fibra \u00f3ptica, cabos met\u00e1licos, redes m\u00f3veis, por exemplo \u2013 chamada de rede neutra. O ingresso crescente de novas empresas neste setor traz \u00e0 tona diferentes modelos de redes neutras para atender exig\u00eancias do mercado: nos chamados FTTH (<em>Fiber-to-the-Home<\/em>) a fibra \u00f3ptica sai da central da empresa que fornece o acesso e chega, diretamente, at\u00e9 a resid\u00eancia do cliente; j\u00e1 no modelo FTTB (<em>Fiber-to-the-Building<\/em>), a fibra \u00f3ptica da central da empresa chega at\u00e9 um suporte fixado dentro de edif\u00edcios ou condom\u00ednios.\u00a0<\/p>\n\n\n\n<p>No Brasil, j\u00e1 podem ser identificadas algumas iniciativas envolvendo redes neutras. No contexto nacional, existem casos de empresas que oferecem infraestrutura para as principais operadoras de telecomunica\u00e7\u00f5es e numerosos provedores regionais. No ano passado, a TIM, por exemplo, firmou uma parceria com o Grupo IHS, para a cria\u00e7\u00e3o de uma empresa com ativos \u00f3pticos.&nbsp;<\/p>\n\n\n\n<p>J\u00e1 no cen\u00e1rio internacional, diversos pa\u00edses \u2013 como \u00cdndia, Reino Unido e Rep\u00fablica Checa \u2013 j\u00e1 utilizam redes neutras. Em 2020, por exemplo, o Conselho de Administra\u00e7\u00e3o da TIM da It\u00e1lia aprovou o acordo com a KKR Infrastructure e a Fastweb para a cria\u00e7\u00e3o da FiberCop, empresa que oferece infraestrutura de cobre e fibra para diversas outras operadoras. Na Austr\u00e1lia, a Dense Air implementa, desde 2021, sua infraestrutura de rede neutra. A empresa vem firmando uma s\u00e9rie de parcerias com cidades e provedoras de servi\u00e7os para construir redes sem fio compartilhadas, visando promover equidade de banda larga e melhorar a economia das operadoras.\u00a0<\/p>\n\n\n\n<p>A utiliza\u00e7\u00e3o e expans\u00e3o das redes neutras evidentemente se mostra uma tend\u00eancia em todo o mundo. Em vista das vantagens e economia que elas podem propiciar para os mais diversos agentes e segmentos, \u00e9 importante que o Brasil avance nesse cen\u00e1rio.\u00a0<\/p>\n\n\n\n<p><strong>Operadoras virtuais e redes neutras\u00a0<\/strong><br>Embora se estruturem de maneira semelhante, as operadoras virtuais e as redes neutras apresentam consider\u00e1veis diferen\u00e7as. No caso das operadoras virtuais, sejam elas MVNOs (<em>mobile virtual network operator<\/em>) ou FVNOs (<em>fixed virtual network operator<\/em>), as empresas que det\u00eam a rede \u201cemprestam\u201d sua infraestrutura \u00e0s empresas interessadas, por\u00e9m ainda continuam respons\u00e1veis por garantir o efetivo funcionamento da conex\u00e3o. Como exemplo, no ano passado, empresas do setor <em>de delivery e ride-hailing <\/em>desenvolveram planos de telefonia exclusivos para motoristas e entregadores parceiros, que poderiam ser adquiridos dentro das pr\u00f3prias plataformas.\u00a0<\/p>\n\n\n\n<p>No caso das redes neutras, a empresa que det\u00e9m a infraestrutura pode alug\u00e1-la para outra empresa, que al\u00e9m de ofertar o servi\u00e7o de internet para o cliente, tamb\u00e9m ficar\u00e1 respons\u00e1vel por administrar a rede. Como exemplo, empresas que possuam fibra \u00f3ptica ou sat\u00e9lites podem alug\u00e1-los para que empresas interessadas se tornem provedoras de servi\u00e7os de internet ou telefonia, sem que haja a necessidade de constru\u00edrem sua pr\u00f3pria infraestrutura do zero. Sob a perspectiva do usu\u00e1rio final, este nem sequer tem conhecimento de que est\u00e1 conectado a uma rede neutra.\u00a0<\/p>\n\n\n\n<p><strong>Posicionamento da Anatel\u00a0<\/strong><br>Um dos grandes potenciais das redes neutras \u00e9 a viabiliza\u00e7\u00e3o do 5G no pa\u00eds. A quinta gera\u00e7\u00e3o da conex\u00e3o de internet m\u00f3vel e de banda larga tem seu funcionamento atrelado \u00e0s infraestruturas de fibra \u00f3ptica e demanda um grande fluxo de dados em alta velocidade. Desse modo, a capilaridade de rede de fibra \u00f3ptica de alta qualidade que pode ser proporcionada pelas redes neutras as tornam um interessante elemento nesse cen\u00e1rio.\u00a0<\/p>\n\n\n\n<p>Frente a isso, a Anatel j\u00e1 tem se pronunciado em rela\u00e7\u00e3o \u00e0 implementa\u00e7\u00e3o de poss\u00edveis regula\u00e7\u00f5es. A ag\u00eancia tem pontuado que \u00e9 importante estudar mais a fundo a estrutura\u00e7\u00e3o e operacionaliza\u00e7\u00e3o das redes neutras e analisar quais quest\u00f5es j\u00e1 s\u00e3o contempladas em normativas da Anatel, e quais necessitam de especial aten\u00e7\u00e3o. Alguns dos temas que a ag\u00eancia j\u00e1 considera importante analisar e reavaliar s\u00e3o as regras de compartilhamento e limite de quantidade de espectro, quest\u00f5es de roaming local e como ser\u00e1 a rela\u00e7\u00e3o com o varejo.\u00a0<\/p>\n\n\n\n<h6 class=\"wp-block-heading\">*Bruna Castanheira<strong> \u00e9 coordenadora da equipe de Tech Regulation do B\/Luz.<\/strong><\/h6>\n\n\n\n<h6 class=\"wp-block-heading\">**Lara Salgueiro \u00e9 <strong>estagi\u00e1ria da equipe de Tech Regulation do B\/Luz.<\/strong><\/h6>\n\n\n\n<h5 class=\"wp-block-heading\" id=\"block-d67878ff-7627-4f15-b175-8f58269174ff\">O iNFRADebate \u00e9 o espa\u00e7o de artigos da Ag\u00eancia iNFRA com opini\u00f5es de seus atores que n\u00e3o refletem necessariamente o pensamento da Ag\u00eancia iNFRA, sendo de total responsabilidade do autor as informa\u00e7\u00f5es, ju\u00edzos de valor e conceitos descritos no texto.<\/h5>\n","protected":false},"excerpt":{"rendered":"<p>Bruna Castanheira* e Lara Salgueiro** Com o crescimento acelerado da demanda por conectividade, a chegada do 5G e a moderniza\u00e7\u00e3o das infraestruturas de rede, as chamadas \u201credes neutras\u201d t\u00eam sido consideradas uma alternativa vi\u00e1vel para a expans\u00e3o e aprimoramento dos servi\u00e7os de telecomunica\u00e7\u00f5es. As redes neutras s\u00e3o redes fixas ou m\u00f3veis que podem atender, simultaneamente, [&hellip;]<\/p>\n","protected":false},"author":1,"featured_media":10579,"comment_status":"closed","ping_status":"closed","sticky":false,"template":"","format":"standard","meta":{"_monsterinsights_skip_tracking":false,"_monsterinsights_sitenote_active":false,"_monsterinsights_sitenote_note":"","_monsterinsights_sitenote_category":0,"footnotes":""},"categories":[1,11],"tags":[2645,2234,2640,34,2641,2648,5416,5415,5417,2639],"class_list":["post-10578","post","type-post","status-publish","format-standard","has-post-thumbnail","hentry","category-geral","category-infradebate","tag-5g","tag-anatel","tag-conectividade","tag-infraestrutura","tag-internet","tag-modernizacao","tag-operadoras-virtuais","tag-redes-neutras","tag-setor-de-telecomunicacao","tag-telecomunicacoes"],"yoast_head":"<!-- This site is optimized with the Yoast SEO Premium plugin v25.4 (Yoast SEO v26.0) - https:\/\/yoast.com\/wordpress\/plugins\/seo\/ -->\n<title>iNFRADebate: Redes neutras \u2013 um caminho para a expans\u00e3o da conectividade? - Ag\u00eancia iNFRA<\/title>\n<meta name=\"robots\" content=\"index, follow, max-snippet:-1, max-image-preview:large, max-video-preview:-1\" \/>\n<link rel=\"canonical\" href=\"https:\/\/agenciainfra.com\/blog\/infradebate-redes-neutras-um-caminho-para-a-expansao-da-conectividade\/\" \/>\n<meta property=\"og:locale\" content=\"pt_BR\" \/>\n<meta property=\"og:type\" content=\"article\" \/>\n<meta property=\"og:title\" content=\"iNFRADebate: Redes neutras \u2013 um caminho para a expans\u00e3o da conectividade?\" \/>\n<meta property=\"og:description\" content=\"Bruna Castanheira* e Lara Salgueiro** Com o crescimento acelerado da demanda por conectividade, a chegada do 5G e a moderniza\u00e7\u00e3o das infraestruturas de rede, as chamadas \u201credes neutras\u201d t\u00eam sido consideradas uma alternativa vi\u00e1vel para a expans\u00e3o e aprimoramento dos servi\u00e7os de telecomunica\u00e7\u00f5es. As redes neutras s\u00e3o redes fixas ou m\u00f3veis que podem atender, simultaneamente, [&hellip;]\" \/>\n<meta property=\"og:url\" content=\"https:\/\/agenciainfra.com\/blog\/infradebate-redes-neutras-um-caminho-para-a-expansao-da-conectividade\/\" \/>\n<meta property=\"og:site_name\" content=\"Ag\u00eancia iNFRA\" \/>\n<meta property=\"article:publisher\" content=\"https:\/\/www.facebook.com\/ageninfra\" \/>\n<meta property=\"article:published_time\" content=\"2022-06-08T13:00:00+00:00\" \/>\n<meta property=\"og:image\" content=\"https:\/\/agenciainfra.com\/blog\/wp-content\/uploads\/2022\/06\/bruna-castanheira-e-lara-salgueiro-foto-arquivo-pessoal.png\" \/>\n\t<meta property=\"og:image:width\" content=\"1280\" \/>\n\t<meta property=\"og:image:height\" content=\"758\" \/>\n\t<meta property=\"og:image:type\" content=\"image\/png\" \/>\n<meta name=\"author\" content=\"Ag\u00eancia iNFRA\" \/>\n<meta name=\"twitter:card\" content=\"summary_large_image\" \/>\n<meta name=\"twitter:creator\" content=\"@agencia_infra\" \/>\n<meta name=\"twitter:site\" content=\"@agencia_infra\" \/>\n<meta name=\"twitter:label1\" content=\"Escrito por\" \/>\n\t<meta name=\"twitter:data1\" content=\"Ag\u00eancia iNFRA\" \/>\n\t<meta name=\"twitter:label2\" content=\"Est. tempo de leitura\" \/>\n\t<meta name=\"twitter:data2\" content=\"4 minutos\" \/>\n<script type=\"application\/ld+json\" class=\"yoast-schema-graph\">{\"@context\":\"https:\/\/schema.org\",\"@graph\":[{\"@type\":\"Article\",\"@id\":\"https:\/\/agenciainfra.com\/blog\/infradebate-redes-neutras-um-caminho-para-a-expansao-da-conectividade\/#article\",\"isPartOf\":{\"@id\":\"https:\/\/agenciainfra.com\/blog\/infradebate-redes-neutras-um-caminho-para-a-expansao-da-conectividade\/\"},\"author\":{\"name\":\"Ag\u00eancia iNFRA\",\"@id\":\"https:\/\/agenciainfra.com\/blog\/#\/schema\/person\/34af08dff6adea4cb22b06612ba7acfa\"},\"headline\":\"iNFRADebate: Redes neutras \u2013 um caminho para a expans\u00e3o da conectividade?\",\"datePublished\":\"2022-06-08T13:00:00+00:00\",\"mainEntityOfPage\":{\"@id\":\"https:\/\/agenciainfra.com\/blog\/infradebate-redes-neutras-um-caminho-para-a-expansao-da-conectividade\/\"},\"wordCount\":874,\"publisher\":{\"@id\":\"https:\/\/agenciainfra.com\/blog\/#organization\"},\"image\":{\"@id\":\"https:\/\/agenciainfra.com\/blog\/infradebate-redes-neutras-um-caminho-para-a-expansao-da-conectividade\/#primaryimage\"},\"thumbnailUrl\":\"https:\/\/agenciainfra.com\/blog\/wp-content\/uploads\/2022\/06\/bruna-castanheira-e-lara-salgueiro-foto-arquivo-pessoal.png\",\"keywords\":[\"5G\",\"Anatel\",\"conectividade\",\"Infraestrutura\",\"internet\",\"moderniza\u00e7\u00e3o\",\"operadoras virtuais\",\"redes neutras\",\"setor de telecomunica\u00e7\u00e3o\",\"telecomunica\u00e7\u00f5es\"],\"articleSection\":[\"Geral\",\"iNFRADebate\"],\"inLanguage\":\"pt-BR\",\"copyrightYear\":\"2022\",\"copyrightHolder\":{\"@id\":\"https:\/\/agenciainfra.com\/blog\/#organization\"}},{\"@type\":\"WebPage\",\"@id\":\"https:\/\/agenciainfra.com\/blog\/infradebate-redes-neutras-um-caminho-para-a-expansao-da-conectividade\/\",\"url\":\"https:\/\/agenciainfra.com\/blog\/infradebate-redes-neutras-um-caminho-para-a-expansao-da-conectividade\/\",\"name\":\"iNFRADebate: Redes neutras \u2013 um caminho para a expans\u00e3o da conectividade? - Ag\u00eancia iNFRA\",\"isPartOf\":{\"@id\":\"https:\/\/agenciainfra.com\/blog\/#website\"},\"primaryImageOfPage\":{\"@id\":\"https:\/\/agenciainfra.com\/blog\/infradebate-redes-neutras-um-caminho-para-a-expansao-da-conectividade\/#primaryimage\"},\"image\":{\"@id\":\"https:\/\/agenciainfra.com\/blog\/infradebate-redes-neutras-um-caminho-para-a-expansao-da-conectividade\/#primaryimage\"},\"thumbnailUrl\":\"https:\/\/agenciainfra.com\/blog\/wp-content\/uploads\/2022\/06\/bruna-castanheira-e-lara-salgueiro-foto-arquivo-pessoal.png\",\"datePublished\":\"2022-06-08T13:00:00+00:00\",\"breadcrumb\":{\"@id\":\"https:\/\/agenciainfra.com\/blog\/infradebate-redes-neutras-um-caminho-para-a-expansao-da-conectividade\/#breadcrumb\"},\"inLanguage\":\"pt-BR\",\"potentialAction\":[{\"@type\":\"ReadAction\",\"target\":[\"https:\/\/agenciainfra.com\/blog\/infradebate-redes-neutras-um-caminho-para-a-expansao-da-conectividade\/\"]}]},{\"@type\":\"ImageObject\",\"inLanguage\":\"pt-BR\",\"@id\":\"https:\/\/agenciainfra.com\/blog\/infradebate-redes-neutras-um-caminho-para-a-expansao-da-conectividade\/#primaryimage\",\"url\":\"https:\/\/agenciainfra.com\/blog\/wp-content\/uploads\/2022\/06\/bruna-castanheira-e-lara-salgueiro-foto-arquivo-pessoal.png\",\"contentUrl\":\"https:\/\/agenciainfra.com\/blog\/wp-content\/uploads\/2022\/06\/bruna-castanheira-e-lara-salgueiro-foto-arquivo-pessoal.png\",\"width\":1280,\"height\":758},{\"@type\":\"BreadcrumbList\",\"@id\":\"https:\/\/agenciainfra.com\/blog\/infradebate-redes-neutras-um-caminho-para-a-expansao-da-conectividade\/#breadcrumb\",\"itemListElement\":[{\"@type\":\"ListItem\",\"position\":1,\"name\":\"In\u00edcio\",\"item\":\"https:\/\/agenciainfra.com\/blog\/\"},{\"@type\":\"ListItem\",\"position\":2,\"name\":\"iNFRADebate: Redes neutras \u2013 um caminho para a expans\u00e3o da conectividade?\"}]},{\"@type\":\"WebSite\",\"@id\":\"https:\/\/agenciainfra.com\/blog\/#website\",\"url\":\"https:\/\/agenciainfra.com\/blog\/\",\"name\":\"Ag\u00eancia iNFRA\",\"description\":\"Multiplataforma de informa\u00e7\u00e3o jornal\u00edstica refer\u00eancia na \u00e1rea de infraestrutura no Brasil!\",\"publisher\":{\"@id\":\"https:\/\/agenciainfra.com\/blog\/#organization\"},\"potentialAction\":[{\"@type\":\"SearchAction\",\"target\":{\"@type\":\"EntryPoint\",\"urlTemplate\":\"https:\/\/agenciainfra.com\/blog\/?s={search_term_string}\"},\"query-input\":{\"@type\":\"PropertyValueSpecification\",\"valueRequired\":true,\"valueName\":\"search_term_string\"}}],\"inLanguage\":\"pt-BR\"},{\"@type\":\"Organization\",\"@id\":\"https:\/\/agenciainfra.com\/blog\/#organization\",\"name\":\"Ag\u00eancia iNFRA\",\"url\":\"https:\/\/agenciainfra.com\/blog\/\",\"logo\":{\"@type\":\"ImageObject\",\"inLanguage\":\"pt-BR\",\"@id\":\"https:\/\/agenciainfra.com\/blog\/#\/schema\/logo\/image\/\",\"url\":\"https:\/\/agenciainfra.com\/blog\/wp-content\/uploads\/2023\/09\/iNFRA_5-e1761735885940.png\",\"contentUrl\":\"https:\/\/agenciainfra.com\/blog\/wp-content\/uploads\/2023\/09\/iNFRA_5-e1761735885940.png\",\"width\":1672,\"height\":454,\"caption\":\"Ag\u00eancia iNFRA\"},\"image\":{\"@id\":\"https:\/\/agenciainfra.com\/blog\/#\/schema\/logo\/image\/\"},\"sameAs\":[\"https:\/\/www.facebook.com\/ageninfra\",\"https:\/\/x.com\/agencia_infra\",\"https:\/\/www.linkedin.com\/company\/ag\u00eanciainfra\/\",\"https:\/\/www.instagram.com\/agenciainfra\/\"]},{\"@type\":\"Person\",\"@id\":\"https:\/\/agenciainfra.com\/blog\/#\/schema\/person\/34af08dff6adea4cb22b06612ba7acfa\",\"name\":\"Ag\u00eancia iNFRA\",\"image\":{\"@type\":\"ImageObject\",\"inLanguage\":\"pt-BR\",\"@id\":\"https:\/\/agenciainfra.com\/blog\/#\/schema\/person\/image\/\",\"url\":\"https:\/\/secure.gravatar.com\/avatar\/d189e01678f06d8eb84d4e01f08eb848b3fffe3f8443818d3c356c66892f5be8?s=96&d=mm&r=g\",\"contentUrl\":\"https:\/\/secure.gravatar.com\/avatar\/d189e01678f06d8eb84d4e01f08eb848b3fffe3f8443818d3c356c66892f5be8?s=96&d=mm&r=g\",\"caption\":\"Ag\u00eancia iNFRA\"},\"url\":\"https:\/\/agenciainfra.com\/blog\/author\/admin\/\"}]}<\/script>\n<!-- \/ Yoast SEO Premium plugin. -->","yoast_head_json":{"title":"iNFRADebate: Redes neutras \u2013 um caminho para a expans\u00e3o da conectividade? - Ag\u00eancia iNFRA","robots":{"index":"index","follow":"follow","max-snippet":"max-snippet:-1","max-image-preview":"max-image-preview:large","max-video-preview":"max-video-preview:-1"},"canonical":"https:\/\/agenciainfra.com\/blog\/infradebate-redes-neutras-um-caminho-para-a-expansao-da-conectividade\/","og_locale":"pt_BR","og_type":"article","og_title":"iNFRADebate: Redes neutras \u2013 um caminho para a expans\u00e3o da conectividade?","og_description":"Bruna Castanheira* e Lara Salgueiro** Com o crescimento acelerado da demanda por conectividade, a chegada do 5G e a moderniza\u00e7\u00e3o das infraestruturas de rede, as chamadas \u201credes neutras\u201d t\u00eam sido consideradas uma alternativa vi\u00e1vel para a expans\u00e3o e aprimoramento dos servi\u00e7os de telecomunica\u00e7\u00f5es. As redes neutras s\u00e3o redes fixas ou m\u00f3veis que podem atender, simultaneamente, [&hellip;]","og_url":"https:\/\/agenciainfra.com\/blog\/infradebate-redes-neutras-um-caminho-para-a-expansao-da-conectividade\/","og_site_name":"Ag\u00eancia iNFRA","article_publisher":"https:\/\/www.facebook.com\/ageninfra","article_published_time":"2022-06-08T13:00:00+00:00","og_image":[{"width":1280,"height":758,"url":"https:\/\/agenciainfra.com\/blog\/wp-content\/uploads\/2022\/06\/bruna-castanheira-e-lara-salgueiro-foto-arquivo-pessoal.png","type":"image\/png"}],"author":"Ag\u00eancia iNFRA","twitter_card":"summary_large_image","twitter_creator":"@agencia_infra","twitter_site":"@agencia_infra","twitter_misc":{"Escrito por":"Ag\u00eancia iNFRA","Est. tempo de leitura":"4 minutos"},"schema":{"@context":"https:\/\/schema.org","@graph":[{"@type":"Article","@id":"https:\/\/agenciainfra.com\/blog\/infradebate-redes-neutras-um-caminho-para-a-expansao-da-conectividade\/#article","isPartOf":{"@id":"https:\/\/agenciainfra.com\/blog\/infradebate-redes-neutras-um-caminho-para-a-expansao-da-conectividade\/"},"author":{"name":"Ag\u00eancia iNFRA","@id":"https:\/\/agenciainfra.com\/blog\/#\/schema\/person\/34af08dff6adea4cb22b06612ba7acfa"},"headline":"iNFRADebate: Redes neutras \u2013 um caminho para a expans\u00e3o da conectividade?","datePublished":"2022-06-08T13:00:00+00:00","mainEntityOfPage":{"@id":"https:\/\/agenciainfra.com\/blog\/infradebate-redes-neutras-um-caminho-para-a-expansao-da-conectividade\/"},"wordCount":874,"publisher":{"@id":"https:\/\/agenciainfra.com\/blog\/#organization"},"image":{"@id":"https:\/\/agenciainfra.com\/blog\/infradebate-redes-neutras-um-caminho-para-a-expansao-da-conectividade\/#primaryimage"},"thumbnailUrl":"https:\/\/agenciainfra.com\/blog\/wp-content\/uploads\/2022\/06\/bruna-castanheira-e-lara-salgueiro-foto-arquivo-pessoal.png","keywords":["5G","Anatel","conectividade","Infraestrutura","internet","moderniza\u00e7\u00e3o","operadoras virtuais","redes neutras","setor de telecomunica\u00e7\u00e3o","telecomunica\u00e7\u00f5es"],"articleSection":["Geral","iNFRADebate"],"inLanguage":"pt-BR","copyrightYear":"2022","copyrightHolder":{"@id":"https:\/\/agenciainfra.com\/blog\/#organization"}},{"@type":"WebPage","@id":"https:\/\/agenciainfra.com\/blog\/infradebate-redes-neutras-um-caminho-para-a-expansao-da-conectividade\/","url":"https:\/\/agenciainfra.com\/blog\/infradebate-redes-neutras-um-caminho-para-a-expansao-da-conectividade\/","name":"iNFRADebate: Redes neutras \u2013 um caminho para a expans\u00e3o da conectividade? - Ag\u00eancia iNFRA","isPartOf":{"@id":"https:\/\/agenciainfra.com\/blog\/#website"},"primaryImageOfPage":{"@id":"https:\/\/agenciainfra.com\/blog\/infradebate-redes-neutras-um-caminho-para-a-expansao-da-conectividade\/#primaryimage"},"image":{"@id":"https:\/\/agenciainfra.com\/blog\/infradebate-redes-neutras-um-caminho-para-a-expansao-da-conectividade\/#primaryimage"},"thumbnailUrl":"https:\/\/agenciainfra.com\/blog\/wp-content\/uploads\/2022\/06\/bruna-castanheira-e-lara-salgueiro-foto-arquivo-pessoal.png","datePublished":"2022-06-08T13:00:00+00:00","breadcrumb":{"@id":"https:\/\/agenciainfra.com\/blog\/infradebate-redes-neutras-um-caminho-para-a-expansao-da-conectividade\/#breadcrumb"},"inLanguage":"pt-BR","potentialAction":[{"@type":"ReadAction","target":["https:\/\/agenciainfra.com\/blog\/infradebate-redes-neutras-um-caminho-para-a-expansao-da-conectividade\/"]}]},{"@type":"ImageObject","inLanguage":"pt-BR","@id":"https:\/\/agenciainfra.com\/blog\/infradebate-redes-neutras-um-caminho-para-a-expansao-da-conectividade\/#primaryimage","url":"https:\/\/agenciainfra.com\/blog\/wp-content\/uploads\/2022\/06\/bruna-castanheira-e-lara-salgueiro-foto-arquivo-pessoal.png","contentUrl":"https:\/\/agenciainfra.com\/blog\/wp-content\/uploads\/2022\/06\/bruna-castanheira-e-lara-salgueiro-foto-arquivo-pessoal.png","width":1280,"height":758},{"@type":"BreadcrumbList","@id":"https:\/\/agenciainfra.com\/blog\/infradebate-redes-neutras-um-caminho-para-a-expansao-da-conectividade\/#breadcrumb","itemListElement":[{"@type":"ListItem","position":1,"name":"In\u00edcio","item":"https:\/\/agenciainfra.com\/blog\/"},{"@type":"ListItem","position":2,"name":"iNFRADebate: Redes neutras \u2013 um caminho para a expans\u00e3o da conectividade?"}]},{"@type":"WebSite","@id":"https:\/\/agenciainfra.com\/blog\/#website","url":"https:\/\/agenciainfra.com\/blog\/","name":"Ag\u00eancia iNFRA","description":"Multiplataforma de informa\u00e7\u00e3o jornal\u00edstica refer\u00eancia na \u00e1rea de infraestrutura no Brasil!","publisher":{"@id":"https:\/\/agenciainfra.com\/blog\/#organization"},"potentialAction":[{"@type":"SearchAction","target":{"@type":"EntryPoint","urlTemplate":"https:\/\/agenciainfra.com\/blog\/?s={search_term_string}"},"query-input":{"@type":"PropertyValueSpecification","valueRequired":true,"valueName":"search_term_string"}}],"inLanguage":"pt-BR"},{"@type":"Organization","@id":"https:\/\/agenciainfra.com\/blog\/#organization","name":"Ag\u00eancia iNFRA","url":"https:\/\/agenciainfra.com\/blog\/","logo":{"@type":"ImageObject","inLanguage":"pt-BR","@id":"https:\/\/agenciainfra.com\/blog\/#\/schema\/logo\/image\/","url":"https:\/\/agenciainfra.com\/blog\/wp-content\/uploads\/2023\/09\/iNFRA_5-e1761735885940.png","contentUrl":"https:\/\/agenciainfra.com\/blog\/wp-content\/uploads\/2023\/09\/iNFRA_5-e1761735885940.png","width":1672,"height":454,"caption":"Ag\u00eancia iNFRA"},"image":{"@id":"https:\/\/agenciainfra.com\/blog\/#\/schema\/logo\/image\/"},"sameAs":["https:\/\/www.facebook.com\/ageninfra","https:\/\/x.com\/agencia_infra","https:\/\/www.linkedin.com\/company\/ag\u00eanciainfra\/","https:\/\/www.instagram.com\/agenciainfra\/"]},{"@type":"Person","@id":"https:\/\/agenciainfra.com\/blog\/#\/schema\/person\/34af08dff6adea4cb22b06612ba7acfa","name":"Ag\u00eancia iNFRA","image":{"@type":"ImageObject","inLanguage":"pt-BR","@id":"https:\/\/agenciainfra.com\/blog\/#\/schema\/person\/image\/","url":"https:\/\/secure.gravatar.com\/avatar\/d189e01678f06d8eb84d4e01f08eb848b3fffe3f8443818d3c356c66892f5be8?s=96&d=mm&r=g","contentUrl":"https:\/\/secure.gravatar.com\/avatar\/d189e01678f06d8eb84d4e01f08eb848b3fffe3f8443818d3c356c66892f5be8?s=96&d=mm&r=g","caption":"Ag\u00eancia iNFRA"},"url":"https:\/\/agenciainfra.com\/blog\/author\/admin\/"}]}},"_links":{"self":[{"href":"https:\/\/agenciainfra.com\/blog\/wp-json\/wp\/v2\/posts\/10578","targetHints":{"allow":["GET"]}}],"collection":[{"href":"https:\/\/agenciainfra.com\/blog\/wp-json\/wp\/v2\/posts"}],"about":[{"href":"https:\/\/agenciainfra.com\/blog\/wp-json\/wp\/v2\/types\/post"}],"author":[{"embeddable":true,"href":"https:\/\/agenciainfra.com\/blog\/wp-json\/wp\/v2\/users\/1"}],"replies":[{"embeddable":true,"href":"https:\/\/agenciainfra.com\/blog\/wp-json\/wp\/v2\/comments?post=10578"}],"version-history":[{"count":0,"href":"https:\/\/agenciainfra.com\/blog\/wp-json\/wp\/v2\/posts\/10578\/revisions"}],"wp:featuredmedia":[{"embeddable":true,"href":"https:\/\/agenciainfra.com\/blog\/wp-json\/wp\/v2\/media\/10579"}],"wp:attachment":[{"href":"https:\/\/agenciainfra.com\/blog\/wp-json\/wp\/v2\/media?parent=10578"}],"wp:term":[{"taxonomy":"category","embeddable":true,"href":"https:\/\/agenciainfra.com\/blog\/wp-json\/wp\/v2\/categories?post=10578"},{"taxonomy":"post_tag","embeddable":true,"href":"https:\/\/agenciainfra.com\/blog\/wp-json\/wp\/v2\/tags?post=10578"}],"curies":[{"name":"wp","href":"https:\/\/api.w.org\/{rel}","templated":true}]}}