{"id":10616,"date":"2022-06-10T09:00:00","date_gmt":"2022-06-10T12:00:00","guid":{"rendered":"https:\/\/www.agenciainfra.com\/blog\/?p=10616"},"modified":"2022-06-09T09:18:04","modified_gmt":"2022-06-09T12:18:04","slug":"minfra-altera-modelo-de-concessao-e-vai-leiloar-a-br-381-mg-separada-da-br-262-mg-es","status":"publish","type":"post","link":"https:\/\/agenciainfra.com\/blog\/minfra-altera-modelo-de-concessao-e-vai-leiloar-a-br-381-mg-separada-da-br-262-mg-es\/","title":{"rendered":"Minfra altera modelo de concess\u00e3o e vai leiloar a BR-381\/MG separada da BR-262\/MG-ES"},"content":{"rendered":"\n<p class=\"has-text-align-right\"><strong>Dimmi Amora, da Ag\u00eancia iNFRA<\/strong><\/p>\n\n\n\n<p>O Minist\u00e9rio da Infraestrutura decidiu desmembrar as rodovias BR-381\/MG e BR-262\/MG-ES do projeto de concess\u00e3o das rodovias entre os estados de Minas Gerais e Esp\u00edrito Santo.&nbsp;A concess\u00e3o dessas duas rodovias em conjunto foi tentanda pelo minist\u00e9rio, com previs\u00e3o de investimentos da ordem de R$ 7 bilh\u00f5es, mas o leil\u00e3o foi cancelado por falta de proponentes.<\/p>\n\n\n\n<p>A proposta agora \u00e9 manter no modelo de concess\u00e3o apenas o trecho de 297 quil\u00f4metros entre Belo Horizonte e Governador Valadares, dentro de Minas Gerais, da BR-381\/MG. A tentativa da pasta \u00e9 leiloar esse trecho em outubro de 2022.<\/p>\n\n\n\n<p>J\u00e1 os cerca de 270 quil\u00f4metros da BR-262 entre Jo\u00e3o Monlevade (MG) e Viana (ES) teriam interven\u00e7\u00f5es diretas do governo para amplia\u00e7\u00e3o de capacidade, mas n\u00e3o com recursos or\u00e7ament\u00e1rios. Os invesimentos ser\u00e3o feitos&nbsp;com parte do dinheiro da indeniza\u00e7\u00e3o pelo acidente de Mariana, causado pela mineradora Samarco.<\/p>\n\n\n\n<p>O valor seria na casa dos&nbsp;R$ 3 bilh\u00f5es para obras de amplia\u00e7\u00e3o dessa rodovia. A decis\u00e3o foi tomada pelo ministro da Infraestrutura, Marcelo Sampaio, ap\u00f3s acordo com os governadores dos dois estados e informada tamb\u00e9m para as bancadas parlamentares. Os estados j\u00e1 concordaram com o modelo.<\/p>\n\n\n\n<p><strong>Dois leil\u00f5es fracassados<\/strong><br>A BR-262\/MG-ES teve dois leil\u00f5es de concess\u00f5es fracassados. O primeiro em 2013, quando se tentou leilo\u00e1-la na 3\u00aa Rodada de Concess\u00f5es Rodovi\u00e1rias, e n\u00e3o houve interessados. No ano passado, o atual governo tentou fazer a concess\u00e3o dela casada com a da BR-381\/MG e tamb\u00e9m n\u00e3o houve ofertantes.<\/p>\n\n\n\n<p>Nos dois casos, as empresas que estudaram os projetos alegaram a representantes do governo&nbsp;o mesmo problema principal: os elevados riscos geol\u00f3gicos para as interven\u00e7\u00f5es necess\u00e1rias para duplicar a BR-262 no trecho da Serra Capixaba.<\/p>\n\n\n\n<p>Como no caso da BR-381 tamb\u00e9m h\u00e1 riscos geol\u00f3gicos, mas considerados menores, as companhias desistiram do leil\u00e3o de 2021, mesmo com aperfei\u00e7amentos e melhores condi\u00e7\u00f5es dadas pelo governo j\u00e1 durante o processo. No caso, a piora do cen\u00e1rio macroecon\u00f4mico e o aumento dos custos com insumos para obras tamb\u00e9m colaboraram para a desist\u00eancia.<\/p>\n\n\n\n<p>Enquanto n\u00e3o \u00e9 feita a concess\u00e3o, o governo p\u00f4s em pr\u00e1tica um plano para manter essas rodovias em bom estado com o or\u00e7amento do DNIT (Departamento Nacional de Infraestrutura de Transportes). No in\u00edcio de 2022, ap\u00f3s fortes chuvas, um trecho da BR-381 foi destru\u00eddo e est\u00e1 em recupera\u00e7\u00e3o pelo \u00f3rg\u00e3o. O Ex\u00e9rcito est\u00e1 apoiando na manuten\u00e7\u00e3o&nbsp;de outros trechos da redovia.<\/p>\n\n\n\n<p>A mudan\u00e7a mais profunda no edital (o anterior foi cancelado pela ANTT) deve levar \u00e0 necessidade de novo per\u00edodo de audi\u00eancia p\u00fablica e submiss\u00e3o ao TCU (Tribunal de Contas da Uni\u00e3o), conforme&nbsp;<a href=\"https:\/\/agenciainfra.us14.list-manage.com\/track\/click?u=d460dd1bcf9ba0ae040e1fc0f&amp;id=f241f4a18f&amp;e=3cd2fde004\" target=\"_blank\" rel=\"noreferrer noopener\">adiantou reportagem<\/a>&nbsp;da&nbsp;<strong>Ag\u00eancia iNFRA<\/strong>&nbsp;em abril de 2022.<\/p>\n\n\n\n<p><strong>Ministro otimista com novo leil\u00e3o<\/strong><br>Mas o ministro Marcelo Sampaio&nbsp;est\u00e1 otimista de que ser\u00e1 poss\u00edvel fazer a concess\u00e3o da BR-381 at\u00e9 outubro deste ano. A informa\u00e7\u00e3o \u00e9 de que pelo menos quatro empresas j\u00e1 estariam dispostas a entrar na concess\u00e3o nesse novo modelo, ap\u00f3s conversas com representantes delas na sede do minist\u00e9rio.&nbsp;<\/p>\n\n\n\n<p>Seriam a CCR e a EcoRodovias, que j\u00e1 t\u00eam entrado em quase todos os leil\u00f5es federais da \u00faltima d\u00e9cada. E duas empresas que j\u00e1 operam no Brasil em concess\u00f5es rodovi\u00e1rias estaduais mas ainda n\u00e3o est\u00e3o em estradas federais, a Sacyr e a P\u00e1tria.<\/p>\n\n\n\n<p><strong>Rodovias do Paran\u00e1<\/strong><br>Al\u00e9m da BR-381\/MG, o minist\u00e9rio tamb\u00e9m trabalha&nbsp;para leiloar dois dos seis lotes de rodovias do Paran\u00e1 tamb\u00e9m no ano de 2022. No caso, as rodovias paranaenses j\u00e1 est\u00e3o sob an\u00e1lise do TCU.<\/p>\n\n\n\n<p>A expectativa \u00e9 que tamb\u00e9m haja um n\u00famero maior de ofertantes que a m\u00e9dia dos \u00faltimos anos&nbsp;porque as rodovias t\u00eam trechos que j\u00e1 foram operados por concession\u00e1rias (chamados brownfield). Os prazos das concess\u00f5es terminaram no ano passado e, como n\u00e3o houve acordo para a extens\u00e3o de prazo, as rodovias est\u00e3o sem operadores privados no momento.<\/p>\n","protected":false},"excerpt":{"rendered":"<p>Dimmi Amora, da Ag\u00eancia iNFRA O Minist\u00e9rio da Infraestrutura decidiu desmembrar as rodovias BR-381\/MG e BR-262\/MG-ES do projeto de concess\u00e3o das rodovias entre os estados de Minas Gerais e Esp\u00edrito Santo.&nbsp;A concess\u00e3o dessas duas rodovias em conjunto foi tentanda pelo minist\u00e9rio, com previs\u00e3o de investimentos da ordem de R$ 7 bilh\u00f5es, mas o leil\u00e3o foi [&hellip;]<\/p>\n","protected":false},"author":1,"featured_media":10188,"comment_status":"closed","ping_status":"closed","sticky":false,"template":"","format":"standard","meta":{"_monsterinsights_skip_tracking":false,"_monsterinsights_sitenote_active":false,"_monsterinsights_sitenote_note":"","_monsterinsights_sitenote_category":0,"footnotes":""},"categories":[1,7],"tags":[1135,1136,1778,78,34,4755,775,126,902,70],"class_list":["post-10616","post","type-post","status-publish","format-standard","has-post-thumbnail","hentry","category-geral","category-infratransporte","tag-br-262","tag-br-381","tag-br-381-262-mg-es","tag-concessoes","tag-infraestrutura","tag-leilao-de-concessao","tag-ministerio-da-infraestrutura","tag-rodovias","tag-transporte-rodoviario","tag-transportes"],"yoast_head":"<!-- This site is optimized with the Yoast SEO Premium plugin v25.4 (Yoast SEO v26.0) - https:\/\/yoast.com\/wordpress\/plugins\/seo\/ -->\n<title>Minfra altera modelo de concess\u00e3o e vai leiloar a BR-381\/MG separada da BR-262\/MG-ES - Ag\u00eancia iNFRA<\/title>\n<meta name=\"robots\" content=\"index, follow, max-snippet:-1, max-image-preview:large, max-video-preview:-1\" \/>\n<link rel=\"canonical\" href=\"https:\/\/agenciainfra.com\/blog\/minfra-altera-modelo-de-concessao-e-vai-leiloar-a-br-381-mg-separada-da-br-262-mg-es\/\" \/>\n<meta property=\"og:locale\" content=\"pt_BR\" \/>\n<meta property=\"og:type\" content=\"article\" \/>\n<meta property=\"og:title\" content=\"Minfra altera modelo de concess\u00e3o e vai leiloar a BR-381\/MG separada da BR-262\/MG-ES\" \/>\n<meta property=\"og:description\" content=\"Dimmi Amora, da Ag\u00eancia iNFRA O Minist\u00e9rio da Infraestrutura decidiu desmembrar as rodovias BR-381\/MG e BR-262\/MG-ES do projeto de concess\u00e3o das rodovias entre os estados de Minas Gerais e Esp\u00edrito Santo.&nbsp;A concess\u00e3o dessas duas rodovias em conjunto foi tentanda pelo minist\u00e9rio, com previs\u00e3o de investimentos da ordem de R$ 7 bilh\u00f5es, mas o leil\u00e3o foi [&hellip;]\" \/>\n<meta property=\"og:url\" content=\"https:\/\/agenciainfra.com\/blog\/minfra-altera-modelo-de-concessao-e-vai-leiloar-a-br-381-mg-separada-da-br-262-mg-es\/\" \/>\n<meta property=\"og:site_name\" content=\"Ag\u00eancia iNFRA\" \/>\n<meta property=\"article:publisher\" content=\"https:\/\/www.facebook.com\/ageninfra\" \/>\n<meta property=\"article:published_time\" content=\"2022-06-10T12:00:00+00:00\" \/>\n<meta property=\"og:image\" content=\"https:\/\/agenciainfra.com\/blog\/wp-content\/uploads\/2022\/04\/br-es-e-mg-foto-ppi.png\" \/>\n\t<meta property=\"og:image:width\" content=\"1200\" \/>\n\t<meta property=\"og:image:height\" content=\"800\" \/>\n\t<meta property=\"og:image:type\" content=\"image\/png\" \/>\n<meta name=\"author\" content=\"Ag\u00eancia iNFRA\" \/>\n<meta name=\"twitter:card\" content=\"summary_large_image\" \/>\n<meta name=\"twitter:creator\" content=\"@agencia_infra\" \/>\n<meta name=\"twitter:site\" content=\"@agencia_infra\" \/>\n<meta name=\"twitter:label1\" content=\"Escrito por\" \/>\n\t<meta name=\"twitter:data1\" content=\"Ag\u00eancia iNFRA\" \/>\n\t<meta name=\"twitter:label2\" content=\"Est. tempo de leitura\" \/>\n\t<meta name=\"twitter:data2\" content=\"4 minutos\" \/>\n<script type=\"application\/ld+json\" class=\"yoast-schema-graph\">{\"@context\":\"https:\/\/schema.org\",\"@graph\":[{\"@type\":\"Article\",\"@id\":\"https:\/\/agenciainfra.com\/blog\/minfra-altera-modelo-de-concessao-e-vai-leiloar-a-br-381-mg-separada-da-br-262-mg-es\/#article\",\"isPartOf\":{\"@id\":\"https:\/\/agenciainfra.com\/blog\/minfra-altera-modelo-de-concessao-e-vai-leiloar-a-br-381-mg-separada-da-br-262-mg-es\/\"},\"author\":{\"name\":\"Ag\u00eancia iNFRA\",\"@id\":\"https:\/\/agenciainfra.com\/blog\/#\/schema\/person\/34af08dff6adea4cb22b06612ba7acfa\"},\"headline\":\"Minfra altera modelo de concess\u00e3o e vai leiloar a BR-381\/MG separada da BR-262\/MG-ES\",\"datePublished\":\"2022-06-10T12:00:00+00:00\",\"mainEntityOfPage\":{\"@id\":\"https:\/\/agenciainfra.com\/blog\/minfra-altera-modelo-de-concessao-e-vai-leiloar-a-br-381-mg-separada-da-br-262-mg-es\/\"},\"wordCount\":736,\"publisher\":{\"@id\":\"https:\/\/agenciainfra.com\/blog\/#organization\"},\"image\":{\"@id\":\"https:\/\/agenciainfra.com\/blog\/minfra-altera-modelo-de-concessao-e-vai-leiloar-a-br-381-mg-separada-da-br-262-mg-es\/#primaryimage\"},\"thumbnailUrl\":\"https:\/\/agenciainfra.com\/blog\/wp-content\/uploads\/2022\/04\/br-es-e-mg-foto-ppi.png\",\"keywords\":[\"BR-262\",\"BR-381\",\"BR-381-262\/MG-ES\",\"concess\u00f5es\",\"Infraestrutura\",\"leil\u00e3o de concess\u00e3o\",\"Minist\u00e9rio da Infraestrutura\",\"rodovias\",\"transporte rodovi\u00e1rio\",\"transportes\"],\"articleSection\":[\"Geral\",\"iNFRATransporte\"],\"inLanguage\":\"pt-BR\",\"copyrightYear\":\"2022\",\"copyrightHolder\":{\"@id\":\"https:\/\/agenciainfra.com\/blog\/#organization\"}},{\"@type\":\"WebPage\",\"@id\":\"https:\/\/agenciainfra.com\/blog\/minfra-altera-modelo-de-concessao-e-vai-leiloar-a-br-381-mg-separada-da-br-262-mg-es\/\",\"url\":\"https:\/\/agenciainfra.com\/blog\/minfra-altera-modelo-de-concessao-e-vai-leiloar-a-br-381-mg-separada-da-br-262-mg-es\/\",\"name\":\"Minfra altera modelo de concess\u00e3o e vai leiloar a BR-381\/MG separada da BR-262\/MG-ES - Ag\u00eancia iNFRA\",\"isPartOf\":{\"@id\":\"https:\/\/agenciainfra.com\/blog\/#website\"},\"primaryImageOfPage\":{\"@id\":\"https:\/\/agenciainfra.com\/blog\/minfra-altera-modelo-de-concessao-e-vai-leiloar-a-br-381-mg-separada-da-br-262-mg-es\/#primaryimage\"},\"image\":{\"@id\":\"https:\/\/agenciainfra.com\/blog\/minfra-altera-modelo-de-concessao-e-vai-leiloar-a-br-381-mg-separada-da-br-262-mg-es\/#primaryimage\"},\"thumbnailUrl\":\"https:\/\/agenciainfra.com\/blog\/wp-content\/uploads\/2022\/04\/br-es-e-mg-foto-ppi.png\",\"datePublished\":\"2022-06-10T12:00:00+00:00\",\"breadcrumb\":{\"@id\":\"https:\/\/agenciainfra.com\/blog\/minfra-altera-modelo-de-concessao-e-vai-leiloar-a-br-381-mg-separada-da-br-262-mg-es\/#breadcrumb\"},\"inLanguage\":\"pt-BR\",\"potentialAction\":[{\"@type\":\"ReadAction\",\"target\":[\"https:\/\/agenciainfra.com\/blog\/minfra-altera-modelo-de-concessao-e-vai-leiloar-a-br-381-mg-separada-da-br-262-mg-es\/\"]}]},{\"@type\":\"ImageObject\",\"inLanguage\":\"pt-BR\",\"@id\":\"https:\/\/agenciainfra.com\/blog\/minfra-altera-modelo-de-concessao-e-vai-leiloar-a-br-381-mg-separada-da-br-262-mg-es\/#primaryimage\",\"url\":\"https:\/\/agenciainfra.com\/blog\/wp-content\/uploads\/2022\/04\/br-es-e-mg-foto-ppi.png\",\"contentUrl\":\"https:\/\/agenciainfra.com\/blog\/wp-content\/uploads\/2022\/04\/br-es-e-mg-foto-ppi.png\",\"width\":1200,\"height\":800},{\"@type\":\"BreadcrumbList\",\"@id\":\"https:\/\/agenciainfra.com\/blog\/minfra-altera-modelo-de-concessao-e-vai-leiloar-a-br-381-mg-separada-da-br-262-mg-es\/#breadcrumb\",\"itemListElement\":[{\"@type\":\"ListItem\",\"position\":1,\"name\":\"In\u00edcio\",\"item\":\"https:\/\/agenciainfra.com\/blog\/\"},{\"@type\":\"ListItem\",\"position\":2,\"name\":\"Minfra altera modelo de concess\u00e3o e vai leiloar a BR-381\/MG separada da BR-262\/MG-ES\"}]},{\"@type\":\"WebSite\",\"@id\":\"https:\/\/agenciainfra.com\/blog\/#website\",\"url\":\"https:\/\/agenciainfra.com\/blog\/\",\"name\":\"Ag\u00eancia iNFRA\",\"description\":\"Multiplataforma de informa\u00e7\u00e3o jornal\u00edstica refer\u00eancia na \u00e1rea de infraestrutura no Brasil!\",\"publisher\":{\"@id\":\"https:\/\/agenciainfra.com\/blog\/#organization\"},\"potentialAction\":[{\"@type\":\"SearchAction\",\"target\":{\"@type\":\"EntryPoint\",\"urlTemplate\":\"https:\/\/agenciainfra.com\/blog\/?s={search_term_string}\"},\"query-input\":{\"@type\":\"PropertyValueSpecification\",\"valueRequired\":true,\"valueName\":\"search_term_string\"}}],\"inLanguage\":\"pt-BR\"},{\"@type\":\"Organization\",\"@id\":\"https:\/\/agenciainfra.com\/blog\/#organization\",\"name\":\"Ag\u00eancia iNFRA\",\"url\":\"https:\/\/agenciainfra.com\/blog\/\",\"logo\":{\"@type\":\"ImageObject\",\"inLanguage\":\"pt-BR\",\"@id\":\"https:\/\/agenciainfra.com\/blog\/#\/schema\/logo\/image\/\",\"url\":\"https:\/\/agenciainfra.com\/blog\/wp-content\/uploads\/2023\/09\/iNFRA_5-e1761735885940.png\",\"contentUrl\":\"https:\/\/agenciainfra.com\/blog\/wp-content\/uploads\/2023\/09\/iNFRA_5-e1761735885940.png\",\"width\":1672,\"height\":454,\"caption\":\"Ag\u00eancia iNFRA\"},\"image\":{\"@id\":\"https:\/\/agenciainfra.com\/blog\/#\/schema\/logo\/image\/\"},\"sameAs\":[\"https:\/\/www.facebook.com\/ageninfra\",\"https:\/\/x.com\/agencia_infra\",\"https:\/\/www.linkedin.com\/company\/ag\u00eanciainfra\/\",\"https:\/\/www.instagram.com\/agenciainfra\/\"]},{\"@type\":\"Person\",\"@id\":\"https:\/\/agenciainfra.com\/blog\/#\/schema\/person\/34af08dff6adea4cb22b06612ba7acfa\",\"name\":\"Ag\u00eancia iNFRA\",\"image\":{\"@type\":\"ImageObject\",\"inLanguage\":\"pt-BR\",\"@id\":\"https:\/\/agenciainfra.com\/blog\/#\/schema\/person\/image\/\",\"url\":\"https:\/\/secure.gravatar.com\/avatar\/d189e01678f06d8eb84d4e01f08eb848b3fffe3f8443818d3c356c66892f5be8?s=96&d=mm&r=g\",\"contentUrl\":\"https:\/\/secure.gravatar.com\/avatar\/d189e01678f06d8eb84d4e01f08eb848b3fffe3f8443818d3c356c66892f5be8?s=96&d=mm&r=g\",\"caption\":\"Ag\u00eancia iNFRA\"},\"url\":\"https:\/\/agenciainfra.com\/blog\/author\/admin\/\"}]}<\/script>\n<!-- \/ Yoast SEO Premium plugin. -->","yoast_head_json":{"title":"Minfra altera modelo de concess\u00e3o e vai leiloar a BR-381\/MG separada da BR-262\/MG-ES - Ag\u00eancia iNFRA","robots":{"index":"index","follow":"follow","max-snippet":"max-snippet:-1","max-image-preview":"max-image-preview:large","max-video-preview":"max-video-preview:-1"},"canonical":"https:\/\/agenciainfra.com\/blog\/minfra-altera-modelo-de-concessao-e-vai-leiloar-a-br-381-mg-separada-da-br-262-mg-es\/","og_locale":"pt_BR","og_type":"article","og_title":"Minfra altera modelo de concess\u00e3o e vai leiloar a BR-381\/MG separada da BR-262\/MG-ES","og_description":"Dimmi Amora, da Ag\u00eancia iNFRA O Minist\u00e9rio da Infraestrutura decidiu desmembrar as rodovias BR-381\/MG e BR-262\/MG-ES do projeto de concess\u00e3o das rodovias entre os estados de Minas Gerais e Esp\u00edrito Santo.&nbsp;A concess\u00e3o dessas duas rodovias em conjunto foi tentanda pelo minist\u00e9rio, com previs\u00e3o de investimentos da ordem de R$ 7 bilh\u00f5es, mas o leil\u00e3o foi [&hellip;]","og_url":"https:\/\/agenciainfra.com\/blog\/minfra-altera-modelo-de-concessao-e-vai-leiloar-a-br-381-mg-separada-da-br-262-mg-es\/","og_site_name":"Ag\u00eancia iNFRA","article_publisher":"https:\/\/www.facebook.com\/ageninfra","article_published_time":"2022-06-10T12:00:00+00:00","og_image":[{"width":1200,"height":800,"url":"https:\/\/agenciainfra.com\/blog\/wp-content\/uploads\/2022\/04\/br-es-e-mg-foto-ppi.png","type":"image\/png"}],"author":"Ag\u00eancia iNFRA","twitter_card":"summary_large_image","twitter_creator":"@agencia_infra","twitter_site":"@agencia_infra","twitter_misc":{"Escrito por":"Ag\u00eancia iNFRA","Est. tempo de leitura":"4 minutos"},"schema":{"@context":"https:\/\/schema.org","@graph":[{"@type":"Article","@id":"https:\/\/agenciainfra.com\/blog\/minfra-altera-modelo-de-concessao-e-vai-leiloar-a-br-381-mg-separada-da-br-262-mg-es\/#article","isPartOf":{"@id":"https:\/\/agenciainfra.com\/blog\/minfra-altera-modelo-de-concessao-e-vai-leiloar-a-br-381-mg-separada-da-br-262-mg-es\/"},"author":{"name":"Ag\u00eancia iNFRA","@id":"https:\/\/agenciainfra.com\/blog\/#\/schema\/person\/34af08dff6adea4cb22b06612ba7acfa"},"headline":"Minfra altera modelo de concess\u00e3o e vai leiloar a BR-381\/MG separada da BR-262\/MG-ES","datePublished":"2022-06-10T12:00:00+00:00","mainEntityOfPage":{"@id":"https:\/\/agenciainfra.com\/blog\/minfra-altera-modelo-de-concessao-e-vai-leiloar-a-br-381-mg-separada-da-br-262-mg-es\/"},"wordCount":736,"publisher":{"@id":"https:\/\/agenciainfra.com\/blog\/#organization"},"image":{"@id":"https:\/\/agenciainfra.com\/blog\/minfra-altera-modelo-de-concessao-e-vai-leiloar-a-br-381-mg-separada-da-br-262-mg-es\/#primaryimage"},"thumbnailUrl":"https:\/\/agenciainfra.com\/blog\/wp-content\/uploads\/2022\/04\/br-es-e-mg-foto-ppi.png","keywords":["BR-262","BR-381","BR-381-262\/MG-ES","concess\u00f5es","Infraestrutura","leil\u00e3o de concess\u00e3o","Minist\u00e9rio da Infraestrutura","rodovias","transporte rodovi\u00e1rio","transportes"],"articleSection":["Geral","iNFRATransporte"],"inLanguage":"pt-BR","copyrightYear":"2022","copyrightHolder":{"@id":"https:\/\/agenciainfra.com\/blog\/#organization"}},{"@type":"WebPage","@id":"https:\/\/agenciainfra.com\/blog\/minfra-altera-modelo-de-concessao-e-vai-leiloar-a-br-381-mg-separada-da-br-262-mg-es\/","url":"https:\/\/agenciainfra.com\/blog\/minfra-altera-modelo-de-concessao-e-vai-leiloar-a-br-381-mg-separada-da-br-262-mg-es\/","name":"Minfra altera modelo de concess\u00e3o e vai leiloar a BR-381\/MG separada da BR-262\/MG-ES - Ag\u00eancia iNFRA","isPartOf":{"@id":"https:\/\/agenciainfra.com\/blog\/#website"},"primaryImageOfPage":{"@id":"https:\/\/agenciainfra.com\/blog\/minfra-altera-modelo-de-concessao-e-vai-leiloar-a-br-381-mg-separada-da-br-262-mg-es\/#primaryimage"},"image":{"@id":"https:\/\/agenciainfra.com\/blog\/minfra-altera-modelo-de-concessao-e-vai-leiloar-a-br-381-mg-separada-da-br-262-mg-es\/#primaryimage"},"thumbnailUrl":"https:\/\/agenciainfra.com\/blog\/wp-content\/uploads\/2022\/04\/br-es-e-mg-foto-ppi.png","datePublished":"2022-06-10T12:00:00+00:00","breadcrumb":{"@id":"https:\/\/agenciainfra.com\/blog\/minfra-altera-modelo-de-concessao-e-vai-leiloar-a-br-381-mg-separada-da-br-262-mg-es\/#breadcrumb"},"inLanguage":"pt-BR","potentialAction":[{"@type":"ReadAction","target":["https:\/\/agenciainfra.com\/blog\/minfra-altera-modelo-de-concessao-e-vai-leiloar-a-br-381-mg-separada-da-br-262-mg-es\/"]}]},{"@type":"ImageObject","inLanguage":"pt-BR","@id":"https:\/\/agenciainfra.com\/blog\/minfra-altera-modelo-de-concessao-e-vai-leiloar-a-br-381-mg-separada-da-br-262-mg-es\/#primaryimage","url":"https:\/\/agenciainfra.com\/blog\/wp-content\/uploads\/2022\/04\/br-es-e-mg-foto-ppi.png","contentUrl":"https:\/\/agenciainfra.com\/blog\/wp-content\/uploads\/2022\/04\/br-es-e-mg-foto-ppi.png","width":1200,"height":800},{"@type":"BreadcrumbList","@id":"https:\/\/agenciainfra.com\/blog\/minfra-altera-modelo-de-concessao-e-vai-leiloar-a-br-381-mg-separada-da-br-262-mg-es\/#breadcrumb","itemListElement":[{"@type":"ListItem","position":1,"name":"In\u00edcio","item":"https:\/\/agenciainfra.com\/blog\/"},{"@type":"ListItem","position":2,"name":"Minfra altera modelo de concess\u00e3o e vai leiloar a BR-381\/MG separada da BR-262\/MG-ES"}]},{"@type":"WebSite","@id":"https:\/\/agenciainfra.com\/blog\/#website","url":"https:\/\/agenciainfra.com\/blog\/","name":"Ag\u00eancia iNFRA","description":"Multiplataforma de informa\u00e7\u00e3o jornal\u00edstica refer\u00eancia na \u00e1rea de infraestrutura no Brasil!","publisher":{"@id":"https:\/\/agenciainfra.com\/blog\/#organization"},"potentialAction":[{"@type":"SearchAction","target":{"@type":"EntryPoint","urlTemplate":"https:\/\/agenciainfra.com\/blog\/?s={search_term_string}"},"query-input":{"@type":"PropertyValueSpecification","valueRequired":true,"valueName":"search_term_string"}}],"inLanguage":"pt-BR"},{"@type":"Organization","@id":"https:\/\/agenciainfra.com\/blog\/#organization","name":"Ag\u00eancia iNFRA","url":"https:\/\/agenciainfra.com\/blog\/","logo":{"@type":"ImageObject","inLanguage":"pt-BR","@id":"https:\/\/agenciainfra.com\/blog\/#\/schema\/logo\/image\/","url":"https:\/\/agenciainfra.com\/blog\/wp-content\/uploads\/2023\/09\/iNFRA_5-e1761735885940.png","contentUrl":"https:\/\/agenciainfra.com\/blog\/wp-content\/uploads\/2023\/09\/iNFRA_5-e1761735885940.png","width":1672,"height":454,"caption":"Ag\u00eancia iNFRA"},"image":{"@id":"https:\/\/agenciainfra.com\/blog\/#\/schema\/logo\/image\/"},"sameAs":["https:\/\/www.facebook.com\/ageninfra","https:\/\/x.com\/agencia_infra","https:\/\/www.linkedin.com\/company\/ag\u00eanciainfra\/","https:\/\/www.instagram.com\/agenciainfra\/"]},{"@type":"Person","@id":"https:\/\/agenciainfra.com\/blog\/#\/schema\/person\/34af08dff6adea4cb22b06612ba7acfa","name":"Ag\u00eancia iNFRA","image":{"@type":"ImageObject","inLanguage":"pt-BR","@id":"https:\/\/agenciainfra.com\/blog\/#\/schema\/person\/image\/","url":"https:\/\/secure.gravatar.com\/avatar\/d189e01678f06d8eb84d4e01f08eb848b3fffe3f8443818d3c356c66892f5be8?s=96&d=mm&r=g","contentUrl":"https:\/\/secure.gravatar.com\/avatar\/d189e01678f06d8eb84d4e01f08eb848b3fffe3f8443818d3c356c66892f5be8?s=96&d=mm&r=g","caption":"Ag\u00eancia iNFRA"},"url":"https:\/\/agenciainfra.com\/blog\/author\/admin\/"}]}},"_links":{"self":[{"href":"https:\/\/agenciainfra.com\/blog\/wp-json\/wp\/v2\/posts\/10616","targetHints":{"allow":["GET"]}}],"collection":[{"href":"https:\/\/agenciainfra.com\/blog\/wp-json\/wp\/v2\/posts"}],"about":[{"href":"https:\/\/agenciainfra.com\/blog\/wp-json\/wp\/v2\/types\/post"}],"author":[{"embeddable":true,"href":"https:\/\/agenciainfra.com\/blog\/wp-json\/wp\/v2\/users\/1"}],"replies":[{"embeddable":true,"href":"https:\/\/agenciainfra.com\/blog\/wp-json\/wp\/v2\/comments?post=10616"}],"version-history":[{"count":0,"href":"https:\/\/agenciainfra.com\/blog\/wp-json\/wp\/v2\/posts\/10616\/revisions"}],"wp:featuredmedia":[{"embeddable":true,"href":"https:\/\/agenciainfra.com\/blog\/wp-json\/wp\/v2\/media\/10188"}],"wp:attachment":[{"href":"https:\/\/agenciainfra.com\/blog\/wp-json\/wp\/v2\/media?parent=10616"}],"wp:term":[{"taxonomy":"category","embeddable":true,"href":"https:\/\/agenciainfra.com\/blog\/wp-json\/wp\/v2\/categories?post=10616"},{"taxonomy":"post_tag","embeddable":true,"href":"https:\/\/agenciainfra.com\/blog\/wp-json\/wp\/v2\/tags?post=10616"}],"curies":[{"name":"wp","href":"https:\/\/api.w.org\/{rel}","templated":true}]}}