{"id":10624,"date":"2022-06-11T09:00:00","date_gmt":"2022-06-11T12:00:00","guid":{"rendered":"https:\/\/www.agenciainfra.com\/blog\/?p=10624"},"modified":"2022-06-10T13:19:25","modified_gmt":"2022-06-10T16:19:25","slug":"impasse-entre-governo-e-praticos-continua-em-audiencia-publica-na-camara","status":"publish","type":"post","link":"https:\/\/agenciainfra.com\/blog\/impasse-entre-governo-e-praticos-continua-em-audiencia-publica-na-camara\/","title":{"rendered":"Impasse entre governo e pr\u00e1ticos continua em audi\u00eancia p\u00fablica na C\u00e2mara"},"content":{"rendered":"\n<p class=\"has-text-align-right\"><strong>Jenifer Ribeiro, da Ag\u00eancia iNFRA<\/strong><\/p>\n\n\n\n<p>O vice-presidente do Conapra (Conselho Nacional de Praticagem), Bruno Fonseca de Oliveira, afirmou, na \u00faltima quinta-feira (9), em audi\u00eancia p\u00fablica na Comiss\u00e3o de Trabalho, Administra\u00e7\u00e3o e Servi\u00e7o P\u00fablico da C\u00e2mara dos Deputados, que os pre\u00e7os da praticagem no Brasil s\u00e3o compat\u00edveis com os do mercado internacional.<br><br>Nesse mesmo sentido, o presidente da Fenapr\u00e1ticos\u00a0(Federa\u00e7\u00e3o Nacional dos Pr\u00e1ticos), Gustavo Henrique Martins, e o diretor-presidente da Log\u00edstica Brasil, Andr\u00e9 de Seixas, disseram que n\u00e3o h\u00e1 nenhuma garantia de diminui\u00e7\u00e3o de pre\u00e7os com a transfer\u00eancia da regula\u00e7\u00e3o econ\u00f4mica do servi\u00e7o para a ANTAQ (Ag\u00eancia Nacional de Transportes Aquavi\u00e1rios).\u00a0<br><br>O PL (Projeto de Lei) 4.392\/2020, de autoria do deputado Alceu Moreira (MDB-RS), e o PL 757\/2022, apresentado pelo governo federal, tem como objetivo transferir para a ag\u00eancia a regula\u00e7\u00e3o econ\u00f4mica do servi\u00e7o, sob a alega\u00e7\u00e3o de que os pr\u00e1ticos t\u00eam um monop\u00f3lio n\u00e3o regulado economicamente desse servi\u00e7o.<br><br>Durante a audi\u00eancia, a autarquia afirmou estar preparada para assumir essa responsabilidade. Outra reclama\u00e7\u00e3o dos pr\u00e1ticos \u00e9 que o PL 4.392\/2020 diminui a seguran\u00e7a aquavi\u00e1ria pois permite a utiliza\u00e7\u00e3o de simuladores para que pr\u00e1ticos tirem habilita\u00e7\u00e3o e certificados.<br><br>O presidente da ATP (Associa\u00e7\u00e3o de Terminais Portu\u00e1rios Privados), Murillo Barbosa, voltou a falar que os pre\u00e7os adotados nas zonas de praticagem s\u00e3o elevados e que os armadores n\u00e3o t\u00eam capacidade de negocia\u00e7\u00e3o. Essa afirma\u00e7\u00e3o foi refor\u00e7ada por outros representantes presentes na audi\u00eancia, o que \u00e9 contestado pelos pr\u00e1ticos.<br><br>J\u00e1 a coordenadora-geral de Navega\u00e7\u00e3o da Diretoria de Navega\u00e7\u00e3o e Hidrovias do Minist\u00e9rio da Infraestrutura, Kar\u00eanina Martins Dian, explicou que o governo n\u00e3o vai definir como a ANTAQ far\u00e1 a regula\u00e7\u00e3o econ\u00f4mica.<\/p>\n","protected":false},"excerpt":{"rendered":"<p>Jenifer Ribeiro, da Ag\u00eancia iNFRA O vice-presidente do Conapra (Conselho Nacional de Praticagem), Bruno Fonseca de Oliveira, afirmou, na \u00faltima quinta-feira (9), em audi\u00eancia p\u00fablica na Comiss\u00e3o de Trabalho, Administra\u00e7\u00e3o e Servi\u00e7o P\u00fablico da C\u00e2mara dos Deputados, que os pre\u00e7os da praticagem no Brasil s\u00e3o compat\u00edveis com os do mercado internacional. Nesse mesmo sentido, o [&hellip;]<\/p>\n","protected":false},"author":1,"featured_media":10625,"comment_status":"closed","ping_status":"closed","sticky":false,"template":"","format":"standard","meta":{"_monsterinsights_skip_tracking":false,"_monsterinsights_sitenote_active":false,"_monsterinsights_sitenote_note":"","_monsterinsights_sitenote_category":0,"footnotes":""},"categories":[1,7],"tags":[86,557,305,5421,34,66,106,5425,310,70],"class_list":["post-10624","post","type-post","status-publish","format-standard","has-post-thumbnail","hentry","category-geral","category-infratransporte","tag-antaq","tag-atp","tag-camara-dos-deputados","tag-conapra","tag-infraestrutura","tag-logistica","tag-navegacao","tag-pl-4-392-2020","tag-portos","tag-transportes"],"yoast_head":"<!-- This site is optimized with the Yoast SEO Premium plugin v25.4 (Yoast SEO v26.0) - https:\/\/yoast.com\/wordpress\/plugins\/seo\/ -->\n<title>Impasse entre governo e pr\u00e1ticos continua em audi\u00eancia p\u00fablica na C\u00e2mara - Ag\u00eancia iNFRA<\/title>\n<meta name=\"robots\" content=\"index, follow, max-snippet:-1, max-image-preview:large, max-video-preview:-1\" \/>\n<link rel=\"canonical\" href=\"https:\/\/agenciainfra.com\/blog\/impasse-entre-governo-e-praticos-continua-em-audiencia-publica-na-camara\/\" \/>\n<meta property=\"og:locale\" content=\"pt_BR\" \/>\n<meta property=\"og:type\" content=\"article\" \/>\n<meta property=\"og:title\" content=\"Impasse entre governo e pr\u00e1ticos continua em audi\u00eancia p\u00fablica na C\u00e2mara\" \/>\n<meta property=\"og:description\" content=\"Jenifer Ribeiro, da Ag\u00eancia iNFRA O vice-presidente do Conapra (Conselho Nacional de Praticagem), Bruno Fonseca de Oliveira, afirmou, na \u00faltima quinta-feira (9), em audi\u00eancia p\u00fablica na Comiss\u00e3o de Trabalho, Administra\u00e7\u00e3o e Servi\u00e7o P\u00fablico da C\u00e2mara dos Deputados, que os pre\u00e7os da praticagem no Brasil s\u00e3o compat\u00edveis com os do mercado internacional. Nesse mesmo sentido, o [&hellip;]\" \/>\n<meta property=\"og:url\" content=\"https:\/\/agenciainfra.com\/blog\/impasse-entre-governo-e-praticos-continua-em-audiencia-publica-na-camara\/\" \/>\n<meta property=\"og:site_name\" content=\"Ag\u00eancia iNFRA\" \/>\n<meta property=\"article:publisher\" content=\"https:\/\/www.facebook.com\/ageninfra\" \/>\n<meta property=\"article:published_time\" content=\"2022-06-11T12:00:00+00:00\" \/>\n<meta property=\"og:image\" content=\"https:\/\/agenciainfra.com\/blog\/wp-content\/uploads\/2022\/06\/navio-navegacao-portos-foto-dominio-publico.jpg\" \/>\n\t<meta property=\"og:image:width\" content=\"1920\" \/>\n\t<meta property=\"og:image:height\" content=\"1280\" \/>\n\t<meta property=\"og:image:type\" content=\"image\/jpeg\" \/>\n<meta name=\"author\" content=\"Ag\u00eancia iNFRA\" \/>\n<meta name=\"twitter:card\" content=\"summary_large_image\" \/>\n<meta name=\"twitter:creator\" content=\"@agencia_infra\" \/>\n<meta name=\"twitter:site\" content=\"@agencia_infra\" \/>\n<meta name=\"twitter:label1\" content=\"Escrito por\" \/>\n\t<meta name=\"twitter:data1\" content=\"Ag\u00eancia iNFRA\" \/>\n\t<meta name=\"twitter:label2\" content=\"Est. tempo de leitura\" \/>\n\t<meta name=\"twitter:data2\" content=\"2 minutos\" \/>\n<script type=\"application\/ld+json\" class=\"yoast-schema-graph\">{\"@context\":\"https:\/\/schema.org\",\"@graph\":[{\"@type\":\"Article\",\"@id\":\"https:\/\/agenciainfra.com\/blog\/impasse-entre-governo-e-praticos-continua-em-audiencia-publica-na-camara\/#article\",\"isPartOf\":{\"@id\":\"https:\/\/agenciainfra.com\/blog\/impasse-entre-governo-e-praticos-continua-em-audiencia-publica-na-camara\/\"},\"author\":{\"name\":\"Ag\u00eancia iNFRA\",\"@id\":\"https:\/\/agenciainfra.com\/blog\/#\/schema\/person\/34af08dff6adea4cb22b06612ba7acfa\"},\"headline\":\"Impasse entre governo e pr\u00e1ticos continua em audi\u00eancia p\u00fablica na C\u00e2mara\",\"datePublished\":\"2022-06-11T12:00:00+00:00\",\"mainEntityOfPage\":{\"@id\":\"https:\/\/agenciainfra.com\/blog\/impasse-entre-governo-e-praticos-continua-em-audiencia-publica-na-camara\/\"},\"wordCount\":336,\"publisher\":{\"@id\":\"https:\/\/agenciainfra.com\/blog\/#organization\"},\"image\":{\"@id\":\"https:\/\/agenciainfra.com\/blog\/impasse-entre-governo-e-praticos-continua-em-audiencia-publica-na-camara\/#primaryimage\"},\"thumbnailUrl\":\"https:\/\/agenciainfra.com\/blog\/wp-content\/uploads\/2022\/06\/navio-navegacao-portos-foto-dominio-publico-e1730368637681.jpg\",\"keywords\":[\"ANTAQ\",\"ATP\",\"C\u00e2mara dos Deputados\",\"Conapra\",\"Infraestrutura\",\"log\u00edstica\",\"Navega\u00e7\u00e3o\",\"PL 4.392\/2020\",\"portos\",\"transportes\"],\"articleSection\":[\"Geral\",\"iNFRATransporte\"],\"inLanguage\":\"pt-BR\",\"copyrightYear\":\"2022\",\"copyrightHolder\":{\"@id\":\"https:\/\/agenciainfra.com\/blog\/#organization\"}},{\"@type\":\"WebPage\",\"@id\":\"https:\/\/agenciainfra.com\/blog\/impasse-entre-governo-e-praticos-continua-em-audiencia-publica-na-camara\/\",\"url\":\"https:\/\/agenciainfra.com\/blog\/impasse-entre-governo-e-praticos-continua-em-audiencia-publica-na-camara\/\",\"name\":\"Impasse entre governo e pr\u00e1ticos continua em audi\u00eancia p\u00fablica na C\u00e2mara - Ag\u00eancia iNFRA\",\"isPartOf\":{\"@id\":\"https:\/\/agenciainfra.com\/blog\/#website\"},\"primaryImageOfPage\":{\"@id\":\"https:\/\/agenciainfra.com\/blog\/impasse-entre-governo-e-praticos-continua-em-audiencia-publica-na-camara\/#primaryimage\"},\"image\":{\"@id\":\"https:\/\/agenciainfra.com\/blog\/impasse-entre-governo-e-praticos-continua-em-audiencia-publica-na-camara\/#primaryimage\"},\"thumbnailUrl\":\"https:\/\/agenciainfra.com\/blog\/wp-content\/uploads\/2022\/06\/navio-navegacao-portos-foto-dominio-publico-e1730368637681.jpg\",\"datePublished\":\"2022-06-11T12:00:00+00:00\",\"breadcrumb\":{\"@id\":\"https:\/\/agenciainfra.com\/blog\/impasse-entre-governo-e-praticos-continua-em-audiencia-publica-na-camara\/#breadcrumb\"},\"inLanguage\":\"pt-BR\",\"potentialAction\":[{\"@type\":\"ReadAction\",\"target\":[\"https:\/\/agenciainfra.com\/blog\/impasse-entre-governo-e-praticos-continua-em-audiencia-publica-na-camara\/\"]}]},{\"@type\":\"ImageObject\",\"inLanguage\":\"pt-BR\",\"@id\":\"https:\/\/agenciainfra.com\/blog\/impasse-entre-governo-e-praticos-continua-em-audiencia-publica-na-camara\/#primaryimage\",\"url\":\"https:\/\/agenciainfra.com\/blog\/wp-content\/uploads\/2022\/06\/navio-navegacao-portos-foto-dominio-publico-e1730368637681.jpg\",\"contentUrl\":\"https:\/\/agenciainfra.com\/blog\/wp-content\/uploads\/2022\/06\/navio-navegacao-portos-foto-dominio-publico-e1730368637681.jpg\",\"width\":1200,\"height\":800,\"caption\":\"Foto: Dom\u00ednio p\u00fablico\"},{\"@type\":\"BreadcrumbList\",\"@id\":\"https:\/\/agenciainfra.com\/blog\/impasse-entre-governo-e-praticos-continua-em-audiencia-publica-na-camara\/#breadcrumb\",\"itemListElement\":[{\"@type\":\"ListItem\",\"position\":1,\"name\":\"In\u00edcio\",\"item\":\"https:\/\/agenciainfra.com\/blog\/\"},{\"@type\":\"ListItem\",\"position\":2,\"name\":\"Impasse entre governo e pr\u00e1ticos continua em audi\u00eancia p\u00fablica na C\u00e2mara\"}]},{\"@type\":\"WebSite\",\"@id\":\"https:\/\/agenciainfra.com\/blog\/#website\",\"url\":\"https:\/\/agenciainfra.com\/blog\/\",\"name\":\"Ag\u00eancia iNFRA\",\"description\":\"Multiplataforma de informa\u00e7\u00e3o jornal\u00edstica refer\u00eancia na \u00e1rea de infraestrutura no Brasil!\",\"publisher\":{\"@id\":\"https:\/\/agenciainfra.com\/blog\/#organization\"},\"potentialAction\":[{\"@type\":\"SearchAction\",\"target\":{\"@type\":\"EntryPoint\",\"urlTemplate\":\"https:\/\/agenciainfra.com\/blog\/?s={search_term_string}\"},\"query-input\":{\"@type\":\"PropertyValueSpecification\",\"valueRequired\":true,\"valueName\":\"search_term_string\"}}],\"inLanguage\":\"pt-BR\"},{\"@type\":\"Organization\",\"@id\":\"https:\/\/agenciainfra.com\/blog\/#organization\",\"name\":\"Ag\u00eancia iNFRA\",\"url\":\"https:\/\/agenciainfra.com\/blog\/\",\"logo\":{\"@type\":\"ImageObject\",\"inLanguage\":\"pt-BR\",\"@id\":\"https:\/\/agenciainfra.com\/blog\/#\/schema\/logo\/image\/\",\"url\":\"https:\/\/agenciainfra.com\/blog\/wp-content\/uploads\/2023\/09\/iNFRA_5-e1761735885940.png\",\"contentUrl\":\"https:\/\/agenciainfra.com\/blog\/wp-content\/uploads\/2023\/09\/iNFRA_5-e1761735885940.png\",\"width\":1672,\"height\":454,\"caption\":\"Ag\u00eancia iNFRA\"},\"image\":{\"@id\":\"https:\/\/agenciainfra.com\/blog\/#\/schema\/logo\/image\/\"},\"sameAs\":[\"https:\/\/www.facebook.com\/ageninfra\",\"https:\/\/x.com\/agencia_infra\",\"https:\/\/www.linkedin.com\/company\/ag\u00eanciainfra\/\",\"https:\/\/www.instagram.com\/agenciainfra\/\"]},{\"@type\":\"Person\",\"@id\":\"https:\/\/agenciainfra.com\/blog\/#\/schema\/person\/34af08dff6adea4cb22b06612ba7acfa\",\"name\":\"Ag\u00eancia iNFRA\",\"image\":{\"@type\":\"ImageObject\",\"inLanguage\":\"pt-BR\",\"@id\":\"https:\/\/agenciainfra.com\/blog\/#\/schema\/person\/image\/\",\"url\":\"https:\/\/secure.gravatar.com\/avatar\/d189e01678f06d8eb84d4e01f08eb848b3fffe3f8443818d3c356c66892f5be8?s=96&d=mm&r=g\",\"contentUrl\":\"https:\/\/secure.gravatar.com\/avatar\/d189e01678f06d8eb84d4e01f08eb848b3fffe3f8443818d3c356c66892f5be8?s=96&d=mm&r=g\",\"caption\":\"Ag\u00eancia iNFRA\"},\"url\":\"https:\/\/agenciainfra.com\/blog\/author\/admin\/\"}]}<\/script>\n<!-- \/ Yoast SEO Premium plugin. -->","yoast_head_json":{"title":"Impasse entre governo e pr\u00e1ticos continua em audi\u00eancia p\u00fablica na C\u00e2mara - Ag\u00eancia iNFRA","robots":{"index":"index","follow":"follow","max-snippet":"max-snippet:-1","max-image-preview":"max-image-preview:large","max-video-preview":"max-video-preview:-1"},"canonical":"https:\/\/agenciainfra.com\/blog\/impasse-entre-governo-e-praticos-continua-em-audiencia-publica-na-camara\/","og_locale":"pt_BR","og_type":"article","og_title":"Impasse entre governo e pr\u00e1ticos continua em audi\u00eancia p\u00fablica na C\u00e2mara","og_description":"Jenifer Ribeiro, da Ag\u00eancia iNFRA O vice-presidente do Conapra (Conselho Nacional de Praticagem), Bruno Fonseca de Oliveira, afirmou, na \u00faltima quinta-feira (9), em audi\u00eancia p\u00fablica na Comiss\u00e3o de Trabalho, Administra\u00e7\u00e3o e Servi\u00e7o P\u00fablico da C\u00e2mara dos Deputados, que os pre\u00e7os da praticagem no Brasil s\u00e3o compat\u00edveis com os do mercado internacional. Nesse mesmo sentido, o [&hellip;]","og_url":"https:\/\/agenciainfra.com\/blog\/impasse-entre-governo-e-praticos-continua-em-audiencia-publica-na-camara\/","og_site_name":"Ag\u00eancia iNFRA","article_publisher":"https:\/\/www.facebook.com\/ageninfra","article_published_time":"2022-06-11T12:00:00+00:00","og_image":[{"width":1920,"height":1280,"url":"https:\/\/agenciainfra.com\/blog\/wp-content\/uploads\/2022\/06\/navio-navegacao-portos-foto-dominio-publico.jpg","type":"image\/jpeg"}],"author":"Ag\u00eancia iNFRA","twitter_card":"summary_large_image","twitter_creator":"@agencia_infra","twitter_site":"@agencia_infra","twitter_misc":{"Escrito por":"Ag\u00eancia iNFRA","Est. tempo de leitura":"2 minutos"},"schema":{"@context":"https:\/\/schema.org","@graph":[{"@type":"Article","@id":"https:\/\/agenciainfra.com\/blog\/impasse-entre-governo-e-praticos-continua-em-audiencia-publica-na-camara\/#article","isPartOf":{"@id":"https:\/\/agenciainfra.com\/blog\/impasse-entre-governo-e-praticos-continua-em-audiencia-publica-na-camara\/"},"author":{"name":"Ag\u00eancia iNFRA","@id":"https:\/\/agenciainfra.com\/blog\/#\/schema\/person\/34af08dff6adea4cb22b06612ba7acfa"},"headline":"Impasse entre governo e pr\u00e1ticos continua em audi\u00eancia p\u00fablica na C\u00e2mara","datePublished":"2022-06-11T12:00:00+00:00","mainEntityOfPage":{"@id":"https:\/\/agenciainfra.com\/blog\/impasse-entre-governo-e-praticos-continua-em-audiencia-publica-na-camara\/"},"wordCount":336,"publisher":{"@id":"https:\/\/agenciainfra.com\/blog\/#organization"},"image":{"@id":"https:\/\/agenciainfra.com\/blog\/impasse-entre-governo-e-praticos-continua-em-audiencia-publica-na-camara\/#primaryimage"},"thumbnailUrl":"https:\/\/agenciainfra.com\/blog\/wp-content\/uploads\/2022\/06\/navio-navegacao-portos-foto-dominio-publico-e1730368637681.jpg","keywords":["ANTAQ","ATP","C\u00e2mara dos Deputados","Conapra","Infraestrutura","log\u00edstica","Navega\u00e7\u00e3o","PL 4.392\/2020","portos","transportes"],"articleSection":["Geral","iNFRATransporte"],"inLanguage":"pt-BR","copyrightYear":"2022","copyrightHolder":{"@id":"https:\/\/agenciainfra.com\/blog\/#organization"}},{"@type":"WebPage","@id":"https:\/\/agenciainfra.com\/blog\/impasse-entre-governo-e-praticos-continua-em-audiencia-publica-na-camara\/","url":"https:\/\/agenciainfra.com\/blog\/impasse-entre-governo-e-praticos-continua-em-audiencia-publica-na-camara\/","name":"Impasse entre governo e pr\u00e1ticos continua em audi\u00eancia p\u00fablica na C\u00e2mara - Ag\u00eancia iNFRA","isPartOf":{"@id":"https:\/\/agenciainfra.com\/blog\/#website"},"primaryImageOfPage":{"@id":"https:\/\/agenciainfra.com\/blog\/impasse-entre-governo-e-praticos-continua-em-audiencia-publica-na-camara\/#primaryimage"},"image":{"@id":"https:\/\/agenciainfra.com\/blog\/impasse-entre-governo-e-praticos-continua-em-audiencia-publica-na-camara\/#primaryimage"},"thumbnailUrl":"https:\/\/agenciainfra.com\/blog\/wp-content\/uploads\/2022\/06\/navio-navegacao-portos-foto-dominio-publico-e1730368637681.jpg","datePublished":"2022-06-11T12:00:00+00:00","breadcrumb":{"@id":"https:\/\/agenciainfra.com\/blog\/impasse-entre-governo-e-praticos-continua-em-audiencia-publica-na-camara\/#breadcrumb"},"inLanguage":"pt-BR","potentialAction":[{"@type":"ReadAction","target":["https:\/\/agenciainfra.com\/blog\/impasse-entre-governo-e-praticos-continua-em-audiencia-publica-na-camara\/"]}]},{"@type":"ImageObject","inLanguage":"pt-BR","@id":"https:\/\/agenciainfra.com\/blog\/impasse-entre-governo-e-praticos-continua-em-audiencia-publica-na-camara\/#primaryimage","url":"https:\/\/agenciainfra.com\/blog\/wp-content\/uploads\/2022\/06\/navio-navegacao-portos-foto-dominio-publico-e1730368637681.jpg","contentUrl":"https:\/\/agenciainfra.com\/blog\/wp-content\/uploads\/2022\/06\/navio-navegacao-portos-foto-dominio-publico-e1730368637681.jpg","width":1200,"height":800,"caption":"Foto: Dom\u00ednio p\u00fablico"},{"@type":"BreadcrumbList","@id":"https:\/\/agenciainfra.com\/blog\/impasse-entre-governo-e-praticos-continua-em-audiencia-publica-na-camara\/#breadcrumb","itemListElement":[{"@type":"ListItem","position":1,"name":"In\u00edcio","item":"https:\/\/agenciainfra.com\/blog\/"},{"@type":"ListItem","position":2,"name":"Impasse entre governo e pr\u00e1ticos continua em audi\u00eancia p\u00fablica na C\u00e2mara"}]},{"@type":"WebSite","@id":"https:\/\/agenciainfra.com\/blog\/#website","url":"https:\/\/agenciainfra.com\/blog\/","name":"Ag\u00eancia iNFRA","description":"Multiplataforma de informa\u00e7\u00e3o jornal\u00edstica refer\u00eancia na \u00e1rea de infraestrutura no Brasil!","publisher":{"@id":"https:\/\/agenciainfra.com\/blog\/#organization"},"potentialAction":[{"@type":"SearchAction","target":{"@type":"EntryPoint","urlTemplate":"https:\/\/agenciainfra.com\/blog\/?s={search_term_string}"},"query-input":{"@type":"PropertyValueSpecification","valueRequired":true,"valueName":"search_term_string"}}],"inLanguage":"pt-BR"},{"@type":"Organization","@id":"https:\/\/agenciainfra.com\/blog\/#organization","name":"Ag\u00eancia iNFRA","url":"https:\/\/agenciainfra.com\/blog\/","logo":{"@type":"ImageObject","inLanguage":"pt-BR","@id":"https:\/\/agenciainfra.com\/blog\/#\/schema\/logo\/image\/","url":"https:\/\/agenciainfra.com\/blog\/wp-content\/uploads\/2023\/09\/iNFRA_5-e1761735885940.png","contentUrl":"https:\/\/agenciainfra.com\/blog\/wp-content\/uploads\/2023\/09\/iNFRA_5-e1761735885940.png","width":1672,"height":454,"caption":"Ag\u00eancia iNFRA"},"image":{"@id":"https:\/\/agenciainfra.com\/blog\/#\/schema\/logo\/image\/"},"sameAs":["https:\/\/www.facebook.com\/ageninfra","https:\/\/x.com\/agencia_infra","https:\/\/www.linkedin.com\/company\/ag\u00eanciainfra\/","https:\/\/www.instagram.com\/agenciainfra\/"]},{"@type":"Person","@id":"https:\/\/agenciainfra.com\/blog\/#\/schema\/person\/34af08dff6adea4cb22b06612ba7acfa","name":"Ag\u00eancia iNFRA","image":{"@type":"ImageObject","inLanguage":"pt-BR","@id":"https:\/\/agenciainfra.com\/blog\/#\/schema\/person\/image\/","url":"https:\/\/secure.gravatar.com\/avatar\/d189e01678f06d8eb84d4e01f08eb848b3fffe3f8443818d3c356c66892f5be8?s=96&d=mm&r=g","contentUrl":"https:\/\/secure.gravatar.com\/avatar\/d189e01678f06d8eb84d4e01f08eb848b3fffe3f8443818d3c356c66892f5be8?s=96&d=mm&r=g","caption":"Ag\u00eancia iNFRA"},"url":"https:\/\/agenciainfra.com\/blog\/author\/admin\/"}]}},"_links":{"self":[{"href":"https:\/\/agenciainfra.com\/blog\/wp-json\/wp\/v2\/posts\/10624","targetHints":{"allow":["GET"]}}],"collection":[{"href":"https:\/\/agenciainfra.com\/blog\/wp-json\/wp\/v2\/posts"}],"about":[{"href":"https:\/\/agenciainfra.com\/blog\/wp-json\/wp\/v2\/types\/post"}],"author":[{"embeddable":true,"href":"https:\/\/agenciainfra.com\/blog\/wp-json\/wp\/v2\/users\/1"}],"replies":[{"embeddable":true,"href":"https:\/\/agenciainfra.com\/blog\/wp-json\/wp\/v2\/comments?post=10624"}],"version-history":[{"count":0,"href":"https:\/\/agenciainfra.com\/blog\/wp-json\/wp\/v2\/posts\/10624\/revisions"}],"wp:featuredmedia":[{"embeddable":true,"href":"https:\/\/agenciainfra.com\/blog\/wp-json\/wp\/v2\/media\/10625"}],"wp:attachment":[{"href":"https:\/\/agenciainfra.com\/blog\/wp-json\/wp\/v2\/media?parent=10624"}],"wp:term":[{"taxonomy":"category","embeddable":true,"href":"https:\/\/agenciainfra.com\/blog\/wp-json\/wp\/v2\/categories?post=10624"},{"taxonomy":"post_tag","embeddable":true,"href":"https:\/\/agenciainfra.com\/blog\/wp-json\/wp\/v2\/tags?post=10624"}],"curies":[{"name":"wp","href":"https:\/\/api.w.org\/{rel}","templated":true}]}}