{"id":10635,"date":"2022-06-13T11:00:00","date_gmt":"2022-06-13T14:00:00","guid":{"rendered":"https:\/\/www.agenciainfra.com\/blog\/?p=10635"},"modified":"2022-06-13T09:10:26","modified_gmt":"2022-06-13T12:10:26","slug":"pais-pode-ter-mais-de-20-de-sobreoferta-de-energia-ate-2030-diz-psr","status":"publish","type":"post","link":"https:\/\/agenciainfra.com\/blog\/pais-pode-ter-mais-de-20-de-sobreoferta-de-energia-ate-2030-diz-psr\/","title":{"rendered":"Pa\u00eds pode ter mais de 20% de sobreoferta de energia at\u00e9 2030, diz PSR"},"content":{"rendered":"\n<p class=\"has-text-align-right\"><strong>Roberto Rockmann*, colunista da Ag\u00eancia iNFRA<\/strong><\/p>\n\n\n\n<p>O Brasil deve conviver com uma consider\u00e1vel sobreoferta f\u00edsica de energia el\u00e9trica entre 2022 e 2030, e que pode superar 20% em m\u00e9dia em alguns anos nesse per\u00edodo, segundo an\u00e1lise da PSR. O excesso \u00e9 medido em percentual de garantia f\u00edsica em rela\u00e7\u00e3o \u00e0 demanda para os pr\u00f3ximos dez anos seguindo tr\u00eas linhas: 1) a oferta atual e em constru\u00e7\u00e3o; 2) na segunda, acresce-se a contrata\u00e7\u00e3o dos 8 GW de t\u00e9rmicas da Eletrobras; 3) a entrada em opera\u00e7\u00e3o da usina nuclear de Angra 3.<br><br>No cen\u00e1rio atual, o primeiro, sem a incorpora\u00e7\u00e3o dos 8 GW de t\u00e9rmicas da Eletrobras e com a contrata\u00e7\u00e3o j\u00e1 programada de gera\u00e7\u00e3o distribu\u00edda e do mercado livre, a sobreoferta f\u00edsica fica acima de 20% at\u00e9 2025 e a\u00ed come\u00e7a a recuar lentamente at\u00e9 chegar a 12% em 2030. No segundo, considerado o jabuti das t\u00e9rmicas da Eletrobras, a sobreoferta se mant\u00e9m acima de 20% de 2022 a 2030, atingindo 20% em 2030. J\u00e1 com a inclus\u00e3o da usina nuclear Angra 3, a sobreoferta f\u00edsica tamb\u00e9m se mant\u00e9m acima de 20% na d\u00e9cada e atinge 22% em 2030.<br><br>\u201cEsse \u00e9 o custo do Congresso, muita oferta foi decidida para entrar em opera\u00e7\u00e3o independente da necessidade do sistema\u201d, destacou Luiz Barroso, presidente da PSR, que divulgou o estudo no fim do Enase (Encontro Nacional de Agentes do Setor El\u00e9trico). \u201cIsso n\u00e3o \u00e9 contratual, algumas distribuidoras podem ter necessidades locais de contrata\u00e7\u00e3o.\u201d<br>\u00a0<br><strong>Mercado regulado sem demanda<\/strong><br>O dado indica que os leil\u00f5es do mercado regulado dever\u00e3o ser cada vez menores, com os consumidores migrando para o mercado livre e gera\u00e7\u00e3o distribu\u00edda solar. A sobreoferta f\u00edsica tamb\u00e9m pode pressionar para baixo o PLD (Pre\u00e7o de Liquida\u00e7\u00e3o de Diferen\u00e7as) e ter impacto sobre decis\u00e3o futura de investimentos e contratos. Tamb\u00e9m haver\u00e1 impacto sobre o GSF (risco hidrol\u00f3gico). \u201cPorque o grosso dessa oferta em excesso \u00e9 com Custo Vari\u00e1vel de Produ\u00e7\u00e3o nulo\u201d, ressaltou.<br>\u00a0<br><strong>Sobreoferta n\u00e3o significa tranquilidade no abastecimento<\/strong><br>Cabe ressaltar que essa sobreoferta f\u00edsica n\u00e3o representa seguran\u00e7a total no abastecimento na d\u00e9cada. N\u00e3o \u00e9 promessa de tranquilidade, ao contr\u00e1rio. Ano passado, o pa\u00eds ingressou em 2021 com uma sobreoferta de 20% e conviveu com problemas, com temores de corte nos hor\u00e1rios de pico durante o fim do per\u00edodo seco. Com uma matriz com cerca de 60% dependente das hidrel\u00e9tricas, a vari\u00e1vel chuva \u00e9 importante, assim como a gest\u00e3o dos reservat\u00f3rios e ter solu\u00e7\u00f5es de oferta de pot\u00eancia e armazenamento. A complexidade do sistema exigir\u00e1 solu\u00e7\u00f5es energ\u00e9ticas, um planejamento realista e uma governan\u00e7a fortalecida e \u00e1gil. \u00a0<br><br>\u201cHoje a confian\u00e7a nas hidrel\u00e9tricas se reduziu, devido a secas severas, restri\u00e7\u00f5es operativas que aparecem de repente. Isso mostra que \u00e9 muito importante a gente ser o mais realista poss\u00edvel na representa\u00e7\u00e3o das hidrel\u00e9tricas e fatorar isso no planejamento. Embora tenhamos avan\u00e7ado na \u00e9poca da crise h\u00eddrica, ainda acho que tem muita coisa que o ONS ainda n\u00e3o est\u00e1 alinhado com a EPE [Empresa de Pesquisa Energ\u00e9tica]\u00a0e, se esse alinhamento ocorrer, isso pode mostrar que contamos menos com as hidrel\u00e9tricas que o representado no planejamento.&#8221;<br><br>&#8220;A\u00ed a expans\u00e3o muda, com espa\u00e7o para as t\u00e9rmicas a g\u00e1s. Por outro lado, acho que a gente deveria passar a representar na expans\u00e3o a variabilidade dos custos das t\u00e9rmicas a g\u00e1s, aproveitando o gancho da crise atual\u201d, analisa Barroso. Ser\u00e1 tamb\u00e9m importante incorporar o impacto das mudan\u00e7as clim\u00e1ticas no planejamento, ser\u00e1 tamb\u00e9m uma vari\u00e1vel muito importante. Sem lev\u00e1-lo em conta, o custo da expans\u00e3o pode ficar 30% mais alto, segundo estimativa da PSR.<br>\u00a0<br><strong>Gest\u00e3o de recursos h\u00eddricos se torna essencial<\/strong><br>A gest\u00e3o da \u00e1gua nos reservat\u00f3rios das hidrel\u00e9tricas e a gest\u00e3o dos recursos h\u00eddricos, que envolve ag\u00eancias, minist\u00e9rios, munic\u00edpios e estados, vai se tornar ainda mais vital. O Brasil deveria aproveitar o momento de tranquilidade que a situa\u00e7\u00e3o h\u00eddrica trouxe para discutir mecanismos que atribuam mais agilidade ao setor el\u00e9trico, disse o diretor-geral do ONS (Operador Nacional do Sistema El\u00e9trico), Luiz Ciocchi. Entre os temas que podem ser debatidos est\u00e3o os servi\u00e7os ancilares, micro e minigera\u00e7\u00e3o distribu\u00edda, usos m\u00faltiplos das \u00e1guas. \u201cTemos que buscar agilidade para pensar nos problemas que vierem no futuro, esse \u00e9 um desafio.\u201d<br><br>\u201cSe n\u00e3o tiver \u00e1gua, teremos problemas de novo, essa sobreoferta \u00e9 te\u00f3rica, temos de ter muita aten\u00e7\u00e3o com a agenda de curto prazo, mas n\u00e3o podemos perder de vista solu\u00e7\u00f5es para problemas no m\u00e9dio e longo prazo\u201d, disse o presidente da CPFL Energia, Gustavo Estrella.<br><br>Segundo dados da ANA (Ag\u00eancia Nacional de \u00c1guas e Saneamento B\u00e1sico), a demanda por \u00e1gua no Brasil \u00e9 crescente, com aumento estimado de aproximadamente 80% no total retirado nas \u00faltimas duas d\u00e9cadas. A previs\u00e3o \u00e9 de que ocorra um aumento de 24% na demanda at\u00e9 2030.\u00a0A perda relativa das hidrel\u00e9tricas n\u00e3o reduz sua import\u00e2ncia e imp\u00f5e uma reflex\u00e3o urgente sobre o sistema de precifica\u00e7\u00e3o da \u00e1gua acumulada nos reservat\u00f3rios das hidrel\u00e9tricas, item importante para a moderniza\u00e7\u00e3o do parque de gera\u00e7\u00e3o constru\u00eddo h\u00e1 d\u00e9cadas.<br><br>A gest\u00e3o m\u00faltipla das \u00e1guas \u00e9 um ponto de alerta, principalmente no Sudeste, aponta a EPE no Plano Decenal 2031, que destaca que a moderniza\u00e7\u00e3o de hidrel\u00e9tricas existentes na regi\u00e3o j\u00e1 enfrenta desafios de opera\u00e7\u00e3o em cen\u00e1rios de falta de chuvas. O uso m\u00faltiplo das \u00e1guas cria desafios para a opera\u00e7\u00e3o e o planejamento, enquanto as hidrel\u00e9tricas dever\u00e3o ter papel relevante para modular a carga e oferecer energia nos hor\u00e1rios de ponta.<br><br><strong>Leil\u00f5es de neutralidade tecnol\u00f3gica<\/strong><br>O pa\u00eds precisa come\u00e7ar a mirar em solu\u00e7\u00f5es energ\u00e9ticas. Precifica\u00e7\u00e3o da \u00e1gua nos reservat\u00f3rios das hidrel\u00e9tricas, leil\u00f5es de neutralidade tecnol\u00f3gica e planejamento que preveja entrada de fontes mais competitivas s\u00e3o pontos essenciais. \u201cO leil\u00e3o de reserva de capacidade ano passado n\u00e3o teve neutralidade tecnol\u00f3gica, na Europa j\u00e1 houve contrata\u00e7\u00e3o de 1600 MW de armazenamento\u201d, disse o presidente da Enel, Nicola Cotugno. \u201cAs fontes renov\u00e1veis s\u00e3o as mais competitivas. Para esse avan\u00e7o continuar, as hidrel\u00e9tricas e a nova tecnologia de hidrel\u00e9tricas revers\u00edveis ter\u00e3o de ter um papel muito importante no sistema ao lado da transmiss\u00e3o\u201d, observa Jos\u00e9 Renato Domingos, vice-presidente da CTG.<br><br>A sobreoferta \u00e9 o pano de fundo que exp\u00f5e as fragilidades do modelo sancionado em 2004 que previa a contrata\u00e7\u00e3o de distribuidoras no mercado regulado. Inclu\u00edda no PL (Projeto de Lei) 414, a separa\u00e7\u00e3o fio e energia se torna essencial para que n\u00e3o se fragilizem ainda mais as finan\u00e7as das distribuidoras, que sentem cada vez mais a migra\u00e7\u00e3o de clientes para o mercado livre e para a gera\u00e7\u00e3o distribu\u00edda solar. Em paralelo, a tarifa do mercado regulado se torna cada vez mais pesada com encargos e tributos.<br><br>\u201cCerca de 70% dos reajustes est\u00e3o ligados ao ativo regulat\u00f3rio, conta que j\u00e1 foi paga, mas est\u00e1 vindo agora. \u00c9 preciso criar modos de evitar esse rally das tarifas. Se isso for num crescendo, os consumidores poder\u00e3o n\u00e3o pagar em algum momento\u201d, disse o presidente da CPFL. Uma maneira \u00e9 planejar a matriz da forma mais competitiva poss\u00edvel e incorporar solu\u00e7\u00f5es que tragam ganhos.<br><br><strong>PL 414 exigir\u00e1 longa discuss\u00e3o infralegal<\/strong><br>O PL 414 ainda traz a cria\u00e7\u00e3o de um encargo para lidar com os contratos legados das distribuidoras, que pelo modelo de 2004 tiveram de contratar energia compulsoriamente a longo prazo. A aprova\u00e7\u00e3o do PL seria o primeiro passo para isso. Haver\u00e1 a necessidade de detalhamento. As distribuidoras esperam que, depois de definida sua cria\u00e7\u00e3o, ele seja debatido em consulta p\u00fablica. \u201cO projeto de lei prev\u00ea abertura em 42 meses, mas haver\u00e1 uma grande discuss\u00e3o infralegal sobre v\u00e1rios pontos dessa abertura e isso levar\u00e1 meses. Ou seja, os 42 meses est\u00e3o muito perto\u201d, destacou Estrella.<br><br>Estudo ainda em andamento da PSR feito para o Banco Mundial mostra que o Brasil poderia expandir sua base de forma mais competitiva apenas com o avan\u00e7o das renov\u00e1veis, reduzindo ainda mais a pegada de carbono do setor el\u00e9trico e trazendo mais competitividade no pre\u00e7o, caso fosse essa a decis\u00e3o tomada. Mas o avan\u00e7o de fontes vari\u00e1veis (Barroso n\u00e3o gosta do termo intermitente) exigiria que as hidrel\u00e9tricas desempenhassem uma outra fun\u00e7\u00e3o.<br><br>\u201cEssa maior presen\u00e7a exigir\u00e1 que as hidrel\u00e9tricas sejam remuneradas pelo servi\u00e7o ancilar que elas prestam, porque atuam como baterias\u201d, destaca. Hoje parte do custo da expans\u00e3o via renov\u00e1veis \u00e9 feita com a cobran\u00e7a de ESS (Encargos Servi\u00e7os do Sistema), parando no colo do consumidor. \u201cSe a decis\u00e3o for feita s\u00f3 com renov\u00e1veis, parte desse custo teria de ir para as renov\u00e1veis\u201d, aponta.<\/p>\n\n\n\n<h6 class=\"wp-block-heading\" id=\"block-f323f59b-51bf-4eed-b17b-3c7d3b917007\">*Roberto Rockmann <strong>\u00e9 escritor e jornalista. Coautor do livro \u201cCurto-Circuito, quando o Brasil quase ficou \u00e0s escuras\u201d e produtor do podcast quinzenal \u201cGiro Energia\u201d sobre o setor el\u00e9trico. Organizou em 2018 o livro de 20 anos do mercado livre de energia el\u00e9trica, editado pela CCEE (C\u00e2mara de Comercializa\u00e7\u00e3o de Energia El\u00e9trica), al\u00e9m de v\u00e1rios outros livros e trabalhos premiados<\/strong>.<\/h6>\n\n\n\n<p><strong>As opini\u00f5es dos autores n\u00e3o refletem necessariamente o pensamento da Ag\u00eancia iNFRA, sendo de total responsabilidade do autor as informa\u00e7\u00f5es, ju\u00edzos de valor e conceitos descritos no texto<\/strong>. <\/p>\n","protected":false},"excerpt":{"rendered":"<p>Roberto Rockmann*, colunista da Ag\u00eancia iNFRA O Brasil deve conviver com uma consider\u00e1vel sobreoferta f\u00edsica de energia el\u00e9trica entre 2022 e 2030, e que pode superar 20% em m\u00e9dia em alguns anos nesse per\u00edodo, segundo an\u00e1lise da PSR. O excesso \u00e9 medido em percentual de garantia f\u00edsica em rela\u00e7\u00e3o \u00e0 demanda para os pr\u00f3ximos dez [&hellip;]<\/p>\n","protected":false},"author":1,"featured_media":0,"comment_status":"closed","ping_status":"closed","sticky":false,"template":"","format":"standard","meta":{"_monsterinsights_skip_tracking":false,"_monsterinsights_sitenote_active":false,"_monsterinsights_sitenote_note":"","_monsterinsights_sitenote_category":0,"footnotes":""},"categories":[1],"tags":[5124,1082,50,282,850,34,121,2859,5033,631],"class_list":["post-10635","post","type-post","status-publish","format-standard","hentry","category-geral","tag-demanda-de-energia","tag-distribuicao-de-energia","tag-eletrobras","tag-energia-eletrica","tag-geracao-distribuida","tag-infraestrutura","tag-psr","tag-recursos-hidricos","tag-sobreoferta-de-energia","tag-termicas"],"yoast_head":"<!-- This site is optimized with the Yoast SEO Premium plugin v25.4 (Yoast SEO v26.0) - https:\/\/yoast.com\/wordpress\/plugins\/seo\/ -->\n<title>Pa\u00eds pode ter mais de 20% de sobreoferta de energia at\u00e9 2030, diz PSR - Ag\u00eancia iNFRA<\/title>\n<meta name=\"robots\" content=\"index, follow, max-snippet:-1, max-image-preview:large, max-video-preview:-1\" \/>\n<link rel=\"canonical\" href=\"https:\/\/agenciainfra.com\/blog\/pais-pode-ter-mais-de-20-de-sobreoferta-de-energia-ate-2030-diz-psr\/\" \/>\n<meta property=\"og:locale\" content=\"pt_BR\" \/>\n<meta property=\"og:type\" content=\"article\" \/>\n<meta property=\"og:title\" content=\"Pa\u00eds pode ter mais de 20% de sobreoferta de energia at\u00e9 2030, diz PSR\" \/>\n<meta property=\"og:description\" content=\"Roberto Rockmann*, colunista da Ag\u00eancia iNFRA O Brasil deve conviver com uma consider\u00e1vel sobreoferta f\u00edsica de energia el\u00e9trica entre 2022 e 2030, e que pode superar 20% em m\u00e9dia em alguns anos nesse per\u00edodo, segundo an\u00e1lise da PSR. O excesso \u00e9 medido em percentual de garantia f\u00edsica em rela\u00e7\u00e3o \u00e0 demanda para os pr\u00f3ximos dez [&hellip;]\" \/>\n<meta property=\"og:url\" content=\"https:\/\/agenciainfra.com\/blog\/pais-pode-ter-mais-de-20-de-sobreoferta-de-energia-ate-2030-diz-psr\/\" \/>\n<meta property=\"og:site_name\" content=\"Ag\u00eancia iNFRA\" \/>\n<meta property=\"article:publisher\" content=\"https:\/\/www.facebook.com\/ageninfra\" \/>\n<meta property=\"article:published_time\" content=\"2022-06-13T14:00:00+00:00\" \/>\n<meta property=\"og:image\" content=\"https:\/\/agenciainfra.com\/blog\/wp-content\/uploads\/2019\/02\/distribuidoras-fabio-rodrigues-pozzebom-agencia-brasil.jpg\" \/>\n\t<meta property=\"og:image:width\" content=\"1280\" \/>\n\t<meta property=\"og:image:height\" content=\"852\" \/>\n\t<meta property=\"og:image:type\" content=\"image\/jpeg\" \/>\n<meta name=\"author\" content=\"Ag\u00eancia iNFRA\" \/>\n<meta name=\"twitter:card\" content=\"summary_large_image\" \/>\n<meta name=\"twitter:creator\" content=\"@agencia_infra\" \/>\n<meta name=\"twitter:site\" content=\"@agencia_infra\" \/>\n<meta name=\"twitter:label1\" content=\"Escrito por\" \/>\n\t<meta name=\"twitter:data1\" content=\"Ag\u00eancia iNFRA\" \/>\n\t<meta name=\"twitter:label2\" content=\"Est. tempo de leitura\" \/>\n\t<meta name=\"twitter:data2\" content=\"8 minutos\" \/>\n<script type=\"application\/ld+json\" class=\"yoast-schema-graph\">{\"@context\":\"https:\/\/schema.org\",\"@graph\":[{\"@type\":\"Article\",\"@id\":\"https:\/\/agenciainfra.com\/blog\/pais-pode-ter-mais-de-20-de-sobreoferta-de-energia-ate-2030-diz-psr\/#article\",\"isPartOf\":{\"@id\":\"https:\/\/agenciainfra.com\/blog\/pais-pode-ter-mais-de-20-de-sobreoferta-de-energia-ate-2030-diz-psr\/\"},\"author\":{\"name\":\"Ag\u00eancia iNFRA\",\"@id\":\"https:\/\/agenciainfra.com\/blog\/#\/schema\/person\/34af08dff6adea4cb22b06612ba7acfa\"},\"headline\":\"Pa\u00eds pode ter mais de 20% de sobreoferta de energia at\u00e9 2030, diz PSR\",\"datePublished\":\"2022-06-13T14:00:00+00:00\",\"mainEntityOfPage\":{\"@id\":\"https:\/\/agenciainfra.com\/blog\/pais-pode-ter-mais-de-20-de-sobreoferta-de-energia-ate-2030-diz-psr\/\"},\"wordCount\":1641,\"publisher\":{\"@id\":\"https:\/\/agenciainfra.com\/blog\/#organization\"},\"keywords\":[\"demanda de energia\",\"distribui\u00e7\u00e3o de energia\",\"Eletrobras\",\"energia el\u00e9trica\",\"gera\u00e7\u00e3o distribu\u00edda\",\"Infraestrutura\",\"PSR\",\"recursos h\u00eddricos\",\"sobreoferta de energia\",\"t\u00e9rmicas\"],\"articleSection\":[\"Geral\"],\"inLanguage\":\"pt-BR\",\"copyrightYear\":\"2022\",\"copyrightHolder\":{\"@id\":\"https:\/\/agenciainfra.com\/blog\/#organization\"}},{\"@type\":\"WebPage\",\"@id\":\"https:\/\/agenciainfra.com\/blog\/pais-pode-ter-mais-de-20-de-sobreoferta-de-energia-ate-2030-diz-psr\/\",\"url\":\"https:\/\/agenciainfra.com\/blog\/pais-pode-ter-mais-de-20-de-sobreoferta-de-energia-ate-2030-diz-psr\/\",\"name\":\"Pa\u00eds pode ter mais de 20% de sobreoferta de energia at\u00e9 2030, diz PSR - Ag\u00eancia iNFRA\",\"isPartOf\":{\"@id\":\"https:\/\/agenciainfra.com\/blog\/#website\"},\"datePublished\":\"2022-06-13T14:00:00+00:00\",\"breadcrumb\":{\"@id\":\"https:\/\/agenciainfra.com\/blog\/pais-pode-ter-mais-de-20-de-sobreoferta-de-energia-ate-2030-diz-psr\/#breadcrumb\"},\"inLanguage\":\"pt-BR\",\"potentialAction\":[{\"@type\":\"ReadAction\",\"target\":[\"https:\/\/agenciainfra.com\/blog\/pais-pode-ter-mais-de-20-de-sobreoferta-de-energia-ate-2030-diz-psr\/\"]}]},{\"@type\":\"BreadcrumbList\",\"@id\":\"https:\/\/agenciainfra.com\/blog\/pais-pode-ter-mais-de-20-de-sobreoferta-de-energia-ate-2030-diz-psr\/#breadcrumb\",\"itemListElement\":[{\"@type\":\"ListItem\",\"position\":1,\"name\":\"In\u00edcio\",\"item\":\"https:\/\/agenciainfra.com\/blog\/\"},{\"@type\":\"ListItem\",\"position\":2,\"name\":\"Pa\u00eds pode ter mais de 20% de sobreoferta de energia at\u00e9 2030, diz PSR\"}]},{\"@type\":\"WebSite\",\"@id\":\"https:\/\/agenciainfra.com\/blog\/#website\",\"url\":\"https:\/\/agenciainfra.com\/blog\/\",\"name\":\"Ag\u00eancia iNFRA\",\"description\":\"Multiplataforma de informa\u00e7\u00e3o jornal\u00edstica refer\u00eancia na \u00e1rea de infraestrutura no Brasil!\",\"publisher\":{\"@id\":\"https:\/\/agenciainfra.com\/blog\/#organization\"},\"potentialAction\":[{\"@type\":\"SearchAction\",\"target\":{\"@type\":\"EntryPoint\",\"urlTemplate\":\"https:\/\/agenciainfra.com\/blog\/?s={search_term_string}\"},\"query-input\":{\"@type\":\"PropertyValueSpecification\",\"valueRequired\":true,\"valueName\":\"search_term_string\"}}],\"inLanguage\":\"pt-BR\"},{\"@type\":\"Organization\",\"@id\":\"https:\/\/agenciainfra.com\/blog\/#organization\",\"name\":\"Ag\u00eancia iNFRA\",\"url\":\"https:\/\/agenciainfra.com\/blog\/\",\"logo\":{\"@type\":\"ImageObject\",\"inLanguage\":\"pt-BR\",\"@id\":\"https:\/\/agenciainfra.com\/blog\/#\/schema\/logo\/image\/\",\"url\":\"https:\/\/agenciainfra.com\/blog\/wp-content\/uploads\/2023\/09\/iNFRA_5-e1761735885940.png\",\"contentUrl\":\"https:\/\/agenciainfra.com\/blog\/wp-content\/uploads\/2023\/09\/iNFRA_5-e1761735885940.png\",\"width\":1672,\"height\":454,\"caption\":\"Ag\u00eancia iNFRA\"},\"image\":{\"@id\":\"https:\/\/agenciainfra.com\/blog\/#\/schema\/logo\/image\/\"},\"sameAs\":[\"https:\/\/www.facebook.com\/ageninfra\",\"https:\/\/x.com\/agencia_infra\",\"https:\/\/www.linkedin.com\/company\/ag\u00eanciainfra\/\",\"https:\/\/www.instagram.com\/agenciainfra\/\"]},{\"@type\":\"Person\",\"@id\":\"https:\/\/agenciainfra.com\/blog\/#\/schema\/person\/34af08dff6adea4cb22b06612ba7acfa\",\"name\":\"Ag\u00eancia iNFRA\",\"image\":{\"@type\":\"ImageObject\",\"inLanguage\":\"pt-BR\",\"@id\":\"https:\/\/agenciainfra.com\/blog\/#\/schema\/person\/image\/\",\"url\":\"https:\/\/secure.gravatar.com\/avatar\/d189e01678f06d8eb84d4e01f08eb848b3fffe3f8443818d3c356c66892f5be8?s=96&d=mm&r=g\",\"contentUrl\":\"https:\/\/secure.gravatar.com\/avatar\/d189e01678f06d8eb84d4e01f08eb848b3fffe3f8443818d3c356c66892f5be8?s=96&d=mm&r=g\",\"caption\":\"Ag\u00eancia iNFRA\"},\"url\":\"https:\/\/agenciainfra.com\/blog\/author\/admin\/\"}]}<\/script>\n<!-- \/ Yoast SEO Premium plugin. -->","yoast_head_json":{"title":"Pa\u00eds pode ter mais de 20% de sobreoferta de energia at\u00e9 2030, diz PSR - Ag\u00eancia iNFRA","robots":{"index":"index","follow":"follow","max-snippet":"max-snippet:-1","max-image-preview":"max-image-preview:large","max-video-preview":"max-video-preview:-1"},"canonical":"https:\/\/agenciainfra.com\/blog\/pais-pode-ter-mais-de-20-de-sobreoferta-de-energia-ate-2030-diz-psr\/","og_locale":"pt_BR","og_type":"article","og_title":"Pa\u00eds pode ter mais de 20% de sobreoferta de energia at\u00e9 2030, diz PSR","og_description":"Roberto Rockmann*, colunista da Ag\u00eancia iNFRA O Brasil deve conviver com uma consider\u00e1vel sobreoferta f\u00edsica de energia el\u00e9trica entre 2022 e 2030, e que pode superar 20% em m\u00e9dia em alguns anos nesse per\u00edodo, segundo an\u00e1lise da PSR. O excesso \u00e9 medido em percentual de garantia f\u00edsica em rela\u00e7\u00e3o \u00e0 demanda para os pr\u00f3ximos dez [&hellip;]","og_url":"https:\/\/agenciainfra.com\/blog\/pais-pode-ter-mais-de-20-de-sobreoferta-de-energia-ate-2030-diz-psr\/","og_site_name":"Ag\u00eancia iNFRA","article_publisher":"https:\/\/www.facebook.com\/ageninfra","article_published_time":"2022-06-13T14:00:00+00:00","og_image":[{"width":1280,"height":852,"url":"https:\/\/agenciainfra.com\/blog\/wp-content\/uploads\/2019\/02\/distribuidoras-fabio-rodrigues-pozzebom-agencia-brasil.jpg","type":"image\/jpeg"}],"author":"Ag\u00eancia iNFRA","twitter_card":"summary_large_image","twitter_creator":"@agencia_infra","twitter_site":"@agencia_infra","twitter_misc":{"Escrito por":"Ag\u00eancia iNFRA","Est. tempo de leitura":"8 minutos"},"schema":{"@context":"https:\/\/schema.org","@graph":[{"@type":"Article","@id":"https:\/\/agenciainfra.com\/blog\/pais-pode-ter-mais-de-20-de-sobreoferta-de-energia-ate-2030-diz-psr\/#article","isPartOf":{"@id":"https:\/\/agenciainfra.com\/blog\/pais-pode-ter-mais-de-20-de-sobreoferta-de-energia-ate-2030-diz-psr\/"},"author":{"name":"Ag\u00eancia iNFRA","@id":"https:\/\/agenciainfra.com\/blog\/#\/schema\/person\/34af08dff6adea4cb22b06612ba7acfa"},"headline":"Pa\u00eds pode ter mais de 20% de sobreoferta de energia at\u00e9 2030, diz PSR","datePublished":"2022-06-13T14:00:00+00:00","mainEntityOfPage":{"@id":"https:\/\/agenciainfra.com\/blog\/pais-pode-ter-mais-de-20-de-sobreoferta-de-energia-ate-2030-diz-psr\/"},"wordCount":1641,"publisher":{"@id":"https:\/\/agenciainfra.com\/blog\/#organization"},"keywords":["demanda de energia","distribui\u00e7\u00e3o de energia","Eletrobras","energia el\u00e9trica","gera\u00e7\u00e3o distribu\u00edda","Infraestrutura","PSR","recursos h\u00eddricos","sobreoferta de energia","t\u00e9rmicas"],"articleSection":["Geral"],"inLanguage":"pt-BR","copyrightYear":"2022","copyrightHolder":{"@id":"https:\/\/agenciainfra.com\/blog\/#organization"}},{"@type":"WebPage","@id":"https:\/\/agenciainfra.com\/blog\/pais-pode-ter-mais-de-20-de-sobreoferta-de-energia-ate-2030-diz-psr\/","url":"https:\/\/agenciainfra.com\/blog\/pais-pode-ter-mais-de-20-de-sobreoferta-de-energia-ate-2030-diz-psr\/","name":"Pa\u00eds pode ter mais de 20% de sobreoferta de energia at\u00e9 2030, diz PSR - Ag\u00eancia iNFRA","isPartOf":{"@id":"https:\/\/agenciainfra.com\/blog\/#website"},"datePublished":"2022-06-13T14:00:00+00:00","breadcrumb":{"@id":"https:\/\/agenciainfra.com\/blog\/pais-pode-ter-mais-de-20-de-sobreoferta-de-energia-ate-2030-diz-psr\/#breadcrumb"},"inLanguage":"pt-BR","potentialAction":[{"@type":"ReadAction","target":["https:\/\/agenciainfra.com\/blog\/pais-pode-ter-mais-de-20-de-sobreoferta-de-energia-ate-2030-diz-psr\/"]}]},{"@type":"BreadcrumbList","@id":"https:\/\/agenciainfra.com\/blog\/pais-pode-ter-mais-de-20-de-sobreoferta-de-energia-ate-2030-diz-psr\/#breadcrumb","itemListElement":[{"@type":"ListItem","position":1,"name":"In\u00edcio","item":"https:\/\/agenciainfra.com\/blog\/"},{"@type":"ListItem","position":2,"name":"Pa\u00eds pode ter mais de 20% de sobreoferta de energia at\u00e9 2030, diz PSR"}]},{"@type":"WebSite","@id":"https:\/\/agenciainfra.com\/blog\/#website","url":"https:\/\/agenciainfra.com\/blog\/","name":"Ag\u00eancia iNFRA","description":"Multiplataforma de informa\u00e7\u00e3o jornal\u00edstica refer\u00eancia na \u00e1rea de infraestrutura no Brasil!","publisher":{"@id":"https:\/\/agenciainfra.com\/blog\/#organization"},"potentialAction":[{"@type":"SearchAction","target":{"@type":"EntryPoint","urlTemplate":"https:\/\/agenciainfra.com\/blog\/?s={search_term_string}"},"query-input":{"@type":"PropertyValueSpecification","valueRequired":true,"valueName":"search_term_string"}}],"inLanguage":"pt-BR"},{"@type":"Organization","@id":"https:\/\/agenciainfra.com\/blog\/#organization","name":"Ag\u00eancia iNFRA","url":"https:\/\/agenciainfra.com\/blog\/","logo":{"@type":"ImageObject","inLanguage":"pt-BR","@id":"https:\/\/agenciainfra.com\/blog\/#\/schema\/logo\/image\/","url":"https:\/\/agenciainfra.com\/blog\/wp-content\/uploads\/2023\/09\/iNFRA_5-e1761735885940.png","contentUrl":"https:\/\/agenciainfra.com\/blog\/wp-content\/uploads\/2023\/09\/iNFRA_5-e1761735885940.png","width":1672,"height":454,"caption":"Ag\u00eancia iNFRA"},"image":{"@id":"https:\/\/agenciainfra.com\/blog\/#\/schema\/logo\/image\/"},"sameAs":["https:\/\/www.facebook.com\/ageninfra","https:\/\/x.com\/agencia_infra","https:\/\/www.linkedin.com\/company\/ag\u00eanciainfra\/","https:\/\/www.instagram.com\/agenciainfra\/"]},{"@type":"Person","@id":"https:\/\/agenciainfra.com\/blog\/#\/schema\/person\/34af08dff6adea4cb22b06612ba7acfa","name":"Ag\u00eancia iNFRA","image":{"@type":"ImageObject","inLanguage":"pt-BR","@id":"https:\/\/agenciainfra.com\/blog\/#\/schema\/person\/image\/","url":"https:\/\/secure.gravatar.com\/avatar\/d189e01678f06d8eb84d4e01f08eb848b3fffe3f8443818d3c356c66892f5be8?s=96&d=mm&r=g","contentUrl":"https:\/\/secure.gravatar.com\/avatar\/d189e01678f06d8eb84d4e01f08eb848b3fffe3f8443818d3c356c66892f5be8?s=96&d=mm&r=g","caption":"Ag\u00eancia iNFRA"},"url":"https:\/\/agenciainfra.com\/blog\/author\/admin\/"}]}},"_links":{"self":[{"href":"https:\/\/agenciainfra.com\/blog\/wp-json\/wp\/v2\/posts\/10635","targetHints":{"allow":["GET"]}}],"collection":[{"href":"https:\/\/agenciainfra.com\/blog\/wp-json\/wp\/v2\/posts"}],"about":[{"href":"https:\/\/agenciainfra.com\/blog\/wp-json\/wp\/v2\/types\/post"}],"author":[{"embeddable":true,"href":"https:\/\/agenciainfra.com\/blog\/wp-json\/wp\/v2\/users\/1"}],"replies":[{"embeddable":true,"href":"https:\/\/agenciainfra.com\/blog\/wp-json\/wp\/v2\/comments?post=10635"}],"version-history":[{"count":0,"href":"https:\/\/agenciainfra.com\/blog\/wp-json\/wp\/v2\/posts\/10635\/revisions"}],"wp:attachment":[{"href":"https:\/\/agenciainfra.com\/blog\/wp-json\/wp\/v2\/media?parent=10635"}],"wp:term":[{"taxonomy":"category","embeddable":true,"href":"https:\/\/agenciainfra.com\/blog\/wp-json\/wp\/v2\/categories?post=10635"},{"taxonomy":"post_tag","embeddable":true,"href":"https:\/\/agenciainfra.com\/blog\/wp-json\/wp\/v2\/tags?post=10635"}],"curies":[{"name":"wp","href":"https:\/\/api.w.org\/{rel}","templated":true}]}}