{"id":10638,"date":"2022-06-14T09:00:00","date_gmt":"2022-06-14T12:00:00","guid":{"rendered":"https:\/\/www.agenciainfra.com\/blog\/?p=10638"},"modified":"2022-06-13T17:10:26","modified_gmt":"2022-06-13T20:10:26","slug":"investimento-federal-em-transporte-deve-ser-maior-sugere-cni-em-carta-aos-candidatos","status":"publish","type":"post","link":"https:\/\/agenciainfra.com\/blog\/investimento-federal-em-transporte-deve-ser-maior-sugere-cni-em-carta-aos-candidatos\/","title":{"rendered":"Investimento federal em transporte deve ser maior, sugere CNI em carta aos candidatos"},"content":{"rendered":"\n<p class=\"has-text-align-right\"><strong>Jenifer Ribeiro, da Ag\u00eancia iNFRA<\/strong><\/p>\n\n\n\n<p>O governo federal precisaria aumentar investimentos em transportes de 0,4% para 2% do PIB (Produto Interno Bruto) para diminuir gargalos e tornar a log\u00edstica de escoamento interno de cargas adequada, aponta estudo da CNI (Confedera\u00e7\u00e3o Nacional da Ind\u00fastria).<\/p>\n\n\n\n<p>O levantamento intitulado\u00a0\u201cTransporte de Cargas: abrindo novos caminhos\u201d, ao qual a\u00a0<strong>Ag\u00eancia iNFRA<\/strong>\u00a0teve acesso na vers\u00e3o preliminar,\u00a0est\u00e1 sendo preparado para ser\u00a0apresentado aos candidatos \u00e0 Presid\u00eancia da Rep\u00fablica deste ano. Ele\u00a0mostra que o Brasil destina percentualmente menos investimentos para o setor do que pa\u00edses vizinhos como Paraguai e Argentina.<\/p>\n\n\n\n<p>Entre as sugest\u00f5es da CNI&nbsp;apresentados no levantamento&nbsp;est\u00e3o: aumentar o controle e fiscaliza\u00e7\u00e3o a fim de diminuir o n\u00famero de obras de infraestrutura incompletas; tornar as tabelas de frete rodovi\u00e1rio referenciais; dar celeridade na implementa\u00e7\u00e3o do DT-e (Documento Eletr\u00f4nico de Transporte), entre outras.<\/p>\n\n\n\n<p>Nos demais setores, o estudo recomenda privatizar as administra\u00e7\u00f5es portu\u00e1rias p\u00fablicas; avan\u00e7ar na regulamenta\u00e7\u00e3o da Lei das Ferrovias; dar agilidade e efici\u00eancia ao processo de devolu\u00e7\u00e3o e reativa\u00e7\u00e3o dos trechos ferrovi\u00e1rios atualmente sem tr\u00e1fego; e continuar o processo de privatiza\u00e7\u00e3o dos aeroportos.<\/p>\n\n\n\n<p><strong>Qualidade das rodovias<\/strong><br>Em 2022, o or\u00e7amento do Minist\u00e9rio da Infraestrutura foi de R$ 6,8 bilh\u00f5es, abaixo dos valores de 2021 e 2020. Por diversas vezes a pasta disse que o valor era invi\u00e1vel. O ex-ministro Tarc\u00edsio de Freitas, inclusive, afirmava que os recursos enxutos eram um dos motivos para focar nas concess\u00f5es.<\/p>\n\n\n\n<p>Somado a isso, o or\u00e7amento de investimentos do DNIT (Departamento Nacional de Infraestrutura de Transportes) para este ano foi preliminarmente reduzido&nbsp;em R$ 176,9 milh\u00f5es. A informa\u00e7\u00e3o \u00e9 que, at\u00e9 o o momento, ele \u00e9&nbsp;o pior desde 2001. O \u00f3rg\u00e3o faz a manuten\u00e7\u00e3o de mais de 50 mil quil\u00f4metros de rodovias n\u00e3o concedidas.&nbsp;<\/p>\n\n\n\n<p>A Pesquisa CNT de Rodovias de 2021, publicada no come\u00e7o do ano, mostrou que a queda nos investimentos de manuten\u00e7\u00e3o e amplia\u00e7\u00e3o das rodovias est\u00e1 causando uma diminui\u00e7\u00e3o na qualidade da malha nacional.&nbsp;Esse tamb\u00e9m \u00e9 o entendimento da CNI.<\/p>\n\n\n\n<p>\u201cUma das consequ\u00eancias do volume insuficiente de investimentos no Brasil \u00e9 a qualidade ruim da nossa infraestrutura de transportes\u201d, informou&nbsp;o presidente da confedera\u00e7\u00e3o, Robson Braga de Andrade, no texto do documento.<\/p>\n\n\n\n<p><strong>Aumentar ferrovias<\/strong><br>Mesmo com o baixo volume de investimentos dos \u00faltimos anos, o transporte rodovi\u00e1rio continua sendo o modal mais utilizado no Brasil. Ele \u00e9 respons\u00e1vel por 60% de todas as mercadorias transportadas no pa\u00eds, de acordo com o trabalho.<\/p>\n\n\n\n<p>Uma das sa\u00eddas encontradas pelo Executivo \u00e9 aumentar a participa\u00e7\u00e3o das ferrovias. O PLN 2035 (Plano Nacional de Log\u00edstica de 2035) prev\u00ea um aumento do modal ferrovi\u00e1rio acima dos 30% e estima um crescimento de 61% na extens\u00e3o da malha ferrovi\u00e1ria.&nbsp;<\/p>\n\n\n\n<p><strong>Fundir ANTT e ANTAQ<\/strong><br>O relat\u00f3rio da CNI destaca ainda que h\u00e1 falta de integra\u00e7\u00e3o nas ag\u00eancias reguladoras de transportes e sugere&nbsp;que uma forma de melhorar a efic\u00e1cia e a qualidade da atua\u00e7\u00e3o regulat\u00f3ria no setor seria fundir a ANTT (Ag\u00eancia Nacional de Transportes Terrestres) e a ANTAQ (Ag\u00eancia Nacional de Transportes Aquavi\u00e1rios).<\/p>\n\n\n\n<p>Em dezembro de 2018, quando foi anunciado para ser ministro da Infraestrutura, Tarc\u00edsio de Freitas chegou a falar sobre extinguir as duas ag\u00eancias reguladoras e criar uma Ag\u00eancia Nacional de Transportes. Mas a ideia n\u00e3o foi para frente, em parte por conta de cr\u00edticas do setor portu\u00e1rio e de navega\u00e7\u00e3o.<\/p>\n","protected":false},"excerpt":{"rendered":"<p>Jenifer Ribeiro, da Ag\u00eancia iNFRA O governo federal precisaria aumentar investimentos em transportes de 0,4% para 2% do PIB (Produto Interno Bruto) para diminuir gargalos e tornar a log\u00edstica de escoamento interno de cargas adequada, aponta estudo da CNI (Confedera\u00e7\u00e3o Nacional da Ind\u00fastria). O levantamento intitulado\u00a0\u201cTransporte de Cargas: abrindo novos caminhos\u201d, ao qual a\u00a0Ag\u00eancia iNFRA\u00a0teve [&hellip;]<\/p>\n","protected":false},"author":1,"featured_media":4259,"comment_status":"closed","ping_status":"closed","sticky":false,"template":"","format":"standard","meta":{"_monsterinsights_skip_tracking":false,"_monsterinsights_sitenote_active":false,"_monsterinsights_sitenote_note":"","_monsterinsights_sitenote_category":0,"footnotes":""},"categories":[1,7],"tags":[86,19,350,120,2722,34,126,1059,902,70],"class_list":["post-10638","post","type-post","status-publish","format-standard","has-post-thumbnail","hentry","category-geral","category-infratransporte","tag-antaq","tag-antt","tag-cni","tag-ferrovias","tag-governo-federal","tag-infraestrutura","tag-rodovias","tag-transporte-de-cargas","tag-transporte-rodoviario","tag-transportes"],"yoast_head":"<!-- This site is optimized with the Yoast SEO Premium plugin v25.4 (Yoast SEO v26.0) - https:\/\/yoast.com\/wordpress\/plugins\/seo\/ -->\n<title>Investimento federal em transporte deve ser maior, sugere CNI em carta aos candidatos - Ag\u00eancia iNFRA<\/title>\n<meta name=\"robots\" content=\"index, follow, max-snippet:-1, max-image-preview:large, max-video-preview:-1\" \/>\n<link rel=\"canonical\" href=\"https:\/\/agenciainfra.com\/blog\/investimento-federal-em-transporte-deve-ser-maior-sugere-cni-em-carta-aos-candidatos\/\" \/>\n<meta property=\"og:locale\" content=\"pt_BR\" \/>\n<meta property=\"og:type\" content=\"article\" \/>\n<meta property=\"og:title\" content=\"Investimento federal em transporte deve ser maior, sugere CNI em carta aos candidatos\" \/>\n<meta property=\"og:description\" content=\"Jenifer Ribeiro, da Ag\u00eancia iNFRA O governo federal precisaria aumentar investimentos em transportes de 0,4% para 2% do PIB (Produto Interno Bruto) para diminuir gargalos e tornar a log\u00edstica de escoamento interno de cargas adequada, aponta estudo da CNI (Confedera\u00e7\u00e3o Nacional da Ind\u00fastria). O levantamento intitulado\u00a0\u201cTransporte de Cargas: abrindo novos caminhos\u201d, ao qual a\u00a0Ag\u00eancia iNFRA\u00a0teve [&hellip;]\" \/>\n<meta property=\"og:url\" content=\"https:\/\/agenciainfra.com\/blog\/investimento-federal-em-transporte-deve-ser-maior-sugere-cni-em-carta-aos-candidatos\/\" \/>\n<meta property=\"og:site_name\" content=\"Ag\u00eancia iNFRA\" \/>\n<meta property=\"article:publisher\" content=\"https:\/\/www.facebook.com\/ageninfra\" \/>\n<meta property=\"article:published_time\" content=\"2022-06-14T12:00:00+00:00\" \/>\n<meta property=\"og:image\" content=\"https:\/\/agenciainfra.com\/blog\/wp-content\/uploads\/2020\/01\/transporte-carga-caminhao-foto-goinfra.jpg\" \/>\n\t<meta property=\"og:image:width\" content=\"1280\" \/>\n\t<meta property=\"og:image:height\" content=\"846\" \/>\n\t<meta property=\"og:image:type\" content=\"image\/jpeg\" \/>\n<meta name=\"author\" content=\"Ag\u00eancia iNFRA\" \/>\n<meta name=\"twitter:card\" content=\"summary_large_image\" \/>\n<meta name=\"twitter:creator\" content=\"@agencia_infra\" \/>\n<meta name=\"twitter:site\" content=\"@agencia_infra\" \/>\n<meta name=\"twitter:label1\" content=\"Escrito por\" \/>\n\t<meta name=\"twitter:data1\" content=\"Ag\u00eancia iNFRA\" \/>\n\t<meta name=\"twitter:label2\" content=\"Est. tempo de leitura\" \/>\n\t<meta name=\"twitter:data2\" content=\"3 minutos\" \/>\n<script type=\"application\/ld+json\" class=\"yoast-schema-graph\">{\"@context\":\"https:\/\/schema.org\",\"@graph\":[{\"@type\":\"Article\",\"@id\":\"https:\/\/agenciainfra.com\/blog\/investimento-federal-em-transporte-deve-ser-maior-sugere-cni-em-carta-aos-candidatos\/#article\",\"isPartOf\":{\"@id\":\"https:\/\/agenciainfra.com\/blog\/investimento-federal-em-transporte-deve-ser-maior-sugere-cni-em-carta-aos-candidatos\/\"},\"author\":{\"name\":\"Ag\u00eancia iNFRA\",\"@id\":\"https:\/\/agenciainfra.com\/blog\/#\/schema\/person\/34af08dff6adea4cb22b06612ba7acfa\"},\"headline\":\"Investimento federal em transporte deve ser maior, sugere CNI em carta aos candidatos\",\"datePublished\":\"2022-06-14T12:00:00+00:00\",\"mainEntityOfPage\":{\"@id\":\"https:\/\/agenciainfra.com\/blog\/investimento-federal-em-transporte-deve-ser-maior-sugere-cni-em-carta-aos-candidatos\/\"},\"wordCount\":617,\"publisher\":{\"@id\":\"https:\/\/agenciainfra.com\/blog\/#organization\"},\"image\":{\"@id\":\"https:\/\/agenciainfra.com\/blog\/investimento-federal-em-transporte-deve-ser-maior-sugere-cni-em-carta-aos-candidatos\/#primaryimage\"},\"thumbnailUrl\":\"https:\/\/agenciainfra.com\/blog\/wp-content\/uploads\/2020\/01\/transporte-carga-caminhao-foto-goinfra.jpg\",\"keywords\":[\"ANTAQ\",\"ANTT\",\"CNI\",\"Ferrovias\",\"governo federal\",\"Infraestrutura\",\"rodovias\",\"transporte de cargas\",\"transporte rodovi\u00e1rio\",\"transportes\"],\"articleSection\":[\"Geral\",\"iNFRATransporte\"],\"inLanguage\":\"pt-BR\",\"copyrightYear\":\"2022\",\"copyrightHolder\":{\"@id\":\"https:\/\/agenciainfra.com\/blog\/#organization\"}},{\"@type\":\"WebPage\",\"@id\":\"https:\/\/agenciainfra.com\/blog\/investimento-federal-em-transporte-deve-ser-maior-sugere-cni-em-carta-aos-candidatos\/\",\"url\":\"https:\/\/agenciainfra.com\/blog\/investimento-federal-em-transporte-deve-ser-maior-sugere-cni-em-carta-aos-candidatos\/\",\"name\":\"Investimento federal em transporte deve ser maior, sugere CNI em carta aos candidatos - Ag\u00eancia iNFRA\",\"isPartOf\":{\"@id\":\"https:\/\/agenciainfra.com\/blog\/#website\"},\"primaryImageOfPage\":{\"@id\":\"https:\/\/agenciainfra.com\/blog\/investimento-federal-em-transporte-deve-ser-maior-sugere-cni-em-carta-aos-candidatos\/#primaryimage\"},\"image\":{\"@id\":\"https:\/\/agenciainfra.com\/blog\/investimento-federal-em-transporte-deve-ser-maior-sugere-cni-em-carta-aos-candidatos\/#primaryimage\"},\"thumbnailUrl\":\"https:\/\/agenciainfra.com\/blog\/wp-content\/uploads\/2020\/01\/transporte-carga-caminhao-foto-goinfra.jpg\",\"datePublished\":\"2022-06-14T12:00:00+00:00\",\"breadcrumb\":{\"@id\":\"https:\/\/agenciainfra.com\/blog\/investimento-federal-em-transporte-deve-ser-maior-sugere-cni-em-carta-aos-candidatos\/#breadcrumb\"},\"inLanguage\":\"pt-BR\",\"potentialAction\":[{\"@type\":\"ReadAction\",\"target\":[\"https:\/\/agenciainfra.com\/blog\/investimento-federal-em-transporte-deve-ser-maior-sugere-cni-em-carta-aos-candidatos\/\"]}]},{\"@type\":\"ImageObject\",\"inLanguage\":\"pt-BR\",\"@id\":\"https:\/\/agenciainfra.com\/blog\/investimento-federal-em-transporte-deve-ser-maior-sugere-cni-em-carta-aos-candidatos\/#primaryimage\",\"url\":\"https:\/\/agenciainfra.com\/blog\/wp-content\/uploads\/2020\/01\/transporte-carga-caminhao-foto-goinfra.jpg\",\"contentUrl\":\"https:\/\/agenciainfra.com\/blog\/wp-content\/uploads\/2020\/01\/transporte-carga-caminhao-foto-goinfra.jpg\",\"width\":1280,\"height\":846,\"caption\":\"Foto: Goinfra\"},{\"@type\":\"BreadcrumbList\",\"@id\":\"https:\/\/agenciainfra.com\/blog\/investimento-federal-em-transporte-deve-ser-maior-sugere-cni-em-carta-aos-candidatos\/#breadcrumb\",\"itemListElement\":[{\"@type\":\"ListItem\",\"position\":1,\"name\":\"In\u00edcio\",\"item\":\"https:\/\/agenciainfra.com\/blog\/\"},{\"@type\":\"ListItem\",\"position\":2,\"name\":\"Investimento federal em transporte deve ser maior, sugere CNI em carta aos candidatos\"}]},{\"@type\":\"WebSite\",\"@id\":\"https:\/\/agenciainfra.com\/blog\/#website\",\"url\":\"https:\/\/agenciainfra.com\/blog\/\",\"name\":\"Ag\u00eancia iNFRA\",\"description\":\"Multiplataforma de informa\u00e7\u00e3o jornal\u00edstica refer\u00eancia na \u00e1rea de infraestrutura no Brasil!\",\"publisher\":{\"@id\":\"https:\/\/agenciainfra.com\/blog\/#organization\"},\"potentialAction\":[{\"@type\":\"SearchAction\",\"target\":{\"@type\":\"EntryPoint\",\"urlTemplate\":\"https:\/\/agenciainfra.com\/blog\/?s={search_term_string}\"},\"query-input\":{\"@type\":\"PropertyValueSpecification\",\"valueRequired\":true,\"valueName\":\"search_term_string\"}}],\"inLanguage\":\"pt-BR\"},{\"@type\":\"Organization\",\"@id\":\"https:\/\/agenciainfra.com\/blog\/#organization\",\"name\":\"Ag\u00eancia iNFRA\",\"url\":\"https:\/\/agenciainfra.com\/blog\/\",\"logo\":{\"@type\":\"ImageObject\",\"inLanguage\":\"pt-BR\",\"@id\":\"https:\/\/agenciainfra.com\/blog\/#\/schema\/logo\/image\/\",\"url\":\"https:\/\/agenciainfra.com\/blog\/wp-content\/uploads\/2023\/09\/iNFRA_5-e1761735885940.png\",\"contentUrl\":\"https:\/\/agenciainfra.com\/blog\/wp-content\/uploads\/2023\/09\/iNFRA_5-e1761735885940.png\",\"width\":1672,\"height\":454,\"caption\":\"Ag\u00eancia iNFRA\"},\"image\":{\"@id\":\"https:\/\/agenciainfra.com\/blog\/#\/schema\/logo\/image\/\"},\"sameAs\":[\"https:\/\/www.facebook.com\/ageninfra\",\"https:\/\/x.com\/agencia_infra\",\"https:\/\/www.linkedin.com\/company\/ag\u00eanciainfra\/\",\"https:\/\/www.instagram.com\/agenciainfra\/\"]},{\"@type\":\"Person\",\"@id\":\"https:\/\/agenciainfra.com\/blog\/#\/schema\/person\/34af08dff6adea4cb22b06612ba7acfa\",\"name\":\"Ag\u00eancia iNFRA\",\"image\":{\"@type\":\"ImageObject\",\"inLanguage\":\"pt-BR\",\"@id\":\"https:\/\/agenciainfra.com\/blog\/#\/schema\/person\/image\/\",\"url\":\"https:\/\/secure.gravatar.com\/avatar\/d189e01678f06d8eb84d4e01f08eb848b3fffe3f8443818d3c356c66892f5be8?s=96&d=mm&r=g\",\"contentUrl\":\"https:\/\/secure.gravatar.com\/avatar\/d189e01678f06d8eb84d4e01f08eb848b3fffe3f8443818d3c356c66892f5be8?s=96&d=mm&r=g\",\"caption\":\"Ag\u00eancia iNFRA\"},\"url\":\"https:\/\/agenciainfra.com\/blog\/author\/admin\/\"}]}<\/script>\n<!-- \/ Yoast SEO Premium plugin. -->","yoast_head_json":{"title":"Investimento federal em transporte deve ser maior, sugere CNI em carta aos candidatos - Ag\u00eancia iNFRA","robots":{"index":"index","follow":"follow","max-snippet":"max-snippet:-1","max-image-preview":"max-image-preview:large","max-video-preview":"max-video-preview:-1"},"canonical":"https:\/\/agenciainfra.com\/blog\/investimento-federal-em-transporte-deve-ser-maior-sugere-cni-em-carta-aos-candidatos\/","og_locale":"pt_BR","og_type":"article","og_title":"Investimento federal em transporte deve ser maior, sugere CNI em carta aos candidatos","og_description":"Jenifer Ribeiro, da Ag\u00eancia iNFRA O governo federal precisaria aumentar investimentos em transportes de 0,4% para 2% do PIB (Produto Interno Bruto) para diminuir gargalos e tornar a log\u00edstica de escoamento interno de cargas adequada, aponta estudo da CNI (Confedera\u00e7\u00e3o Nacional da Ind\u00fastria). O levantamento intitulado\u00a0\u201cTransporte de Cargas: abrindo novos caminhos\u201d, ao qual a\u00a0Ag\u00eancia iNFRA\u00a0teve [&hellip;]","og_url":"https:\/\/agenciainfra.com\/blog\/investimento-federal-em-transporte-deve-ser-maior-sugere-cni-em-carta-aos-candidatos\/","og_site_name":"Ag\u00eancia iNFRA","article_publisher":"https:\/\/www.facebook.com\/ageninfra","article_published_time":"2022-06-14T12:00:00+00:00","og_image":[{"width":1280,"height":846,"url":"https:\/\/agenciainfra.com\/blog\/wp-content\/uploads\/2020\/01\/transporte-carga-caminhao-foto-goinfra.jpg","type":"image\/jpeg"}],"author":"Ag\u00eancia iNFRA","twitter_card":"summary_large_image","twitter_creator":"@agencia_infra","twitter_site":"@agencia_infra","twitter_misc":{"Escrito por":"Ag\u00eancia iNFRA","Est. tempo de leitura":"3 minutos"},"schema":{"@context":"https:\/\/schema.org","@graph":[{"@type":"Article","@id":"https:\/\/agenciainfra.com\/blog\/investimento-federal-em-transporte-deve-ser-maior-sugere-cni-em-carta-aos-candidatos\/#article","isPartOf":{"@id":"https:\/\/agenciainfra.com\/blog\/investimento-federal-em-transporte-deve-ser-maior-sugere-cni-em-carta-aos-candidatos\/"},"author":{"name":"Ag\u00eancia iNFRA","@id":"https:\/\/agenciainfra.com\/blog\/#\/schema\/person\/34af08dff6adea4cb22b06612ba7acfa"},"headline":"Investimento federal em transporte deve ser maior, sugere CNI em carta aos candidatos","datePublished":"2022-06-14T12:00:00+00:00","mainEntityOfPage":{"@id":"https:\/\/agenciainfra.com\/blog\/investimento-federal-em-transporte-deve-ser-maior-sugere-cni-em-carta-aos-candidatos\/"},"wordCount":617,"publisher":{"@id":"https:\/\/agenciainfra.com\/blog\/#organization"},"image":{"@id":"https:\/\/agenciainfra.com\/blog\/investimento-federal-em-transporte-deve-ser-maior-sugere-cni-em-carta-aos-candidatos\/#primaryimage"},"thumbnailUrl":"https:\/\/agenciainfra.com\/blog\/wp-content\/uploads\/2020\/01\/transporte-carga-caminhao-foto-goinfra.jpg","keywords":["ANTAQ","ANTT","CNI","Ferrovias","governo federal","Infraestrutura","rodovias","transporte de cargas","transporte rodovi\u00e1rio","transportes"],"articleSection":["Geral","iNFRATransporte"],"inLanguage":"pt-BR","copyrightYear":"2022","copyrightHolder":{"@id":"https:\/\/agenciainfra.com\/blog\/#organization"}},{"@type":"WebPage","@id":"https:\/\/agenciainfra.com\/blog\/investimento-federal-em-transporte-deve-ser-maior-sugere-cni-em-carta-aos-candidatos\/","url":"https:\/\/agenciainfra.com\/blog\/investimento-federal-em-transporte-deve-ser-maior-sugere-cni-em-carta-aos-candidatos\/","name":"Investimento federal em transporte deve ser maior, sugere CNI em carta aos candidatos - Ag\u00eancia iNFRA","isPartOf":{"@id":"https:\/\/agenciainfra.com\/blog\/#website"},"primaryImageOfPage":{"@id":"https:\/\/agenciainfra.com\/blog\/investimento-federal-em-transporte-deve-ser-maior-sugere-cni-em-carta-aos-candidatos\/#primaryimage"},"image":{"@id":"https:\/\/agenciainfra.com\/blog\/investimento-federal-em-transporte-deve-ser-maior-sugere-cni-em-carta-aos-candidatos\/#primaryimage"},"thumbnailUrl":"https:\/\/agenciainfra.com\/blog\/wp-content\/uploads\/2020\/01\/transporte-carga-caminhao-foto-goinfra.jpg","datePublished":"2022-06-14T12:00:00+00:00","breadcrumb":{"@id":"https:\/\/agenciainfra.com\/blog\/investimento-federal-em-transporte-deve-ser-maior-sugere-cni-em-carta-aos-candidatos\/#breadcrumb"},"inLanguage":"pt-BR","potentialAction":[{"@type":"ReadAction","target":["https:\/\/agenciainfra.com\/blog\/investimento-federal-em-transporte-deve-ser-maior-sugere-cni-em-carta-aos-candidatos\/"]}]},{"@type":"ImageObject","inLanguage":"pt-BR","@id":"https:\/\/agenciainfra.com\/blog\/investimento-federal-em-transporte-deve-ser-maior-sugere-cni-em-carta-aos-candidatos\/#primaryimage","url":"https:\/\/agenciainfra.com\/blog\/wp-content\/uploads\/2020\/01\/transporte-carga-caminhao-foto-goinfra.jpg","contentUrl":"https:\/\/agenciainfra.com\/blog\/wp-content\/uploads\/2020\/01\/transporte-carga-caminhao-foto-goinfra.jpg","width":1280,"height":846,"caption":"Foto: Goinfra"},{"@type":"BreadcrumbList","@id":"https:\/\/agenciainfra.com\/blog\/investimento-federal-em-transporte-deve-ser-maior-sugere-cni-em-carta-aos-candidatos\/#breadcrumb","itemListElement":[{"@type":"ListItem","position":1,"name":"In\u00edcio","item":"https:\/\/agenciainfra.com\/blog\/"},{"@type":"ListItem","position":2,"name":"Investimento federal em transporte deve ser maior, sugere CNI em carta aos candidatos"}]},{"@type":"WebSite","@id":"https:\/\/agenciainfra.com\/blog\/#website","url":"https:\/\/agenciainfra.com\/blog\/","name":"Ag\u00eancia iNFRA","description":"Multiplataforma de informa\u00e7\u00e3o jornal\u00edstica refer\u00eancia na \u00e1rea de infraestrutura no Brasil!","publisher":{"@id":"https:\/\/agenciainfra.com\/blog\/#organization"},"potentialAction":[{"@type":"SearchAction","target":{"@type":"EntryPoint","urlTemplate":"https:\/\/agenciainfra.com\/blog\/?s={search_term_string}"},"query-input":{"@type":"PropertyValueSpecification","valueRequired":true,"valueName":"search_term_string"}}],"inLanguage":"pt-BR"},{"@type":"Organization","@id":"https:\/\/agenciainfra.com\/blog\/#organization","name":"Ag\u00eancia iNFRA","url":"https:\/\/agenciainfra.com\/blog\/","logo":{"@type":"ImageObject","inLanguage":"pt-BR","@id":"https:\/\/agenciainfra.com\/blog\/#\/schema\/logo\/image\/","url":"https:\/\/agenciainfra.com\/blog\/wp-content\/uploads\/2023\/09\/iNFRA_5-e1761735885940.png","contentUrl":"https:\/\/agenciainfra.com\/blog\/wp-content\/uploads\/2023\/09\/iNFRA_5-e1761735885940.png","width":1672,"height":454,"caption":"Ag\u00eancia iNFRA"},"image":{"@id":"https:\/\/agenciainfra.com\/blog\/#\/schema\/logo\/image\/"},"sameAs":["https:\/\/www.facebook.com\/ageninfra","https:\/\/x.com\/agencia_infra","https:\/\/www.linkedin.com\/company\/ag\u00eanciainfra\/","https:\/\/www.instagram.com\/agenciainfra\/"]},{"@type":"Person","@id":"https:\/\/agenciainfra.com\/blog\/#\/schema\/person\/34af08dff6adea4cb22b06612ba7acfa","name":"Ag\u00eancia iNFRA","image":{"@type":"ImageObject","inLanguage":"pt-BR","@id":"https:\/\/agenciainfra.com\/blog\/#\/schema\/person\/image\/","url":"https:\/\/secure.gravatar.com\/avatar\/d189e01678f06d8eb84d4e01f08eb848b3fffe3f8443818d3c356c66892f5be8?s=96&d=mm&r=g","contentUrl":"https:\/\/secure.gravatar.com\/avatar\/d189e01678f06d8eb84d4e01f08eb848b3fffe3f8443818d3c356c66892f5be8?s=96&d=mm&r=g","caption":"Ag\u00eancia iNFRA"},"url":"https:\/\/agenciainfra.com\/blog\/author\/admin\/"}]}},"_links":{"self":[{"href":"https:\/\/agenciainfra.com\/blog\/wp-json\/wp\/v2\/posts\/10638","targetHints":{"allow":["GET"]}}],"collection":[{"href":"https:\/\/agenciainfra.com\/blog\/wp-json\/wp\/v2\/posts"}],"about":[{"href":"https:\/\/agenciainfra.com\/blog\/wp-json\/wp\/v2\/types\/post"}],"author":[{"embeddable":true,"href":"https:\/\/agenciainfra.com\/blog\/wp-json\/wp\/v2\/users\/1"}],"replies":[{"embeddable":true,"href":"https:\/\/agenciainfra.com\/blog\/wp-json\/wp\/v2\/comments?post=10638"}],"version-history":[{"count":0,"href":"https:\/\/agenciainfra.com\/blog\/wp-json\/wp\/v2\/posts\/10638\/revisions"}],"wp:featuredmedia":[{"embeddable":true,"href":"https:\/\/agenciainfra.com\/blog\/wp-json\/wp\/v2\/media\/4259"}],"wp:attachment":[{"href":"https:\/\/agenciainfra.com\/blog\/wp-json\/wp\/v2\/media?parent=10638"}],"wp:term":[{"taxonomy":"category","embeddable":true,"href":"https:\/\/agenciainfra.com\/blog\/wp-json\/wp\/v2\/categories?post=10638"},{"taxonomy":"post_tag","embeddable":true,"href":"https:\/\/agenciainfra.com\/blog\/wp-json\/wp\/v2\/tags?post=10638"}],"curies":[{"name":"wp","href":"https:\/\/api.w.org\/{rel}","templated":true}]}}