{"id":10653,"date":"2022-06-15T09:00:00","date_gmt":"2022-06-15T12:00:00","guid":{"rendered":"https:\/\/www.agenciainfra.com\/blog\/?p=10653"},"modified":"2022-06-14T11:48:14","modified_gmt":"2022-06-14T14:48:14","slug":"infraestrutura-trabalha-em-concessao-para-a-hidrovia-do-tapajos-com-apoio-das-forcas-armadas","status":"publish","type":"post","link":"https:\/\/agenciainfra.com\/blog\/infraestrutura-trabalha-em-concessao-para-a-hidrovia-do-tapajos-com-apoio-das-forcas-armadas\/","title":{"rendered":"Infraestrutura trabalha em concess\u00e3o para a Hidrovia do Tapaj\u00f3s, com apoio das For\u00e7as Armadas"},"content":{"rendered":"\n<p class=\"has-text-align-right\"><strong>Dimmi Amora, da Ag\u00eancia iNFRA<\/strong><\/p>\n\n\n\n<p>O Minist\u00e9rio da Infraestrutura est\u00e1 trabalhando com o Ex\u00e9rcito e a Marinha para criar um modelo de hidrovia no Brasil semelhante ao que \u00e9 feito no Rio Mississipi, nos Estados Unidos, para o escoamento de gr\u00e3os.<\/p>\n\n\n\n<p>A inten\u00e7\u00e3o \u00e9 ter uma parceria com as duas armas para ampliar a capacidade de transportes na Hidrovia Teles Pires-Tapaj\u00f3s, hoje a principal do pa\u00eds. Na semana passada, o ministro da Infraestrutura, Marcelo Sampaio, esteve no comando do Ex\u00e9rcito para tratar do tema.<\/p>\n\n\n\n<p>&#8220;\u00c9 o nosso [rio] Mississipi. Ela j\u00e1 \u00e9 usada. Mas existe um potencial enorme de opera\u00e7\u00e3o para ter mais efici\u00eancia. Vamos estar com as For\u00e7as Armadas ali para a gente ter uma opera\u00e7\u00e3o assistida, nos mesmos moldes da do Mississipi. \u00c9 prioridade para o pr\u00f3ximo governo&#8221;, disse Sampaio.&nbsp;&nbsp;<\/p>\n\n\n\n<p>Segundo o ministro, a ideia \u00e9 sair do modelo que se tem hoje no Brasil, de rios naveg\u00e1veis (ou seja, apenas o calado natural \u00e9 utilizado), para o conceito de hidrovia, com sinaliza\u00e7\u00e3o, balizamento, dragagem e outros itens que fa\u00e7am com que o sistema possa ter maior volume transportado.&nbsp;<\/p>\n\n\n\n<p>No Tapaj\u00f3s, j\u00e1 s\u00e3o transportadas&nbsp;por volta de&nbsp;15 milh\u00f5es de toneladas de produtos ao ano, volume que aumentou expressivamente ap\u00f3s a conclus\u00e3o do asfaltmento da BR-163\/PA at\u00e9 Miritituba (PA), onde chegam as cargas de gr\u00e3o do norte do Mato Grosso e s\u00e3o transbordadas para barca\u00e7as que levam os produtos at\u00e9 a regi\u00e3o de Bel\u00e9m (PA), de onde s\u00e3o exportadas.<\/p>\n\n\n\n<p>A ideia \u00e9&nbsp;melhorar a navega\u00e7\u00e3o na hidrovia com a&nbsp;concess\u00e3o dos servi\u00e7os \u00e0 iniciativa privada. As for\u00e7as atuariam em parceria para garantir a seguran\u00e7a da navega\u00e7\u00e3o.<\/p>\n\n\n\n<p>&#8220;A inten\u00e7\u00e3o \u00e9 conseguir operar nos 12 meses do ano, mesmo quando tem escassez pluviom\u00e9trica&#8221;, disse Sampaio. &#8220;H\u00e1 uma opera\u00e7\u00e3o do rio focada na navega\u00e7\u00e3o.&#8221;<\/p>\n\n\n\n<p><strong>Mudan\u00e7as legislativas<\/strong><br>Para concretizar a ideia, que tem capacidade para reduzir fortemente os custos log\u00edsticos principalmente no transporte de produtos agr\u00edcolas e minerais, Sampaio disse&nbsp;que ser\u00e3o necess\u00e1rias mudan\u00e7as legislativas, que est\u00e3o sendo trabalhadas dentro de um projeto de lei que est\u00e1 sendo denominado de BR dos Rios.<\/p>\n\n\n\n<p>Dentro desse projeto ser\u00e3o tratadas quest\u00f5es de incentivos \u00e0 compra de embarca\u00e7\u00f5es e \u00e0 implanta\u00e7\u00e3o de terminais nos rios com recursos de fundos setoriais.<\/p>\n\n\n\n<p>Mas, segundo Sampaio, o projeto tamb\u00e9m vai ter que rever quest\u00f5es em rela\u00e7\u00e3o \u00e0s barragens do setor energ\u00e9tico. O uso da \u00e1gua para o transporte \u00e9 essencial para que o projeto funcione, o que sempre foi um tabu para o setor el\u00e9trico, que mant\u00e9m um controle da vaz\u00e3o sobre os rios que t\u00eam hidrel\u00e9tricas.&nbsp;<\/p>\n\n\n\n<p>&#8220;A BR do Rio vai ter essas arestas que vamos ter que aparar&#8221;, disse Sampaio, informando que est\u00e1 em conversas com a Casa Civil, o Minist\u00e9rio de Minas e Energia e o Minist\u00e9rio do Desenvolvimento Regional para tratar do tema.<\/p>\n\n\n\n<p><strong>Navega\u00e7\u00e3o o ano todo<\/strong><br>Segundo ele, ter a seguran\u00e7a de que a hidrovia ter\u00e1 \u00e1gua para navega\u00e7\u00e3o ao longo de todo o ano \u00e9 essencial para garantir que elas ter\u00e3o investimentos privados em concess\u00f5es ou PPPs (parcerias p\u00fablico-privadas).&nbsp;<\/p>\n\n\n\n<p>Isso n\u00e3o vem acontecendo. Nos \u00faltimos 10 anos, em duas crises h\u00eddricas, as decis\u00f5es do governo foram por privilegiar a gera\u00e7\u00e3o de energia, e a Hidrovia do Tiet\u00ea, que liga o Mato Grosso do Sul a S\u00e3o Paulo, por exemplo,&nbsp;teve que ter as atividades paralisadas por falta de \u00e1gua para a navega\u00e7\u00e3o.<\/p>\n\n\n\n<p>&#8220;Nestes quatro anos, o presidente Bolsonaro se dedicou ao setor ferrovi\u00e1rio. Nos pr\u00f3ximos&nbsp;quatro anos, vamos colher frutos desse setor. Vamos avan\u00e7ar. E vamos dedicar os pr\u00f3ximos quatro anos para o setor de hidrovias&#8221;, disse Sampaio.<\/p>\n\n\n\n<p><strong>Pedral do Louren\u00e7o<\/strong><br>Outro trecho hidrovi\u00e1rio priorit\u00e1rio, segundo Sampaio, \u00e9 a hidrovia do Tocantins. Ele disse que acreditar que o licenciamento ambiental para as obras de derrocamento do Pedral do Louren\u00e7o possam sair ainda neste ano, o que liberaria o empreendimento essencial para a navega\u00e7\u00e3o nesse trecho que liga a \u00e1rea produtiva mais a leste do Mato Grosso e no Tocantins aos portos de Bel\u00e9m.<\/p>\n","protected":false},"excerpt":{"rendered":"<p>Dimmi Amora, da Ag\u00eancia iNFRA O Minist\u00e9rio da Infraestrutura est\u00e1 trabalhando com o Ex\u00e9rcito e a Marinha para criar um modelo de hidrovia no Brasil semelhante ao que \u00e9 feito no Rio Mississipi, nos Estados Unidos, para o escoamento de gr\u00e3os. A inten\u00e7\u00e3o \u00e9 ter uma parceria com as duas armas para ampliar a capacidade [&hellip;]<\/p>\n","protected":false},"author":1,"featured_media":10654,"comment_status":"closed","ping_status":"closed","sticky":false,"template":"","format":"standard","meta":{"_monsterinsights_skip_tracking":false,"_monsterinsights_sitenote_active":false,"_monsterinsights_sitenote_note":"","_monsterinsights_sitenote_category":0,"footnotes":""},"categories":[1,7],"tags":[78,4643,248,5430,355,34,997,775,4335,70],"class_list":["post-10653","post","type-post","status-publish","format-standard","has-post-thumbnail","hentry","category-geral","category-infratransporte","tag-concessoes","tag-escoamento","tag-forcas-armadas","tag-hidrovia-do-tapajos","tag-hidrovias","tag-infraestrutura","tag-marcelo-sampaio","tag-ministerio-da-infraestrutura","tag-transporte-hidroviario","tag-transportes"],"yoast_head":"<!-- This site is optimized with the Yoast SEO Premium plugin v25.4 (Yoast SEO v26.0) - https:\/\/yoast.com\/wordpress\/plugins\/seo\/ -->\n<title>Infraestrutura trabalha em concess\u00e3o para a Hidrovia do Tapaj\u00f3s, com apoio das For\u00e7as Armadas - Ag\u00eancia iNFRA<\/title>\n<meta name=\"robots\" content=\"index, follow, max-snippet:-1, max-image-preview:large, max-video-preview:-1\" \/>\n<link rel=\"canonical\" href=\"https:\/\/agenciainfra.com\/blog\/infraestrutura-trabalha-em-concessao-para-a-hidrovia-do-tapajos-com-apoio-das-forcas-armadas\/\" \/>\n<meta property=\"og:locale\" content=\"pt_BR\" \/>\n<meta property=\"og:type\" content=\"article\" \/>\n<meta property=\"og:title\" content=\"Infraestrutura trabalha em concess\u00e3o para a Hidrovia do Tapaj\u00f3s, com apoio das For\u00e7as Armadas\" \/>\n<meta property=\"og:description\" content=\"Dimmi Amora, da Ag\u00eancia iNFRA O Minist\u00e9rio da Infraestrutura est\u00e1 trabalhando com o Ex\u00e9rcito e a Marinha para criar um modelo de hidrovia no Brasil semelhante ao que \u00e9 feito no Rio Mississipi, nos Estados Unidos, para o escoamento de gr\u00e3os. A inten\u00e7\u00e3o \u00e9 ter uma parceria com as duas armas para ampliar a capacidade [&hellip;]\" \/>\n<meta property=\"og:url\" content=\"https:\/\/agenciainfra.com\/blog\/infraestrutura-trabalha-em-concessao-para-a-hidrovia-do-tapajos-com-apoio-das-forcas-armadas\/\" \/>\n<meta property=\"og:site_name\" content=\"Ag\u00eancia iNFRA\" \/>\n<meta property=\"article:publisher\" content=\"https:\/\/www.facebook.com\/ageninfra\" \/>\n<meta property=\"article:published_time\" content=\"2022-06-15T12:00:00+00:00\" \/>\n<meta property=\"og:image\" content=\"https:\/\/agenciainfra.com\/blog\/wp-content\/uploads\/2022\/06\/rio-hidrovia-foto-marcelo-camargo-agencia-brasil.jpg\" \/>\n\t<meta property=\"og:image:width\" content=\"1300\" \/>\n\t<meta property=\"og:image:height\" content=\"778\" \/>\n\t<meta property=\"og:image:type\" content=\"image\/jpeg\" \/>\n<meta name=\"author\" content=\"Ag\u00eancia iNFRA\" \/>\n<meta name=\"twitter:card\" content=\"summary_large_image\" \/>\n<meta name=\"twitter:creator\" content=\"@agencia_infra\" \/>\n<meta name=\"twitter:site\" content=\"@agencia_infra\" \/>\n<meta name=\"twitter:label1\" content=\"Escrito por\" \/>\n\t<meta name=\"twitter:data1\" content=\"Ag\u00eancia iNFRA\" \/>\n\t<meta name=\"twitter:label2\" content=\"Est. tempo de leitura\" \/>\n\t<meta name=\"twitter:data2\" content=\"4 minutos\" \/>\n<script type=\"application\/ld+json\" class=\"yoast-schema-graph\">{\"@context\":\"https:\/\/schema.org\",\"@graph\":[{\"@type\":\"Article\",\"@id\":\"https:\/\/agenciainfra.com\/blog\/infraestrutura-trabalha-em-concessao-para-a-hidrovia-do-tapajos-com-apoio-das-forcas-armadas\/#article\",\"isPartOf\":{\"@id\":\"https:\/\/agenciainfra.com\/blog\/infraestrutura-trabalha-em-concessao-para-a-hidrovia-do-tapajos-com-apoio-das-forcas-armadas\/\"},\"author\":{\"name\":\"Ag\u00eancia iNFRA\",\"@id\":\"https:\/\/agenciainfra.com\/blog\/#\/schema\/person\/34af08dff6adea4cb22b06612ba7acfa\"},\"headline\":\"Infraestrutura trabalha em concess\u00e3o para a Hidrovia do Tapaj\u00f3s, com apoio das For\u00e7as Armadas\",\"datePublished\":\"2022-06-15T12:00:00+00:00\",\"mainEntityOfPage\":{\"@id\":\"https:\/\/agenciainfra.com\/blog\/infraestrutura-trabalha-em-concessao-para-a-hidrovia-do-tapajos-com-apoio-das-forcas-armadas\/\"},\"wordCount\":744,\"publisher\":{\"@id\":\"https:\/\/agenciainfra.com\/blog\/#organization\"},\"image\":{\"@id\":\"https:\/\/agenciainfra.com\/blog\/infraestrutura-trabalha-em-concessao-para-a-hidrovia-do-tapajos-com-apoio-das-forcas-armadas\/#primaryimage\"},\"thumbnailUrl\":\"https:\/\/agenciainfra.com\/blog\/wp-content\/uploads\/2022\/06\/rio-hidrovia-foto-marcelo-camargo-agencia-brasil.jpg\",\"keywords\":[\"concess\u00f5es\",\"escoamento\",\"For\u00e7as Armadas\",\"Hidrovia do Tapaj\u00f3s\",\"hidrovias\",\"Infraestrutura\",\"Marcelo Sampaio\",\"Minist\u00e9rio da Infraestrutura\",\"transporte hidrovi\u00e1rio\",\"transportes\"],\"articleSection\":[\"Geral\",\"iNFRATransporte\"],\"inLanguage\":\"pt-BR\",\"copyrightYear\":\"2022\",\"copyrightHolder\":{\"@id\":\"https:\/\/agenciainfra.com\/blog\/#organization\"}},{\"@type\":\"WebPage\",\"@id\":\"https:\/\/agenciainfra.com\/blog\/infraestrutura-trabalha-em-concessao-para-a-hidrovia-do-tapajos-com-apoio-das-forcas-armadas\/\",\"url\":\"https:\/\/agenciainfra.com\/blog\/infraestrutura-trabalha-em-concessao-para-a-hidrovia-do-tapajos-com-apoio-das-forcas-armadas\/\",\"name\":\"Infraestrutura trabalha em concess\u00e3o para a Hidrovia do Tapaj\u00f3s, com apoio das For\u00e7as Armadas - Ag\u00eancia iNFRA\",\"isPartOf\":{\"@id\":\"https:\/\/agenciainfra.com\/blog\/#website\"},\"primaryImageOfPage\":{\"@id\":\"https:\/\/agenciainfra.com\/blog\/infraestrutura-trabalha-em-concessao-para-a-hidrovia-do-tapajos-com-apoio-das-forcas-armadas\/#primaryimage\"},\"image\":{\"@id\":\"https:\/\/agenciainfra.com\/blog\/infraestrutura-trabalha-em-concessao-para-a-hidrovia-do-tapajos-com-apoio-das-forcas-armadas\/#primaryimage\"},\"thumbnailUrl\":\"https:\/\/agenciainfra.com\/blog\/wp-content\/uploads\/2022\/06\/rio-hidrovia-foto-marcelo-camargo-agencia-brasil.jpg\",\"datePublished\":\"2022-06-15T12:00:00+00:00\",\"breadcrumb\":{\"@id\":\"https:\/\/agenciainfra.com\/blog\/infraestrutura-trabalha-em-concessao-para-a-hidrovia-do-tapajos-com-apoio-das-forcas-armadas\/#breadcrumb\"},\"inLanguage\":\"pt-BR\",\"potentialAction\":[{\"@type\":\"ReadAction\",\"target\":[\"https:\/\/agenciainfra.com\/blog\/infraestrutura-trabalha-em-concessao-para-a-hidrovia-do-tapajos-com-apoio-das-forcas-armadas\/\"]}]},{\"@type\":\"ImageObject\",\"inLanguage\":\"pt-BR\",\"@id\":\"https:\/\/agenciainfra.com\/blog\/infraestrutura-trabalha-em-concessao-para-a-hidrovia-do-tapajos-com-apoio-das-forcas-armadas\/#primaryimage\",\"url\":\"https:\/\/agenciainfra.com\/blog\/wp-content\/uploads\/2022\/06\/rio-hidrovia-foto-marcelo-camargo-agencia-brasil.jpg\",\"contentUrl\":\"https:\/\/agenciainfra.com\/blog\/wp-content\/uploads\/2022\/06\/rio-hidrovia-foto-marcelo-camargo-agencia-brasil.jpg\",\"width\":1300,\"height\":778,\"caption\":\"Manaus, AM, Brasil: Porto do Ceasa, no Rio Negro, em Manaus. (Foto: Marcelo Camargo\/Ag\u00eancia Brasil)\"},{\"@type\":\"BreadcrumbList\",\"@id\":\"https:\/\/agenciainfra.com\/blog\/infraestrutura-trabalha-em-concessao-para-a-hidrovia-do-tapajos-com-apoio-das-forcas-armadas\/#breadcrumb\",\"itemListElement\":[{\"@type\":\"ListItem\",\"position\":1,\"name\":\"In\u00edcio\",\"item\":\"https:\/\/agenciainfra.com\/blog\/\"},{\"@type\":\"ListItem\",\"position\":2,\"name\":\"Infraestrutura trabalha em concess\u00e3o para a Hidrovia do Tapaj\u00f3s, com apoio das For\u00e7as Armadas\"}]},{\"@type\":\"WebSite\",\"@id\":\"https:\/\/agenciainfra.com\/blog\/#website\",\"url\":\"https:\/\/agenciainfra.com\/blog\/\",\"name\":\"Ag\u00eancia iNFRA\",\"description\":\"Multiplataforma de informa\u00e7\u00e3o jornal\u00edstica refer\u00eancia na \u00e1rea de infraestrutura no Brasil!\",\"publisher\":{\"@id\":\"https:\/\/agenciainfra.com\/blog\/#organization\"},\"potentialAction\":[{\"@type\":\"SearchAction\",\"target\":{\"@type\":\"EntryPoint\",\"urlTemplate\":\"https:\/\/agenciainfra.com\/blog\/?s={search_term_string}\"},\"query-input\":{\"@type\":\"PropertyValueSpecification\",\"valueRequired\":true,\"valueName\":\"search_term_string\"}}],\"inLanguage\":\"pt-BR\"},{\"@type\":\"Organization\",\"@id\":\"https:\/\/agenciainfra.com\/blog\/#organization\",\"name\":\"Ag\u00eancia iNFRA\",\"url\":\"https:\/\/agenciainfra.com\/blog\/\",\"logo\":{\"@type\":\"ImageObject\",\"inLanguage\":\"pt-BR\",\"@id\":\"https:\/\/agenciainfra.com\/blog\/#\/schema\/logo\/image\/\",\"url\":\"https:\/\/agenciainfra.com\/blog\/wp-content\/uploads\/2023\/09\/iNFRA_5-e1761735885940.png\",\"contentUrl\":\"https:\/\/agenciainfra.com\/blog\/wp-content\/uploads\/2023\/09\/iNFRA_5-e1761735885940.png\",\"width\":1672,\"height\":454,\"caption\":\"Ag\u00eancia iNFRA\"},\"image\":{\"@id\":\"https:\/\/agenciainfra.com\/blog\/#\/schema\/logo\/image\/\"},\"sameAs\":[\"https:\/\/www.facebook.com\/ageninfra\",\"https:\/\/x.com\/agencia_infra\",\"https:\/\/www.linkedin.com\/company\/ag\u00eanciainfra\/\",\"https:\/\/www.instagram.com\/agenciainfra\/\"]},{\"@type\":\"Person\",\"@id\":\"https:\/\/agenciainfra.com\/blog\/#\/schema\/person\/34af08dff6adea4cb22b06612ba7acfa\",\"name\":\"Ag\u00eancia iNFRA\",\"image\":{\"@type\":\"ImageObject\",\"inLanguage\":\"pt-BR\",\"@id\":\"https:\/\/agenciainfra.com\/blog\/#\/schema\/person\/image\/\",\"url\":\"https:\/\/secure.gravatar.com\/avatar\/d189e01678f06d8eb84d4e01f08eb848b3fffe3f8443818d3c356c66892f5be8?s=96&d=mm&r=g\",\"contentUrl\":\"https:\/\/secure.gravatar.com\/avatar\/d189e01678f06d8eb84d4e01f08eb848b3fffe3f8443818d3c356c66892f5be8?s=96&d=mm&r=g\",\"caption\":\"Ag\u00eancia iNFRA\"},\"url\":\"https:\/\/agenciainfra.com\/blog\/author\/admin\/\"}]}<\/script>\n<!-- \/ Yoast SEO Premium plugin. -->","yoast_head_json":{"title":"Infraestrutura trabalha em concess\u00e3o para a Hidrovia do Tapaj\u00f3s, com apoio das For\u00e7as Armadas - Ag\u00eancia iNFRA","robots":{"index":"index","follow":"follow","max-snippet":"max-snippet:-1","max-image-preview":"max-image-preview:large","max-video-preview":"max-video-preview:-1"},"canonical":"https:\/\/agenciainfra.com\/blog\/infraestrutura-trabalha-em-concessao-para-a-hidrovia-do-tapajos-com-apoio-das-forcas-armadas\/","og_locale":"pt_BR","og_type":"article","og_title":"Infraestrutura trabalha em concess\u00e3o para a Hidrovia do Tapaj\u00f3s, com apoio das For\u00e7as Armadas","og_description":"Dimmi Amora, da Ag\u00eancia iNFRA O Minist\u00e9rio da Infraestrutura est\u00e1 trabalhando com o Ex\u00e9rcito e a Marinha para criar um modelo de hidrovia no Brasil semelhante ao que \u00e9 feito no Rio Mississipi, nos Estados Unidos, para o escoamento de gr\u00e3os. A inten\u00e7\u00e3o \u00e9 ter uma parceria com as duas armas para ampliar a capacidade [&hellip;]","og_url":"https:\/\/agenciainfra.com\/blog\/infraestrutura-trabalha-em-concessao-para-a-hidrovia-do-tapajos-com-apoio-das-forcas-armadas\/","og_site_name":"Ag\u00eancia iNFRA","article_publisher":"https:\/\/www.facebook.com\/ageninfra","article_published_time":"2022-06-15T12:00:00+00:00","og_image":[{"width":1300,"height":778,"url":"https:\/\/agenciainfra.com\/blog\/wp-content\/uploads\/2022\/06\/rio-hidrovia-foto-marcelo-camargo-agencia-brasil.jpg","type":"image\/jpeg"}],"author":"Ag\u00eancia iNFRA","twitter_card":"summary_large_image","twitter_creator":"@agencia_infra","twitter_site":"@agencia_infra","twitter_misc":{"Escrito por":"Ag\u00eancia iNFRA","Est. tempo de leitura":"4 minutos"},"schema":{"@context":"https:\/\/schema.org","@graph":[{"@type":"Article","@id":"https:\/\/agenciainfra.com\/blog\/infraestrutura-trabalha-em-concessao-para-a-hidrovia-do-tapajos-com-apoio-das-forcas-armadas\/#article","isPartOf":{"@id":"https:\/\/agenciainfra.com\/blog\/infraestrutura-trabalha-em-concessao-para-a-hidrovia-do-tapajos-com-apoio-das-forcas-armadas\/"},"author":{"name":"Ag\u00eancia iNFRA","@id":"https:\/\/agenciainfra.com\/blog\/#\/schema\/person\/34af08dff6adea4cb22b06612ba7acfa"},"headline":"Infraestrutura trabalha em concess\u00e3o para a Hidrovia do Tapaj\u00f3s, com apoio das For\u00e7as Armadas","datePublished":"2022-06-15T12:00:00+00:00","mainEntityOfPage":{"@id":"https:\/\/agenciainfra.com\/blog\/infraestrutura-trabalha-em-concessao-para-a-hidrovia-do-tapajos-com-apoio-das-forcas-armadas\/"},"wordCount":744,"publisher":{"@id":"https:\/\/agenciainfra.com\/blog\/#organization"},"image":{"@id":"https:\/\/agenciainfra.com\/blog\/infraestrutura-trabalha-em-concessao-para-a-hidrovia-do-tapajos-com-apoio-das-forcas-armadas\/#primaryimage"},"thumbnailUrl":"https:\/\/agenciainfra.com\/blog\/wp-content\/uploads\/2022\/06\/rio-hidrovia-foto-marcelo-camargo-agencia-brasil.jpg","keywords":["concess\u00f5es","escoamento","For\u00e7as Armadas","Hidrovia do Tapaj\u00f3s","hidrovias","Infraestrutura","Marcelo Sampaio","Minist\u00e9rio da Infraestrutura","transporte hidrovi\u00e1rio","transportes"],"articleSection":["Geral","iNFRATransporte"],"inLanguage":"pt-BR","copyrightYear":"2022","copyrightHolder":{"@id":"https:\/\/agenciainfra.com\/blog\/#organization"}},{"@type":"WebPage","@id":"https:\/\/agenciainfra.com\/blog\/infraestrutura-trabalha-em-concessao-para-a-hidrovia-do-tapajos-com-apoio-das-forcas-armadas\/","url":"https:\/\/agenciainfra.com\/blog\/infraestrutura-trabalha-em-concessao-para-a-hidrovia-do-tapajos-com-apoio-das-forcas-armadas\/","name":"Infraestrutura trabalha em concess\u00e3o para a Hidrovia do Tapaj\u00f3s, com apoio das For\u00e7as Armadas - Ag\u00eancia iNFRA","isPartOf":{"@id":"https:\/\/agenciainfra.com\/blog\/#website"},"primaryImageOfPage":{"@id":"https:\/\/agenciainfra.com\/blog\/infraestrutura-trabalha-em-concessao-para-a-hidrovia-do-tapajos-com-apoio-das-forcas-armadas\/#primaryimage"},"image":{"@id":"https:\/\/agenciainfra.com\/blog\/infraestrutura-trabalha-em-concessao-para-a-hidrovia-do-tapajos-com-apoio-das-forcas-armadas\/#primaryimage"},"thumbnailUrl":"https:\/\/agenciainfra.com\/blog\/wp-content\/uploads\/2022\/06\/rio-hidrovia-foto-marcelo-camargo-agencia-brasil.jpg","datePublished":"2022-06-15T12:00:00+00:00","breadcrumb":{"@id":"https:\/\/agenciainfra.com\/blog\/infraestrutura-trabalha-em-concessao-para-a-hidrovia-do-tapajos-com-apoio-das-forcas-armadas\/#breadcrumb"},"inLanguage":"pt-BR","potentialAction":[{"@type":"ReadAction","target":["https:\/\/agenciainfra.com\/blog\/infraestrutura-trabalha-em-concessao-para-a-hidrovia-do-tapajos-com-apoio-das-forcas-armadas\/"]}]},{"@type":"ImageObject","inLanguage":"pt-BR","@id":"https:\/\/agenciainfra.com\/blog\/infraestrutura-trabalha-em-concessao-para-a-hidrovia-do-tapajos-com-apoio-das-forcas-armadas\/#primaryimage","url":"https:\/\/agenciainfra.com\/blog\/wp-content\/uploads\/2022\/06\/rio-hidrovia-foto-marcelo-camargo-agencia-brasil.jpg","contentUrl":"https:\/\/agenciainfra.com\/blog\/wp-content\/uploads\/2022\/06\/rio-hidrovia-foto-marcelo-camargo-agencia-brasil.jpg","width":1300,"height":778,"caption":"Manaus, AM, Brasil: Porto do Ceasa, no Rio Negro, em Manaus. (Foto: Marcelo Camargo\/Ag\u00eancia Brasil)"},{"@type":"BreadcrumbList","@id":"https:\/\/agenciainfra.com\/blog\/infraestrutura-trabalha-em-concessao-para-a-hidrovia-do-tapajos-com-apoio-das-forcas-armadas\/#breadcrumb","itemListElement":[{"@type":"ListItem","position":1,"name":"In\u00edcio","item":"https:\/\/agenciainfra.com\/blog\/"},{"@type":"ListItem","position":2,"name":"Infraestrutura trabalha em concess\u00e3o para a Hidrovia do Tapaj\u00f3s, com apoio das For\u00e7as Armadas"}]},{"@type":"WebSite","@id":"https:\/\/agenciainfra.com\/blog\/#website","url":"https:\/\/agenciainfra.com\/blog\/","name":"Ag\u00eancia iNFRA","description":"Multiplataforma de informa\u00e7\u00e3o jornal\u00edstica refer\u00eancia na \u00e1rea de infraestrutura no Brasil!","publisher":{"@id":"https:\/\/agenciainfra.com\/blog\/#organization"},"potentialAction":[{"@type":"SearchAction","target":{"@type":"EntryPoint","urlTemplate":"https:\/\/agenciainfra.com\/blog\/?s={search_term_string}"},"query-input":{"@type":"PropertyValueSpecification","valueRequired":true,"valueName":"search_term_string"}}],"inLanguage":"pt-BR"},{"@type":"Organization","@id":"https:\/\/agenciainfra.com\/blog\/#organization","name":"Ag\u00eancia iNFRA","url":"https:\/\/agenciainfra.com\/blog\/","logo":{"@type":"ImageObject","inLanguage":"pt-BR","@id":"https:\/\/agenciainfra.com\/blog\/#\/schema\/logo\/image\/","url":"https:\/\/agenciainfra.com\/blog\/wp-content\/uploads\/2023\/09\/iNFRA_5-e1761735885940.png","contentUrl":"https:\/\/agenciainfra.com\/blog\/wp-content\/uploads\/2023\/09\/iNFRA_5-e1761735885940.png","width":1672,"height":454,"caption":"Ag\u00eancia iNFRA"},"image":{"@id":"https:\/\/agenciainfra.com\/blog\/#\/schema\/logo\/image\/"},"sameAs":["https:\/\/www.facebook.com\/ageninfra","https:\/\/x.com\/agencia_infra","https:\/\/www.linkedin.com\/company\/ag\u00eanciainfra\/","https:\/\/www.instagram.com\/agenciainfra\/"]},{"@type":"Person","@id":"https:\/\/agenciainfra.com\/blog\/#\/schema\/person\/34af08dff6adea4cb22b06612ba7acfa","name":"Ag\u00eancia iNFRA","image":{"@type":"ImageObject","inLanguage":"pt-BR","@id":"https:\/\/agenciainfra.com\/blog\/#\/schema\/person\/image\/","url":"https:\/\/secure.gravatar.com\/avatar\/d189e01678f06d8eb84d4e01f08eb848b3fffe3f8443818d3c356c66892f5be8?s=96&d=mm&r=g","contentUrl":"https:\/\/secure.gravatar.com\/avatar\/d189e01678f06d8eb84d4e01f08eb848b3fffe3f8443818d3c356c66892f5be8?s=96&d=mm&r=g","caption":"Ag\u00eancia iNFRA"},"url":"https:\/\/agenciainfra.com\/blog\/author\/admin\/"}]}},"_links":{"self":[{"href":"https:\/\/agenciainfra.com\/blog\/wp-json\/wp\/v2\/posts\/10653","targetHints":{"allow":["GET"]}}],"collection":[{"href":"https:\/\/agenciainfra.com\/blog\/wp-json\/wp\/v2\/posts"}],"about":[{"href":"https:\/\/agenciainfra.com\/blog\/wp-json\/wp\/v2\/types\/post"}],"author":[{"embeddable":true,"href":"https:\/\/agenciainfra.com\/blog\/wp-json\/wp\/v2\/users\/1"}],"replies":[{"embeddable":true,"href":"https:\/\/agenciainfra.com\/blog\/wp-json\/wp\/v2\/comments?post=10653"}],"version-history":[{"count":0,"href":"https:\/\/agenciainfra.com\/blog\/wp-json\/wp\/v2\/posts\/10653\/revisions"}],"wp:featuredmedia":[{"embeddable":true,"href":"https:\/\/agenciainfra.com\/blog\/wp-json\/wp\/v2\/media\/10654"}],"wp:attachment":[{"href":"https:\/\/agenciainfra.com\/blog\/wp-json\/wp\/v2\/media?parent=10653"}],"wp:term":[{"taxonomy":"category","embeddable":true,"href":"https:\/\/agenciainfra.com\/blog\/wp-json\/wp\/v2\/categories?post=10653"},{"taxonomy":"post_tag","embeddable":true,"href":"https:\/\/agenciainfra.com\/blog\/wp-json\/wp\/v2\/tags?post=10653"}],"curies":[{"name":"wp","href":"https:\/\/api.w.org\/{rel}","templated":true}]}}