{"id":10656,"date":"2022-06-16T10:00:00","date_gmt":"2022-06-16T13:00:00","guid":{"rendered":"https:\/\/www.agenciainfra.com\/blog\/?p=10656"},"modified":"2022-06-14T12:11:04","modified_gmt":"2022-06-14T15:11:04","slug":"gestao-reputacao-setor-de-infraestrutura-precisa-se-comunicar-e-se-mobilizar-mais","status":"publish","type":"post","link":"https:\/\/agenciainfra.com\/blog\/gestao-reputacao-setor-de-infraestrutura-precisa-se-comunicar-e-se-mobilizar-mais\/","title":{"rendered":"Gest\u00e3o &#038; Reputa\u00e7\u00e3o: Setor de infraestrutura precisa se comunicar e se mobilizar mais"},"content":{"rendered":"\n<p class=\"has-text-align-right\"><strong>Agnaldo Brito*<\/strong><\/p>\n\n\n\n<p>Uma esp\u00e9cie de Plano Marshall \u2013 pensado agora para o p\u00f3s-Covid, mas ainda em meio a uma guerra (R\u00fassia x Ucr\u00e2nia) que traz desafios para a economia do mundo \u2013 reintroduziu as PPPs (parcerias p\u00fablico-privadas) como instrumento de retomada dos investimentos.<\/p>\n\n\n\n<p>O \u2018Plano Marshall\u2019 europeu tem o nome agora de Next Generation EU e pretende, com o esfor\u00e7o fiscal de todos os parceiros da Uni\u00e3o Europeia, despejar 800 bilh\u00f5es de euros na economia da regi\u00e3o para o que est\u00e3o chamando de transi\u00e7\u00e3o energ\u00e9tica e digital \u2013 tudo isso produzindo mais e melhores empregos, uma forma de enfrentar o decl\u00ednio social da Europa restabelecendo n\u00edveis da atividade econ\u00f4mica e promovendo a gera\u00e7\u00e3o de renda e de empregos, principalmente para a juventude europeia.<\/p>\n\n\n\n<p>N\u00e3o s\u00e3o as empresas apenas que est\u00e3o preocupadas com a gest\u00e3o da sua reputa\u00e7\u00e3o frente aos stakeholders. Os governos da Europa, notadamente aqueles que comp\u00f5em a Uni\u00e3o Europeia, acham que algo precisa ser feito para que o desencanto com o sistema capitalista \u2013 hegem\u00f4nico em muitos sentidos na Europa, \u00c1sia e nas Am\u00e9ricas e na \u00c1frica \u2013 n\u00e3o assuma propor\u00e7\u00f5es sem retorno. A comunica\u00e7\u00e3o dos governos, dos mercados, dos agentes econ\u00f4micos na Europa tem enfocado na premente necessidade de revis\u00e3o do nosso modelo econ\u00f4mico, propondo e buscando uma transi\u00e7\u00e3o para uma nova economia cujas bases seriam a sustentabilidade ambiental e social.<\/p>\n\n\n\n<p>O tema foi tratado na 38\u00aa edi\u00e7\u00e3o da Revista Uno, uma publica\u00e7\u00e3o da LLYC, que trouxe o tema \u201cRecuperar para Transformar: parcerias p\u00fablico-privadas na nova economia\u201d. O conte\u00fado pode ser acesso por <a href=\"https:\/\/ideasbr.llorenteycuenca.com\/2022\/05\/25\/uno-38-recuperar-para-transformar\/\" data-type=\"URL\" data-id=\"https:\/\/ideasbr.llorenteycuenca.com\/2022\/05\/25\/uno-38-recuperar-para-transformar\/\">este link<\/a>. A revista traz diversas ideias e iniciativas que governos europeus est\u00e3o adotando para a busca da retomada econ\u00f4mica neste p\u00f3s-pandemia. A Espanha, por exemplo, lan\u00e7ou em meados do ano passado o chamado PRTR (Plano de Recupera\u00e7\u00e3o, Transforma\u00e7\u00e3o e Resili\u00eancia), uma iniciativa que pretende despejar recursos equivalentes a 6% do seu PIB (algo como 70 bilh\u00f5es de euros) em iniciativas que busquem acelerar a base da economia, tanto na perspectiva energ\u00e9tica (promovendo a transi\u00e7\u00e3o para fontes verdes), quanto a moderniza\u00e7\u00e3o digital da economia.<\/p>\n\n\n\n<p>Temos tratado neste espa\u00e7o de gest\u00e3o e reputa\u00e7\u00e3o das companhias, e isso sempre na perspectiva de como a comunica\u00e7\u00e3o pode auxiliar nesse esfor\u00e7o de enquadramento em pr\u00e1ticas economicamente vi\u00e1veis, ambientalmente sustent\u00e1vel e socialmente justas. Vejam que este esfor\u00e7o se coaduna com os planos de centenas de bilh\u00f5es de euros que a Europa est\u00e1 injetando em diversas frentes para fomentar iniciativas p\u00fablicas e privadas para a constru\u00e7\u00e3o desta \u201cnova economia\u201d.<\/p>\n\n\n\n<p>A Espanha est\u00e1 propondo o Plano Nacional Integrado de Energia e Clima, uma iniciativa que projeta investimentos de 240 bilh\u00f5es de euros nos pr\u00f3ximos anos em PPPs. A estimativa \u00e9 que 50 bilh\u00f5es de euros sejam a parte p\u00fablica de est\u00edmulo a iniciativas que conduzam o pa\u00eds a uma transi\u00e7\u00e3o ecol\u00f3gica. A maior parte do investimento ser\u00e1 do setor privado, que, estimulado por pol\u00edticas p\u00fablicas, ser\u00e1 chamado a participar desse esfor\u00e7o.<\/p>\n\n\n\n<p>Pensando a partir da perspectiva do Brasil, o pa\u00eds parece alheio \u00e0 necessidade premente de investimentos p\u00fablicos e privados na infraestrutura nacional. Estamos acompanhando, com preocupa\u00e7\u00e3o \u2013 ao menos aqueles que acompanham o setor de infraestrutura no Brasil \u2013 o adiamento e (quando n\u00e3o) o cancelamento de leil\u00f5es no pa\u00eds. A desorganiza\u00e7\u00e3o econ\u00f4mica gerada pela pandemia tem ficado evidente em pa\u00edses sem uma pol\u00edtica clara de desenvolvimento ou um projeto nacional. Infelizmente o Brasil vive esta situa\u00e7\u00e3o.<\/p>\n\n\n\n<p>Enquanto a Europa procura estimular as PPPs \u2013 e enxerga no conceito uma forma de dar um novo passo rumo \u00e0 transi\u00e7\u00e3o energ\u00e9tica e o avan\u00e7o da economia digital, gerando renda e empregos de qualidade \u2013, um movimento de desest\u00edmulo ao setor de infraestrutura no Brasil parece ser o rumo para o qual estamos caminhando. A gest\u00e3o comunicacional da infraestrutura precisa reagir e mostrar com toda a sua for\u00e7a a raz\u00e3o pela qual o setor de infra \u00e9 essencial ao Brasil, sem o qual n\u00e3o vamos caminhar para lugar algum.<\/p>\n\n\n\n<p>N\u00e3o \u00e9 s\u00f3 gest\u00e3o e reputa\u00e7\u00e3o do setor que precisa ser observado. Neste momento um esfor\u00e7o de comunica\u00e7\u00e3o que resgate a relev\u00e2ncia econ\u00f4mica da infraestrutura e o seu peso no contexto da retomada precisa ganhar for\u00e7a e ades\u00f5es. A <strong>Ag\u00eancia iNFRA<\/strong> tem feito esse esfor\u00e7o, mas as \u00e1reas de comunica\u00e7\u00e3o de todas as empresas do setor tamb\u00e9m precisam se mobilizar. Agora.<\/p>\n\n\n\n<p class=\"has-small-font-size\"><strong>*Agnaldo Brito \u00e9 diretor de Comunica\u00e7\u00e3o em Infraestrutura na LLYC (LLORENTE Y CUENCA), consultoria global de gest\u00e3o da reputa\u00e7\u00e3o, presente em 13 pa\u00edses.<\/strong><\/p>\n\n\n\n<p><strong>As opini\u00f5es dos autores n\u00e3o refletem necessariamente o pensamento da Ag\u00eancia iNFRA, sendo de total responsabilidade do autor as informa\u00e7\u00f5es, ju\u00edzos de valor e conceitos descritos no texto.<\/strong><\/p>\n","protected":false},"excerpt":{"rendered":"<p>Agnaldo Brito* Uma esp\u00e9cie de Plano Marshall \u2013 pensado agora para o p\u00f3s-Covid, mas ainda em meio a uma guerra (R\u00fassia x Ucr\u00e2nia) que traz desafios para a economia do mundo \u2013 reintroduziu as PPPs (parcerias p\u00fablico-privadas) como instrumento de retomada dos investimentos. O \u2018Plano Marshall\u2019 europeu tem o nome agora de Next Generation EU [&hellip;]<\/p>\n","protected":false},"author":1,"featured_media":10657,"comment_status":"closed","ping_status":"closed","sticky":false,"template":"","format":"standard","meta":{"_monsterinsights_skip_tracking":false,"_monsterinsights_sitenote_active":false,"_monsterinsights_sitenote_note":"","_monsterinsights_sitenote_category":0,"footnotes":""},"categories":[1],"tags":[4213,731,5327,4217,34,2101,406,2692,5431,2006],"class_list":["post-10656","post","type-post","status-publish","format-standard","has-post-thumbnail","hentry","category-geral","tag-comunicacao","tag-economia","tag-economia-digital","tag-gestao-reputacao","tag-infraestrutura","tag-pos-pandemia","tag-ppps","tag-retomada","tag-transicao-digital","tag-transicao-energetica"],"yoast_head":"<!-- This site is optimized with the Yoast SEO Premium plugin v25.4 (Yoast SEO v26.0) - https:\/\/yoast.com\/wordpress\/plugins\/seo\/ -->\n<title>Gest\u00e3o &amp; Reputa\u00e7\u00e3o: Setor de infraestrutura precisa se comunicar e se mobilizar mais - Ag\u00eancia iNFRA<\/title>\n<meta name=\"robots\" content=\"index, follow, max-snippet:-1, max-image-preview:large, max-video-preview:-1\" \/>\n<link rel=\"canonical\" href=\"https:\/\/agenciainfra.com\/blog\/gestao-reputacao-setor-de-infraestrutura-precisa-se-comunicar-e-se-mobilizar-mais\/\" \/>\n<meta property=\"og:locale\" content=\"pt_BR\" \/>\n<meta property=\"og:type\" content=\"article\" \/>\n<meta property=\"og:title\" content=\"Gest\u00e3o &amp; Reputa\u00e7\u00e3o: Setor de infraestrutura precisa se comunicar e se mobilizar mais\" \/>\n<meta property=\"og:description\" content=\"Agnaldo Brito* Uma esp\u00e9cie de Plano Marshall \u2013 pensado agora para o p\u00f3s-Covid, mas ainda em meio a uma guerra (R\u00fassia x Ucr\u00e2nia) que traz desafios para a economia do mundo \u2013 reintroduziu as PPPs (parcerias p\u00fablico-privadas) como instrumento de retomada dos investimentos. O \u2018Plano Marshall\u2019 europeu tem o nome agora de Next Generation EU [&hellip;]\" \/>\n<meta property=\"og:url\" content=\"https:\/\/agenciainfra.com\/blog\/gestao-reputacao-setor-de-infraestrutura-precisa-se-comunicar-e-se-mobilizar-mais\/\" \/>\n<meta property=\"og:site_name\" content=\"Ag\u00eancia iNFRA\" \/>\n<meta property=\"article:publisher\" content=\"https:\/\/www.facebook.com\/ageninfra\" \/>\n<meta property=\"article:published_time\" content=\"2022-06-16T13:00:00+00:00\" \/>\n<meta property=\"og:image\" content=\"https:\/\/agenciainfra.com\/blog\/wp-content\/uploads\/2022\/06\/obras-infraestrutura-economia-foto-dominio-publico.jpg\" \/>\n\t<meta property=\"og:image:width\" content=\"1920\" \/>\n\t<meta property=\"og:image:height\" content=\"1279\" \/>\n\t<meta property=\"og:image:type\" content=\"image\/jpeg\" \/>\n<meta name=\"author\" content=\"Ag\u00eancia iNFRA\" \/>\n<meta name=\"twitter:card\" content=\"summary_large_image\" \/>\n<meta name=\"twitter:creator\" content=\"@agencia_infra\" \/>\n<meta name=\"twitter:site\" content=\"@agencia_infra\" \/>\n<meta name=\"twitter:label1\" content=\"Escrito por\" \/>\n\t<meta name=\"twitter:data1\" content=\"Ag\u00eancia iNFRA\" \/>\n\t<meta name=\"twitter:label2\" content=\"Est. tempo de leitura\" \/>\n\t<meta name=\"twitter:data2\" content=\"4 minutos\" \/>\n<script type=\"application\/ld+json\" class=\"yoast-schema-graph\">{\"@context\":\"https:\/\/schema.org\",\"@graph\":[{\"@type\":\"Article\",\"@id\":\"https:\/\/agenciainfra.com\/blog\/gestao-reputacao-setor-de-infraestrutura-precisa-se-comunicar-e-se-mobilizar-mais\/#article\",\"isPartOf\":{\"@id\":\"https:\/\/agenciainfra.com\/blog\/gestao-reputacao-setor-de-infraestrutura-precisa-se-comunicar-e-se-mobilizar-mais\/\"},\"author\":{\"name\":\"Ag\u00eancia iNFRA\",\"@id\":\"https:\/\/agenciainfra.com\/blog\/#\/schema\/person\/34af08dff6adea4cb22b06612ba7acfa\"},\"headline\":\"Gest\u00e3o &#038; Reputa\u00e7\u00e3o: Setor de infraestrutura precisa se comunicar e se mobilizar mais\",\"datePublished\":\"2022-06-16T13:00:00+00:00\",\"mainEntityOfPage\":{\"@id\":\"https:\/\/agenciainfra.com\/blog\/gestao-reputacao-setor-de-infraestrutura-precisa-se-comunicar-e-se-mobilizar-mais\/\"},\"wordCount\":862,\"publisher\":{\"@id\":\"https:\/\/agenciainfra.com\/blog\/#organization\"},\"image\":{\"@id\":\"https:\/\/agenciainfra.com\/blog\/gestao-reputacao-setor-de-infraestrutura-precisa-se-comunicar-e-se-mobilizar-mais\/#primaryimage\"},\"thumbnailUrl\":\"https:\/\/agenciainfra.com\/blog\/wp-content\/uploads\/2022\/06\/obras-infraestrutura-economia-foto-dominio-publico.jpg\",\"keywords\":[\"comunica\u00e7\u00e3o\",\"economia\",\"economia digital\",\"Gest\u00e3o &amp; Reputa\u00e7\u00e3o\",\"Infraestrutura\",\"p\u00f3s-pandemia\",\"PPPs\",\"retomada\",\"transi\u00e7\u00e3o digital\",\"transi\u00e7\u00e3o energ\u00e9tica\"],\"articleSection\":[\"Geral\"],\"inLanguage\":\"pt-BR\",\"copyrightYear\":\"2022\",\"copyrightHolder\":{\"@id\":\"https:\/\/agenciainfra.com\/blog\/#organization\"}},{\"@type\":\"WebPage\",\"@id\":\"https:\/\/agenciainfra.com\/blog\/gestao-reputacao-setor-de-infraestrutura-precisa-se-comunicar-e-se-mobilizar-mais\/\",\"url\":\"https:\/\/agenciainfra.com\/blog\/gestao-reputacao-setor-de-infraestrutura-precisa-se-comunicar-e-se-mobilizar-mais\/\",\"name\":\"Gest\u00e3o & Reputa\u00e7\u00e3o: Setor de infraestrutura precisa se comunicar e se mobilizar mais - Ag\u00eancia iNFRA\",\"isPartOf\":{\"@id\":\"https:\/\/agenciainfra.com\/blog\/#website\"},\"primaryImageOfPage\":{\"@id\":\"https:\/\/agenciainfra.com\/blog\/gestao-reputacao-setor-de-infraestrutura-precisa-se-comunicar-e-se-mobilizar-mais\/#primaryimage\"},\"image\":{\"@id\":\"https:\/\/agenciainfra.com\/blog\/gestao-reputacao-setor-de-infraestrutura-precisa-se-comunicar-e-se-mobilizar-mais\/#primaryimage\"},\"thumbnailUrl\":\"https:\/\/agenciainfra.com\/blog\/wp-content\/uploads\/2022\/06\/obras-infraestrutura-economia-foto-dominio-publico.jpg\",\"datePublished\":\"2022-06-16T13:00:00+00:00\",\"breadcrumb\":{\"@id\":\"https:\/\/agenciainfra.com\/blog\/gestao-reputacao-setor-de-infraestrutura-precisa-se-comunicar-e-se-mobilizar-mais\/#breadcrumb\"},\"inLanguage\":\"pt-BR\",\"potentialAction\":[{\"@type\":\"ReadAction\",\"target\":[\"https:\/\/agenciainfra.com\/blog\/gestao-reputacao-setor-de-infraestrutura-precisa-se-comunicar-e-se-mobilizar-mais\/\"]}]},{\"@type\":\"ImageObject\",\"inLanguage\":\"pt-BR\",\"@id\":\"https:\/\/agenciainfra.com\/blog\/gestao-reputacao-setor-de-infraestrutura-precisa-se-comunicar-e-se-mobilizar-mais\/#primaryimage\",\"url\":\"https:\/\/agenciainfra.com\/blog\/wp-content\/uploads\/2022\/06\/obras-infraestrutura-economia-foto-dominio-publico.jpg\",\"contentUrl\":\"https:\/\/agenciainfra.com\/blog\/wp-content\/uploads\/2022\/06\/obras-infraestrutura-economia-foto-dominio-publico.jpg\",\"width\":1920,\"height\":1279},{\"@type\":\"BreadcrumbList\",\"@id\":\"https:\/\/agenciainfra.com\/blog\/gestao-reputacao-setor-de-infraestrutura-precisa-se-comunicar-e-se-mobilizar-mais\/#breadcrumb\",\"itemListElement\":[{\"@type\":\"ListItem\",\"position\":1,\"name\":\"In\u00edcio\",\"item\":\"https:\/\/agenciainfra.com\/blog\/\"},{\"@type\":\"ListItem\",\"position\":2,\"name\":\"Gest\u00e3o &#038; Reputa\u00e7\u00e3o: Setor de infraestrutura precisa se comunicar e se mobilizar mais\"}]},{\"@type\":\"WebSite\",\"@id\":\"https:\/\/agenciainfra.com\/blog\/#website\",\"url\":\"https:\/\/agenciainfra.com\/blog\/\",\"name\":\"Ag\u00eancia iNFRA\",\"description\":\"Multiplataforma de informa\u00e7\u00e3o jornal\u00edstica refer\u00eancia na \u00e1rea de infraestrutura no Brasil!\",\"publisher\":{\"@id\":\"https:\/\/agenciainfra.com\/blog\/#organization\"},\"potentialAction\":[{\"@type\":\"SearchAction\",\"target\":{\"@type\":\"EntryPoint\",\"urlTemplate\":\"https:\/\/agenciainfra.com\/blog\/?s={search_term_string}\"},\"query-input\":{\"@type\":\"PropertyValueSpecification\",\"valueRequired\":true,\"valueName\":\"search_term_string\"}}],\"inLanguage\":\"pt-BR\"},{\"@type\":\"Organization\",\"@id\":\"https:\/\/agenciainfra.com\/blog\/#organization\",\"name\":\"Ag\u00eancia iNFRA\",\"url\":\"https:\/\/agenciainfra.com\/blog\/\",\"logo\":{\"@type\":\"ImageObject\",\"inLanguage\":\"pt-BR\",\"@id\":\"https:\/\/agenciainfra.com\/blog\/#\/schema\/logo\/image\/\",\"url\":\"https:\/\/agenciainfra.com\/blog\/wp-content\/uploads\/2023\/09\/iNFRA_5-e1761735885940.png\",\"contentUrl\":\"https:\/\/agenciainfra.com\/blog\/wp-content\/uploads\/2023\/09\/iNFRA_5-e1761735885940.png\",\"width\":1672,\"height\":454,\"caption\":\"Ag\u00eancia iNFRA\"},\"image\":{\"@id\":\"https:\/\/agenciainfra.com\/blog\/#\/schema\/logo\/image\/\"},\"sameAs\":[\"https:\/\/www.facebook.com\/ageninfra\",\"https:\/\/x.com\/agencia_infra\",\"https:\/\/www.linkedin.com\/company\/ag\u00eanciainfra\/\",\"https:\/\/www.instagram.com\/agenciainfra\/\"]},{\"@type\":\"Person\",\"@id\":\"https:\/\/agenciainfra.com\/blog\/#\/schema\/person\/34af08dff6adea4cb22b06612ba7acfa\",\"name\":\"Ag\u00eancia iNFRA\",\"image\":{\"@type\":\"ImageObject\",\"inLanguage\":\"pt-BR\",\"@id\":\"https:\/\/agenciainfra.com\/blog\/#\/schema\/person\/image\/\",\"url\":\"https:\/\/secure.gravatar.com\/avatar\/d189e01678f06d8eb84d4e01f08eb848b3fffe3f8443818d3c356c66892f5be8?s=96&d=mm&r=g\",\"contentUrl\":\"https:\/\/secure.gravatar.com\/avatar\/d189e01678f06d8eb84d4e01f08eb848b3fffe3f8443818d3c356c66892f5be8?s=96&d=mm&r=g\",\"caption\":\"Ag\u00eancia iNFRA\"},\"url\":\"https:\/\/agenciainfra.com\/blog\/author\/admin\/\"}]}<\/script>\n<!-- \/ Yoast SEO Premium plugin. -->","yoast_head_json":{"title":"Gest\u00e3o & Reputa\u00e7\u00e3o: Setor de infraestrutura precisa se comunicar e se mobilizar mais - Ag\u00eancia iNFRA","robots":{"index":"index","follow":"follow","max-snippet":"max-snippet:-1","max-image-preview":"max-image-preview:large","max-video-preview":"max-video-preview:-1"},"canonical":"https:\/\/agenciainfra.com\/blog\/gestao-reputacao-setor-de-infraestrutura-precisa-se-comunicar-e-se-mobilizar-mais\/","og_locale":"pt_BR","og_type":"article","og_title":"Gest\u00e3o & Reputa\u00e7\u00e3o: Setor de infraestrutura precisa se comunicar e se mobilizar mais","og_description":"Agnaldo Brito* Uma esp\u00e9cie de Plano Marshall \u2013 pensado agora para o p\u00f3s-Covid, mas ainda em meio a uma guerra (R\u00fassia x Ucr\u00e2nia) que traz desafios para a economia do mundo \u2013 reintroduziu as PPPs (parcerias p\u00fablico-privadas) como instrumento de retomada dos investimentos. O \u2018Plano Marshall\u2019 europeu tem o nome agora de Next Generation EU [&hellip;]","og_url":"https:\/\/agenciainfra.com\/blog\/gestao-reputacao-setor-de-infraestrutura-precisa-se-comunicar-e-se-mobilizar-mais\/","og_site_name":"Ag\u00eancia iNFRA","article_publisher":"https:\/\/www.facebook.com\/ageninfra","article_published_time":"2022-06-16T13:00:00+00:00","og_image":[{"width":1920,"height":1279,"url":"https:\/\/agenciainfra.com\/blog\/wp-content\/uploads\/2022\/06\/obras-infraestrutura-economia-foto-dominio-publico.jpg","type":"image\/jpeg"}],"author":"Ag\u00eancia iNFRA","twitter_card":"summary_large_image","twitter_creator":"@agencia_infra","twitter_site":"@agencia_infra","twitter_misc":{"Escrito por":"Ag\u00eancia iNFRA","Est. tempo de leitura":"4 minutos"},"schema":{"@context":"https:\/\/schema.org","@graph":[{"@type":"Article","@id":"https:\/\/agenciainfra.com\/blog\/gestao-reputacao-setor-de-infraestrutura-precisa-se-comunicar-e-se-mobilizar-mais\/#article","isPartOf":{"@id":"https:\/\/agenciainfra.com\/blog\/gestao-reputacao-setor-de-infraestrutura-precisa-se-comunicar-e-se-mobilizar-mais\/"},"author":{"name":"Ag\u00eancia iNFRA","@id":"https:\/\/agenciainfra.com\/blog\/#\/schema\/person\/34af08dff6adea4cb22b06612ba7acfa"},"headline":"Gest\u00e3o &#038; Reputa\u00e7\u00e3o: Setor de infraestrutura precisa se comunicar e se mobilizar mais","datePublished":"2022-06-16T13:00:00+00:00","mainEntityOfPage":{"@id":"https:\/\/agenciainfra.com\/blog\/gestao-reputacao-setor-de-infraestrutura-precisa-se-comunicar-e-se-mobilizar-mais\/"},"wordCount":862,"publisher":{"@id":"https:\/\/agenciainfra.com\/blog\/#organization"},"image":{"@id":"https:\/\/agenciainfra.com\/blog\/gestao-reputacao-setor-de-infraestrutura-precisa-se-comunicar-e-se-mobilizar-mais\/#primaryimage"},"thumbnailUrl":"https:\/\/agenciainfra.com\/blog\/wp-content\/uploads\/2022\/06\/obras-infraestrutura-economia-foto-dominio-publico.jpg","keywords":["comunica\u00e7\u00e3o","economia","economia digital","Gest\u00e3o &amp; Reputa\u00e7\u00e3o","Infraestrutura","p\u00f3s-pandemia","PPPs","retomada","transi\u00e7\u00e3o digital","transi\u00e7\u00e3o energ\u00e9tica"],"articleSection":["Geral"],"inLanguage":"pt-BR","copyrightYear":"2022","copyrightHolder":{"@id":"https:\/\/agenciainfra.com\/blog\/#organization"}},{"@type":"WebPage","@id":"https:\/\/agenciainfra.com\/blog\/gestao-reputacao-setor-de-infraestrutura-precisa-se-comunicar-e-se-mobilizar-mais\/","url":"https:\/\/agenciainfra.com\/blog\/gestao-reputacao-setor-de-infraestrutura-precisa-se-comunicar-e-se-mobilizar-mais\/","name":"Gest\u00e3o & Reputa\u00e7\u00e3o: Setor de infraestrutura precisa se comunicar e se mobilizar mais - Ag\u00eancia iNFRA","isPartOf":{"@id":"https:\/\/agenciainfra.com\/blog\/#website"},"primaryImageOfPage":{"@id":"https:\/\/agenciainfra.com\/blog\/gestao-reputacao-setor-de-infraestrutura-precisa-se-comunicar-e-se-mobilizar-mais\/#primaryimage"},"image":{"@id":"https:\/\/agenciainfra.com\/blog\/gestao-reputacao-setor-de-infraestrutura-precisa-se-comunicar-e-se-mobilizar-mais\/#primaryimage"},"thumbnailUrl":"https:\/\/agenciainfra.com\/blog\/wp-content\/uploads\/2022\/06\/obras-infraestrutura-economia-foto-dominio-publico.jpg","datePublished":"2022-06-16T13:00:00+00:00","breadcrumb":{"@id":"https:\/\/agenciainfra.com\/blog\/gestao-reputacao-setor-de-infraestrutura-precisa-se-comunicar-e-se-mobilizar-mais\/#breadcrumb"},"inLanguage":"pt-BR","potentialAction":[{"@type":"ReadAction","target":["https:\/\/agenciainfra.com\/blog\/gestao-reputacao-setor-de-infraestrutura-precisa-se-comunicar-e-se-mobilizar-mais\/"]}]},{"@type":"ImageObject","inLanguage":"pt-BR","@id":"https:\/\/agenciainfra.com\/blog\/gestao-reputacao-setor-de-infraestrutura-precisa-se-comunicar-e-se-mobilizar-mais\/#primaryimage","url":"https:\/\/agenciainfra.com\/blog\/wp-content\/uploads\/2022\/06\/obras-infraestrutura-economia-foto-dominio-publico.jpg","contentUrl":"https:\/\/agenciainfra.com\/blog\/wp-content\/uploads\/2022\/06\/obras-infraestrutura-economia-foto-dominio-publico.jpg","width":1920,"height":1279},{"@type":"BreadcrumbList","@id":"https:\/\/agenciainfra.com\/blog\/gestao-reputacao-setor-de-infraestrutura-precisa-se-comunicar-e-se-mobilizar-mais\/#breadcrumb","itemListElement":[{"@type":"ListItem","position":1,"name":"In\u00edcio","item":"https:\/\/agenciainfra.com\/blog\/"},{"@type":"ListItem","position":2,"name":"Gest\u00e3o &#038; Reputa\u00e7\u00e3o: Setor de infraestrutura precisa se comunicar e se mobilizar mais"}]},{"@type":"WebSite","@id":"https:\/\/agenciainfra.com\/blog\/#website","url":"https:\/\/agenciainfra.com\/blog\/","name":"Ag\u00eancia iNFRA","description":"Multiplataforma de informa\u00e7\u00e3o jornal\u00edstica refer\u00eancia na \u00e1rea de infraestrutura no Brasil!","publisher":{"@id":"https:\/\/agenciainfra.com\/blog\/#organization"},"potentialAction":[{"@type":"SearchAction","target":{"@type":"EntryPoint","urlTemplate":"https:\/\/agenciainfra.com\/blog\/?s={search_term_string}"},"query-input":{"@type":"PropertyValueSpecification","valueRequired":true,"valueName":"search_term_string"}}],"inLanguage":"pt-BR"},{"@type":"Organization","@id":"https:\/\/agenciainfra.com\/blog\/#organization","name":"Ag\u00eancia iNFRA","url":"https:\/\/agenciainfra.com\/blog\/","logo":{"@type":"ImageObject","inLanguage":"pt-BR","@id":"https:\/\/agenciainfra.com\/blog\/#\/schema\/logo\/image\/","url":"https:\/\/agenciainfra.com\/blog\/wp-content\/uploads\/2023\/09\/iNFRA_5-e1761735885940.png","contentUrl":"https:\/\/agenciainfra.com\/blog\/wp-content\/uploads\/2023\/09\/iNFRA_5-e1761735885940.png","width":1672,"height":454,"caption":"Ag\u00eancia iNFRA"},"image":{"@id":"https:\/\/agenciainfra.com\/blog\/#\/schema\/logo\/image\/"},"sameAs":["https:\/\/www.facebook.com\/ageninfra","https:\/\/x.com\/agencia_infra","https:\/\/www.linkedin.com\/company\/ag\u00eanciainfra\/","https:\/\/www.instagram.com\/agenciainfra\/"]},{"@type":"Person","@id":"https:\/\/agenciainfra.com\/blog\/#\/schema\/person\/34af08dff6adea4cb22b06612ba7acfa","name":"Ag\u00eancia iNFRA","image":{"@type":"ImageObject","inLanguage":"pt-BR","@id":"https:\/\/agenciainfra.com\/blog\/#\/schema\/person\/image\/","url":"https:\/\/secure.gravatar.com\/avatar\/d189e01678f06d8eb84d4e01f08eb848b3fffe3f8443818d3c356c66892f5be8?s=96&d=mm&r=g","contentUrl":"https:\/\/secure.gravatar.com\/avatar\/d189e01678f06d8eb84d4e01f08eb848b3fffe3f8443818d3c356c66892f5be8?s=96&d=mm&r=g","caption":"Ag\u00eancia iNFRA"},"url":"https:\/\/agenciainfra.com\/blog\/author\/admin\/"}]}},"_links":{"self":[{"href":"https:\/\/agenciainfra.com\/blog\/wp-json\/wp\/v2\/posts\/10656","targetHints":{"allow":["GET"]}}],"collection":[{"href":"https:\/\/agenciainfra.com\/blog\/wp-json\/wp\/v2\/posts"}],"about":[{"href":"https:\/\/agenciainfra.com\/blog\/wp-json\/wp\/v2\/types\/post"}],"author":[{"embeddable":true,"href":"https:\/\/agenciainfra.com\/blog\/wp-json\/wp\/v2\/users\/1"}],"replies":[{"embeddable":true,"href":"https:\/\/agenciainfra.com\/blog\/wp-json\/wp\/v2\/comments?post=10656"}],"version-history":[{"count":0,"href":"https:\/\/agenciainfra.com\/blog\/wp-json\/wp\/v2\/posts\/10656\/revisions"}],"wp:featuredmedia":[{"embeddable":true,"href":"https:\/\/agenciainfra.com\/blog\/wp-json\/wp\/v2\/media\/10657"}],"wp:attachment":[{"href":"https:\/\/agenciainfra.com\/blog\/wp-json\/wp\/v2\/media?parent=10656"}],"wp:term":[{"taxonomy":"category","embeddable":true,"href":"https:\/\/agenciainfra.com\/blog\/wp-json\/wp\/v2\/categories?post=10656"},{"taxonomy":"post_tag","embeddable":true,"href":"https:\/\/agenciainfra.com\/blog\/wp-json\/wp\/v2\/tags?post=10656"}],"curies":[{"name":"wp","href":"https:\/\/api.w.org\/{rel}","templated":true}]}}