{"id":10671,"date":"2022-06-20T09:00:00","date_gmt":"2022-06-20T12:00:00","guid":{"rendered":"https:\/\/www.agenciainfra.com\/blog\/?p=10671"},"modified":"2022-06-15T11:11:53","modified_gmt":"2022-06-15T14:11:53","slug":"ceo-da-ccr-pede-coordenacao-sobre-quantidade-e-velocidade-de-projetos-de-concessao-no-pais","status":"publish","type":"post","link":"https:\/\/agenciainfra.com\/blog\/ceo-da-ccr-pede-coordenacao-sobre-quantidade-e-velocidade-de-projetos-de-concessao-no-pais\/","title":{"rendered":"CEO da CCR pede coordena\u00e7\u00e3o sobre quantidade e velocidade de projetos de concess\u00e3o no pa\u00eds"},"content":{"rendered":"\n<p class=\"has-text-align-right\"><strong>da Ag\u00eancia iNFRA<\/strong><\/p>\n\n\n\n<p>O presidente da CCR, Marco Cauduro, afirmou que os projetos de parceria do governo com a iniciativa privada na \u00e1rea de infraestrutura v\u00e3o precisar de uma maior coordena\u00e7\u00e3o em rela\u00e7\u00e3o a quantidade e velocidade de apresenta\u00e7\u00e3o ao mercado.<\/p>\n\n\n\n<p>L\u00edder da maior companhia de concess\u00f5es do pa\u00eds, ele indicou que o atual mercado brasileiro n\u00e3o teria capacidade de suprir as demandas, indicando inclusive problemas com a cadeia de fornecimento em algumas regi\u00f5es e de m\u00e3o de obra, que j\u00e1 est\u00e1 elevando pre\u00e7os.<\/p>\n\n\n\n<p>As afirma\u00e7\u00f5es foram feitas durante mesa em que participou, com o ministro da Infraestrutura, Marcelo Sampaio, no Brasil Investment Forum, evento promovido pela Apex-Brasil, em S\u00e3o Paulo, na \u00faltima quarta-feira (14).<\/p>\n\n\n\n<p>Atualmente, a CCR est\u00e1 focada nos setores de mobilidade urbana, rodovias e aeroportos. Nas duas primeiras \u00e1reas, tem ganhado praticamente todos os leil\u00f5es, alguns sem concorrentes. No caso das rodovias, CCR e EcoRodovias alternaram como vencedoras de todos os leil\u00f5es de ativos&nbsp;federais de que participaram desde 2015.<\/p>\n\n\n\n<p><strong>Evolu\u00e7\u00e3o<\/strong><br>O CEO da companhia ressaltou durante sua fala que atualmente os contratos est\u00e3o muito mais evolu\u00eddos, citando a &#8220;criatividade&#8221; e a &#8220;boa vontade&#8221; do governo em encontrar solu\u00e7\u00f5es para os problemas que ocorrem, inclusive o mais recente, de aumento dos pre\u00e7os de insumos. Ele defendeu que isso levou a um aumento da seguran\u00e7a regulat\u00f3ria e jur\u00eddica dos contratos e que essa \u00e9 uma conquista do pa\u00eds que n\u00e3o pode ser perdida.<\/p>\n\n\n\n<p>O ministro Marcelo Sampaio afirmou que, al\u00e9m da seguran\u00e7a jur\u00eddica e regulat\u00f3ria, ter uma carteira de projetos com previsibilidade tamb\u00e9m \u00e9 visto como elemento fundamental para o avan\u00e7o do programa de concess\u00f5es.<\/p>\n\n\n\n<p>Segundo ele, a \u00e1rea j\u00e1 teria pelo menos 47 ativos em estudos para serem leiloados entre 2023 e 2024, sem contar os projetos que ele diz que ainda ser\u00e3o feitos neste ano, como as desestatiza\u00e7\u00f5es dos portos de Itaja\u00ed (SC), S\u00e3o Sebasti\u00e3o (SP) e Santos (SP) e a renova\u00e7\u00e3o antecipada da FCA (Ferrovia Centro-Atl\u00e2ntica).<\/p>\n\n\n\n<p><strong>Projetos de Powerpoint<\/strong><br>A expectativa dele \u00e9 entregar ainda em 2022 concess\u00f5es que t\u00eam previstos investimentos de R$ 100 bilh\u00f5es ao longo do contrato, o que \u00e9 praticamente o mesmo&nbsp;valor que foi alcan\u00e7ado nos primeiros tr\u00eas anos e tr\u00eas meses de governo.&nbsp;Sampaio&nbsp;defendeu que isso pode ser feito porque o minist\u00e9rio tem um sistema de governan\u00e7a dos projetos que \u00e9 avan\u00e7ado.<\/p>\n\n\n\n<p>&#8220;Nesse 15 anos [trabalhando no minist\u00e9rio], eu vi programas serem administrados por Powerpoint, que \u00e9 ferramenta sensacional para apresenta\u00e7\u00e3o, mas n\u00e3o para fazer gest\u00e3o de projetos de bilh\u00f5es de reais do pagador de impostos. Hoje, o minist\u00e9rio tem mais de 300 licen\u00e7as de software project, onde a gente acompanha gr\u00e1fico, caminho cr\u00edtico. A gente olha para a agenda com a tecnicidade que ela precisa e que ela merece&#8221;, defendeu o ministro.<\/p>\n\n\n\n<p><strong>Descarboniza\u00e7\u00e3o<\/strong><br>Durante o evento, o ministro da Infraestrutura firmou uma parceria de US$ 1,6 milh\u00e3o em coopera\u00e7\u00e3o t\u00e9cnica com o presidente do BID (banco Interamericano de Desenvolvimento),&nbsp;Mauricio Claver-Carone,&nbsp;para apoiar a elabora\u00e7\u00e3o de um plano nacional de descarboniza\u00e7\u00e3o no setor de transporte. A iniciativa ser\u00e1 financiada com recursos do Programa de Infraestrutura Sustent\u00e1vel do Reino Unido.<\/p>\n\n\n\n<p><strong>Bolsonaro<\/strong><br>Pela manh\u00e3, na abertura do evento, que pode ser vista&nbsp;<a href=\"https:\/\/agenciainfra.us14.list-manage.com\/track\/click?u=d460dd1bcf9ba0ae040e1fc0f&amp;id=5a1f538fcd&amp;e=8d54f1ad19\" target=\"_blank\" rel=\"noreferrer noopener\">neste link<\/a>, o presidente Jair Bolsonaro fez um discurso focado em elei\u00e7\u00f5es, no qual voltou a duvidar do sistema eleitoral e a atacar, sem citar nomes, integrantes do STF (Supremo Tribunal Federal). Disse ainda que recebeu informa\u00e7\u00f5es de que empres\u00e1rios s\u00f3 v\u00e3o botar dinheiro no Brasil depois das elei\u00e7\u00f5es.<\/p>\n\n\n\n<p>Pouco antes, o&nbsp;presidente do BID, Mauricio Claver-Carone, havia feito um discurso otimista, defendendo que os investimentos no Brasil v\u00e3o crescer e que o banco mapeou 100 \u00e1reas que t\u00eam oportunidades de neg\u00f3cios no&nbsp;pa\u00eds, diante do novo cen\u00e1rio mundial de restri\u00e7\u00f5es para investimentos.<\/p>\n","protected":false},"excerpt":{"rendered":"<p>da Ag\u00eancia iNFRA O presidente da CCR, Marco Cauduro, afirmou que os projetos de parceria do governo com a iniciativa privada na \u00e1rea de infraestrutura v\u00e3o precisar de uma maior coordena\u00e7\u00e3o em rela\u00e7\u00e3o a quantidade e velocidade de apresenta\u00e7\u00e3o ao mercado. L\u00edder da maior companhia de concess\u00f5es do pa\u00eds, ele indicou que o atual mercado [&hellip;]<\/p>\n","protected":false},"author":1,"featured_media":4613,"comment_status":"closed","ping_status":"closed","sticky":false,"template":"","format":"standard","meta":{"_monsterinsights_skip_tracking":false,"_monsterinsights_sitenote_active":false,"_monsterinsights_sitenote_note":"","_monsterinsights_sitenote_category":0,"footnotes":""},"categories":[1,7],"tags":[588,3361,1340,34,2538,310,3101,126,5194,70],"class_list":["post-10671","post","type-post","status-publish","format-standard","has-post-thumbnail","hentry","category-geral","category-infratransporte","tag-ccr","tag-descarbonizacao","tag-ecorodovias","tag-infraestrutura","tag-iniciativa-privada","tag-portos","tag-projetos-de-concessoes","tag-rodovias","tag-seguranca-regulatoria","tag-transportes"],"yoast_head":"<!-- This site is optimized with the Yoast SEO Premium plugin v25.4 (Yoast SEO v26.0) - https:\/\/yoast.com\/wordpress\/plugins\/seo\/ -->\n<title>CEO da CCR pede coordena\u00e7\u00e3o sobre quantidade e velocidade de projetos de concess\u00e3o no pa\u00eds - Ag\u00eancia iNFRA<\/title>\n<meta name=\"robots\" content=\"index, follow, max-snippet:-1, max-image-preview:large, max-video-preview:-1\" \/>\n<link rel=\"canonical\" href=\"https:\/\/agenciainfra.com\/blog\/ceo-da-ccr-pede-coordenacao-sobre-quantidade-e-velocidade-de-projetos-de-concessao-no-pais\/\" \/>\n<meta property=\"og:locale\" content=\"pt_BR\" \/>\n<meta property=\"og:type\" content=\"article\" \/>\n<meta property=\"og:title\" content=\"CEO da CCR pede coordena\u00e7\u00e3o sobre quantidade e velocidade de projetos de concess\u00e3o no pa\u00eds\" \/>\n<meta property=\"og:description\" content=\"da Ag\u00eancia iNFRA O presidente da CCR, Marco Cauduro, afirmou que os projetos de parceria do governo com a iniciativa privada na \u00e1rea de infraestrutura v\u00e3o precisar de uma maior coordena\u00e7\u00e3o em rela\u00e7\u00e3o a quantidade e velocidade de apresenta\u00e7\u00e3o ao mercado. L\u00edder da maior companhia de concess\u00f5es do pa\u00eds, ele indicou que o atual mercado [&hellip;]\" \/>\n<meta property=\"og:url\" content=\"https:\/\/agenciainfra.com\/blog\/ceo-da-ccr-pede-coordenacao-sobre-quantidade-e-velocidade-de-projetos-de-concessao-no-pais\/\" \/>\n<meta property=\"og:site_name\" content=\"Ag\u00eancia iNFRA\" \/>\n<meta property=\"article:publisher\" content=\"https:\/\/www.facebook.com\/ageninfra\" \/>\n<meta property=\"article:published_time\" content=\"2022-06-20T12:00:00+00:00\" \/>\n<meta property=\"og:image\" content=\"https:\/\/agenciainfra.com\/blog\/wp-content\/uploads\/2020\/03\/leilao-b3-foto-alberto-ruy-minfra.jpg\" \/>\n\t<meta property=\"og:image:width\" content=\"1280\" \/>\n\t<meta property=\"og:image:height\" content=\"852\" \/>\n\t<meta property=\"og:image:type\" content=\"image\/jpeg\" \/>\n<meta name=\"author\" content=\"Ag\u00eancia iNFRA\" \/>\n<meta name=\"twitter:card\" content=\"summary_large_image\" \/>\n<meta name=\"twitter:creator\" content=\"@agencia_infra\" \/>\n<meta name=\"twitter:site\" content=\"@agencia_infra\" \/>\n<meta name=\"twitter:label1\" content=\"Escrito por\" \/>\n\t<meta name=\"twitter:data1\" content=\"Ag\u00eancia iNFRA\" \/>\n\t<meta name=\"twitter:label2\" content=\"Est. tempo de leitura\" \/>\n\t<meta name=\"twitter:data2\" content=\"3 minutos\" \/>\n<script type=\"application\/ld+json\" class=\"yoast-schema-graph\">{\"@context\":\"https:\/\/schema.org\",\"@graph\":[{\"@type\":\"Article\",\"@id\":\"https:\/\/agenciainfra.com\/blog\/ceo-da-ccr-pede-coordenacao-sobre-quantidade-e-velocidade-de-projetos-de-concessao-no-pais\/#article\",\"isPartOf\":{\"@id\":\"https:\/\/agenciainfra.com\/blog\/ceo-da-ccr-pede-coordenacao-sobre-quantidade-e-velocidade-de-projetos-de-concessao-no-pais\/\"},\"author\":{\"name\":\"Ag\u00eancia iNFRA\",\"@id\":\"https:\/\/agenciainfra.com\/blog\/#\/schema\/person\/34af08dff6adea4cb22b06612ba7acfa\"},\"headline\":\"CEO da CCR pede coordena\u00e7\u00e3o sobre quantidade e velocidade de projetos de concess\u00e3o no pa\u00eds\",\"datePublished\":\"2022-06-20T12:00:00+00:00\",\"mainEntityOfPage\":{\"@id\":\"https:\/\/agenciainfra.com\/blog\/ceo-da-ccr-pede-coordenacao-sobre-quantidade-e-velocidade-de-projetos-de-concessao-no-pais\/\"},\"wordCount\":701,\"publisher\":{\"@id\":\"https:\/\/agenciainfra.com\/blog\/#organization\"},\"image\":{\"@id\":\"https:\/\/agenciainfra.com\/blog\/ceo-da-ccr-pede-coordenacao-sobre-quantidade-e-velocidade-de-projetos-de-concessao-no-pais\/#primaryimage\"},\"thumbnailUrl\":\"https:\/\/agenciainfra.com\/blog\/wp-content\/uploads\/2020\/03\/leilao-b3-foto-alberto-ruy-minfra.jpg\",\"keywords\":[\"CCR\",\"Descarboniza\u00e7\u00e3o\",\"EcoRodovias\",\"Infraestrutura\",\"iniciativa privada\",\"portos\",\"projetos de concess\u00f5es\",\"rodovias\",\"seguran\u00e7a regulat\u00f3ria\",\"transportes\"],\"articleSection\":[\"Geral\",\"iNFRATransporte\"],\"inLanguage\":\"pt-BR\",\"copyrightYear\":\"2022\",\"copyrightHolder\":{\"@id\":\"https:\/\/agenciainfra.com\/blog\/#organization\"}},{\"@type\":\"WebPage\",\"@id\":\"https:\/\/agenciainfra.com\/blog\/ceo-da-ccr-pede-coordenacao-sobre-quantidade-e-velocidade-de-projetos-de-concessao-no-pais\/\",\"url\":\"https:\/\/agenciainfra.com\/blog\/ceo-da-ccr-pede-coordenacao-sobre-quantidade-e-velocidade-de-projetos-de-concessao-no-pais\/\",\"name\":\"CEO da CCR pede coordena\u00e7\u00e3o sobre quantidade e velocidade de projetos de concess\u00e3o no pa\u00eds - Ag\u00eancia iNFRA\",\"isPartOf\":{\"@id\":\"https:\/\/agenciainfra.com\/blog\/#website\"},\"primaryImageOfPage\":{\"@id\":\"https:\/\/agenciainfra.com\/blog\/ceo-da-ccr-pede-coordenacao-sobre-quantidade-e-velocidade-de-projetos-de-concessao-no-pais\/#primaryimage\"},\"image\":{\"@id\":\"https:\/\/agenciainfra.com\/blog\/ceo-da-ccr-pede-coordenacao-sobre-quantidade-e-velocidade-de-projetos-de-concessao-no-pais\/#primaryimage\"},\"thumbnailUrl\":\"https:\/\/agenciainfra.com\/blog\/wp-content\/uploads\/2020\/03\/leilao-b3-foto-alberto-ruy-minfra.jpg\",\"datePublished\":\"2022-06-20T12:00:00+00:00\",\"breadcrumb\":{\"@id\":\"https:\/\/agenciainfra.com\/blog\/ceo-da-ccr-pede-coordenacao-sobre-quantidade-e-velocidade-de-projetos-de-concessao-no-pais\/#breadcrumb\"},\"inLanguage\":\"pt-BR\",\"potentialAction\":[{\"@type\":\"ReadAction\",\"target\":[\"https:\/\/agenciainfra.com\/blog\/ceo-da-ccr-pede-coordenacao-sobre-quantidade-e-velocidade-de-projetos-de-concessao-no-pais\/\"]}]},{\"@type\":\"ImageObject\",\"inLanguage\":\"pt-BR\",\"@id\":\"https:\/\/agenciainfra.com\/blog\/ceo-da-ccr-pede-coordenacao-sobre-quantidade-e-velocidade-de-projetos-de-concessao-no-pais\/#primaryimage\",\"url\":\"https:\/\/agenciainfra.com\/blog\/wp-content\/uploads\/2020\/03\/leilao-b3-foto-alberto-ruy-minfra.jpg\",\"contentUrl\":\"https:\/\/agenciainfra.com\/blog\/wp-content\/uploads\/2020\/03\/leilao-b3-foto-alberto-ruy-minfra.jpg\",\"width\":1280,\"height\":852,\"caption\":\"Foto: Alberto Ruy\/Minfra\"},{\"@type\":\"BreadcrumbList\",\"@id\":\"https:\/\/agenciainfra.com\/blog\/ceo-da-ccr-pede-coordenacao-sobre-quantidade-e-velocidade-de-projetos-de-concessao-no-pais\/#breadcrumb\",\"itemListElement\":[{\"@type\":\"ListItem\",\"position\":1,\"name\":\"In\u00edcio\",\"item\":\"https:\/\/agenciainfra.com\/blog\/\"},{\"@type\":\"ListItem\",\"position\":2,\"name\":\"CEO da CCR pede coordena\u00e7\u00e3o sobre quantidade e velocidade de projetos de concess\u00e3o no pa\u00eds\"}]},{\"@type\":\"WebSite\",\"@id\":\"https:\/\/agenciainfra.com\/blog\/#website\",\"url\":\"https:\/\/agenciainfra.com\/blog\/\",\"name\":\"Ag\u00eancia iNFRA\",\"description\":\"Multiplataforma de informa\u00e7\u00e3o jornal\u00edstica refer\u00eancia na \u00e1rea de infraestrutura no Brasil!\",\"publisher\":{\"@id\":\"https:\/\/agenciainfra.com\/blog\/#organization\"},\"potentialAction\":[{\"@type\":\"SearchAction\",\"target\":{\"@type\":\"EntryPoint\",\"urlTemplate\":\"https:\/\/agenciainfra.com\/blog\/?s={search_term_string}\"},\"query-input\":{\"@type\":\"PropertyValueSpecification\",\"valueRequired\":true,\"valueName\":\"search_term_string\"}}],\"inLanguage\":\"pt-BR\"},{\"@type\":\"Organization\",\"@id\":\"https:\/\/agenciainfra.com\/blog\/#organization\",\"name\":\"Ag\u00eancia iNFRA\",\"url\":\"https:\/\/agenciainfra.com\/blog\/\",\"logo\":{\"@type\":\"ImageObject\",\"inLanguage\":\"pt-BR\",\"@id\":\"https:\/\/agenciainfra.com\/blog\/#\/schema\/logo\/image\/\",\"url\":\"https:\/\/agenciainfra.com\/blog\/wp-content\/uploads\/2023\/09\/iNFRA_5-e1761735885940.png\",\"contentUrl\":\"https:\/\/agenciainfra.com\/blog\/wp-content\/uploads\/2023\/09\/iNFRA_5-e1761735885940.png\",\"width\":1672,\"height\":454,\"caption\":\"Ag\u00eancia iNFRA\"},\"image\":{\"@id\":\"https:\/\/agenciainfra.com\/blog\/#\/schema\/logo\/image\/\"},\"sameAs\":[\"https:\/\/www.facebook.com\/ageninfra\",\"https:\/\/x.com\/agencia_infra\",\"https:\/\/www.linkedin.com\/company\/ag\u00eanciainfra\/\",\"https:\/\/www.instagram.com\/agenciainfra\/\"]},{\"@type\":\"Person\",\"@id\":\"https:\/\/agenciainfra.com\/blog\/#\/schema\/person\/34af08dff6adea4cb22b06612ba7acfa\",\"name\":\"Ag\u00eancia iNFRA\",\"image\":{\"@type\":\"ImageObject\",\"inLanguage\":\"pt-BR\",\"@id\":\"https:\/\/agenciainfra.com\/blog\/#\/schema\/person\/image\/\",\"url\":\"https:\/\/secure.gravatar.com\/avatar\/d189e01678f06d8eb84d4e01f08eb848b3fffe3f8443818d3c356c66892f5be8?s=96&d=mm&r=g\",\"contentUrl\":\"https:\/\/secure.gravatar.com\/avatar\/d189e01678f06d8eb84d4e01f08eb848b3fffe3f8443818d3c356c66892f5be8?s=96&d=mm&r=g\",\"caption\":\"Ag\u00eancia iNFRA\"},\"url\":\"https:\/\/agenciainfra.com\/blog\/author\/admin\/\"}]}<\/script>\n<!-- \/ Yoast SEO Premium plugin. -->","yoast_head_json":{"title":"CEO da CCR pede coordena\u00e7\u00e3o sobre quantidade e velocidade de projetos de concess\u00e3o no pa\u00eds - Ag\u00eancia iNFRA","robots":{"index":"index","follow":"follow","max-snippet":"max-snippet:-1","max-image-preview":"max-image-preview:large","max-video-preview":"max-video-preview:-1"},"canonical":"https:\/\/agenciainfra.com\/blog\/ceo-da-ccr-pede-coordenacao-sobre-quantidade-e-velocidade-de-projetos-de-concessao-no-pais\/","og_locale":"pt_BR","og_type":"article","og_title":"CEO da CCR pede coordena\u00e7\u00e3o sobre quantidade e velocidade de projetos de concess\u00e3o no pa\u00eds","og_description":"da Ag\u00eancia iNFRA O presidente da CCR, Marco Cauduro, afirmou que os projetos de parceria do governo com a iniciativa privada na \u00e1rea de infraestrutura v\u00e3o precisar de uma maior coordena\u00e7\u00e3o em rela\u00e7\u00e3o a quantidade e velocidade de apresenta\u00e7\u00e3o ao mercado. L\u00edder da maior companhia de concess\u00f5es do pa\u00eds, ele indicou que o atual mercado [&hellip;]","og_url":"https:\/\/agenciainfra.com\/blog\/ceo-da-ccr-pede-coordenacao-sobre-quantidade-e-velocidade-de-projetos-de-concessao-no-pais\/","og_site_name":"Ag\u00eancia iNFRA","article_publisher":"https:\/\/www.facebook.com\/ageninfra","article_published_time":"2022-06-20T12:00:00+00:00","og_image":[{"width":1280,"height":852,"url":"https:\/\/agenciainfra.com\/blog\/wp-content\/uploads\/2020\/03\/leilao-b3-foto-alberto-ruy-minfra.jpg","type":"image\/jpeg"}],"author":"Ag\u00eancia iNFRA","twitter_card":"summary_large_image","twitter_creator":"@agencia_infra","twitter_site":"@agencia_infra","twitter_misc":{"Escrito por":"Ag\u00eancia iNFRA","Est. tempo de leitura":"3 minutos"},"schema":{"@context":"https:\/\/schema.org","@graph":[{"@type":"Article","@id":"https:\/\/agenciainfra.com\/blog\/ceo-da-ccr-pede-coordenacao-sobre-quantidade-e-velocidade-de-projetos-de-concessao-no-pais\/#article","isPartOf":{"@id":"https:\/\/agenciainfra.com\/blog\/ceo-da-ccr-pede-coordenacao-sobre-quantidade-e-velocidade-de-projetos-de-concessao-no-pais\/"},"author":{"name":"Ag\u00eancia iNFRA","@id":"https:\/\/agenciainfra.com\/blog\/#\/schema\/person\/34af08dff6adea4cb22b06612ba7acfa"},"headline":"CEO da CCR pede coordena\u00e7\u00e3o sobre quantidade e velocidade de projetos de concess\u00e3o no pa\u00eds","datePublished":"2022-06-20T12:00:00+00:00","mainEntityOfPage":{"@id":"https:\/\/agenciainfra.com\/blog\/ceo-da-ccr-pede-coordenacao-sobre-quantidade-e-velocidade-de-projetos-de-concessao-no-pais\/"},"wordCount":701,"publisher":{"@id":"https:\/\/agenciainfra.com\/blog\/#organization"},"image":{"@id":"https:\/\/agenciainfra.com\/blog\/ceo-da-ccr-pede-coordenacao-sobre-quantidade-e-velocidade-de-projetos-de-concessao-no-pais\/#primaryimage"},"thumbnailUrl":"https:\/\/agenciainfra.com\/blog\/wp-content\/uploads\/2020\/03\/leilao-b3-foto-alberto-ruy-minfra.jpg","keywords":["CCR","Descarboniza\u00e7\u00e3o","EcoRodovias","Infraestrutura","iniciativa privada","portos","projetos de concess\u00f5es","rodovias","seguran\u00e7a regulat\u00f3ria","transportes"],"articleSection":["Geral","iNFRATransporte"],"inLanguage":"pt-BR","copyrightYear":"2022","copyrightHolder":{"@id":"https:\/\/agenciainfra.com\/blog\/#organization"}},{"@type":"WebPage","@id":"https:\/\/agenciainfra.com\/blog\/ceo-da-ccr-pede-coordenacao-sobre-quantidade-e-velocidade-de-projetos-de-concessao-no-pais\/","url":"https:\/\/agenciainfra.com\/blog\/ceo-da-ccr-pede-coordenacao-sobre-quantidade-e-velocidade-de-projetos-de-concessao-no-pais\/","name":"CEO da CCR pede coordena\u00e7\u00e3o sobre quantidade e velocidade de projetos de concess\u00e3o no pa\u00eds - Ag\u00eancia iNFRA","isPartOf":{"@id":"https:\/\/agenciainfra.com\/blog\/#website"},"primaryImageOfPage":{"@id":"https:\/\/agenciainfra.com\/blog\/ceo-da-ccr-pede-coordenacao-sobre-quantidade-e-velocidade-de-projetos-de-concessao-no-pais\/#primaryimage"},"image":{"@id":"https:\/\/agenciainfra.com\/blog\/ceo-da-ccr-pede-coordenacao-sobre-quantidade-e-velocidade-de-projetos-de-concessao-no-pais\/#primaryimage"},"thumbnailUrl":"https:\/\/agenciainfra.com\/blog\/wp-content\/uploads\/2020\/03\/leilao-b3-foto-alberto-ruy-minfra.jpg","datePublished":"2022-06-20T12:00:00+00:00","breadcrumb":{"@id":"https:\/\/agenciainfra.com\/blog\/ceo-da-ccr-pede-coordenacao-sobre-quantidade-e-velocidade-de-projetos-de-concessao-no-pais\/#breadcrumb"},"inLanguage":"pt-BR","potentialAction":[{"@type":"ReadAction","target":["https:\/\/agenciainfra.com\/blog\/ceo-da-ccr-pede-coordenacao-sobre-quantidade-e-velocidade-de-projetos-de-concessao-no-pais\/"]}]},{"@type":"ImageObject","inLanguage":"pt-BR","@id":"https:\/\/agenciainfra.com\/blog\/ceo-da-ccr-pede-coordenacao-sobre-quantidade-e-velocidade-de-projetos-de-concessao-no-pais\/#primaryimage","url":"https:\/\/agenciainfra.com\/blog\/wp-content\/uploads\/2020\/03\/leilao-b3-foto-alberto-ruy-minfra.jpg","contentUrl":"https:\/\/agenciainfra.com\/blog\/wp-content\/uploads\/2020\/03\/leilao-b3-foto-alberto-ruy-minfra.jpg","width":1280,"height":852,"caption":"Foto: Alberto Ruy\/Minfra"},{"@type":"BreadcrumbList","@id":"https:\/\/agenciainfra.com\/blog\/ceo-da-ccr-pede-coordenacao-sobre-quantidade-e-velocidade-de-projetos-de-concessao-no-pais\/#breadcrumb","itemListElement":[{"@type":"ListItem","position":1,"name":"In\u00edcio","item":"https:\/\/agenciainfra.com\/blog\/"},{"@type":"ListItem","position":2,"name":"CEO da CCR pede coordena\u00e7\u00e3o sobre quantidade e velocidade de projetos de concess\u00e3o no pa\u00eds"}]},{"@type":"WebSite","@id":"https:\/\/agenciainfra.com\/blog\/#website","url":"https:\/\/agenciainfra.com\/blog\/","name":"Ag\u00eancia iNFRA","description":"Multiplataforma de informa\u00e7\u00e3o jornal\u00edstica refer\u00eancia na \u00e1rea de infraestrutura no Brasil!","publisher":{"@id":"https:\/\/agenciainfra.com\/blog\/#organization"},"potentialAction":[{"@type":"SearchAction","target":{"@type":"EntryPoint","urlTemplate":"https:\/\/agenciainfra.com\/blog\/?s={search_term_string}"},"query-input":{"@type":"PropertyValueSpecification","valueRequired":true,"valueName":"search_term_string"}}],"inLanguage":"pt-BR"},{"@type":"Organization","@id":"https:\/\/agenciainfra.com\/blog\/#organization","name":"Ag\u00eancia iNFRA","url":"https:\/\/agenciainfra.com\/blog\/","logo":{"@type":"ImageObject","inLanguage":"pt-BR","@id":"https:\/\/agenciainfra.com\/blog\/#\/schema\/logo\/image\/","url":"https:\/\/agenciainfra.com\/blog\/wp-content\/uploads\/2023\/09\/iNFRA_5-e1761735885940.png","contentUrl":"https:\/\/agenciainfra.com\/blog\/wp-content\/uploads\/2023\/09\/iNFRA_5-e1761735885940.png","width":1672,"height":454,"caption":"Ag\u00eancia iNFRA"},"image":{"@id":"https:\/\/agenciainfra.com\/blog\/#\/schema\/logo\/image\/"},"sameAs":["https:\/\/www.facebook.com\/ageninfra","https:\/\/x.com\/agencia_infra","https:\/\/www.linkedin.com\/company\/ag\u00eanciainfra\/","https:\/\/www.instagram.com\/agenciainfra\/"]},{"@type":"Person","@id":"https:\/\/agenciainfra.com\/blog\/#\/schema\/person\/34af08dff6adea4cb22b06612ba7acfa","name":"Ag\u00eancia iNFRA","image":{"@type":"ImageObject","inLanguage":"pt-BR","@id":"https:\/\/agenciainfra.com\/blog\/#\/schema\/person\/image\/","url":"https:\/\/secure.gravatar.com\/avatar\/d189e01678f06d8eb84d4e01f08eb848b3fffe3f8443818d3c356c66892f5be8?s=96&d=mm&r=g","contentUrl":"https:\/\/secure.gravatar.com\/avatar\/d189e01678f06d8eb84d4e01f08eb848b3fffe3f8443818d3c356c66892f5be8?s=96&d=mm&r=g","caption":"Ag\u00eancia iNFRA"},"url":"https:\/\/agenciainfra.com\/blog\/author\/admin\/"}]}},"_links":{"self":[{"href":"https:\/\/agenciainfra.com\/blog\/wp-json\/wp\/v2\/posts\/10671","targetHints":{"allow":["GET"]}}],"collection":[{"href":"https:\/\/agenciainfra.com\/blog\/wp-json\/wp\/v2\/posts"}],"about":[{"href":"https:\/\/agenciainfra.com\/blog\/wp-json\/wp\/v2\/types\/post"}],"author":[{"embeddable":true,"href":"https:\/\/agenciainfra.com\/blog\/wp-json\/wp\/v2\/users\/1"}],"replies":[{"embeddable":true,"href":"https:\/\/agenciainfra.com\/blog\/wp-json\/wp\/v2\/comments?post=10671"}],"version-history":[{"count":0,"href":"https:\/\/agenciainfra.com\/blog\/wp-json\/wp\/v2\/posts\/10671\/revisions"}],"wp:featuredmedia":[{"embeddable":true,"href":"https:\/\/agenciainfra.com\/blog\/wp-json\/wp\/v2\/media\/4613"}],"wp:attachment":[{"href":"https:\/\/agenciainfra.com\/blog\/wp-json\/wp\/v2\/media?parent=10671"}],"wp:term":[{"taxonomy":"category","embeddable":true,"href":"https:\/\/agenciainfra.com\/blog\/wp-json\/wp\/v2\/categories?post=10671"},{"taxonomy":"post_tag","embeddable":true,"href":"https:\/\/agenciainfra.com\/blog\/wp-json\/wp\/v2\/tags?post=10671"}],"curies":[{"name":"wp","href":"https:\/\/api.w.org\/{rel}","templated":true}]}}