{"id":10681,"date":"2022-06-17T10:00:00","date_gmt":"2022-06-17T13:00:00","guid":{"rendered":"https:\/\/www.agenciainfra.com\/blog\/?p=10681"},"modified":"2022-06-15T11:35:55","modified_gmt":"2022-06-15T14:35:55","slug":"infradebate-ninguem-se-importa-com-o-porto-de-santos","status":"publish","type":"post","link":"https:\/\/agenciainfra.com\/blog\/infradebate-ninguem-se-importa-com-o-porto-de-santos\/","title":{"rendered":"iNFRADebate: Ningu\u00e9m se importa com o Porto de Santos"},"content":{"rendered":"\n<p class=\"has-text-align-right\"><strong>Jos\u00e9 Francisco Paccillo*<\/strong><\/p>\n\n\n\n<p>E da\u00ed que o porto de Santos \u00e9 respons\u00e1vel por 30% das transa\u00e7\u00f5es comerciais de todo o Brasil? Quem est\u00e1 preocupado em decifrar as raz\u00f5es de o comando do maior porto da Am\u00e9rica Latina, que pertence aos cidad\u00e3os brasileiros, ser transferido para iniciativa privada? Ou quem se incomoda de ver um porto de crescimento anual a dois d\u00edgitos sendo entregue a fundos de investimentos, cujos representantes nem sequer precisar\u00e3o pisar os p\u00e9s na Baixada Santista para ver seus lucros crescerem? Desses, n\u00e3o temos certeza. Por\u00e9m, se tem algu\u00e9m que j\u00e1 demonstrou que n\u00e3o se importa com os riscos da desestatiza\u00e7\u00e3o do Porto, este \u00e9 o pr\u00e9-candidato ao governo de S\u00e3o Paulo e ex-ministro da Infraestrutura, Tarc\u00edsio de Freitas.<\/p>\n\n\n\n<p>De Bras\u00edlia, Freitas providenciou um modelo de desestatiza\u00e7\u00e3o da \u00e1rea santista, sem olhar para dentro deste e de outros munic\u00edpios que fazem parte do complexo portu\u00e1rio \u2013 Guaruj\u00e1 e Cubat\u00e3o. Mas, como ele mesmo disse em entrevista para a <strong>Ag\u00eancia iNFRA<\/strong>, publicada no dia 3 de junho, j\u00e1 que tivemos o menor recurso para a infraestrutura das \u00faltimas d\u00e9cadas, vale \u201cqualquer brecha no or\u00e7amento, qualquer leil\u00e3o, qualquer outorga, a gente transforma em outros projetos e investimentos\u201d. Qualquer, ele disse. Qualquer?\u00a0<\/p>\n\n\n\n<p>O Porto de Santos n\u00e3o \u00e9 algo trivial. S\u00e3o 130 anos de hist\u00f3ria que acompanha o desenvolvimento do pa\u00eds sendo deliberadamente varridos para que as ideias do ex-ministro pare\u00e7am boas e reconfortantes para uma na\u00e7\u00e3o que tem menos de 0,6% do PIB aplicado em infraestrutura. Rebatizada para Santos Port Authority, a antiga Companhia Docas do Estado de S\u00e3o Paulo, junto \u00e0s docas dos estados do Esp\u00edrito Santo e Bahia, j\u00e1 est\u00e1 sendo empacotada para a entrega do ativo nacional, possivelmente a operadores estrangeiros. Caber\u00e1 ao Tribunal de Contas da Uni\u00e3o avaliar a proposta.<\/p>\n\n\n\n<p>A inclus\u00e3o da desestatiza\u00e7\u00e3o das administra\u00e7\u00f5es portu\u00e1rias foi plano de Tarc\u00edsio.\u00a0A pressa de somar valores para alcan\u00e7ar a promessa de mais de R$ 250 bilh\u00f5es em investimentos privados na infraestrutura, para suprir a defasagem dos recursos p\u00fablicos, desconsiderou, no caso de Santos, por exemplo, os efeitos sobre a comunidade \u2013 emprego, sustentabilidade e seguran\u00e7a. Ignorou as refer\u00eancias contidas no plano mestre, feito pela pr\u00f3pria autoridade portu\u00e1ria, em 2019. Contradiz at\u00e9 os resultados apresentados pelo porto, que registrou aumento de 11,3%, nas exporta\u00e7\u00f5es, e 5,7% nas importa\u00e7\u00f5es, no primeiro trimestre do ano, em rela\u00e7\u00e3o ao per\u00edodo de 2021. A cada ano, Santos se supera, dentro do estado que corresponde a 52% das transa\u00e7\u00f5es comerciais do pa\u00eds.\u00a0<\/p>\n\n\n\n<p>Tarc\u00edsio conseguiu, de fato, a proeza de realizar 81 leil\u00f5es, concedendo \u00e0 iniciativa privada 34 aeroportos, 35 terminais portu\u00e1rios, seis ferrovias e cinco rodovias. Aos ing\u00eanuos, parece muita a\u00e7\u00e3o. Mas quase todos projetos encaminhados come\u00e7aram em governos anteriores, pelo PPI (Programa de Parcerias de Investimento). Poderia ter sido qualquer gestor. Por\u00e9m, em tr\u00eas anos, alcan\u00e7ou menos da metade do prometido, cerca de R$ 108 bilh\u00f5es da iniciativa privada. Quem sabe, a desestatiza\u00e7\u00e3o do setor portu\u00e1rio, devido \u00e0 quantidade e import\u00e2ncia, poderia concretizar o montante esperado? Mas, a benef\u00edcio de quem?<\/p>\n\n\n\n<p>Ao contr\u00e1rio do que diz Tarc\u00edsio, que o pa\u00eds colher\u00e1 os frutos em um futuro breve, estamos retroagindo. Basta observar o que ocorreu ao redor do planeta nos \u00faltimos 20 anos. Foram quase 900 reestatiza\u00e7\u00f5es, em diversos pa\u00edses, como Reino Unido, Alemanha, Fran\u00e7a, Espanha e Estados Unidos.&nbsp;<\/p>\n\n\n\n<p>Um estudo conduzido pelo diretor do Cindes (Centro de Estudo de Integra\u00e7\u00e3o e Desenvolvimento), Jos\u00e9 Tavares J\u00fanior, apresenta-nos o cen\u00e1rio de forma muito clara. O documento descreve como a privatiza\u00e7\u00e3o dos portos europeus, na d\u00e9cada de 1980, terminou em um verdadeiro desastre. Ocorreu que, foi comprovado na d\u00e9cada de 1990, a partir de resultados da bolsa de Londres das a\u00e7\u00f5es das empresas que passaram a ter controle dos portos, foi constatado que as estruturas portu\u00e1rias tinham sido vendidas a pre\u00e7os que correspondiam a apenas entre 5% e 25% do valor de mercado. Este \u00e9 o risco que corremos no Brasil, em pleno s\u00e9culo 21, enquanto atravessamos crises sanit\u00e1ria e econ\u00f4mica.<\/p>\n\n\n\n<p>\u00c9 preciso lembrar que o Reino Unido foi precursor das privatiza\u00e7\u00f5es na \u00e9poca. Menos de 20 anos depois, viu-se obrigado a revisar dezenas de contratos, porque os investimentos efetivados eram muito baixos, uma vez que as empresas visavam lucro e, em geral, dedicavam pouca ou nenhuma aten\u00e7\u00e3o \u00e0 qualidade na presta\u00e7\u00e3o dos servi\u00e7os. Na Alemanha, 348 reestatizados, Fran\u00e7a, 152, Estados Unidos, 67, Espanha, 56. Estes exemplos demonstram a dimens\u00e3o da temeridade para o Brasil, lan\u00e7ar m\u00e3o do maior e mais relevante porto do hemisf\u00e9rio sul.<\/p>\n\n\n\n<p>No Brasil, o atual governo tamb\u00e9m \u00e9 contradit\u00f3rio. Em uma m\u00e3o quer vender os portos p\u00fablicos, em outra, edita medidas, como a Portaria 61\/2020, em que o Minist\u00e9rio da Infraestrutura reitera o comando do governo federal sobre os portos nacionais. Instrumento que n\u00e3o existe em nenhuma outra economia desenvolvida ou em processo de desenvolvimento. Ou seja, uma ant\u00edtese dos modelos em vigor em todo o mundo.<\/p>\n\n\n\n<p>Este \u00e9 o cen\u00e1rio da infraestrutura nacional. Na 70\u00aa posi\u00e7\u00e3o no ranking de pa\u00edses, relativo ao desempenho e investimentos em infraestrutura, para superar os desafios e consolidar-se entre os melhores do mundo, o Brasil ter\u00e1 que alcan\u00e7ar um or\u00e7amento anual de R$ 340 bilh\u00f5es, de acordo com o Relat\u00f3rio Infra 2038, apresentado no F\u00f3rum Econ\u00f4mico Mundial, no ano passado. Vender os seus ativos seria a \u00fanica sa\u00edda?&nbsp;<\/p>\n\n\n\n<p>\u00c9 preciso que os brasileiros percebam o que est\u00e1 ocorrendo. No pa\u00eds, 80% de sua popula\u00e7\u00e3o reside acerca de 200 quil\u00f4metros do litoral. Mesmo assim, a sociedade ainda n\u00e3o percebeu os riscos de diminuir a sua soberania, resguardada pelos portos p\u00fablicos. Se o maior porto nacional j\u00e1 est\u00e1 sendo colocado \u00e0 venda, os menores, um a um, tamb\u00e9m ser\u00e3o. Mas, ningu\u00e9m se importa com o Porto de Santos.<\/p>\n\n\n\n<h6 class=\"wp-block-heading\">*Jos\u00e9 Francisco Paccillo<strong> \u00e9 advogado e presidente da Associa\u00e7\u00e3o dos Acionistas Minorit\u00e1rios da Codesp.<\/strong><\/h6>\n\n\n\n<h5 class=\"wp-block-heading\" id=\"block-d67878ff-7627-4f15-b175-8f58269174ff\">O iNFRADebate \u00e9 o espa\u00e7o de artigos da Ag\u00eancia iNFRA com opini\u00f5es de seus atores que n\u00e3o refletem necessariamente o pensamento da Ag\u00eancia iNFRA, sendo de total responsabilidade do autor as informa\u00e7\u00f5es, ju\u00edzos de valor e conceitos descritos no texto.<\/h5>\n","protected":false},"excerpt":{"rendered":"<p>Jos\u00e9 Francisco Paccillo* E da\u00ed que o porto de Santos \u00e9 respons\u00e1vel por 30% das transa\u00e7\u00f5es comerciais de todo o Brasil? Quem est\u00e1 preocupado em decifrar as raz\u00f5es de o comando do maior porto da Am\u00e9rica Latina, que pertence aos cidad\u00e3os brasileiros, ser transferido para iniciativa privada? Ou quem se incomoda de ver um porto [&hellip;]<\/p>\n","protected":false},"author":1,"featured_media":10683,"comment_status":"closed","ping_status":"closed","sticky":false,"template":"","format":"standard","meta":{"_monsterinsights_skip_tracking":false,"_monsterinsights_sitenote_active":false,"_monsterinsights_sitenote_note":"","_monsterinsights_sitenote_category":0,"footnotes":""},"categories":[1,11],"tags":[192,34,2538,32,775,260,310,36,448,70],"class_list":["post-10681","post","type-post","status-publish","format-standard","has-post-thumbnail","hentry","category-geral","category-infradebate","tag-desestatizacao","tag-infraestrutura","tag-iniciativa-privada","tag-investimentos","tag-ministerio-da-infraestrutura","tag-porto-de-santos","tag-portos","tag-ppi","tag-tarcisio-de-freitas","tag-transportes"],"yoast_head":"<!-- This site is optimized with the Yoast SEO Premium plugin v25.4 (Yoast SEO v26.0) - https:\/\/yoast.com\/wordpress\/plugins\/seo\/ -->\n<title>iNFRADebate: Ningu\u00e9m se importa com o Porto de Santos - Ag\u00eancia iNFRA<\/title>\n<meta name=\"robots\" content=\"index, follow, max-snippet:-1, max-image-preview:large, max-video-preview:-1\" \/>\n<link rel=\"canonical\" href=\"https:\/\/agenciainfra.com\/blog\/infradebate-ninguem-se-importa-com-o-porto-de-santos\/\" \/>\n<meta property=\"og:locale\" content=\"pt_BR\" \/>\n<meta property=\"og:type\" content=\"article\" \/>\n<meta property=\"og:title\" content=\"iNFRADebate: Ningu\u00e9m se importa com o Porto de Santos\" \/>\n<meta property=\"og:description\" content=\"Jos\u00e9 Francisco Paccillo* E da\u00ed que o porto de Santos \u00e9 respons\u00e1vel por 30% das transa\u00e7\u00f5es comerciais de todo o Brasil? Quem est\u00e1 preocupado em decifrar as raz\u00f5es de o comando do maior porto da Am\u00e9rica Latina, que pertence aos cidad\u00e3os brasileiros, ser transferido para iniciativa privada? Ou quem se incomoda de ver um porto [&hellip;]\" \/>\n<meta property=\"og:url\" content=\"https:\/\/agenciainfra.com\/blog\/infradebate-ninguem-se-importa-com-o-porto-de-santos\/\" \/>\n<meta property=\"og:site_name\" content=\"Ag\u00eancia iNFRA\" \/>\n<meta property=\"article:publisher\" content=\"https:\/\/www.facebook.com\/ageninfra\" \/>\n<meta property=\"article:published_time\" content=\"2022-06-17T13:00:00+00:00\" \/>\n<meta property=\"og:image\" content=\"https:\/\/agenciainfra.com\/blog\/wp-content\/uploads\/2022\/06\/porto-de-santos-navio-foto-codesp.jpg\" \/>\n\t<meta property=\"og:image:width\" content=\"2126\" \/>\n\t<meta property=\"og:image:height\" content=\"1379\" \/>\n\t<meta property=\"og:image:type\" content=\"image\/jpeg\" \/>\n<meta name=\"author\" content=\"Ag\u00eancia iNFRA\" \/>\n<meta name=\"twitter:card\" content=\"summary_large_image\" \/>\n<meta name=\"twitter:creator\" content=\"@agencia_infra\" \/>\n<meta name=\"twitter:site\" content=\"@agencia_infra\" \/>\n<meta name=\"twitter:label1\" content=\"Escrito por\" \/>\n\t<meta name=\"twitter:data1\" content=\"Ag\u00eancia iNFRA\" \/>\n\t<meta name=\"twitter:label2\" content=\"Est. tempo de leitura\" \/>\n\t<meta name=\"twitter:data2\" content=\"5 minutos\" \/>\n<script type=\"application\/ld+json\" class=\"yoast-schema-graph\">{\"@context\":\"https:\/\/schema.org\",\"@graph\":[{\"@type\":\"Article\",\"@id\":\"https:\/\/agenciainfra.com\/blog\/infradebate-ninguem-se-importa-com-o-porto-de-santos\/#article\",\"isPartOf\":{\"@id\":\"https:\/\/agenciainfra.com\/blog\/infradebate-ninguem-se-importa-com-o-porto-de-santos\/\"},\"author\":{\"name\":\"Ag\u00eancia iNFRA\",\"@id\":\"https:\/\/agenciainfra.com\/blog\/#\/schema\/person\/34af08dff6adea4cb22b06612ba7acfa\"},\"headline\":\"iNFRADebate: Ningu\u00e9m se importa com o Porto de Santos\",\"datePublished\":\"2022-06-17T13:00:00+00:00\",\"mainEntityOfPage\":{\"@id\":\"https:\/\/agenciainfra.com\/blog\/infradebate-ninguem-se-importa-com-o-porto-de-santos\/\"},\"wordCount\":1088,\"publisher\":{\"@id\":\"https:\/\/agenciainfra.com\/blog\/#organization\"},\"image\":{\"@id\":\"https:\/\/agenciainfra.com\/blog\/infradebate-ninguem-se-importa-com-o-porto-de-santos\/#primaryimage\"},\"thumbnailUrl\":\"https:\/\/agenciainfra.com\/blog\/wp-content\/uploads\/2022\/06\/porto-de-santos-navio-foto-codesp-e1763488895930.jpg\",\"keywords\":[\"desestatiza\u00e7\u00e3o\",\"Infraestrutura\",\"iniciativa privada\",\"Investimentos\",\"Minist\u00e9rio da Infraestrutura\",\"Porto de Santos\",\"portos\",\"PPI\",\"Tarc\u00edsio de Freitas\",\"transportes\"],\"articleSection\":[\"Geral\",\"iNFRADebate\"],\"inLanguage\":\"pt-BR\",\"copyrightYear\":\"2022\",\"copyrightHolder\":{\"@id\":\"https:\/\/agenciainfra.com\/blog\/#organization\"}},{\"@type\":\"WebPage\",\"@id\":\"https:\/\/agenciainfra.com\/blog\/infradebate-ninguem-se-importa-com-o-porto-de-santos\/\",\"url\":\"https:\/\/agenciainfra.com\/blog\/infradebate-ninguem-se-importa-com-o-porto-de-santos\/\",\"name\":\"iNFRADebate: Ningu\u00e9m se importa com o Porto de Santos - Ag\u00eancia iNFRA\",\"isPartOf\":{\"@id\":\"https:\/\/agenciainfra.com\/blog\/#website\"},\"primaryImageOfPage\":{\"@id\":\"https:\/\/agenciainfra.com\/blog\/infradebate-ninguem-se-importa-com-o-porto-de-santos\/#primaryimage\"},\"image\":{\"@id\":\"https:\/\/agenciainfra.com\/blog\/infradebate-ninguem-se-importa-com-o-porto-de-santos\/#primaryimage\"},\"thumbnailUrl\":\"https:\/\/agenciainfra.com\/blog\/wp-content\/uploads\/2022\/06\/porto-de-santos-navio-foto-codesp-e1763488895930.jpg\",\"datePublished\":\"2022-06-17T13:00:00+00:00\",\"breadcrumb\":{\"@id\":\"https:\/\/agenciainfra.com\/blog\/infradebate-ninguem-se-importa-com-o-porto-de-santos\/#breadcrumb\"},\"inLanguage\":\"pt-BR\",\"potentialAction\":[{\"@type\":\"ReadAction\",\"target\":[\"https:\/\/agenciainfra.com\/blog\/infradebate-ninguem-se-importa-com-o-porto-de-santos\/\"]}]},{\"@type\":\"ImageObject\",\"inLanguage\":\"pt-BR\",\"@id\":\"https:\/\/agenciainfra.com\/blog\/infradebate-ninguem-se-importa-com-o-porto-de-santos\/#primaryimage\",\"url\":\"https:\/\/agenciainfra.com\/blog\/wp-content\/uploads\/2022\/06\/porto-de-santos-navio-foto-codesp-e1763488895930.jpg\",\"contentUrl\":\"https:\/\/agenciainfra.com\/blog\/wp-content\/uploads\/2022\/06\/porto-de-santos-navio-foto-codesp-e1763488895930.jpg\",\"width\":1280,\"height\":830,\"caption\":\"Foto: Codesp\"},{\"@type\":\"BreadcrumbList\",\"@id\":\"https:\/\/agenciainfra.com\/blog\/infradebate-ninguem-se-importa-com-o-porto-de-santos\/#breadcrumb\",\"itemListElement\":[{\"@type\":\"ListItem\",\"position\":1,\"name\":\"In\u00edcio\",\"item\":\"https:\/\/agenciainfra.com\/blog\/\"},{\"@type\":\"ListItem\",\"position\":2,\"name\":\"iNFRADebate: Ningu\u00e9m se importa com o Porto de Santos\"}]},{\"@type\":\"WebSite\",\"@id\":\"https:\/\/agenciainfra.com\/blog\/#website\",\"url\":\"https:\/\/agenciainfra.com\/blog\/\",\"name\":\"Ag\u00eancia iNFRA\",\"description\":\"Multiplataforma de informa\u00e7\u00e3o jornal\u00edstica refer\u00eancia na \u00e1rea de infraestrutura no Brasil!\",\"publisher\":{\"@id\":\"https:\/\/agenciainfra.com\/blog\/#organization\"},\"potentialAction\":[{\"@type\":\"SearchAction\",\"target\":{\"@type\":\"EntryPoint\",\"urlTemplate\":\"https:\/\/agenciainfra.com\/blog\/?s={search_term_string}\"},\"query-input\":{\"@type\":\"PropertyValueSpecification\",\"valueRequired\":true,\"valueName\":\"search_term_string\"}}],\"inLanguage\":\"pt-BR\"},{\"@type\":\"Organization\",\"@id\":\"https:\/\/agenciainfra.com\/blog\/#organization\",\"name\":\"Ag\u00eancia iNFRA\",\"url\":\"https:\/\/agenciainfra.com\/blog\/\",\"logo\":{\"@type\":\"ImageObject\",\"inLanguage\":\"pt-BR\",\"@id\":\"https:\/\/agenciainfra.com\/blog\/#\/schema\/logo\/image\/\",\"url\":\"https:\/\/agenciainfra.com\/blog\/wp-content\/uploads\/2023\/09\/iNFRA_5-e1761735885940.png\",\"contentUrl\":\"https:\/\/agenciainfra.com\/blog\/wp-content\/uploads\/2023\/09\/iNFRA_5-e1761735885940.png\",\"width\":1672,\"height\":454,\"caption\":\"Ag\u00eancia iNFRA\"},\"image\":{\"@id\":\"https:\/\/agenciainfra.com\/blog\/#\/schema\/logo\/image\/\"},\"sameAs\":[\"https:\/\/www.facebook.com\/ageninfra\",\"https:\/\/x.com\/agencia_infra\",\"https:\/\/www.linkedin.com\/company\/ag\u00eanciainfra\/\",\"https:\/\/www.instagram.com\/agenciainfra\/\"]},{\"@type\":\"Person\",\"@id\":\"https:\/\/agenciainfra.com\/blog\/#\/schema\/person\/34af08dff6adea4cb22b06612ba7acfa\",\"name\":\"Ag\u00eancia iNFRA\",\"image\":{\"@type\":\"ImageObject\",\"inLanguage\":\"pt-BR\",\"@id\":\"https:\/\/agenciainfra.com\/blog\/#\/schema\/person\/image\/\",\"url\":\"https:\/\/secure.gravatar.com\/avatar\/d189e01678f06d8eb84d4e01f08eb848b3fffe3f8443818d3c356c66892f5be8?s=96&d=mm&r=g\",\"contentUrl\":\"https:\/\/secure.gravatar.com\/avatar\/d189e01678f06d8eb84d4e01f08eb848b3fffe3f8443818d3c356c66892f5be8?s=96&d=mm&r=g\",\"caption\":\"Ag\u00eancia iNFRA\"},\"url\":\"https:\/\/agenciainfra.com\/blog\/author\/admin\/\"}]}<\/script>\n<!-- \/ Yoast SEO Premium plugin. -->","yoast_head_json":{"title":"iNFRADebate: Ningu\u00e9m se importa com o Porto de Santos - Ag\u00eancia iNFRA","robots":{"index":"index","follow":"follow","max-snippet":"max-snippet:-1","max-image-preview":"max-image-preview:large","max-video-preview":"max-video-preview:-1"},"canonical":"https:\/\/agenciainfra.com\/blog\/infradebate-ninguem-se-importa-com-o-porto-de-santos\/","og_locale":"pt_BR","og_type":"article","og_title":"iNFRADebate: Ningu\u00e9m se importa com o Porto de Santos","og_description":"Jos\u00e9 Francisco Paccillo* E da\u00ed que o porto de Santos \u00e9 respons\u00e1vel por 30% das transa\u00e7\u00f5es comerciais de todo o Brasil? Quem est\u00e1 preocupado em decifrar as raz\u00f5es de o comando do maior porto da Am\u00e9rica Latina, que pertence aos cidad\u00e3os brasileiros, ser transferido para iniciativa privada? Ou quem se incomoda de ver um porto [&hellip;]","og_url":"https:\/\/agenciainfra.com\/blog\/infradebate-ninguem-se-importa-com-o-porto-de-santos\/","og_site_name":"Ag\u00eancia iNFRA","article_publisher":"https:\/\/www.facebook.com\/ageninfra","article_published_time":"2022-06-17T13:00:00+00:00","og_image":[{"width":2126,"height":1379,"url":"https:\/\/agenciainfra.com\/blog\/wp-content\/uploads\/2022\/06\/porto-de-santos-navio-foto-codesp.jpg","type":"image\/jpeg"}],"author":"Ag\u00eancia iNFRA","twitter_card":"summary_large_image","twitter_creator":"@agencia_infra","twitter_site":"@agencia_infra","twitter_misc":{"Escrito por":"Ag\u00eancia iNFRA","Est. tempo de leitura":"5 minutos"},"schema":{"@context":"https:\/\/schema.org","@graph":[{"@type":"Article","@id":"https:\/\/agenciainfra.com\/blog\/infradebate-ninguem-se-importa-com-o-porto-de-santos\/#article","isPartOf":{"@id":"https:\/\/agenciainfra.com\/blog\/infradebate-ninguem-se-importa-com-o-porto-de-santos\/"},"author":{"name":"Ag\u00eancia iNFRA","@id":"https:\/\/agenciainfra.com\/blog\/#\/schema\/person\/34af08dff6adea4cb22b06612ba7acfa"},"headline":"iNFRADebate: Ningu\u00e9m se importa com o Porto de Santos","datePublished":"2022-06-17T13:00:00+00:00","mainEntityOfPage":{"@id":"https:\/\/agenciainfra.com\/blog\/infradebate-ninguem-se-importa-com-o-porto-de-santos\/"},"wordCount":1088,"publisher":{"@id":"https:\/\/agenciainfra.com\/blog\/#organization"},"image":{"@id":"https:\/\/agenciainfra.com\/blog\/infradebate-ninguem-se-importa-com-o-porto-de-santos\/#primaryimage"},"thumbnailUrl":"https:\/\/agenciainfra.com\/blog\/wp-content\/uploads\/2022\/06\/porto-de-santos-navio-foto-codesp-e1763488895930.jpg","keywords":["desestatiza\u00e7\u00e3o","Infraestrutura","iniciativa privada","Investimentos","Minist\u00e9rio da Infraestrutura","Porto de Santos","portos","PPI","Tarc\u00edsio de Freitas","transportes"],"articleSection":["Geral","iNFRADebate"],"inLanguage":"pt-BR","copyrightYear":"2022","copyrightHolder":{"@id":"https:\/\/agenciainfra.com\/blog\/#organization"}},{"@type":"WebPage","@id":"https:\/\/agenciainfra.com\/blog\/infradebate-ninguem-se-importa-com-o-porto-de-santos\/","url":"https:\/\/agenciainfra.com\/blog\/infradebate-ninguem-se-importa-com-o-porto-de-santos\/","name":"iNFRADebate: Ningu\u00e9m se importa com o Porto de Santos - Ag\u00eancia iNFRA","isPartOf":{"@id":"https:\/\/agenciainfra.com\/blog\/#website"},"primaryImageOfPage":{"@id":"https:\/\/agenciainfra.com\/blog\/infradebate-ninguem-se-importa-com-o-porto-de-santos\/#primaryimage"},"image":{"@id":"https:\/\/agenciainfra.com\/blog\/infradebate-ninguem-se-importa-com-o-porto-de-santos\/#primaryimage"},"thumbnailUrl":"https:\/\/agenciainfra.com\/blog\/wp-content\/uploads\/2022\/06\/porto-de-santos-navio-foto-codesp-e1763488895930.jpg","datePublished":"2022-06-17T13:00:00+00:00","breadcrumb":{"@id":"https:\/\/agenciainfra.com\/blog\/infradebate-ninguem-se-importa-com-o-porto-de-santos\/#breadcrumb"},"inLanguage":"pt-BR","potentialAction":[{"@type":"ReadAction","target":["https:\/\/agenciainfra.com\/blog\/infradebate-ninguem-se-importa-com-o-porto-de-santos\/"]}]},{"@type":"ImageObject","inLanguage":"pt-BR","@id":"https:\/\/agenciainfra.com\/blog\/infradebate-ninguem-se-importa-com-o-porto-de-santos\/#primaryimage","url":"https:\/\/agenciainfra.com\/blog\/wp-content\/uploads\/2022\/06\/porto-de-santos-navio-foto-codesp-e1763488895930.jpg","contentUrl":"https:\/\/agenciainfra.com\/blog\/wp-content\/uploads\/2022\/06\/porto-de-santos-navio-foto-codesp-e1763488895930.jpg","width":1280,"height":830,"caption":"Foto: Codesp"},{"@type":"BreadcrumbList","@id":"https:\/\/agenciainfra.com\/blog\/infradebate-ninguem-se-importa-com-o-porto-de-santos\/#breadcrumb","itemListElement":[{"@type":"ListItem","position":1,"name":"In\u00edcio","item":"https:\/\/agenciainfra.com\/blog\/"},{"@type":"ListItem","position":2,"name":"iNFRADebate: Ningu\u00e9m se importa com o Porto de Santos"}]},{"@type":"WebSite","@id":"https:\/\/agenciainfra.com\/blog\/#website","url":"https:\/\/agenciainfra.com\/blog\/","name":"Ag\u00eancia iNFRA","description":"Multiplataforma de informa\u00e7\u00e3o jornal\u00edstica refer\u00eancia na \u00e1rea de infraestrutura no Brasil!","publisher":{"@id":"https:\/\/agenciainfra.com\/blog\/#organization"},"potentialAction":[{"@type":"SearchAction","target":{"@type":"EntryPoint","urlTemplate":"https:\/\/agenciainfra.com\/blog\/?s={search_term_string}"},"query-input":{"@type":"PropertyValueSpecification","valueRequired":true,"valueName":"search_term_string"}}],"inLanguage":"pt-BR"},{"@type":"Organization","@id":"https:\/\/agenciainfra.com\/blog\/#organization","name":"Ag\u00eancia iNFRA","url":"https:\/\/agenciainfra.com\/blog\/","logo":{"@type":"ImageObject","inLanguage":"pt-BR","@id":"https:\/\/agenciainfra.com\/blog\/#\/schema\/logo\/image\/","url":"https:\/\/agenciainfra.com\/blog\/wp-content\/uploads\/2023\/09\/iNFRA_5-e1761735885940.png","contentUrl":"https:\/\/agenciainfra.com\/blog\/wp-content\/uploads\/2023\/09\/iNFRA_5-e1761735885940.png","width":1672,"height":454,"caption":"Ag\u00eancia iNFRA"},"image":{"@id":"https:\/\/agenciainfra.com\/blog\/#\/schema\/logo\/image\/"},"sameAs":["https:\/\/www.facebook.com\/ageninfra","https:\/\/x.com\/agencia_infra","https:\/\/www.linkedin.com\/company\/ag\u00eanciainfra\/","https:\/\/www.instagram.com\/agenciainfra\/"]},{"@type":"Person","@id":"https:\/\/agenciainfra.com\/blog\/#\/schema\/person\/34af08dff6adea4cb22b06612ba7acfa","name":"Ag\u00eancia iNFRA","image":{"@type":"ImageObject","inLanguage":"pt-BR","@id":"https:\/\/agenciainfra.com\/blog\/#\/schema\/person\/image\/","url":"https:\/\/secure.gravatar.com\/avatar\/d189e01678f06d8eb84d4e01f08eb848b3fffe3f8443818d3c356c66892f5be8?s=96&d=mm&r=g","contentUrl":"https:\/\/secure.gravatar.com\/avatar\/d189e01678f06d8eb84d4e01f08eb848b3fffe3f8443818d3c356c66892f5be8?s=96&d=mm&r=g","caption":"Ag\u00eancia iNFRA"},"url":"https:\/\/agenciainfra.com\/blog\/author\/admin\/"}]}},"_links":{"self":[{"href":"https:\/\/agenciainfra.com\/blog\/wp-json\/wp\/v2\/posts\/10681","targetHints":{"allow":["GET"]}}],"collection":[{"href":"https:\/\/agenciainfra.com\/blog\/wp-json\/wp\/v2\/posts"}],"about":[{"href":"https:\/\/agenciainfra.com\/blog\/wp-json\/wp\/v2\/types\/post"}],"author":[{"embeddable":true,"href":"https:\/\/agenciainfra.com\/blog\/wp-json\/wp\/v2\/users\/1"}],"replies":[{"embeddable":true,"href":"https:\/\/agenciainfra.com\/blog\/wp-json\/wp\/v2\/comments?post=10681"}],"version-history":[{"count":0,"href":"https:\/\/agenciainfra.com\/blog\/wp-json\/wp\/v2\/posts\/10681\/revisions"}],"wp:featuredmedia":[{"embeddable":true,"href":"https:\/\/agenciainfra.com\/blog\/wp-json\/wp\/v2\/media\/10683"}],"wp:attachment":[{"href":"https:\/\/agenciainfra.com\/blog\/wp-json\/wp\/v2\/media?parent=10681"}],"wp:term":[{"taxonomy":"category","embeddable":true,"href":"https:\/\/agenciainfra.com\/blog\/wp-json\/wp\/v2\/categories?post=10681"},{"taxonomy":"post_tag","embeddable":true,"href":"https:\/\/agenciainfra.com\/blog\/wp-json\/wp\/v2\/tags?post=10681"}],"curies":[{"name":"wp","href":"https:\/\/api.w.org\/{rel}","templated":true}]}}