{"id":10696,"date":"2022-06-21T09:00:00","date_gmt":"2022-06-21T12:00:00","guid":{"rendered":"https:\/\/www.agenciainfra.com\/blog\/?p=10696"},"modified":"2022-06-20T09:04:31","modified_gmt":"2022-06-20T12:04:31","slug":"carta-da-concessionaria-de-viracopos-indica-que-ela-mantem-busca-por-reequilibrio-do-contrato","status":"publish","type":"post","link":"https:\/\/agenciainfra.com\/blog\/carta-da-concessionaria-de-viracopos-indica-que-ela-mantem-busca-por-reequilibrio-do-contrato\/","title":{"rendered":"Carta da concession\u00e1ria de Viracopos indica que ela mant\u00e9m busca por reequil\u00edbrio do contrato"},"content":{"rendered":"\n<p class=\"has-text-align-right\"><strong>Dimmi Amora, da Ag\u00eancia iNFRA<\/strong><\/p>\n\n\n\n<p>Em carta enviada a v\u00e1rios \u00f3rg\u00e3os do governo no fim de maio, a Aeroportos Brasil Viracopos, concession\u00e1ria do Aeroporto de Viracopos (SP), indicou algo mais do que n\u00e3o aceitar uma mudan\u00e7a na forma de receber seus recursos em caso de relicita\u00e7\u00e3o da unidade. Ao que o texto aponta, a companhia vai refor\u00e7ar a possibilidade de um reequil\u00edbrio para seguir no contrato.<br><br>O texto, que pode ser visto&nbsp;<a href=\"https:\/\/agenciainfra.us14.list-manage.com\/track\/click?u=d460dd1bcf9ba0ae040e1fc0f&amp;id=f420de41b6&amp;e=3cd2fde004\" target=\"_blank\" rel=\"noreferrer noopener\">neste link<\/a>, deixa claro o que a Aeroportos Brasil j\u00e1 vinha indicando desde que o Minist\u00e9rio da Infraestrutura, no ano passado, criou o modelo de pagamento do encontro de contas na sa\u00edda da concession\u00e1ria: que n\u00e3o vai aceitar a divis\u00e3o do pagamento em duas partes.<br><br>Desde ent\u00e3o, a empresa diz que as diferen\u00e7as entre o que o governo chama de valor incontroverso (que seria pago imediatamente pelo vencedor da relicita\u00e7\u00e3o) e o controverso (que ser\u00e1 discutido em arbitragem e pago posteriormente, provavelmente em precat\u00f3rio) ser\u00e3o muito elevadas, o que cria uma desvantagem grande em aceitar essa solu\u00e7\u00e3o.&nbsp;<br><br>A estimativa de pessoas ligadas ao neg\u00f3cio indicam que uma diferen\u00e7a de, no m\u00ednimo, R$ 3 bilh\u00f5es estar\u00e1 em discuss\u00e3o. E n\u00e3o h\u00e1 perspectiva desse n\u00famero sair brevemente. A empresa contratada para auditar os valores dos ativos que t\u00eam que ser indenizados para a devolu\u00e7\u00e3o, o que \u00e9 obrigat\u00f3rio por lei, foi contratada recentemente pela ANAC (Ag\u00eancia Nacional de Avia\u00e7\u00e3o Civil) e ainda est\u00e1 desenvolvendo o trabalho. Na arbitragem, na qual est\u00e1 se discutindo descumprimento de obriga\u00e7\u00f5es por ambas as partes, a solu\u00e7\u00e3o deve sair pelo menos&nbsp;em 2023.<br><br>Por isso, o refor\u00e7o com a carta em dizer que, mesmo com a mudan\u00e7a na Lei de Relicita\u00e7\u00e3o (13.448\/2017) com o texto sancionado da MP do Voo Simples (Lei 14.368\/2022), a concession\u00e1ria vai seguir n\u00e3o aceitando a divis\u00e3o do pagamento por entender que seria uma mudan\u00e7a na regra no meio do jogo.<br><br><strong>Vantajosidade<\/strong><br>Mas, a partir desse ponto, a carta n\u00e3o foca num futuro problema de recebimento dos recursos e sim em outro tema: a necessidade de que o governo tem, por determina\u00e7\u00e3o da lei e do decreto de relicita\u00e7\u00e3o, de fazer uma an\u00e1lise do processo para assegurar &#8220;a viabilidade econ\u00f4mico-financeira da nova licita\u00e7\u00e3o&nbsp;e a vantajosidade econ\u00f4mico-financeira do processo de relicita\u00e7\u00e3o, defendendo o er\u00e1rio de preju\u00edzos com a opera\u00e7\u00e3o&#8221;.<br><br>O texto indica que a conclus\u00e3o do processo de arbitragem \u00e9 essencial para se chegar aos valores finais que o Estado ter\u00e1 que indenizar ao concession\u00e1rio, lembrando que o dado \u00e9 necess\u00e1rio para que o Conselho do PPI (Programa de Parcerias de Investimentos) possa tomar a decis\u00e3o sobre se a relicita\u00e7\u00e3o \u00e9 ou n\u00e3o vantajosa para o er\u00e1rio, o que n\u00e3o foi feito.<br><br>As indica\u00e7\u00f5es de quem est\u00e1 a par do processo \u00e9 que esses c\u00e1lculos dificilmente v\u00e3o poder chegar \u00e0 conclus\u00e3o de que a relicita\u00e7\u00e3o \u00e9 vantajosa aos cofres p\u00fablicos. Isso porque a estimativa desses envolvidos \u00e9 que n\u00e3o deve ser poss\u00edvel viabilizar um leil\u00e3o que tenha outorga suficiente para pagar toda a conta.&nbsp;<br><br>E, se isso ocorrer, certamente o valor de outorga a receber do futuro concession\u00e1rio ser\u00e1 muito menor do que o valor que Viracopos tem a pagar atualmente como outorga pelo uso da unidade (o que n\u00e3o vem sendo feito e \u00e9 o motivo que levou \u00e0 abertura de um processo de caducidade por parte do governo e, depois, \u00e0 devolu\u00e7\u00e3o nos moldes da Lei 13.448).<br><br>A leitura \u00e9 que uma outorga futura menor ou o pagamento com recursos da Uni\u00e3o \u00e0 concession\u00e1ria que sai caracterizariam preju\u00edzo aos cofres p\u00fablicos, o que seria pass\u00edvel de uma apura\u00e7\u00e3o por parte dos \u00f3rg\u00e3os de controle.&nbsp;<br><br>Por outro lado, sempre houve negativa dos integrantes do governo nos pedidos para reequilibrar o contrato, uma outra solu\u00e7\u00e3o menos dr\u00e1stica, tamb\u00e9m por temor de puni\u00e7\u00e3o dos controladores, entre outros fatores, inclusive a inviabilidade econ\u00f4mica do contrato.<br><br><strong>Nova situa\u00e7\u00e3o financeira<\/strong><br>Outro fato \u00e9 que a situa\u00e7\u00e3o financeira da concession\u00e1ria vem mudando com o tempo. Neste m\u00eas, a opera\u00e7\u00e3o completou 10 anos, atingindo seus recordes de movimenta\u00e7\u00e3o de carga e passageiros.&nbsp;<br><br>A informa\u00e7\u00e3o \u00e9 que em breve j\u00e1 seria poss\u00edvel cumprir com todas as obriga\u00e7\u00f5es financeiras (inclusive empr\u00e9stimos junto ao BNDES) e at\u00e9 a outorga anual para a frente (ficaria a n\u00e3o paga para discuss\u00e3o no encontro de contas). A interpreta\u00e7\u00e3o \u00e9 que isso refor\u00e7aria a desvantagem de relicitar.<br><br>A carta tem um tom de concilia\u00e7\u00e3o, indicando que os atrasos no processo de relicita\u00e7\u00e3o&nbsp;n\u00e3o s\u00e3o&nbsp;de responsabilidade da ANAC ou do Minist\u00e9rio da Infraestrutura, apontando que o fato de ele ser in\u00e9dito e complexo \u00e9 que est\u00e1 fazendo com que ele se alongue (o prazo inicial de dois anos foi prorrogado na semana passada por mais dois anos).<br><br>Mas tamb\u00e9m reclama da forma como a concession\u00e1ria foi tratada numa comunica\u00e7\u00e3o da Secretaria de Fomento, Planejamento e Parcerias do Minist\u00e9rio da Infraestrutura ao TCU (Tribunal de Contas da Uni\u00e3o), dizendo que a demora \u00e9 uma amea\u00e7a ao atendimento aos passageiros e causa inseguran\u00e7a jur\u00eddica, na tentativa de acelerar a an\u00e1lise do processo de relicita\u00e7\u00e3o no \u00f3rg\u00e3o de controle.<br><br><strong>Sem &#8220;nova\u00e7\u00e3o&#8221;<\/strong><br>A concession\u00e1ria informa no texto que isso foi uma tentativa de induzir os ministros a erro, visto que no per\u00edodo da concess\u00e3o a concession\u00e1ria ganhou v\u00e1rios pr\u00eamios de melhor aeroporto brasileiro, inclusive no per\u00edodo em que est\u00e1 no processo de relicita\u00e7\u00e3o.&nbsp;E, ainda, que o que causa inseguran\u00e7a jur\u00eddica s\u00e3o &#8220;mudan\u00e7as de regras ap\u00f3s o in\u00edcio do processo&#8221;.<br><br>Em nota \u00e0&nbsp;<strong>Ag\u00eancia iNFRA<\/strong>, o Minist\u00e9rio da Infraestrutura reafirmou que n\u00e3o entende a mudan\u00e7a na Lei de Relicita\u00e7\u00e3o como uma &#8220;nova\u00e7\u00e3o&#8221; e que o novo texto s\u00f3 deixa mais claro o que j\u00e1 seria permitido, o pagamento dos valores do encontro de contas ap\u00f3s o fim do processo de arbitragem, sem impedimento da realiza\u00e7\u00e3o da relicita\u00e7\u00e3o.&nbsp;Consultados, a ANAC e o PPI n\u00e3o retornaram.<\/p>\n","protected":false},"excerpt":{"rendered":"<p>Dimmi Amora, da Ag\u00eancia iNFRA Em carta enviada a v\u00e1rios \u00f3rg\u00e3os do governo no fim de maio, a Aeroportos Brasil Viracopos, concession\u00e1ria do Aeroporto de Viracopos (SP), indicou algo mais do que n\u00e3o aceitar uma mudan\u00e7a na forma de receber seus recursos em caso de relicita\u00e7\u00e3o da unidade. Ao que o texto aponta, a companhia [&hellip;]<\/p>\n","protected":false},"author":1,"featured_media":5865,"comment_status":"closed","ping_status":"closed","sticky":false,"template":"","format":"standard","meta":{"_monsterinsights_skip_tracking":false,"_monsterinsights_sitenote_active":false,"_monsterinsights_sitenote_note":"","_monsterinsights_sitenote_category":0,"footnotes":""},"categories":[1,7],"tags":[862,107,242,599,2684,34,1937,18,70,241],"class_list":["post-10696","post","type-post","status-publish","format-standard","has-post-thumbnail","hentry","category-geral","category-infratransporte","tag-aeroporto-de-viracopos","tag-aeroportos","tag-anac","tag-aviacao-civil","tag-concessoes-aeroportuarias","tag-infraestrutura","tag-reequilibrio-de-contratos","tag-tcu","tag-transportes","tag-viracopos"],"yoast_head":"<!-- This site is optimized with the Yoast SEO Premium plugin v25.4 (Yoast SEO v26.0) - https:\/\/yoast.com\/wordpress\/plugins\/seo\/ -->\n<title>Carta da concession\u00e1ria de Viracopos indica que ela mant\u00e9m busca por reequil\u00edbrio do contrato - Ag\u00eancia iNFRA<\/title>\n<meta name=\"robots\" content=\"index, follow, max-snippet:-1, max-image-preview:large, max-video-preview:-1\" \/>\n<link rel=\"canonical\" href=\"https:\/\/agenciainfra.com\/blog\/carta-da-concessionaria-de-viracopos-indica-que-ela-mantem-busca-por-reequilibrio-do-contrato\/\" \/>\n<meta property=\"og:locale\" content=\"pt_BR\" \/>\n<meta property=\"og:type\" content=\"article\" \/>\n<meta property=\"og:title\" content=\"Carta da concession\u00e1ria de Viracopos indica que ela mant\u00e9m busca por reequil\u00edbrio do contrato\" \/>\n<meta property=\"og:description\" content=\"Dimmi Amora, da Ag\u00eancia iNFRA Em carta enviada a v\u00e1rios \u00f3rg\u00e3os do governo no fim de maio, a Aeroportos Brasil Viracopos, concession\u00e1ria do Aeroporto de Viracopos (SP), indicou algo mais do que n\u00e3o aceitar uma mudan\u00e7a na forma de receber seus recursos em caso de relicita\u00e7\u00e3o da unidade. Ao que o texto aponta, a companhia [&hellip;]\" \/>\n<meta property=\"og:url\" content=\"https:\/\/agenciainfra.com\/blog\/carta-da-concessionaria-de-viracopos-indica-que-ela-mantem-busca-por-reequilibrio-do-contrato\/\" \/>\n<meta property=\"og:site_name\" content=\"Ag\u00eancia iNFRA\" \/>\n<meta property=\"article:publisher\" content=\"https:\/\/www.facebook.com\/ageninfra\" \/>\n<meta property=\"article:published_time\" content=\"2022-06-21T12:00:00+00:00\" \/>\n<meta property=\"og:image\" content=\"https:\/\/agenciainfra.com\/blog\/wp-content\/uploads\/2020\/09\/aeroporto-de-viracopos-foto-ppi.jpeg\" \/>\n\t<meta property=\"og:image:width\" content=\"1280\" \/>\n\t<meta property=\"og:image:height\" content=\"847\" \/>\n\t<meta property=\"og:image:type\" content=\"image\/jpeg\" \/>\n<meta name=\"author\" content=\"Ag\u00eancia iNFRA\" \/>\n<meta name=\"twitter:card\" content=\"summary_large_image\" \/>\n<meta name=\"twitter:creator\" content=\"@agencia_infra\" \/>\n<meta name=\"twitter:site\" content=\"@agencia_infra\" \/>\n<meta name=\"twitter:label1\" content=\"Escrito por\" \/>\n\t<meta name=\"twitter:data1\" content=\"Ag\u00eancia iNFRA\" \/>\n\t<meta name=\"twitter:label2\" content=\"Est. tempo de leitura\" \/>\n\t<meta name=\"twitter:data2\" content=\"5 minutos\" \/>\n<script type=\"application\/ld+json\" class=\"yoast-schema-graph\">{\"@context\":\"https:\/\/schema.org\",\"@graph\":[{\"@type\":\"Article\",\"@id\":\"https:\/\/agenciainfra.com\/blog\/carta-da-concessionaria-de-viracopos-indica-que-ela-mantem-busca-por-reequilibrio-do-contrato\/#article\",\"isPartOf\":{\"@id\":\"https:\/\/agenciainfra.com\/blog\/carta-da-concessionaria-de-viracopos-indica-que-ela-mantem-busca-por-reequilibrio-do-contrato\/\"},\"author\":{\"name\":\"Ag\u00eancia iNFRA\",\"@id\":\"https:\/\/agenciainfra.com\/blog\/#\/schema\/person\/34af08dff6adea4cb22b06612ba7acfa\"},\"headline\":\"Carta da concession\u00e1ria de Viracopos indica que ela mant\u00e9m busca por reequil\u00edbrio do contrato\",\"datePublished\":\"2022-06-21T12:00:00+00:00\",\"mainEntityOfPage\":{\"@id\":\"https:\/\/agenciainfra.com\/blog\/carta-da-concessionaria-de-viracopos-indica-que-ela-mantem-busca-por-reequilibrio-do-contrato\/\"},\"wordCount\":1101,\"publisher\":{\"@id\":\"https:\/\/agenciainfra.com\/blog\/#organization\"},\"image\":{\"@id\":\"https:\/\/agenciainfra.com\/blog\/carta-da-concessionaria-de-viracopos-indica-que-ela-mantem-busca-por-reequilibrio-do-contrato\/#primaryimage\"},\"thumbnailUrl\":\"https:\/\/agenciainfra.com\/blog\/wp-content\/uploads\/2020\/09\/aeroporto-de-viracopos-foto-ppi.jpeg\",\"keywords\":[\"Aeroporto de Viracopos\",\"aeroportos\",\"ANAC\",\"avia\u00e7\u00e3o civil\",\"concess\u00f5es aeroportu\u00e1rias\",\"Infraestrutura\",\"reequil\u00edbrio de contratos\",\"TCU\",\"transportes\",\"Viracopos\"],\"articleSection\":[\"Geral\",\"iNFRATransporte\"],\"inLanguage\":\"pt-BR\",\"copyrightYear\":\"2022\",\"copyrightHolder\":{\"@id\":\"https:\/\/agenciainfra.com\/blog\/#organization\"}},{\"@type\":\"WebPage\",\"@id\":\"https:\/\/agenciainfra.com\/blog\/carta-da-concessionaria-de-viracopos-indica-que-ela-mantem-busca-por-reequilibrio-do-contrato\/\",\"url\":\"https:\/\/agenciainfra.com\/blog\/carta-da-concessionaria-de-viracopos-indica-que-ela-mantem-busca-por-reequilibrio-do-contrato\/\",\"name\":\"Carta da concession\u00e1ria de Viracopos indica que ela mant\u00e9m busca por reequil\u00edbrio do contrato - Ag\u00eancia iNFRA\",\"isPartOf\":{\"@id\":\"https:\/\/agenciainfra.com\/blog\/#website\"},\"primaryImageOfPage\":{\"@id\":\"https:\/\/agenciainfra.com\/blog\/carta-da-concessionaria-de-viracopos-indica-que-ela-mantem-busca-por-reequilibrio-do-contrato\/#primaryimage\"},\"image\":{\"@id\":\"https:\/\/agenciainfra.com\/blog\/carta-da-concessionaria-de-viracopos-indica-que-ela-mantem-busca-por-reequilibrio-do-contrato\/#primaryimage\"},\"thumbnailUrl\":\"https:\/\/agenciainfra.com\/blog\/wp-content\/uploads\/2020\/09\/aeroporto-de-viracopos-foto-ppi.jpeg\",\"datePublished\":\"2022-06-21T12:00:00+00:00\",\"breadcrumb\":{\"@id\":\"https:\/\/agenciainfra.com\/blog\/carta-da-concessionaria-de-viracopos-indica-que-ela-mantem-busca-por-reequilibrio-do-contrato\/#breadcrumb\"},\"inLanguage\":\"pt-BR\",\"potentialAction\":[{\"@type\":\"ReadAction\",\"target\":[\"https:\/\/agenciainfra.com\/blog\/carta-da-concessionaria-de-viracopos-indica-que-ela-mantem-busca-por-reequilibrio-do-contrato\/\"]}]},{\"@type\":\"ImageObject\",\"inLanguage\":\"pt-BR\",\"@id\":\"https:\/\/agenciainfra.com\/blog\/carta-da-concessionaria-de-viracopos-indica-que-ela-mantem-busca-por-reequilibrio-do-contrato\/#primaryimage\",\"url\":\"https:\/\/agenciainfra.com\/blog\/wp-content\/uploads\/2020\/09\/aeroporto-de-viracopos-foto-ppi.jpeg\",\"contentUrl\":\"https:\/\/agenciainfra.com\/blog\/wp-content\/uploads\/2020\/09\/aeroporto-de-viracopos-foto-ppi.jpeg\",\"width\":1280,\"height\":847,\"caption\":\"Foto: PPI\"},{\"@type\":\"BreadcrumbList\",\"@id\":\"https:\/\/agenciainfra.com\/blog\/carta-da-concessionaria-de-viracopos-indica-que-ela-mantem-busca-por-reequilibrio-do-contrato\/#breadcrumb\",\"itemListElement\":[{\"@type\":\"ListItem\",\"position\":1,\"name\":\"In\u00edcio\",\"item\":\"https:\/\/agenciainfra.com\/blog\/\"},{\"@type\":\"ListItem\",\"position\":2,\"name\":\"Carta da concession\u00e1ria de Viracopos indica que ela mant\u00e9m busca por reequil\u00edbrio do contrato\"}]},{\"@type\":\"WebSite\",\"@id\":\"https:\/\/agenciainfra.com\/blog\/#website\",\"url\":\"https:\/\/agenciainfra.com\/blog\/\",\"name\":\"Ag\u00eancia iNFRA\",\"description\":\"Multiplataforma de informa\u00e7\u00e3o jornal\u00edstica refer\u00eancia na \u00e1rea de infraestrutura no Brasil!\",\"publisher\":{\"@id\":\"https:\/\/agenciainfra.com\/blog\/#organization\"},\"potentialAction\":[{\"@type\":\"SearchAction\",\"target\":{\"@type\":\"EntryPoint\",\"urlTemplate\":\"https:\/\/agenciainfra.com\/blog\/?s={search_term_string}\"},\"query-input\":{\"@type\":\"PropertyValueSpecification\",\"valueRequired\":true,\"valueName\":\"search_term_string\"}}],\"inLanguage\":\"pt-BR\"},{\"@type\":\"Organization\",\"@id\":\"https:\/\/agenciainfra.com\/blog\/#organization\",\"name\":\"Ag\u00eancia iNFRA\",\"url\":\"https:\/\/agenciainfra.com\/blog\/\",\"logo\":{\"@type\":\"ImageObject\",\"inLanguage\":\"pt-BR\",\"@id\":\"https:\/\/agenciainfra.com\/blog\/#\/schema\/logo\/image\/\",\"url\":\"https:\/\/agenciainfra.com\/blog\/wp-content\/uploads\/2023\/09\/iNFRA_5-e1761735885940.png\",\"contentUrl\":\"https:\/\/agenciainfra.com\/blog\/wp-content\/uploads\/2023\/09\/iNFRA_5-e1761735885940.png\",\"width\":1672,\"height\":454,\"caption\":\"Ag\u00eancia iNFRA\"},\"image\":{\"@id\":\"https:\/\/agenciainfra.com\/blog\/#\/schema\/logo\/image\/\"},\"sameAs\":[\"https:\/\/www.facebook.com\/ageninfra\",\"https:\/\/x.com\/agencia_infra\",\"https:\/\/www.linkedin.com\/company\/ag\u00eanciainfra\/\",\"https:\/\/www.instagram.com\/agenciainfra\/\"]},{\"@type\":\"Person\",\"@id\":\"https:\/\/agenciainfra.com\/blog\/#\/schema\/person\/34af08dff6adea4cb22b06612ba7acfa\",\"name\":\"Ag\u00eancia iNFRA\",\"image\":{\"@type\":\"ImageObject\",\"inLanguage\":\"pt-BR\",\"@id\":\"https:\/\/agenciainfra.com\/blog\/#\/schema\/person\/image\/\",\"url\":\"https:\/\/secure.gravatar.com\/avatar\/d189e01678f06d8eb84d4e01f08eb848b3fffe3f8443818d3c356c66892f5be8?s=96&d=mm&r=g\",\"contentUrl\":\"https:\/\/secure.gravatar.com\/avatar\/d189e01678f06d8eb84d4e01f08eb848b3fffe3f8443818d3c356c66892f5be8?s=96&d=mm&r=g\",\"caption\":\"Ag\u00eancia iNFRA\"},\"url\":\"https:\/\/agenciainfra.com\/blog\/author\/admin\/\"}]}<\/script>\n<!-- \/ Yoast SEO Premium plugin. -->","yoast_head_json":{"title":"Carta da concession\u00e1ria de Viracopos indica que ela mant\u00e9m busca por reequil\u00edbrio do contrato - Ag\u00eancia iNFRA","robots":{"index":"index","follow":"follow","max-snippet":"max-snippet:-1","max-image-preview":"max-image-preview:large","max-video-preview":"max-video-preview:-1"},"canonical":"https:\/\/agenciainfra.com\/blog\/carta-da-concessionaria-de-viracopos-indica-que-ela-mantem-busca-por-reequilibrio-do-contrato\/","og_locale":"pt_BR","og_type":"article","og_title":"Carta da concession\u00e1ria de Viracopos indica que ela mant\u00e9m busca por reequil\u00edbrio do contrato","og_description":"Dimmi Amora, da Ag\u00eancia iNFRA Em carta enviada a v\u00e1rios \u00f3rg\u00e3os do governo no fim de maio, a Aeroportos Brasil Viracopos, concession\u00e1ria do Aeroporto de Viracopos (SP), indicou algo mais do que n\u00e3o aceitar uma mudan\u00e7a na forma de receber seus recursos em caso de relicita\u00e7\u00e3o da unidade. Ao que o texto aponta, a companhia [&hellip;]","og_url":"https:\/\/agenciainfra.com\/blog\/carta-da-concessionaria-de-viracopos-indica-que-ela-mantem-busca-por-reequilibrio-do-contrato\/","og_site_name":"Ag\u00eancia iNFRA","article_publisher":"https:\/\/www.facebook.com\/ageninfra","article_published_time":"2022-06-21T12:00:00+00:00","og_image":[{"width":1280,"height":847,"url":"https:\/\/agenciainfra.com\/blog\/wp-content\/uploads\/2020\/09\/aeroporto-de-viracopos-foto-ppi.jpeg","type":"image\/jpeg"}],"author":"Ag\u00eancia iNFRA","twitter_card":"summary_large_image","twitter_creator":"@agencia_infra","twitter_site":"@agencia_infra","twitter_misc":{"Escrito por":"Ag\u00eancia iNFRA","Est. tempo de leitura":"5 minutos"},"schema":{"@context":"https:\/\/schema.org","@graph":[{"@type":"Article","@id":"https:\/\/agenciainfra.com\/blog\/carta-da-concessionaria-de-viracopos-indica-que-ela-mantem-busca-por-reequilibrio-do-contrato\/#article","isPartOf":{"@id":"https:\/\/agenciainfra.com\/blog\/carta-da-concessionaria-de-viracopos-indica-que-ela-mantem-busca-por-reequilibrio-do-contrato\/"},"author":{"name":"Ag\u00eancia iNFRA","@id":"https:\/\/agenciainfra.com\/blog\/#\/schema\/person\/34af08dff6adea4cb22b06612ba7acfa"},"headline":"Carta da concession\u00e1ria de Viracopos indica que ela mant\u00e9m busca por reequil\u00edbrio do contrato","datePublished":"2022-06-21T12:00:00+00:00","mainEntityOfPage":{"@id":"https:\/\/agenciainfra.com\/blog\/carta-da-concessionaria-de-viracopos-indica-que-ela-mantem-busca-por-reequilibrio-do-contrato\/"},"wordCount":1101,"publisher":{"@id":"https:\/\/agenciainfra.com\/blog\/#organization"},"image":{"@id":"https:\/\/agenciainfra.com\/blog\/carta-da-concessionaria-de-viracopos-indica-que-ela-mantem-busca-por-reequilibrio-do-contrato\/#primaryimage"},"thumbnailUrl":"https:\/\/agenciainfra.com\/blog\/wp-content\/uploads\/2020\/09\/aeroporto-de-viracopos-foto-ppi.jpeg","keywords":["Aeroporto de Viracopos","aeroportos","ANAC","avia\u00e7\u00e3o civil","concess\u00f5es aeroportu\u00e1rias","Infraestrutura","reequil\u00edbrio de contratos","TCU","transportes","Viracopos"],"articleSection":["Geral","iNFRATransporte"],"inLanguage":"pt-BR","copyrightYear":"2022","copyrightHolder":{"@id":"https:\/\/agenciainfra.com\/blog\/#organization"}},{"@type":"WebPage","@id":"https:\/\/agenciainfra.com\/blog\/carta-da-concessionaria-de-viracopos-indica-que-ela-mantem-busca-por-reequilibrio-do-contrato\/","url":"https:\/\/agenciainfra.com\/blog\/carta-da-concessionaria-de-viracopos-indica-que-ela-mantem-busca-por-reequilibrio-do-contrato\/","name":"Carta da concession\u00e1ria de Viracopos indica que ela mant\u00e9m busca por reequil\u00edbrio do contrato - Ag\u00eancia iNFRA","isPartOf":{"@id":"https:\/\/agenciainfra.com\/blog\/#website"},"primaryImageOfPage":{"@id":"https:\/\/agenciainfra.com\/blog\/carta-da-concessionaria-de-viracopos-indica-que-ela-mantem-busca-por-reequilibrio-do-contrato\/#primaryimage"},"image":{"@id":"https:\/\/agenciainfra.com\/blog\/carta-da-concessionaria-de-viracopos-indica-que-ela-mantem-busca-por-reequilibrio-do-contrato\/#primaryimage"},"thumbnailUrl":"https:\/\/agenciainfra.com\/blog\/wp-content\/uploads\/2020\/09\/aeroporto-de-viracopos-foto-ppi.jpeg","datePublished":"2022-06-21T12:00:00+00:00","breadcrumb":{"@id":"https:\/\/agenciainfra.com\/blog\/carta-da-concessionaria-de-viracopos-indica-que-ela-mantem-busca-por-reequilibrio-do-contrato\/#breadcrumb"},"inLanguage":"pt-BR","potentialAction":[{"@type":"ReadAction","target":["https:\/\/agenciainfra.com\/blog\/carta-da-concessionaria-de-viracopos-indica-que-ela-mantem-busca-por-reequilibrio-do-contrato\/"]}]},{"@type":"ImageObject","inLanguage":"pt-BR","@id":"https:\/\/agenciainfra.com\/blog\/carta-da-concessionaria-de-viracopos-indica-que-ela-mantem-busca-por-reequilibrio-do-contrato\/#primaryimage","url":"https:\/\/agenciainfra.com\/blog\/wp-content\/uploads\/2020\/09\/aeroporto-de-viracopos-foto-ppi.jpeg","contentUrl":"https:\/\/agenciainfra.com\/blog\/wp-content\/uploads\/2020\/09\/aeroporto-de-viracopos-foto-ppi.jpeg","width":1280,"height":847,"caption":"Foto: PPI"},{"@type":"BreadcrumbList","@id":"https:\/\/agenciainfra.com\/blog\/carta-da-concessionaria-de-viracopos-indica-que-ela-mantem-busca-por-reequilibrio-do-contrato\/#breadcrumb","itemListElement":[{"@type":"ListItem","position":1,"name":"In\u00edcio","item":"https:\/\/agenciainfra.com\/blog\/"},{"@type":"ListItem","position":2,"name":"Carta da concession\u00e1ria de Viracopos indica que ela mant\u00e9m busca por reequil\u00edbrio do contrato"}]},{"@type":"WebSite","@id":"https:\/\/agenciainfra.com\/blog\/#website","url":"https:\/\/agenciainfra.com\/blog\/","name":"Ag\u00eancia iNFRA","description":"Multiplataforma de informa\u00e7\u00e3o jornal\u00edstica refer\u00eancia na \u00e1rea de infraestrutura no Brasil!","publisher":{"@id":"https:\/\/agenciainfra.com\/blog\/#organization"},"potentialAction":[{"@type":"SearchAction","target":{"@type":"EntryPoint","urlTemplate":"https:\/\/agenciainfra.com\/blog\/?s={search_term_string}"},"query-input":{"@type":"PropertyValueSpecification","valueRequired":true,"valueName":"search_term_string"}}],"inLanguage":"pt-BR"},{"@type":"Organization","@id":"https:\/\/agenciainfra.com\/blog\/#organization","name":"Ag\u00eancia iNFRA","url":"https:\/\/agenciainfra.com\/blog\/","logo":{"@type":"ImageObject","inLanguage":"pt-BR","@id":"https:\/\/agenciainfra.com\/blog\/#\/schema\/logo\/image\/","url":"https:\/\/agenciainfra.com\/blog\/wp-content\/uploads\/2023\/09\/iNFRA_5-e1761735885940.png","contentUrl":"https:\/\/agenciainfra.com\/blog\/wp-content\/uploads\/2023\/09\/iNFRA_5-e1761735885940.png","width":1672,"height":454,"caption":"Ag\u00eancia iNFRA"},"image":{"@id":"https:\/\/agenciainfra.com\/blog\/#\/schema\/logo\/image\/"},"sameAs":["https:\/\/www.facebook.com\/ageninfra","https:\/\/x.com\/agencia_infra","https:\/\/www.linkedin.com\/company\/ag\u00eanciainfra\/","https:\/\/www.instagram.com\/agenciainfra\/"]},{"@type":"Person","@id":"https:\/\/agenciainfra.com\/blog\/#\/schema\/person\/34af08dff6adea4cb22b06612ba7acfa","name":"Ag\u00eancia iNFRA","image":{"@type":"ImageObject","inLanguage":"pt-BR","@id":"https:\/\/agenciainfra.com\/blog\/#\/schema\/person\/image\/","url":"https:\/\/secure.gravatar.com\/avatar\/d189e01678f06d8eb84d4e01f08eb848b3fffe3f8443818d3c356c66892f5be8?s=96&d=mm&r=g","contentUrl":"https:\/\/secure.gravatar.com\/avatar\/d189e01678f06d8eb84d4e01f08eb848b3fffe3f8443818d3c356c66892f5be8?s=96&d=mm&r=g","caption":"Ag\u00eancia iNFRA"},"url":"https:\/\/agenciainfra.com\/blog\/author\/admin\/"}]}},"_links":{"self":[{"href":"https:\/\/agenciainfra.com\/blog\/wp-json\/wp\/v2\/posts\/10696","targetHints":{"allow":["GET"]}}],"collection":[{"href":"https:\/\/agenciainfra.com\/blog\/wp-json\/wp\/v2\/posts"}],"about":[{"href":"https:\/\/agenciainfra.com\/blog\/wp-json\/wp\/v2\/types\/post"}],"author":[{"embeddable":true,"href":"https:\/\/agenciainfra.com\/blog\/wp-json\/wp\/v2\/users\/1"}],"replies":[{"embeddable":true,"href":"https:\/\/agenciainfra.com\/blog\/wp-json\/wp\/v2\/comments?post=10696"}],"version-history":[{"count":0,"href":"https:\/\/agenciainfra.com\/blog\/wp-json\/wp\/v2\/posts\/10696\/revisions"}],"wp:featuredmedia":[{"embeddable":true,"href":"https:\/\/agenciainfra.com\/blog\/wp-json\/wp\/v2\/media\/5865"}],"wp:attachment":[{"href":"https:\/\/agenciainfra.com\/blog\/wp-json\/wp\/v2\/media?parent=10696"}],"wp:term":[{"taxonomy":"category","embeddable":true,"href":"https:\/\/agenciainfra.com\/blog\/wp-json\/wp\/v2\/categories?post=10696"},{"taxonomy":"post_tag","embeddable":true,"href":"https:\/\/agenciainfra.com\/blog\/wp-json\/wp\/v2\/tags?post=10696"}],"curies":[{"name":"wp","href":"https:\/\/api.w.org\/{rel}","templated":true}]}}