{"id":10742,"date":"2022-06-28T09:00:00","date_gmt":"2022-06-28T12:00:00","guid":{"rendered":"https:\/\/www.agenciainfra.com\/blog\/?p=10742"},"modified":"2022-06-27T09:58:26","modified_gmt":"2022-06-27T12:58:26","slug":"parecer-da-agu-reconhece-isencao-de-iptu-em-areas-de-concessao-publica","status":"publish","type":"post","link":"https:\/\/agenciainfra.com\/blog\/parecer-da-agu-reconhece-isencao-de-iptu-em-areas-de-concessao-publica\/","title":{"rendered":"Parecer da AGU reconhece isen\u00e7\u00e3o de IPTU em \u00e1reas de concess\u00e3o p\u00fablica"},"content":{"rendered":"\n<p class=\"has-text-align-right\"><strong>Jenifer Ribeiro, da Ag\u00eancia iNFRA<\/strong><\/p>\n\n\n\n<p>A consultoria jur\u00eddica da AGU (Advocacia-Geral da Uni\u00e3o) publicou um&nbsp;<a href=\"https:\/\/agenciainfra.us14.list-manage.com\/track\/click?u=d460dd1bcf9ba0ae040e1fc0f&amp;id=1b1d58f8d9&amp;e=c099169394\" target=\"_blank\" rel=\"noreferrer noopener\">parecer<\/a>&nbsp;pontuando o \u201cdescabimento da incid\u00eancia de IPTU sobre qualquer parcela dos bens p\u00fablicos destinados \u00e0 concess\u00f5es da infraestrutura de transportes\u201d. A recomenda\u00e7\u00e3o \u00e9 que o documento seja usado como subs\u00eddio em eventuais a\u00e7\u00f5es judiciais acerca do tema.&nbsp;<br><br>Nos \u00faltimos anos, aumentou o n\u00famero de munic\u00edpios que est\u00e3o fazendo cobran\u00e7a desse imposto sobre todos os tipos de concession\u00e1rias, que se negam a pagar alegando que est\u00e3o gerindo um bem p\u00fablico sobre o qual n\u00e3o incide o IPTU.<br><br>Fabio Carvalho, CEO da Aneaa (Associa\u00e7\u00e3o Nacional das Empresas Administradoras de Aeroportos), disse que o posicionamento da AGU era um pleito antigo do setor aeroportu\u00e1rio e de transportes em geral.<br><br>Para ele, com a divulga\u00e7\u00e3o do parecer ser\u00e1 poss\u00edvel avaliar se o documento \u201c\u00e9 suficiente para obter o maior \u00eaxito nas a\u00e7\u00f5es que j\u00e1 est\u00e3o acontecendo ou se \u00e9 o caso de ingressar de maneira a proibir todas as a\u00e7\u00f5es\u201d.<br><br>De acordo com&nbsp;o advogado especializado na \u00e1rea de concess\u00f5es de transportes&nbsp;Massami Uyeda Jr., &#8220;a AGU est\u00e1 tentando, com as a\u00e7\u00f5es em andamento, construir uma nova jurisprud\u00eancia para chegar no Supremo\u201d e reverter duas decis\u00f5es de 2017 sobre o assunto.<br><br>Mesmo com o parecer de lavra, tanto o CEO da Aneaa quanto Massami declaram que a falta de entendimento jur\u00eddicos sobre&nbsp;a incid\u00eancia do IPTU gera inseguran\u00e7a jur\u00eddica para o setor de transportes e pode afetar os futuros leil\u00f5es.<br><br><strong>Entendimento do STF<\/strong><br>O entendimento do STF (Supremo Tribunal Federal) era reconhecer que havia a imunidade rec\u00edproca entre os entes federados, o que garantia que as concession\u00e1rias tivessem isen\u00e7\u00e3o no IPTU.&nbsp;<br><br>Mas, esse entendimento mudou em 2017. No primeiro caso, a Suprema Corte admitiu a incid\u00eancia de IPTU, cobrado pelo munic\u00edpio do Rio de Janeiro, em uma \u00e1rea concessionada que havia sido alugada para uma concession\u00e1ria de ve\u00edculos. Os ministros conclu\u00edram que, como os locat\u00e1rios pr\u00f3ximos privados pagavam o imposto, havia um problema concorrencial.<br><br>O segundo caso que abriu par\u00e2metro para a jurisprud\u00eancia da cobran\u00e7a foi a incid\u00eancia de IPTU, pelo munic\u00edpio de Santos, sobre terreno da Uni\u00e3o arrendado \u00e0 companhia que administra o Porto de Santos.<br><br>A Constitui\u00e7\u00e3o veda a cobran\u00e7a de impostos entre os entes federados, a chamada imunidade rec\u00edproca. Ou seja, im\u00f3veis de propriedade da Uni\u00e3o n\u00e3o poderiam ser tributados por munic\u00edpios.<br><br>No entanto, no mesmo artigo h\u00e1 a men\u00e7\u00e3o de que a imunidade n\u00e3o se aplica nos casos \u201crelacionados com explora\u00e7\u00e3o de atividades econ\u00f4micas regidas pelas normas aplic\u00e1veis a empreendimentos privados, ou em que haja contrapresta\u00e7\u00e3o ou pagamento de pre\u00e7os ou tarifas pelo usu\u00e1rio, nem exonera o promitente comprador da obriga\u00e7\u00e3o de pagar imposto relativamente ao bem im\u00f3vel\u201d.<br><br><strong>Previs\u00e3o em contrato<\/strong><br>A incid\u00eancia de IPTU em \u00e1reas de concess\u00e3o n\u00e3o foi prevista na maioria dos contratos de concess\u00e3o de transportes e isso permite que seja solicitado&nbsp;o reequil\u00edbrio econ\u00f4mico-financeiro desses contratos. Por\u00e9m, para Massami esse reequil\u00edbrio n\u00e3o \u00e9 autom\u00e1tico e pode demorar alguns anos.&nbsp;<br><br>\u201cAs vezes demora anos para o poder concedente aceitar o conceito de que ele tem que reequilibrar [o contrato], e durante esses anos a concession\u00e1ria tem que pagar. Existe um descasamento de caixa\u201d, disse.<br><br>Al\u00e9m disso, segundo o advogado, a demora para que o contrato seja reequilibrado faz com que ou haja precariza\u00e7\u00e3o do servi\u00e7o, ou a rentabilidade do projeto diminua, ou at\u00e9 que a tarifa aumente para o consumidor final.<\/p>\n","protected":false},"excerpt":{"rendered":"<p>Jenifer Ribeiro, da Ag\u00eancia iNFRA A consultoria jur\u00eddica da AGU (Advocacia-Geral da Uni\u00e3o) publicou um&nbsp;parecer&nbsp;pontuando o \u201cdescabimento da incid\u00eancia de IPTU sobre qualquer parcela dos bens p\u00fablicos destinados \u00e0 concess\u00f5es da infraestrutura de transportes\u201d. A recomenda\u00e7\u00e3o \u00e9 que o documento seja usado como subs\u00eddio em eventuais a\u00e7\u00f5es judiciais acerca do tema.&nbsp; Nos \u00faltimos anos, aumentou [&hellip;]<\/p>\n","protected":false},"author":9,"featured_media":10743,"comment_status":"closed","ping_status":"closed","sticky":false,"template":"","format":"standard","meta":{"_monsterinsights_skip_tracking":false,"_monsterinsights_sitenote_active":false,"_monsterinsights_sitenote_note":"","_monsterinsights_sitenote_category":0,"footnotes":""},"categories":[1,7],"tags":[353,1373,5439,34,3196,196,260,4188,372,70],"class_list":["post-10742","post","type-post","status-publish","format-standard","has-post-thumbnail","hentry","category-geral","category-infratransporte","tag-agu","tag-aneaa","tag-concessao-publica","tag-infraestrutura","tag-inseguranca-juridica","tag-iptu","tag-porto-de-santos","tag-setor-aeroportuario","tag-stf","tag-transportes"],"yoast_head":"<!-- This site is optimized with the Yoast SEO Premium plugin v25.4 (Yoast SEO v26.0) - https:\/\/yoast.com\/wordpress\/plugins\/seo\/ -->\n<title>Parecer da AGU reconhece isen\u00e7\u00e3o de IPTU em \u00e1reas de concess\u00e3o p\u00fablica - Ag\u00eancia iNFRA<\/title>\n<meta name=\"robots\" content=\"index, follow, max-snippet:-1, max-image-preview:large, max-video-preview:-1\" \/>\n<link rel=\"canonical\" href=\"https:\/\/agenciainfra.com\/blog\/parecer-da-agu-reconhece-isencao-de-iptu-em-areas-de-concessao-publica\/\" \/>\n<meta property=\"og:locale\" content=\"pt_BR\" \/>\n<meta property=\"og:type\" content=\"article\" \/>\n<meta property=\"og:title\" content=\"Parecer da AGU reconhece isen\u00e7\u00e3o de IPTU em \u00e1reas de concess\u00e3o p\u00fablica\" \/>\n<meta property=\"og:description\" content=\"Jenifer Ribeiro, da Ag\u00eancia iNFRA A consultoria jur\u00eddica da AGU (Advocacia-Geral da Uni\u00e3o) publicou um&nbsp;parecer&nbsp;pontuando o \u201cdescabimento da incid\u00eancia de IPTU sobre qualquer parcela dos bens p\u00fablicos destinados \u00e0 concess\u00f5es da infraestrutura de transportes\u201d. A recomenda\u00e7\u00e3o \u00e9 que o documento seja usado como subs\u00eddio em eventuais a\u00e7\u00f5es judiciais acerca do tema.&nbsp; Nos \u00faltimos anos, aumentou [&hellip;]\" \/>\n<meta property=\"og:url\" content=\"https:\/\/agenciainfra.com\/blog\/parecer-da-agu-reconhece-isencao-de-iptu-em-areas-de-concessao-publica\/\" \/>\n<meta property=\"og:site_name\" content=\"Ag\u00eancia iNFRA\" \/>\n<meta property=\"article:publisher\" content=\"https:\/\/www.facebook.com\/ageninfra\" \/>\n<meta property=\"article:published_time\" content=\"2022-06-28T12:00:00+00:00\" \/>\n<meta property=\"og:image\" content=\"https:\/\/agenciainfra.com\/blog\/wp-content\/uploads\/2022\/06\/sede-AGU-foto-sergio-moraes-ascom-AGU.jpeg\" \/>\n\t<meta property=\"og:image:width\" content=\"1280\" \/>\n\t<meta property=\"og:image:height\" content=\"859\" \/>\n\t<meta property=\"og:image:type\" content=\"image\/jpeg\" \/>\n<meta name=\"author\" content=\"Rodrigo Zuquim\" \/>\n<meta name=\"twitter:card\" content=\"summary_large_image\" \/>\n<meta name=\"twitter:creator\" content=\"@agencia_infra\" \/>\n<meta name=\"twitter:site\" content=\"@agencia_infra\" \/>\n<meta name=\"twitter:label1\" content=\"Escrito por\" \/>\n\t<meta name=\"twitter:data1\" content=\"Rodrigo Zuquim\" \/>\n\t<meta name=\"twitter:label2\" content=\"Est. tempo de leitura\" \/>\n\t<meta name=\"twitter:data2\" content=\"3 minutos\" \/>\n<script type=\"application\/ld+json\" class=\"yoast-schema-graph\">{\"@context\":\"https:\/\/schema.org\",\"@graph\":[{\"@type\":\"Article\",\"@id\":\"https:\/\/agenciainfra.com\/blog\/parecer-da-agu-reconhece-isencao-de-iptu-em-areas-de-concessao-publica\/#article\",\"isPartOf\":{\"@id\":\"https:\/\/agenciainfra.com\/blog\/parecer-da-agu-reconhece-isencao-de-iptu-em-areas-de-concessao-publica\/\"},\"author\":{\"name\":\"Rodrigo Zuquim\",\"@id\":\"https:\/\/agenciainfra.com\/blog\/#\/schema\/person\/04dbb79bd6d8951f063da71f3e4c1eb1\"},\"headline\":\"Parecer da AGU reconhece isen\u00e7\u00e3o de IPTU em \u00e1reas de concess\u00e3o p\u00fablica\",\"datePublished\":\"2022-06-28T12:00:00+00:00\",\"mainEntityOfPage\":{\"@id\":\"https:\/\/agenciainfra.com\/blog\/parecer-da-agu-reconhece-isencao-de-iptu-em-areas-de-concessao-publica\/\"},\"wordCount\":658,\"publisher\":{\"@id\":\"https:\/\/agenciainfra.com\/blog\/#organization\"},\"image\":{\"@id\":\"https:\/\/agenciainfra.com\/blog\/parecer-da-agu-reconhece-isencao-de-iptu-em-areas-de-concessao-publica\/#primaryimage\"},\"thumbnailUrl\":\"https:\/\/agenciainfra.com\/blog\/wp-content\/uploads\/2022\/06\/sede-AGU-foto-sergio-moraes-ascom-AGU.jpeg\",\"keywords\":[\"AGU\",\"Aneaa\",\"concess\u00e3o p\u00fablica\",\"Infraestrutura\",\"inseguran\u00e7a jur\u00eddica\",\"IPTU\",\"Porto de Santos\",\"setor aeroportu\u00e1rio\",\"STF\",\"transportes\"],\"articleSection\":[\"Geral\",\"iNFRATransporte\"],\"inLanguage\":\"pt-BR\",\"copyrightYear\":\"2022\",\"copyrightHolder\":{\"@id\":\"https:\/\/agenciainfra.com\/blog\/#organization\"}},{\"@type\":\"WebPage\",\"@id\":\"https:\/\/agenciainfra.com\/blog\/parecer-da-agu-reconhece-isencao-de-iptu-em-areas-de-concessao-publica\/\",\"url\":\"https:\/\/agenciainfra.com\/blog\/parecer-da-agu-reconhece-isencao-de-iptu-em-areas-de-concessao-publica\/\",\"name\":\"Parecer da AGU reconhece isen\u00e7\u00e3o de IPTU em \u00e1reas de concess\u00e3o p\u00fablica - Ag\u00eancia iNFRA\",\"isPartOf\":{\"@id\":\"https:\/\/agenciainfra.com\/blog\/#website\"},\"primaryImageOfPage\":{\"@id\":\"https:\/\/agenciainfra.com\/blog\/parecer-da-agu-reconhece-isencao-de-iptu-em-areas-de-concessao-publica\/#primaryimage\"},\"image\":{\"@id\":\"https:\/\/agenciainfra.com\/blog\/parecer-da-agu-reconhece-isencao-de-iptu-em-areas-de-concessao-publica\/#primaryimage\"},\"thumbnailUrl\":\"https:\/\/agenciainfra.com\/blog\/wp-content\/uploads\/2022\/06\/sede-AGU-foto-sergio-moraes-ascom-AGU.jpeg\",\"datePublished\":\"2022-06-28T12:00:00+00:00\",\"breadcrumb\":{\"@id\":\"https:\/\/agenciainfra.com\/blog\/parecer-da-agu-reconhece-isencao-de-iptu-em-areas-de-concessao-publica\/#breadcrumb\"},\"inLanguage\":\"pt-BR\",\"potentialAction\":[{\"@type\":\"ReadAction\",\"target\":[\"https:\/\/agenciainfra.com\/blog\/parecer-da-agu-reconhece-isencao-de-iptu-em-areas-de-concessao-publica\/\"]}]},{\"@type\":\"ImageObject\",\"inLanguage\":\"pt-BR\",\"@id\":\"https:\/\/agenciainfra.com\/blog\/parecer-da-agu-reconhece-isencao-de-iptu-em-areas-de-concessao-publica\/#primaryimage\",\"url\":\"https:\/\/agenciainfra.com\/blog\/wp-content\/uploads\/2022\/06\/sede-AGU-foto-sergio-moraes-ascom-AGU.jpeg\",\"contentUrl\":\"https:\/\/agenciainfra.com\/blog\/wp-content\/uploads\/2022\/06\/sede-AGU-foto-sergio-moraes-ascom-AGU.jpeg\",\"width\":1280,\"height\":859},{\"@type\":\"BreadcrumbList\",\"@id\":\"https:\/\/agenciainfra.com\/blog\/parecer-da-agu-reconhece-isencao-de-iptu-em-areas-de-concessao-publica\/#breadcrumb\",\"itemListElement\":[{\"@type\":\"ListItem\",\"position\":1,\"name\":\"In\u00edcio\",\"item\":\"https:\/\/agenciainfra.com\/blog\/\"},{\"@type\":\"ListItem\",\"position\":2,\"name\":\"Parecer da AGU reconhece isen\u00e7\u00e3o de IPTU em \u00e1reas de concess\u00e3o p\u00fablica\"}]},{\"@type\":\"WebSite\",\"@id\":\"https:\/\/agenciainfra.com\/blog\/#website\",\"url\":\"https:\/\/agenciainfra.com\/blog\/\",\"name\":\"Ag\u00eancia iNFRA\",\"description\":\"Multiplataforma de informa\u00e7\u00e3o jornal\u00edstica refer\u00eancia na \u00e1rea de infraestrutura no Brasil!\",\"publisher\":{\"@id\":\"https:\/\/agenciainfra.com\/blog\/#organization\"},\"potentialAction\":[{\"@type\":\"SearchAction\",\"target\":{\"@type\":\"EntryPoint\",\"urlTemplate\":\"https:\/\/agenciainfra.com\/blog\/?s={search_term_string}\"},\"query-input\":{\"@type\":\"PropertyValueSpecification\",\"valueRequired\":true,\"valueName\":\"search_term_string\"}}],\"inLanguage\":\"pt-BR\"},{\"@type\":\"Organization\",\"@id\":\"https:\/\/agenciainfra.com\/blog\/#organization\",\"name\":\"Ag\u00eancia iNFRA\",\"url\":\"https:\/\/agenciainfra.com\/blog\/\",\"logo\":{\"@type\":\"ImageObject\",\"inLanguage\":\"pt-BR\",\"@id\":\"https:\/\/agenciainfra.com\/blog\/#\/schema\/logo\/image\/\",\"url\":\"https:\/\/agenciainfra.com\/blog\/wp-content\/uploads\/2023\/09\/iNFRA_5-e1761735885940.png\",\"contentUrl\":\"https:\/\/agenciainfra.com\/blog\/wp-content\/uploads\/2023\/09\/iNFRA_5-e1761735885940.png\",\"width\":1672,\"height\":454,\"caption\":\"Ag\u00eancia iNFRA\"},\"image\":{\"@id\":\"https:\/\/agenciainfra.com\/blog\/#\/schema\/logo\/image\/\"},\"sameAs\":[\"https:\/\/www.facebook.com\/ageninfra\",\"https:\/\/x.com\/agencia_infra\",\"https:\/\/www.linkedin.com\/company\/ag\u00eanciainfra\/\",\"https:\/\/www.instagram.com\/agenciainfra\/\"]},{\"@type\":\"Person\",\"@id\":\"https:\/\/agenciainfra.com\/blog\/#\/schema\/person\/04dbb79bd6d8951f063da71f3e4c1eb1\",\"name\":\"Rodrigo Zuquim\",\"image\":{\"@type\":\"ImageObject\",\"inLanguage\":\"pt-BR\",\"@id\":\"https:\/\/agenciainfra.com\/blog\/#\/schema\/person\/image\/\",\"url\":\"https:\/\/secure.gravatar.com\/avatar\/594abfe82761d620726242ff34ca472a705a4b97f16c790053a6b4c4035274d0?s=96&d=mm&r=g\",\"contentUrl\":\"https:\/\/secure.gravatar.com\/avatar\/594abfe82761d620726242ff34ca472a705a4b97f16c790053a6b4c4035274d0?s=96&d=mm&r=g\",\"caption\":\"Rodrigo Zuquim\"},\"url\":\"https:\/\/agenciainfra.com\/blog\/author\/rodrigo-zuquim\/\"}]}<\/script>\n<!-- \/ Yoast SEO Premium plugin. -->","yoast_head_json":{"title":"Parecer da AGU reconhece isen\u00e7\u00e3o de IPTU em \u00e1reas de concess\u00e3o p\u00fablica - Ag\u00eancia iNFRA","robots":{"index":"index","follow":"follow","max-snippet":"max-snippet:-1","max-image-preview":"max-image-preview:large","max-video-preview":"max-video-preview:-1"},"canonical":"https:\/\/agenciainfra.com\/blog\/parecer-da-agu-reconhece-isencao-de-iptu-em-areas-de-concessao-publica\/","og_locale":"pt_BR","og_type":"article","og_title":"Parecer da AGU reconhece isen\u00e7\u00e3o de IPTU em \u00e1reas de concess\u00e3o p\u00fablica","og_description":"Jenifer Ribeiro, da Ag\u00eancia iNFRA A consultoria jur\u00eddica da AGU (Advocacia-Geral da Uni\u00e3o) publicou um&nbsp;parecer&nbsp;pontuando o \u201cdescabimento da incid\u00eancia de IPTU sobre qualquer parcela dos bens p\u00fablicos destinados \u00e0 concess\u00f5es da infraestrutura de transportes\u201d. A recomenda\u00e7\u00e3o \u00e9 que o documento seja usado como subs\u00eddio em eventuais a\u00e7\u00f5es judiciais acerca do tema.&nbsp; Nos \u00faltimos anos, aumentou [&hellip;]","og_url":"https:\/\/agenciainfra.com\/blog\/parecer-da-agu-reconhece-isencao-de-iptu-em-areas-de-concessao-publica\/","og_site_name":"Ag\u00eancia iNFRA","article_publisher":"https:\/\/www.facebook.com\/ageninfra","article_published_time":"2022-06-28T12:00:00+00:00","og_image":[{"width":1280,"height":859,"url":"https:\/\/agenciainfra.com\/blog\/wp-content\/uploads\/2022\/06\/sede-AGU-foto-sergio-moraes-ascom-AGU.jpeg","type":"image\/jpeg"}],"author":"Rodrigo Zuquim","twitter_card":"summary_large_image","twitter_creator":"@agencia_infra","twitter_site":"@agencia_infra","twitter_misc":{"Escrito por":"Rodrigo Zuquim","Est. tempo de leitura":"3 minutos"},"schema":{"@context":"https:\/\/schema.org","@graph":[{"@type":"Article","@id":"https:\/\/agenciainfra.com\/blog\/parecer-da-agu-reconhece-isencao-de-iptu-em-areas-de-concessao-publica\/#article","isPartOf":{"@id":"https:\/\/agenciainfra.com\/blog\/parecer-da-agu-reconhece-isencao-de-iptu-em-areas-de-concessao-publica\/"},"author":{"name":"Rodrigo Zuquim","@id":"https:\/\/agenciainfra.com\/blog\/#\/schema\/person\/04dbb79bd6d8951f063da71f3e4c1eb1"},"headline":"Parecer da AGU reconhece isen\u00e7\u00e3o de IPTU em \u00e1reas de concess\u00e3o p\u00fablica","datePublished":"2022-06-28T12:00:00+00:00","mainEntityOfPage":{"@id":"https:\/\/agenciainfra.com\/blog\/parecer-da-agu-reconhece-isencao-de-iptu-em-areas-de-concessao-publica\/"},"wordCount":658,"publisher":{"@id":"https:\/\/agenciainfra.com\/blog\/#organization"},"image":{"@id":"https:\/\/agenciainfra.com\/blog\/parecer-da-agu-reconhece-isencao-de-iptu-em-areas-de-concessao-publica\/#primaryimage"},"thumbnailUrl":"https:\/\/agenciainfra.com\/blog\/wp-content\/uploads\/2022\/06\/sede-AGU-foto-sergio-moraes-ascom-AGU.jpeg","keywords":["AGU","Aneaa","concess\u00e3o p\u00fablica","Infraestrutura","inseguran\u00e7a jur\u00eddica","IPTU","Porto de Santos","setor aeroportu\u00e1rio","STF","transportes"],"articleSection":["Geral","iNFRATransporte"],"inLanguage":"pt-BR","copyrightYear":"2022","copyrightHolder":{"@id":"https:\/\/agenciainfra.com\/blog\/#organization"}},{"@type":"WebPage","@id":"https:\/\/agenciainfra.com\/blog\/parecer-da-agu-reconhece-isencao-de-iptu-em-areas-de-concessao-publica\/","url":"https:\/\/agenciainfra.com\/blog\/parecer-da-agu-reconhece-isencao-de-iptu-em-areas-de-concessao-publica\/","name":"Parecer da AGU reconhece isen\u00e7\u00e3o de IPTU em \u00e1reas de concess\u00e3o p\u00fablica - Ag\u00eancia iNFRA","isPartOf":{"@id":"https:\/\/agenciainfra.com\/blog\/#website"},"primaryImageOfPage":{"@id":"https:\/\/agenciainfra.com\/blog\/parecer-da-agu-reconhece-isencao-de-iptu-em-areas-de-concessao-publica\/#primaryimage"},"image":{"@id":"https:\/\/agenciainfra.com\/blog\/parecer-da-agu-reconhece-isencao-de-iptu-em-areas-de-concessao-publica\/#primaryimage"},"thumbnailUrl":"https:\/\/agenciainfra.com\/blog\/wp-content\/uploads\/2022\/06\/sede-AGU-foto-sergio-moraes-ascom-AGU.jpeg","datePublished":"2022-06-28T12:00:00+00:00","breadcrumb":{"@id":"https:\/\/agenciainfra.com\/blog\/parecer-da-agu-reconhece-isencao-de-iptu-em-areas-de-concessao-publica\/#breadcrumb"},"inLanguage":"pt-BR","potentialAction":[{"@type":"ReadAction","target":["https:\/\/agenciainfra.com\/blog\/parecer-da-agu-reconhece-isencao-de-iptu-em-areas-de-concessao-publica\/"]}]},{"@type":"ImageObject","inLanguage":"pt-BR","@id":"https:\/\/agenciainfra.com\/blog\/parecer-da-agu-reconhece-isencao-de-iptu-em-areas-de-concessao-publica\/#primaryimage","url":"https:\/\/agenciainfra.com\/blog\/wp-content\/uploads\/2022\/06\/sede-AGU-foto-sergio-moraes-ascom-AGU.jpeg","contentUrl":"https:\/\/agenciainfra.com\/blog\/wp-content\/uploads\/2022\/06\/sede-AGU-foto-sergio-moraes-ascom-AGU.jpeg","width":1280,"height":859},{"@type":"BreadcrumbList","@id":"https:\/\/agenciainfra.com\/blog\/parecer-da-agu-reconhece-isencao-de-iptu-em-areas-de-concessao-publica\/#breadcrumb","itemListElement":[{"@type":"ListItem","position":1,"name":"In\u00edcio","item":"https:\/\/agenciainfra.com\/blog\/"},{"@type":"ListItem","position":2,"name":"Parecer da AGU reconhece isen\u00e7\u00e3o de IPTU em \u00e1reas de concess\u00e3o p\u00fablica"}]},{"@type":"WebSite","@id":"https:\/\/agenciainfra.com\/blog\/#website","url":"https:\/\/agenciainfra.com\/blog\/","name":"Ag\u00eancia iNFRA","description":"Multiplataforma de informa\u00e7\u00e3o jornal\u00edstica refer\u00eancia na \u00e1rea de infraestrutura no Brasil!","publisher":{"@id":"https:\/\/agenciainfra.com\/blog\/#organization"},"potentialAction":[{"@type":"SearchAction","target":{"@type":"EntryPoint","urlTemplate":"https:\/\/agenciainfra.com\/blog\/?s={search_term_string}"},"query-input":{"@type":"PropertyValueSpecification","valueRequired":true,"valueName":"search_term_string"}}],"inLanguage":"pt-BR"},{"@type":"Organization","@id":"https:\/\/agenciainfra.com\/blog\/#organization","name":"Ag\u00eancia iNFRA","url":"https:\/\/agenciainfra.com\/blog\/","logo":{"@type":"ImageObject","inLanguage":"pt-BR","@id":"https:\/\/agenciainfra.com\/blog\/#\/schema\/logo\/image\/","url":"https:\/\/agenciainfra.com\/blog\/wp-content\/uploads\/2023\/09\/iNFRA_5-e1761735885940.png","contentUrl":"https:\/\/agenciainfra.com\/blog\/wp-content\/uploads\/2023\/09\/iNFRA_5-e1761735885940.png","width":1672,"height":454,"caption":"Ag\u00eancia iNFRA"},"image":{"@id":"https:\/\/agenciainfra.com\/blog\/#\/schema\/logo\/image\/"},"sameAs":["https:\/\/www.facebook.com\/ageninfra","https:\/\/x.com\/agencia_infra","https:\/\/www.linkedin.com\/company\/ag\u00eanciainfra\/","https:\/\/www.instagram.com\/agenciainfra\/"]},{"@type":"Person","@id":"https:\/\/agenciainfra.com\/blog\/#\/schema\/person\/04dbb79bd6d8951f063da71f3e4c1eb1","name":"Rodrigo Zuquim","image":{"@type":"ImageObject","inLanguage":"pt-BR","@id":"https:\/\/agenciainfra.com\/blog\/#\/schema\/person\/image\/","url":"https:\/\/secure.gravatar.com\/avatar\/594abfe82761d620726242ff34ca472a705a4b97f16c790053a6b4c4035274d0?s=96&d=mm&r=g","contentUrl":"https:\/\/secure.gravatar.com\/avatar\/594abfe82761d620726242ff34ca472a705a4b97f16c790053a6b4c4035274d0?s=96&d=mm&r=g","caption":"Rodrigo Zuquim"},"url":"https:\/\/agenciainfra.com\/blog\/author\/rodrigo-zuquim\/"}]}},"_links":{"self":[{"href":"https:\/\/agenciainfra.com\/blog\/wp-json\/wp\/v2\/posts\/10742","targetHints":{"allow":["GET"]}}],"collection":[{"href":"https:\/\/agenciainfra.com\/blog\/wp-json\/wp\/v2\/posts"}],"about":[{"href":"https:\/\/agenciainfra.com\/blog\/wp-json\/wp\/v2\/types\/post"}],"author":[{"embeddable":true,"href":"https:\/\/agenciainfra.com\/blog\/wp-json\/wp\/v2\/users\/9"}],"replies":[{"embeddable":true,"href":"https:\/\/agenciainfra.com\/blog\/wp-json\/wp\/v2\/comments?post=10742"}],"version-history":[{"count":0,"href":"https:\/\/agenciainfra.com\/blog\/wp-json\/wp\/v2\/posts\/10742\/revisions"}],"wp:featuredmedia":[{"embeddable":true,"href":"https:\/\/agenciainfra.com\/blog\/wp-json\/wp\/v2\/media\/10743"}],"wp:attachment":[{"href":"https:\/\/agenciainfra.com\/blog\/wp-json\/wp\/v2\/media?parent=10742"}],"wp:term":[{"taxonomy":"category","embeddable":true,"href":"https:\/\/agenciainfra.com\/blog\/wp-json\/wp\/v2\/categories?post=10742"},{"taxonomy":"post_tag","embeddable":true,"href":"https:\/\/agenciainfra.com\/blog\/wp-json\/wp\/v2\/tags?post=10742"}],"curies":[{"name":"wp","href":"https:\/\/api.w.org\/{rel}","templated":true}]}}