{"id":10776,"date":"2022-07-02T09:00:00","date_gmt":"2022-07-02T12:00:00","guid":{"rendered":"https:\/\/www.agenciainfra.com\/blog\/?p=10776"},"modified":"2022-07-01T08:25:21","modified_gmt":"2022-07-01T11:25:21","slug":"ministerio-nao-ve-risco-de-paralisacao-de-obras","status":"publish","type":"post","link":"https:\/\/agenciainfra.com\/blog\/ministerio-nao-ve-risco-de-paralisacao-de-obras\/","title":{"rendered":"Minist\u00e9rio n\u00e3o v\u00ea risco de paralisa\u00e7\u00e3o de obras"},"content":{"rendered":"\n<p class=\"has-text-align-right\"><strong>Jenifer Ribeiro e Dimmi Amora, da Ag\u00eancia iNFRA<\/strong><\/p>\n\n\n\n<p>O Minist\u00e9rio da Infraestrutura n\u00e3o v\u00ea risco de paralisa\u00e7\u00e3o de obras que est\u00e3o sendo tocadas com recursos p\u00fablicos neste ano devido ao aumento dos custos de insumos para a constru\u00e7\u00e3o civil em n\u00edveis acima dos \u00edndices inflacion\u00e1rios que reajustam contratos.\u00a0<br><br>\u201cO minist\u00e9rio junto com o DNIT [Departamento Nacional de Infraestrutura de Transportes]\u00a0j\u00e1 enfrentou esse assunto em 2019, quando a gente teve um aumento expressivo do cimento asf\u00e1ltico.\u00a0Foi adotada uma medida que resolveu o problema naquela \u00e9poca e a gente est\u00e1 indo na mesma linha\u201d, explicou o secret\u00e1rio nacional de Transportes Terrestres, Felipe Queiroz.<br><br>Segundo Queiroz, o minist\u00e9rio e o DNIT est\u00e3o &#8220;criando um entendimento e seguran\u00e7a jur\u00eddica para essa quest\u00e3o e isso vai culminar em uma a\u00e7\u00e3o que evite essa paralisa\u00e7\u00e3o e qualquer questionamento l\u00e1 na frente&#8221;.<br><br>A afirma\u00e7\u00e3o foi feita durante o evento de divulga\u00e7\u00e3o do balan\u00e7o do 1\u00ba semestre de 2022 do Minist\u00e9rio da Infraestrutura, realizado na \u00faltima quinta-feira (30).<br><br>Desde setembro do ano passado as construtoras v\u00eam alertando que o descolamento dos pre\u00e7os dos insumos em rela\u00e7\u00e3o aos \u00edndices de corre\u00e7\u00e3o dos contratos est\u00e1 inviabilizando a continuidade das obras. Uma nota t\u00e9cnica do DNIT indicou a necessidade de se proceder a um reequil\u00edbrio. Nesta semana, o minist\u00e9rio fez outra nota t\u00e9cnica, autorizando o DNIT a fazer os reequil\u00edbrios.<br><br>A\u00a0avalia\u00e7\u00e3o da\u00a0pasta \u00e9 que isso tende a resolver o problema. Mas as empresa est\u00e3o c\u00e9ticas sobre o tema. Reuni\u00f5es que ocorreram nesta semana na Casa Civil indicaram que o governo tem &#8220;pouca vontade&#8221; em solucionar o problema, de acordo com um interlocutor.\u00a0<br><br>O ministro da Infraestrutura, Marcelo Sampaio, informou ainda que um\u00a0valor suplementar previsto para o segundo semestre, oriundo de recursos para\u00a0ferrovias, \u201cvai dar um f\u00f4lego para que possamos avan\u00e7ar nas obras estruturantes do DNIT\u201d.<br><br><strong>Dimensionamento de pavimentos<\/strong><br>O DNIT pretende come\u00e7ar a implementar o Projeto MeDiNa (M\u00e9todo de Dimensionamento Nacional de Pavimentos) em 2023, de acordo com o planejamento do Minist\u00e9rio da Infraestrutura. O m\u00e9todo, que atualmente est\u00e1 em fase de calibra\u00e7\u00e3o, est\u00e1 sendo desenvolvido em parceria entre o IPR\/DPP (Instituto de Pesquisas Rodovi\u00e1rias do DNIT) e a UFRJ (Universidade Federal do Rio de Janeiro).<br><br>O minist\u00e9rio\u00a0explica que o programa prev\u00ea o comportamento da estrutura do pavimento durante a sua vida \u00fatil de forma mais efetiva a fim de garantir o desempenho adequado do pavimento. Entre as vari\u00e1veis medidas est\u00e3o as condi\u00e7\u00f5es de tr\u00e1fego e o clima da rodovia.<br><br><strong>Concess\u00f5es em 2023<\/strong><br>No balan\u00e7o apresentado, o ministro afirmou que a expectativa \u00e9 conceder 44 ativos em 2023, sem especificar quais. Em 2022, com os leil\u00f5es previstos, Sampaio\u00a0espera a contrata\u00e7\u00e3o de mais R$ 100 bilh\u00f5es em investimentos, somente no segundo semestre.<br><br>Para a privatiza\u00e7\u00e3o do\u00a0Porto de Santos, o esperado \u00e9 protocolar at\u00e9 o final do m\u00eas de julho os estudos referentes \u00e0 desestatiza\u00e7\u00e3o para conseguir realizar o leil\u00e3o no m\u00e1ximo em dezembro deste ano.\u00a0O minist\u00e9rio estima que\u00a0a an\u00e1lise do TCU (Tribunal de Contas da Uni\u00e3o) demore em m\u00e9dia entre 60 a 70 dias para ser conclu\u00edda, o que \u00e9 um prazo irreal para esse tipo de an\u00e1lise.<br><br>Mas Sampaio disse que os ministros talvez demorem menos de dois meses. Isso se d\u00e1, segundo ele, pela semelhan\u00e7a do projeto de Santos com o da Codesa (Companhia Docas do Esp\u00edrito Santo).<br><br>\u201cO TCU pode ser mais c\u00e9lere neste processo. Ele j\u00e1 analisou o processo da Codesa recentemente. O modelo \u00e9 muito pr\u00f3ximo e n\u00f3s temos visto o TCU agir assim tamb\u00e9m no setor de avia\u00e7\u00e3o\u201d, disse o ministro.<br><br><strong>Asga no TCU\u00a0<\/strong><br>Outro leil\u00e3o esperado para este ano \u00e9 o de relicita\u00e7\u00e3o do Asga (Aeroporto de S\u00e3o Gon\u00e7alo do Amarante), no Rio Grande do Norte. A previs\u00e3o do governo \u00e9 de que ele aconte\u00e7a em setembro.<br><br>No entanto, o processo ainda n\u00e3o foi julgado pelo TCU. Na quarta-feira (29) ele chegou a ser inclu\u00eddo na pauta, mas foi retirado devido ao prolongamento da discuss\u00e3o, pela manh\u00e3, da an\u00e1lise das contas de gest\u00e3o de 2021 do presidente Jair Bolsonaro.\u00a0<br><br>O governo vem trabalhando tamb\u00e9m para assinar o termo aditivo de renova\u00e7\u00e3o antecipada da MRS Log\u00edstica at\u00e9 julho. Com isso, a empresa continuar\u00e1 respons\u00e1vel pelos mais de 1,6 mil quil\u00f4metros de trilhos na regi\u00e3o Sudeste. Os investimentos previstos s\u00e3o na ordem de R$ 9,7 bilh\u00f5es.<br><br><strong>Leil\u00f5es de 2022<\/strong><br>Entre os leil\u00f5es que o minist\u00e9rio trabalha para acontecer ainda em 2022 est\u00e3o o da BR-381\/262\/MG\/ES, os dois primeiros lotes de rodovias do Paran\u00e1, as concess\u00f5es do Porto de S\u00e3o Sebasti\u00e3o (SP) e do Porto de Itaja\u00ed (SC), 16 arrendamento de terminais portu\u00e1rios e, no dia 18 de agosto, o certame da 7\u00aa rodada de concess\u00f5es aeroportu\u00e1rias.<br><br>No primeiro semestre deste ano, foram contratados R$ 12,5 bilh\u00f5es em investimentos com o setor privado. De 2019 a junho de 2022, foram pouco mais de\u00a0R$ 100 bilh\u00f5es. Ao todo, nos primeiros seis meses do ano, foram 43 entregas de obras conclu\u00eddas e cinco ativos leiloados.<br><br>Desde 2019, foram 280 obras conclu\u00eddas, incluindo restaura\u00e7\u00f5es, constru\u00e7\u00f5es e revitaliza\u00e7\u00e3o de rodovias, aeroportos, ferrovias e terminais portu\u00e1rios, segundo os dados da pasta.<\/p>\n","protected":false},"excerpt":{"rendered":"<p>Jenifer Ribeiro e Dimmi Amora, da Ag\u00eancia iNFRA O Minist\u00e9rio da Infraestrutura n\u00e3o v\u00ea risco de paralisa\u00e7\u00e3o de obras que est\u00e3o sendo tocadas com recursos p\u00fablicos neste ano devido ao aumento dos custos de insumos para a constru\u00e7\u00e3o civil em n\u00edveis acima dos \u00edndices inflacion\u00e1rios que reajustam contratos.\u00a0 \u201cO minist\u00e9rio junto com o DNIT [Departamento [&hellip;]<\/p>\n","protected":false},"author":9,"featured_media":10777,"comment_status":"closed","ping_status":"closed","sticky":false,"template":"","format":"standard","meta":{"_monsterinsights_skip_tracking":false,"_monsterinsights_sitenote_active":false,"_monsterinsights_sitenote_note":"","_monsterinsights_sitenote_category":0,"footnotes":""},"categories":[1,7],"tags":[3256,5237,78,328,3370,32,997,775,5458,5459,260,1938],"class_list":["post-10776","post","type-post","status-publish","format-standard","has-post-thumbnail","hentry","category-geral","category-infratransporte","tag-aeroporto-de-sao-goncalo-do-amarante","tag-cimento-asfaltico","tag-concessoes","tag-dnit","tag-inflacao","tag-investimentos","tag-marcelo-sampaio","tag-ministerio-da-infraestrutura","tag-paralisacao-de-obras","tag-pavimentos","tag-porto-de-santos","tag-reequilibrio"],"yoast_head":"<!-- This site is optimized with the Yoast SEO Premium plugin v25.4 (Yoast SEO v26.0) - https:\/\/yoast.com\/wordpress\/plugins\/seo\/ -->\n<title>Minist\u00e9rio n\u00e3o v\u00ea risco de paralisa\u00e7\u00e3o de obras - Ag\u00eancia iNFRA<\/title>\n<meta name=\"robots\" content=\"index, follow, max-snippet:-1, max-image-preview:large, max-video-preview:-1\" \/>\n<link rel=\"canonical\" href=\"https:\/\/agenciainfra.com\/blog\/ministerio-nao-ve-risco-de-paralisacao-de-obras\/\" \/>\n<meta property=\"og:locale\" content=\"pt_BR\" \/>\n<meta property=\"og:type\" content=\"article\" \/>\n<meta property=\"og:title\" content=\"Minist\u00e9rio n\u00e3o v\u00ea risco de paralisa\u00e7\u00e3o de obras\" \/>\n<meta property=\"og:description\" content=\"Jenifer Ribeiro e Dimmi Amora, da Ag\u00eancia iNFRA O Minist\u00e9rio da Infraestrutura n\u00e3o v\u00ea risco de paralisa\u00e7\u00e3o de obras que est\u00e3o sendo tocadas com recursos p\u00fablicos neste ano devido ao aumento dos custos de insumos para a constru\u00e7\u00e3o civil em n\u00edveis acima dos \u00edndices inflacion\u00e1rios que reajustam contratos.\u00a0 \u201cO minist\u00e9rio junto com o DNIT [Departamento [&hellip;]\" \/>\n<meta property=\"og:url\" content=\"https:\/\/agenciainfra.com\/blog\/ministerio-nao-ve-risco-de-paralisacao-de-obras\/\" \/>\n<meta property=\"og:site_name\" content=\"Ag\u00eancia iNFRA\" \/>\n<meta property=\"article:publisher\" content=\"https:\/\/www.facebook.com\/ageninfra\" \/>\n<meta property=\"article:published_time\" content=\"2022-07-02T12:00:00+00:00\" \/>\n<meta property=\"og:image\" content=\"https:\/\/agenciainfra.com\/blog\/wp-content\/uploads\/2022\/07\/marcelo-sampaio-foto-ricardo-botelho-minfra.png\" \/>\n\t<meta property=\"og:image:width\" content=\"1280\" \/>\n\t<meta property=\"og:image:height\" content=\"852\" \/>\n\t<meta property=\"og:image:type\" content=\"image\/png\" \/>\n<meta name=\"author\" content=\"Rodrigo Zuquim\" \/>\n<meta name=\"twitter:card\" content=\"summary_large_image\" \/>\n<meta name=\"twitter:creator\" content=\"@agencia_infra\" \/>\n<meta name=\"twitter:site\" content=\"@agencia_infra\" \/>\n<meta name=\"twitter:label1\" content=\"Escrito por\" \/>\n\t<meta name=\"twitter:data1\" content=\"Rodrigo Zuquim\" \/>\n\t<meta name=\"twitter:label2\" content=\"Est. tempo de leitura\" \/>\n\t<meta name=\"twitter:data2\" content=\"5 minutos\" \/>\n<script type=\"application\/ld+json\" class=\"yoast-schema-graph\">{\"@context\":\"https:\/\/schema.org\",\"@graph\":[{\"@type\":\"Article\",\"@id\":\"https:\/\/agenciainfra.com\/blog\/ministerio-nao-ve-risco-de-paralisacao-de-obras\/#article\",\"isPartOf\":{\"@id\":\"https:\/\/agenciainfra.com\/blog\/ministerio-nao-ve-risco-de-paralisacao-de-obras\/\"},\"author\":{\"name\":\"Rodrigo Zuquim\",\"@id\":\"https:\/\/agenciainfra.com\/blog\/#\/schema\/person\/04dbb79bd6d8951f063da71f3e4c1eb1\"},\"headline\":\"Minist\u00e9rio n\u00e3o v\u00ea risco de paralisa\u00e7\u00e3o de obras\",\"datePublished\":\"2022-07-02T12:00:00+00:00\",\"mainEntityOfPage\":{\"@id\":\"https:\/\/agenciainfra.com\/blog\/ministerio-nao-ve-risco-de-paralisacao-de-obras\/\"},\"wordCount\":927,\"publisher\":{\"@id\":\"https:\/\/agenciainfra.com\/blog\/#organization\"},\"image\":{\"@id\":\"https:\/\/agenciainfra.com\/blog\/ministerio-nao-ve-risco-de-paralisacao-de-obras\/#primaryimage\"},\"thumbnailUrl\":\"https:\/\/agenciainfra.com\/blog\/wp-content\/uploads\/2022\/07\/marcelo-sampaio-foto-ricardo-botelho-minfra.png\",\"keywords\":[\"Aeroporto de S\u00e3o Gon\u00e7alo do Amarante\",\"cimento asf\u00e1ltico\",\"concess\u00f5es\",\"DNIT\",\"infla\u00e7\u00e3o\",\"Investimentos\",\"Marcelo Sampaio\",\"Minist\u00e9rio da Infraestrutura\",\"paralisa\u00e7\u00e3o de obras\",\"pavimentos\",\"Porto de Santos\",\"reequil\u00edbrio\"],\"articleSection\":[\"Geral\",\"iNFRATransporte\"],\"inLanguage\":\"pt-BR\",\"copyrightYear\":\"2022\",\"copyrightHolder\":{\"@id\":\"https:\/\/agenciainfra.com\/blog\/#organization\"}},{\"@type\":\"WebPage\",\"@id\":\"https:\/\/agenciainfra.com\/blog\/ministerio-nao-ve-risco-de-paralisacao-de-obras\/\",\"url\":\"https:\/\/agenciainfra.com\/blog\/ministerio-nao-ve-risco-de-paralisacao-de-obras\/\",\"name\":\"Minist\u00e9rio n\u00e3o v\u00ea risco de paralisa\u00e7\u00e3o de obras - Ag\u00eancia iNFRA\",\"isPartOf\":{\"@id\":\"https:\/\/agenciainfra.com\/blog\/#website\"},\"primaryImageOfPage\":{\"@id\":\"https:\/\/agenciainfra.com\/blog\/ministerio-nao-ve-risco-de-paralisacao-de-obras\/#primaryimage\"},\"image\":{\"@id\":\"https:\/\/agenciainfra.com\/blog\/ministerio-nao-ve-risco-de-paralisacao-de-obras\/#primaryimage\"},\"thumbnailUrl\":\"https:\/\/agenciainfra.com\/blog\/wp-content\/uploads\/2022\/07\/marcelo-sampaio-foto-ricardo-botelho-minfra.png\",\"datePublished\":\"2022-07-02T12:00:00+00:00\",\"breadcrumb\":{\"@id\":\"https:\/\/agenciainfra.com\/blog\/ministerio-nao-ve-risco-de-paralisacao-de-obras\/#breadcrumb\"},\"inLanguage\":\"pt-BR\",\"potentialAction\":[{\"@type\":\"ReadAction\",\"target\":[\"https:\/\/agenciainfra.com\/blog\/ministerio-nao-ve-risco-de-paralisacao-de-obras\/\"]}]},{\"@type\":\"ImageObject\",\"inLanguage\":\"pt-BR\",\"@id\":\"https:\/\/agenciainfra.com\/blog\/ministerio-nao-ve-risco-de-paralisacao-de-obras\/#primaryimage\",\"url\":\"https:\/\/agenciainfra.com\/blog\/wp-content\/uploads\/2022\/07\/marcelo-sampaio-foto-ricardo-botelho-minfra.png\",\"contentUrl\":\"https:\/\/agenciainfra.com\/blog\/wp-content\/uploads\/2022\/07\/marcelo-sampaio-foto-ricardo-botelho-minfra.png\",\"width\":1280,\"height\":852},{\"@type\":\"BreadcrumbList\",\"@id\":\"https:\/\/agenciainfra.com\/blog\/ministerio-nao-ve-risco-de-paralisacao-de-obras\/#breadcrumb\",\"itemListElement\":[{\"@type\":\"ListItem\",\"position\":1,\"name\":\"In\u00edcio\",\"item\":\"https:\/\/agenciainfra.com\/blog\/\"},{\"@type\":\"ListItem\",\"position\":2,\"name\":\"Minist\u00e9rio n\u00e3o v\u00ea risco de paralisa\u00e7\u00e3o de obras\"}]},{\"@type\":\"WebSite\",\"@id\":\"https:\/\/agenciainfra.com\/blog\/#website\",\"url\":\"https:\/\/agenciainfra.com\/blog\/\",\"name\":\"Ag\u00eancia iNFRA\",\"description\":\"Multiplataforma de informa\u00e7\u00e3o jornal\u00edstica refer\u00eancia na \u00e1rea de infraestrutura no Brasil!\",\"publisher\":{\"@id\":\"https:\/\/agenciainfra.com\/blog\/#organization\"},\"potentialAction\":[{\"@type\":\"SearchAction\",\"target\":{\"@type\":\"EntryPoint\",\"urlTemplate\":\"https:\/\/agenciainfra.com\/blog\/?s={search_term_string}\"},\"query-input\":{\"@type\":\"PropertyValueSpecification\",\"valueRequired\":true,\"valueName\":\"search_term_string\"}}],\"inLanguage\":\"pt-BR\"},{\"@type\":\"Organization\",\"@id\":\"https:\/\/agenciainfra.com\/blog\/#organization\",\"name\":\"Ag\u00eancia iNFRA\",\"url\":\"https:\/\/agenciainfra.com\/blog\/\",\"logo\":{\"@type\":\"ImageObject\",\"inLanguage\":\"pt-BR\",\"@id\":\"https:\/\/agenciainfra.com\/blog\/#\/schema\/logo\/image\/\",\"url\":\"https:\/\/agenciainfra.com\/blog\/wp-content\/uploads\/2023\/09\/iNFRA_5-e1761735885940.png\",\"contentUrl\":\"https:\/\/agenciainfra.com\/blog\/wp-content\/uploads\/2023\/09\/iNFRA_5-e1761735885940.png\",\"width\":1672,\"height\":454,\"caption\":\"Ag\u00eancia iNFRA\"},\"image\":{\"@id\":\"https:\/\/agenciainfra.com\/blog\/#\/schema\/logo\/image\/\"},\"sameAs\":[\"https:\/\/www.facebook.com\/ageninfra\",\"https:\/\/x.com\/agencia_infra\",\"https:\/\/www.linkedin.com\/company\/ag\u00eanciainfra\/\",\"https:\/\/www.instagram.com\/agenciainfra\/\"]},{\"@type\":\"Person\",\"@id\":\"https:\/\/agenciainfra.com\/blog\/#\/schema\/person\/04dbb79bd6d8951f063da71f3e4c1eb1\",\"name\":\"Rodrigo Zuquim\",\"image\":{\"@type\":\"ImageObject\",\"inLanguage\":\"pt-BR\",\"@id\":\"https:\/\/agenciainfra.com\/blog\/#\/schema\/person\/image\/\",\"url\":\"https:\/\/secure.gravatar.com\/avatar\/594abfe82761d620726242ff34ca472a705a4b97f16c790053a6b4c4035274d0?s=96&d=mm&r=g\",\"contentUrl\":\"https:\/\/secure.gravatar.com\/avatar\/594abfe82761d620726242ff34ca472a705a4b97f16c790053a6b4c4035274d0?s=96&d=mm&r=g\",\"caption\":\"Rodrigo Zuquim\"},\"url\":\"https:\/\/agenciainfra.com\/blog\/author\/rodrigo-zuquim\/\"}]}<\/script>\n<!-- \/ Yoast SEO Premium plugin. -->","yoast_head_json":{"title":"Minist\u00e9rio n\u00e3o v\u00ea risco de paralisa\u00e7\u00e3o de obras - Ag\u00eancia iNFRA","robots":{"index":"index","follow":"follow","max-snippet":"max-snippet:-1","max-image-preview":"max-image-preview:large","max-video-preview":"max-video-preview:-1"},"canonical":"https:\/\/agenciainfra.com\/blog\/ministerio-nao-ve-risco-de-paralisacao-de-obras\/","og_locale":"pt_BR","og_type":"article","og_title":"Minist\u00e9rio n\u00e3o v\u00ea risco de paralisa\u00e7\u00e3o de obras","og_description":"Jenifer Ribeiro e Dimmi Amora, da Ag\u00eancia iNFRA O Minist\u00e9rio da Infraestrutura n\u00e3o v\u00ea risco de paralisa\u00e7\u00e3o de obras que est\u00e3o sendo tocadas com recursos p\u00fablicos neste ano devido ao aumento dos custos de insumos para a constru\u00e7\u00e3o civil em n\u00edveis acima dos \u00edndices inflacion\u00e1rios que reajustam contratos.\u00a0 \u201cO minist\u00e9rio junto com o DNIT [Departamento [&hellip;]","og_url":"https:\/\/agenciainfra.com\/blog\/ministerio-nao-ve-risco-de-paralisacao-de-obras\/","og_site_name":"Ag\u00eancia iNFRA","article_publisher":"https:\/\/www.facebook.com\/ageninfra","article_published_time":"2022-07-02T12:00:00+00:00","og_image":[{"width":1280,"height":852,"url":"https:\/\/agenciainfra.com\/blog\/wp-content\/uploads\/2022\/07\/marcelo-sampaio-foto-ricardo-botelho-minfra.png","type":"image\/png"}],"author":"Rodrigo Zuquim","twitter_card":"summary_large_image","twitter_creator":"@agencia_infra","twitter_site":"@agencia_infra","twitter_misc":{"Escrito por":"Rodrigo Zuquim","Est. tempo de leitura":"5 minutos"},"schema":{"@context":"https:\/\/schema.org","@graph":[{"@type":"Article","@id":"https:\/\/agenciainfra.com\/blog\/ministerio-nao-ve-risco-de-paralisacao-de-obras\/#article","isPartOf":{"@id":"https:\/\/agenciainfra.com\/blog\/ministerio-nao-ve-risco-de-paralisacao-de-obras\/"},"author":{"name":"Rodrigo Zuquim","@id":"https:\/\/agenciainfra.com\/blog\/#\/schema\/person\/04dbb79bd6d8951f063da71f3e4c1eb1"},"headline":"Minist\u00e9rio n\u00e3o v\u00ea risco de paralisa\u00e7\u00e3o de obras","datePublished":"2022-07-02T12:00:00+00:00","mainEntityOfPage":{"@id":"https:\/\/agenciainfra.com\/blog\/ministerio-nao-ve-risco-de-paralisacao-de-obras\/"},"wordCount":927,"publisher":{"@id":"https:\/\/agenciainfra.com\/blog\/#organization"},"image":{"@id":"https:\/\/agenciainfra.com\/blog\/ministerio-nao-ve-risco-de-paralisacao-de-obras\/#primaryimage"},"thumbnailUrl":"https:\/\/agenciainfra.com\/blog\/wp-content\/uploads\/2022\/07\/marcelo-sampaio-foto-ricardo-botelho-minfra.png","keywords":["Aeroporto de S\u00e3o Gon\u00e7alo do Amarante","cimento asf\u00e1ltico","concess\u00f5es","DNIT","infla\u00e7\u00e3o","Investimentos","Marcelo Sampaio","Minist\u00e9rio da Infraestrutura","paralisa\u00e7\u00e3o de obras","pavimentos","Porto de Santos","reequil\u00edbrio"],"articleSection":["Geral","iNFRATransporte"],"inLanguage":"pt-BR","copyrightYear":"2022","copyrightHolder":{"@id":"https:\/\/agenciainfra.com\/blog\/#organization"}},{"@type":"WebPage","@id":"https:\/\/agenciainfra.com\/blog\/ministerio-nao-ve-risco-de-paralisacao-de-obras\/","url":"https:\/\/agenciainfra.com\/blog\/ministerio-nao-ve-risco-de-paralisacao-de-obras\/","name":"Minist\u00e9rio n\u00e3o v\u00ea risco de paralisa\u00e7\u00e3o de obras - Ag\u00eancia iNFRA","isPartOf":{"@id":"https:\/\/agenciainfra.com\/blog\/#website"},"primaryImageOfPage":{"@id":"https:\/\/agenciainfra.com\/blog\/ministerio-nao-ve-risco-de-paralisacao-de-obras\/#primaryimage"},"image":{"@id":"https:\/\/agenciainfra.com\/blog\/ministerio-nao-ve-risco-de-paralisacao-de-obras\/#primaryimage"},"thumbnailUrl":"https:\/\/agenciainfra.com\/blog\/wp-content\/uploads\/2022\/07\/marcelo-sampaio-foto-ricardo-botelho-minfra.png","datePublished":"2022-07-02T12:00:00+00:00","breadcrumb":{"@id":"https:\/\/agenciainfra.com\/blog\/ministerio-nao-ve-risco-de-paralisacao-de-obras\/#breadcrumb"},"inLanguage":"pt-BR","potentialAction":[{"@type":"ReadAction","target":["https:\/\/agenciainfra.com\/blog\/ministerio-nao-ve-risco-de-paralisacao-de-obras\/"]}]},{"@type":"ImageObject","inLanguage":"pt-BR","@id":"https:\/\/agenciainfra.com\/blog\/ministerio-nao-ve-risco-de-paralisacao-de-obras\/#primaryimage","url":"https:\/\/agenciainfra.com\/blog\/wp-content\/uploads\/2022\/07\/marcelo-sampaio-foto-ricardo-botelho-minfra.png","contentUrl":"https:\/\/agenciainfra.com\/blog\/wp-content\/uploads\/2022\/07\/marcelo-sampaio-foto-ricardo-botelho-minfra.png","width":1280,"height":852},{"@type":"BreadcrumbList","@id":"https:\/\/agenciainfra.com\/blog\/ministerio-nao-ve-risco-de-paralisacao-de-obras\/#breadcrumb","itemListElement":[{"@type":"ListItem","position":1,"name":"In\u00edcio","item":"https:\/\/agenciainfra.com\/blog\/"},{"@type":"ListItem","position":2,"name":"Minist\u00e9rio n\u00e3o v\u00ea risco de paralisa\u00e7\u00e3o de obras"}]},{"@type":"WebSite","@id":"https:\/\/agenciainfra.com\/blog\/#website","url":"https:\/\/agenciainfra.com\/blog\/","name":"Ag\u00eancia iNFRA","description":"Multiplataforma de informa\u00e7\u00e3o jornal\u00edstica refer\u00eancia na \u00e1rea de infraestrutura no Brasil!","publisher":{"@id":"https:\/\/agenciainfra.com\/blog\/#organization"},"potentialAction":[{"@type":"SearchAction","target":{"@type":"EntryPoint","urlTemplate":"https:\/\/agenciainfra.com\/blog\/?s={search_term_string}"},"query-input":{"@type":"PropertyValueSpecification","valueRequired":true,"valueName":"search_term_string"}}],"inLanguage":"pt-BR"},{"@type":"Organization","@id":"https:\/\/agenciainfra.com\/blog\/#organization","name":"Ag\u00eancia iNFRA","url":"https:\/\/agenciainfra.com\/blog\/","logo":{"@type":"ImageObject","inLanguage":"pt-BR","@id":"https:\/\/agenciainfra.com\/blog\/#\/schema\/logo\/image\/","url":"https:\/\/agenciainfra.com\/blog\/wp-content\/uploads\/2023\/09\/iNFRA_5-e1761735885940.png","contentUrl":"https:\/\/agenciainfra.com\/blog\/wp-content\/uploads\/2023\/09\/iNFRA_5-e1761735885940.png","width":1672,"height":454,"caption":"Ag\u00eancia iNFRA"},"image":{"@id":"https:\/\/agenciainfra.com\/blog\/#\/schema\/logo\/image\/"},"sameAs":["https:\/\/www.facebook.com\/ageninfra","https:\/\/x.com\/agencia_infra","https:\/\/www.linkedin.com\/company\/ag\u00eanciainfra\/","https:\/\/www.instagram.com\/agenciainfra\/"]},{"@type":"Person","@id":"https:\/\/agenciainfra.com\/blog\/#\/schema\/person\/04dbb79bd6d8951f063da71f3e4c1eb1","name":"Rodrigo Zuquim","image":{"@type":"ImageObject","inLanguage":"pt-BR","@id":"https:\/\/agenciainfra.com\/blog\/#\/schema\/person\/image\/","url":"https:\/\/secure.gravatar.com\/avatar\/594abfe82761d620726242ff34ca472a705a4b97f16c790053a6b4c4035274d0?s=96&d=mm&r=g","contentUrl":"https:\/\/secure.gravatar.com\/avatar\/594abfe82761d620726242ff34ca472a705a4b97f16c790053a6b4c4035274d0?s=96&d=mm&r=g","caption":"Rodrigo Zuquim"},"url":"https:\/\/agenciainfra.com\/blog\/author\/rodrigo-zuquim\/"}]}},"_links":{"self":[{"href":"https:\/\/agenciainfra.com\/blog\/wp-json\/wp\/v2\/posts\/10776","targetHints":{"allow":["GET"]}}],"collection":[{"href":"https:\/\/agenciainfra.com\/blog\/wp-json\/wp\/v2\/posts"}],"about":[{"href":"https:\/\/agenciainfra.com\/blog\/wp-json\/wp\/v2\/types\/post"}],"author":[{"embeddable":true,"href":"https:\/\/agenciainfra.com\/blog\/wp-json\/wp\/v2\/users\/9"}],"replies":[{"embeddable":true,"href":"https:\/\/agenciainfra.com\/blog\/wp-json\/wp\/v2\/comments?post=10776"}],"version-history":[{"count":0,"href":"https:\/\/agenciainfra.com\/blog\/wp-json\/wp\/v2\/posts\/10776\/revisions"}],"wp:featuredmedia":[{"embeddable":true,"href":"https:\/\/agenciainfra.com\/blog\/wp-json\/wp\/v2\/media\/10777"}],"wp:attachment":[{"href":"https:\/\/agenciainfra.com\/blog\/wp-json\/wp\/v2\/media?parent=10776"}],"wp:term":[{"taxonomy":"category","embeddable":true,"href":"https:\/\/agenciainfra.com\/blog\/wp-json\/wp\/v2\/categories?post=10776"},{"taxonomy":"post_tag","embeddable":true,"href":"https:\/\/agenciainfra.com\/blog\/wp-json\/wp\/v2\/tags?post=10776"}],"curies":[{"name":"wp","href":"https:\/\/api.w.org\/{rel}","templated":true}]}}