{"id":10797,"date":"2022-07-07T09:00:00","date_gmt":"2022-07-07T12:00:00","guid":{"rendered":"https:\/\/www.agenciainfra.com\/blog\/?p=10797"},"modified":"2022-07-06T11:44:40","modified_gmt":"2022-07-06T14:44:40","slug":"queda-do-icms-nao-tem-reflexos-imediatos-nas-tarifas-de-energia-e-causa-desgaste-politico","status":"publish","type":"post","link":"https:\/\/agenciainfra.com\/blog\/queda-do-icms-nao-tem-reflexos-imediatos-nas-tarifas-de-energia-e-causa-desgaste-politico\/","title":{"rendered":"Queda do ICMS n\u00e3o tem reflexos imediatos nas tarifas de energia e causa desgaste pol\u00edtico"},"content":{"rendered":"\n<p class=\"has-text-align-right\"><strong>&nbsp;Alexandre Leoratti e Leila Coimbra,&nbsp;da Ag\u00eancia iNFRA<\/strong><\/p>\n\n\n\n<p><br>A lei que determinou um teto de at\u00e9 17% de cobran\u00e7a do ICMS sobre bens e servi\u00e7os essenciais, sancionada em 23 de junho (<a rel=\"noreferrer noopener\" href=\"https:\/\/agenciainfra.us14.list-manage.com\/track\/click?u=d460dd1bcf9ba0ae040e1fc0f&amp;id=ef6ee8888d&amp;e=c099169394\" target=\"_blank\">Lei Complementar 194\/22<\/a>), j\u00e1 provoca reflexos na queda dos\u00a0pre\u00e7os dos combust\u00edveis nas bombas, para a alegria do governo e do Legislativo a menos de tr\u00eas meses das elei\u00e7\u00f5es. No caso das tarifas de energia, por\u00e9m, ainda n\u00e3o houve esse resultado efetivo no bolso dos consumidores.<br>\u00a0<br>As contas de eletricidade s\u00e3o ultrarreguladas, reajustadas uma vez ao ano no anivers\u00e1rio de concess\u00e3o, e sob o aval da ANEEL (Ag\u00eancia Nacional de Energia El\u00e9trica). Esse tr\u00e2mite, que impede uma maior agilidade de altera\u00e7\u00e3o no valor final, irritou o deputado Danilo Forte (Uni\u00e3o-CE), autor do projeto de lei que deu origem \u00e0 lei do teto do ICMS (<a rel=\"noreferrer noopener\" href=\"https:\/\/agenciainfra.us14.list-manage.com\/track\/click?u=d460dd1bcf9ba0ae040e1fc0f&amp;id=7274c2a5c5&amp;e=c099169394\" target=\"_blank\">PLP 18\/2022<\/a>).<br>\u00a0<br>O parlamentar disse \u00e0\u00a0<strong>Ag\u00eancia iNFRA<\/strong>\u00a0que o \u00f3rg\u00e3o regulador n\u00e3o est\u00e1 calculando os novos valores aos consumidores com os descontos devidos. Segundo Forte, na \u00faltima sexta-feira (1\u00ba) a ANEEL teria encaminhado aos governos estaduais a formaliza\u00e7\u00e3o para que cada um cobre nas tarifas o novo imposto de at\u00e9 17%.<br>\u00a0<br>\u201cSabe o que a ANEEL fez? Simplesmente delegou aos estados que cada um fa\u00e7a o seu c\u00e1lculo. Isso n\u00e3o existe. Quando \u00e9 para dar o aumento, ela d\u00e1 bem direitinho, at\u00e9 as v\u00edrgulas\u201d, afirmou o parlamentar.<br>\u00a0<br><strong>Reuni\u00e3o com Sachsida<\/strong><br>Forte levou o assunto ao ministro de Minas e Energia, Adolfo Sachsida. Em uma reuni\u00e3o na sede da pasta no in\u00edcio da noite da \u00faltima ter\u00e7a-feira (5)\u00a0que contou com as presen\u00e7as da diretora-geral substituta da ag\u00eancia, Camila Bomfim, do diretor da ag\u00eancia H\u00e9lvio Guerra, do senador F\u00e1bio Garcia (Uni\u00e3o-MT), de t\u00e9cnicos do minist\u00e9rio e outros convidados, foram feitas reclama\u00e7\u00f5es.<br>\u00a0<br>\u201c\u00c9 exatamente essa discuss\u00e3o que eu vou fazer agora: da mesma forma que ela [ANEEL] sabe dar os aumentos, que ela d\u00ea tamb\u00e9m os descontos e des\u00e1gios\u201d, disse o deputado.<br>\u00a0<br><strong>N\u00e3o \u00e9 incumb\u00eancia<\/strong><br>O diretor H\u00e9lvio Guerra disse \u00e0\u00a0<strong>Ag\u00eancia iNFRA<\/strong>\u00a0que limita\u00e7\u00e3o do ICMS n\u00e3o entra nos c\u00e1lculos feitos pela ag\u00eancia, \u201cpor ser tributo estadual que somente \u00e9 computado quando da elabora\u00e7\u00e3o das contas de energia el\u00e9trica de cada distribuidora que atua\u00a0nos diversos estados\u201d.<br><br>Segundo H\u00e9lvio, certamente ocorrer\u00e1 uma redu\u00e7\u00e3o das contas, \u201cuma vez que em alguns estados essa al\u00edquota \u00e9 maior do que 30%\u201d.<br>\u00a0<br><strong>RTE<\/strong><br>Existe o argumento, por parte de alguns agentes, de que a ANEEL pode fazer repassar de forma imediata para os consumidores a redu\u00e7\u00e3o de impostos e tributos por meio de RTEs (reajustes tarif\u00e1rios extraordin\u00e1rios), que n\u00e3o precisam ser feitos nas datas de anivers\u00e1rio das concess\u00f5es de cada distribuidora.<br>\u00a0<br>\u201cA ANEEL anunciou que vai realizar revis\u00f5es extraordin\u00e1rias para a devolu\u00e7\u00e3o\u201d, disse um executivo.<br>\u00a0<br>Segundo H\u00e9lvio, no entanto, as RTEs s\u00e3o para incorporar o que foi decidido na Lei 14.385, relativo \u00e0 devolu\u00e7\u00e3o aos consumidores dos valores relacionados \u00e0 retirada do ICMS da base de c\u00e1lculo do PIS\/Cofins, uma outra medida.<br>\u00a0<br>\u201cComo algumas distribuidoras j\u00e1 haviam passado por revis\u00f5es ou reajustes, as RTEs v\u00e3o servir para rever as tarifas para incorporar esse benef\u00edcio que n\u00e3o foi considerado, pois a lei [foi] publicada depois\u201d, disse o diretor.<\/p>\n","protected":false},"excerpt":{"rendered":"<p>&nbsp;Alexandre Leoratti e Leila Coimbra,&nbsp;da Ag\u00eancia iNFRA A lei que determinou um teto de at\u00e9 17% de cobran\u00e7a do ICMS sobre bens e servi\u00e7os essenciais, sancionada em 23 de junho (Lei Complementar 194\/22), j\u00e1 provoca reflexos na queda dos\u00a0pre\u00e7os dos combust\u00edveis nas bombas, para a alegria do governo e do Legislativo a menos de tr\u00eas [&hellip;]<\/p>\n","protected":false},"author":9,"featured_media":10798,"comment_status":"closed","ping_status":"closed","sticky":false,"template":"","format":"standard","meta":{"_monsterinsights_skip_tracking":false,"_monsterinsights_sitenote_active":false,"_monsterinsights_sitenote_note":"","_monsterinsights_sitenote_category":0,"footnotes":""},"categories":[1,10],"tags":[5391,53,5389,314,3576,3755,2619,1521,96,1386,5465],"class_list":["post-10797","post","type-post","status-publish","format-standard","has-post-thumbnail","hentry","category-geral","category-infraenergia","tag-adolfo-sachsida","tag-aneel","tag-camila-bomfim","tag-combustiveis","tag-contas-de-luz","tag-danilo-forte","tag-helvio-guerra","tag-icms","tag-ministerio-de-minas-e-energia","tag-tarifas-de-energia","tag-teto-do-icms"],"yoast_head":"<!-- This site is optimized with the Yoast SEO Premium plugin v25.4 (Yoast SEO v26.0) - https:\/\/yoast.com\/wordpress\/plugins\/seo\/ -->\n<title>Queda do ICMS n\u00e3o tem reflexos imediatos nas tarifas de energia e causa desgaste pol\u00edtico - Ag\u00eancia iNFRA<\/title>\n<meta name=\"robots\" content=\"index, follow, max-snippet:-1, max-image-preview:large, max-video-preview:-1\" \/>\n<link rel=\"canonical\" href=\"https:\/\/agenciainfra.com\/blog\/queda-do-icms-nao-tem-reflexos-imediatos-nas-tarifas-de-energia-e-causa-desgaste-politico\/\" \/>\n<meta property=\"og:locale\" content=\"pt_BR\" \/>\n<meta property=\"og:type\" content=\"article\" \/>\n<meta property=\"og:title\" content=\"Queda do ICMS n\u00e3o tem reflexos imediatos nas tarifas de energia e causa desgaste pol\u00edtico\" \/>\n<meta property=\"og:description\" content=\"&nbsp;Alexandre Leoratti e Leila Coimbra,&nbsp;da Ag\u00eancia iNFRA A lei que determinou um teto de at\u00e9 17% de cobran\u00e7a do ICMS sobre bens e servi\u00e7os essenciais, sancionada em 23 de junho (Lei Complementar 194\/22), j\u00e1 provoca reflexos na queda dos\u00a0pre\u00e7os dos combust\u00edveis nas bombas, para a alegria do governo e do Legislativo a menos de tr\u00eas [&hellip;]\" \/>\n<meta property=\"og:url\" content=\"https:\/\/agenciainfra.com\/blog\/queda-do-icms-nao-tem-reflexos-imediatos-nas-tarifas-de-energia-e-causa-desgaste-politico\/\" \/>\n<meta property=\"og:site_name\" content=\"Ag\u00eancia iNFRA\" \/>\n<meta property=\"article:publisher\" content=\"https:\/\/www.facebook.com\/ageninfra\" \/>\n<meta property=\"article:published_time\" content=\"2022-07-07T12:00:00+00:00\" \/>\n<meta property=\"og:image\" content=\"https:\/\/agenciainfra.com\/blog\/wp-content\/uploads\/2022\/07\/danilo-forte-foto-paulo-sergio-camara-dos-deputados.jpeg\" \/>\n\t<meta property=\"og:image:width\" content=\"1280\" \/>\n\t<meta property=\"og:image:height\" content=\"853\" \/>\n\t<meta property=\"og:image:type\" content=\"image\/jpeg\" \/>\n<meta name=\"author\" content=\"Rodrigo Zuquim\" \/>\n<meta name=\"twitter:card\" content=\"summary_large_image\" \/>\n<meta name=\"twitter:creator\" content=\"@agencia_infra\" \/>\n<meta name=\"twitter:site\" content=\"@agencia_infra\" \/>\n<meta name=\"twitter:label1\" content=\"Escrito por\" \/>\n\t<meta name=\"twitter:data1\" content=\"Rodrigo Zuquim\" \/>\n\t<meta name=\"twitter:label2\" content=\"Est. tempo de leitura\" \/>\n\t<meta name=\"twitter:data2\" content=\"3 minutos\" \/>\n<script type=\"application\/ld+json\" class=\"yoast-schema-graph\">{\"@context\":\"https:\/\/schema.org\",\"@graph\":[{\"@type\":\"Article\",\"@id\":\"https:\/\/agenciainfra.com\/blog\/queda-do-icms-nao-tem-reflexos-imediatos-nas-tarifas-de-energia-e-causa-desgaste-politico\/#article\",\"isPartOf\":{\"@id\":\"https:\/\/agenciainfra.com\/blog\/queda-do-icms-nao-tem-reflexos-imediatos-nas-tarifas-de-energia-e-causa-desgaste-politico\/\"},\"author\":{\"name\":\"Rodrigo Zuquim\",\"@id\":\"https:\/\/agenciainfra.com\/blog\/#\/schema\/person\/04dbb79bd6d8951f063da71f3e4c1eb1\"},\"headline\":\"Queda do ICMS n\u00e3o tem reflexos imediatos nas tarifas de energia e causa desgaste pol\u00edtico\",\"datePublished\":\"2022-07-07T12:00:00+00:00\",\"mainEntityOfPage\":{\"@id\":\"https:\/\/agenciainfra.com\/blog\/queda-do-icms-nao-tem-reflexos-imediatos-nas-tarifas-de-energia-e-causa-desgaste-politico\/\"},\"wordCount\":590,\"publisher\":{\"@id\":\"https:\/\/agenciainfra.com\/blog\/#organization\"},\"image\":{\"@id\":\"https:\/\/agenciainfra.com\/blog\/queda-do-icms-nao-tem-reflexos-imediatos-nas-tarifas-de-energia-e-causa-desgaste-politico\/#primaryimage\"},\"thumbnailUrl\":\"https:\/\/agenciainfra.com\/blog\/wp-content\/uploads\/2022\/07\/danilo-forte-foto-paulo-sergio-camara-dos-deputados.jpeg\",\"keywords\":[\"Adolfo Sachsida\",\"ANEEL\",\"Camila Bomfim\",\"combust\u00edveis\",\"contas de luz\",\"Danilo Forte\",\"H\u00e9lvio Guerra\",\"ICMS\",\"Minist\u00e9rio de Minas e Energia\",\"tarifas de energia\",\"teto do ICMS\"],\"articleSection\":[\"Geral\",\"iNFRAEnergia\"],\"inLanguage\":\"pt-BR\",\"copyrightYear\":\"2022\",\"copyrightHolder\":{\"@id\":\"https:\/\/agenciainfra.com\/blog\/#organization\"}},{\"@type\":\"WebPage\",\"@id\":\"https:\/\/agenciainfra.com\/blog\/queda-do-icms-nao-tem-reflexos-imediatos-nas-tarifas-de-energia-e-causa-desgaste-politico\/\",\"url\":\"https:\/\/agenciainfra.com\/blog\/queda-do-icms-nao-tem-reflexos-imediatos-nas-tarifas-de-energia-e-causa-desgaste-politico\/\",\"name\":\"Queda do ICMS n\u00e3o tem reflexos imediatos nas tarifas de energia e causa desgaste pol\u00edtico - Ag\u00eancia iNFRA\",\"isPartOf\":{\"@id\":\"https:\/\/agenciainfra.com\/blog\/#website\"},\"primaryImageOfPage\":{\"@id\":\"https:\/\/agenciainfra.com\/blog\/queda-do-icms-nao-tem-reflexos-imediatos-nas-tarifas-de-energia-e-causa-desgaste-politico\/#primaryimage\"},\"image\":{\"@id\":\"https:\/\/agenciainfra.com\/blog\/queda-do-icms-nao-tem-reflexos-imediatos-nas-tarifas-de-energia-e-causa-desgaste-politico\/#primaryimage\"},\"thumbnailUrl\":\"https:\/\/agenciainfra.com\/blog\/wp-content\/uploads\/2022\/07\/danilo-forte-foto-paulo-sergio-camara-dos-deputados.jpeg\",\"datePublished\":\"2022-07-07T12:00:00+00:00\",\"breadcrumb\":{\"@id\":\"https:\/\/agenciainfra.com\/blog\/queda-do-icms-nao-tem-reflexos-imediatos-nas-tarifas-de-energia-e-causa-desgaste-politico\/#breadcrumb\"},\"inLanguage\":\"pt-BR\",\"potentialAction\":[{\"@type\":\"ReadAction\",\"target\":[\"https:\/\/agenciainfra.com\/blog\/queda-do-icms-nao-tem-reflexos-imediatos-nas-tarifas-de-energia-e-causa-desgaste-politico\/\"]}]},{\"@type\":\"ImageObject\",\"inLanguage\":\"pt-BR\",\"@id\":\"https:\/\/agenciainfra.com\/blog\/queda-do-icms-nao-tem-reflexos-imediatos-nas-tarifas-de-energia-e-causa-desgaste-politico\/#primaryimage\",\"url\":\"https:\/\/agenciainfra.com\/blog\/wp-content\/uploads\/2022\/07\/danilo-forte-foto-paulo-sergio-camara-dos-deputados.jpeg\",\"contentUrl\":\"https:\/\/agenciainfra.com\/blog\/wp-content\/uploads\/2022\/07\/danilo-forte-foto-paulo-sergio-camara-dos-deputados.jpeg\",\"width\":1280,\"height\":853},{\"@type\":\"BreadcrumbList\",\"@id\":\"https:\/\/agenciainfra.com\/blog\/queda-do-icms-nao-tem-reflexos-imediatos-nas-tarifas-de-energia-e-causa-desgaste-politico\/#breadcrumb\",\"itemListElement\":[{\"@type\":\"ListItem\",\"position\":1,\"name\":\"In\u00edcio\",\"item\":\"https:\/\/agenciainfra.com\/blog\/\"},{\"@type\":\"ListItem\",\"position\":2,\"name\":\"Queda do ICMS n\u00e3o tem reflexos imediatos nas tarifas de energia e causa desgaste pol\u00edtico\"}]},{\"@type\":\"WebSite\",\"@id\":\"https:\/\/agenciainfra.com\/blog\/#website\",\"url\":\"https:\/\/agenciainfra.com\/blog\/\",\"name\":\"Ag\u00eancia iNFRA\",\"description\":\"Multiplataforma de informa\u00e7\u00e3o jornal\u00edstica refer\u00eancia na \u00e1rea de infraestrutura no Brasil!\",\"publisher\":{\"@id\":\"https:\/\/agenciainfra.com\/blog\/#organization\"},\"potentialAction\":[{\"@type\":\"SearchAction\",\"target\":{\"@type\":\"EntryPoint\",\"urlTemplate\":\"https:\/\/agenciainfra.com\/blog\/?s={search_term_string}\"},\"query-input\":{\"@type\":\"PropertyValueSpecification\",\"valueRequired\":true,\"valueName\":\"search_term_string\"}}],\"inLanguage\":\"pt-BR\"},{\"@type\":\"Organization\",\"@id\":\"https:\/\/agenciainfra.com\/blog\/#organization\",\"name\":\"Ag\u00eancia iNFRA\",\"url\":\"https:\/\/agenciainfra.com\/blog\/\",\"logo\":{\"@type\":\"ImageObject\",\"inLanguage\":\"pt-BR\",\"@id\":\"https:\/\/agenciainfra.com\/blog\/#\/schema\/logo\/image\/\",\"url\":\"https:\/\/agenciainfra.com\/blog\/wp-content\/uploads\/2023\/09\/iNFRA_5-e1761735885940.png\",\"contentUrl\":\"https:\/\/agenciainfra.com\/blog\/wp-content\/uploads\/2023\/09\/iNFRA_5-e1761735885940.png\",\"width\":1672,\"height\":454,\"caption\":\"Ag\u00eancia iNFRA\"},\"image\":{\"@id\":\"https:\/\/agenciainfra.com\/blog\/#\/schema\/logo\/image\/\"},\"sameAs\":[\"https:\/\/www.facebook.com\/ageninfra\",\"https:\/\/x.com\/agencia_infra\",\"https:\/\/www.linkedin.com\/company\/ag\u00eanciainfra\/\",\"https:\/\/www.instagram.com\/agenciainfra\/\"]},{\"@type\":\"Person\",\"@id\":\"https:\/\/agenciainfra.com\/blog\/#\/schema\/person\/04dbb79bd6d8951f063da71f3e4c1eb1\",\"name\":\"Rodrigo Zuquim\",\"image\":{\"@type\":\"ImageObject\",\"inLanguage\":\"pt-BR\",\"@id\":\"https:\/\/agenciainfra.com\/blog\/#\/schema\/person\/image\/\",\"url\":\"https:\/\/secure.gravatar.com\/avatar\/594abfe82761d620726242ff34ca472a705a4b97f16c790053a6b4c4035274d0?s=96&d=mm&r=g\",\"contentUrl\":\"https:\/\/secure.gravatar.com\/avatar\/594abfe82761d620726242ff34ca472a705a4b97f16c790053a6b4c4035274d0?s=96&d=mm&r=g\",\"caption\":\"Rodrigo Zuquim\"},\"url\":\"https:\/\/agenciainfra.com\/blog\/author\/rodrigo-zuquim\/\"}]}<\/script>\n<!-- \/ Yoast SEO Premium plugin. -->","yoast_head_json":{"title":"Queda do ICMS n\u00e3o tem reflexos imediatos nas tarifas de energia e causa desgaste pol\u00edtico - Ag\u00eancia iNFRA","robots":{"index":"index","follow":"follow","max-snippet":"max-snippet:-1","max-image-preview":"max-image-preview:large","max-video-preview":"max-video-preview:-1"},"canonical":"https:\/\/agenciainfra.com\/blog\/queda-do-icms-nao-tem-reflexos-imediatos-nas-tarifas-de-energia-e-causa-desgaste-politico\/","og_locale":"pt_BR","og_type":"article","og_title":"Queda do ICMS n\u00e3o tem reflexos imediatos nas tarifas de energia e causa desgaste pol\u00edtico","og_description":"&nbsp;Alexandre Leoratti e Leila Coimbra,&nbsp;da Ag\u00eancia iNFRA A lei que determinou um teto de at\u00e9 17% de cobran\u00e7a do ICMS sobre bens e servi\u00e7os essenciais, sancionada em 23 de junho (Lei Complementar 194\/22), j\u00e1 provoca reflexos na queda dos\u00a0pre\u00e7os dos combust\u00edveis nas bombas, para a alegria do governo e do Legislativo a menos de tr\u00eas [&hellip;]","og_url":"https:\/\/agenciainfra.com\/blog\/queda-do-icms-nao-tem-reflexos-imediatos-nas-tarifas-de-energia-e-causa-desgaste-politico\/","og_site_name":"Ag\u00eancia iNFRA","article_publisher":"https:\/\/www.facebook.com\/ageninfra","article_published_time":"2022-07-07T12:00:00+00:00","og_image":[{"width":1280,"height":853,"url":"https:\/\/agenciainfra.com\/blog\/wp-content\/uploads\/2022\/07\/danilo-forte-foto-paulo-sergio-camara-dos-deputados.jpeg","type":"image\/jpeg"}],"author":"Rodrigo Zuquim","twitter_card":"summary_large_image","twitter_creator":"@agencia_infra","twitter_site":"@agencia_infra","twitter_misc":{"Escrito por":"Rodrigo Zuquim","Est. tempo de leitura":"3 minutos"},"schema":{"@context":"https:\/\/schema.org","@graph":[{"@type":"Article","@id":"https:\/\/agenciainfra.com\/blog\/queda-do-icms-nao-tem-reflexos-imediatos-nas-tarifas-de-energia-e-causa-desgaste-politico\/#article","isPartOf":{"@id":"https:\/\/agenciainfra.com\/blog\/queda-do-icms-nao-tem-reflexos-imediatos-nas-tarifas-de-energia-e-causa-desgaste-politico\/"},"author":{"name":"Rodrigo Zuquim","@id":"https:\/\/agenciainfra.com\/blog\/#\/schema\/person\/04dbb79bd6d8951f063da71f3e4c1eb1"},"headline":"Queda do ICMS n\u00e3o tem reflexos imediatos nas tarifas de energia e causa desgaste pol\u00edtico","datePublished":"2022-07-07T12:00:00+00:00","mainEntityOfPage":{"@id":"https:\/\/agenciainfra.com\/blog\/queda-do-icms-nao-tem-reflexos-imediatos-nas-tarifas-de-energia-e-causa-desgaste-politico\/"},"wordCount":590,"publisher":{"@id":"https:\/\/agenciainfra.com\/blog\/#organization"},"image":{"@id":"https:\/\/agenciainfra.com\/blog\/queda-do-icms-nao-tem-reflexos-imediatos-nas-tarifas-de-energia-e-causa-desgaste-politico\/#primaryimage"},"thumbnailUrl":"https:\/\/agenciainfra.com\/blog\/wp-content\/uploads\/2022\/07\/danilo-forte-foto-paulo-sergio-camara-dos-deputados.jpeg","keywords":["Adolfo Sachsida","ANEEL","Camila Bomfim","combust\u00edveis","contas de luz","Danilo Forte","H\u00e9lvio Guerra","ICMS","Minist\u00e9rio de Minas e Energia","tarifas de energia","teto do ICMS"],"articleSection":["Geral","iNFRAEnergia"],"inLanguage":"pt-BR","copyrightYear":"2022","copyrightHolder":{"@id":"https:\/\/agenciainfra.com\/blog\/#organization"}},{"@type":"WebPage","@id":"https:\/\/agenciainfra.com\/blog\/queda-do-icms-nao-tem-reflexos-imediatos-nas-tarifas-de-energia-e-causa-desgaste-politico\/","url":"https:\/\/agenciainfra.com\/blog\/queda-do-icms-nao-tem-reflexos-imediatos-nas-tarifas-de-energia-e-causa-desgaste-politico\/","name":"Queda do ICMS n\u00e3o tem reflexos imediatos nas tarifas de energia e causa desgaste pol\u00edtico - Ag\u00eancia iNFRA","isPartOf":{"@id":"https:\/\/agenciainfra.com\/blog\/#website"},"primaryImageOfPage":{"@id":"https:\/\/agenciainfra.com\/blog\/queda-do-icms-nao-tem-reflexos-imediatos-nas-tarifas-de-energia-e-causa-desgaste-politico\/#primaryimage"},"image":{"@id":"https:\/\/agenciainfra.com\/blog\/queda-do-icms-nao-tem-reflexos-imediatos-nas-tarifas-de-energia-e-causa-desgaste-politico\/#primaryimage"},"thumbnailUrl":"https:\/\/agenciainfra.com\/blog\/wp-content\/uploads\/2022\/07\/danilo-forte-foto-paulo-sergio-camara-dos-deputados.jpeg","datePublished":"2022-07-07T12:00:00+00:00","breadcrumb":{"@id":"https:\/\/agenciainfra.com\/blog\/queda-do-icms-nao-tem-reflexos-imediatos-nas-tarifas-de-energia-e-causa-desgaste-politico\/#breadcrumb"},"inLanguage":"pt-BR","potentialAction":[{"@type":"ReadAction","target":["https:\/\/agenciainfra.com\/blog\/queda-do-icms-nao-tem-reflexos-imediatos-nas-tarifas-de-energia-e-causa-desgaste-politico\/"]}]},{"@type":"ImageObject","inLanguage":"pt-BR","@id":"https:\/\/agenciainfra.com\/blog\/queda-do-icms-nao-tem-reflexos-imediatos-nas-tarifas-de-energia-e-causa-desgaste-politico\/#primaryimage","url":"https:\/\/agenciainfra.com\/blog\/wp-content\/uploads\/2022\/07\/danilo-forte-foto-paulo-sergio-camara-dos-deputados.jpeg","contentUrl":"https:\/\/agenciainfra.com\/blog\/wp-content\/uploads\/2022\/07\/danilo-forte-foto-paulo-sergio-camara-dos-deputados.jpeg","width":1280,"height":853},{"@type":"BreadcrumbList","@id":"https:\/\/agenciainfra.com\/blog\/queda-do-icms-nao-tem-reflexos-imediatos-nas-tarifas-de-energia-e-causa-desgaste-politico\/#breadcrumb","itemListElement":[{"@type":"ListItem","position":1,"name":"In\u00edcio","item":"https:\/\/agenciainfra.com\/blog\/"},{"@type":"ListItem","position":2,"name":"Queda do ICMS n\u00e3o tem reflexos imediatos nas tarifas de energia e causa desgaste pol\u00edtico"}]},{"@type":"WebSite","@id":"https:\/\/agenciainfra.com\/blog\/#website","url":"https:\/\/agenciainfra.com\/blog\/","name":"Ag\u00eancia iNFRA","description":"Multiplataforma de informa\u00e7\u00e3o jornal\u00edstica refer\u00eancia na \u00e1rea de infraestrutura no Brasil!","publisher":{"@id":"https:\/\/agenciainfra.com\/blog\/#organization"},"potentialAction":[{"@type":"SearchAction","target":{"@type":"EntryPoint","urlTemplate":"https:\/\/agenciainfra.com\/blog\/?s={search_term_string}"},"query-input":{"@type":"PropertyValueSpecification","valueRequired":true,"valueName":"search_term_string"}}],"inLanguage":"pt-BR"},{"@type":"Organization","@id":"https:\/\/agenciainfra.com\/blog\/#organization","name":"Ag\u00eancia iNFRA","url":"https:\/\/agenciainfra.com\/blog\/","logo":{"@type":"ImageObject","inLanguage":"pt-BR","@id":"https:\/\/agenciainfra.com\/blog\/#\/schema\/logo\/image\/","url":"https:\/\/agenciainfra.com\/blog\/wp-content\/uploads\/2023\/09\/iNFRA_5-e1761735885940.png","contentUrl":"https:\/\/agenciainfra.com\/blog\/wp-content\/uploads\/2023\/09\/iNFRA_5-e1761735885940.png","width":1672,"height":454,"caption":"Ag\u00eancia iNFRA"},"image":{"@id":"https:\/\/agenciainfra.com\/blog\/#\/schema\/logo\/image\/"},"sameAs":["https:\/\/www.facebook.com\/ageninfra","https:\/\/x.com\/agencia_infra","https:\/\/www.linkedin.com\/company\/ag\u00eanciainfra\/","https:\/\/www.instagram.com\/agenciainfra\/"]},{"@type":"Person","@id":"https:\/\/agenciainfra.com\/blog\/#\/schema\/person\/04dbb79bd6d8951f063da71f3e4c1eb1","name":"Rodrigo Zuquim","image":{"@type":"ImageObject","inLanguage":"pt-BR","@id":"https:\/\/agenciainfra.com\/blog\/#\/schema\/person\/image\/","url":"https:\/\/secure.gravatar.com\/avatar\/594abfe82761d620726242ff34ca472a705a4b97f16c790053a6b4c4035274d0?s=96&d=mm&r=g","contentUrl":"https:\/\/secure.gravatar.com\/avatar\/594abfe82761d620726242ff34ca472a705a4b97f16c790053a6b4c4035274d0?s=96&d=mm&r=g","caption":"Rodrigo Zuquim"},"url":"https:\/\/agenciainfra.com\/blog\/author\/rodrigo-zuquim\/"}]}},"_links":{"self":[{"href":"https:\/\/agenciainfra.com\/blog\/wp-json\/wp\/v2\/posts\/10797","targetHints":{"allow":["GET"]}}],"collection":[{"href":"https:\/\/agenciainfra.com\/blog\/wp-json\/wp\/v2\/posts"}],"about":[{"href":"https:\/\/agenciainfra.com\/blog\/wp-json\/wp\/v2\/types\/post"}],"author":[{"embeddable":true,"href":"https:\/\/agenciainfra.com\/blog\/wp-json\/wp\/v2\/users\/9"}],"replies":[{"embeddable":true,"href":"https:\/\/agenciainfra.com\/blog\/wp-json\/wp\/v2\/comments?post=10797"}],"version-history":[{"count":0,"href":"https:\/\/agenciainfra.com\/blog\/wp-json\/wp\/v2\/posts\/10797\/revisions"}],"wp:featuredmedia":[{"embeddable":true,"href":"https:\/\/agenciainfra.com\/blog\/wp-json\/wp\/v2\/media\/10798"}],"wp:attachment":[{"href":"https:\/\/agenciainfra.com\/blog\/wp-json\/wp\/v2\/media?parent=10797"}],"wp:term":[{"taxonomy":"category","embeddable":true,"href":"https:\/\/agenciainfra.com\/blog\/wp-json\/wp\/v2\/categories?post=10797"},{"taxonomy":"post_tag","embeddable":true,"href":"https:\/\/agenciainfra.com\/blog\/wp-json\/wp\/v2\/tags?post=10797"}],"curies":[{"name":"wp","href":"https:\/\/api.w.org\/{rel}","templated":true}]}}