{"id":10832,"date":"2022-07-12T10:00:00","date_gmt":"2022-07-12T13:00:00","guid":{"rendered":"https:\/\/www.agenciainfra.com\/blog\/?p=10832"},"modified":"2022-07-11T11:32:41","modified_gmt":"2022-07-11T14:32:41","slug":"base-de-alcantara-precisa-de-mais-do-que-latitude-competitiva","status":"publish","type":"post","link":"https:\/\/agenciainfra.com\/blog\/base-de-alcantara-precisa-de-mais-do-que-latitude-competitiva\/","title":{"rendered":"Base de Alc\u00e2ntara precisa de mais do que latitude competitiva"},"content":{"rendered":"\n<p class=\"has-text-align-right\"><strong>Geocracia<\/strong><\/p>\n\n\n\n<p><em>Especialista no Programa Espacial Brasileiro, Miriam Gon\u00e7alves cobra mais a\u00e7\u00e3o na gest\u00e3o da governan\u00e7a do setor<\/em><\/p>\n\n\n\n<p>Com duas d\u00e9cadas de experi\u00eancia e pesquisa sobre o Programa Espacial Brasileiro, a jornalista, escritora e especialista em inova\u00e7\u00e3o Miriam Rezende Gon\u00e7alves n\u00e3o est\u00e1 otimista em rela\u00e7\u00e3o ao futuro do setor no Brasil. Em entrevista ao Geocracia, ela diz que, mesmo com os avan\u00e7os realizados nos \u00faltimos anos, o pa\u00eds est\u00e1 longe de se tornar uma pot\u00eancia espacial m\u00e9dia nos moldes da \u00cdndia, por exemplo, que, apesar dos seus problemas socioecn\u00f4micos, soube se organizar e criar uma estrutura para isso.<\/p>\n\n\n\n<p>\u201cOs respons\u00e1veis pelo Programa Nacional de Atividades Espaciais (PNAE) e pelo Programa de Desenvolvimento Integrado do Centro Espacial de Alc\u00e2ntara (PDI-CEA) n\u00e3o entregaram o m\u00ednimo nesses quatro anos. Precisamos de uma gest\u00e3o da governan\u00e7a menos ap\u00e1tica e mais atuante para garantir condi\u00e7\u00f5es de acesso ao centro\u201d, afirma a autora do livro de fic\u00e7\u00e3o&nbsp;<em>Alc\u00e2ntara, a hist\u00f3ria inspirada na Hist\u00f3ria<\/em>.<\/p>\n\n\n\n<p>Ela cobra ainda uma infraestrutura adequada de apoio \u00e0s opera\u00e7\u00f5es espaciais que seja \u201cvoltada \u00e0 explora\u00e7\u00e3o do setor e a cria\u00e7\u00e3o de um ambiente de neg\u00f3cios que favore\u00e7a o ecossistema de inova\u00e7\u00e3o como um todo, em particular, da alta-tecnologia\u201d.<\/p>\n\n\n\n<p>Acompanhe, a seguir, a entrevista na \u00edntegra.<\/p>\n\n\n\n<p><strong>Durante muitos anos, ouvimos falar no Brasil sobre projetos que previam alugar a Base de Alc\u00e2ntara para ag\u00eancias estrangeiras aproveitando as enormes vantagens de geolocaliza\u00e7\u00e3o para lan\u00e7amentos espaciais. Basta estar pr\u00f3xima da linha do Equador para ser uma base aeroespacial competitiva ou precisamos ter uma legisla\u00e7\u00e3o \u00e0 altura?<\/strong><\/p>\n\n\n\n<p>Centros localizados pr\u00f3ximos \u00e0 linha do Equador, que s\u00e3o raros, possuem uma vantagem competitiva relacionada \u00e0 sua posi\u00e7\u00e3o e a respectiva economia de combust\u00edvel associada. Contudo, outros aspectos tamb\u00e9m afetam a competitividade. Fatores como uma legisla\u00e7\u00e3o que garanta seguran\u00e7a jur\u00eddica, um ambiente de neg\u00f3cios amig\u00e1vel e at\u00e9 mesmo uma taxa de c\u00e2mbio favor\u00e1vel ao investidor externo s\u00e3o elementos que podem fazer diferen\u00e7a na decis\u00e3o de investimento.<\/p>\n\n\n\n<p><strong>Como est\u00e1 o avan\u00e7o da Lei Geral do Espa\u00e7o no Congresso Nacional?<\/strong><\/p>\n\n\n\n<p>A situa\u00e7\u00e3o \u00e9 um tanto quanto delicada\u2026 Ap\u00f3s exaustivas reuni\u00f5es conduzidas pelo Comit\u00ea de Desenvolvimento do Programa Espacial Brasileiro (CDPEB) criado pelo Gabinete de Seguran\u00e7a Institucional da Presid\u00eancia da Rep\u00fablica (GSI-PR), em 2018, o documento oficial \u201cvazou intencionalmente\u201d para um parlamentar maranhense, que, aparentemente, retirou do arquivo a parte que diz respeito \u00e0 Defesa (GSI, For\u00e7a A\u00e9rea Brasileira [FAB] e Minist\u00e9rio da Defesa [MD]) e protocolou o documento como um projeto de lei de sua autoria. Deste mesmo arquivo tamb\u00e9m foram exclu\u00eddos os itens que envolvem e regulamentam as bases n\u00e3o-militares, uma realidade cada vez mais constante mundo afora, entre outros pontos importantes.\u00a0Ou seja, o documento protocolado pelo parlamentar n\u00e3o resolve os problemas que precisam de solu\u00e7\u00e3o com urg\u00eancia. Contudo, pela Constitui\u00e7\u00e3o Federal de 1988, a iniciativa de um projeto completo \u00e9 compet\u00eancia exclusiva do Poder Executivo. O documento trabalhado pelo CDPEB j\u00e1 foi conclu\u00eddo pela Ag\u00eancia Espacial Brasileira (AEB)\/FAB\/MD e deve seguir para o GSI para ter o prosseguimento burocr\u00e1tico normal, que \u00e9 realizado pela Casa Civil e, em seguida, ser apreciado pelas duas Casas do Congresso Nacional.<\/p>\n\n\n\n<p><strong>Em&nbsp;<\/strong><a href=\"https:\/\/tecnodefesa.com.br\/o-tortuoso-caminho-das-leis-de-atividades-espaciais\/\"><strong>recente artigo<\/strong><\/a><strong>, voc\u00ea falou da quest\u00e3o do \u201cseguro complementar\u201d do Estado nas atividades espaciais. Isso pode emperrar a regulamenta\u00e7\u00e3o da Lei Geral de Atividades Espaciais (LGAE)?<\/strong><\/p>\n\n\n\n<p>A LGAE \u00e9 muito mais ampla do que apenas a quest\u00e3o dos seguros. A Lei visa oferecer seguran\u00e7a jur\u00eddica para os investidores. O seguro \u00e9 apenas um ponto, cuja quest\u00e3o pode ser pacificada com discuss\u00f5es junto ao Minist\u00e9rio da Economia, Casa Civil e os outros minist\u00e9rios interessados. \u00c9 importante e urgente que saia uma decis\u00e3o, posto que o pa\u00eds precisa de uma Lei Geral de Atividades Espaciais moderna para que o Programa Espacial Brasileiro acompanhe (PEB) o crescimento mundial.<\/p>\n\n\n\n<p><strong>Ver a Terra do espa\u00e7o pode ter uma importante repercuss\u00e3o econ\u00f4mica e jur\u00eddica. Recentemente, houve um evento nos A\u00e7ores sobre a validade jur\u00eddica do uso de imagens de sat\u00e9lites. Ou mesmo a vinda de Elon Musk ao Brasil com a promessa de se usar a SpaceX para monitoramento da Amaz\u00f4nia. Qual \u00e9 a real import\u00e2ncia da geoinforma\u00e7\u00e3o, enquanto setor econ\u00f4mico, para o desenvolvimento da ind\u00fastria espacial?<\/strong><\/p>\n\n\n\n<p>A economia espacial est\u00e1 avaliada hoje em torno de US$ 400 bilh\u00f5es, com perspectiva de chegar a US$ 1 trilh\u00e3o em 2040. Os segmentos de lan\u00e7adores e constru\u00e7\u00e3o de sat\u00e9lites constituem uma pequena parte desses valores. Um grande segmento \u00e9 o de aplica\u00e7\u00f5es espaciais. Da\u00ed a import\u00e2ncia da geoinforma\u00e7\u00e3o e dos servi\u00e7os derivados que j\u00e1 existem e os que ainda podem ser criados. Se pensarmos que a sociedade da informa\u00e7\u00e3o est\u00e1 cada vez mais real; se pensarmos que a sociedade est\u00e1 cada vez mais conectada, \u00e9 justo imaginarmos que cada vez mais servi\u00e7os e oportunidades ser\u00e3o gerados e supridos pelas tecnologias espaciais. O mercado das aplica\u00e7\u00f5es espaciais \u00e9 muito amplo e diversificado, cada vez mais pujante e grande gerador de emprego e renda.<\/p>\n\n\n\n<p><strong>No seu entender, \u00e9 poss\u00edvel projetar o Brasil como uma pot\u00eancia espacial m\u00e9dia na pr\u00f3xima d\u00e9cada, nos termos do que hoje \u00e9 a \u00cdndia?<\/strong><\/p>\n\n\n\n<p>Acho dif\u00edcil, por quest\u00f5es relacionadas \u00e0 gest\u00e3o. A \u00cdndia, mesmo sendo um pa\u00eds com problemas socioecon\u00f4micos similares ao nosso, organizou-se de tal forma que criou um Minist\u00e9rio do Espa\u00e7o e ganhou protagonismo no cen\u00e1rio espacial mundial. O Brasil est\u00e1 longe disso. Os respons\u00e1veis pelo PNAE e pelo PDI-CEA n\u00e3o entregaram o m\u00ednimo nesses quatro anos. Precisamos de uma gest\u00e3o da governan\u00e7a menos ap\u00e1tica e mais atuante para garantir condi\u00e7\u00f5es de acesso ao centro e uma infraestrutura adequada de apoio \u00e0s opera\u00e7\u00f5es espaciais, voltada \u00e0 explora\u00e7\u00e3o do setor, e, ainda, \u00e0 cria\u00e7\u00e3o de um ambiente de neg\u00f3cios que favore\u00e7a o ecossistema de inova\u00e7\u00e3o como um todo e, em particular, da alta-tecnologia.<\/p>\n\n\n\n<p><strong>As opini\u00f5es dos autores n\u00e3o refletem necessariamente o pensamento da Ag\u00eancia iNFRA, sendo de total responsabilidade do autor as informa\u00e7\u00f5es, ju\u00edzos de valor e conceitos descritos no texto.<\/strong>    <\/p>\n","protected":false},"excerpt":{"rendered":"<p>Geocracia Especialista no Programa Espacial Brasileiro, Miriam Gon\u00e7alves cobra mais a\u00e7\u00e3o na gest\u00e3o da governan\u00e7a do setor Com duas d\u00e9cadas de experi\u00eancia e pesquisa sobre o Programa Espacial Brasileiro, a jornalista, escritora e especialista em inova\u00e7\u00e3o Miriam Rezende Gon\u00e7alves n\u00e3o est\u00e1 otimista em rela\u00e7\u00e3o ao futuro do setor no Brasil. Em entrevista ao Geocracia, ela [&hellip;]<\/p>\n","protected":false},"author":9,"featured_media":10833,"comment_status":"closed","ping_status":"closed","sticky":false,"template":"","format":"standard","meta":{"_monsterinsights_skip_tracking":false,"_monsterinsights_sitenote_active":false,"_monsterinsights_sitenote_note":"","_monsterinsights_sitenote_category":0,"footnotes":""},"categories":[1],"tags":[5477,2387,142,5476,5479,5478,2746,5474,5475,2745,2449],"class_list":["post-10832","post","type-post","status-publish","format-standard","has-post-thumbnail","hentry","category-geral","tag-ambiente-de-negocios","tag-base-de-alcantara","tag-geoinformacao","tag-geolocalizacao","tag-industria-espacial","tag-lei-geral-de-atividades-espaciais","tag-lei-geral-do-espaco","tag-miriam-goncalves","tag-pnae","tag-programa-espacial-brasileiro","tag-seguranca-juridica"],"yoast_head":"<!-- This site is optimized with the Yoast SEO Premium plugin v25.4 (Yoast SEO v26.0) - https:\/\/yoast.com\/wordpress\/plugins\/seo\/ -->\n<title>Base de Alc\u00e2ntara precisa de mais do que latitude competitiva - Ag\u00eancia iNFRA<\/title>\n<meta name=\"robots\" content=\"index, follow, max-snippet:-1, max-image-preview:large, max-video-preview:-1\" \/>\n<link rel=\"canonical\" href=\"https:\/\/agenciainfra.com\/blog\/base-de-alcantara-precisa-de-mais-do-que-latitude-competitiva\/\" \/>\n<meta property=\"og:locale\" content=\"pt_BR\" \/>\n<meta property=\"og:type\" content=\"article\" \/>\n<meta property=\"og:title\" content=\"Base de Alc\u00e2ntara precisa de mais do que latitude competitiva\" \/>\n<meta property=\"og:description\" content=\"Geocracia Especialista no Programa Espacial Brasileiro, Miriam Gon\u00e7alves cobra mais a\u00e7\u00e3o na gest\u00e3o da governan\u00e7a do setor Com duas d\u00e9cadas de experi\u00eancia e pesquisa sobre o Programa Espacial Brasileiro, a jornalista, escritora e especialista em inova\u00e7\u00e3o Miriam Rezende Gon\u00e7alves n\u00e3o est\u00e1 otimista em rela\u00e7\u00e3o ao futuro do setor no Brasil. Em entrevista ao Geocracia, ela [&hellip;]\" \/>\n<meta property=\"og:url\" content=\"https:\/\/agenciainfra.com\/blog\/base-de-alcantara-precisa-de-mais-do-que-latitude-competitiva\/\" \/>\n<meta property=\"og:site_name\" content=\"Ag\u00eancia iNFRA\" \/>\n<meta property=\"article:publisher\" content=\"https:\/\/www.facebook.com\/ageninfra\" \/>\n<meta property=\"article:published_time\" content=\"2022-07-12T13:00:00+00:00\" \/>\n<meta property=\"og:image\" content=\"https:\/\/agenciainfra.com\/blog\/wp-content\/uploads\/2022\/07\/miriam-rezende-goncalves-foto-arquivo-pessoal.jpeg\" \/>\n\t<meta property=\"og:image:width\" content=\"1280\" \/>\n\t<meta property=\"og:image:height\" content=\"768\" \/>\n\t<meta property=\"og:image:type\" content=\"image\/jpeg\" \/>\n<meta name=\"author\" content=\"Rodrigo Zuquim\" \/>\n<meta name=\"twitter:card\" content=\"summary_large_image\" \/>\n<meta name=\"twitter:creator\" content=\"@agencia_infra\" \/>\n<meta name=\"twitter:site\" content=\"@agencia_infra\" \/>\n<meta name=\"twitter:label1\" content=\"Escrito por\" \/>\n\t<meta name=\"twitter:data1\" content=\"Rodrigo Zuquim\" \/>\n\t<meta name=\"twitter:label2\" content=\"Est. tempo de leitura\" \/>\n\t<meta name=\"twitter:data2\" content=\"5 minutos\" \/>\n<script type=\"application\/ld+json\" class=\"yoast-schema-graph\">{\"@context\":\"https:\/\/schema.org\",\"@graph\":[{\"@type\":\"Article\",\"@id\":\"https:\/\/agenciainfra.com\/blog\/base-de-alcantara-precisa-de-mais-do-que-latitude-competitiva\/#article\",\"isPartOf\":{\"@id\":\"https:\/\/agenciainfra.com\/blog\/base-de-alcantara-precisa-de-mais-do-que-latitude-competitiva\/\"},\"author\":{\"name\":\"Rodrigo Zuquim\",\"@id\":\"https:\/\/agenciainfra.com\/blog\/#\/schema\/person\/04dbb79bd6d8951f063da71f3e4c1eb1\"},\"headline\":\"Base de Alc\u00e2ntara precisa de mais do que latitude competitiva\",\"datePublished\":\"2022-07-12T13:00:00+00:00\",\"mainEntityOfPage\":{\"@id\":\"https:\/\/agenciainfra.com\/blog\/base-de-alcantara-precisa-de-mais-do-que-latitude-competitiva\/\"},\"wordCount\":1098,\"publisher\":{\"@id\":\"https:\/\/agenciainfra.com\/blog\/#organization\"},\"image\":{\"@id\":\"https:\/\/agenciainfra.com\/blog\/base-de-alcantara-precisa-de-mais-do-que-latitude-competitiva\/#primaryimage\"},\"thumbnailUrl\":\"https:\/\/agenciainfra.com\/blog\/wp-content\/uploads\/2022\/07\/miriam-rezende-goncalves-foto-arquivo-pessoal.jpeg\",\"keywords\":[\"ambiente de neg\u00f3cios\",\"Base de Alc\u00e2ntara\",\"geoinforma\u00e7\u00e3o\",\"geolocaliza\u00e7\u00e3o\",\"ind\u00fastria espacial\",\"Lei Geral de Atividades Espaciais\",\"lei geral do espa\u00e7o\",\"Miriam Gon\u00e7alves\",\"PNAE\",\"programa espacial brasileiro\",\"seguran\u00e7a jur\u00eddica\"],\"articleSection\":[\"Geral\"],\"inLanguage\":\"pt-BR\",\"copyrightYear\":\"2022\",\"copyrightHolder\":{\"@id\":\"https:\/\/agenciainfra.com\/blog\/#organization\"}},{\"@type\":\"WebPage\",\"@id\":\"https:\/\/agenciainfra.com\/blog\/base-de-alcantara-precisa-de-mais-do-que-latitude-competitiva\/\",\"url\":\"https:\/\/agenciainfra.com\/blog\/base-de-alcantara-precisa-de-mais-do-que-latitude-competitiva\/\",\"name\":\"Base de Alc\u00e2ntara precisa de mais do que latitude competitiva - Ag\u00eancia iNFRA\",\"isPartOf\":{\"@id\":\"https:\/\/agenciainfra.com\/blog\/#website\"},\"primaryImageOfPage\":{\"@id\":\"https:\/\/agenciainfra.com\/blog\/base-de-alcantara-precisa-de-mais-do-que-latitude-competitiva\/#primaryimage\"},\"image\":{\"@id\":\"https:\/\/agenciainfra.com\/blog\/base-de-alcantara-precisa-de-mais-do-que-latitude-competitiva\/#primaryimage\"},\"thumbnailUrl\":\"https:\/\/agenciainfra.com\/blog\/wp-content\/uploads\/2022\/07\/miriam-rezende-goncalves-foto-arquivo-pessoal.jpeg\",\"datePublished\":\"2022-07-12T13:00:00+00:00\",\"breadcrumb\":{\"@id\":\"https:\/\/agenciainfra.com\/blog\/base-de-alcantara-precisa-de-mais-do-que-latitude-competitiva\/#breadcrumb\"},\"inLanguage\":\"pt-BR\",\"potentialAction\":[{\"@type\":\"ReadAction\",\"target\":[\"https:\/\/agenciainfra.com\/blog\/base-de-alcantara-precisa-de-mais-do-que-latitude-competitiva\/\"]}]},{\"@type\":\"ImageObject\",\"inLanguage\":\"pt-BR\",\"@id\":\"https:\/\/agenciainfra.com\/blog\/base-de-alcantara-precisa-de-mais-do-que-latitude-competitiva\/#primaryimage\",\"url\":\"https:\/\/agenciainfra.com\/blog\/wp-content\/uploads\/2022\/07\/miriam-rezende-goncalves-foto-arquivo-pessoal.jpeg\",\"contentUrl\":\"https:\/\/agenciainfra.com\/blog\/wp-content\/uploads\/2022\/07\/miriam-rezende-goncalves-foto-arquivo-pessoal.jpeg\",\"width\":1280,\"height\":768},{\"@type\":\"BreadcrumbList\",\"@id\":\"https:\/\/agenciainfra.com\/blog\/base-de-alcantara-precisa-de-mais-do-que-latitude-competitiva\/#breadcrumb\",\"itemListElement\":[{\"@type\":\"ListItem\",\"position\":1,\"name\":\"In\u00edcio\",\"item\":\"https:\/\/agenciainfra.com\/blog\/\"},{\"@type\":\"ListItem\",\"position\":2,\"name\":\"Base de Alc\u00e2ntara precisa de mais do que latitude competitiva\"}]},{\"@type\":\"WebSite\",\"@id\":\"https:\/\/agenciainfra.com\/blog\/#website\",\"url\":\"https:\/\/agenciainfra.com\/blog\/\",\"name\":\"Ag\u00eancia iNFRA\",\"description\":\"Multiplataforma de informa\u00e7\u00e3o jornal\u00edstica refer\u00eancia na \u00e1rea de infraestrutura no Brasil!\",\"publisher\":{\"@id\":\"https:\/\/agenciainfra.com\/blog\/#organization\"},\"potentialAction\":[{\"@type\":\"SearchAction\",\"target\":{\"@type\":\"EntryPoint\",\"urlTemplate\":\"https:\/\/agenciainfra.com\/blog\/?s={search_term_string}\"},\"query-input\":{\"@type\":\"PropertyValueSpecification\",\"valueRequired\":true,\"valueName\":\"search_term_string\"}}],\"inLanguage\":\"pt-BR\"},{\"@type\":\"Organization\",\"@id\":\"https:\/\/agenciainfra.com\/blog\/#organization\",\"name\":\"Ag\u00eancia iNFRA\",\"url\":\"https:\/\/agenciainfra.com\/blog\/\",\"logo\":{\"@type\":\"ImageObject\",\"inLanguage\":\"pt-BR\",\"@id\":\"https:\/\/agenciainfra.com\/blog\/#\/schema\/logo\/image\/\",\"url\":\"https:\/\/agenciainfra.com\/blog\/wp-content\/uploads\/2023\/09\/iNFRA_5-e1761735885940.png\",\"contentUrl\":\"https:\/\/agenciainfra.com\/blog\/wp-content\/uploads\/2023\/09\/iNFRA_5-e1761735885940.png\",\"width\":1672,\"height\":454,\"caption\":\"Ag\u00eancia iNFRA\"},\"image\":{\"@id\":\"https:\/\/agenciainfra.com\/blog\/#\/schema\/logo\/image\/\"},\"sameAs\":[\"https:\/\/www.facebook.com\/ageninfra\",\"https:\/\/x.com\/agencia_infra\",\"https:\/\/www.linkedin.com\/company\/ag\u00eanciainfra\/\",\"https:\/\/www.instagram.com\/agenciainfra\/\"]},{\"@type\":\"Person\",\"@id\":\"https:\/\/agenciainfra.com\/blog\/#\/schema\/person\/04dbb79bd6d8951f063da71f3e4c1eb1\",\"name\":\"Rodrigo Zuquim\",\"image\":{\"@type\":\"ImageObject\",\"inLanguage\":\"pt-BR\",\"@id\":\"https:\/\/agenciainfra.com\/blog\/#\/schema\/person\/image\/\",\"url\":\"https:\/\/secure.gravatar.com\/avatar\/594abfe82761d620726242ff34ca472a705a4b97f16c790053a6b4c4035274d0?s=96&d=mm&r=g\",\"contentUrl\":\"https:\/\/secure.gravatar.com\/avatar\/594abfe82761d620726242ff34ca472a705a4b97f16c790053a6b4c4035274d0?s=96&d=mm&r=g\",\"caption\":\"Rodrigo Zuquim\"},\"url\":\"https:\/\/agenciainfra.com\/blog\/author\/rodrigo-zuquim\/\"}]}<\/script>\n<!-- \/ Yoast SEO Premium plugin. -->","yoast_head_json":{"title":"Base de Alc\u00e2ntara precisa de mais do que latitude competitiva - Ag\u00eancia iNFRA","robots":{"index":"index","follow":"follow","max-snippet":"max-snippet:-1","max-image-preview":"max-image-preview:large","max-video-preview":"max-video-preview:-1"},"canonical":"https:\/\/agenciainfra.com\/blog\/base-de-alcantara-precisa-de-mais-do-que-latitude-competitiva\/","og_locale":"pt_BR","og_type":"article","og_title":"Base de Alc\u00e2ntara precisa de mais do que latitude competitiva","og_description":"Geocracia Especialista no Programa Espacial Brasileiro, Miriam Gon\u00e7alves cobra mais a\u00e7\u00e3o na gest\u00e3o da governan\u00e7a do setor Com duas d\u00e9cadas de experi\u00eancia e pesquisa sobre o Programa Espacial Brasileiro, a jornalista, escritora e especialista em inova\u00e7\u00e3o Miriam Rezende Gon\u00e7alves n\u00e3o est\u00e1 otimista em rela\u00e7\u00e3o ao futuro do setor no Brasil. Em entrevista ao Geocracia, ela [&hellip;]","og_url":"https:\/\/agenciainfra.com\/blog\/base-de-alcantara-precisa-de-mais-do-que-latitude-competitiva\/","og_site_name":"Ag\u00eancia iNFRA","article_publisher":"https:\/\/www.facebook.com\/ageninfra","article_published_time":"2022-07-12T13:00:00+00:00","og_image":[{"width":1280,"height":768,"url":"https:\/\/agenciainfra.com\/blog\/wp-content\/uploads\/2022\/07\/miriam-rezende-goncalves-foto-arquivo-pessoal.jpeg","type":"image\/jpeg"}],"author":"Rodrigo Zuquim","twitter_card":"summary_large_image","twitter_creator":"@agencia_infra","twitter_site":"@agencia_infra","twitter_misc":{"Escrito por":"Rodrigo Zuquim","Est. tempo de leitura":"5 minutos"},"schema":{"@context":"https:\/\/schema.org","@graph":[{"@type":"Article","@id":"https:\/\/agenciainfra.com\/blog\/base-de-alcantara-precisa-de-mais-do-que-latitude-competitiva\/#article","isPartOf":{"@id":"https:\/\/agenciainfra.com\/blog\/base-de-alcantara-precisa-de-mais-do-que-latitude-competitiva\/"},"author":{"name":"Rodrigo Zuquim","@id":"https:\/\/agenciainfra.com\/blog\/#\/schema\/person\/04dbb79bd6d8951f063da71f3e4c1eb1"},"headline":"Base de Alc\u00e2ntara precisa de mais do que latitude competitiva","datePublished":"2022-07-12T13:00:00+00:00","mainEntityOfPage":{"@id":"https:\/\/agenciainfra.com\/blog\/base-de-alcantara-precisa-de-mais-do-que-latitude-competitiva\/"},"wordCount":1098,"publisher":{"@id":"https:\/\/agenciainfra.com\/blog\/#organization"},"image":{"@id":"https:\/\/agenciainfra.com\/blog\/base-de-alcantara-precisa-de-mais-do-que-latitude-competitiva\/#primaryimage"},"thumbnailUrl":"https:\/\/agenciainfra.com\/blog\/wp-content\/uploads\/2022\/07\/miriam-rezende-goncalves-foto-arquivo-pessoal.jpeg","keywords":["ambiente de neg\u00f3cios","Base de Alc\u00e2ntara","geoinforma\u00e7\u00e3o","geolocaliza\u00e7\u00e3o","ind\u00fastria espacial","Lei Geral de Atividades Espaciais","lei geral do espa\u00e7o","Miriam Gon\u00e7alves","PNAE","programa espacial brasileiro","seguran\u00e7a jur\u00eddica"],"articleSection":["Geral"],"inLanguage":"pt-BR","copyrightYear":"2022","copyrightHolder":{"@id":"https:\/\/agenciainfra.com\/blog\/#organization"}},{"@type":"WebPage","@id":"https:\/\/agenciainfra.com\/blog\/base-de-alcantara-precisa-de-mais-do-que-latitude-competitiva\/","url":"https:\/\/agenciainfra.com\/blog\/base-de-alcantara-precisa-de-mais-do-que-latitude-competitiva\/","name":"Base de Alc\u00e2ntara precisa de mais do que latitude competitiva - Ag\u00eancia iNFRA","isPartOf":{"@id":"https:\/\/agenciainfra.com\/blog\/#website"},"primaryImageOfPage":{"@id":"https:\/\/agenciainfra.com\/blog\/base-de-alcantara-precisa-de-mais-do-que-latitude-competitiva\/#primaryimage"},"image":{"@id":"https:\/\/agenciainfra.com\/blog\/base-de-alcantara-precisa-de-mais-do-que-latitude-competitiva\/#primaryimage"},"thumbnailUrl":"https:\/\/agenciainfra.com\/blog\/wp-content\/uploads\/2022\/07\/miriam-rezende-goncalves-foto-arquivo-pessoal.jpeg","datePublished":"2022-07-12T13:00:00+00:00","breadcrumb":{"@id":"https:\/\/agenciainfra.com\/blog\/base-de-alcantara-precisa-de-mais-do-que-latitude-competitiva\/#breadcrumb"},"inLanguage":"pt-BR","potentialAction":[{"@type":"ReadAction","target":["https:\/\/agenciainfra.com\/blog\/base-de-alcantara-precisa-de-mais-do-que-latitude-competitiva\/"]}]},{"@type":"ImageObject","inLanguage":"pt-BR","@id":"https:\/\/agenciainfra.com\/blog\/base-de-alcantara-precisa-de-mais-do-que-latitude-competitiva\/#primaryimage","url":"https:\/\/agenciainfra.com\/blog\/wp-content\/uploads\/2022\/07\/miriam-rezende-goncalves-foto-arquivo-pessoal.jpeg","contentUrl":"https:\/\/agenciainfra.com\/blog\/wp-content\/uploads\/2022\/07\/miriam-rezende-goncalves-foto-arquivo-pessoal.jpeg","width":1280,"height":768},{"@type":"BreadcrumbList","@id":"https:\/\/agenciainfra.com\/blog\/base-de-alcantara-precisa-de-mais-do-que-latitude-competitiva\/#breadcrumb","itemListElement":[{"@type":"ListItem","position":1,"name":"In\u00edcio","item":"https:\/\/agenciainfra.com\/blog\/"},{"@type":"ListItem","position":2,"name":"Base de Alc\u00e2ntara precisa de mais do que latitude competitiva"}]},{"@type":"WebSite","@id":"https:\/\/agenciainfra.com\/blog\/#website","url":"https:\/\/agenciainfra.com\/blog\/","name":"Ag\u00eancia iNFRA","description":"Multiplataforma de informa\u00e7\u00e3o jornal\u00edstica refer\u00eancia na \u00e1rea de infraestrutura no Brasil!","publisher":{"@id":"https:\/\/agenciainfra.com\/blog\/#organization"},"potentialAction":[{"@type":"SearchAction","target":{"@type":"EntryPoint","urlTemplate":"https:\/\/agenciainfra.com\/blog\/?s={search_term_string}"},"query-input":{"@type":"PropertyValueSpecification","valueRequired":true,"valueName":"search_term_string"}}],"inLanguage":"pt-BR"},{"@type":"Organization","@id":"https:\/\/agenciainfra.com\/blog\/#organization","name":"Ag\u00eancia iNFRA","url":"https:\/\/agenciainfra.com\/blog\/","logo":{"@type":"ImageObject","inLanguage":"pt-BR","@id":"https:\/\/agenciainfra.com\/blog\/#\/schema\/logo\/image\/","url":"https:\/\/agenciainfra.com\/blog\/wp-content\/uploads\/2023\/09\/iNFRA_5-e1761735885940.png","contentUrl":"https:\/\/agenciainfra.com\/blog\/wp-content\/uploads\/2023\/09\/iNFRA_5-e1761735885940.png","width":1672,"height":454,"caption":"Ag\u00eancia iNFRA"},"image":{"@id":"https:\/\/agenciainfra.com\/blog\/#\/schema\/logo\/image\/"},"sameAs":["https:\/\/www.facebook.com\/ageninfra","https:\/\/x.com\/agencia_infra","https:\/\/www.linkedin.com\/company\/ag\u00eanciainfra\/","https:\/\/www.instagram.com\/agenciainfra\/"]},{"@type":"Person","@id":"https:\/\/agenciainfra.com\/blog\/#\/schema\/person\/04dbb79bd6d8951f063da71f3e4c1eb1","name":"Rodrigo Zuquim","image":{"@type":"ImageObject","inLanguage":"pt-BR","@id":"https:\/\/agenciainfra.com\/blog\/#\/schema\/person\/image\/","url":"https:\/\/secure.gravatar.com\/avatar\/594abfe82761d620726242ff34ca472a705a4b97f16c790053a6b4c4035274d0?s=96&d=mm&r=g","contentUrl":"https:\/\/secure.gravatar.com\/avatar\/594abfe82761d620726242ff34ca472a705a4b97f16c790053a6b4c4035274d0?s=96&d=mm&r=g","caption":"Rodrigo Zuquim"},"url":"https:\/\/agenciainfra.com\/blog\/author\/rodrigo-zuquim\/"}]}},"_links":{"self":[{"href":"https:\/\/agenciainfra.com\/blog\/wp-json\/wp\/v2\/posts\/10832","targetHints":{"allow":["GET"]}}],"collection":[{"href":"https:\/\/agenciainfra.com\/blog\/wp-json\/wp\/v2\/posts"}],"about":[{"href":"https:\/\/agenciainfra.com\/blog\/wp-json\/wp\/v2\/types\/post"}],"author":[{"embeddable":true,"href":"https:\/\/agenciainfra.com\/blog\/wp-json\/wp\/v2\/users\/9"}],"replies":[{"embeddable":true,"href":"https:\/\/agenciainfra.com\/blog\/wp-json\/wp\/v2\/comments?post=10832"}],"version-history":[{"count":0,"href":"https:\/\/agenciainfra.com\/blog\/wp-json\/wp\/v2\/posts\/10832\/revisions"}],"wp:featuredmedia":[{"embeddable":true,"href":"https:\/\/agenciainfra.com\/blog\/wp-json\/wp\/v2\/media\/10833"}],"wp:attachment":[{"href":"https:\/\/agenciainfra.com\/blog\/wp-json\/wp\/v2\/media?parent=10832"}],"wp:term":[{"taxonomy":"category","embeddable":true,"href":"https:\/\/agenciainfra.com\/blog\/wp-json\/wp\/v2\/categories?post=10832"},{"taxonomy":"post_tag","embeddable":true,"href":"https:\/\/agenciainfra.com\/blog\/wp-json\/wp\/v2\/tags?post=10832"}],"curies":[{"name":"wp","href":"https:\/\/api.w.org\/{rel}","templated":true}]}}