{"id":10839,"date":"2022-07-13T09:00:00","date_gmt":"2022-07-13T12:00:00","guid":{"rendered":"https:\/\/www.agenciainfra.com\/blog\/?p=10839"},"modified":"2022-07-12T09:33:20","modified_gmt":"2022-07-12T12:33:20","slug":"renovacao-dos-contratos-de-concessao-passa-a-ser-prioridade-para-as-distribuidoras","status":"publish","type":"post","link":"https:\/\/agenciainfra.com\/blog\/renovacao-dos-contratos-de-concessao-passa-a-ser-prioridade-para-as-distribuidoras\/","title":{"rendered":"Renova\u00e7\u00e3o dos contratos de concess\u00e3o passa a ser prioridade para as distribuidoras"},"content":{"rendered":"\n<p class=\"has-text-align-right\"><strong>Roberto Rockmann e Leila Coimbra,\u00a0da Ag\u00eancia iNFRA<\/strong><\/p>\n\n\n\n<p><br>A possibilidade de renova\u00e7\u00e3o dos contratos de concess\u00e3o de distribui\u00e7\u00e3o que expiram entre 2025 e 2031 \u00e9 o tema priorit\u00e1rio das grandes companhias do setor el\u00e9trico hoje, no pa\u00eds. O tema afeta aproximadamente 60% dos consumidores de energia brasileiros. S\u00e3o contratos que re\u00fanem cerca de 55 milh\u00f5es de clientes e faturamento de mais ou menos R$ 170 bilh\u00f5es em 2021, segundo dados compilados pela FGV-Ceri.<br>&nbsp;<br>S\u00e3o cerca de 20 contratos, que envolvem as primeiras privatiza\u00e7\u00f5es de distribuidoras no pa\u00eds feitas a partir da metade dos anos 1990. Grandes grupos como EDP, CPFL, Enel, Energisa, Light, Neoenergia det\u00eam essas concess\u00f5es, que est\u00e3o para completar 30 anos e terminar.<br>&nbsp;<br>As distribuidoras envolvidas priorizam o tema e buscam que ele avance ainda neste ano com o governo federal com temor de que a discuss\u00e3o possa se politizar, enquanto associa\u00e7\u00f5es de consumidores e novos entrantes observam a quest\u00e3o bilion\u00e1ria de perto de olho nas oportunidades que ela cria.<br>&nbsp;<br>Os contratos incorporaram cl\u00e1usulas que permitem a renova\u00e7\u00e3o da concess\u00e3o, mediante a anu\u00eancia do poder concedente, com o argumento de que o risco dos primeiros investidores e de mudan\u00e7as no modelo eram altos.<br>&nbsp;<br>A discuss\u00e3o n\u00e3o \u00e9 nova. Em 2018, o governo federal se debru\u00e7ou sobre ela. Havia partid\u00e1rios de relicitar os contratos, meio visto como uma forma de reduzir as tarifas e atrair novos players. Outros indicavam que poderia ser feita a prorroga\u00e7\u00e3o com cobran\u00e7a de b\u00f4nus. \u201cA quest\u00e3o do modelo foi tensa. O Minist\u00e9rio da Economia preferia relicitar, era tema de pouco consenso\u201d, disse uma fonte que participou das discuss\u00f5es.<br>&nbsp;<br><strong>Relicitar ou renovar?<\/strong><br>Eis a dif\u00edcil resposta que o governo federal ter\u00e1 de tomar. Relicitar seria uma forma de atrair novos players para o setor, que est\u00e3o de olho na transforma\u00e7\u00e3o que o setor de distribui\u00e7\u00e3o poder\u00e1 se tornar, com a chegada de novos servi\u00e7os por exemplo com a eventualidade de avan\u00e7o das redes inteligentes.<br>&nbsp;<br>Relicita\u00e7\u00e3o tamb\u00e9m poderia permitir reduzir as tarifas, o que cria preocupa\u00e7\u00e3o para as distribuidoras de que pol\u00edticos assumam o comando do assunto.<br>&nbsp;<br>Para as concession\u00e1rias, a renova\u00e7\u00e3o \u00e9 um mantra a ser buscado a todo custo diante de um mercado em disrup\u00e7\u00e3o por conta do avan\u00e7o da gera\u00e7\u00e3o distribu\u00edda solar e a potencial abertura total do mercado livre. Renovar \u00e9 ter acesso a esses 55 milh\u00f5es de clientes com maior poder aquisitivo do pa\u00eds e poder vender mais servi\u00e7os para esses consumidores.<br>&nbsp;<br>Os grandes players que det\u00eam esses contratos n\u00e3o est\u00e3o dispostos a abrirem m\u00e3o. \u201cSe perderem as concess\u00f5es, o valor das listadas em bolsa pode sofrer queda. Renovar tamb\u00e9m ter\u00e1 impacto sobre as condi\u00e7\u00f5es de financiamento futuras porque o fluxo de caixa ser\u00e1 fortalecido\u201d, aponta uma fonte do setor financeiro.<br>&nbsp;<br><strong>Primeira \u00e9 a EDP-ES<\/strong><br>A primeira distribuidora que passar\u00e1 pelo processo \u00e9 a EDP-ES, privatizada em 1995 sob o nome de Escelsa. Seu contrato expira em julho de 2025. Pelas regras, a empresa precisa manifestar interesse em renovar 36 meses antes do prazo. Isso j\u00e1 foi feito, segundo fontes.<br>&nbsp;<br>Em teleconfer\u00eancia com analistas no in\u00edcio do ano, o presidente da empresa, Jo\u00e3o Marques da Cruz, disse que esse era \u201cum assunto muito importante, mas estamos totalmente confiantes, tal como uma parte significativa do mercado est\u00e1 confiante, incluindo ag\u00eancias de rating, que consideram uma probabilidade muito elevada de n\u00f3s conseguirmos esta prorroga\u00e7\u00e3o da concess\u00e3o\u201d.<br>&nbsp;<br><strong>Contratos sob um novo contexto<\/strong><br>O caso da EDP-ES \u00e9 considerado emblem\u00e1tico por ser o primeiro a tratar de renova\u00e7\u00e3o de concess\u00e3o de distribui\u00e7\u00e3o e por poder indicar os crit\u00e9rios a serem adotados. Para especialistas, esses contratos que podem ser renovados ou relicitados devem ser olhados sob o prisma da descentraliza\u00e7\u00e3o, digitaliza\u00e7\u00e3o e descarboniza\u00e7\u00e3o, ou seja, ter\u00e3o de olhar o futuro em transforma\u00e7\u00e3o do setor el\u00e9trico.<br>&nbsp;<br>\u201cS\u00e3o contratos que t\u00eam de incorporar esse contexto, poder\u00e3o ser a espinha dorsal da nova regula\u00e7\u00e3o de um novo momento do setor e precisam passar por consulta p\u00fablica para que toda a sociedade possa participar\u201d, diz Joisa Dutra, diretora do FGV-Ceri, uma das organizadoras de um livro sobre as concess\u00f5es de distribui\u00e7\u00e3o, gera\u00e7\u00e3o e transmiss\u00e3o que estar\u00e3o para vencer nas pr\u00f3ximas d\u00e9cadas.<br>&nbsp;<br>O livro ser\u00e1 lan\u00e7ado em 20 de julho e j\u00e1 foi entregue ao Minist\u00e9rio de Minas e Energia. \u201cRede inteligente n\u00e3o \u00e9 programa de P&amp;D e \u00e9 uma forma de descarboniza\u00e7\u00e3o, por exemplo. N\u00e3o se pode desperdi\u00e7ar a chance.\u201d&nbsp;Ela n\u00e3o enxerga chances de o processo ser finalizado ainda neste ano. \u201c\u00c9 preciso que seja feita uma consulta p\u00fablica com tempo h\u00e1bil para manifesta\u00e7\u00f5es e n\u00e3o haja atropelos.\u201d<br>&nbsp;<br>&#8220;O processo \u00e9 diferente das concess\u00f5es daquelas alcan\u00e7adas pela MP [medida provis\u00f3ria] 579, para as quais n\u00e3o havia previs\u00e3o de prorroga\u00e7\u00e3o, mas ainda n\u00e3o temos par\u00e2metros claros para isso\u201d, diz o advogado Rodrigo Machado, s\u00f3cio do Madrona Advogados.<br>&nbsp;<br>Para o ex-diretor da ANEEL (Ag\u00eancia Nacional de Energia El\u00e9trica) Edvaldo Santana, os contratos criam uma oportunidade. \u201cAcho mais interessante trocar a amplia\u00e7\u00e3o da concess\u00e3o pela assun\u00e7\u00e3o de boa parte dos custos dos contratos legados. Facilita a libera\u00e7\u00e3o do mercado. Muito mais que o PL 414\/2021\u201d, afirma.<\/p>\n","protected":false},"excerpt":{"rendered":"<p>Roberto Rockmann e Leila Coimbra,\u00a0da Ag\u00eancia iNFRA A possibilidade de renova\u00e7\u00e3o dos contratos de concess\u00e3o de distribui\u00e7\u00e3o que expiram entre 2025 e 2031 \u00e9 o tema priorit\u00e1rio das grandes companhias do setor el\u00e9trico hoje, no pa\u00eds. O tema afeta aproximadamente 60% dos consumidores de energia brasileiros. S\u00e3o contratos que re\u00fanem cerca de 55 milh\u00f5es de [&hellip;]<\/p>\n","protected":false},"author":9,"featured_media":8083,"comment_status":"closed","ping_status":"closed","sticky":false,"template":"","format":"standard","meta":{"_monsterinsights_skip_tracking":false,"_monsterinsights_sitenote_active":false,"_monsterinsights_sitenote_note":"","_monsterinsights_sitenote_category":0,"footnotes":""},"categories":[1,10],"tags":[22,592,292,1760,616,2730,1867,593,418,1027,226,54],"class_list":["post-10839","post","type-post","status-publish","format-standard","has-post-thumbnail","hentry","category-geral","category-infraenergia","tag-concessao","tag-cpfl","tag-distribuidoras","tag-edp","tag-enel","tag-energisa","tag-light","tag-neoenergia","tag-privatizacoes","tag-relicitacao","tag-renovacao","tag-setor-eletrico"],"yoast_head":"<!-- This site is optimized with the Yoast SEO Premium plugin v25.4 (Yoast SEO v26.0) - https:\/\/yoast.com\/wordpress\/plugins\/seo\/ -->\n<title>Renova\u00e7\u00e3o dos contratos de concess\u00e3o passa a ser prioridade para as distribuidoras - Ag\u00eancia iNFRA<\/title>\n<meta name=\"robots\" content=\"index, follow, max-snippet:-1, max-image-preview:large, max-video-preview:-1\" \/>\n<link rel=\"canonical\" href=\"https:\/\/agenciainfra.com\/blog\/renovacao-dos-contratos-de-concessao-passa-a-ser-prioridade-para-as-distribuidoras\/\" \/>\n<meta property=\"og:locale\" content=\"pt_BR\" \/>\n<meta property=\"og:type\" content=\"article\" \/>\n<meta property=\"og:title\" content=\"Renova\u00e7\u00e3o dos contratos de concess\u00e3o passa a ser prioridade para as distribuidoras\" \/>\n<meta property=\"og:description\" content=\"Roberto Rockmann e Leila Coimbra,\u00a0da Ag\u00eancia iNFRA A possibilidade de renova\u00e7\u00e3o dos contratos de concess\u00e3o de distribui\u00e7\u00e3o que expiram entre 2025 e 2031 \u00e9 o tema priorit\u00e1rio das grandes companhias do setor el\u00e9trico hoje, no pa\u00eds. O tema afeta aproximadamente 60% dos consumidores de energia brasileiros. S\u00e3o contratos que re\u00fanem cerca de 55 milh\u00f5es de [&hellip;]\" \/>\n<meta property=\"og:url\" content=\"https:\/\/agenciainfra.com\/blog\/renovacao-dos-contratos-de-concessao-passa-a-ser-prioridade-para-as-distribuidoras\/\" \/>\n<meta property=\"og:site_name\" content=\"Ag\u00eancia iNFRA\" \/>\n<meta property=\"article:publisher\" content=\"https:\/\/www.facebook.com\/ageninfra\" \/>\n<meta property=\"article:published_time\" content=\"2022-07-13T12:00:00+00:00\" \/>\n<meta property=\"og:image\" content=\"https:\/\/agenciainfra.com\/blog\/wp-content\/uploads\/2021\/08\/energia-foto-dominio-publico.jpeg\" \/>\n\t<meta property=\"og:image:width\" content=\"1280\" \/>\n\t<meta property=\"og:image:height\" content=\"720\" \/>\n\t<meta property=\"og:image:type\" content=\"image\/jpeg\" \/>\n<meta name=\"author\" content=\"Rodrigo Zuquim\" \/>\n<meta name=\"twitter:card\" content=\"summary_large_image\" \/>\n<meta name=\"twitter:creator\" content=\"@agencia_infra\" \/>\n<meta name=\"twitter:site\" content=\"@agencia_infra\" \/>\n<meta name=\"twitter:label1\" content=\"Escrito por\" \/>\n\t<meta name=\"twitter:data1\" content=\"Rodrigo Zuquim\" \/>\n\t<meta name=\"twitter:label2\" content=\"Est. tempo de leitura\" \/>\n\t<meta name=\"twitter:data2\" content=\"5 minutos\" \/>\n<script type=\"application\/ld+json\" class=\"yoast-schema-graph\">{\"@context\":\"https:\/\/schema.org\",\"@graph\":[{\"@type\":\"Article\",\"@id\":\"https:\/\/agenciainfra.com\/blog\/renovacao-dos-contratos-de-concessao-passa-a-ser-prioridade-para-as-distribuidoras\/#article\",\"isPartOf\":{\"@id\":\"https:\/\/agenciainfra.com\/blog\/renovacao-dos-contratos-de-concessao-passa-a-ser-prioridade-para-as-distribuidoras\/\"},\"author\":{\"name\":\"Rodrigo Zuquim\",\"@id\":\"https:\/\/agenciainfra.com\/blog\/#\/schema\/person\/04dbb79bd6d8951f063da71f3e4c1eb1\"},\"headline\":\"Renova\u00e7\u00e3o dos contratos de concess\u00e3o passa a ser prioridade para as distribuidoras\",\"datePublished\":\"2022-07-13T12:00:00+00:00\",\"mainEntityOfPage\":{\"@id\":\"https:\/\/agenciainfra.com\/blog\/renovacao-dos-contratos-de-concessao-passa-a-ser-prioridade-para-as-distribuidoras\/\"},\"wordCount\":956,\"publisher\":{\"@id\":\"https:\/\/agenciainfra.com\/blog\/#organization\"},\"image\":{\"@id\":\"https:\/\/agenciainfra.com\/blog\/renovacao-dos-contratos-de-concessao-passa-a-ser-prioridade-para-as-distribuidoras\/#primaryimage\"},\"thumbnailUrl\":\"https:\/\/agenciainfra.com\/blog\/wp-content\/uploads\/2021\/08\/energia-foto-dominio-publico.jpeg\",\"keywords\":[\"Concess\u00e3o\",\"cpfl\",\"distribuidoras\",\"EDP\",\"Enel\",\"Energisa\",\"Light\",\"neoenergia\",\"privatiza\u00e7\u00f5es\",\"relicita\u00e7\u00e3o\",\"renova\u00e7\u00e3o\",\"Setor El\u00e9trico\"],\"articleSection\":[\"Geral\",\"iNFRAEnergia\"],\"inLanguage\":\"pt-BR\",\"copyrightYear\":\"2022\",\"copyrightHolder\":{\"@id\":\"https:\/\/agenciainfra.com\/blog\/#organization\"}},{\"@type\":\"WebPage\",\"@id\":\"https:\/\/agenciainfra.com\/blog\/renovacao-dos-contratos-de-concessao-passa-a-ser-prioridade-para-as-distribuidoras\/\",\"url\":\"https:\/\/agenciainfra.com\/blog\/renovacao-dos-contratos-de-concessao-passa-a-ser-prioridade-para-as-distribuidoras\/\",\"name\":\"Renova\u00e7\u00e3o dos contratos de concess\u00e3o passa a ser prioridade para as distribuidoras - Ag\u00eancia iNFRA\",\"isPartOf\":{\"@id\":\"https:\/\/agenciainfra.com\/blog\/#website\"},\"primaryImageOfPage\":{\"@id\":\"https:\/\/agenciainfra.com\/blog\/renovacao-dos-contratos-de-concessao-passa-a-ser-prioridade-para-as-distribuidoras\/#primaryimage\"},\"image\":{\"@id\":\"https:\/\/agenciainfra.com\/blog\/renovacao-dos-contratos-de-concessao-passa-a-ser-prioridade-para-as-distribuidoras\/#primaryimage\"},\"thumbnailUrl\":\"https:\/\/agenciainfra.com\/blog\/wp-content\/uploads\/2021\/08\/energia-foto-dominio-publico.jpeg\",\"datePublished\":\"2022-07-13T12:00:00+00:00\",\"breadcrumb\":{\"@id\":\"https:\/\/agenciainfra.com\/blog\/renovacao-dos-contratos-de-concessao-passa-a-ser-prioridade-para-as-distribuidoras\/#breadcrumb\"},\"inLanguage\":\"pt-BR\",\"potentialAction\":[{\"@type\":\"ReadAction\",\"target\":[\"https:\/\/agenciainfra.com\/blog\/renovacao-dos-contratos-de-concessao-passa-a-ser-prioridade-para-as-distribuidoras\/\"]}]},{\"@type\":\"ImageObject\",\"inLanguage\":\"pt-BR\",\"@id\":\"https:\/\/agenciainfra.com\/blog\/renovacao-dos-contratos-de-concessao-passa-a-ser-prioridade-para-as-distribuidoras\/#primaryimage\",\"url\":\"https:\/\/agenciainfra.com\/blog\/wp-content\/uploads\/2021\/08\/energia-foto-dominio-publico.jpeg\",\"contentUrl\":\"https:\/\/agenciainfra.com\/blog\/wp-content\/uploads\/2021\/08\/energia-foto-dominio-publico.jpeg\",\"width\":1280,\"height\":720,\"caption\":\"Foto: Dom\u00ednio P\u00fablico\"},{\"@type\":\"BreadcrumbList\",\"@id\":\"https:\/\/agenciainfra.com\/blog\/renovacao-dos-contratos-de-concessao-passa-a-ser-prioridade-para-as-distribuidoras\/#breadcrumb\",\"itemListElement\":[{\"@type\":\"ListItem\",\"position\":1,\"name\":\"In\u00edcio\",\"item\":\"https:\/\/agenciainfra.com\/blog\/\"},{\"@type\":\"ListItem\",\"position\":2,\"name\":\"Renova\u00e7\u00e3o dos contratos de concess\u00e3o passa a ser prioridade para as distribuidoras\"}]},{\"@type\":\"WebSite\",\"@id\":\"https:\/\/agenciainfra.com\/blog\/#website\",\"url\":\"https:\/\/agenciainfra.com\/blog\/\",\"name\":\"Ag\u00eancia iNFRA\",\"description\":\"Multiplataforma de informa\u00e7\u00e3o jornal\u00edstica refer\u00eancia na \u00e1rea de infraestrutura no Brasil!\",\"publisher\":{\"@id\":\"https:\/\/agenciainfra.com\/blog\/#organization\"},\"potentialAction\":[{\"@type\":\"SearchAction\",\"target\":{\"@type\":\"EntryPoint\",\"urlTemplate\":\"https:\/\/agenciainfra.com\/blog\/?s={search_term_string}\"},\"query-input\":{\"@type\":\"PropertyValueSpecification\",\"valueRequired\":true,\"valueName\":\"search_term_string\"}}],\"inLanguage\":\"pt-BR\"},{\"@type\":\"Organization\",\"@id\":\"https:\/\/agenciainfra.com\/blog\/#organization\",\"name\":\"Ag\u00eancia iNFRA\",\"url\":\"https:\/\/agenciainfra.com\/blog\/\",\"logo\":{\"@type\":\"ImageObject\",\"inLanguage\":\"pt-BR\",\"@id\":\"https:\/\/agenciainfra.com\/blog\/#\/schema\/logo\/image\/\",\"url\":\"https:\/\/agenciainfra.com\/blog\/wp-content\/uploads\/2023\/09\/iNFRA_5-e1761735885940.png\",\"contentUrl\":\"https:\/\/agenciainfra.com\/blog\/wp-content\/uploads\/2023\/09\/iNFRA_5-e1761735885940.png\",\"width\":1672,\"height\":454,\"caption\":\"Ag\u00eancia iNFRA\"},\"image\":{\"@id\":\"https:\/\/agenciainfra.com\/blog\/#\/schema\/logo\/image\/\"},\"sameAs\":[\"https:\/\/www.facebook.com\/ageninfra\",\"https:\/\/x.com\/agencia_infra\",\"https:\/\/www.linkedin.com\/company\/ag\u00eanciainfra\/\",\"https:\/\/www.instagram.com\/agenciainfra\/\"]},{\"@type\":\"Person\",\"@id\":\"https:\/\/agenciainfra.com\/blog\/#\/schema\/person\/04dbb79bd6d8951f063da71f3e4c1eb1\",\"name\":\"Rodrigo Zuquim\",\"image\":{\"@type\":\"ImageObject\",\"inLanguage\":\"pt-BR\",\"@id\":\"https:\/\/agenciainfra.com\/blog\/#\/schema\/person\/image\/\",\"url\":\"https:\/\/secure.gravatar.com\/avatar\/594abfe82761d620726242ff34ca472a705a4b97f16c790053a6b4c4035274d0?s=96&d=mm&r=g\",\"contentUrl\":\"https:\/\/secure.gravatar.com\/avatar\/594abfe82761d620726242ff34ca472a705a4b97f16c790053a6b4c4035274d0?s=96&d=mm&r=g\",\"caption\":\"Rodrigo Zuquim\"},\"url\":\"https:\/\/agenciainfra.com\/blog\/author\/rodrigo-zuquim\/\"}]}<\/script>\n<!-- \/ Yoast SEO Premium plugin. -->","yoast_head_json":{"title":"Renova\u00e7\u00e3o dos contratos de concess\u00e3o passa a ser prioridade para as distribuidoras - Ag\u00eancia iNFRA","robots":{"index":"index","follow":"follow","max-snippet":"max-snippet:-1","max-image-preview":"max-image-preview:large","max-video-preview":"max-video-preview:-1"},"canonical":"https:\/\/agenciainfra.com\/blog\/renovacao-dos-contratos-de-concessao-passa-a-ser-prioridade-para-as-distribuidoras\/","og_locale":"pt_BR","og_type":"article","og_title":"Renova\u00e7\u00e3o dos contratos de concess\u00e3o passa a ser prioridade para as distribuidoras","og_description":"Roberto Rockmann e Leila Coimbra,\u00a0da Ag\u00eancia iNFRA A possibilidade de renova\u00e7\u00e3o dos contratos de concess\u00e3o de distribui\u00e7\u00e3o que expiram entre 2025 e 2031 \u00e9 o tema priorit\u00e1rio das grandes companhias do setor el\u00e9trico hoje, no pa\u00eds. O tema afeta aproximadamente 60% dos consumidores de energia brasileiros. S\u00e3o contratos que re\u00fanem cerca de 55 milh\u00f5es de [&hellip;]","og_url":"https:\/\/agenciainfra.com\/blog\/renovacao-dos-contratos-de-concessao-passa-a-ser-prioridade-para-as-distribuidoras\/","og_site_name":"Ag\u00eancia iNFRA","article_publisher":"https:\/\/www.facebook.com\/ageninfra","article_published_time":"2022-07-13T12:00:00+00:00","og_image":[{"width":1280,"height":720,"url":"https:\/\/agenciainfra.com\/blog\/wp-content\/uploads\/2021\/08\/energia-foto-dominio-publico.jpeg","type":"image\/jpeg"}],"author":"Rodrigo Zuquim","twitter_card":"summary_large_image","twitter_creator":"@agencia_infra","twitter_site":"@agencia_infra","twitter_misc":{"Escrito por":"Rodrigo Zuquim","Est. tempo de leitura":"5 minutos"},"schema":{"@context":"https:\/\/schema.org","@graph":[{"@type":"Article","@id":"https:\/\/agenciainfra.com\/blog\/renovacao-dos-contratos-de-concessao-passa-a-ser-prioridade-para-as-distribuidoras\/#article","isPartOf":{"@id":"https:\/\/agenciainfra.com\/blog\/renovacao-dos-contratos-de-concessao-passa-a-ser-prioridade-para-as-distribuidoras\/"},"author":{"name":"Rodrigo Zuquim","@id":"https:\/\/agenciainfra.com\/blog\/#\/schema\/person\/04dbb79bd6d8951f063da71f3e4c1eb1"},"headline":"Renova\u00e7\u00e3o dos contratos de concess\u00e3o passa a ser prioridade para as distribuidoras","datePublished":"2022-07-13T12:00:00+00:00","mainEntityOfPage":{"@id":"https:\/\/agenciainfra.com\/blog\/renovacao-dos-contratos-de-concessao-passa-a-ser-prioridade-para-as-distribuidoras\/"},"wordCount":956,"publisher":{"@id":"https:\/\/agenciainfra.com\/blog\/#organization"},"image":{"@id":"https:\/\/agenciainfra.com\/blog\/renovacao-dos-contratos-de-concessao-passa-a-ser-prioridade-para-as-distribuidoras\/#primaryimage"},"thumbnailUrl":"https:\/\/agenciainfra.com\/blog\/wp-content\/uploads\/2021\/08\/energia-foto-dominio-publico.jpeg","keywords":["Concess\u00e3o","cpfl","distribuidoras","EDP","Enel","Energisa","Light","neoenergia","privatiza\u00e7\u00f5es","relicita\u00e7\u00e3o","renova\u00e7\u00e3o","Setor El\u00e9trico"],"articleSection":["Geral","iNFRAEnergia"],"inLanguage":"pt-BR","copyrightYear":"2022","copyrightHolder":{"@id":"https:\/\/agenciainfra.com\/blog\/#organization"}},{"@type":"WebPage","@id":"https:\/\/agenciainfra.com\/blog\/renovacao-dos-contratos-de-concessao-passa-a-ser-prioridade-para-as-distribuidoras\/","url":"https:\/\/agenciainfra.com\/blog\/renovacao-dos-contratos-de-concessao-passa-a-ser-prioridade-para-as-distribuidoras\/","name":"Renova\u00e7\u00e3o dos contratos de concess\u00e3o passa a ser prioridade para as distribuidoras - Ag\u00eancia iNFRA","isPartOf":{"@id":"https:\/\/agenciainfra.com\/blog\/#website"},"primaryImageOfPage":{"@id":"https:\/\/agenciainfra.com\/blog\/renovacao-dos-contratos-de-concessao-passa-a-ser-prioridade-para-as-distribuidoras\/#primaryimage"},"image":{"@id":"https:\/\/agenciainfra.com\/blog\/renovacao-dos-contratos-de-concessao-passa-a-ser-prioridade-para-as-distribuidoras\/#primaryimage"},"thumbnailUrl":"https:\/\/agenciainfra.com\/blog\/wp-content\/uploads\/2021\/08\/energia-foto-dominio-publico.jpeg","datePublished":"2022-07-13T12:00:00+00:00","breadcrumb":{"@id":"https:\/\/agenciainfra.com\/blog\/renovacao-dos-contratos-de-concessao-passa-a-ser-prioridade-para-as-distribuidoras\/#breadcrumb"},"inLanguage":"pt-BR","potentialAction":[{"@type":"ReadAction","target":["https:\/\/agenciainfra.com\/blog\/renovacao-dos-contratos-de-concessao-passa-a-ser-prioridade-para-as-distribuidoras\/"]}]},{"@type":"ImageObject","inLanguage":"pt-BR","@id":"https:\/\/agenciainfra.com\/blog\/renovacao-dos-contratos-de-concessao-passa-a-ser-prioridade-para-as-distribuidoras\/#primaryimage","url":"https:\/\/agenciainfra.com\/blog\/wp-content\/uploads\/2021\/08\/energia-foto-dominio-publico.jpeg","contentUrl":"https:\/\/agenciainfra.com\/blog\/wp-content\/uploads\/2021\/08\/energia-foto-dominio-publico.jpeg","width":1280,"height":720,"caption":"Foto: Dom\u00ednio P\u00fablico"},{"@type":"BreadcrumbList","@id":"https:\/\/agenciainfra.com\/blog\/renovacao-dos-contratos-de-concessao-passa-a-ser-prioridade-para-as-distribuidoras\/#breadcrumb","itemListElement":[{"@type":"ListItem","position":1,"name":"In\u00edcio","item":"https:\/\/agenciainfra.com\/blog\/"},{"@type":"ListItem","position":2,"name":"Renova\u00e7\u00e3o dos contratos de concess\u00e3o passa a ser prioridade para as distribuidoras"}]},{"@type":"WebSite","@id":"https:\/\/agenciainfra.com\/blog\/#website","url":"https:\/\/agenciainfra.com\/blog\/","name":"Ag\u00eancia iNFRA","description":"Multiplataforma de informa\u00e7\u00e3o jornal\u00edstica refer\u00eancia na \u00e1rea de infraestrutura no Brasil!","publisher":{"@id":"https:\/\/agenciainfra.com\/blog\/#organization"},"potentialAction":[{"@type":"SearchAction","target":{"@type":"EntryPoint","urlTemplate":"https:\/\/agenciainfra.com\/blog\/?s={search_term_string}"},"query-input":{"@type":"PropertyValueSpecification","valueRequired":true,"valueName":"search_term_string"}}],"inLanguage":"pt-BR"},{"@type":"Organization","@id":"https:\/\/agenciainfra.com\/blog\/#organization","name":"Ag\u00eancia iNFRA","url":"https:\/\/agenciainfra.com\/blog\/","logo":{"@type":"ImageObject","inLanguage":"pt-BR","@id":"https:\/\/agenciainfra.com\/blog\/#\/schema\/logo\/image\/","url":"https:\/\/agenciainfra.com\/blog\/wp-content\/uploads\/2023\/09\/iNFRA_5-e1761735885940.png","contentUrl":"https:\/\/agenciainfra.com\/blog\/wp-content\/uploads\/2023\/09\/iNFRA_5-e1761735885940.png","width":1672,"height":454,"caption":"Ag\u00eancia iNFRA"},"image":{"@id":"https:\/\/agenciainfra.com\/blog\/#\/schema\/logo\/image\/"},"sameAs":["https:\/\/www.facebook.com\/ageninfra","https:\/\/x.com\/agencia_infra","https:\/\/www.linkedin.com\/company\/ag\u00eanciainfra\/","https:\/\/www.instagram.com\/agenciainfra\/"]},{"@type":"Person","@id":"https:\/\/agenciainfra.com\/blog\/#\/schema\/person\/04dbb79bd6d8951f063da71f3e4c1eb1","name":"Rodrigo Zuquim","image":{"@type":"ImageObject","inLanguage":"pt-BR","@id":"https:\/\/agenciainfra.com\/blog\/#\/schema\/person\/image\/","url":"https:\/\/secure.gravatar.com\/avatar\/594abfe82761d620726242ff34ca472a705a4b97f16c790053a6b4c4035274d0?s=96&d=mm&r=g","contentUrl":"https:\/\/secure.gravatar.com\/avatar\/594abfe82761d620726242ff34ca472a705a4b97f16c790053a6b4c4035274d0?s=96&d=mm&r=g","caption":"Rodrigo Zuquim"},"url":"https:\/\/agenciainfra.com\/blog\/author\/rodrigo-zuquim\/"}]}},"_links":{"self":[{"href":"https:\/\/agenciainfra.com\/blog\/wp-json\/wp\/v2\/posts\/10839","targetHints":{"allow":["GET"]}}],"collection":[{"href":"https:\/\/agenciainfra.com\/blog\/wp-json\/wp\/v2\/posts"}],"about":[{"href":"https:\/\/agenciainfra.com\/blog\/wp-json\/wp\/v2\/types\/post"}],"author":[{"embeddable":true,"href":"https:\/\/agenciainfra.com\/blog\/wp-json\/wp\/v2\/users\/9"}],"replies":[{"embeddable":true,"href":"https:\/\/agenciainfra.com\/blog\/wp-json\/wp\/v2\/comments?post=10839"}],"version-history":[{"count":0,"href":"https:\/\/agenciainfra.com\/blog\/wp-json\/wp\/v2\/posts\/10839\/revisions"}],"wp:featuredmedia":[{"embeddable":true,"href":"https:\/\/agenciainfra.com\/blog\/wp-json\/wp\/v2\/media\/8083"}],"wp:attachment":[{"href":"https:\/\/agenciainfra.com\/blog\/wp-json\/wp\/v2\/media?parent=10839"}],"wp:term":[{"taxonomy":"category","embeddable":true,"href":"https:\/\/agenciainfra.com\/blog\/wp-json\/wp\/v2\/categories?post=10839"},{"taxonomy":"post_tag","embeddable":true,"href":"https:\/\/agenciainfra.com\/blog\/wp-json\/wp\/v2\/tags?post=10839"}],"curies":[{"name":"wp","href":"https:\/\/api.w.org\/{rel}","templated":true}]}}