{"id":10844,"date":"2022-07-13T11:00:00","date_gmt":"2022-07-13T14:00:00","guid":{"rendered":"https:\/\/www.agenciainfra.com\/blog\/?p=10844"},"modified":"2022-07-13T09:58:15","modified_gmt":"2022-07-13T12:58:15","slug":"aneel-mantem-beneficio-polemico-dado-a-ambar-energia-sobre-leilao-simplificado","status":"publish","type":"post","link":"https:\/\/agenciainfra.com\/blog\/aneel-mantem-beneficio-polemico-dado-a-ambar-energia-sobre-leilao-simplificado\/","title":{"rendered":"ANEEL mant\u00e9m benef\u00edcio pol\u00eamico dado \u00e0 \u00c2mbar Energia sobre leil\u00e3o simplificado"},"content":{"rendered":"\n<p class=\"has-text-align-right\"><strong>Leila Coimbra,\u00a0da Ag\u00eancia iNFRA<\/strong><\/p>\n\n\n\n<p>A \u00c2mbar Energia foi autorizada pela ANEEL (Ag\u00eancia Nacional de Energia El\u00e9trica) nesta ter\u00e7a-feira (12) a usar a t\u00e9rmica de Cuiab\u00e1 no lugar de quatro outras usinas a g\u00e1s que tiveram atraso no in\u00edcio de suas opera\u00e7\u00f5es.\u00a0\u00a0<br>\u00a0<br>Os diretores H\u00e9lvio Guerra e Ricardo Tili acompanharam o voto do relator Efrain Cruz e, com isso, foi mantido o m\u00e9rito da\u00a0medida cautelar da ag\u00eancia concedendo o benef\u00edcio \u00e0 \u00c2mbar, do grupo J&amp;F, controlador da JBS. A diretora-geral substituta, Camila Bomfim, apresentou um voto em separado, que foi vencido. O diretor Gi\u00e1como Bassi n\u00e3o votou no processo.<br>\u00a0<br>As quatro usinas a g\u00e1s da \u00c2mbar (Edlux X, UTE EPP II, UTE EPP IV e UTE Rio de Janeiro I) ganharam o leil\u00e3o de contrata\u00e7\u00e3o simplificada realizado em outubro de 2021. Essas t\u00e9rmicas deveriam ter entrado em opera\u00e7\u00e3o em 1\u00ba de maio, mas n\u00e3o ficaram prontas.<br>\u00a0<br>O atraso prev\u00ea pagamento de multa e cancelamento do contrato em 1\u00ba de agosto, caso n\u00e3o entrem em opera\u00e7\u00e3o. A \u00c2mbar prop\u00f4s utilizar a energia produzida por Cuiab\u00e1 para compensar os contratos.<br>\u00a0<br>O diretor Efrain Cruz ent\u00e3o concedeu medida cautelar permitindo \u00e0 \u00c2mbar a substitui\u00e7\u00e3o das quatro t\u00e9rmicas pela usina de Cuiab\u00e1, e suspendeu o pagamento da multa pelo atraso, de R$ 209 milh\u00f5es.<br>\u00a0<br>No in\u00edcio de junho, Camila Bomfim suspendeu essa mesma decis\u00e3o a favor da \u00c2mbar dada por Efrain na \u00e9poca, em uma decis\u00e3o monocr\u00e1tica da diretoria-geral.<br>\u00a0<br>Na ocasi\u00e3o, Camila assinou o\u00a0despacho\u00a0atendendo ao pedido da Abrace (Associa\u00e7\u00e3o Brasileira dos Grandes Consumidores Industriais e Consumidores Livres), da Anace (Associa\u00e7\u00e3o Nacional dos Consumidores de Energia) e do Instituto P\u00f3lis.<br>\u00a0<br>Hoje, o colegiado aprovou o m\u00e9rito, dando raz\u00e3o ao parecer do diretor e derrubando o voto em separado de Camila.<br>\u00a0<br>Em seu voto, o diretor relator argumentou que a \u00c2mbar ofereceu desconto em rela\u00e7\u00e3o aos valores originais e defendeu o afastamento da \u201ccl\u00e1usula quatro&#8221; do certame, que pro\u00edbe a substitui\u00e7\u00e3o de projetos contratados por outros.<br>\u00a0<br>Segundo Efrain, a economia \u00e9 de aproximadamente R$ 500 milh\u00f5es, referentes \u00e0 diminui\u00e7\u00e3o da receita fixa unit\u00e1ria a R$ 1.734,87\/MWh.<br>\u00a0<br>Por 3 votos a 1, a diretoria da ANEEL deliberou que manter a gera\u00e7\u00e3o da UTE Cuiab\u00e1 seria menos custoso para o consumidor.<\/p>\n","protected":false},"excerpt":{"rendered":"<p>Leila Coimbra,\u00a0da Ag\u00eancia iNFRA A \u00c2mbar Energia foi autorizada pela ANEEL (Ag\u00eancia Nacional de Energia El\u00e9trica) nesta ter\u00e7a-feira (12) a usar a t\u00e9rmica de Cuiab\u00e1 no lugar de quatro outras usinas a g\u00e1s que tiveram atraso no in\u00edcio de suas opera\u00e7\u00f5es.\u00a0\u00a0\u00a0Os diretores H\u00e9lvio Guerra e Ricardo Tili acompanharam o voto do relator Efrain Cruz e, [&hellip;]<\/p>\n","protected":false},"author":9,"featured_media":5644,"comment_status":"closed","ping_status":"closed","sticky":false,"template":"","format":"standard","meta":{"_monsterinsights_skip_tracking":false,"_monsterinsights_sitenote_active":false,"_monsterinsights_sitenote_note":"","_monsterinsights_sitenote_category":0,"footnotes":""},"categories":[1,10],"tags":[41,5481,4926,53,5389,3779,5486,5482,5483,254,5484,5487],"class_list":["post-10844","post","type-post","status-publish","format-standard","has-post-thumbnail","hentry","category-geral","category-infraenergia","tag-abrace","tag-ambar-energia","tag-anace","tag-aneel","tag-camila-bomfim","tag-efrain-cruz","tag-instituto-polis","tag-jf","tag-jbs","tag-leilao","tag-usinas-termicas-a-gas","tag-ute-cuiaba"],"yoast_head":"<!-- This site is optimized with the Yoast SEO Premium plugin v25.4 (Yoast SEO v26.0) - https:\/\/yoast.com\/wordpress\/plugins\/seo\/ -->\n<title>ANEEL mant\u00e9m benef\u00edcio pol\u00eamico dado \u00e0 \u00c2mbar Energia sobre leil\u00e3o simplificado - Ag\u00eancia iNFRA<\/title>\n<meta name=\"robots\" content=\"index, follow, max-snippet:-1, max-image-preview:large, max-video-preview:-1\" \/>\n<link rel=\"canonical\" href=\"https:\/\/agenciainfra.com\/blog\/aneel-mantem-beneficio-polemico-dado-a-ambar-energia-sobre-leilao-simplificado\/\" \/>\n<meta property=\"og:locale\" content=\"pt_BR\" \/>\n<meta property=\"og:type\" content=\"article\" \/>\n<meta property=\"og:title\" content=\"ANEEL mant\u00e9m benef\u00edcio pol\u00eamico dado \u00e0 \u00c2mbar Energia sobre leil\u00e3o simplificado\" \/>\n<meta property=\"og:description\" content=\"Leila Coimbra,\u00a0da Ag\u00eancia iNFRA A \u00c2mbar Energia foi autorizada pela ANEEL (Ag\u00eancia Nacional de Energia El\u00e9trica) nesta ter\u00e7a-feira (12) a usar a t\u00e9rmica de Cuiab\u00e1 no lugar de quatro outras usinas a g\u00e1s que tiveram atraso no in\u00edcio de suas opera\u00e7\u00f5es.\u00a0\u00a0\u00a0Os diretores H\u00e9lvio Guerra e Ricardo Tili acompanharam o voto do relator Efrain Cruz e, [&hellip;]\" \/>\n<meta property=\"og:url\" content=\"https:\/\/agenciainfra.com\/blog\/aneel-mantem-beneficio-polemico-dado-a-ambar-energia-sobre-leilao-simplificado\/\" \/>\n<meta property=\"og:site_name\" content=\"Ag\u00eancia iNFRA\" \/>\n<meta property=\"article:publisher\" content=\"https:\/\/www.facebook.com\/ageninfra\" \/>\n<meta property=\"article:published_time\" content=\"2022-07-13T14:00:00+00:00\" \/>\n<meta property=\"og:image\" content=\"https:\/\/agenciainfra.com\/blog\/wp-content\/uploads\/2020\/08\/fachada-aneel-foto-divulgacao.jpg\" \/>\n\t<meta property=\"og:image:width\" content=\"1280\" \/>\n\t<meta property=\"og:image:height\" content=\"950\" \/>\n\t<meta property=\"og:image:type\" content=\"image\/jpeg\" \/>\n<meta name=\"author\" content=\"Rodrigo Zuquim\" \/>\n<meta name=\"twitter:card\" content=\"summary_large_image\" \/>\n<meta name=\"twitter:creator\" content=\"@agencia_infra\" \/>\n<meta name=\"twitter:site\" content=\"@agencia_infra\" \/>\n<meta name=\"twitter:label1\" content=\"Escrito por\" \/>\n\t<meta name=\"twitter:data1\" content=\"Rodrigo Zuquim\" \/>\n\t<meta name=\"twitter:label2\" content=\"Est. tempo de leitura\" \/>\n\t<meta name=\"twitter:data2\" content=\"2 minutos\" \/>\n<script type=\"application\/ld+json\" class=\"yoast-schema-graph\">{\"@context\":\"https:\/\/schema.org\",\"@graph\":[{\"@type\":\"Article\",\"@id\":\"https:\/\/agenciainfra.com\/blog\/aneel-mantem-beneficio-polemico-dado-a-ambar-energia-sobre-leilao-simplificado\/#article\",\"isPartOf\":{\"@id\":\"https:\/\/agenciainfra.com\/blog\/aneel-mantem-beneficio-polemico-dado-a-ambar-energia-sobre-leilao-simplificado\/\"},\"author\":{\"name\":\"Rodrigo Zuquim\",\"@id\":\"https:\/\/agenciainfra.com\/blog\/#\/schema\/person\/04dbb79bd6d8951f063da71f3e4c1eb1\"},\"headline\":\"ANEEL mant\u00e9m benef\u00edcio pol\u00eamico dado \u00e0 \u00c2mbar Energia sobre leil\u00e3o simplificado\",\"datePublished\":\"2022-07-13T14:00:00+00:00\",\"mainEntityOfPage\":{\"@id\":\"https:\/\/agenciainfra.com\/blog\/aneel-mantem-beneficio-polemico-dado-a-ambar-energia-sobre-leilao-simplificado\/\"},\"wordCount\":415,\"publisher\":{\"@id\":\"https:\/\/agenciainfra.com\/blog\/#organization\"},\"image\":{\"@id\":\"https:\/\/agenciainfra.com\/blog\/aneel-mantem-beneficio-polemico-dado-a-ambar-energia-sobre-leilao-simplificado\/#primaryimage\"},\"thumbnailUrl\":\"https:\/\/agenciainfra.com\/blog\/wp-content\/uploads\/2020\/08\/fachada-aneel-foto-divulgacao-e1750161921473.jpg\",\"keywords\":[\"Abrace\",\"\u00c2mbar Energia\",\"anace\",\"ANEEL\",\"Camila Bomfim\",\"Efrain Cruz\",\"Instituto P\u00f3lis\",\"J&amp;F\",\"JBS\",\"leil\u00e3o\",\"usinas t\u00e9rmicas a g\u00e1s\",\"UTE Cuiab\u00e1\"],\"articleSection\":[\"Geral\",\"iNFRAEnergia\"],\"inLanguage\":\"pt-BR\",\"copyrightYear\":\"2022\",\"copyrightHolder\":{\"@id\":\"https:\/\/agenciainfra.com\/blog\/#organization\"}},{\"@type\":\"WebPage\",\"@id\":\"https:\/\/agenciainfra.com\/blog\/aneel-mantem-beneficio-polemico-dado-a-ambar-energia-sobre-leilao-simplificado\/\",\"url\":\"https:\/\/agenciainfra.com\/blog\/aneel-mantem-beneficio-polemico-dado-a-ambar-energia-sobre-leilao-simplificado\/\",\"name\":\"ANEEL mant\u00e9m benef\u00edcio pol\u00eamico dado \u00e0 \u00c2mbar Energia sobre leil\u00e3o simplificado - Ag\u00eancia iNFRA\",\"isPartOf\":{\"@id\":\"https:\/\/agenciainfra.com\/blog\/#website\"},\"primaryImageOfPage\":{\"@id\":\"https:\/\/agenciainfra.com\/blog\/aneel-mantem-beneficio-polemico-dado-a-ambar-energia-sobre-leilao-simplificado\/#primaryimage\"},\"image\":{\"@id\":\"https:\/\/agenciainfra.com\/blog\/aneel-mantem-beneficio-polemico-dado-a-ambar-energia-sobre-leilao-simplificado\/#primaryimage\"},\"thumbnailUrl\":\"https:\/\/agenciainfra.com\/blog\/wp-content\/uploads\/2020\/08\/fachada-aneel-foto-divulgacao-e1750161921473.jpg\",\"datePublished\":\"2022-07-13T14:00:00+00:00\",\"breadcrumb\":{\"@id\":\"https:\/\/agenciainfra.com\/blog\/aneel-mantem-beneficio-polemico-dado-a-ambar-energia-sobre-leilao-simplificado\/#breadcrumb\"},\"inLanguage\":\"pt-BR\",\"potentialAction\":[{\"@type\":\"ReadAction\",\"target\":[\"https:\/\/agenciainfra.com\/blog\/aneel-mantem-beneficio-polemico-dado-a-ambar-energia-sobre-leilao-simplificado\/\"]}]},{\"@type\":\"ImageObject\",\"inLanguage\":\"pt-BR\",\"@id\":\"https:\/\/agenciainfra.com\/blog\/aneel-mantem-beneficio-polemico-dado-a-ambar-energia-sobre-leilao-simplificado\/#primaryimage\",\"url\":\"https:\/\/agenciainfra.com\/blog\/wp-content\/uploads\/2020\/08\/fachada-aneel-foto-divulgacao-e1750161921473.jpg\",\"contentUrl\":\"https:\/\/agenciainfra.com\/blog\/wp-content\/uploads\/2020\/08\/fachada-aneel-foto-divulgacao-e1750161921473.jpg\",\"width\":1280,\"height\":768,\"caption\":\"Foto: Divulga\u00e7\u00e3o\/ANEEL\"},{\"@type\":\"BreadcrumbList\",\"@id\":\"https:\/\/agenciainfra.com\/blog\/aneel-mantem-beneficio-polemico-dado-a-ambar-energia-sobre-leilao-simplificado\/#breadcrumb\",\"itemListElement\":[{\"@type\":\"ListItem\",\"position\":1,\"name\":\"In\u00edcio\",\"item\":\"https:\/\/agenciainfra.com\/blog\/\"},{\"@type\":\"ListItem\",\"position\":2,\"name\":\"ANEEL mant\u00e9m benef\u00edcio pol\u00eamico dado \u00e0 \u00c2mbar Energia sobre leil\u00e3o simplificado\"}]},{\"@type\":\"WebSite\",\"@id\":\"https:\/\/agenciainfra.com\/blog\/#website\",\"url\":\"https:\/\/agenciainfra.com\/blog\/\",\"name\":\"Ag\u00eancia iNFRA\",\"description\":\"Multiplataforma de informa\u00e7\u00e3o jornal\u00edstica refer\u00eancia na \u00e1rea de infraestrutura no Brasil!\",\"publisher\":{\"@id\":\"https:\/\/agenciainfra.com\/blog\/#organization\"},\"potentialAction\":[{\"@type\":\"SearchAction\",\"target\":{\"@type\":\"EntryPoint\",\"urlTemplate\":\"https:\/\/agenciainfra.com\/blog\/?s={search_term_string}\"},\"query-input\":{\"@type\":\"PropertyValueSpecification\",\"valueRequired\":true,\"valueName\":\"search_term_string\"}}],\"inLanguage\":\"pt-BR\"},{\"@type\":\"Organization\",\"@id\":\"https:\/\/agenciainfra.com\/blog\/#organization\",\"name\":\"Ag\u00eancia iNFRA\",\"url\":\"https:\/\/agenciainfra.com\/blog\/\",\"logo\":{\"@type\":\"ImageObject\",\"inLanguage\":\"pt-BR\",\"@id\":\"https:\/\/agenciainfra.com\/blog\/#\/schema\/logo\/image\/\",\"url\":\"https:\/\/agenciainfra.com\/blog\/wp-content\/uploads\/2023\/09\/iNFRA_5-e1761735885940.png\",\"contentUrl\":\"https:\/\/agenciainfra.com\/blog\/wp-content\/uploads\/2023\/09\/iNFRA_5-e1761735885940.png\",\"width\":1672,\"height\":454,\"caption\":\"Ag\u00eancia iNFRA\"},\"image\":{\"@id\":\"https:\/\/agenciainfra.com\/blog\/#\/schema\/logo\/image\/\"},\"sameAs\":[\"https:\/\/www.facebook.com\/ageninfra\",\"https:\/\/x.com\/agencia_infra\",\"https:\/\/www.linkedin.com\/company\/ag\u00eanciainfra\/\",\"https:\/\/www.instagram.com\/agenciainfra\/\"]},{\"@type\":\"Person\",\"@id\":\"https:\/\/agenciainfra.com\/blog\/#\/schema\/person\/04dbb79bd6d8951f063da71f3e4c1eb1\",\"name\":\"Rodrigo Zuquim\",\"image\":{\"@type\":\"ImageObject\",\"inLanguage\":\"pt-BR\",\"@id\":\"https:\/\/agenciainfra.com\/blog\/#\/schema\/person\/image\/\",\"url\":\"https:\/\/secure.gravatar.com\/avatar\/594abfe82761d620726242ff34ca472a705a4b97f16c790053a6b4c4035274d0?s=96&d=mm&r=g\",\"contentUrl\":\"https:\/\/secure.gravatar.com\/avatar\/594abfe82761d620726242ff34ca472a705a4b97f16c790053a6b4c4035274d0?s=96&d=mm&r=g\",\"caption\":\"Rodrigo Zuquim\"},\"url\":\"https:\/\/agenciainfra.com\/blog\/author\/rodrigo-zuquim\/\"}]}<\/script>\n<!-- \/ Yoast SEO Premium plugin. -->","yoast_head_json":{"title":"ANEEL mant\u00e9m benef\u00edcio pol\u00eamico dado \u00e0 \u00c2mbar Energia sobre leil\u00e3o simplificado - Ag\u00eancia iNFRA","robots":{"index":"index","follow":"follow","max-snippet":"max-snippet:-1","max-image-preview":"max-image-preview:large","max-video-preview":"max-video-preview:-1"},"canonical":"https:\/\/agenciainfra.com\/blog\/aneel-mantem-beneficio-polemico-dado-a-ambar-energia-sobre-leilao-simplificado\/","og_locale":"pt_BR","og_type":"article","og_title":"ANEEL mant\u00e9m benef\u00edcio pol\u00eamico dado \u00e0 \u00c2mbar Energia sobre leil\u00e3o simplificado","og_description":"Leila Coimbra,\u00a0da Ag\u00eancia iNFRA A \u00c2mbar Energia foi autorizada pela ANEEL (Ag\u00eancia Nacional de Energia El\u00e9trica) nesta ter\u00e7a-feira (12) a usar a t\u00e9rmica de Cuiab\u00e1 no lugar de quatro outras usinas a g\u00e1s que tiveram atraso no in\u00edcio de suas opera\u00e7\u00f5es.\u00a0\u00a0\u00a0Os diretores H\u00e9lvio Guerra e Ricardo Tili acompanharam o voto do relator Efrain Cruz e, [&hellip;]","og_url":"https:\/\/agenciainfra.com\/blog\/aneel-mantem-beneficio-polemico-dado-a-ambar-energia-sobre-leilao-simplificado\/","og_site_name":"Ag\u00eancia iNFRA","article_publisher":"https:\/\/www.facebook.com\/ageninfra","article_published_time":"2022-07-13T14:00:00+00:00","og_image":[{"width":1280,"height":950,"url":"https:\/\/agenciainfra.com\/blog\/wp-content\/uploads\/2020\/08\/fachada-aneel-foto-divulgacao.jpg","type":"image\/jpeg"}],"author":"Rodrigo Zuquim","twitter_card":"summary_large_image","twitter_creator":"@agencia_infra","twitter_site":"@agencia_infra","twitter_misc":{"Escrito por":"Rodrigo Zuquim","Est. tempo de leitura":"2 minutos"},"schema":{"@context":"https:\/\/schema.org","@graph":[{"@type":"Article","@id":"https:\/\/agenciainfra.com\/blog\/aneel-mantem-beneficio-polemico-dado-a-ambar-energia-sobre-leilao-simplificado\/#article","isPartOf":{"@id":"https:\/\/agenciainfra.com\/blog\/aneel-mantem-beneficio-polemico-dado-a-ambar-energia-sobre-leilao-simplificado\/"},"author":{"name":"Rodrigo Zuquim","@id":"https:\/\/agenciainfra.com\/blog\/#\/schema\/person\/04dbb79bd6d8951f063da71f3e4c1eb1"},"headline":"ANEEL mant\u00e9m benef\u00edcio pol\u00eamico dado \u00e0 \u00c2mbar Energia sobre leil\u00e3o simplificado","datePublished":"2022-07-13T14:00:00+00:00","mainEntityOfPage":{"@id":"https:\/\/agenciainfra.com\/blog\/aneel-mantem-beneficio-polemico-dado-a-ambar-energia-sobre-leilao-simplificado\/"},"wordCount":415,"publisher":{"@id":"https:\/\/agenciainfra.com\/blog\/#organization"},"image":{"@id":"https:\/\/agenciainfra.com\/blog\/aneel-mantem-beneficio-polemico-dado-a-ambar-energia-sobre-leilao-simplificado\/#primaryimage"},"thumbnailUrl":"https:\/\/agenciainfra.com\/blog\/wp-content\/uploads\/2020\/08\/fachada-aneel-foto-divulgacao-e1750161921473.jpg","keywords":["Abrace","\u00c2mbar Energia","anace","ANEEL","Camila Bomfim","Efrain Cruz","Instituto P\u00f3lis","J&amp;F","JBS","leil\u00e3o","usinas t\u00e9rmicas a g\u00e1s","UTE Cuiab\u00e1"],"articleSection":["Geral","iNFRAEnergia"],"inLanguage":"pt-BR","copyrightYear":"2022","copyrightHolder":{"@id":"https:\/\/agenciainfra.com\/blog\/#organization"}},{"@type":"WebPage","@id":"https:\/\/agenciainfra.com\/blog\/aneel-mantem-beneficio-polemico-dado-a-ambar-energia-sobre-leilao-simplificado\/","url":"https:\/\/agenciainfra.com\/blog\/aneel-mantem-beneficio-polemico-dado-a-ambar-energia-sobre-leilao-simplificado\/","name":"ANEEL mant\u00e9m benef\u00edcio pol\u00eamico dado \u00e0 \u00c2mbar Energia sobre leil\u00e3o simplificado - Ag\u00eancia iNFRA","isPartOf":{"@id":"https:\/\/agenciainfra.com\/blog\/#website"},"primaryImageOfPage":{"@id":"https:\/\/agenciainfra.com\/blog\/aneel-mantem-beneficio-polemico-dado-a-ambar-energia-sobre-leilao-simplificado\/#primaryimage"},"image":{"@id":"https:\/\/agenciainfra.com\/blog\/aneel-mantem-beneficio-polemico-dado-a-ambar-energia-sobre-leilao-simplificado\/#primaryimage"},"thumbnailUrl":"https:\/\/agenciainfra.com\/blog\/wp-content\/uploads\/2020\/08\/fachada-aneel-foto-divulgacao-e1750161921473.jpg","datePublished":"2022-07-13T14:00:00+00:00","breadcrumb":{"@id":"https:\/\/agenciainfra.com\/blog\/aneel-mantem-beneficio-polemico-dado-a-ambar-energia-sobre-leilao-simplificado\/#breadcrumb"},"inLanguage":"pt-BR","potentialAction":[{"@type":"ReadAction","target":["https:\/\/agenciainfra.com\/blog\/aneel-mantem-beneficio-polemico-dado-a-ambar-energia-sobre-leilao-simplificado\/"]}]},{"@type":"ImageObject","inLanguage":"pt-BR","@id":"https:\/\/agenciainfra.com\/blog\/aneel-mantem-beneficio-polemico-dado-a-ambar-energia-sobre-leilao-simplificado\/#primaryimage","url":"https:\/\/agenciainfra.com\/blog\/wp-content\/uploads\/2020\/08\/fachada-aneel-foto-divulgacao-e1750161921473.jpg","contentUrl":"https:\/\/agenciainfra.com\/blog\/wp-content\/uploads\/2020\/08\/fachada-aneel-foto-divulgacao-e1750161921473.jpg","width":1280,"height":768,"caption":"Foto: Divulga\u00e7\u00e3o\/ANEEL"},{"@type":"BreadcrumbList","@id":"https:\/\/agenciainfra.com\/blog\/aneel-mantem-beneficio-polemico-dado-a-ambar-energia-sobre-leilao-simplificado\/#breadcrumb","itemListElement":[{"@type":"ListItem","position":1,"name":"In\u00edcio","item":"https:\/\/agenciainfra.com\/blog\/"},{"@type":"ListItem","position":2,"name":"ANEEL mant\u00e9m benef\u00edcio pol\u00eamico dado \u00e0 \u00c2mbar Energia sobre leil\u00e3o simplificado"}]},{"@type":"WebSite","@id":"https:\/\/agenciainfra.com\/blog\/#website","url":"https:\/\/agenciainfra.com\/blog\/","name":"Ag\u00eancia iNFRA","description":"Multiplataforma de informa\u00e7\u00e3o jornal\u00edstica refer\u00eancia na \u00e1rea de infraestrutura no Brasil!","publisher":{"@id":"https:\/\/agenciainfra.com\/blog\/#organization"},"potentialAction":[{"@type":"SearchAction","target":{"@type":"EntryPoint","urlTemplate":"https:\/\/agenciainfra.com\/blog\/?s={search_term_string}"},"query-input":{"@type":"PropertyValueSpecification","valueRequired":true,"valueName":"search_term_string"}}],"inLanguage":"pt-BR"},{"@type":"Organization","@id":"https:\/\/agenciainfra.com\/blog\/#organization","name":"Ag\u00eancia iNFRA","url":"https:\/\/agenciainfra.com\/blog\/","logo":{"@type":"ImageObject","inLanguage":"pt-BR","@id":"https:\/\/agenciainfra.com\/blog\/#\/schema\/logo\/image\/","url":"https:\/\/agenciainfra.com\/blog\/wp-content\/uploads\/2023\/09\/iNFRA_5-e1761735885940.png","contentUrl":"https:\/\/agenciainfra.com\/blog\/wp-content\/uploads\/2023\/09\/iNFRA_5-e1761735885940.png","width":1672,"height":454,"caption":"Ag\u00eancia iNFRA"},"image":{"@id":"https:\/\/agenciainfra.com\/blog\/#\/schema\/logo\/image\/"},"sameAs":["https:\/\/www.facebook.com\/ageninfra","https:\/\/x.com\/agencia_infra","https:\/\/www.linkedin.com\/company\/ag\u00eanciainfra\/","https:\/\/www.instagram.com\/agenciainfra\/"]},{"@type":"Person","@id":"https:\/\/agenciainfra.com\/blog\/#\/schema\/person\/04dbb79bd6d8951f063da71f3e4c1eb1","name":"Rodrigo Zuquim","image":{"@type":"ImageObject","inLanguage":"pt-BR","@id":"https:\/\/agenciainfra.com\/blog\/#\/schema\/person\/image\/","url":"https:\/\/secure.gravatar.com\/avatar\/594abfe82761d620726242ff34ca472a705a4b97f16c790053a6b4c4035274d0?s=96&d=mm&r=g","contentUrl":"https:\/\/secure.gravatar.com\/avatar\/594abfe82761d620726242ff34ca472a705a4b97f16c790053a6b4c4035274d0?s=96&d=mm&r=g","caption":"Rodrigo Zuquim"},"url":"https:\/\/agenciainfra.com\/blog\/author\/rodrigo-zuquim\/"}]}},"_links":{"self":[{"href":"https:\/\/agenciainfra.com\/blog\/wp-json\/wp\/v2\/posts\/10844","targetHints":{"allow":["GET"]}}],"collection":[{"href":"https:\/\/agenciainfra.com\/blog\/wp-json\/wp\/v2\/posts"}],"about":[{"href":"https:\/\/agenciainfra.com\/blog\/wp-json\/wp\/v2\/types\/post"}],"author":[{"embeddable":true,"href":"https:\/\/agenciainfra.com\/blog\/wp-json\/wp\/v2\/users\/9"}],"replies":[{"embeddable":true,"href":"https:\/\/agenciainfra.com\/blog\/wp-json\/wp\/v2\/comments?post=10844"}],"version-history":[{"count":0,"href":"https:\/\/agenciainfra.com\/blog\/wp-json\/wp\/v2\/posts\/10844\/revisions"}],"wp:featuredmedia":[{"embeddable":true,"href":"https:\/\/agenciainfra.com\/blog\/wp-json\/wp\/v2\/media\/5644"}],"wp:attachment":[{"href":"https:\/\/agenciainfra.com\/blog\/wp-json\/wp\/v2\/media?parent=10844"}],"wp:term":[{"taxonomy":"category","embeddable":true,"href":"https:\/\/agenciainfra.com\/blog\/wp-json\/wp\/v2\/categories?post=10844"},{"taxonomy":"post_tag","embeddable":true,"href":"https:\/\/agenciainfra.com\/blog\/wp-json\/wp\/v2\/tags?post=10844"}],"curies":[{"name":"wp","href":"https:\/\/api.w.org\/{rel}","templated":true}]}}