{"id":10851,"date":"2022-07-16T09:00:00","date_gmt":"2022-07-16T12:00:00","guid":{"rendered":"https:\/\/www.agenciainfra.com\/blog\/?p=10851"},"modified":"2022-07-14T09:54:32","modified_gmt":"2022-07-14T12:54:32","slug":"com-greenfield-de-rodovia-liberado-minas-espera-atrair-estrangeiros-e-construtoras-para-ppp","status":"publish","type":"post","link":"https:\/\/agenciainfra.com\/blog\/com-greenfield-de-rodovia-liberado-minas-espera-atrair-estrangeiros-e-construtoras-para-ppp\/","title":{"rendered":"Com greenfield de rodovia liberado, Minas espera atrair estrangeiros e construtoras para PPP"},"content":{"rendered":"\n<p class=\"has-text-align-right\"><strong>Dimmi Amora, da Ag\u00eancia iNFRA<\/strong><\/p>\n\n\n\n<p>Um dos mais esperados leil\u00f5es de parceria no setor de infraestrutura do ano, o Rodoanel de Belo Horizonte (MG) foi liberado nesta semana com a revers\u00e3o de uma liminar judicial. A expectativa agora \u00e9 que as propostas sejam apresentadas e atraiam grupos internacionais e grandes construtoras para o projeto, afirmou Gabriel Fajardo, subsecret\u00e1rio de Transportes e Mobilidade do Governo de Minas Gerais.<br><br>&#8220;Estamos fazendo porque temos seguran\u00e7a de que vamos ter propostas de interessados&#8221;, afirmou Fajardo em entrevista \u00e0&nbsp;<strong>Ag\u00eancia iNFRA<\/strong>.<br><br>A seguran\u00e7a, segundo o subsecret\u00e1rio, vem de uma estrutura\u00e7\u00e3o detalhada do projeto, feita ao longo dos \u00faltimos tr\u00eas anos, com muitas conversas com o mercado. O projeto \u00e9 uma PPP (parceria p\u00fablico-privada) em que o governo local vai entrar com R$ 3,1 bilh\u00f5es dos R$ 5 bilh\u00f5es esperados de investimentos para a constru\u00e7\u00e3o de cerca de 100 quil\u00f4metros de novas vias (greenfield).<br><br>Mas a contrapresta\u00e7\u00e3o n\u00e3o vai passar nos cofres do estado. Haver\u00e1 uma conta separada decorrente da indeniza\u00e7\u00e3o da Vale pela destrui\u00e7\u00e3o causada com a queda da barragem de Brumadinho. Segundo Fajardo, esse recurso n\u00e3o ser\u00e1 contingenci\u00e1vel, o que d\u00e1 seguran\u00e7a ao projeto.<br><br>O projeto obriga que o concession\u00e1rio n\u00e3o tenha pra\u00e7a de ped\u00e1gio, s\u00f3 admitindo o modelo de free flow. Por isso, segundo o subsecret\u00e1rio, foi criado um mecanismo de compartilhamento de risco em que o concession\u00e1rio s\u00f3 vai assumir 10% das evas\u00f5es. O percentual acima disso ser\u00e1 coberto pelo governo.<br><br>Outra prote\u00e7\u00e3o para receita est\u00e1 no fluxo de ve\u00edculos. Segundo Fajardo, haver\u00e1 compensa\u00e7\u00f5es de ambas as partes se o fluxo real for 10% abaixo ou acima da proje\u00e7\u00e3o, al\u00e9m de garantia de receita operacional para os tr\u00eas primeiros anos do projeto. Os aumentos de insumos do setor tamb\u00e9m ter\u00e3o mecanismos de compartilhamento de risco.<br><br>O secret\u00e1rio, no entanto, ressalta que haver\u00e1 desafios para o vencedor da disputa, principalmente em rela\u00e7\u00e3o ao licenciamento ambiental, que ser\u00e1 feito a posteriori, e tamb\u00e9m em rela\u00e7\u00e3o \u00e0s desapropria\u00e7\u00f5es. Para ambos, tamb\u00e9m foram criados mecanismos de compartilhamento dos riscos.<br><br><strong>Complexo cen\u00e1rio<\/strong><br>Por isso, segundo Fajardo, as empresas seguem interessadas no projeto mesmo diante do complexo cen\u00e1rio atual do pa\u00eds, de elevados aumentos da infla\u00e7\u00e3o e juros, o que tem sido motivo para desist\u00eancia de empresas em outros projetos de concess\u00e3o, especialmente em rodovias.<br><br>De acordo com ele, o perfil dos interessados que t\u00eam procurado o governo para tratar dessa PPP \u00e9 mais de empresas estrangeiras, algumas sem opera\u00e7\u00f5es no Brasil, e tamb\u00e9m grandes construtoras que est\u00e3o tentando contato com empresas com maior experi\u00eancia em opera\u00e7\u00e3o de rodovias.<br><br>&#8220;O perfil t\u00e1 um pouco diferente do que tem sido o padr\u00e3o das concess\u00f5es de rodovias nos \u00faltimos anos&#8221;, informou o subsecret\u00e1rio.<br><br><strong>Rodovia e rodovi\u00e1ria destravadas<\/strong><br>Al\u00e9m de ter destravado a PPP do Rodoanel, Fajardo afirmou que houve outras duas vit\u00f3rias da secretaria em imbr\u00f3glios com o TCE (Tribunal de Contas do Estado) em licita\u00e7\u00f5es que j\u00e1 haviam come\u00e7ado.<br><br>A primeira foi em rela\u00e7\u00e3o \u00e0 licita\u00e7\u00e3o da concess\u00e3o da MG-424, na regi\u00e3o metropolitana de Belo Horizonte. A licita\u00e7\u00e3o come\u00e7ou em 2018 e foi paralisada ap\u00f3s a apresenta\u00e7\u00e3o das propostas de tr\u00eas licitantes. Segundo Fajardo, com a libera\u00e7\u00e3o do TCE, os envelopes ser\u00e3o abertos ainda nesta semana.<br><br>O TCE tamb\u00e9m retirou o embargo que havia feito \u00e0 continuidade do processo para a concess\u00e3o da Rodovi\u00e1ria de Belo Horizonte, junto com cinco terminais e 17 esta\u00e7\u00f5es de transfer\u00eancias de \u00f4nibus intermunicipais. Com isso, deve ser ratificada a proposta do Cons\u00f3rcio BH para o projeto que prev\u00ea investimentos na casa dos R$ 116 milh\u00f5es em melhorias nessas unidades.<br><br><strong>Mais projetos<\/strong><br>Fajardo disse que a reorganiza\u00e7\u00e3o do sistema de parcerias no governo do estado proporcionou uma carteira de R$ 15 bilh\u00f5es em investimento, que j\u00e1 teve R$ 1 bilh\u00e3o concretizado e, com a licita\u00e7\u00e3o do Rodoanel e do Metr\u00f4 de Belo Horizonte, cujo edital tem previs\u00e3o de ser lan\u00e7ado ainda neste m\u00eas, deve subir para R$ 9 bilh\u00f5es.<br><br>A carteira, segundo ele, segue sendo abastecida com mais projetos. Para a pr\u00f3xima gest\u00e3o, est\u00e3o sendo estruturados mais projetos de concess\u00e3o de rodovia (al\u00e9m dos que j\u00e1 est\u00e3o em carteira e ainda n\u00e3o sa\u00edram), duas novas linhas de metr\u00f4, terminais rodovi\u00e1rios e aeroportos regionais.<\/p>\n","protected":false},"excerpt":{"rendered":"<p>Dimmi Amora, da Ag\u00eancia iNFRA Um dos mais esperados leil\u00f5es de parceria no setor de infraestrutura do ano, o Rodoanel de Belo Horizonte (MG) foi liberado nesta semana com a revers\u00e3o de uma liminar judicial. A expectativa agora \u00e9 que as propostas sejam apresentadas e atraiam grupos internacionais e grandes construtoras para o projeto, afirmou [&hellip;]<\/p>\n","protected":false},"author":9,"featured_media":5517,"comment_status":"closed","ping_status":"closed","sticky":false,"template":"","format":"standard","meta":{"_monsterinsights_skip_tracking":false,"_monsterinsights_sitenote_active":false,"_monsterinsights_sitenote_note":"","_monsterinsights_sitenote_category":0,"footnotes":""},"categories":[1,7],"tags":[773,1106,5493,3611,34,32,254,1985,97,5492,21],"class_list":["post-10851","post","type-post","status-publish","format-standard","has-post-thumbnail","hentry","category-geral","category-infratransporte","tag-brumadinho","tag-free-flow","tag-gabriel-fajardo","tag-greenfield","tag-infraestrutura","tag-investimentos","tag-leilao","tag-minas-gerais","tag-ppp","tag-rodoanel-de-belo-horizonte","tag-rodovia"],"yoast_head":"<!-- This site is optimized with the Yoast SEO Premium plugin v25.4 (Yoast SEO v26.0) - https:\/\/yoast.com\/wordpress\/plugins\/seo\/ -->\n<title>Com greenfield de rodovia liberado, Minas espera atrair estrangeiros e construtoras para PPP - Ag\u00eancia iNFRA<\/title>\n<meta name=\"robots\" content=\"index, follow, max-snippet:-1, max-image-preview:large, max-video-preview:-1\" \/>\n<link rel=\"canonical\" href=\"https:\/\/agenciainfra.com\/blog\/com-greenfield-de-rodovia-liberado-minas-espera-atrair-estrangeiros-e-construtoras-para-ppp\/\" \/>\n<meta property=\"og:locale\" content=\"pt_BR\" \/>\n<meta property=\"og:type\" content=\"article\" \/>\n<meta property=\"og:title\" content=\"Com greenfield de rodovia liberado, Minas espera atrair estrangeiros e construtoras para PPP\" \/>\n<meta property=\"og:description\" content=\"Dimmi Amora, da Ag\u00eancia iNFRA Um dos mais esperados leil\u00f5es de parceria no setor de infraestrutura do ano, o Rodoanel de Belo Horizonte (MG) foi liberado nesta semana com a revers\u00e3o de uma liminar judicial. A expectativa agora \u00e9 que as propostas sejam apresentadas e atraiam grupos internacionais e grandes construtoras para o projeto, afirmou [&hellip;]\" \/>\n<meta property=\"og:url\" content=\"https:\/\/agenciainfra.com\/blog\/com-greenfield-de-rodovia-liberado-minas-espera-atrair-estrangeiros-e-construtoras-para-ppp\/\" \/>\n<meta property=\"og:site_name\" content=\"Ag\u00eancia iNFRA\" \/>\n<meta property=\"article:publisher\" content=\"https:\/\/www.facebook.com\/ageninfra\" \/>\n<meta property=\"article:published_time\" content=\"2022-07-16T12:00:00+00:00\" \/>\n<meta property=\"og:image\" content=\"https:\/\/agenciainfra.com\/blog\/wp-content\/uploads\/2020\/07\/rodovia-estrada-foto-dominio-publico.jpg\" \/>\n\t<meta property=\"og:image:width\" content=\"1280\" \/>\n\t<meta property=\"og:image:height\" content=\"714\" \/>\n\t<meta property=\"og:image:type\" content=\"image\/jpeg\" \/>\n<meta name=\"author\" content=\"Rodrigo Zuquim\" \/>\n<meta name=\"twitter:card\" content=\"summary_large_image\" \/>\n<meta name=\"twitter:creator\" content=\"@agencia_infra\" \/>\n<meta name=\"twitter:site\" content=\"@agencia_infra\" \/>\n<meta name=\"twitter:label1\" content=\"Escrito por\" \/>\n\t<meta name=\"twitter:data1\" content=\"Rodrigo Zuquim\" \/>\n\t<meta name=\"twitter:label2\" content=\"Est. tempo de leitura\" \/>\n\t<meta name=\"twitter:data2\" content=\"4 minutos\" \/>\n<script type=\"application\/ld+json\" class=\"yoast-schema-graph\">{\"@context\":\"https:\/\/schema.org\",\"@graph\":[{\"@type\":\"Article\",\"@id\":\"https:\/\/agenciainfra.com\/blog\/com-greenfield-de-rodovia-liberado-minas-espera-atrair-estrangeiros-e-construtoras-para-ppp\/#article\",\"isPartOf\":{\"@id\":\"https:\/\/agenciainfra.com\/blog\/com-greenfield-de-rodovia-liberado-minas-espera-atrair-estrangeiros-e-construtoras-para-ppp\/\"},\"author\":{\"name\":\"Rodrigo Zuquim\",\"@id\":\"https:\/\/agenciainfra.com\/blog\/#\/schema\/person\/04dbb79bd6d8951f063da71f3e4c1eb1\"},\"headline\":\"Com greenfield de rodovia liberado, Minas espera atrair estrangeiros e construtoras para PPP\",\"datePublished\":\"2022-07-16T12:00:00+00:00\",\"mainEntityOfPage\":{\"@id\":\"https:\/\/agenciainfra.com\/blog\/com-greenfield-de-rodovia-liberado-minas-espera-atrair-estrangeiros-e-construtoras-para-ppp\/\"},\"wordCount\":785,\"publisher\":{\"@id\":\"https:\/\/agenciainfra.com\/blog\/#organization\"},\"image\":{\"@id\":\"https:\/\/agenciainfra.com\/blog\/com-greenfield-de-rodovia-liberado-minas-espera-atrair-estrangeiros-e-construtoras-para-ppp\/#primaryimage\"},\"thumbnailUrl\":\"https:\/\/agenciainfra.com\/blog\/wp-content\/uploads\/2020\/07\/rodovia-estrada-foto-dominio-publico.jpg\",\"keywords\":[\"brumadinho\",\"free flow\",\"Gabriel Fajardo\",\"greenfield\",\"Infraestrutura\",\"Investimentos\",\"leil\u00e3o\",\"Minas Gerais\",\"PPP\",\"Rodoanel de Belo Horizonte\",\"Rodovia\"],\"articleSection\":[\"Geral\",\"iNFRATransporte\"],\"inLanguage\":\"pt-BR\",\"copyrightYear\":\"2022\",\"copyrightHolder\":{\"@id\":\"https:\/\/agenciainfra.com\/blog\/#organization\"}},{\"@type\":\"WebPage\",\"@id\":\"https:\/\/agenciainfra.com\/blog\/com-greenfield-de-rodovia-liberado-minas-espera-atrair-estrangeiros-e-construtoras-para-ppp\/\",\"url\":\"https:\/\/agenciainfra.com\/blog\/com-greenfield-de-rodovia-liberado-minas-espera-atrair-estrangeiros-e-construtoras-para-ppp\/\",\"name\":\"Com greenfield de rodovia liberado, Minas espera atrair estrangeiros e construtoras para PPP - Ag\u00eancia iNFRA\",\"isPartOf\":{\"@id\":\"https:\/\/agenciainfra.com\/blog\/#website\"},\"primaryImageOfPage\":{\"@id\":\"https:\/\/agenciainfra.com\/blog\/com-greenfield-de-rodovia-liberado-minas-espera-atrair-estrangeiros-e-construtoras-para-ppp\/#primaryimage\"},\"image\":{\"@id\":\"https:\/\/agenciainfra.com\/blog\/com-greenfield-de-rodovia-liberado-minas-espera-atrair-estrangeiros-e-construtoras-para-ppp\/#primaryimage\"},\"thumbnailUrl\":\"https:\/\/agenciainfra.com\/blog\/wp-content\/uploads\/2020\/07\/rodovia-estrada-foto-dominio-publico.jpg\",\"datePublished\":\"2022-07-16T12:00:00+00:00\",\"breadcrumb\":{\"@id\":\"https:\/\/agenciainfra.com\/blog\/com-greenfield-de-rodovia-liberado-minas-espera-atrair-estrangeiros-e-construtoras-para-ppp\/#breadcrumb\"},\"inLanguage\":\"pt-BR\",\"potentialAction\":[{\"@type\":\"ReadAction\",\"target\":[\"https:\/\/agenciainfra.com\/blog\/com-greenfield-de-rodovia-liberado-minas-espera-atrair-estrangeiros-e-construtoras-para-ppp\/\"]}]},{\"@type\":\"ImageObject\",\"inLanguage\":\"pt-BR\",\"@id\":\"https:\/\/agenciainfra.com\/blog\/com-greenfield-de-rodovia-liberado-minas-espera-atrair-estrangeiros-e-construtoras-para-ppp\/#primaryimage\",\"url\":\"https:\/\/agenciainfra.com\/blog\/wp-content\/uploads\/2020\/07\/rodovia-estrada-foto-dominio-publico.jpg\",\"contentUrl\":\"https:\/\/agenciainfra.com\/blog\/wp-content\/uploads\/2020\/07\/rodovia-estrada-foto-dominio-publico.jpg\",\"width\":1280,\"height\":714,\"caption\":\"Foto: Dom\u00ednio P\u00fablico\"},{\"@type\":\"BreadcrumbList\",\"@id\":\"https:\/\/agenciainfra.com\/blog\/com-greenfield-de-rodovia-liberado-minas-espera-atrair-estrangeiros-e-construtoras-para-ppp\/#breadcrumb\",\"itemListElement\":[{\"@type\":\"ListItem\",\"position\":1,\"name\":\"In\u00edcio\",\"item\":\"https:\/\/agenciainfra.com\/blog\/\"},{\"@type\":\"ListItem\",\"position\":2,\"name\":\"Com greenfield de rodovia liberado, Minas espera atrair estrangeiros e construtoras para PPP\"}]},{\"@type\":\"WebSite\",\"@id\":\"https:\/\/agenciainfra.com\/blog\/#website\",\"url\":\"https:\/\/agenciainfra.com\/blog\/\",\"name\":\"Ag\u00eancia iNFRA\",\"description\":\"Multiplataforma de informa\u00e7\u00e3o jornal\u00edstica refer\u00eancia na \u00e1rea de infraestrutura no Brasil!\",\"publisher\":{\"@id\":\"https:\/\/agenciainfra.com\/blog\/#organization\"},\"potentialAction\":[{\"@type\":\"SearchAction\",\"target\":{\"@type\":\"EntryPoint\",\"urlTemplate\":\"https:\/\/agenciainfra.com\/blog\/?s={search_term_string}\"},\"query-input\":{\"@type\":\"PropertyValueSpecification\",\"valueRequired\":true,\"valueName\":\"search_term_string\"}}],\"inLanguage\":\"pt-BR\"},{\"@type\":\"Organization\",\"@id\":\"https:\/\/agenciainfra.com\/blog\/#organization\",\"name\":\"Ag\u00eancia iNFRA\",\"url\":\"https:\/\/agenciainfra.com\/blog\/\",\"logo\":{\"@type\":\"ImageObject\",\"inLanguage\":\"pt-BR\",\"@id\":\"https:\/\/agenciainfra.com\/blog\/#\/schema\/logo\/image\/\",\"url\":\"https:\/\/agenciainfra.com\/blog\/wp-content\/uploads\/2023\/09\/iNFRA_5-e1761735885940.png\",\"contentUrl\":\"https:\/\/agenciainfra.com\/blog\/wp-content\/uploads\/2023\/09\/iNFRA_5-e1761735885940.png\",\"width\":1672,\"height\":454,\"caption\":\"Ag\u00eancia iNFRA\"},\"image\":{\"@id\":\"https:\/\/agenciainfra.com\/blog\/#\/schema\/logo\/image\/\"},\"sameAs\":[\"https:\/\/www.facebook.com\/ageninfra\",\"https:\/\/x.com\/agencia_infra\",\"https:\/\/www.linkedin.com\/company\/ag\u00eanciainfra\/\",\"https:\/\/www.instagram.com\/agenciainfra\/\"]},{\"@type\":\"Person\",\"@id\":\"https:\/\/agenciainfra.com\/blog\/#\/schema\/person\/04dbb79bd6d8951f063da71f3e4c1eb1\",\"name\":\"Rodrigo Zuquim\",\"image\":{\"@type\":\"ImageObject\",\"inLanguage\":\"pt-BR\",\"@id\":\"https:\/\/agenciainfra.com\/blog\/#\/schema\/person\/image\/\",\"url\":\"https:\/\/secure.gravatar.com\/avatar\/594abfe82761d620726242ff34ca472a705a4b97f16c790053a6b4c4035274d0?s=96&d=mm&r=g\",\"contentUrl\":\"https:\/\/secure.gravatar.com\/avatar\/594abfe82761d620726242ff34ca472a705a4b97f16c790053a6b4c4035274d0?s=96&d=mm&r=g\",\"caption\":\"Rodrigo Zuquim\"},\"url\":\"https:\/\/agenciainfra.com\/blog\/author\/rodrigo-zuquim\/\"}]}<\/script>\n<!-- \/ Yoast SEO Premium plugin. -->","yoast_head_json":{"title":"Com greenfield de rodovia liberado, Minas espera atrair estrangeiros e construtoras para PPP - Ag\u00eancia iNFRA","robots":{"index":"index","follow":"follow","max-snippet":"max-snippet:-1","max-image-preview":"max-image-preview:large","max-video-preview":"max-video-preview:-1"},"canonical":"https:\/\/agenciainfra.com\/blog\/com-greenfield-de-rodovia-liberado-minas-espera-atrair-estrangeiros-e-construtoras-para-ppp\/","og_locale":"pt_BR","og_type":"article","og_title":"Com greenfield de rodovia liberado, Minas espera atrair estrangeiros e construtoras para PPP","og_description":"Dimmi Amora, da Ag\u00eancia iNFRA Um dos mais esperados leil\u00f5es de parceria no setor de infraestrutura do ano, o Rodoanel de Belo Horizonte (MG) foi liberado nesta semana com a revers\u00e3o de uma liminar judicial. A expectativa agora \u00e9 que as propostas sejam apresentadas e atraiam grupos internacionais e grandes construtoras para o projeto, afirmou [&hellip;]","og_url":"https:\/\/agenciainfra.com\/blog\/com-greenfield-de-rodovia-liberado-minas-espera-atrair-estrangeiros-e-construtoras-para-ppp\/","og_site_name":"Ag\u00eancia iNFRA","article_publisher":"https:\/\/www.facebook.com\/ageninfra","article_published_time":"2022-07-16T12:00:00+00:00","og_image":[{"width":1280,"height":714,"url":"https:\/\/agenciainfra.com\/blog\/wp-content\/uploads\/2020\/07\/rodovia-estrada-foto-dominio-publico.jpg","type":"image\/jpeg"}],"author":"Rodrigo Zuquim","twitter_card":"summary_large_image","twitter_creator":"@agencia_infra","twitter_site":"@agencia_infra","twitter_misc":{"Escrito por":"Rodrigo Zuquim","Est. tempo de leitura":"4 minutos"},"schema":{"@context":"https:\/\/schema.org","@graph":[{"@type":"Article","@id":"https:\/\/agenciainfra.com\/blog\/com-greenfield-de-rodovia-liberado-minas-espera-atrair-estrangeiros-e-construtoras-para-ppp\/#article","isPartOf":{"@id":"https:\/\/agenciainfra.com\/blog\/com-greenfield-de-rodovia-liberado-minas-espera-atrair-estrangeiros-e-construtoras-para-ppp\/"},"author":{"name":"Rodrigo Zuquim","@id":"https:\/\/agenciainfra.com\/blog\/#\/schema\/person\/04dbb79bd6d8951f063da71f3e4c1eb1"},"headline":"Com greenfield de rodovia liberado, Minas espera atrair estrangeiros e construtoras para PPP","datePublished":"2022-07-16T12:00:00+00:00","mainEntityOfPage":{"@id":"https:\/\/agenciainfra.com\/blog\/com-greenfield-de-rodovia-liberado-minas-espera-atrair-estrangeiros-e-construtoras-para-ppp\/"},"wordCount":785,"publisher":{"@id":"https:\/\/agenciainfra.com\/blog\/#organization"},"image":{"@id":"https:\/\/agenciainfra.com\/blog\/com-greenfield-de-rodovia-liberado-minas-espera-atrair-estrangeiros-e-construtoras-para-ppp\/#primaryimage"},"thumbnailUrl":"https:\/\/agenciainfra.com\/blog\/wp-content\/uploads\/2020\/07\/rodovia-estrada-foto-dominio-publico.jpg","keywords":["brumadinho","free flow","Gabriel Fajardo","greenfield","Infraestrutura","Investimentos","leil\u00e3o","Minas Gerais","PPP","Rodoanel de Belo Horizonte","Rodovia"],"articleSection":["Geral","iNFRATransporte"],"inLanguage":"pt-BR","copyrightYear":"2022","copyrightHolder":{"@id":"https:\/\/agenciainfra.com\/blog\/#organization"}},{"@type":"WebPage","@id":"https:\/\/agenciainfra.com\/blog\/com-greenfield-de-rodovia-liberado-minas-espera-atrair-estrangeiros-e-construtoras-para-ppp\/","url":"https:\/\/agenciainfra.com\/blog\/com-greenfield-de-rodovia-liberado-minas-espera-atrair-estrangeiros-e-construtoras-para-ppp\/","name":"Com greenfield de rodovia liberado, Minas espera atrair estrangeiros e construtoras para PPP - Ag\u00eancia iNFRA","isPartOf":{"@id":"https:\/\/agenciainfra.com\/blog\/#website"},"primaryImageOfPage":{"@id":"https:\/\/agenciainfra.com\/blog\/com-greenfield-de-rodovia-liberado-minas-espera-atrair-estrangeiros-e-construtoras-para-ppp\/#primaryimage"},"image":{"@id":"https:\/\/agenciainfra.com\/blog\/com-greenfield-de-rodovia-liberado-minas-espera-atrair-estrangeiros-e-construtoras-para-ppp\/#primaryimage"},"thumbnailUrl":"https:\/\/agenciainfra.com\/blog\/wp-content\/uploads\/2020\/07\/rodovia-estrada-foto-dominio-publico.jpg","datePublished":"2022-07-16T12:00:00+00:00","breadcrumb":{"@id":"https:\/\/agenciainfra.com\/blog\/com-greenfield-de-rodovia-liberado-minas-espera-atrair-estrangeiros-e-construtoras-para-ppp\/#breadcrumb"},"inLanguage":"pt-BR","potentialAction":[{"@type":"ReadAction","target":["https:\/\/agenciainfra.com\/blog\/com-greenfield-de-rodovia-liberado-minas-espera-atrair-estrangeiros-e-construtoras-para-ppp\/"]}]},{"@type":"ImageObject","inLanguage":"pt-BR","@id":"https:\/\/agenciainfra.com\/blog\/com-greenfield-de-rodovia-liberado-minas-espera-atrair-estrangeiros-e-construtoras-para-ppp\/#primaryimage","url":"https:\/\/agenciainfra.com\/blog\/wp-content\/uploads\/2020\/07\/rodovia-estrada-foto-dominio-publico.jpg","contentUrl":"https:\/\/agenciainfra.com\/blog\/wp-content\/uploads\/2020\/07\/rodovia-estrada-foto-dominio-publico.jpg","width":1280,"height":714,"caption":"Foto: Dom\u00ednio P\u00fablico"},{"@type":"BreadcrumbList","@id":"https:\/\/agenciainfra.com\/blog\/com-greenfield-de-rodovia-liberado-minas-espera-atrair-estrangeiros-e-construtoras-para-ppp\/#breadcrumb","itemListElement":[{"@type":"ListItem","position":1,"name":"In\u00edcio","item":"https:\/\/agenciainfra.com\/blog\/"},{"@type":"ListItem","position":2,"name":"Com greenfield de rodovia liberado, Minas espera atrair estrangeiros e construtoras para PPP"}]},{"@type":"WebSite","@id":"https:\/\/agenciainfra.com\/blog\/#website","url":"https:\/\/agenciainfra.com\/blog\/","name":"Ag\u00eancia iNFRA","description":"Multiplataforma de informa\u00e7\u00e3o jornal\u00edstica refer\u00eancia na \u00e1rea de infraestrutura no Brasil!","publisher":{"@id":"https:\/\/agenciainfra.com\/blog\/#organization"},"potentialAction":[{"@type":"SearchAction","target":{"@type":"EntryPoint","urlTemplate":"https:\/\/agenciainfra.com\/blog\/?s={search_term_string}"},"query-input":{"@type":"PropertyValueSpecification","valueRequired":true,"valueName":"search_term_string"}}],"inLanguage":"pt-BR"},{"@type":"Organization","@id":"https:\/\/agenciainfra.com\/blog\/#organization","name":"Ag\u00eancia iNFRA","url":"https:\/\/agenciainfra.com\/blog\/","logo":{"@type":"ImageObject","inLanguage":"pt-BR","@id":"https:\/\/agenciainfra.com\/blog\/#\/schema\/logo\/image\/","url":"https:\/\/agenciainfra.com\/blog\/wp-content\/uploads\/2023\/09\/iNFRA_5-e1761735885940.png","contentUrl":"https:\/\/agenciainfra.com\/blog\/wp-content\/uploads\/2023\/09\/iNFRA_5-e1761735885940.png","width":1672,"height":454,"caption":"Ag\u00eancia iNFRA"},"image":{"@id":"https:\/\/agenciainfra.com\/blog\/#\/schema\/logo\/image\/"},"sameAs":["https:\/\/www.facebook.com\/ageninfra","https:\/\/x.com\/agencia_infra","https:\/\/www.linkedin.com\/company\/ag\u00eanciainfra\/","https:\/\/www.instagram.com\/agenciainfra\/"]},{"@type":"Person","@id":"https:\/\/agenciainfra.com\/blog\/#\/schema\/person\/04dbb79bd6d8951f063da71f3e4c1eb1","name":"Rodrigo Zuquim","image":{"@type":"ImageObject","inLanguage":"pt-BR","@id":"https:\/\/agenciainfra.com\/blog\/#\/schema\/person\/image\/","url":"https:\/\/secure.gravatar.com\/avatar\/594abfe82761d620726242ff34ca472a705a4b97f16c790053a6b4c4035274d0?s=96&d=mm&r=g","contentUrl":"https:\/\/secure.gravatar.com\/avatar\/594abfe82761d620726242ff34ca472a705a4b97f16c790053a6b4c4035274d0?s=96&d=mm&r=g","caption":"Rodrigo Zuquim"},"url":"https:\/\/agenciainfra.com\/blog\/author\/rodrigo-zuquim\/"}]}},"_links":{"self":[{"href":"https:\/\/agenciainfra.com\/blog\/wp-json\/wp\/v2\/posts\/10851","targetHints":{"allow":["GET"]}}],"collection":[{"href":"https:\/\/agenciainfra.com\/blog\/wp-json\/wp\/v2\/posts"}],"about":[{"href":"https:\/\/agenciainfra.com\/blog\/wp-json\/wp\/v2\/types\/post"}],"author":[{"embeddable":true,"href":"https:\/\/agenciainfra.com\/blog\/wp-json\/wp\/v2\/users\/9"}],"replies":[{"embeddable":true,"href":"https:\/\/agenciainfra.com\/blog\/wp-json\/wp\/v2\/comments?post=10851"}],"version-history":[{"count":0,"href":"https:\/\/agenciainfra.com\/blog\/wp-json\/wp\/v2\/posts\/10851\/revisions"}],"wp:featuredmedia":[{"embeddable":true,"href":"https:\/\/agenciainfra.com\/blog\/wp-json\/wp\/v2\/media\/5517"}],"wp:attachment":[{"href":"https:\/\/agenciainfra.com\/blog\/wp-json\/wp\/v2\/media?parent=10851"}],"wp:term":[{"taxonomy":"category","embeddable":true,"href":"https:\/\/agenciainfra.com\/blog\/wp-json\/wp\/v2\/categories?post=10851"},{"taxonomy":"post_tag","embeddable":true,"href":"https:\/\/agenciainfra.com\/blog\/wp-json\/wp\/v2\/tags?post=10851"}],"curies":[{"name":"wp","href":"https:\/\/api.w.org\/{rel}","templated":true}]}}