{"id":10859,"date":"2022-07-15T11:00:00","date_gmt":"2022-07-15T14:00:00","guid":{"rendered":"https:\/\/www.agenciainfra.com\/blog\/?p=10859"},"modified":"2022-07-15T10:34:56","modified_gmt":"2022-07-15T13:34:56","slug":"infradebate-impactos-das-metas-de-universalizacao-de-saneamento-trazidas-pelo-novo-marco-sobre-as-tarifas-e-sobre-a-viabilidade-de-novas-concessoes","status":"publish","type":"post","link":"https:\/\/agenciainfra.com\/blog\/infradebate-impactos-das-metas-de-universalizacao-de-saneamento-trazidas-pelo-novo-marco-sobre-as-tarifas-e-sobre-a-viabilidade-de-novas-concessoes\/","title":{"rendered":"iNFRADebate: Impactos das metas de universaliza\u00e7\u00e3o de saneamento trazidas pelo novo marco sobre as tarifas e sobre a viabilidade de novas concess\u00f5es"},"content":{"rendered":"\n<p class=\"has-text-align-right\"><strong>Vitor Ivanoff*<\/strong><\/p>\n\n\n\n<p>Diz-se que o bast\u00e3o de Escul\u00e1pio e a serpente que o envolve, s\u00edmbolos da medicina, representam um elo entre a doen\u00e7a e a cura. O mesmo veneno que pode matar o paciente, se bem dosado, \u00e9 o ant\u00eddoto que pode salv\u00e1-lo.<\/p>\n\n\n\n<p>Na tentativa de salvar o pa\u00eds de uma das graves doen\u00e7as que o acometem \u2013 os baix\u00edssimos n\u00edveis de acesso ao saneamento (quase 100 milh\u00f5es\u00a0de brasileiros\u00a0n\u00e3o t\u00eam acesso \u00e0 coleta de esgoto) em um contexto de escassez de recursos por parte do Poder P\u00fablico para financiar sozinho o acesso \u2013 o governo sancionou em julho de 2020 a lei 14.026, intitulada Novo Marco Legal do Saneamento e que hoje (15 de julho de 2022) completa dois anos.<\/p>\n\n\n\n<p>Dentre as diversas inova\u00e7\u00f5es trazidas pelo novo marco, est\u00e1 a obrigatoriedade de universaliza\u00e7\u00e3o de 99% dos servi\u00e7os de \u00e1gua e de 90% dos servi\u00e7os de coleta e tratamento de esgoto at\u00e9 o ano de 2033.<\/p>\n\n\n\n<p>Em paralelo, o novo marco tamb\u00e9m fez claros movimentos na dire\u00e7\u00e3o da desestatiza\u00e7\u00e3o, incentivando a transfer\u00eancia a operadores privados da responsabilidade pela implementa\u00e7\u00e3o da estrutura e presta\u00e7\u00e3o dos servi\u00e7os mediante a cobran\u00e7a de tarifas que remunerem o capital investido e os custos.<\/p>\n\n\n\n<p>Se, por um lado, a institui\u00e7\u00e3o de metas \u00e9 um vetor de contribui\u00e7\u00e3o para a t\u00e3o necess\u00e1ria universaliza\u00e7\u00e3o dos servi\u00e7os de saneamento do pa\u00eds, o estabelecimento de metas com prazos fixos e sem qualquer considera\u00e7\u00e3o pela realidade e desafios de cada munic\u00edpio pode tamb\u00e9m contribuir para o sentido oposto, tornando a universaliza\u00e7\u00e3o um caminho cada vez mais dif\u00edcil de ser percorrido, especialmente sob o ponto de vista da viabilidade econ\u00f4mico-financeira dos projetos.<\/p>\n\n\n\n<p>Isso ocorre porque a cada ano transcorrido ap\u00f3s a publica\u00e7\u00e3o do novo marco, o prazo para que se atinja a universaliza\u00e7\u00e3o \u00e9, por defini\u00e7\u00e3o menor, for\u00e7ando o operador a antecipar cada vez mais investimentos que, especialmente em rela\u00e7\u00e3o aos sistemas de esgotamento, costumam ser deficit\u00e1rios. Os efeitos pr\u00e1ticos da antecipa\u00e7\u00e3o de investimentos que n\u00e3o possuam como contrapartida um aumento de receita equivalente acabam sendo inevitavelmente a pr\u00e1tica de tarifas mais elevadas de modo a remunerar o capital investido, o que pode comprometer seriamente o princ\u00edpio da modicidade tarif\u00e1ria ou, at\u00e9 mesmo, a viabilidade de todo o projeto.<\/p>\n\n\n\n<p>Estudos realizados pela Terrafirma com base em projetos de concess\u00e3o de saneamento estruturados recentemente indicam que para cada ano a menos que se tenha para se atingir a universaliza\u00e7\u00e3o \u00e9 necess\u00e1rio um incremento de tarifa de cerca de 3%, uma vez que o prazo para implementa\u00e7\u00e3o das obras \u00e9 menor. Na pr\u00e1tica, concess\u00f5es estruturadas a partir de agora tendem a apontar cada vez mais para a necessidade de PPPs (parcerias p\u00fablico-privadas) \u2013 que exigem aportes do Poder P\u00fablico de modo a garantir a viabilidade dos projetos \u2013 um tema bastante sens\u00edvel, especialmente para munic\u00edpios menores e mais carentes, justamente os munic\u00edpios mais defasados em rela\u00e7\u00e3o ao saneamento. Em outras palavras, as metas tendem a se tornar inating\u00edveis com o passar do tempo.<\/p>\n\n\n\n<p>Se para um munic\u00edpio que j\u00e1 possui 80% de cobertura, dez anos \u00e9 certamente um prazo muito alongado, para munic\u00edpios que n\u00e3o possuem qualquer estrutura de coleta e tratamento (e vale lembrar que 40% dos munic\u00edpios do pa\u00eds se encontram nessa situa\u00e7\u00e3o), os mesmos dez anos representam uma obriga\u00e7\u00e3o quase inexequ\u00edvel. Ao final, em um cen\u00e1rio de restri\u00e7\u00f5es fiscais e de falta de investimentos por parte dos governos federal e estaduais, permitir que projetos de universaliza\u00e7\u00e3o sejam vi\u00e1veis apenas nas regi\u00f5es e nos munic\u00edpios com maiores \u00edndices de coleta e tratamento pode acabar por intensificar ainda mais as desigualdades de acesso ao saneamento no pa\u00eds.<\/p>\n\n\n\n<p>Neste sentido, metas que considerassem, ainda que de forma gen\u00e9rica, as lacunas e desafios de cada munic\u00edpio \u2013 por exemplo, uma meta que estipulasse um incremento de 5% da cobertura de esgoto por ano, at\u00e9 que se atinja a universaliza\u00e7\u00e3o \u2013 poderiam ter, al\u00e9m de maior ader\u00eancia \u00e0 realidade, melhores resultados pr\u00e1ticos.<\/p>\n\n\n\n<p>Para dificultar o cen\u00e1rio, \u00e9 bastante prov\u00e1vel que em um per\u00edodo n\u00e3o muito distante j\u00e1 se comece a discutir uma nova revis\u00e3o dos prazos, colocando ainda mais incertezas sobre j\u00e1 atrasado processo de universaliza\u00e7\u00e3o do saneamento.<\/p>\n\n\n\n<p>Ao impor metas que rapidamente se tornam inating\u00edveis, corre-se o risco de fomentar, ainda que involuntariamente, um ambiente de descren\u00e7a com a regulamenta\u00e7\u00e3o atual. Os agentes passam a postergar projetos e investimentos, \u00e0 espera de uma nova revis\u00e3o do marco, no lugar de se lan\u00e7ar em empreendimentos de dif\u00edcil viabilidade, o que acaba por colocar todo o setor em compasso de espera.<\/p>\n\n\n\n<p>\u00c9 necess\u00e1rio cautela e boas doses de realismo para que, tal qual o veneno da serpente, o novo marco possa contribuir para salvar o paciente, e n\u00e3o o matar.<\/p>\n\n\n\n<h6 class=\"wp-block-heading\" id=\"block-0ad831ad-cd23-417f-b06a-95588097a0b7\"><strong>*<\/strong>Vitor Ivanoff \u00e9 gerente da Terrafirma Consultoria.<\/h6>\n\n\n\n<h5 class=\"wp-block-heading\" id=\"block-d67878ff-7627-4f15-b175-8f58269174ff\">O iNFRADebate \u00e9 o espa\u00e7o de artigos da Ag\u00eancia iNFRA com opini\u00f5es de seus atores que n\u00e3o refletem necessariamente o pensamento da Ag\u00eancia iNFRA, sendo de total responsabilidade do autor as informa\u00e7\u00f5es, ju\u00edzos de valor e conceitos descritos no texto.<\/h5>\n","protected":false},"excerpt":{"rendered":"<p>Vitor Ivanoff* Diz-se que o bast\u00e3o de Escul\u00e1pio e a serpente que o envolve, s\u00edmbolos da medicina, representam um elo entre a doen\u00e7a e a cura. O mesmo veneno que pode matar o paciente, se bem dosado, \u00e9 o ant\u00eddoto que pode salv\u00e1-lo. Na tentativa de salvar o pa\u00eds de uma das graves doen\u00e7as que [&hellip;]<\/p>\n","protected":false},"author":9,"featured_media":10860,"comment_status":"closed","ping_status":"closed","sticky":false,"template":"","format":"standard","meta":{"_monsterinsights_skip_tracking":false,"_monsterinsights_sitenote_active":false,"_monsterinsights_sitenote_note":"","_monsterinsights_sitenote_category":0,"footnotes":""},"categories":[1,11],"tags":[78,192,32,1397,2941,406,73,5496,2192,5495],"class_list":["post-10859","post","type-post","status-publish","format-standard","has-post-thumbnail","hentry","category-geral","category-infradebate","tag-concessoes","tag-desestatizacao","tag-investimentos","tag-marco-do-saneamento","tag-modicidade-tarifaria","tag-ppps","tag-saneamento-basico","tag-terrafirma","tag-universalizacao","tag-vitor-ivanoff"],"yoast_head":"<!-- This site is optimized with the Yoast SEO Premium plugin v25.4 (Yoast SEO v26.0) - https:\/\/yoast.com\/wordpress\/plugins\/seo\/ -->\n<title>iNFRADebate: Impactos das metas de universaliza\u00e7\u00e3o de saneamento trazidas pelo novo marco sobre as tarifas e sobre a viabilidade de novas concess\u00f5es - Ag\u00eancia iNFRA<\/title>\n<meta name=\"robots\" content=\"index, follow, max-snippet:-1, max-image-preview:large, max-video-preview:-1\" \/>\n<link rel=\"canonical\" href=\"https:\/\/agenciainfra.com\/blog\/infradebate-impactos-das-metas-de-universalizacao-de-saneamento-trazidas-pelo-novo-marco-sobre-as-tarifas-e-sobre-a-viabilidade-de-novas-concessoes\/\" \/>\n<meta property=\"og:locale\" content=\"pt_BR\" \/>\n<meta property=\"og:type\" content=\"article\" \/>\n<meta property=\"og:title\" content=\"iNFRADebate: Impactos das metas de universaliza\u00e7\u00e3o de saneamento trazidas pelo novo marco sobre as tarifas e sobre a viabilidade de novas concess\u00f5es\" \/>\n<meta property=\"og:description\" content=\"Vitor Ivanoff* Diz-se que o bast\u00e3o de Escul\u00e1pio e a serpente que o envolve, s\u00edmbolos da medicina, representam um elo entre a doen\u00e7a e a cura. O mesmo veneno que pode matar o paciente, se bem dosado, \u00e9 o ant\u00eddoto que pode salv\u00e1-lo. Na tentativa de salvar o pa\u00eds de uma das graves doen\u00e7as que [&hellip;]\" \/>\n<meta property=\"og:url\" content=\"https:\/\/agenciainfra.com\/blog\/infradebate-impactos-das-metas-de-universalizacao-de-saneamento-trazidas-pelo-novo-marco-sobre-as-tarifas-e-sobre-a-viabilidade-de-novas-concessoes\/\" \/>\n<meta property=\"og:site_name\" content=\"Ag\u00eancia iNFRA\" \/>\n<meta property=\"article:publisher\" content=\"https:\/\/www.facebook.com\/ageninfra\" \/>\n<meta property=\"article:published_time\" content=\"2022-07-15T14:00:00+00:00\" \/>\n<meta property=\"og:image\" content=\"https:\/\/agenciainfra.com\/blog\/wp-content\/uploads\/2022\/07\/vitor-ivanoff-foto-terrafirma-consultoria.jpeg\" \/>\n\t<meta property=\"og:image:width\" content=\"1280\" \/>\n\t<meta property=\"og:image:height\" content=\"853\" \/>\n\t<meta property=\"og:image:type\" content=\"image\/jpeg\" \/>\n<meta name=\"author\" content=\"Rodrigo Zuquim\" \/>\n<meta name=\"twitter:card\" content=\"summary_large_image\" \/>\n<meta name=\"twitter:creator\" content=\"@agencia_infra\" \/>\n<meta name=\"twitter:site\" content=\"@agencia_infra\" \/>\n<meta name=\"twitter:label1\" content=\"Escrito por\" \/>\n\t<meta name=\"twitter:data1\" content=\"Rodrigo Zuquim\" \/>\n\t<meta name=\"twitter:label2\" content=\"Est. tempo de leitura\" \/>\n\t<meta name=\"twitter:data2\" content=\"4 minutos\" \/>\n<script type=\"application\/ld+json\" class=\"yoast-schema-graph\">{\"@context\":\"https:\/\/schema.org\",\"@graph\":[{\"@type\":\"Article\",\"@id\":\"https:\/\/agenciainfra.com\/blog\/infradebate-impactos-das-metas-de-universalizacao-de-saneamento-trazidas-pelo-novo-marco-sobre-as-tarifas-e-sobre-a-viabilidade-de-novas-concessoes\/#article\",\"isPartOf\":{\"@id\":\"https:\/\/agenciainfra.com\/blog\/infradebate-impactos-das-metas-de-universalizacao-de-saneamento-trazidas-pelo-novo-marco-sobre-as-tarifas-e-sobre-a-viabilidade-de-novas-concessoes\/\"},\"author\":{\"name\":\"Rodrigo Zuquim\",\"@id\":\"https:\/\/agenciainfra.com\/blog\/#\/schema\/person\/04dbb79bd6d8951f063da71f3e4c1eb1\"},\"headline\":\"iNFRADebate: Impactos das metas de universaliza\u00e7\u00e3o de saneamento trazidas pelo novo marco sobre as tarifas e sobre a viabilidade de novas concess\u00f5es\",\"datePublished\":\"2022-07-15T14:00:00+00:00\",\"mainEntityOfPage\":{\"@id\":\"https:\/\/agenciainfra.com\/blog\/infradebate-impactos-das-metas-de-universalizacao-de-saneamento-trazidas-pelo-novo-marco-sobre-as-tarifas-e-sobre-a-viabilidade-de-novas-concessoes\/\"},\"wordCount\":921,\"publisher\":{\"@id\":\"https:\/\/agenciainfra.com\/blog\/#organization\"},\"image\":{\"@id\":\"https:\/\/agenciainfra.com\/blog\/infradebate-impactos-das-metas-de-universalizacao-de-saneamento-trazidas-pelo-novo-marco-sobre-as-tarifas-e-sobre-a-viabilidade-de-novas-concessoes\/#primaryimage\"},\"thumbnailUrl\":\"https:\/\/agenciainfra.com\/blog\/wp-content\/uploads\/2022\/07\/vitor-ivanoff-foto-terrafirma-consultoria.jpeg\",\"keywords\":[\"concess\u00f5es\",\"desestatiza\u00e7\u00e3o\",\"Investimentos\",\"marco do saneamento\",\"modicidade tarif\u00e1ria\",\"PPPs\",\"Saneamento B\u00e1sico\",\"Terrafirma\",\"universaliza\u00e7\u00e3o\",\"Vitor Ivanoff\"],\"articleSection\":[\"Geral\",\"iNFRADebate\"],\"inLanguage\":\"pt-BR\",\"copyrightYear\":\"2022\",\"copyrightHolder\":{\"@id\":\"https:\/\/agenciainfra.com\/blog\/#organization\"}},{\"@type\":\"WebPage\",\"@id\":\"https:\/\/agenciainfra.com\/blog\/infradebate-impactos-das-metas-de-universalizacao-de-saneamento-trazidas-pelo-novo-marco-sobre-as-tarifas-e-sobre-a-viabilidade-de-novas-concessoes\/\",\"url\":\"https:\/\/agenciainfra.com\/blog\/infradebate-impactos-das-metas-de-universalizacao-de-saneamento-trazidas-pelo-novo-marco-sobre-as-tarifas-e-sobre-a-viabilidade-de-novas-concessoes\/\",\"name\":\"iNFRADebate: Impactos das metas de universaliza\u00e7\u00e3o de saneamento trazidas pelo novo marco sobre as tarifas e sobre a viabilidade de novas concess\u00f5es - Ag\u00eancia iNFRA\",\"isPartOf\":{\"@id\":\"https:\/\/agenciainfra.com\/blog\/#website\"},\"primaryImageOfPage\":{\"@id\":\"https:\/\/agenciainfra.com\/blog\/infradebate-impactos-das-metas-de-universalizacao-de-saneamento-trazidas-pelo-novo-marco-sobre-as-tarifas-e-sobre-a-viabilidade-de-novas-concessoes\/#primaryimage\"},\"image\":{\"@id\":\"https:\/\/agenciainfra.com\/blog\/infradebate-impactos-das-metas-de-universalizacao-de-saneamento-trazidas-pelo-novo-marco-sobre-as-tarifas-e-sobre-a-viabilidade-de-novas-concessoes\/#primaryimage\"},\"thumbnailUrl\":\"https:\/\/agenciainfra.com\/blog\/wp-content\/uploads\/2022\/07\/vitor-ivanoff-foto-terrafirma-consultoria.jpeg\",\"datePublished\":\"2022-07-15T14:00:00+00:00\",\"breadcrumb\":{\"@id\":\"https:\/\/agenciainfra.com\/blog\/infradebate-impactos-das-metas-de-universalizacao-de-saneamento-trazidas-pelo-novo-marco-sobre-as-tarifas-e-sobre-a-viabilidade-de-novas-concessoes\/#breadcrumb\"},\"inLanguage\":\"pt-BR\",\"potentialAction\":[{\"@type\":\"ReadAction\",\"target\":[\"https:\/\/agenciainfra.com\/blog\/infradebate-impactos-das-metas-de-universalizacao-de-saneamento-trazidas-pelo-novo-marco-sobre-as-tarifas-e-sobre-a-viabilidade-de-novas-concessoes\/\"]}]},{\"@type\":\"ImageObject\",\"inLanguage\":\"pt-BR\",\"@id\":\"https:\/\/agenciainfra.com\/blog\/infradebate-impactos-das-metas-de-universalizacao-de-saneamento-trazidas-pelo-novo-marco-sobre-as-tarifas-e-sobre-a-viabilidade-de-novas-concessoes\/#primaryimage\",\"url\":\"https:\/\/agenciainfra.com\/blog\/wp-content\/uploads\/2022\/07\/vitor-ivanoff-foto-terrafirma-consultoria.jpeg\",\"contentUrl\":\"https:\/\/agenciainfra.com\/blog\/wp-content\/uploads\/2022\/07\/vitor-ivanoff-foto-terrafirma-consultoria.jpeg\",\"width\":1280,\"height\":853},{\"@type\":\"BreadcrumbList\",\"@id\":\"https:\/\/agenciainfra.com\/blog\/infradebate-impactos-das-metas-de-universalizacao-de-saneamento-trazidas-pelo-novo-marco-sobre-as-tarifas-e-sobre-a-viabilidade-de-novas-concessoes\/#breadcrumb\",\"itemListElement\":[{\"@type\":\"ListItem\",\"position\":1,\"name\":\"In\u00edcio\",\"item\":\"https:\/\/agenciainfra.com\/blog\/\"},{\"@type\":\"ListItem\",\"position\":2,\"name\":\"iNFRADebate: Impactos das metas de universaliza\u00e7\u00e3o de saneamento trazidas pelo novo marco sobre as tarifas e sobre a viabilidade de novas concess\u00f5es\"}]},{\"@type\":\"WebSite\",\"@id\":\"https:\/\/agenciainfra.com\/blog\/#website\",\"url\":\"https:\/\/agenciainfra.com\/blog\/\",\"name\":\"Ag\u00eancia iNFRA\",\"description\":\"Multiplataforma de informa\u00e7\u00e3o jornal\u00edstica refer\u00eancia na \u00e1rea de infraestrutura no Brasil!\",\"publisher\":{\"@id\":\"https:\/\/agenciainfra.com\/blog\/#organization\"},\"potentialAction\":[{\"@type\":\"SearchAction\",\"target\":{\"@type\":\"EntryPoint\",\"urlTemplate\":\"https:\/\/agenciainfra.com\/blog\/?s={search_term_string}\"},\"query-input\":{\"@type\":\"PropertyValueSpecification\",\"valueRequired\":true,\"valueName\":\"search_term_string\"}}],\"inLanguage\":\"pt-BR\"},{\"@type\":\"Organization\",\"@id\":\"https:\/\/agenciainfra.com\/blog\/#organization\",\"name\":\"Ag\u00eancia iNFRA\",\"url\":\"https:\/\/agenciainfra.com\/blog\/\",\"logo\":{\"@type\":\"ImageObject\",\"inLanguage\":\"pt-BR\",\"@id\":\"https:\/\/agenciainfra.com\/blog\/#\/schema\/logo\/image\/\",\"url\":\"https:\/\/agenciainfra.com\/blog\/wp-content\/uploads\/2023\/09\/iNFRA_5-e1761735885940.png\",\"contentUrl\":\"https:\/\/agenciainfra.com\/blog\/wp-content\/uploads\/2023\/09\/iNFRA_5-e1761735885940.png\",\"width\":1672,\"height\":454,\"caption\":\"Ag\u00eancia iNFRA\"},\"image\":{\"@id\":\"https:\/\/agenciainfra.com\/blog\/#\/schema\/logo\/image\/\"},\"sameAs\":[\"https:\/\/www.facebook.com\/ageninfra\",\"https:\/\/x.com\/agencia_infra\",\"https:\/\/www.linkedin.com\/company\/ag\u00eanciainfra\/\",\"https:\/\/www.instagram.com\/agenciainfra\/\"]},{\"@type\":\"Person\",\"@id\":\"https:\/\/agenciainfra.com\/blog\/#\/schema\/person\/04dbb79bd6d8951f063da71f3e4c1eb1\",\"name\":\"Rodrigo Zuquim\",\"image\":{\"@type\":\"ImageObject\",\"inLanguage\":\"pt-BR\",\"@id\":\"https:\/\/agenciainfra.com\/blog\/#\/schema\/person\/image\/\",\"url\":\"https:\/\/secure.gravatar.com\/avatar\/594abfe82761d620726242ff34ca472a705a4b97f16c790053a6b4c4035274d0?s=96&d=mm&r=g\",\"contentUrl\":\"https:\/\/secure.gravatar.com\/avatar\/594abfe82761d620726242ff34ca472a705a4b97f16c790053a6b4c4035274d0?s=96&d=mm&r=g\",\"caption\":\"Rodrigo Zuquim\"},\"url\":\"https:\/\/agenciainfra.com\/blog\/author\/rodrigo-zuquim\/\"}]}<\/script>\n<!-- \/ Yoast SEO Premium plugin. -->","yoast_head_json":{"title":"iNFRADebate: Impactos das metas de universaliza\u00e7\u00e3o de saneamento trazidas pelo novo marco sobre as tarifas e sobre a viabilidade de novas concess\u00f5es - Ag\u00eancia iNFRA","robots":{"index":"index","follow":"follow","max-snippet":"max-snippet:-1","max-image-preview":"max-image-preview:large","max-video-preview":"max-video-preview:-1"},"canonical":"https:\/\/agenciainfra.com\/blog\/infradebate-impactos-das-metas-de-universalizacao-de-saneamento-trazidas-pelo-novo-marco-sobre-as-tarifas-e-sobre-a-viabilidade-de-novas-concessoes\/","og_locale":"pt_BR","og_type":"article","og_title":"iNFRADebate: Impactos das metas de universaliza\u00e7\u00e3o de saneamento trazidas pelo novo marco sobre as tarifas e sobre a viabilidade de novas concess\u00f5es","og_description":"Vitor Ivanoff* Diz-se que o bast\u00e3o de Escul\u00e1pio e a serpente que o envolve, s\u00edmbolos da medicina, representam um elo entre a doen\u00e7a e a cura. O mesmo veneno que pode matar o paciente, se bem dosado, \u00e9 o ant\u00eddoto que pode salv\u00e1-lo. Na tentativa de salvar o pa\u00eds de uma das graves doen\u00e7as que [&hellip;]","og_url":"https:\/\/agenciainfra.com\/blog\/infradebate-impactos-das-metas-de-universalizacao-de-saneamento-trazidas-pelo-novo-marco-sobre-as-tarifas-e-sobre-a-viabilidade-de-novas-concessoes\/","og_site_name":"Ag\u00eancia iNFRA","article_publisher":"https:\/\/www.facebook.com\/ageninfra","article_published_time":"2022-07-15T14:00:00+00:00","og_image":[{"width":1280,"height":853,"url":"https:\/\/agenciainfra.com\/blog\/wp-content\/uploads\/2022\/07\/vitor-ivanoff-foto-terrafirma-consultoria.jpeg","type":"image\/jpeg"}],"author":"Rodrigo Zuquim","twitter_card":"summary_large_image","twitter_creator":"@agencia_infra","twitter_site":"@agencia_infra","twitter_misc":{"Escrito por":"Rodrigo Zuquim","Est. tempo de leitura":"4 minutos"},"schema":{"@context":"https:\/\/schema.org","@graph":[{"@type":"Article","@id":"https:\/\/agenciainfra.com\/blog\/infradebate-impactos-das-metas-de-universalizacao-de-saneamento-trazidas-pelo-novo-marco-sobre-as-tarifas-e-sobre-a-viabilidade-de-novas-concessoes\/#article","isPartOf":{"@id":"https:\/\/agenciainfra.com\/blog\/infradebate-impactos-das-metas-de-universalizacao-de-saneamento-trazidas-pelo-novo-marco-sobre-as-tarifas-e-sobre-a-viabilidade-de-novas-concessoes\/"},"author":{"name":"Rodrigo Zuquim","@id":"https:\/\/agenciainfra.com\/blog\/#\/schema\/person\/04dbb79bd6d8951f063da71f3e4c1eb1"},"headline":"iNFRADebate: Impactos das metas de universaliza\u00e7\u00e3o de saneamento trazidas pelo novo marco sobre as tarifas e sobre a viabilidade de novas concess\u00f5es","datePublished":"2022-07-15T14:00:00+00:00","mainEntityOfPage":{"@id":"https:\/\/agenciainfra.com\/blog\/infradebate-impactos-das-metas-de-universalizacao-de-saneamento-trazidas-pelo-novo-marco-sobre-as-tarifas-e-sobre-a-viabilidade-de-novas-concessoes\/"},"wordCount":921,"publisher":{"@id":"https:\/\/agenciainfra.com\/blog\/#organization"},"image":{"@id":"https:\/\/agenciainfra.com\/blog\/infradebate-impactos-das-metas-de-universalizacao-de-saneamento-trazidas-pelo-novo-marco-sobre-as-tarifas-e-sobre-a-viabilidade-de-novas-concessoes\/#primaryimage"},"thumbnailUrl":"https:\/\/agenciainfra.com\/blog\/wp-content\/uploads\/2022\/07\/vitor-ivanoff-foto-terrafirma-consultoria.jpeg","keywords":["concess\u00f5es","desestatiza\u00e7\u00e3o","Investimentos","marco do saneamento","modicidade tarif\u00e1ria","PPPs","Saneamento B\u00e1sico","Terrafirma","universaliza\u00e7\u00e3o","Vitor Ivanoff"],"articleSection":["Geral","iNFRADebate"],"inLanguage":"pt-BR","copyrightYear":"2022","copyrightHolder":{"@id":"https:\/\/agenciainfra.com\/blog\/#organization"}},{"@type":"WebPage","@id":"https:\/\/agenciainfra.com\/blog\/infradebate-impactos-das-metas-de-universalizacao-de-saneamento-trazidas-pelo-novo-marco-sobre-as-tarifas-e-sobre-a-viabilidade-de-novas-concessoes\/","url":"https:\/\/agenciainfra.com\/blog\/infradebate-impactos-das-metas-de-universalizacao-de-saneamento-trazidas-pelo-novo-marco-sobre-as-tarifas-e-sobre-a-viabilidade-de-novas-concessoes\/","name":"iNFRADebate: Impactos das metas de universaliza\u00e7\u00e3o de saneamento trazidas pelo novo marco sobre as tarifas e sobre a viabilidade de novas concess\u00f5es - Ag\u00eancia iNFRA","isPartOf":{"@id":"https:\/\/agenciainfra.com\/blog\/#website"},"primaryImageOfPage":{"@id":"https:\/\/agenciainfra.com\/blog\/infradebate-impactos-das-metas-de-universalizacao-de-saneamento-trazidas-pelo-novo-marco-sobre-as-tarifas-e-sobre-a-viabilidade-de-novas-concessoes\/#primaryimage"},"image":{"@id":"https:\/\/agenciainfra.com\/blog\/infradebate-impactos-das-metas-de-universalizacao-de-saneamento-trazidas-pelo-novo-marco-sobre-as-tarifas-e-sobre-a-viabilidade-de-novas-concessoes\/#primaryimage"},"thumbnailUrl":"https:\/\/agenciainfra.com\/blog\/wp-content\/uploads\/2022\/07\/vitor-ivanoff-foto-terrafirma-consultoria.jpeg","datePublished":"2022-07-15T14:00:00+00:00","breadcrumb":{"@id":"https:\/\/agenciainfra.com\/blog\/infradebate-impactos-das-metas-de-universalizacao-de-saneamento-trazidas-pelo-novo-marco-sobre-as-tarifas-e-sobre-a-viabilidade-de-novas-concessoes\/#breadcrumb"},"inLanguage":"pt-BR","potentialAction":[{"@type":"ReadAction","target":["https:\/\/agenciainfra.com\/blog\/infradebate-impactos-das-metas-de-universalizacao-de-saneamento-trazidas-pelo-novo-marco-sobre-as-tarifas-e-sobre-a-viabilidade-de-novas-concessoes\/"]}]},{"@type":"ImageObject","inLanguage":"pt-BR","@id":"https:\/\/agenciainfra.com\/blog\/infradebate-impactos-das-metas-de-universalizacao-de-saneamento-trazidas-pelo-novo-marco-sobre-as-tarifas-e-sobre-a-viabilidade-de-novas-concessoes\/#primaryimage","url":"https:\/\/agenciainfra.com\/blog\/wp-content\/uploads\/2022\/07\/vitor-ivanoff-foto-terrafirma-consultoria.jpeg","contentUrl":"https:\/\/agenciainfra.com\/blog\/wp-content\/uploads\/2022\/07\/vitor-ivanoff-foto-terrafirma-consultoria.jpeg","width":1280,"height":853},{"@type":"BreadcrumbList","@id":"https:\/\/agenciainfra.com\/blog\/infradebate-impactos-das-metas-de-universalizacao-de-saneamento-trazidas-pelo-novo-marco-sobre-as-tarifas-e-sobre-a-viabilidade-de-novas-concessoes\/#breadcrumb","itemListElement":[{"@type":"ListItem","position":1,"name":"In\u00edcio","item":"https:\/\/agenciainfra.com\/blog\/"},{"@type":"ListItem","position":2,"name":"iNFRADebate: Impactos das metas de universaliza\u00e7\u00e3o de saneamento trazidas pelo novo marco sobre as tarifas e sobre a viabilidade de novas concess\u00f5es"}]},{"@type":"WebSite","@id":"https:\/\/agenciainfra.com\/blog\/#website","url":"https:\/\/agenciainfra.com\/blog\/","name":"Ag\u00eancia iNFRA","description":"Multiplataforma de informa\u00e7\u00e3o jornal\u00edstica refer\u00eancia na \u00e1rea de infraestrutura no Brasil!","publisher":{"@id":"https:\/\/agenciainfra.com\/blog\/#organization"},"potentialAction":[{"@type":"SearchAction","target":{"@type":"EntryPoint","urlTemplate":"https:\/\/agenciainfra.com\/blog\/?s={search_term_string}"},"query-input":{"@type":"PropertyValueSpecification","valueRequired":true,"valueName":"search_term_string"}}],"inLanguage":"pt-BR"},{"@type":"Organization","@id":"https:\/\/agenciainfra.com\/blog\/#organization","name":"Ag\u00eancia iNFRA","url":"https:\/\/agenciainfra.com\/blog\/","logo":{"@type":"ImageObject","inLanguage":"pt-BR","@id":"https:\/\/agenciainfra.com\/blog\/#\/schema\/logo\/image\/","url":"https:\/\/agenciainfra.com\/blog\/wp-content\/uploads\/2023\/09\/iNFRA_5-e1761735885940.png","contentUrl":"https:\/\/agenciainfra.com\/blog\/wp-content\/uploads\/2023\/09\/iNFRA_5-e1761735885940.png","width":1672,"height":454,"caption":"Ag\u00eancia iNFRA"},"image":{"@id":"https:\/\/agenciainfra.com\/blog\/#\/schema\/logo\/image\/"},"sameAs":["https:\/\/www.facebook.com\/ageninfra","https:\/\/x.com\/agencia_infra","https:\/\/www.linkedin.com\/company\/ag\u00eanciainfra\/","https:\/\/www.instagram.com\/agenciainfra\/"]},{"@type":"Person","@id":"https:\/\/agenciainfra.com\/blog\/#\/schema\/person\/04dbb79bd6d8951f063da71f3e4c1eb1","name":"Rodrigo Zuquim","image":{"@type":"ImageObject","inLanguage":"pt-BR","@id":"https:\/\/agenciainfra.com\/blog\/#\/schema\/person\/image\/","url":"https:\/\/secure.gravatar.com\/avatar\/594abfe82761d620726242ff34ca472a705a4b97f16c790053a6b4c4035274d0?s=96&d=mm&r=g","contentUrl":"https:\/\/secure.gravatar.com\/avatar\/594abfe82761d620726242ff34ca472a705a4b97f16c790053a6b4c4035274d0?s=96&d=mm&r=g","caption":"Rodrigo Zuquim"},"url":"https:\/\/agenciainfra.com\/blog\/author\/rodrigo-zuquim\/"}]}},"_links":{"self":[{"href":"https:\/\/agenciainfra.com\/blog\/wp-json\/wp\/v2\/posts\/10859","targetHints":{"allow":["GET"]}}],"collection":[{"href":"https:\/\/agenciainfra.com\/blog\/wp-json\/wp\/v2\/posts"}],"about":[{"href":"https:\/\/agenciainfra.com\/blog\/wp-json\/wp\/v2\/types\/post"}],"author":[{"embeddable":true,"href":"https:\/\/agenciainfra.com\/blog\/wp-json\/wp\/v2\/users\/9"}],"replies":[{"embeddable":true,"href":"https:\/\/agenciainfra.com\/blog\/wp-json\/wp\/v2\/comments?post=10859"}],"version-history":[{"count":0,"href":"https:\/\/agenciainfra.com\/blog\/wp-json\/wp\/v2\/posts\/10859\/revisions"}],"wp:featuredmedia":[{"embeddable":true,"href":"https:\/\/agenciainfra.com\/blog\/wp-json\/wp\/v2\/media\/10860"}],"wp:attachment":[{"href":"https:\/\/agenciainfra.com\/blog\/wp-json\/wp\/v2\/media?parent=10859"}],"wp:term":[{"taxonomy":"category","embeddable":true,"href":"https:\/\/agenciainfra.com\/blog\/wp-json\/wp\/v2\/categories?post=10859"},{"taxonomy":"post_tag","embeddable":true,"href":"https:\/\/agenciainfra.com\/blog\/wp-json\/wp\/v2\/tags?post=10859"}],"curies":[{"name":"wp","href":"https:\/\/api.w.org\/{rel}","templated":true}]}}