{"id":10881,"date":"2022-07-20T09:00:00","date_gmt":"2022-07-20T12:00:00","guid":{"rendered":"https:\/\/www.agenciainfra.com\/blog\/?p=10881"},"modified":"2022-07-18T10:29:53","modified_gmt":"2022-07-18T13:29:53","slug":"municipios-com-contratos-irregulares-apresentam-menores-indices-de-saneamento","status":"publish","type":"post","link":"https:\/\/agenciainfra.com\/blog\/municipios-com-contratos-irregulares-apresentam-menores-indices-de-saneamento\/","title":{"rendered":"Munic\u00edpios com contratos irregulares apresentam menores \u00edndices de saneamento"},"content":{"rendered":"\n<p class=\"has-text-align-right\"><strong>Jenifer Ribeiro, da Ag\u00eancia iNFRA<\/strong><\/p>\n\n\n\n<p>Munic\u00edpios brasileiros que n\u00e3o apresentaram capacidade econ\u00f4mico-financeira para universalizar os servi\u00e7os de \u00e1gua e esgotamento sanit\u00e1rio at\u00e9 2033 ou foram considerados irregulares t\u00eam \u00edndices menores de saneamento b\u00e1sico.<br><br>\u00c9 isso que mostra o estudo\u00a0<a rel=\"noreferrer noopener\" href=\"https:\/\/agenciainfra.us14.list-manage.com\/track\/click?u=d460dd1bcf9ba0ae040e1fc0f&amp;id=fd6801a4a8&amp;e=c099169394\" target=\"_blank\">\u201cAvan\u00e7os do Novo Marco Legal do Saneamento B\u00e1sico no Brasil \u2013 2022 (SNIS 2020)\u201d<\/a>, feito pelo Instituto Trata Brasil, em parceria com a GO Associados.<br><br>A cobertura total de \u00e1gua em cidades com contratos regulares \u00e9 de 85%, percentual que cai para 64,4% em locais com contratos irregulares, de acordo com o estudo. Em rela\u00e7\u00e3o \u00e0 coleta de esgoto, os contratos irregulares apresentam 58,4% de cobertura, e os irregulares, 29,1%. J\u00e1 os \u00edndices de tratamento de esgoto para contratos regulares \u00e9 de 53,4% e para irregulares \u00e9 de 37,3%.<br><br>Atualmente, de acordo com o levantamento, dos 5.570 munic\u00edpios brasileiros, 2.404 est\u00e3o regulares; 325 est\u00e3o regulares, mas t\u00eam alguma restri\u00e7\u00e3o; 35 est\u00e3o parcialmente regulares; 1.106 est\u00e3o irregulares; e para 1.700 cidades a comprova\u00e7\u00e3o de capacidade econ\u00f4mico-financeira n\u00e3o se aplica.\u00a0<br><br>O relat\u00f3rio mostra ainda que o \u00edndice de munic\u00edpios irregulares quanto \u00e0 presta\u00e7\u00e3o dos servi\u00e7os de saneamento \u00e9 superior a 60% em estados como Maranh\u00e3o, Par\u00e1 e Piau\u00ed e chega a 100% das cidades do Acre e de Roraima.<br><br>Embora haja particularidades de munic\u00edpio para munic\u00edpio, essa diferen\u00e7a acontece porque os investimentos s\u00e3o menores em cidades com contratos irregulares e por isso \u00e9 preciso repensar o modelo de investimentos no setor, explicou Luana Pretto, presidente-executiva do Instituto Trata Brasil, durante o webinar \u201cOs avan\u00e7os no saneamento dois anos ap\u00f3s o Marco Legal\u201d, promovido pela FGV (Funda\u00e7\u00e3o Getulio Vargas) na \u00faltima sexta-feira (15).<br><br>O secret\u00e1rio da Secretaria Nacional de Saneamento do Minist\u00e9rio Regional do Desenvolvimento, Andr\u00e9 Galv\u00e3o, disse na ocasi\u00e3o que \u201c\u00e9 natural que os prestadores mais desestruturados tenham indicadores piores\u201d e que o novo Marco Legal do Saneamento (<a rel=\"noreferrer noopener\" href=\"https:\/\/agenciainfra.us14.list-manage.com\/track\/click?u=d460dd1bcf9ba0ae040e1fc0f&amp;id=24f5635702&amp;e=c099169394\" target=\"_blank\">Lei 14.026\/2020<\/a>)\u00a0n\u00e3o causou, mas &#8220;revelou&#8221; essa situa\u00e7\u00e3o.<br><br><strong>Regionaliza\u00e7\u00e3o\u00a0<\/strong><br>Dos 26 estados pass\u00edveis de passar pelo processo de regionaliza\u00e7\u00e3o, tr\u00eas n\u00e3o apresentaram nenhuma medida legislativa para estrutura\u00e7\u00e3o de blocos regionais. Esses s\u00e3o: Acre, Par\u00e1 e Tocantins. Os estados do Mato Grosso, Goi\u00e1s e Minas Gerais ainda est\u00e3o com esses projetos em tr\u00e2mite.<br><br>No entanto, apesar da maioria dos estados terem apresentado leis que tratam da regionaliza\u00e7\u00e3o do saneamento, a operacionaliza\u00e7\u00e3o desses blocos regionalizados ainda est\u00e1 pendente.<\/p>\n","protected":false},"excerpt":{"rendered":"<p>Jenifer Ribeiro, da Ag\u00eancia iNFRA Munic\u00edpios brasileiros que n\u00e3o apresentaram capacidade econ\u00f4mico-financeira para universalizar os servi\u00e7os de \u00e1gua e esgotamento sanit\u00e1rio at\u00e9 2033 ou foram considerados irregulares t\u00eam \u00edndices menores de saneamento b\u00e1sico. \u00c9 isso que mostra o estudo\u00a0\u201cAvan\u00e7os do Novo Marco Legal do Saneamento B\u00e1sico no Brasil \u2013 2022 (SNIS 2020)\u201d, feito pelo Instituto [&hellip;]<\/p>\n","protected":false},"author":9,"featured_media":10882,"comment_status":"closed","ping_status":"closed","sticky":false,"template":"","format":"standard","meta":{"_monsterinsights_skip_tracking":false,"_monsterinsights_sitenote_active":false,"_monsterinsights_sitenote_note":"","_monsterinsights_sitenote_category":0,"footnotes":""},"categories":[1,7],"tags":[3736,5508,2897,3010,5506,32,5507,1570,2242,73,2192],"class_list":["post-10881","post","type-post","status-publish","format-standard","has-post-thumbnail","hentry","category-geral","category-infratransporte","tag-abastecimento-de-agua","tag-andre-galvao","tag-capacidade-economico-financeira","tag-esgotamento-sanitario","tag-instituto-trata-brasil","tag-investimentos","tag-luana-pretto","tag-novo-marco-legal-do-saneamento","tag-regionalizacao","tag-saneamento-basico","tag-universalizacao"],"yoast_head":"<!-- This site is optimized with the Yoast SEO Premium plugin v25.4 (Yoast SEO v26.0) - https:\/\/yoast.com\/wordpress\/plugins\/seo\/ -->\n<title>Munic\u00edpios com contratos irregulares apresentam menores \u00edndices de saneamento - Ag\u00eancia iNFRA<\/title>\n<meta name=\"robots\" content=\"index, follow, max-snippet:-1, max-image-preview:large, max-video-preview:-1\" \/>\n<link rel=\"canonical\" href=\"https:\/\/agenciainfra.com\/blog\/municipios-com-contratos-irregulares-apresentam-menores-indices-de-saneamento\/\" \/>\n<meta property=\"og:locale\" content=\"pt_BR\" \/>\n<meta property=\"og:type\" content=\"article\" \/>\n<meta property=\"og:title\" content=\"Munic\u00edpios com contratos irregulares apresentam menores \u00edndices de saneamento\" \/>\n<meta property=\"og:description\" content=\"Jenifer Ribeiro, da Ag\u00eancia iNFRA Munic\u00edpios brasileiros que n\u00e3o apresentaram capacidade econ\u00f4mico-financeira para universalizar os servi\u00e7os de \u00e1gua e esgotamento sanit\u00e1rio at\u00e9 2033 ou foram considerados irregulares t\u00eam \u00edndices menores de saneamento b\u00e1sico. \u00c9 isso que mostra o estudo\u00a0\u201cAvan\u00e7os do Novo Marco Legal do Saneamento B\u00e1sico no Brasil \u2013 2022 (SNIS 2020)\u201d, feito pelo Instituto [&hellip;]\" \/>\n<meta property=\"og:url\" content=\"https:\/\/agenciainfra.com\/blog\/municipios-com-contratos-irregulares-apresentam-menores-indices-de-saneamento\/\" \/>\n<meta property=\"og:site_name\" content=\"Ag\u00eancia iNFRA\" \/>\n<meta property=\"article:publisher\" content=\"https:\/\/www.facebook.com\/ageninfra\" \/>\n<meta property=\"article:published_time\" content=\"2022-07-20T12:00:00+00:00\" \/>\n<meta property=\"og:image\" content=\"https:\/\/agenciainfra.com\/blog\/wp-content\/uploads\/2022\/07\/saneamento-basico-foto-prefeitura-de-sao-paulo.jpeg\" \/>\n\t<meta property=\"og:image:width\" content=\"1280\" \/>\n\t<meta property=\"og:image:height\" content=\"725\" \/>\n\t<meta property=\"og:image:type\" content=\"image\/jpeg\" \/>\n<meta name=\"author\" content=\"Rodrigo Zuquim\" \/>\n<meta name=\"twitter:card\" content=\"summary_large_image\" \/>\n<meta name=\"twitter:creator\" content=\"@agencia_infra\" \/>\n<meta name=\"twitter:site\" content=\"@agencia_infra\" \/>\n<meta name=\"twitter:label1\" content=\"Escrito por\" \/>\n\t<meta name=\"twitter:data1\" content=\"Rodrigo Zuquim\" \/>\n\t<meta name=\"twitter:label2\" content=\"Est. tempo de leitura\" \/>\n\t<meta name=\"twitter:data2\" content=\"2 minutos\" \/>\n<script type=\"application\/ld+json\" class=\"yoast-schema-graph\">{\"@context\":\"https:\/\/schema.org\",\"@graph\":[{\"@type\":\"Article\",\"@id\":\"https:\/\/agenciainfra.com\/blog\/municipios-com-contratos-irregulares-apresentam-menores-indices-de-saneamento\/#article\",\"isPartOf\":{\"@id\":\"https:\/\/agenciainfra.com\/blog\/municipios-com-contratos-irregulares-apresentam-menores-indices-de-saneamento\/\"},\"author\":{\"name\":\"Rodrigo Zuquim\",\"@id\":\"https:\/\/agenciainfra.com\/blog\/#\/schema\/person\/04dbb79bd6d8951f063da71f3e4c1eb1\"},\"headline\":\"Munic\u00edpios com contratos irregulares apresentam menores \u00edndices de saneamento\",\"datePublished\":\"2022-07-20T12:00:00+00:00\",\"mainEntityOfPage\":{\"@id\":\"https:\/\/agenciainfra.com\/blog\/municipios-com-contratos-irregulares-apresentam-menores-indices-de-saneamento\/\"},\"wordCount\":412,\"publisher\":{\"@id\":\"https:\/\/agenciainfra.com\/blog\/#organization\"},\"image\":{\"@id\":\"https:\/\/agenciainfra.com\/blog\/municipios-com-contratos-irregulares-apresentam-menores-indices-de-saneamento\/#primaryimage\"},\"thumbnailUrl\":\"https:\/\/agenciainfra.com\/blog\/wp-content\/uploads\/2022\/07\/saneamento-basico-foto-prefeitura-de-sao-paulo.jpeg\",\"keywords\":[\"abastecimento de \u00e1gua\",\"Andr\u00e9 Galv\u00e3o\",\"capacidade econ\u00f4mico-financeira\",\"esgotamento sanit\u00e1rio\",\"Instituto Trata Brasil\",\"Investimentos\",\"Luana Pretto\",\"novo marco legal do saneamento\",\"regionaliza\u00e7\u00e3o\",\"Saneamento B\u00e1sico\",\"universaliza\u00e7\u00e3o\"],\"articleSection\":[\"Geral\",\"iNFRATransporte\"],\"inLanguage\":\"pt-BR\",\"copyrightYear\":\"2022\",\"copyrightHolder\":{\"@id\":\"https:\/\/agenciainfra.com\/blog\/#organization\"}},{\"@type\":\"WebPage\",\"@id\":\"https:\/\/agenciainfra.com\/blog\/municipios-com-contratos-irregulares-apresentam-menores-indices-de-saneamento\/\",\"url\":\"https:\/\/agenciainfra.com\/blog\/municipios-com-contratos-irregulares-apresentam-menores-indices-de-saneamento\/\",\"name\":\"Munic\u00edpios com contratos irregulares apresentam menores \u00edndices de saneamento - Ag\u00eancia iNFRA\",\"isPartOf\":{\"@id\":\"https:\/\/agenciainfra.com\/blog\/#website\"},\"primaryImageOfPage\":{\"@id\":\"https:\/\/agenciainfra.com\/blog\/municipios-com-contratos-irregulares-apresentam-menores-indices-de-saneamento\/#primaryimage\"},\"image\":{\"@id\":\"https:\/\/agenciainfra.com\/blog\/municipios-com-contratos-irregulares-apresentam-menores-indices-de-saneamento\/#primaryimage\"},\"thumbnailUrl\":\"https:\/\/agenciainfra.com\/blog\/wp-content\/uploads\/2022\/07\/saneamento-basico-foto-prefeitura-de-sao-paulo.jpeg\",\"datePublished\":\"2022-07-20T12:00:00+00:00\",\"breadcrumb\":{\"@id\":\"https:\/\/agenciainfra.com\/blog\/municipios-com-contratos-irregulares-apresentam-menores-indices-de-saneamento\/#breadcrumb\"},\"inLanguage\":\"pt-BR\",\"potentialAction\":[{\"@type\":\"ReadAction\",\"target\":[\"https:\/\/agenciainfra.com\/blog\/municipios-com-contratos-irregulares-apresentam-menores-indices-de-saneamento\/\"]}]},{\"@type\":\"ImageObject\",\"inLanguage\":\"pt-BR\",\"@id\":\"https:\/\/agenciainfra.com\/blog\/municipios-com-contratos-irregulares-apresentam-menores-indices-de-saneamento\/#primaryimage\",\"url\":\"https:\/\/agenciainfra.com\/blog\/wp-content\/uploads\/2022\/07\/saneamento-basico-foto-prefeitura-de-sao-paulo.jpeg\",\"contentUrl\":\"https:\/\/agenciainfra.com\/blog\/wp-content\/uploads\/2022\/07\/saneamento-basico-foto-prefeitura-de-sao-paulo.jpeg\",\"width\":1280,\"height\":725,\"caption\":\"Foto: Divulga\u00e7\u00e3o\/Prefeitura de S\u00e3o Paulo\"},{\"@type\":\"BreadcrumbList\",\"@id\":\"https:\/\/agenciainfra.com\/blog\/municipios-com-contratos-irregulares-apresentam-menores-indices-de-saneamento\/#breadcrumb\",\"itemListElement\":[{\"@type\":\"ListItem\",\"position\":1,\"name\":\"In\u00edcio\",\"item\":\"https:\/\/agenciainfra.com\/blog\/\"},{\"@type\":\"ListItem\",\"position\":2,\"name\":\"Munic\u00edpios com contratos irregulares apresentam menores \u00edndices de saneamento\"}]},{\"@type\":\"WebSite\",\"@id\":\"https:\/\/agenciainfra.com\/blog\/#website\",\"url\":\"https:\/\/agenciainfra.com\/blog\/\",\"name\":\"Ag\u00eancia iNFRA\",\"description\":\"Multiplataforma de informa\u00e7\u00e3o jornal\u00edstica refer\u00eancia na \u00e1rea de infraestrutura no Brasil!\",\"publisher\":{\"@id\":\"https:\/\/agenciainfra.com\/blog\/#organization\"},\"potentialAction\":[{\"@type\":\"SearchAction\",\"target\":{\"@type\":\"EntryPoint\",\"urlTemplate\":\"https:\/\/agenciainfra.com\/blog\/?s={search_term_string}\"},\"query-input\":{\"@type\":\"PropertyValueSpecification\",\"valueRequired\":true,\"valueName\":\"search_term_string\"}}],\"inLanguage\":\"pt-BR\"},{\"@type\":\"Organization\",\"@id\":\"https:\/\/agenciainfra.com\/blog\/#organization\",\"name\":\"Ag\u00eancia iNFRA\",\"url\":\"https:\/\/agenciainfra.com\/blog\/\",\"logo\":{\"@type\":\"ImageObject\",\"inLanguage\":\"pt-BR\",\"@id\":\"https:\/\/agenciainfra.com\/blog\/#\/schema\/logo\/image\/\",\"url\":\"https:\/\/agenciainfra.com\/blog\/wp-content\/uploads\/2023\/09\/iNFRA_5-e1761735885940.png\",\"contentUrl\":\"https:\/\/agenciainfra.com\/blog\/wp-content\/uploads\/2023\/09\/iNFRA_5-e1761735885940.png\",\"width\":1672,\"height\":454,\"caption\":\"Ag\u00eancia iNFRA\"},\"image\":{\"@id\":\"https:\/\/agenciainfra.com\/blog\/#\/schema\/logo\/image\/\"},\"sameAs\":[\"https:\/\/www.facebook.com\/ageninfra\",\"https:\/\/x.com\/agencia_infra\",\"https:\/\/www.linkedin.com\/company\/ag\u00eanciainfra\/\",\"https:\/\/www.instagram.com\/agenciainfra\/\"]},{\"@type\":\"Person\",\"@id\":\"https:\/\/agenciainfra.com\/blog\/#\/schema\/person\/04dbb79bd6d8951f063da71f3e4c1eb1\",\"name\":\"Rodrigo Zuquim\",\"image\":{\"@type\":\"ImageObject\",\"inLanguage\":\"pt-BR\",\"@id\":\"https:\/\/agenciainfra.com\/blog\/#\/schema\/person\/image\/\",\"url\":\"https:\/\/secure.gravatar.com\/avatar\/594abfe82761d620726242ff34ca472a705a4b97f16c790053a6b4c4035274d0?s=96&d=mm&r=g\",\"contentUrl\":\"https:\/\/secure.gravatar.com\/avatar\/594abfe82761d620726242ff34ca472a705a4b97f16c790053a6b4c4035274d0?s=96&d=mm&r=g\",\"caption\":\"Rodrigo Zuquim\"},\"url\":\"https:\/\/agenciainfra.com\/blog\/author\/rodrigo-zuquim\/\"}]}<\/script>\n<!-- \/ Yoast SEO Premium plugin. -->","yoast_head_json":{"title":"Munic\u00edpios com contratos irregulares apresentam menores \u00edndices de saneamento - Ag\u00eancia iNFRA","robots":{"index":"index","follow":"follow","max-snippet":"max-snippet:-1","max-image-preview":"max-image-preview:large","max-video-preview":"max-video-preview:-1"},"canonical":"https:\/\/agenciainfra.com\/blog\/municipios-com-contratos-irregulares-apresentam-menores-indices-de-saneamento\/","og_locale":"pt_BR","og_type":"article","og_title":"Munic\u00edpios com contratos irregulares apresentam menores \u00edndices de saneamento","og_description":"Jenifer Ribeiro, da Ag\u00eancia iNFRA Munic\u00edpios brasileiros que n\u00e3o apresentaram capacidade econ\u00f4mico-financeira para universalizar os servi\u00e7os de \u00e1gua e esgotamento sanit\u00e1rio at\u00e9 2033 ou foram considerados irregulares t\u00eam \u00edndices menores de saneamento b\u00e1sico. \u00c9 isso que mostra o estudo\u00a0\u201cAvan\u00e7os do Novo Marco Legal do Saneamento B\u00e1sico no Brasil \u2013 2022 (SNIS 2020)\u201d, feito pelo Instituto [&hellip;]","og_url":"https:\/\/agenciainfra.com\/blog\/municipios-com-contratos-irregulares-apresentam-menores-indices-de-saneamento\/","og_site_name":"Ag\u00eancia iNFRA","article_publisher":"https:\/\/www.facebook.com\/ageninfra","article_published_time":"2022-07-20T12:00:00+00:00","og_image":[{"width":1280,"height":725,"url":"https:\/\/agenciainfra.com\/blog\/wp-content\/uploads\/2022\/07\/saneamento-basico-foto-prefeitura-de-sao-paulo.jpeg","type":"image\/jpeg"}],"author":"Rodrigo Zuquim","twitter_card":"summary_large_image","twitter_creator":"@agencia_infra","twitter_site":"@agencia_infra","twitter_misc":{"Escrito por":"Rodrigo Zuquim","Est. tempo de leitura":"2 minutos"},"schema":{"@context":"https:\/\/schema.org","@graph":[{"@type":"Article","@id":"https:\/\/agenciainfra.com\/blog\/municipios-com-contratos-irregulares-apresentam-menores-indices-de-saneamento\/#article","isPartOf":{"@id":"https:\/\/agenciainfra.com\/blog\/municipios-com-contratos-irregulares-apresentam-menores-indices-de-saneamento\/"},"author":{"name":"Rodrigo Zuquim","@id":"https:\/\/agenciainfra.com\/blog\/#\/schema\/person\/04dbb79bd6d8951f063da71f3e4c1eb1"},"headline":"Munic\u00edpios com contratos irregulares apresentam menores \u00edndices de saneamento","datePublished":"2022-07-20T12:00:00+00:00","mainEntityOfPage":{"@id":"https:\/\/agenciainfra.com\/blog\/municipios-com-contratos-irregulares-apresentam-menores-indices-de-saneamento\/"},"wordCount":412,"publisher":{"@id":"https:\/\/agenciainfra.com\/blog\/#organization"},"image":{"@id":"https:\/\/agenciainfra.com\/blog\/municipios-com-contratos-irregulares-apresentam-menores-indices-de-saneamento\/#primaryimage"},"thumbnailUrl":"https:\/\/agenciainfra.com\/blog\/wp-content\/uploads\/2022\/07\/saneamento-basico-foto-prefeitura-de-sao-paulo.jpeg","keywords":["abastecimento de \u00e1gua","Andr\u00e9 Galv\u00e3o","capacidade econ\u00f4mico-financeira","esgotamento sanit\u00e1rio","Instituto Trata Brasil","Investimentos","Luana Pretto","novo marco legal do saneamento","regionaliza\u00e7\u00e3o","Saneamento B\u00e1sico","universaliza\u00e7\u00e3o"],"articleSection":["Geral","iNFRATransporte"],"inLanguage":"pt-BR","copyrightYear":"2022","copyrightHolder":{"@id":"https:\/\/agenciainfra.com\/blog\/#organization"}},{"@type":"WebPage","@id":"https:\/\/agenciainfra.com\/blog\/municipios-com-contratos-irregulares-apresentam-menores-indices-de-saneamento\/","url":"https:\/\/agenciainfra.com\/blog\/municipios-com-contratos-irregulares-apresentam-menores-indices-de-saneamento\/","name":"Munic\u00edpios com contratos irregulares apresentam menores \u00edndices de saneamento - Ag\u00eancia iNFRA","isPartOf":{"@id":"https:\/\/agenciainfra.com\/blog\/#website"},"primaryImageOfPage":{"@id":"https:\/\/agenciainfra.com\/blog\/municipios-com-contratos-irregulares-apresentam-menores-indices-de-saneamento\/#primaryimage"},"image":{"@id":"https:\/\/agenciainfra.com\/blog\/municipios-com-contratos-irregulares-apresentam-menores-indices-de-saneamento\/#primaryimage"},"thumbnailUrl":"https:\/\/agenciainfra.com\/blog\/wp-content\/uploads\/2022\/07\/saneamento-basico-foto-prefeitura-de-sao-paulo.jpeg","datePublished":"2022-07-20T12:00:00+00:00","breadcrumb":{"@id":"https:\/\/agenciainfra.com\/blog\/municipios-com-contratos-irregulares-apresentam-menores-indices-de-saneamento\/#breadcrumb"},"inLanguage":"pt-BR","potentialAction":[{"@type":"ReadAction","target":["https:\/\/agenciainfra.com\/blog\/municipios-com-contratos-irregulares-apresentam-menores-indices-de-saneamento\/"]}]},{"@type":"ImageObject","inLanguage":"pt-BR","@id":"https:\/\/agenciainfra.com\/blog\/municipios-com-contratos-irregulares-apresentam-menores-indices-de-saneamento\/#primaryimage","url":"https:\/\/agenciainfra.com\/blog\/wp-content\/uploads\/2022\/07\/saneamento-basico-foto-prefeitura-de-sao-paulo.jpeg","contentUrl":"https:\/\/agenciainfra.com\/blog\/wp-content\/uploads\/2022\/07\/saneamento-basico-foto-prefeitura-de-sao-paulo.jpeg","width":1280,"height":725,"caption":"Foto: Divulga\u00e7\u00e3o\/Prefeitura de S\u00e3o Paulo"},{"@type":"BreadcrumbList","@id":"https:\/\/agenciainfra.com\/blog\/municipios-com-contratos-irregulares-apresentam-menores-indices-de-saneamento\/#breadcrumb","itemListElement":[{"@type":"ListItem","position":1,"name":"In\u00edcio","item":"https:\/\/agenciainfra.com\/blog\/"},{"@type":"ListItem","position":2,"name":"Munic\u00edpios com contratos irregulares apresentam menores \u00edndices de saneamento"}]},{"@type":"WebSite","@id":"https:\/\/agenciainfra.com\/blog\/#website","url":"https:\/\/agenciainfra.com\/blog\/","name":"Ag\u00eancia iNFRA","description":"Multiplataforma de informa\u00e7\u00e3o jornal\u00edstica refer\u00eancia na \u00e1rea de infraestrutura no Brasil!","publisher":{"@id":"https:\/\/agenciainfra.com\/blog\/#organization"},"potentialAction":[{"@type":"SearchAction","target":{"@type":"EntryPoint","urlTemplate":"https:\/\/agenciainfra.com\/blog\/?s={search_term_string}"},"query-input":{"@type":"PropertyValueSpecification","valueRequired":true,"valueName":"search_term_string"}}],"inLanguage":"pt-BR"},{"@type":"Organization","@id":"https:\/\/agenciainfra.com\/blog\/#organization","name":"Ag\u00eancia iNFRA","url":"https:\/\/agenciainfra.com\/blog\/","logo":{"@type":"ImageObject","inLanguage":"pt-BR","@id":"https:\/\/agenciainfra.com\/blog\/#\/schema\/logo\/image\/","url":"https:\/\/agenciainfra.com\/blog\/wp-content\/uploads\/2023\/09\/iNFRA_5-e1761735885940.png","contentUrl":"https:\/\/agenciainfra.com\/blog\/wp-content\/uploads\/2023\/09\/iNFRA_5-e1761735885940.png","width":1672,"height":454,"caption":"Ag\u00eancia iNFRA"},"image":{"@id":"https:\/\/agenciainfra.com\/blog\/#\/schema\/logo\/image\/"},"sameAs":["https:\/\/www.facebook.com\/ageninfra","https:\/\/x.com\/agencia_infra","https:\/\/www.linkedin.com\/company\/ag\u00eanciainfra\/","https:\/\/www.instagram.com\/agenciainfra\/"]},{"@type":"Person","@id":"https:\/\/agenciainfra.com\/blog\/#\/schema\/person\/04dbb79bd6d8951f063da71f3e4c1eb1","name":"Rodrigo Zuquim","image":{"@type":"ImageObject","inLanguage":"pt-BR","@id":"https:\/\/agenciainfra.com\/blog\/#\/schema\/person\/image\/","url":"https:\/\/secure.gravatar.com\/avatar\/594abfe82761d620726242ff34ca472a705a4b97f16c790053a6b4c4035274d0?s=96&d=mm&r=g","contentUrl":"https:\/\/secure.gravatar.com\/avatar\/594abfe82761d620726242ff34ca472a705a4b97f16c790053a6b4c4035274d0?s=96&d=mm&r=g","caption":"Rodrigo Zuquim"},"url":"https:\/\/agenciainfra.com\/blog\/author\/rodrigo-zuquim\/"}]}},"_links":{"self":[{"href":"https:\/\/agenciainfra.com\/blog\/wp-json\/wp\/v2\/posts\/10881","targetHints":{"allow":["GET"]}}],"collection":[{"href":"https:\/\/agenciainfra.com\/blog\/wp-json\/wp\/v2\/posts"}],"about":[{"href":"https:\/\/agenciainfra.com\/blog\/wp-json\/wp\/v2\/types\/post"}],"author":[{"embeddable":true,"href":"https:\/\/agenciainfra.com\/blog\/wp-json\/wp\/v2\/users\/9"}],"replies":[{"embeddable":true,"href":"https:\/\/agenciainfra.com\/blog\/wp-json\/wp\/v2\/comments?post=10881"}],"version-history":[{"count":0,"href":"https:\/\/agenciainfra.com\/blog\/wp-json\/wp\/v2\/posts\/10881\/revisions"}],"wp:featuredmedia":[{"embeddable":true,"href":"https:\/\/agenciainfra.com\/blog\/wp-json\/wp\/v2\/media\/10882"}],"wp:attachment":[{"href":"https:\/\/agenciainfra.com\/blog\/wp-json\/wp\/v2\/media?parent=10881"}],"wp:term":[{"taxonomy":"category","embeddable":true,"href":"https:\/\/agenciainfra.com\/blog\/wp-json\/wp\/v2\/categories?post=10881"},{"taxonomy":"post_tag","embeddable":true,"href":"https:\/\/agenciainfra.com\/blog\/wp-json\/wp\/v2\/tags?post=10881"}],"curies":[{"name":"wp","href":"https:\/\/api.w.org\/{rel}","templated":true}]}}