{"id":10891,"date":"2022-07-21T09:00:00","date_gmt":"2022-07-21T12:00:00","guid":{"rendered":"https:\/\/www.agenciainfra.com\/blog\/?p=10891"},"modified":"2022-07-19T08:15:01","modified_gmt":"2022-07-19T11:15:01","slug":"entrar-na-nova-rota-da-seda-vai-depender-de-esforcos-conjuntos-de-governos-alerta-especialista","status":"publish","type":"post","link":"https:\/\/agenciainfra.com\/blog\/entrar-na-nova-rota-da-seda-vai-depender-de-esforcos-conjuntos-de-governos-alerta-especialista\/","title":{"rendered":"Entrar na Nova Rota da Seda vai depender de esfor\u00e7os conjuntos de governos, alerta especialista"},"content":{"rendered":"\n<p class=\"has-text-align-right\"><strong>Dimmi Amora, da Ag\u00eancia iNFRA<\/strong><\/p>\n\n\n\n<p>A amplia\u00e7\u00e3o de investimentos chineses para consolidar o Maranh\u00e3o como uma das regi\u00f5es da chamada Nova Rota da Seda vai depender de esfor\u00e7os conjuntos dos governos federal e do estado, al\u00e9m de iniciativas de parceria com universidades.<br><br>Estudos mais detalhados sobre produtos que podem ser movimentados pela regi\u00e3o, al\u00e9m de treinamento de m\u00e3o de obra e direcionamento para aplica\u00e7\u00e3o de novas tecnologias e cria\u00e7\u00e3o de projetos verdes, tamb\u00e9m ser\u00e3o necess\u00e1rios.<br><br>Essas s\u00e3o algumas das recomenda\u00e7\u00f5es deixadas ao governo local por Paul Lee, pesquisador do Ocean College da Zhejiang University, na China, que passou uma semana em visita ao estado, na semana passada, para apresentar estudos sobre o modelo que a China est\u00e1 implantando no mundo para garantir a log\u00edstica para os produtos movimentados no pa\u00eds.\u00a0<br><br>E tamb\u00e9m levar informa\u00e7\u00f5es sobre projetos em desenvolvimento no estado para ampliar o estudo que t\u00eam o nome de BRI (China&#8217;s Belt and Road Initiative) e est\u00e3o em desenvolvimento desde 2013.<br><br>Num trabalho recente coordenado por Lee, dispon\u00edvel\u00a0<a rel=\"noreferrer noopener\" href=\"https:\/\/agenciainfra.us14.list-manage.com\/track\/click?u=d460dd1bcf9ba0ae040e1fc0f&amp;id=d01d572e62&amp;e=c099169394\" target=\"_blank\">neste link<\/a>, duas cidades do Brasil foram apontadas como potencialmente de interesse dessa iniciativa chinesa, S\u00e3o Luis (MA) e Paranagu\u00e1 (PR). Ambas j\u00e1 contam com investimentos de empresas chinesas no setor portu\u00e1rio.<br><br>Por causa da inclus\u00e3o de S\u00e3o Lu\u00eds\u00a0nesse estudo recente, o secret\u00e1rio de Desenvolvimento Econ\u00f4mico e Projetos Estrat\u00e9gicos do governo maranhense, Jos\u00e9 Reinaldo Tavares, convidou Lee para a visita, dentro do que foi chamado de Simp\u00f3sio Internacional de Log\u00edstica.<br><br><strong>Oportunidade \u00fanica<\/strong><br>Em entrevista \u00e0\u00a0<strong>Ag\u00eancia iNFRA<\/strong>, Tavares afirmou que a inclus\u00e3o do Brasil\u00a0e de S\u00e3o Lu\u00eds no BRI \u00e9 uma oportunidade \u00fanica para o desenvolvimento que precisa ser aproveitada, ao\u00a0unir o Brasil a uma cadeia log\u00edstica com mais de 100 cidades ao redor do mundo.<br><br>Segundo ele, estar no BRI facilita para que empresas chinesas possam levar investimentos para as regi\u00f5es selecionadas, j\u00e1 que a inten\u00e7\u00e3o do governo chin\u00eas \u00e9 ter uma rota log\u00edstica que possibilite seguran\u00e7a para o fornecimento de produtos essenciais para o pa\u00eds.<br><br><strong>ZPE<\/strong><br>Ap\u00f3s fazer apresenta\u00e7\u00f5es sobre a BRI ao longo de dois dias, Lee foi levado a conhecer o porto do Itaqui, o principal do estado, e para apresenta\u00e7\u00f5es de empresas e governos locais. Segundo Tavares, o governo local tem projetos para ampliar a infraestrutura log\u00edstica n\u00e3o apenas para o escoamento de commodities.<br><br>O secret\u00e1rio informou que uma ZPE (Zona de Processamento de Exporta\u00e7\u00e3o) est\u00e1 sendo criada na regi\u00e3o da ba\u00eda\u00a0de S\u00e3o Marcos para que tamb\u00e9m possam ser feitas plantas para produtos industrializados.<br><br><strong>Obras ferrovi\u00e1rias<\/strong><br>Entre os convidados para se apresentar no evento estava a Valec, que mostrou os projetos de desenvolvimento de ferrovias e terminais ferrovi\u00e1rios na regi\u00e3o, j\u00e1 existentes, e tamb\u00e9m levou dados sobre as propostas apresentadas para novas ferrovias no modelo de autoriza\u00e7\u00e3o que se concentram no estado.<br><br>Lee tamb\u00e9m fez encontros individuais com empresas que t\u00eam projetos no estado, como foi o caso da Gr\u00e3o-Par\u00e1 Multimodal, que tem autoriza\u00e7\u00e3o para construir um TUP (terminal de uso privado) na ba\u00eda de S\u00e3o Marcos com calado de alta profundidade\u00a0e para uma ferrovia ligando esse terminal \u00e0 Ferrovia Norte-Sul e \u00e0 regi\u00e3o produtora de gr\u00e3os conhecida como Matopiba.\u00a0<br><br>Em sua apresenta\u00e7\u00e3o aos investidores, Lee refor\u00e7ou fortemente a necessidade de boa infraestrutura log\u00edstica para que a regi\u00e3o possa ser integrada ao BRI e recomendou que um plano de investimentos para os pr\u00f3ximos cinco anos seja criado.<\/p>\n","protected":false},"excerpt":{"rendered":"<p>Dimmi Amora, da Ag\u00eancia iNFRA A amplia\u00e7\u00e3o de investimentos chineses para consolidar o Maranh\u00e3o como uma das regi\u00f5es da chamada Nova Rota da Seda vai depender de esfor\u00e7os conjuntos dos governos federal e do estado, al\u00e9m de iniciativas de parceria com universidades. Estudos mais detalhados sobre produtos que podem ser movimentados pela regi\u00e3o, al\u00e9m de [&hellip;]<\/p>\n","protected":false},"author":9,"featured_media":6477,"comment_status":"closed","ping_status":"closed","sticky":false,"template":"","format":"standard","meta":{"_monsterinsights_skip_tracking":false,"_monsterinsights_sitenote_active":false,"_monsterinsights_sitenote_note":"","_monsterinsights_sitenote_category":0,"footnotes":""},"categories":[1,7],"tags":[1728,5514,120,32,5515,66,2110,5512,5513,3180,1201,160],"class_list":["post-10891","post","type-post","status-publish","format-standard","has-post-thumbnail","hentry","category-geral","category-infratransporte","tag-china","tag-chinas-belt-and-road-initiative","tag-ferrovias","tag-investimentos","tag-jose-reinaldo-tavares","tag-logistica","tag-maranhao","tag-nova-rota-da-seda","tag-paul-lee","tag-porto-do-itaqui","tag-setor-portuario","tag-valec"],"yoast_head":"<!-- This site is optimized with the Yoast SEO Premium plugin v25.4 (Yoast SEO v26.0) - https:\/\/yoast.com\/wordpress\/plugins\/seo\/ -->\n<title>Entrar na Nova Rota da Seda vai depender de esfor\u00e7os conjuntos de governos, alerta especialista - Ag\u00eancia iNFRA<\/title>\n<meta name=\"robots\" content=\"index, follow, max-snippet:-1, max-image-preview:large, max-video-preview:-1\" \/>\n<link rel=\"canonical\" href=\"https:\/\/agenciainfra.com\/blog\/entrar-na-nova-rota-da-seda-vai-depender-de-esforcos-conjuntos-de-governos-alerta-especialista\/\" \/>\n<meta property=\"og:locale\" content=\"pt_BR\" \/>\n<meta property=\"og:type\" content=\"article\" \/>\n<meta property=\"og:title\" content=\"Entrar na Nova Rota da Seda vai depender de esfor\u00e7os conjuntos de governos, alerta especialista\" \/>\n<meta property=\"og:description\" content=\"Dimmi Amora, da Ag\u00eancia iNFRA A amplia\u00e7\u00e3o de investimentos chineses para consolidar o Maranh\u00e3o como uma das regi\u00f5es da chamada Nova Rota da Seda vai depender de esfor\u00e7os conjuntos dos governos federal e do estado, al\u00e9m de iniciativas de parceria com universidades. Estudos mais detalhados sobre produtos que podem ser movimentados pela regi\u00e3o, al\u00e9m de [&hellip;]\" \/>\n<meta property=\"og:url\" content=\"https:\/\/agenciainfra.com\/blog\/entrar-na-nova-rota-da-seda-vai-depender-de-esforcos-conjuntos-de-governos-alerta-especialista\/\" \/>\n<meta property=\"og:site_name\" content=\"Ag\u00eancia iNFRA\" \/>\n<meta property=\"article:publisher\" content=\"https:\/\/www.facebook.com\/ageninfra\" \/>\n<meta property=\"article:published_time\" content=\"2022-07-21T12:00:00+00:00\" \/>\n<meta property=\"og:image\" content=\"https:\/\/agenciainfra.com\/blog\/wp-content\/uploads\/2020\/12\/porto-do-itaqui-foto-divulgacao.jpg\" \/>\n\t<meta property=\"og:image:width\" content=\"1280\" \/>\n\t<meta property=\"og:image:height\" content=\"905\" \/>\n\t<meta property=\"og:image:type\" content=\"image\/jpeg\" \/>\n<meta name=\"author\" content=\"Rodrigo Zuquim\" \/>\n<meta name=\"twitter:card\" content=\"summary_large_image\" \/>\n<meta name=\"twitter:creator\" content=\"@agencia_infra\" \/>\n<meta name=\"twitter:site\" content=\"@agencia_infra\" \/>\n<meta name=\"twitter:label1\" content=\"Escrito por\" \/>\n\t<meta name=\"twitter:data1\" content=\"Rodrigo Zuquim\" \/>\n\t<meta name=\"twitter:label2\" content=\"Est. tempo de leitura\" \/>\n\t<meta name=\"twitter:data2\" content=\"3 minutos\" \/>\n<script type=\"application\/ld+json\" class=\"yoast-schema-graph\">{\"@context\":\"https:\/\/schema.org\",\"@graph\":[{\"@type\":\"Article\",\"@id\":\"https:\/\/agenciainfra.com\/blog\/entrar-na-nova-rota-da-seda-vai-depender-de-esforcos-conjuntos-de-governos-alerta-especialista\/#article\",\"isPartOf\":{\"@id\":\"https:\/\/agenciainfra.com\/blog\/entrar-na-nova-rota-da-seda-vai-depender-de-esforcos-conjuntos-de-governos-alerta-especialista\/\"},\"author\":{\"name\":\"Rodrigo Zuquim\",\"@id\":\"https:\/\/agenciainfra.com\/blog\/#\/schema\/person\/04dbb79bd6d8951f063da71f3e4c1eb1\"},\"headline\":\"Entrar na Nova Rota da Seda vai depender de esfor\u00e7os conjuntos de governos, alerta especialista\",\"datePublished\":\"2022-07-21T12:00:00+00:00\",\"mainEntityOfPage\":{\"@id\":\"https:\/\/agenciainfra.com\/blog\/entrar-na-nova-rota-da-seda-vai-depender-de-esforcos-conjuntos-de-governos-alerta-especialista\/\"},\"wordCount\":638,\"publisher\":{\"@id\":\"https:\/\/agenciainfra.com\/blog\/#organization\"},\"image\":{\"@id\":\"https:\/\/agenciainfra.com\/blog\/entrar-na-nova-rota-da-seda-vai-depender-de-esforcos-conjuntos-de-governos-alerta-especialista\/#primaryimage\"},\"thumbnailUrl\":\"https:\/\/agenciainfra.com\/blog\/wp-content\/uploads\/2020\/12\/porto-do-itaqui-foto-divulgacao.jpg\",\"keywords\":[\"China\",\"China&#039;s Belt and Road Initiative\",\"Ferrovias\",\"Investimentos\",\"Jos\u00e9 Reinaldo Tavares\",\"log\u00edstica\",\"Maranh\u00e3o\",\"Nova Rota da Seda\",\"Paul Lee\",\"Porto do Itaqui\",\"setor portu\u00e1rio\",\"Valec\"],\"articleSection\":[\"Geral\",\"iNFRATransporte\"],\"inLanguage\":\"pt-BR\",\"copyrightYear\":\"2022\",\"copyrightHolder\":{\"@id\":\"https:\/\/agenciainfra.com\/blog\/#organization\"}},{\"@type\":\"WebPage\",\"@id\":\"https:\/\/agenciainfra.com\/blog\/entrar-na-nova-rota-da-seda-vai-depender-de-esforcos-conjuntos-de-governos-alerta-especialista\/\",\"url\":\"https:\/\/agenciainfra.com\/blog\/entrar-na-nova-rota-da-seda-vai-depender-de-esforcos-conjuntos-de-governos-alerta-especialista\/\",\"name\":\"Entrar na Nova Rota da Seda vai depender de esfor\u00e7os conjuntos de governos, alerta especialista - Ag\u00eancia iNFRA\",\"isPartOf\":{\"@id\":\"https:\/\/agenciainfra.com\/blog\/#website\"},\"primaryImageOfPage\":{\"@id\":\"https:\/\/agenciainfra.com\/blog\/entrar-na-nova-rota-da-seda-vai-depender-de-esforcos-conjuntos-de-governos-alerta-especialista\/#primaryimage\"},\"image\":{\"@id\":\"https:\/\/agenciainfra.com\/blog\/entrar-na-nova-rota-da-seda-vai-depender-de-esforcos-conjuntos-de-governos-alerta-especialista\/#primaryimage\"},\"thumbnailUrl\":\"https:\/\/agenciainfra.com\/blog\/wp-content\/uploads\/2020\/12\/porto-do-itaqui-foto-divulgacao.jpg\",\"datePublished\":\"2022-07-21T12:00:00+00:00\",\"breadcrumb\":{\"@id\":\"https:\/\/agenciainfra.com\/blog\/entrar-na-nova-rota-da-seda-vai-depender-de-esforcos-conjuntos-de-governos-alerta-especialista\/#breadcrumb\"},\"inLanguage\":\"pt-BR\",\"potentialAction\":[{\"@type\":\"ReadAction\",\"target\":[\"https:\/\/agenciainfra.com\/blog\/entrar-na-nova-rota-da-seda-vai-depender-de-esforcos-conjuntos-de-governos-alerta-especialista\/\"]}]},{\"@type\":\"ImageObject\",\"inLanguage\":\"pt-BR\",\"@id\":\"https:\/\/agenciainfra.com\/blog\/entrar-na-nova-rota-da-seda-vai-depender-de-esforcos-conjuntos-de-governos-alerta-especialista\/#primaryimage\",\"url\":\"https:\/\/agenciainfra.com\/blog\/wp-content\/uploads\/2020\/12\/porto-do-itaqui-foto-divulgacao.jpg\",\"contentUrl\":\"https:\/\/agenciainfra.com\/blog\/wp-content\/uploads\/2020\/12\/porto-do-itaqui-foto-divulgacao.jpg\",\"width\":1280,\"height\":905,\"caption\":\"Foto: Porto do Itaqui\"},{\"@type\":\"BreadcrumbList\",\"@id\":\"https:\/\/agenciainfra.com\/blog\/entrar-na-nova-rota-da-seda-vai-depender-de-esforcos-conjuntos-de-governos-alerta-especialista\/#breadcrumb\",\"itemListElement\":[{\"@type\":\"ListItem\",\"position\":1,\"name\":\"In\u00edcio\",\"item\":\"https:\/\/agenciainfra.com\/blog\/\"},{\"@type\":\"ListItem\",\"position\":2,\"name\":\"Entrar na Nova Rota da Seda vai depender de esfor\u00e7os conjuntos de governos, alerta especialista\"}]},{\"@type\":\"WebSite\",\"@id\":\"https:\/\/agenciainfra.com\/blog\/#website\",\"url\":\"https:\/\/agenciainfra.com\/blog\/\",\"name\":\"Ag\u00eancia iNFRA\",\"description\":\"Multiplataforma de informa\u00e7\u00e3o jornal\u00edstica refer\u00eancia na \u00e1rea de infraestrutura no Brasil!\",\"publisher\":{\"@id\":\"https:\/\/agenciainfra.com\/blog\/#organization\"},\"potentialAction\":[{\"@type\":\"SearchAction\",\"target\":{\"@type\":\"EntryPoint\",\"urlTemplate\":\"https:\/\/agenciainfra.com\/blog\/?s={search_term_string}\"},\"query-input\":{\"@type\":\"PropertyValueSpecification\",\"valueRequired\":true,\"valueName\":\"search_term_string\"}}],\"inLanguage\":\"pt-BR\"},{\"@type\":\"Organization\",\"@id\":\"https:\/\/agenciainfra.com\/blog\/#organization\",\"name\":\"Ag\u00eancia iNFRA\",\"url\":\"https:\/\/agenciainfra.com\/blog\/\",\"logo\":{\"@type\":\"ImageObject\",\"inLanguage\":\"pt-BR\",\"@id\":\"https:\/\/agenciainfra.com\/blog\/#\/schema\/logo\/image\/\",\"url\":\"https:\/\/agenciainfra.com\/blog\/wp-content\/uploads\/2023\/09\/iNFRA_5-e1761735885940.png\",\"contentUrl\":\"https:\/\/agenciainfra.com\/blog\/wp-content\/uploads\/2023\/09\/iNFRA_5-e1761735885940.png\",\"width\":1672,\"height\":454,\"caption\":\"Ag\u00eancia iNFRA\"},\"image\":{\"@id\":\"https:\/\/agenciainfra.com\/blog\/#\/schema\/logo\/image\/\"},\"sameAs\":[\"https:\/\/www.facebook.com\/ageninfra\",\"https:\/\/x.com\/agencia_infra\",\"https:\/\/www.linkedin.com\/company\/ag\u00eanciainfra\/\",\"https:\/\/www.instagram.com\/agenciainfra\/\"]},{\"@type\":\"Person\",\"@id\":\"https:\/\/agenciainfra.com\/blog\/#\/schema\/person\/04dbb79bd6d8951f063da71f3e4c1eb1\",\"name\":\"Rodrigo Zuquim\",\"image\":{\"@type\":\"ImageObject\",\"inLanguage\":\"pt-BR\",\"@id\":\"https:\/\/agenciainfra.com\/blog\/#\/schema\/person\/image\/\",\"url\":\"https:\/\/secure.gravatar.com\/avatar\/594abfe82761d620726242ff34ca472a705a4b97f16c790053a6b4c4035274d0?s=96&d=mm&r=g\",\"contentUrl\":\"https:\/\/secure.gravatar.com\/avatar\/594abfe82761d620726242ff34ca472a705a4b97f16c790053a6b4c4035274d0?s=96&d=mm&r=g\",\"caption\":\"Rodrigo Zuquim\"},\"url\":\"https:\/\/agenciainfra.com\/blog\/author\/rodrigo-zuquim\/\"}]}<\/script>\n<!-- \/ Yoast SEO Premium plugin. -->","yoast_head_json":{"title":"Entrar na Nova Rota da Seda vai depender de esfor\u00e7os conjuntos de governos, alerta especialista - Ag\u00eancia iNFRA","robots":{"index":"index","follow":"follow","max-snippet":"max-snippet:-1","max-image-preview":"max-image-preview:large","max-video-preview":"max-video-preview:-1"},"canonical":"https:\/\/agenciainfra.com\/blog\/entrar-na-nova-rota-da-seda-vai-depender-de-esforcos-conjuntos-de-governos-alerta-especialista\/","og_locale":"pt_BR","og_type":"article","og_title":"Entrar na Nova Rota da Seda vai depender de esfor\u00e7os conjuntos de governos, alerta especialista","og_description":"Dimmi Amora, da Ag\u00eancia iNFRA A amplia\u00e7\u00e3o de investimentos chineses para consolidar o Maranh\u00e3o como uma das regi\u00f5es da chamada Nova Rota da Seda vai depender de esfor\u00e7os conjuntos dos governos federal e do estado, al\u00e9m de iniciativas de parceria com universidades. Estudos mais detalhados sobre produtos que podem ser movimentados pela regi\u00e3o, al\u00e9m de [&hellip;]","og_url":"https:\/\/agenciainfra.com\/blog\/entrar-na-nova-rota-da-seda-vai-depender-de-esforcos-conjuntos-de-governos-alerta-especialista\/","og_site_name":"Ag\u00eancia iNFRA","article_publisher":"https:\/\/www.facebook.com\/ageninfra","article_published_time":"2022-07-21T12:00:00+00:00","og_image":[{"width":1280,"height":905,"url":"https:\/\/agenciainfra.com\/blog\/wp-content\/uploads\/2020\/12\/porto-do-itaqui-foto-divulgacao.jpg","type":"image\/jpeg"}],"author":"Rodrigo Zuquim","twitter_card":"summary_large_image","twitter_creator":"@agencia_infra","twitter_site":"@agencia_infra","twitter_misc":{"Escrito por":"Rodrigo Zuquim","Est. tempo de leitura":"3 minutos"},"schema":{"@context":"https:\/\/schema.org","@graph":[{"@type":"Article","@id":"https:\/\/agenciainfra.com\/blog\/entrar-na-nova-rota-da-seda-vai-depender-de-esforcos-conjuntos-de-governos-alerta-especialista\/#article","isPartOf":{"@id":"https:\/\/agenciainfra.com\/blog\/entrar-na-nova-rota-da-seda-vai-depender-de-esforcos-conjuntos-de-governos-alerta-especialista\/"},"author":{"name":"Rodrigo Zuquim","@id":"https:\/\/agenciainfra.com\/blog\/#\/schema\/person\/04dbb79bd6d8951f063da71f3e4c1eb1"},"headline":"Entrar na Nova Rota da Seda vai depender de esfor\u00e7os conjuntos de governos, alerta especialista","datePublished":"2022-07-21T12:00:00+00:00","mainEntityOfPage":{"@id":"https:\/\/agenciainfra.com\/blog\/entrar-na-nova-rota-da-seda-vai-depender-de-esforcos-conjuntos-de-governos-alerta-especialista\/"},"wordCount":638,"publisher":{"@id":"https:\/\/agenciainfra.com\/blog\/#organization"},"image":{"@id":"https:\/\/agenciainfra.com\/blog\/entrar-na-nova-rota-da-seda-vai-depender-de-esforcos-conjuntos-de-governos-alerta-especialista\/#primaryimage"},"thumbnailUrl":"https:\/\/agenciainfra.com\/blog\/wp-content\/uploads\/2020\/12\/porto-do-itaqui-foto-divulgacao.jpg","keywords":["China","China&#039;s Belt and Road Initiative","Ferrovias","Investimentos","Jos\u00e9 Reinaldo Tavares","log\u00edstica","Maranh\u00e3o","Nova Rota da Seda","Paul Lee","Porto do Itaqui","setor portu\u00e1rio","Valec"],"articleSection":["Geral","iNFRATransporte"],"inLanguage":"pt-BR","copyrightYear":"2022","copyrightHolder":{"@id":"https:\/\/agenciainfra.com\/blog\/#organization"}},{"@type":"WebPage","@id":"https:\/\/agenciainfra.com\/blog\/entrar-na-nova-rota-da-seda-vai-depender-de-esforcos-conjuntos-de-governos-alerta-especialista\/","url":"https:\/\/agenciainfra.com\/blog\/entrar-na-nova-rota-da-seda-vai-depender-de-esforcos-conjuntos-de-governos-alerta-especialista\/","name":"Entrar na Nova Rota da Seda vai depender de esfor\u00e7os conjuntos de governos, alerta especialista - Ag\u00eancia iNFRA","isPartOf":{"@id":"https:\/\/agenciainfra.com\/blog\/#website"},"primaryImageOfPage":{"@id":"https:\/\/agenciainfra.com\/blog\/entrar-na-nova-rota-da-seda-vai-depender-de-esforcos-conjuntos-de-governos-alerta-especialista\/#primaryimage"},"image":{"@id":"https:\/\/agenciainfra.com\/blog\/entrar-na-nova-rota-da-seda-vai-depender-de-esforcos-conjuntos-de-governos-alerta-especialista\/#primaryimage"},"thumbnailUrl":"https:\/\/agenciainfra.com\/blog\/wp-content\/uploads\/2020\/12\/porto-do-itaqui-foto-divulgacao.jpg","datePublished":"2022-07-21T12:00:00+00:00","breadcrumb":{"@id":"https:\/\/agenciainfra.com\/blog\/entrar-na-nova-rota-da-seda-vai-depender-de-esforcos-conjuntos-de-governos-alerta-especialista\/#breadcrumb"},"inLanguage":"pt-BR","potentialAction":[{"@type":"ReadAction","target":["https:\/\/agenciainfra.com\/blog\/entrar-na-nova-rota-da-seda-vai-depender-de-esforcos-conjuntos-de-governos-alerta-especialista\/"]}]},{"@type":"ImageObject","inLanguage":"pt-BR","@id":"https:\/\/agenciainfra.com\/blog\/entrar-na-nova-rota-da-seda-vai-depender-de-esforcos-conjuntos-de-governos-alerta-especialista\/#primaryimage","url":"https:\/\/agenciainfra.com\/blog\/wp-content\/uploads\/2020\/12\/porto-do-itaqui-foto-divulgacao.jpg","contentUrl":"https:\/\/agenciainfra.com\/blog\/wp-content\/uploads\/2020\/12\/porto-do-itaqui-foto-divulgacao.jpg","width":1280,"height":905,"caption":"Foto: Porto do Itaqui"},{"@type":"BreadcrumbList","@id":"https:\/\/agenciainfra.com\/blog\/entrar-na-nova-rota-da-seda-vai-depender-de-esforcos-conjuntos-de-governos-alerta-especialista\/#breadcrumb","itemListElement":[{"@type":"ListItem","position":1,"name":"In\u00edcio","item":"https:\/\/agenciainfra.com\/blog\/"},{"@type":"ListItem","position":2,"name":"Entrar na Nova Rota da Seda vai depender de esfor\u00e7os conjuntos de governos, alerta especialista"}]},{"@type":"WebSite","@id":"https:\/\/agenciainfra.com\/blog\/#website","url":"https:\/\/agenciainfra.com\/blog\/","name":"Ag\u00eancia iNFRA","description":"Multiplataforma de informa\u00e7\u00e3o jornal\u00edstica refer\u00eancia na \u00e1rea de infraestrutura no Brasil!","publisher":{"@id":"https:\/\/agenciainfra.com\/blog\/#organization"},"potentialAction":[{"@type":"SearchAction","target":{"@type":"EntryPoint","urlTemplate":"https:\/\/agenciainfra.com\/blog\/?s={search_term_string}"},"query-input":{"@type":"PropertyValueSpecification","valueRequired":true,"valueName":"search_term_string"}}],"inLanguage":"pt-BR"},{"@type":"Organization","@id":"https:\/\/agenciainfra.com\/blog\/#organization","name":"Ag\u00eancia iNFRA","url":"https:\/\/agenciainfra.com\/blog\/","logo":{"@type":"ImageObject","inLanguage":"pt-BR","@id":"https:\/\/agenciainfra.com\/blog\/#\/schema\/logo\/image\/","url":"https:\/\/agenciainfra.com\/blog\/wp-content\/uploads\/2023\/09\/iNFRA_5-e1761735885940.png","contentUrl":"https:\/\/agenciainfra.com\/blog\/wp-content\/uploads\/2023\/09\/iNFRA_5-e1761735885940.png","width":1672,"height":454,"caption":"Ag\u00eancia iNFRA"},"image":{"@id":"https:\/\/agenciainfra.com\/blog\/#\/schema\/logo\/image\/"},"sameAs":["https:\/\/www.facebook.com\/ageninfra","https:\/\/x.com\/agencia_infra","https:\/\/www.linkedin.com\/company\/ag\u00eanciainfra\/","https:\/\/www.instagram.com\/agenciainfra\/"]},{"@type":"Person","@id":"https:\/\/agenciainfra.com\/blog\/#\/schema\/person\/04dbb79bd6d8951f063da71f3e4c1eb1","name":"Rodrigo Zuquim","image":{"@type":"ImageObject","inLanguage":"pt-BR","@id":"https:\/\/agenciainfra.com\/blog\/#\/schema\/person\/image\/","url":"https:\/\/secure.gravatar.com\/avatar\/594abfe82761d620726242ff34ca472a705a4b97f16c790053a6b4c4035274d0?s=96&d=mm&r=g","contentUrl":"https:\/\/secure.gravatar.com\/avatar\/594abfe82761d620726242ff34ca472a705a4b97f16c790053a6b4c4035274d0?s=96&d=mm&r=g","caption":"Rodrigo Zuquim"},"url":"https:\/\/agenciainfra.com\/blog\/author\/rodrigo-zuquim\/"}]}},"_links":{"self":[{"href":"https:\/\/agenciainfra.com\/blog\/wp-json\/wp\/v2\/posts\/10891","targetHints":{"allow":["GET"]}}],"collection":[{"href":"https:\/\/agenciainfra.com\/blog\/wp-json\/wp\/v2\/posts"}],"about":[{"href":"https:\/\/agenciainfra.com\/blog\/wp-json\/wp\/v2\/types\/post"}],"author":[{"embeddable":true,"href":"https:\/\/agenciainfra.com\/blog\/wp-json\/wp\/v2\/users\/9"}],"replies":[{"embeddable":true,"href":"https:\/\/agenciainfra.com\/blog\/wp-json\/wp\/v2\/comments?post=10891"}],"version-history":[{"count":0,"href":"https:\/\/agenciainfra.com\/blog\/wp-json\/wp\/v2\/posts\/10891\/revisions"}],"wp:featuredmedia":[{"embeddable":true,"href":"https:\/\/agenciainfra.com\/blog\/wp-json\/wp\/v2\/media\/6477"}],"wp:attachment":[{"href":"https:\/\/agenciainfra.com\/blog\/wp-json\/wp\/v2\/media?parent=10891"}],"wp:term":[{"taxonomy":"category","embeddable":true,"href":"https:\/\/agenciainfra.com\/blog\/wp-json\/wp\/v2\/categories?post=10891"},{"taxonomy":"post_tag","embeddable":true,"href":"https:\/\/agenciainfra.com\/blog\/wp-json\/wp\/v2\/tags?post=10891"}],"curies":[{"name":"wp","href":"https:\/\/api.w.org\/{rel}","templated":true}]}}