{"id":10896,"date":"2022-07-22T09:00:00","date_gmt":"2022-07-22T12:00:00","guid":{"rendered":"https:\/\/www.agenciainfra.com\/blog\/?p=10896"},"modified":"2022-07-20T08:39:40","modified_gmt":"2022-07-20T11:39:40","slug":"pedagios-no-parana-vao-aumentar-conforme-entrega-de-obras-diz-diretor-geral-do-der-pr","status":"publish","type":"post","link":"https:\/\/agenciainfra.com\/blog\/pedagios-no-parana-vao-aumentar-conforme-entrega-de-obras-diz-diretor-geral-do-der-pr\/","title":{"rendered":"Ped\u00e1gios no Paran\u00e1 v\u00e3o aumentar conforme entrega de obras, diz diretor-geral do DER\/PR"},"content":{"rendered":"\n<p class=\"has-text-align-right\"><strong>Jenifer Ribeiro, da Ag\u00eancia iNFRA<\/strong><\/p>\n\n\n\n<p>As tarifas de ped\u00e1gio nos dois lotes de concess\u00f5es\u00a0das\u00a0Rodovias Integradas do Paran\u00e1 que est\u00e3o previstos para irem a leil\u00e3o neste ano ser\u00e3o at\u00e9 29% maiores que os valores estimados no per\u00edodo de audi\u00eancia p\u00fablica sobre a licita\u00e7\u00e3o dos trechos.<br><br>O Lote 1 tem 473 quil\u00f4metros, envolvendo as rodovias BR-277\/373\/376\/476\/PR e PR-418\/423\/427. J\u00e1 o Lote 2, com 604 quil\u00f4metros, \u00e9 das rodovias\u00a0BR-153\/277\/369\/PR e PR-092\/151\/239\/407\/408\/411\/508\/804\/855.<br><br>As tarifas dos ped\u00e1gios est\u00e3o entre as preocupa\u00e7\u00f5es quanto ao leil\u00e3o das Rodovias Integradas do Paran\u00e1,\u00a0devido ao hist\u00f3rico das concess\u00f5es no estado.\u00a0No contrato firmado em 1997, o valor saltou de uma m\u00e9dia de R$ 3,00 para R$ 16,30 em 2021. Em algumas vias o pre\u00e7o chegava a R$ 27,00 por autom\u00f3vel. Mesmo assim, nem todos os investimentos previstos foram executados.<br><br>O diretor-geral do DER\/PR (Departamento de Estradas de Rodagem do Paran\u00e1), Alexandre Castro Fernandes, disse que, no atual modelo, esse\u00a0n\u00e3o deve ser um \u201cproblema\u201d para os novos contratos.<br><br>\u201cOs incrementos na tarifa s\u00f3 v\u00e3o poder ser executados a partir do momento em que a obra estiver pronta, entregue. Se voc\u00ea entregou uma obra de duplica\u00e7\u00e3o, a partir desse momento a concession\u00e1ria vai ter o direito de fazer uma eleva\u00e7\u00e3o na tarifa\u201d, declarou \u00e0\u00a0<strong>Ag\u00eancia iNFRA<\/strong>.<br><br>O modelo tamb\u00e9m\u00a0prev\u00ea uma tarifa diferenciada entre pista simples e dupla.<br><br>Atualmente, os trechos rodovi\u00e1rios que est\u00e3o nos seis lotes que foram modelados para concess\u00e3o\u00a0contam com 27 pra\u00e7as de ped\u00e1gio.\u00a0O edital do contrato de concess\u00e3o prev\u00ea a constru\u00e7\u00e3o de mais 15 pra\u00e7as. Os novos pontos de arrecada\u00e7\u00e3o v\u00e3o compensar o acr\u00e9scimo de quil\u00f4metros concedidos e dos investimentos a serem realizados, explicou Alexandre.<br><br>A expectativa do governo era uma queda elevada em rela\u00e7\u00e3o aos valores que eram cobrados at\u00e9 o ano passado, quando os contratos venceram e n\u00e3o foram renovados. Em agosto do ano passado, o governador do Paran\u00e1, Ratinho J\u00fanior, chegou\u00a0a afirmar\u00a0que as tarifas da nova concession\u00e1ria seriam 40% a 50% mais baratas do que nas concess\u00f5es antigas.<br><br>Mas esses pre\u00e7os j\u00e1 foram recalculados, ap\u00f3s uma s\u00e9rie de medidas do governo federal tomadas em rela\u00e7\u00e3o \u00e0 modelagem de concess\u00f5es rodovi\u00e1rias\u00a0ap\u00f3s alguns leil\u00f5es ficarem sem interessados desde o ano passado. Com isso, as tarifas dos dois primeiros lotes, previstos para serem leiloados ainda neste ano no Paran\u00e1,\u00a0est\u00e3o 29,7% e 23,3%, respectivamente, acima da estimativa\u00a0apresentada nas audi\u00eancias p\u00fablicas.<br><br>Desde novembro do ano passado, quando os contratos com as concession\u00e1rias que administravam a rodovia foram encerrados, n\u00e3o h\u00e1 cobran\u00e7a de ped\u00e1gio. Enquanto uma nova concession\u00e1ria n\u00e3o assume, o governo do Paran\u00e1 \u00e9 que\u00a0est\u00e1 respons\u00e1vel pela manuten\u00e7\u00e3o dessas\u00a0estradas.\u00a0<br><br><strong>Leil\u00e3o\u00a0<\/strong><br>A previs\u00e3o do Minist\u00e9rio da Infraestrutura \u00e9 de que o leil\u00e3o de dois lotes das Rodovias Integradas do Paran\u00e1 aconte\u00e7a no \u00faltimo trimestre deste ano. A expectativa \u00e9 que n\u00e3o deve haver atrasos neste cronograma, de acordo com a ANTT (Ag\u00eancia Nacional de Transportes Terrestres).<br><br>O certame deveria acontecer no terceiro trimestre deste ano, mas em abril a Secretaria de Fiscaliza\u00e7\u00e3o de Infraestrutura Rodovi\u00e1ria e de Avia\u00e7\u00e3o Civil do TCU (Tribunal de Contas da Uni\u00e3o) pediu um prazo de mais 75 dias para emitir o parecer sobre o leil\u00e3o.<br><br>A justificativa foi que o Tribunal n\u00e3o recebeu a documenta\u00e7\u00e3o completa sobre as novas concess\u00f5es e por isso n\u00e3o era poss\u00edvel continuar com as an\u00e1lises. A princ\u00edpio, o parecer deve ser emitido no in\u00edcio de agosto. Por\u00e9m, em nota, o TCU informou que n\u00e3o h\u00e1 previs\u00e3o de data para a aprecia\u00e7\u00e3o.<br><br><strong>Investimento de R$ 45 bilh\u00f5es<\/strong><br>Ao todo, os seis lotes de concess\u00f5es\u00a0do Paran\u00e1 t\u00eam 3,3 mil quil\u00f4metros, incluindo estradas federais e estaduais. Desse total, 1,7 mil quil\u00f4metros devem ser duplicados.\u00a0As empresas vencedoras v\u00e3o precisar investir R$ 45,31 bilh\u00f5es em melhorias. Al\u00e9m disso, R$ 31,9 bilh\u00f5es devem ser gastos pelas concession\u00e1rias para a manuten\u00e7\u00e3o e opera\u00e7\u00e3o das rodovias durante os 30 anos da concess\u00e3o.<br><br>O crit\u00e9rio do leil\u00e3o \u00e9 menor tarifa. Est\u00e1 previsto\u00a0um aporte progressivo de recursos vinculados ao contrato, proporcionais ao desconto na tarifa ofertado. Alexandre explicou que esses aportes financeiros v\u00e3o garantir que os investimentos previstos sejam entregues dentro dos prazos estipulados em contrato.<\/p>\n","protected":false},"excerpt":{"rendered":"<p>Jenifer Ribeiro, da Ag\u00eancia iNFRA As tarifas de ped\u00e1gio nos dois lotes de concess\u00f5es\u00a0das\u00a0Rodovias Integradas do Paran\u00e1 que est\u00e3o previstos para irem a leil\u00e3o neste ano ser\u00e3o at\u00e9 29% maiores que os valores estimados no per\u00edodo de audi\u00eancia p\u00fablica sobre a licita\u00e7\u00e3o dos trechos. O Lote 1 tem 473 quil\u00f4metros, envolvendo as rodovias BR-277\/373\/376\/476\/PR e [&hellip;]<\/p>\n","protected":false},"author":9,"featured_media":10897,"comment_status":"closed","ping_status":"closed","sticky":false,"template":"","format":"standard","meta":{"_monsterinsights_skip_tracking":false,"_monsterinsights_sitenote_active":false,"_monsterinsights_sitenote_note":"","_monsterinsights_sitenote_category":0,"footnotes":""},"categories":[1,7],"tags":[5520,19,78,5519,254,775,360,20,796,5518,18],"class_list":["post-10896","post","type-post","status-publish","format-standard","has-post-thumbnail","hentry","category-geral","category-infratransporte","tag-alexandre-castro-fernandes","tag-antt","tag-concessoes","tag-der-pr","tag-leilao","tag-ministerio-da-infraestrutura","tag-obras","tag-pedagio","tag-ratinho-junior","tag-rodovias-integradas-do-parana","tag-tcu"],"yoast_head":"<!-- This site is optimized with the Yoast SEO Premium plugin v25.4 (Yoast SEO v26.0) - https:\/\/yoast.com\/wordpress\/plugins\/seo\/ -->\n<title>Ped\u00e1gios no Paran\u00e1 v\u00e3o aumentar conforme entrega de obras, diz diretor-geral do DER\/PR - Ag\u00eancia iNFRA<\/title>\n<meta name=\"robots\" content=\"index, follow, max-snippet:-1, max-image-preview:large, max-video-preview:-1\" \/>\n<link rel=\"canonical\" href=\"https:\/\/agenciainfra.com\/blog\/pedagios-no-parana-vao-aumentar-conforme-entrega-de-obras-diz-diretor-geral-do-der-pr\/\" \/>\n<meta property=\"og:locale\" content=\"pt_BR\" \/>\n<meta property=\"og:type\" content=\"article\" \/>\n<meta property=\"og:title\" content=\"Ped\u00e1gios no Paran\u00e1 v\u00e3o aumentar conforme entrega de obras, diz diretor-geral do DER\/PR\" \/>\n<meta property=\"og:description\" content=\"Jenifer Ribeiro, da Ag\u00eancia iNFRA As tarifas de ped\u00e1gio nos dois lotes de concess\u00f5es\u00a0das\u00a0Rodovias Integradas do Paran\u00e1 que est\u00e3o previstos para irem a leil\u00e3o neste ano ser\u00e3o at\u00e9 29% maiores que os valores estimados no per\u00edodo de audi\u00eancia p\u00fablica sobre a licita\u00e7\u00e3o dos trechos. O Lote 1 tem 473 quil\u00f4metros, envolvendo as rodovias BR-277\/373\/376\/476\/PR e [&hellip;]\" \/>\n<meta property=\"og:url\" content=\"https:\/\/agenciainfra.com\/blog\/pedagios-no-parana-vao-aumentar-conforme-entrega-de-obras-diz-diretor-geral-do-der-pr\/\" \/>\n<meta property=\"og:site_name\" content=\"Ag\u00eancia iNFRA\" \/>\n<meta property=\"article:publisher\" content=\"https:\/\/www.facebook.com\/ageninfra\" \/>\n<meta property=\"article:published_time\" content=\"2022-07-22T12:00:00+00:00\" \/>\n<meta property=\"og:image\" content=\"https:\/\/agenciainfra.com\/blog\/wp-content\/uploads\/2022\/07\/rodovia-parana-foto-geraldo-bubniak-aen.jpeg\" \/>\n\t<meta property=\"og:image:width\" content=\"1280\" \/>\n\t<meta property=\"og:image:height\" content=\"854\" \/>\n\t<meta property=\"og:image:type\" content=\"image\/jpeg\" \/>\n<meta name=\"author\" content=\"Rodrigo Zuquim\" \/>\n<meta name=\"twitter:card\" content=\"summary_large_image\" \/>\n<meta name=\"twitter:creator\" content=\"@agencia_infra\" \/>\n<meta name=\"twitter:site\" content=\"@agencia_infra\" \/>\n<meta name=\"twitter:label1\" content=\"Escrito por\" \/>\n\t<meta name=\"twitter:data1\" content=\"Rodrigo Zuquim\" \/>\n\t<meta name=\"twitter:label2\" content=\"Est. tempo de leitura\" \/>\n\t<meta name=\"twitter:data2\" content=\"4 minutos\" \/>\n<script type=\"application\/ld+json\" class=\"yoast-schema-graph\">{\"@context\":\"https:\/\/schema.org\",\"@graph\":[{\"@type\":\"Article\",\"@id\":\"https:\/\/agenciainfra.com\/blog\/pedagios-no-parana-vao-aumentar-conforme-entrega-de-obras-diz-diretor-geral-do-der-pr\/#article\",\"isPartOf\":{\"@id\":\"https:\/\/agenciainfra.com\/blog\/pedagios-no-parana-vao-aumentar-conforme-entrega-de-obras-diz-diretor-geral-do-der-pr\/\"},\"author\":{\"name\":\"Rodrigo Zuquim\",\"@id\":\"https:\/\/agenciainfra.com\/blog\/#\/schema\/person\/04dbb79bd6d8951f063da71f3e4c1eb1\"},\"headline\":\"Ped\u00e1gios no Paran\u00e1 v\u00e3o aumentar conforme entrega de obras, diz diretor-geral do DER\/PR\",\"datePublished\":\"2022-07-22T12:00:00+00:00\",\"mainEntityOfPage\":{\"@id\":\"https:\/\/agenciainfra.com\/blog\/pedagios-no-parana-vao-aumentar-conforme-entrega-de-obras-diz-diretor-geral-do-der-pr\/\"},\"wordCount\":775,\"publisher\":{\"@id\":\"https:\/\/agenciainfra.com\/blog\/#organization\"},\"image\":{\"@id\":\"https:\/\/agenciainfra.com\/blog\/pedagios-no-parana-vao-aumentar-conforme-entrega-de-obras-diz-diretor-geral-do-der-pr\/#primaryimage\"},\"thumbnailUrl\":\"https:\/\/agenciainfra.com\/blog\/wp-content\/uploads\/2022\/07\/rodovia-parana-foto-geraldo-bubniak-aen-e1748516198753.jpeg\",\"keywords\":[\"Alexandre Castro Fernandes\",\"ANTT\",\"concess\u00f5es\",\"DER\/PR\",\"leil\u00e3o\",\"Minist\u00e9rio da Infraestrutura\",\"obras\",\"Ped\u00e1gio\",\"Ratinho J\u00fanior\",\"Rodovias Integradas do Paran\u00e1\",\"TCU\"],\"articleSection\":[\"Geral\",\"iNFRATransporte\"],\"inLanguage\":\"pt-BR\",\"copyrightYear\":\"2022\",\"copyrightHolder\":{\"@id\":\"https:\/\/agenciainfra.com\/blog\/#organization\"}},{\"@type\":\"WebPage\",\"@id\":\"https:\/\/agenciainfra.com\/blog\/pedagios-no-parana-vao-aumentar-conforme-entrega-de-obras-diz-diretor-geral-do-der-pr\/\",\"url\":\"https:\/\/agenciainfra.com\/blog\/pedagios-no-parana-vao-aumentar-conforme-entrega-de-obras-diz-diretor-geral-do-der-pr\/\",\"name\":\"Ped\u00e1gios no Paran\u00e1 v\u00e3o aumentar conforme entrega de obras, diz diretor-geral do DER\/PR - Ag\u00eancia iNFRA\",\"isPartOf\":{\"@id\":\"https:\/\/agenciainfra.com\/blog\/#website\"},\"primaryImageOfPage\":{\"@id\":\"https:\/\/agenciainfra.com\/blog\/pedagios-no-parana-vao-aumentar-conforme-entrega-de-obras-diz-diretor-geral-do-der-pr\/#primaryimage\"},\"image\":{\"@id\":\"https:\/\/agenciainfra.com\/blog\/pedagios-no-parana-vao-aumentar-conforme-entrega-de-obras-diz-diretor-geral-do-der-pr\/#primaryimage\"},\"thumbnailUrl\":\"https:\/\/agenciainfra.com\/blog\/wp-content\/uploads\/2022\/07\/rodovia-parana-foto-geraldo-bubniak-aen-e1748516198753.jpeg\",\"datePublished\":\"2022-07-22T12:00:00+00:00\",\"breadcrumb\":{\"@id\":\"https:\/\/agenciainfra.com\/blog\/pedagios-no-parana-vao-aumentar-conforme-entrega-de-obras-diz-diretor-geral-do-der-pr\/#breadcrumb\"},\"inLanguage\":\"pt-BR\",\"potentialAction\":[{\"@type\":\"ReadAction\",\"target\":[\"https:\/\/agenciainfra.com\/blog\/pedagios-no-parana-vao-aumentar-conforme-entrega-de-obras-diz-diretor-geral-do-der-pr\/\"]}]},{\"@type\":\"ImageObject\",\"inLanguage\":\"pt-BR\",\"@id\":\"https:\/\/agenciainfra.com\/blog\/pedagios-no-parana-vao-aumentar-conforme-entrega-de-obras-diz-diretor-geral-do-der-pr\/#primaryimage\",\"url\":\"https:\/\/agenciainfra.com\/blog\/wp-content\/uploads\/2022\/07\/rodovia-parana-foto-geraldo-bubniak-aen-e1748516198753.jpeg\",\"contentUrl\":\"https:\/\/agenciainfra.com\/blog\/wp-content\/uploads\/2022\/07\/rodovia-parana-foto-geraldo-bubniak-aen-e1748516198753.jpeg\",\"width\":1280,\"height\":777,\"caption\":\"Foto: Geraldo Bubniak\/AEN-PR\"},{\"@type\":\"BreadcrumbList\",\"@id\":\"https:\/\/agenciainfra.com\/blog\/pedagios-no-parana-vao-aumentar-conforme-entrega-de-obras-diz-diretor-geral-do-der-pr\/#breadcrumb\",\"itemListElement\":[{\"@type\":\"ListItem\",\"position\":1,\"name\":\"In\u00edcio\",\"item\":\"https:\/\/agenciainfra.com\/blog\/\"},{\"@type\":\"ListItem\",\"position\":2,\"name\":\"Ped\u00e1gios no Paran\u00e1 v\u00e3o aumentar conforme entrega de obras, diz diretor-geral do DER\/PR\"}]},{\"@type\":\"WebSite\",\"@id\":\"https:\/\/agenciainfra.com\/blog\/#website\",\"url\":\"https:\/\/agenciainfra.com\/blog\/\",\"name\":\"Ag\u00eancia iNFRA\",\"description\":\"Multiplataforma de informa\u00e7\u00e3o jornal\u00edstica refer\u00eancia na \u00e1rea de infraestrutura no Brasil!\",\"publisher\":{\"@id\":\"https:\/\/agenciainfra.com\/blog\/#organization\"},\"potentialAction\":[{\"@type\":\"SearchAction\",\"target\":{\"@type\":\"EntryPoint\",\"urlTemplate\":\"https:\/\/agenciainfra.com\/blog\/?s={search_term_string}\"},\"query-input\":{\"@type\":\"PropertyValueSpecification\",\"valueRequired\":true,\"valueName\":\"search_term_string\"}}],\"inLanguage\":\"pt-BR\"},{\"@type\":\"Organization\",\"@id\":\"https:\/\/agenciainfra.com\/blog\/#organization\",\"name\":\"Ag\u00eancia iNFRA\",\"url\":\"https:\/\/agenciainfra.com\/blog\/\",\"logo\":{\"@type\":\"ImageObject\",\"inLanguage\":\"pt-BR\",\"@id\":\"https:\/\/agenciainfra.com\/blog\/#\/schema\/logo\/image\/\",\"url\":\"https:\/\/agenciainfra.com\/blog\/wp-content\/uploads\/2023\/09\/iNFRA_5-e1761735885940.png\",\"contentUrl\":\"https:\/\/agenciainfra.com\/blog\/wp-content\/uploads\/2023\/09\/iNFRA_5-e1761735885940.png\",\"width\":1672,\"height\":454,\"caption\":\"Ag\u00eancia iNFRA\"},\"image\":{\"@id\":\"https:\/\/agenciainfra.com\/blog\/#\/schema\/logo\/image\/\"},\"sameAs\":[\"https:\/\/www.facebook.com\/ageninfra\",\"https:\/\/x.com\/agencia_infra\",\"https:\/\/www.linkedin.com\/company\/ag\u00eanciainfra\/\",\"https:\/\/www.instagram.com\/agenciainfra\/\"]},{\"@type\":\"Person\",\"@id\":\"https:\/\/agenciainfra.com\/blog\/#\/schema\/person\/04dbb79bd6d8951f063da71f3e4c1eb1\",\"name\":\"Rodrigo Zuquim\",\"image\":{\"@type\":\"ImageObject\",\"inLanguage\":\"pt-BR\",\"@id\":\"https:\/\/agenciainfra.com\/blog\/#\/schema\/person\/image\/\",\"url\":\"https:\/\/secure.gravatar.com\/avatar\/594abfe82761d620726242ff34ca472a705a4b97f16c790053a6b4c4035274d0?s=96&d=mm&r=g\",\"contentUrl\":\"https:\/\/secure.gravatar.com\/avatar\/594abfe82761d620726242ff34ca472a705a4b97f16c790053a6b4c4035274d0?s=96&d=mm&r=g\",\"caption\":\"Rodrigo Zuquim\"},\"url\":\"https:\/\/agenciainfra.com\/blog\/author\/rodrigo-zuquim\/\"}]}<\/script>\n<!-- \/ Yoast SEO Premium plugin. -->","yoast_head_json":{"title":"Ped\u00e1gios no Paran\u00e1 v\u00e3o aumentar conforme entrega de obras, diz diretor-geral do DER\/PR - Ag\u00eancia iNFRA","robots":{"index":"index","follow":"follow","max-snippet":"max-snippet:-1","max-image-preview":"max-image-preview:large","max-video-preview":"max-video-preview:-1"},"canonical":"https:\/\/agenciainfra.com\/blog\/pedagios-no-parana-vao-aumentar-conforme-entrega-de-obras-diz-diretor-geral-do-der-pr\/","og_locale":"pt_BR","og_type":"article","og_title":"Ped\u00e1gios no Paran\u00e1 v\u00e3o aumentar conforme entrega de obras, diz diretor-geral do DER\/PR","og_description":"Jenifer Ribeiro, da Ag\u00eancia iNFRA As tarifas de ped\u00e1gio nos dois lotes de concess\u00f5es\u00a0das\u00a0Rodovias Integradas do Paran\u00e1 que est\u00e3o previstos para irem a leil\u00e3o neste ano ser\u00e3o at\u00e9 29% maiores que os valores estimados no per\u00edodo de audi\u00eancia p\u00fablica sobre a licita\u00e7\u00e3o dos trechos. O Lote 1 tem 473 quil\u00f4metros, envolvendo as rodovias BR-277\/373\/376\/476\/PR e [&hellip;]","og_url":"https:\/\/agenciainfra.com\/blog\/pedagios-no-parana-vao-aumentar-conforme-entrega-de-obras-diz-diretor-geral-do-der-pr\/","og_site_name":"Ag\u00eancia iNFRA","article_publisher":"https:\/\/www.facebook.com\/ageninfra","article_published_time":"2022-07-22T12:00:00+00:00","og_image":[{"width":1280,"height":854,"url":"https:\/\/agenciainfra.com\/blog\/wp-content\/uploads\/2022\/07\/rodovia-parana-foto-geraldo-bubniak-aen.jpeg","type":"image\/jpeg"}],"author":"Rodrigo Zuquim","twitter_card":"summary_large_image","twitter_creator":"@agencia_infra","twitter_site":"@agencia_infra","twitter_misc":{"Escrito por":"Rodrigo Zuquim","Est. tempo de leitura":"4 minutos"},"schema":{"@context":"https:\/\/schema.org","@graph":[{"@type":"Article","@id":"https:\/\/agenciainfra.com\/blog\/pedagios-no-parana-vao-aumentar-conforme-entrega-de-obras-diz-diretor-geral-do-der-pr\/#article","isPartOf":{"@id":"https:\/\/agenciainfra.com\/blog\/pedagios-no-parana-vao-aumentar-conforme-entrega-de-obras-diz-diretor-geral-do-der-pr\/"},"author":{"name":"Rodrigo Zuquim","@id":"https:\/\/agenciainfra.com\/blog\/#\/schema\/person\/04dbb79bd6d8951f063da71f3e4c1eb1"},"headline":"Ped\u00e1gios no Paran\u00e1 v\u00e3o aumentar conforme entrega de obras, diz diretor-geral do DER\/PR","datePublished":"2022-07-22T12:00:00+00:00","mainEntityOfPage":{"@id":"https:\/\/agenciainfra.com\/blog\/pedagios-no-parana-vao-aumentar-conforme-entrega-de-obras-diz-diretor-geral-do-der-pr\/"},"wordCount":775,"publisher":{"@id":"https:\/\/agenciainfra.com\/blog\/#organization"},"image":{"@id":"https:\/\/agenciainfra.com\/blog\/pedagios-no-parana-vao-aumentar-conforme-entrega-de-obras-diz-diretor-geral-do-der-pr\/#primaryimage"},"thumbnailUrl":"https:\/\/agenciainfra.com\/blog\/wp-content\/uploads\/2022\/07\/rodovia-parana-foto-geraldo-bubniak-aen-e1748516198753.jpeg","keywords":["Alexandre Castro Fernandes","ANTT","concess\u00f5es","DER\/PR","leil\u00e3o","Minist\u00e9rio da Infraestrutura","obras","Ped\u00e1gio","Ratinho J\u00fanior","Rodovias Integradas do Paran\u00e1","TCU"],"articleSection":["Geral","iNFRATransporte"],"inLanguage":"pt-BR","copyrightYear":"2022","copyrightHolder":{"@id":"https:\/\/agenciainfra.com\/blog\/#organization"}},{"@type":"WebPage","@id":"https:\/\/agenciainfra.com\/blog\/pedagios-no-parana-vao-aumentar-conforme-entrega-de-obras-diz-diretor-geral-do-der-pr\/","url":"https:\/\/agenciainfra.com\/blog\/pedagios-no-parana-vao-aumentar-conforme-entrega-de-obras-diz-diretor-geral-do-der-pr\/","name":"Ped\u00e1gios no Paran\u00e1 v\u00e3o aumentar conforme entrega de obras, diz diretor-geral do DER\/PR - Ag\u00eancia iNFRA","isPartOf":{"@id":"https:\/\/agenciainfra.com\/blog\/#website"},"primaryImageOfPage":{"@id":"https:\/\/agenciainfra.com\/blog\/pedagios-no-parana-vao-aumentar-conforme-entrega-de-obras-diz-diretor-geral-do-der-pr\/#primaryimage"},"image":{"@id":"https:\/\/agenciainfra.com\/blog\/pedagios-no-parana-vao-aumentar-conforme-entrega-de-obras-diz-diretor-geral-do-der-pr\/#primaryimage"},"thumbnailUrl":"https:\/\/agenciainfra.com\/blog\/wp-content\/uploads\/2022\/07\/rodovia-parana-foto-geraldo-bubniak-aen-e1748516198753.jpeg","datePublished":"2022-07-22T12:00:00+00:00","breadcrumb":{"@id":"https:\/\/agenciainfra.com\/blog\/pedagios-no-parana-vao-aumentar-conforme-entrega-de-obras-diz-diretor-geral-do-der-pr\/#breadcrumb"},"inLanguage":"pt-BR","potentialAction":[{"@type":"ReadAction","target":["https:\/\/agenciainfra.com\/blog\/pedagios-no-parana-vao-aumentar-conforme-entrega-de-obras-diz-diretor-geral-do-der-pr\/"]}]},{"@type":"ImageObject","inLanguage":"pt-BR","@id":"https:\/\/agenciainfra.com\/blog\/pedagios-no-parana-vao-aumentar-conforme-entrega-de-obras-diz-diretor-geral-do-der-pr\/#primaryimage","url":"https:\/\/agenciainfra.com\/blog\/wp-content\/uploads\/2022\/07\/rodovia-parana-foto-geraldo-bubniak-aen-e1748516198753.jpeg","contentUrl":"https:\/\/agenciainfra.com\/blog\/wp-content\/uploads\/2022\/07\/rodovia-parana-foto-geraldo-bubniak-aen-e1748516198753.jpeg","width":1280,"height":777,"caption":"Foto: Geraldo Bubniak\/AEN-PR"},{"@type":"BreadcrumbList","@id":"https:\/\/agenciainfra.com\/blog\/pedagios-no-parana-vao-aumentar-conforme-entrega-de-obras-diz-diretor-geral-do-der-pr\/#breadcrumb","itemListElement":[{"@type":"ListItem","position":1,"name":"In\u00edcio","item":"https:\/\/agenciainfra.com\/blog\/"},{"@type":"ListItem","position":2,"name":"Ped\u00e1gios no Paran\u00e1 v\u00e3o aumentar conforme entrega de obras, diz diretor-geral do DER\/PR"}]},{"@type":"WebSite","@id":"https:\/\/agenciainfra.com\/blog\/#website","url":"https:\/\/agenciainfra.com\/blog\/","name":"Ag\u00eancia iNFRA","description":"Multiplataforma de informa\u00e7\u00e3o jornal\u00edstica refer\u00eancia na \u00e1rea de infraestrutura no Brasil!","publisher":{"@id":"https:\/\/agenciainfra.com\/blog\/#organization"},"potentialAction":[{"@type":"SearchAction","target":{"@type":"EntryPoint","urlTemplate":"https:\/\/agenciainfra.com\/blog\/?s={search_term_string}"},"query-input":{"@type":"PropertyValueSpecification","valueRequired":true,"valueName":"search_term_string"}}],"inLanguage":"pt-BR"},{"@type":"Organization","@id":"https:\/\/agenciainfra.com\/blog\/#organization","name":"Ag\u00eancia iNFRA","url":"https:\/\/agenciainfra.com\/blog\/","logo":{"@type":"ImageObject","inLanguage":"pt-BR","@id":"https:\/\/agenciainfra.com\/blog\/#\/schema\/logo\/image\/","url":"https:\/\/agenciainfra.com\/blog\/wp-content\/uploads\/2023\/09\/iNFRA_5-e1761735885940.png","contentUrl":"https:\/\/agenciainfra.com\/blog\/wp-content\/uploads\/2023\/09\/iNFRA_5-e1761735885940.png","width":1672,"height":454,"caption":"Ag\u00eancia iNFRA"},"image":{"@id":"https:\/\/agenciainfra.com\/blog\/#\/schema\/logo\/image\/"},"sameAs":["https:\/\/www.facebook.com\/ageninfra","https:\/\/x.com\/agencia_infra","https:\/\/www.linkedin.com\/company\/ag\u00eanciainfra\/","https:\/\/www.instagram.com\/agenciainfra\/"]},{"@type":"Person","@id":"https:\/\/agenciainfra.com\/blog\/#\/schema\/person\/04dbb79bd6d8951f063da71f3e4c1eb1","name":"Rodrigo Zuquim","image":{"@type":"ImageObject","inLanguage":"pt-BR","@id":"https:\/\/agenciainfra.com\/blog\/#\/schema\/person\/image\/","url":"https:\/\/secure.gravatar.com\/avatar\/594abfe82761d620726242ff34ca472a705a4b97f16c790053a6b4c4035274d0?s=96&d=mm&r=g","contentUrl":"https:\/\/secure.gravatar.com\/avatar\/594abfe82761d620726242ff34ca472a705a4b97f16c790053a6b4c4035274d0?s=96&d=mm&r=g","caption":"Rodrigo Zuquim"},"url":"https:\/\/agenciainfra.com\/blog\/author\/rodrigo-zuquim\/"}]}},"_links":{"self":[{"href":"https:\/\/agenciainfra.com\/blog\/wp-json\/wp\/v2\/posts\/10896","targetHints":{"allow":["GET"]}}],"collection":[{"href":"https:\/\/agenciainfra.com\/blog\/wp-json\/wp\/v2\/posts"}],"about":[{"href":"https:\/\/agenciainfra.com\/blog\/wp-json\/wp\/v2\/types\/post"}],"author":[{"embeddable":true,"href":"https:\/\/agenciainfra.com\/blog\/wp-json\/wp\/v2\/users\/9"}],"replies":[{"embeddable":true,"href":"https:\/\/agenciainfra.com\/blog\/wp-json\/wp\/v2\/comments?post=10896"}],"version-history":[{"count":0,"href":"https:\/\/agenciainfra.com\/blog\/wp-json\/wp\/v2\/posts\/10896\/revisions"}],"wp:featuredmedia":[{"embeddable":true,"href":"https:\/\/agenciainfra.com\/blog\/wp-json\/wp\/v2\/media\/10897"}],"wp:attachment":[{"href":"https:\/\/agenciainfra.com\/blog\/wp-json\/wp\/v2\/media?parent=10896"}],"wp:term":[{"taxonomy":"category","embeddable":true,"href":"https:\/\/agenciainfra.com\/blog\/wp-json\/wp\/v2\/categories?post=10896"},{"taxonomy":"post_tag","embeddable":true,"href":"https:\/\/agenciainfra.com\/blog\/wp-json\/wp\/v2\/tags?post=10896"}],"curies":[{"name":"wp","href":"https:\/\/api.w.org\/{rel}","templated":true}]}}