{"id":10904,"date":"2022-07-23T09:00:00","date_gmt":"2022-07-23T12:00:00","guid":{"rendered":"https:\/\/www.agenciainfra.com\/blog\/?p=10904"},"modified":"2022-07-21T11:35:41","modified_gmt":"2022-07-21T14:35:41","slug":"sentenca-rejeita-alegacao-de-ilegalidade-de-norma-da-antaq-de-direitos-e-deveres","status":"publish","type":"post","link":"https:\/\/agenciainfra.com\/blog\/sentenca-rejeita-alegacao-de-ilegalidade-de-norma-da-antaq-de-direitos-e-deveres\/","title":{"rendered":"Senten\u00e7a rejeita alega\u00e7\u00e3o de ilegalidade de norma da ANTAQ de direitos e deveres"},"content":{"rendered":"\n<p class=\"has-text-align-right\"><strong>da Ag\u00eancia iNFRA<\/strong><\/p>\n\n\n\n<p>Senten\u00e7a da Justi\u00e7a Federal de Bras\u00edlia negou pedido do Centronave (Centro Nacional de Navega\u00e7\u00e3o Transatl\u00e2ntica), que representa no Brasil empresas internacionais de navega\u00e7\u00e3o, para afastar a aplica\u00e7\u00e3o da Resolu\u00e7\u00e3o Normativa 18\/2017 da ANTAQ (Ag\u00eancia Nacional de Transportes Aquavi\u00e1rios).<br><br>A RN 18&nbsp;(substitu\u00edda recentemente pela RN 62\/2021) \u00e9 a norma que determina os direitos e os deveres dos usu\u00e1rios de transporte mar\u00edtimo e dos portos e instituiu diversas obriga\u00e7\u00f5es para os armadores internacionais operarem no Brasil. A a\u00e7\u00e3o (processo 1002383-21.2018.4.01.3400) da associa\u00e7\u00e3o classificava o ato da ag\u00eancia com uma interven\u00e7\u00e3o inconstitucional no mercado, sem compet\u00eancia legislativa para tal.<br><br>Ap\u00f3s an\u00e1lise nos \u00faltimos quatro anos, o ju\u00edzo da 2\u00aa Vara Federal C\u00edvel da Justi\u00e7a Federal do Distrito Federal entendeu que n\u00e3o somente a ANTAQ tem poder normativo para tomar as decis\u00f5es contidas na RN 18 como tamb\u00e9m ela n\u00e3o fere qualquer direito das empresas.<br><br>&#8220;Como dito alhures, a regula\u00e7\u00e3o promovida pela ANTAQ, devidamente autorizada pela Lei n\u00ba 10.233, atende, de pronto, aos princ\u00edpios da soberania nacional e da defesa do consumidor, pelo que n\u00e3o pode ser apontada como ileg\u00edtima. Inexiste, portanto, fundamento jur\u00eddico id\u00f4neo \u00e0 demonstra\u00e7\u00e3o da alegada ocorr\u00eancia de ilegalidade na Resolu\u00e7\u00e3o Normativa n\u00ba 18\/2017&#8221;, informou a senten\u00e7a.<br><br>Na defesa da ANTAQ, que teve apoio da Log\u00edstica Brasil como amicus curiae, o ju\u00edzo tamb\u00e9m rejeita a alega\u00e7\u00e3o do Centronave sobre tratados internacionais, indicando que n\u00e3o &#8220;restou demonstrada, na esp\u00e9cie, qualquer viola\u00e7\u00e3o, pela norma impugnada, aos acordos\/tratados firmados pelo Brasil, nem ao poder regulamentar legitimamente assegurado \u00e0 Ag\u00eancia Reguladora&#8221;.<br><br><strong>Prazo do TCU<\/strong><br>A RN 18, no entanto, est\u00e1 amea\u00e7ada de ser alterada, desta vez pelo TCU (Tribunal de Contas da Uni\u00e3o), que foi o \u00f3rg\u00e3o que provocou a ag\u00eancia a instituir uma norma sobre&nbsp;direitos e deveres para os usu\u00e1rios do transporte mar\u00edtimo e dos portos.<br><br>Como mostrou a&nbsp;<strong>Ag\u00eancia iNFRA<\/strong>, ac\u00f3rd\u00e3o do \u00f3rg\u00e3o de controle&nbsp;<a href=\"https:\/\/agenciainfra.us14.list-manage.com\/track\/click?u=d460dd1bcf9ba0ae040e1fc0f&amp;id=559a3636ff&amp;e=c099169394\" target=\"_blank\" rel=\"noreferrer noopener\">determinou<\/a>&nbsp;que a ag\u00eancia reveja a norma para retirar dela todas as men\u00e7\u00f5es que possam validar a chamada SSE\/THC 2 (Servi\u00e7o de Segrega\u00e7\u00e3o e Entrega), pois o tribunal passou a&nbsp;considerar a cobran\u00e7a ilegal.&nbsp;O prazo dado pelo TCU vence na pr\u00f3xima semana e a ag\u00eancia est\u00e1 se mexendo para apresentar uma nova resolu\u00e7\u00e3o sobre o tema.<br><br>Dias depois dessa decis\u00e3o do TCU, o Departamento de Estudos Econ\u00f4micos do Cade (Conselho Administrativo de Defesa Econ\u00f4mica) mudou sua posi\u00e7\u00e3o e passou a&nbsp;<a href=\"https:\/\/agenciainfra.us14.list-manage.com\/track\/click?u=d460dd1bcf9ba0ae040e1fc0f&amp;id=d93aafadb2&amp;e=c099169394\" target=\"_blank\" rel=\"noreferrer noopener\">considerar<\/a>&nbsp;que a cobran\u00e7a do SSE \u00e9 &#8220;legal&#8221; e &#8220;justific\u00e1vel&#8221;.<\/p>\n","protected":false},"excerpt":{"rendered":"<p>da Ag\u00eancia iNFRA Senten\u00e7a da Justi\u00e7a Federal de Bras\u00edlia negou pedido do Centronave (Centro Nacional de Navega\u00e7\u00e3o Transatl\u00e2ntica), que representa no Brasil empresas internacionais de navega\u00e7\u00e3o, para afastar a aplica\u00e7\u00e3o da Resolu\u00e7\u00e3o Normativa 18\/2017 da ANTAQ (Ag\u00eancia Nacional de Transportes Aquavi\u00e1rios). A RN 18&nbsp;(substitu\u00edda recentemente pela RN 62\/2021) \u00e9 a norma que determina os direitos [&hellip;]<\/p>\n","protected":false},"author":9,"featured_media":5491,"comment_status":"closed","ping_status":"closed","sticky":false,"template":"","format":"standard","meta":{"_monsterinsights_skip_tracking":false,"_monsterinsights_sitenote_active":false,"_monsterinsights_sitenote_note":"","_monsterinsights_sitenote_category":0,"footnotes":""},"categories":[1,7],"tags":[86,2716,371,1714,2176,106,310,5525,1717,18,552,3168],"class_list":["post-10904","post","type-post","status-publish","format-standard","has-post-thumbnail","hentry","category-geral","category-infratransporte","tag-antaq","tag-armadores","tag-cade","tag-centronave","tag-logistica-brasil","tag-navegacao","tag-portos","tag-resolucao-normativa-18-2017","tag-sse","tag-tcu","tag-thc2","tag-transporte-maritimo"],"yoast_head":"<!-- This site is optimized with the Yoast SEO Premium plugin v25.4 (Yoast SEO v26.0) - https:\/\/yoast.com\/wordpress\/plugins\/seo\/ -->\n<title>Senten\u00e7a rejeita alega\u00e7\u00e3o de ilegalidade de norma da ANTAQ de direitos e deveres - Ag\u00eancia iNFRA<\/title>\n<meta name=\"robots\" content=\"index, follow, max-snippet:-1, max-image-preview:large, max-video-preview:-1\" \/>\n<link rel=\"canonical\" href=\"https:\/\/agenciainfra.com\/blog\/sentenca-rejeita-alegacao-de-ilegalidade-de-norma-da-antaq-de-direitos-e-deveres\/\" \/>\n<meta property=\"og:locale\" content=\"pt_BR\" \/>\n<meta property=\"og:type\" content=\"article\" \/>\n<meta property=\"og:title\" content=\"Senten\u00e7a rejeita alega\u00e7\u00e3o de ilegalidade de norma da ANTAQ de direitos e deveres\" \/>\n<meta property=\"og:description\" content=\"da Ag\u00eancia iNFRA Senten\u00e7a da Justi\u00e7a Federal de Bras\u00edlia negou pedido do Centronave (Centro Nacional de Navega\u00e7\u00e3o Transatl\u00e2ntica), que representa no Brasil empresas internacionais de navega\u00e7\u00e3o, para afastar a aplica\u00e7\u00e3o da Resolu\u00e7\u00e3o Normativa 18\/2017 da ANTAQ (Ag\u00eancia Nacional de Transportes Aquavi\u00e1rios). A RN 18&nbsp;(substitu\u00edda recentemente pela RN 62\/2021) \u00e9 a norma que determina os direitos [&hellip;]\" \/>\n<meta property=\"og:url\" content=\"https:\/\/agenciainfra.com\/blog\/sentenca-rejeita-alegacao-de-ilegalidade-de-norma-da-antaq-de-direitos-e-deveres\/\" \/>\n<meta property=\"og:site_name\" content=\"Ag\u00eancia iNFRA\" \/>\n<meta property=\"article:publisher\" content=\"https:\/\/www.facebook.com\/ageninfra\" \/>\n<meta property=\"article:published_time\" content=\"2022-07-23T12:00:00+00:00\" \/>\n<meta property=\"og:image\" content=\"https:\/\/agenciainfra.com\/blog\/wp-content\/uploads\/2020\/07\/fachada-antaq.jpg\" \/>\n\t<meta property=\"og:image:width\" content=\"1280\" \/>\n\t<meta property=\"og:image:height\" content=\"850\" \/>\n\t<meta property=\"og:image:type\" content=\"image\/jpeg\" \/>\n<meta name=\"author\" content=\"Rodrigo Zuquim\" \/>\n<meta name=\"twitter:card\" content=\"summary_large_image\" \/>\n<meta name=\"twitter:creator\" content=\"@agencia_infra\" \/>\n<meta name=\"twitter:site\" content=\"@agencia_infra\" \/>\n<meta name=\"twitter:label1\" content=\"Escrito por\" \/>\n\t<meta name=\"twitter:data1\" content=\"Rodrigo Zuquim\" \/>\n\t<meta name=\"twitter:label2\" content=\"Est. tempo de leitura\" \/>\n\t<meta name=\"twitter:data2\" content=\"2 minutos\" \/>\n<script type=\"application\/ld+json\" class=\"yoast-schema-graph\">{\"@context\":\"https:\/\/schema.org\",\"@graph\":[{\"@type\":\"Article\",\"@id\":\"https:\/\/agenciainfra.com\/blog\/sentenca-rejeita-alegacao-de-ilegalidade-de-norma-da-antaq-de-direitos-e-deveres\/#article\",\"isPartOf\":{\"@id\":\"https:\/\/agenciainfra.com\/blog\/sentenca-rejeita-alegacao-de-ilegalidade-de-norma-da-antaq-de-direitos-e-deveres\/\"},\"author\":{\"name\":\"Rodrigo Zuquim\",\"@id\":\"https:\/\/agenciainfra.com\/blog\/#\/schema\/person\/04dbb79bd6d8951f063da71f3e4c1eb1\"},\"headline\":\"Senten\u00e7a rejeita alega\u00e7\u00e3o de ilegalidade de norma da ANTAQ de direitos e deveres\",\"datePublished\":\"2022-07-23T12:00:00+00:00\",\"mainEntityOfPage\":{\"@id\":\"https:\/\/agenciainfra.com\/blog\/sentenca-rejeita-alegacao-de-ilegalidade-de-norma-da-antaq-de-direitos-e-deveres\/\"},\"wordCount\":482,\"publisher\":{\"@id\":\"https:\/\/agenciainfra.com\/blog\/#organization\"},\"image\":{\"@id\":\"https:\/\/agenciainfra.com\/blog\/sentenca-rejeita-alegacao-de-ilegalidade-de-norma-da-antaq-de-direitos-e-deveres\/#primaryimage\"},\"thumbnailUrl\":\"https:\/\/agenciainfra.com\/blog\/wp-content\/uploads\/2020\/07\/fachada-antaq.jpg\",\"keywords\":[\"ANTAQ\",\"armadores\",\"Cade\",\"Centronave\",\"Log\u00edstica Brasil\",\"Navega\u00e7\u00e3o\",\"portos\",\"Resolu\u00e7\u00e3o Normativa 18\/2017\",\"SSE\",\"TCU\",\"THC2\",\"transporte mar\u00edtimo\"],\"articleSection\":[\"Geral\",\"iNFRATransporte\"],\"inLanguage\":\"pt-BR\",\"copyrightYear\":\"2022\",\"copyrightHolder\":{\"@id\":\"https:\/\/agenciainfra.com\/blog\/#organization\"}},{\"@type\":\"WebPage\",\"@id\":\"https:\/\/agenciainfra.com\/blog\/sentenca-rejeita-alegacao-de-ilegalidade-de-norma-da-antaq-de-direitos-e-deveres\/\",\"url\":\"https:\/\/agenciainfra.com\/blog\/sentenca-rejeita-alegacao-de-ilegalidade-de-norma-da-antaq-de-direitos-e-deveres\/\",\"name\":\"Senten\u00e7a rejeita alega\u00e7\u00e3o de ilegalidade de norma da ANTAQ de direitos e deveres - Ag\u00eancia iNFRA\",\"isPartOf\":{\"@id\":\"https:\/\/agenciainfra.com\/blog\/#website\"},\"primaryImageOfPage\":{\"@id\":\"https:\/\/agenciainfra.com\/blog\/sentenca-rejeita-alegacao-de-ilegalidade-de-norma-da-antaq-de-direitos-e-deveres\/#primaryimage\"},\"image\":{\"@id\":\"https:\/\/agenciainfra.com\/blog\/sentenca-rejeita-alegacao-de-ilegalidade-de-norma-da-antaq-de-direitos-e-deveres\/#primaryimage\"},\"thumbnailUrl\":\"https:\/\/agenciainfra.com\/blog\/wp-content\/uploads\/2020\/07\/fachada-antaq.jpg\",\"datePublished\":\"2022-07-23T12:00:00+00:00\",\"breadcrumb\":{\"@id\":\"https:\/\/agenciainfra.com\/blog\/sentenca-rejeita-alegacao-de-ilegalidade-de-norma-da-antaq-de-direitos-e-deveres\/#breadcrumb\"},\"inLanguage\":\"pt-BR\",\"potentialAction\":[{\"@type\":\"ReadAction\",\"target\":[\"https:\/\/agenciainfra.com\/blog\/sentenca-rejeita-alegacao-de-ilegalidade-de-norma-da-antaq-de-direitos-e-deveres\/\"]}]},{\"@type\":\"ImageObject\",\"inLanguage\":\"pt-BR\",\"@id\":\"https:\/\/agenciainfra.com\/blog\/sentenca-rejeita-alegacao-de-ilegalidade-de-norma-da-antaq-de-direitos-e-deveres\/#primaryimage\",\"url\":\"https:\/\/agenciainfra.com\/blog\/wp-content\/uploads\/2020\/07\/fachada-antaq.jpg\",\"contentUrl\":\"https:\/\/agenciainfra.com\/blog\/wp-content\/uploads\/2020\/07\/fachada-antaq.jpg\",\"width\":1280,\"height\":850,\"caption\":\"Foto: Divulga\u00e7\u00e3o ANTAQ\"},{\"@type\":\"BreadcrumbList\",\"@id\":\"https:\/\/agenciainfra.com\/blog\/sentenca-rejeita-alegacao-de-ilegalidade-de-norma-da-antaq-de-direitos-e-deveres\/#breadcrumb\",\"itemListElement\":[{\"@type\":\"ListItem\",\"position\":1,\"name\":\"In\u00edcio\",\"item\":\"https:\/\/agenciainfra.com\/blog\/\"},{\"@type\":\"ListItem\",\"position\":2,\"name\":\"Senten\u00e7a rejeita alega\u00e7\u00e3o de ilegalidade de norma da ANTAQ de direitos e deveres\"}]},{\"@type\":\"WebSite\",\"@id\":\"https:\/\/agenciainfra.com\/blog\/#website\",\"url\":\"https:\/\/agenciainfra.com\/blog\/\",\"name\":\"Ag\u00eancia iNFRA\",\"description\":\"Multiplataforma de informa\u00e7\u00e3o jornal\u00edstica refer\u00eancia na \u00e1rea de infraestrutura no Brasil!\",\"publisher\":{\"@id\":\"https:\/\/agenciainfra.com\/blog\/#organization\"},\"potentialAction\":[{\"@type\":\"SearchAction\",\"target\":{\"@type\":\"EntryPoint\",\"urlTemplate\":\"https:\/\/agenciainfra.com\/blog\/?s={search_term_string}\"},\"query-input\":{\"@type\":\"PropertyValueSpecification\",\"valueRequired\":true,\"valueName\":\"search_term_string\"}}],\"inLanguage\":\"pt-BR\"},{\"@type\":\"Organization\",\"@id\":\"https:\/\/agenciainfra.com\/blog\/#organization\",\"name\":\"Ag\u00eancia iNFRA\",\"url\":\"https:\/\/agenciainfra.com\/blog\/\",\"logo\":{\"@type\":\"ImageObject\",\"inLanguage\":\"pt-BR\",\"@id\":\"https:\/\/agenciainfra.com\/blog\/#\/schema\/logo\/image\/\",\"url\":\"https:\/\/agenciainfra.com\/blog\/wp-content\/uploads\/2023\/09\/iNFRA_5-e1761735885940.png\",\"contentUrl\":\"https:\/\/agenciainfra.com\/blog\/wp-content\/uploads\/2023\/09\/iNFRA_5-e1761735885940.png\",\"width\":1672,\"height\":454,\"caption\":\"Ag\u00eancia iNFRA\"},\"image\":{\"@id\":\"https:\/\/agenciainfra.com\/blog\/#\/schema\/logo\/image\/\"},\"sameAs\":[\"https:\/\/www.facebook.com\/ageninfra\",\"https:\/\/x.com\/agencia_infra\",\"https:\/\/www.linkedin.com\/company\/ag\u00eanciainfra\/\",\"https:\/\/www.instagram.com\/agenciainfra\/\"]},{\"@type\":\"Person\",\"@id\":\"https:\/\/agenciainfra.com\/blog\/#\/schema\/person\/04dbb79bd6d8951f063da71f3e4c1eb1\",\"name\":\"Rodrigo Zuquim\",\"image\":{\"@type\":\"ImageObject\",\"inLanguage\":\"pt-BR\",\"@id\":\"https:\/\/agenciainfra.com\/blog\/#\/schema\/person\/image\/\",\"url\":\"https:\/\/secure.gravatar.com\/avatar\/594abfe82761d620726242ff34ca472a705a4b97f16c790053a6b4c4035274d0?s=96&d=mm&r=g\",\"contentUrl\":\"https:\/\/secure.gravatar.com\/avatar\/594abfe82761d620726242ff34ca472a705a4b97f16c790053a6b4c4035274d0?s=96&d=mm&r=g\",\"caption\":\"Rodrigo Zuquim\"},\"url\":\"https:\/\/agenciainfra.com\/blog\/author\/rodrigo-zuquim\/\"}]}<\/script>\n<!-- \/ Yoast SEO Premium plugin. -->","yoast_head_json":{"title":"Senten\u00e7a rejeita alega\u00e7\u00e3o de ilegalidade de norma da ANTAQ de direitos e deveres - Ag\u00eancia iNFRA","robots":{"index":"index","follow":"follow","max-snippet":"max-snippet:-1","max-image-preview":"max-image-preview:large","max-video-preview":"max-video-preview:-1"},"canonical":"https:\/\/agenciainfra.com\/blog\/sentenca-rejeita-alegacao-de-ilegalidade-de-norma-da-antaq-de-direitos-e-deveres\/","og_locale":"pt_BR","og_type":"article","og_title":"Senten\u00e7a rejeita alega\u00e7\u00e3o de ilegalidade de norma da ANTAQ de direitos e deveres","og_description":"da Ag\u00eancia iNFRA Senten\u00e7a da Justi\u00e7a Federal de Bras\u00edlia negou pedido do Centronave (Centro Nacional de Navega\u00e7\u00e3o Transatl\u00e2ntica), que representa no Brasil empresas internacionais de navega\u00e7\u00e3o, para afastar a aplica\u00e7\u00e3o da Resolu\u00e7\u00e3o Normativa 18\/2017 da ANTAQ (Ag\u00eancia Nacional de Transportes Aquavi\u00e1rios). A RN 18&nbsp;(substitu\u00edda recentemente pela RN 62\/2021) \u00e9 a norma que determina os direitos [&hellip;]","og_url":"https:\/\/agenciainfra.com\/blog\/sentenca-rejeita-alegacao-de-ilegalidade-de-norma-da-antaq-de-direitos-e-deveres\/","og_site_name":"Ag\u00eancia iNFRA","article_publisher":"https:\/\/www.facebook.com\/ageninfra","article_published_time":"2022-07-23T12:00:00+00:00","og_image":[{"width":1280,"height":850,"url":"https:\/\/agenciainfra.com\/blog\/wp-content\/uploads\/2020\/07\/fachada-antaq.jpg","type":"image\/jpeg"}],"author":"Rodrigo Zuquim","twitter_card":"summary_large_image","twitter_creator":"@agencia_infra","twitter_site":"@agencia_infra","twitter_misc":{"Escrito por":"Rodrigo Zuquim","Est. tempo de leitura":"2 minutos"},"schema":{"@context":"https:\/\/schema.org","@graph":[{"@type":"Article","@id":"https:\/\/agenciainfra.com\/blog\/sentenca-rejeita-alegacao-de-ilegalidade-de-norma-da-antaq-de-direitos-e-deveres\/#article","isPartOf":{"@id":"https:\/\/agenciainfra.com\/blog\/sentenca-rejeita-alegacao-de-ilegalidade-de-norma-da-antaq-de-direitos-e-deveres\/"},"author":{"name":"Rodrigo Zuquim","@id":"https:\/\/agenciainfra.com\/blog\/#\/schema\/person\/04dbb79bd6d8951f063da71f3e4c1eb1"},"headline":"Senten\u00e7a rejeita alega\u00e7\u00e3o de ilegalidade de norma da ANTAQ de direitos e deveres","datePublished":"2022-07-23T12:00:00+00:00","mainEntityOfPage":{"@id":"https:\/\/agenciainfra.com\/blog\/sentenca-rejeita-alegacao-de-ilegalidade-de-norma-da-antaq-de-direitos-e-deveres\/"},"wordCount":482,"publisher":{"@id":"https:\/\/agenciainfra.com\/blog\/#organization"},"image":{"@id":"https:\/\/agenciainfra.com\/blog\/sentenca-rejeita-alegacao-de-ilegalidade-de-norma-da-antaq-de-direitos-e-deveres\/#primaryimage"},"thumbnailUrl":"https:\/\/agenciainfra.com\/blog\/wp-content\/uploads\/2020\/07\/fachada-antaq.jpg","keywords":["ANTAQ","armadores","Cade","Centronave","Log\u00edstica Brasil","Navega\u00e7\u00e3o","portos","Resolu\u00e7\u00e3o Normativa 18\/2017","SSE","TCU","THC2","transporte mar\u00edtimo"],"articleSection":["Geral","iNFRATransporte"],"inLanguage":"pt-BR","copyrightYear":"2022","copyrightHolder":{"@id":"https:\/\/agenciainfra.com\/blog\/#organization"}},{"@type":"WebPage","@id":"https:\/\/agenciainfra.com\/blog\/sentenca-rejeita-alegacao-de-ilegalidade-de-norma-da-antaq-de-direitos-e-deveres\/","url":"https:\/\/agenciainfra.com\/blog\/sentenca-rejeita-alegacao-de-ilegalidade-de-norma-da-antaq-de-direitos-e-deveres\/","name":"Senten\u00e7a rejeita alega\u00e7\u00e3o de ilegalidade de norma da ANTAQ de direitos e deveres - Ag\u00eancia iNFRA","isPartOf":{"@id":"https:\/\/agenciainfra.com\/blog\/#website"},"primaryImageOfPage":{"@id":"https:\/\/agenciainfra.com\/blog\/sentenca-rejeita-alegacao-de-ilegalidade-de-norma-da-antaq-de-direitos-e-deveres\/#primaryimage"},"image":{"@id":"https:\/\/agenciainfra.com\/blog\/sentenca-rejeita-alegacao-de-ilegalidade-de-norma-da-antaq-de-direitos-e-deveres\/#primaryimage"},"thumbnailUrl":"https:\/\/agenciainfra.com\/blog\/wp-content\/uploads\/2020\/07\/fachada-antaq.jpg","datePublished":"2022-07-23T12:00:00+00:00","breadcrumb":{"@id":"https:\/\/agenciainfra.com\/blog\/sentenca-rejeita-alegacao-de-ilegalidade-de-norma-da-antaq-de-direitos-e-deveres\/#breadcrumb"},"inLanguage":"pt-BR","potentialAction":[{"@type":"ReadAction","target":["https:\/\/agenciainfra.com\/blog\/sentenca-rejeita-alegacao-de-ilegalidade-de-norma-da-antaq-de-direitos-e-deveres\/"]}]},{"@type":"ImageObject","inLanguage":"pt-BR","@id":"https:\/\/agenciainfra.com\/blog\/sentenca-rejeita-alegacao-de-ilegalidade-de-norma-da-antaq-de-direitos-e-deveres\/#primaryimage","url":"https:\/\/agenciainfra.com\/blog\/wp-content\/uploads\/2020\/07\/fachada-antaq.jpg","contentUrl":"https:\/\/agenciainfra.com\/blog\/wp-content\/uploads\/2020\/07\/fachada-antaq.jpg","width":1280,"height":850,"caption":"Foto: Divulga\u00e7\u00e3o ANTAQ"},{"@type":"BreadcrumbList","@id":"https:\/\/agenciainfra.com\/blog\/sentenca-rejeita-alegacao-de-ilegalidade-de-norma-da-antaq-de-direitos-e-deveres\/#breadcrumb","itemListElement":[{"@type":"ListItem","position":1,"name":"In\u00edcio","item":"https:\/\/agenciainfra.com\/blog\/"},{"@type":"ListItem","position":2,"name":"Senten\u00e7a rejeita alega\u00e7\u00e3o de ilegalidade de norma da ANTAQ de direitos e deveres"}]},{"@type":"WebSite","@id":"https:\/\/agenciainfra.com\/blog\/#website","url":"https:\/\/agenciainfra.com\/blog\/","name":"Ag\u00eancia iNFRA","description":"Multiplataforma de informa\u00e7\u00e3o jornal\u00edstica refer\u00eancia na \u00e1rea de infraestrutura no Brasil!","publisher":{"@id":"https:\/\/agenciainfra.com\/blog\/#organization"},"potentialAction":[{"@type":"SearchAction","target":{"@type":"EntryPoint","urlTemplate":"https:\/\/agenciainfra.com\/blog\/?s={search_term_string}"},"query-input":{"@type":"PropertyValueSpecification","valueRequired":true,"valueName":"search_term_string"}}],"inLanguage":"pt-BR"},{"@type":"Organization","@id":"https:\/\/agenciainfra.com\/blog\/#organization","name":"Ag\u00eancia iNFRA","url":"https:\/\/agenciainfra.com\/blog\/","logo":{"@type":"ImageObject","inLanguage":"pt-BR","@id":"https:\/\/agenciainfra.com\/blog\/#\/schema\/logo\/image\/","url":"https:\/\/agenciainfra.com\/blog\/wp-content\/uploads\/2023\/09\/iNFRA_5-e1761735885940.png","contentUrl":"https:\/\/agenciainfra.com\/blog\/wp-content\/uploads\/2023\/09\/iNFRA_5-e1761735885940.png","width":1672,"height":454,"caption":"Ag\u00eancia iNFRA"},"image":{"@id":"https:\/\/agenciainfra.com\/blog\/#\/schema\/logo\/image\/"},"sameAs":["https:\/\/www.facebook.com\/ageninfra","https:\/\/x.com\/agencia_infra","https:\/\/www.linkedin.com\/company\/ag\u00eanciainfra\/","https:\/\/www.instagram.com\/agenciainfra\/"]},{"@type":"Person","@id":"https:\/\/agenciainfra.com\/blog\/#\/schema\/person\/04dbb79bd6d8951f063da71f3e4c1eb1","name":"Rodrigo Zuquim","image":{"@type":"ImageObject","inLanguage":"pt-BR","@id":"https:\/\/agenciainfra.com\/blog\/#\/schema\/person\/image\/","url":"https:\/\/secure.gravatar.com\/avatar\/594abfe82761d620726242ff34ca472a705a4b97f16c790053a6b4c4035274d0?s=96&d=mm&r=g","contentUrl":"https:\/\/secure.gravatar.com\/avatar\/594abfe82761d620726242ff34ca472a705a4b97f16c790053a6b4c4035274d0?s=96&d=mm&r=g","caption":"Rodrigo Zuquim"},"url":"https:\/\/agenciainfra.com\/blog\/author\/rodrigo-zuquim\/"}]}},"_links":{"self":[{"href":"https:\/\/agenciainfra.com\/blog\/wp-json\/wp\/v2\/posts\/10904","targetHints":{"allow":["GET"]}}],"collection":[{"href":"https:\/\/agenciainfra.com\/blog\/wp-json\/wp\/v2\/posts"}],"about":[{"href":"https:\/\/agenciainfra.com\/blog\/wp-json\/wp\/v2\/types\/post"}],"author":[{"embeddable":true,"href":"https:\/\/agenciainfra.com\/blog\/wp-json\/wp\/v2\/users\/9"}],"replies":[{"embeddable":true,"href":"https:\/\/agenciainfra.com\/blog\/wp-json\/wp\/v2\/comments?post=10904"}],"version-history":[{"count":0,"href":"https:\/\/agenciainfra.com\/blog\/wp-json\/wp\/v2\/posts\/10904\/revisions"}],"wp:featuredmedia":[{"embeddable":true,"href":"https:\/\/agenciainfra.com\/blog\/wp-json\/wp\/v2\/media\/5491"}],"wp:attachment":[{"href":"https:\/\/agenciainfra.com\/blog\/wp-json\/wp\/v2\/media?parent=10904"}],"wp:term":[{"taxonomy":"category","embeddable":true,"href":"https:\/\/agenciainfra.com\/blog\/wp-json\/wp\/v2\/categories?post=10904"},{"taxonomy":"post_tag","embeddable":true,"href":"https:\/\/agenciainfra.com\/blog\/wp-json\/wp\/v2\/tags?post=10904"}],"curies":[{"name":"wp","href":"https:\/\/api.w.org\/{rel}","templated":true}]}}