{"id":10907,"date":"2022-07-25T09:00:00","date_gmt":"2022-07-25T12:00:00","guid":{"rendered":"https:\/\/www.agenciainfra.com\/blog\/?p=10907"},"modified":"2022-07-22T10:21:47","modified_gmt":"2022-07-22T13:21:47","slug":"minfra-viabiliza-delegacao-de-rodovias-federais-para-concessao-por-governos-dos-estados","status":"publish","type":"post","link":"https:\/\/agenciainfra.com\/blog\/minfra-viabiliza-delegacao-de-rodovias-federais-para-concessao-por-governos-dos-estados\/","title":{"rendered":"Minfra viabiliza delega\u00e7\u00e3o de rodovias federais para concess\u00e3o por governos dos estados"},"content":{"rendered":"\n<p class=\"has-text-align-right\"><strong>Dimmi Amora, da Ag\u00eancia iNFRA<\/strong><\/p>\n\n\n\n<p>Portaria publicada pelo Minist\u00e9rio da Infraestrutura na \u00faltima quinta-feira (21) vai viabilizar que governos dos estados possam fazer concess\u00f5es de rodovias com trechos de estradas federais delegadas.<br><br>\u00c9 o que afirmou o diretor de Transporte Rodovi\u00e1rio da Secretaria de Transportes Terrestres da pasta, Alessandro Reichert. Segundo ele, pelo menos tr\u00eas estados est\u00e3o em tratativas com a Uni\u00e3o para receber partes de rodovias federais para incluir em concess\u00f5es em conjunto com estradas estaduais.<br><br>Reichert afirma que pelas regras que estavam em vigor (Portaria 457\/2018) seria praticamente imposs\u00edvel delegar aos governos locais essas vias para a posterior concess\u00e3o. As novas regras da\u00a0<a rel=\"noreferrer noopener\" href=\"https:\/\/agenciainfra.us14.list-manage.com\/track\/click?u=d460dd1bcf9ba0ae040e1fc0f&amp;id=f9bf20c56f&amp;e=c099169394\" target=\"_blank\">Portaria 929\/2022<\/a>, segundo ele, v\u00e3o simplificar a rela\u00e7\u00e3o entre os governos para a cess\u00e3o e deixar claro como ser\u00e1 o acompanhamento da preserva\u00e7\u00e3o do bem p\u00fablico.<br><br>De acordo com o diretor, a ideia \u00e9 que o governo federal n\u00e3o vai participar do controle do contrato entre o governo local e a futura concession\u00e1ria. Segundo ele, o objetivo \u00e9 focar em como o patrim\u00f4nio est\u00e1 sendo cuidado ao longo do contrato para que, ao fim da concess\u00e3o, seja recebido em estado igual ou melhor do que foi entregue.<br><br>J\u00e1 para o ato de delega\u00e7\u00e3o, a ideia \u00e9 que haja uma an\u00e1lise pr\u00e9via do projeto que o governo local est\u00e1 pretendendo levar ao mercado, para entender se ele se choca com projetos com os quais\u00a0o governo federal j\u00e1 est\u00e1 trabalhando. E, ainda, exigir que ele tenha diretrizes semelhantes \u00e0s de pol\u00edtica p\u00fablica do governo federal, como concess\u00f5es com audi\u00eancia p\u00fablica e outros crit\u00e9rios.<br><br>Nos \u00faltimos anos, tem aumentado a tend\u00eancia de se\u00a0fazer concess\u00f5es em conjunto de malhas rodovi\u00e1rias federal e de estados. Os estudos que est\u00e3o sendo conduzidos por diferentes formuladores apontam que a jun\u00e7\u00e3o acaba viabilizando trechos que separados ou sozinhos teriam menor viabilidade, porque evitam rotas de fuga dos trechos pedagiadas.<br><br><strong>Pedidos de outros estados<\/strong><br>Segundo Reichert, a nova experi\u00eancia de concess\u00e3o com o Paran\u00e1, que est\u00e1 no momento em an\u00e1lise pelo TCU (Tribunal de Contas da Uni\u00e3o), e os estudos feitos em conjunto com rodovias catarinenses est\u00e3o\u00a0sendo tocados pelo governo federal.\u00a0<br><br>Mas o governo recebeu consulta de outros tr\u00eas estados para que cedam trechos federais para concess\u00f5es que eles est\u00e3o elaborando. \u00c9 o caso do Rio Grande do Sul, que quer um trecho da BR-470. O Mato Grosso do Sul est\u00e1 em tratativas para trechos das rodovias BR-158 e BR-436. E Minas Gerais, que recebeu trecho da BR-365\u00a0e j\u00e1 indica que deseja outros peda\u00e7os.<br><br>Al\u00e9m de ampliar o escopo das concess\u00f5es, a cess\u00e3o de rodovias tamb\u00e9m ajuda o governo federal, que enfrenta uma crise or\u00e7ament\u00e1ria que o impede de cuidar adequadamente das rodovias. Nos \u00faltimos dois anos, o or\u00e7amento para conserva\u00e7\u00e3o de rodovias federais \u00e9 abaixo do considerado m\u00ednimo.<br><br><strong>Aliena\u00e7\u00e3o e assun\u00e7\u00e3o<\/strong><br>Al\u00e9m da regula\u00e7\u00e3o da delega\u00e7\u00e3o das rodovias federais, a Portaria 929\/2022 tratou de outros dois temas, a aliena\u00e7\u00e3o de rodovias federais (quando elas s\u00e3o entregues em definitivo para os governos locais) e a forma como s\u00e3o recebidos ou entregues trechos rodovi\u00e1rios federais em concess\u00f5es.<br><br>No caso da aliena\u00e7\u00e3o, Reichert informou que as regras apresentadas na atual portaria ainda v\u00e3o precisar de um n\u00edvel maior de detalhamento em outros atos, especialmente no que trata de quais tipos de rodovias poder\u00e3o ser alienadas.<br><br>J\u00e1 em rela\u00e7\u00e3o a assun\u00e7\u00e3o de rodovias em concess\u00f5es, o diretor informou que a portaria \u00e9 uma republica\u00e7\u00e3o da portaria anterior que tratou do tema, a 96\/2021, com aperfei\u00e7oamentos e corre\u00e7\u00f5es de diretrizes t\u00e9cnicas, sem alterar o formato previsto.<\/p>\n","protected":false},"excerpt":{"rendered":"<p>Dimmi Amora, da Ag\u00eancia iNFRA Portaria publicada pelo Minist\u00e9rio da Infraestrutura na \u00faltima quinta-feira (21) vai viabilizar que governos dos estados possam fazer concess\u00f5es de rodovias com trechos de estradas federais delegadas. \u00c9 o que afirmou o diretor de Transporte Rodovi\u00e1rio da Secretaria de Transportes Terrestres da pasta, Alessandro Reichert. Segundo ele, pelo menos tr\u00eas [&hellip;]<\/p>\n","protected":false},"author":9,"featured_media":6495,"comment_status":"closed","ping_status":"closed","sticky":false,"template":"","format":"standard","meta":{"_monsterinsights_skip_tracking":false,"_monsterinsights_sitenote_active":false,"_monsterinsights_sitenote_note":"","_monsterinsights_sitenote_category":0,"footnotes":""},"categories":[1,7],"tags":[5526,5528,5527,22,4304,775,167,433,5529,902],"class_list":["post-10907","post","type-post","status-publish","format-standard","has-post-thumbnail","hentry","category-geral","category-infratransporte","tag-alessandro-reichert","tag-alienacao-de-rodovias","tag-cessao-de-rodovias","tag-concessao","tag-conservacao","tag-ministerio-da-infraestrutura","tag-orcamento","tag-rodovias-federais","tag-secretaria-de-transportes-terrestres","tag-transporte-rodoviario"],"yoast_head":"<!-- This site is optimized with the Yoast SEO Premium plugin v25.4 (Yoast SEO v26.0) - https:\/\/yoast.com\/wordpress\/plugins\/seo\/ -->\n<title>Minfra viabiliza delega\u00e7\u00e3o de rodovias federais para concess\u00e3o por governos dos estados - Ag\u00eancia iNFRA<\/title>\n<meta name=\"robots\" content=\"index, follow, max-snippet:-1, max-image-preview:large, max-video-preview:-1\" \/>\n<link rel=\"canonical\" href=\"https:\/\/agenciainfra.com\/blog\/minfra-viabiliza-delegacao-de-rodovias-federais-para-concessao-por-governos-dos-estados\/\" \/>\n<meta property=\"og:locale\" content=\"pt_BR\" \/>\n<meta property=\"og:type\" content=\"article\" \/>\n<meta property=\"og:title\" content=\"Minfra viabiliza delega\u00e7\u00e3o de rodovias federais para concess\u00e3o por governos dos estados\" \/>\n<meta property=\"og:description\" content=\"Dimmi Amora, da Ag\u00eancia iNFRA Portaria publicada pelo Minist\u00e9rio da Infraestrutura na \u00faltima quinta-feira (21) vai viabilizar que governos dos estados possam fazer concess\u00f5es de rodovias com trechos de estradas federais delegadas. \u00c9 o que afirmou o diretor de Transporte Rodovi\u00e1rio da Secretaria de Transportes Terrestres da pasta, Alessandro Reichert. Segundo ele, pelo menos tr\u00eas [&hellip;]\" \/>\n<meta property=\"og:url\" content=\"https:\/\/agenciainfra.com\/blog\/minfra-viabiliza-delegacao-de-rodovias-federais-para-concessao-por-governos-dos-estados\/\" \/>\n<meta property=\"og:site_name\" content=\"Ag\u00eancia iNFRA\" \/>\n<meta property=\"article:publisher\" content=\"https:\/\/www.facebook.com\/ageninfra\" \/>\n<meta property=\"article:published_time\" content=\"2022-07-25T12:00:00+00:00\" \/>\n<meta property=\"og:image\" content=\"https:\/\/agenciainfra.com\/blog\/wp-content\/uploads\/2020\/12\/rodovia-foto-dominio-publico.jpg\" \/>\n\t<meta property=\"og:image:width\" content=\"1280\" \/>\n\t<meta property=\"og:image:height\" content=\"798\" \/>\n\t<meta property=\"og:image:type\" content=\"image\/jpeg\" \/>\n<meta name=\"author\" content=\"Rodrigo Zuquim\" \/>\n<meta name=\"twitter:card\" content=\"summary_large_image\" \/>\n<meta name=\"twitter:creator\" content=\"@agencia_infra\" \/>\n<meta name=\"twitter:site\" content=\"@agencia_infra\" \/>\n<meta name=\"twitter:label1\" content=\"Escrito por\" \/>\n\t<meta name=\"twitter:data1\" content=\"Rodrigo Zuquim\" \/>\n\t<meta name=\"twitter:label2\" content=\"Est. tempo de leitura\" \/>\n\t<meta name=\"twitter:data2\" content=\"3 minutos\" \/>\n<script type=\"application\/ld+json\" class=\"yoast-schema-graph\">{\"@context\":\"https:\/\/schema.org\",\"@graph\":[{\"@type\":\"Article\",\"@id\":\"https:\/\/agenciainfra.com\/blog\/minfra-viabiliza-delegacao-de-rodovias-federais-para-concessao-por-governos-dos-estados\/#article\",\"isPartOf\":{\"@id\":\"https:\/\/agenciainfra.com\/blog\/minfra-viabiliza-delegacao-de-rodovias-federais-para-concessao-por-governos-dos-estados\/\"},\"author\":{\"name\":\"Rodrigo Zuquim\",\"@id\":\"https:\/\/agenciainfra.com\/blog\/#\/schema\/person\/04dbb79bd6d8951f063da71f3e4c1eb1\"},\"headline\":\"Minfra viabiliza delega\u00e7\u00e3o de rodovias federais para concess\u00e3o por governos dos estados\",\"datePublished\":\"2022-07-25T12:00:00+00:00\",\"mainEntityOfPage\":{\"@id\":\"https:\/\/agenciainfra.com\/blog\/minfra-viabiliza-delegacao-de-rodovias-federais-para-concessao-por-governos-dos-estados\/\"},\"wordCount\":656,\"publisher\":{\"@id\":\"https:\/\/agenciainfra.com\/blog\/#organization\"},\"image\":{\"@id\":\"https:\/\/agenciainfra.com\/blog\/minfra-viabiliza-delegacao-de-rodovias-federais-para-concessao-por-governos-dos-estados\/#primaryimage\"},\"thumbnailUrl\":\"https:\/\/agenciainfra.com\/blog\/wp-content\/uploads\/2020\/12\/rodovia-foto-dominio-publico.jpg\",\"keywords\":[\"Alessandro Reichert\",\"aliena\u00e7\u00e3o de rodovias\",\"cess\u00e3o de rodovias\",\"Concess\u00e3o\",\"conserva\u00e7\u00e3o\",\"Minist\u00e9rio da Infraestrutura\",\"Or\u00e7amento\",\"rodovias federais\",\"Secretaria de Transportes Terrestres\",\"transporte rodovi\u00e1rio\"],\"articleSection\":[\"Geral\",\"iNFRATransporte\"],\"inLanguage\":\"pt-BR\",\"copyrightYear\":\"2022\",\"copyrightHolder\":{\"@id\":\"https:\/\/agenciainfra.com\/blog\/#organization\"}},{\"@type\":\"WebPage\",\"@id\":\"https:\/\/agenciainfra.com\/blog\/minfra-viabiliza-delegacao-de-rodovias-federais-para-concessao-por-governos-dos-estados\/\",\"url\":\"https:\/\/agenciainfra.com\/blog\/minfra-viabiliza-delegacao-de-rodovias-federais-para-concessao-por-governos-dos-estados\/\",\"name\":\"Minfra viabiliza delega\u00e7\u00e3o de rodovias federais para concess\u00e3o por governos dos estados - Ag\u00eancia iNFRA\",\"isPartOf\":{\"@id\":\"https:\/\/agenciainfra.com\/blog\/#website\"},\"primaryImageOfPage\":{\"@id\":\"https:\/\/agenciainfra.com\/blog\/minfra-viabiliza-delegacao-de-rodovias-federais-para-concessao-por-governos-dos-estados\/#primaryimage\"},\"image\":{\"@id\":\"https:\/\/agenciainfra.com\/blog\/minfra-viabiliza-delegacao-de-rodovias-federais-para-concessao-por-governos-dos-estados\/#primaryimage\"},\"thumbnailUrl\":\"https:\/\/agenciainfra.com\/blog\/wp-content\/uploads\/2020\/12\/rodovia-foto-dominio-publico.jpg\",\"datePublished\":\"2022-07-25T12:00:00+00:00\",\"breadcrumb\":{\"@id\":\"https:\/\/agenciainfra.com\/blog\/minfra-viabiliza-delegacao-de-rodovias-federais-para-concessao-por-governos-dos-estados\/#breadcrumb\"},\"inLanguage\":\"pt-BR\",\"potentialAction\":[{\"@type\":\"ReadAction\",\"target\":[\"https:\/\/agenciainfra.com\/blog\/minfra-viabiliza-delegacao-de-rodovias-federais-para-concessao-por-governos-dos-estados\/\"]}]},{\"@type\":\"ImageObject\",\"inLanguage\":\"pt-BR\",\"@id\":\"https:\/\/agenciainfra.com\/blog\/minfra-viabiliza-delegacao-de-rodovias-federais-para-concessao-por-governos-dos-estados\/#primaryimage\",\"url\":\"https:\/\/agenciainfra.com\/blog\/wp-content\/uploads\/2020\/12\/rodovia-foto-dominio-publico.jpg\",\"contentUrl\":\"https:\/\/agenciainfra.com\/blog\/wp-content\/uploads\/2020\/12\/rodovia-foto-dominio-publico.jpg\",\"width\":1280,\"height\":798,\"caption\":\"Foto: Dom\u00ednio P\u00fablico\"},{\"@type\":\"BreadcrumbList\",\"@id\":\"https:\/\/agenciainfra.com\/blog\/minfra-viabiliza-delegacao-de-rodovias-federais-para-concessao-por-governos-dos-estados\/#breadcrumb\",\"itemListElement\":[{\"@type\":\"ListItem\",\"position\":1,\"name\":\"In\u00edcio\",\"item\":\"https:\/\/agenciainfra.com\/blog\/\"},{\"@type\":\"ListItem\",\"position\":2,\"name\":\"Minfra viabiliza delega\u00e7\u00e3o de rodovias federais para concess\u00e3o por governos dos estados\"}]},{\"@type\":\"WebSite\",\"@id\":\"https:\/\/agenciainfra.com\/blog\/#website\",\"url\":\"https:\/\/agenciainfra.com\/blog\/\",\"name\":\"Ag\u00eancia iNFRA\",\"description\":\"Multiplataforma de informa\u00e7\u00e3o jornal\u00edstica refer\u00eancia na \u00e1rea de infraestrutura no Brasil!\",\"publisher\":{\"@id\":\"https:\/\/agenciainfra.com\/blog\/#organization\"},\"potentialAction\":[{\"@type\":\"SearchAction\",\"target\":{\"@type\":\"EntryPoint\",\"urlTemplate\":\"https:\/\/agenciainfra.com\/blog\/?s={search_term_string}\"},\"query-input\":{\"@type\":\"PropertyValueSpecification\",\"valueRequired\":true,\"valueName\":\"search_term_string\"}}],\"inLanguage\":\"pt-BR\"},{\"@type\":\"Organization\",\"@id\":\"https:\/\/agenciainfra.com\/blog\/#organization\",\"name\":\"Ag\u00eancia iNFRA\",\"url\":\"https:\/\/agenciainfra.com\/blog\/\",\"logo\":{\"@type\":\"ImageObject\",\"inLanguage\":\"pt-BR\",\"@id\":\"https:\/\/agenciainfra.com\/blog\/#\/schema\/logo\/image\/\",\"url\":\"https:\/\/agenciainfra.com\/blog\/wp-content\/uploads\/2023\/09\/iNFRA_5-e1761735885940.png\",\"contentUrl\":\"https:\/\/agenciainfra.com\/blog\/wp-content\/uploads\/2023\/09\/iNFRA_5-e1761735885940.png\",\"width\":1672,\"height\":454,\"caption\":\"Ag\u00eancia iNFRA\"},\"image\":{\"@id\":\"https:\/\/agenciainfra.com\/blog\/#\/schema\/logo\/image\/\"},\"sameAs\":[\"https:\/\/www.facebook.com\/ageninfra\",\"https:\/\/x.com\/agencia_infra\",\"https:\/\/www.linkedin.com\/company\/ag\u00eanciainfra\/\",\"https:\/\/www.instagram.com\/agenciainfra\/\"]},{\"@type\":\"Person\",\"@id\":\"https:\/\/agenciainfra.com\/blog\/#\/schema\/person\/04dbb79bd6d8951f063da71f3e4c1eb1\",\"name\":\"Rodrigo Zuquim\",\"image\":{\"@type\":\"ImageObject\",\"inLanguage\":\"pt-BR\",\"@id\":\"https:\/\/agenciainfra.com\/blog\/#\/schema\/person\/image\/\",\"url\":\"https:\/\/secure.gravatar.com\/avatar\/594abfe82761d620726242ff34ca472a705a4b97f16c790053a6b4c4035274d0?s=96&d=mm&r=g\",\"contentUrl\":\"https:\/\/secure.gravatar.com\/avatar\/594abfe82761d620726242ff34ca472a705a4b97f16c790053a6b4c4035274d0?s=96&d=mm&r=g\",\"caption\":\"Rodrigo Zuquim\"},\"url\":\"https:\/\/agenciainfra.com\/blog\/author\/rodrigo-zuquim\/\"}]}<\/script>\n<!-- \/ Yoast SEO Premium plugin. -->","yoast_head_json":{"title":"Minfra viabiliza delega\u00e7\u00e3o de rodovias federais para concess\u00e3o por governos dos estados - Ag\u00eancia iNFRA","robots":{"index":"index","follow":"follow","max-snippet":"max-snippet:-1","max-image-preview":"max-image-preview:large","max-video-preview":"max-video-preview:-1"},"canonical":"https:\/\/agenciainfra.com\/blog\/minfra-viabiliza-delegacao-de-rodovias-federais-para-concessao-por-governos-dos-estados\/","og_locale":"pt_BR","og_type":"article","og_title":"Minfra viabiliza delega\u00e7\u00e3o de rodovias federais para concess\u00e3o por governos dos estados","og_description":"Dimmi Amora, da Ag\u00eancia iNFRA Portaria publicada pelo Minist\u00e9rio da Infraestrutura na \u00faltima quinta-feira (21) vai viabilizar que governos dos estados possam fazer concess\u00f5es de rodovias com trechos de estradas federais delegadas. \u00c9 o que afirmou o diretor de Transporte Rodovi\u00e1rio da Secretaria de Transportes Terrestres da pasta, Alessandro Reichert. Segundo ele, pelo menos tr\u00eas [&hellip;]","og_url":"https:\/\/agenciainfra.com\/blog\/minfra-viabiliza-delegacao-de-rodovias-federais-para-concessao-por-governos-dos-estados\/","og_site_name":"Ag\u00eancia iNFRA","article_publisher":"https:\/\/www.facebook.com\/ageninfra","article_published_time":"2022-07-25T12:00:00+00:00","og_image":[{"width":1280,"height":798,"url":"https:\/\/agenciainfra.com\/blog\/wp-content\/uploads\/2020\/12\/rodovia-foto-dominio-publico.jpg","type":"image\/jpeg"}],"author":"Rodrigo Zuquim","twitter_card":"summary_large_image","twitter_creator":"@agencia_infra","twitter_site":"@agencia_infra","twitter_misc":{"Escrito por":"Rodrigo Zuquim","Est. tempo de leitura":"3 minutos"},"schema":{"@context":"https:\/\/schema.org","@graph":[{"@type":"Article","@id":"https:\/\/agenciainfra.com\/blog\/minfra-viabiliza-delegacao-de-rodovias-federais-para-concessao-por-governos-dos-estados\/#article","isPartOf":{"@id":"https:\/\/agenciainfra.com\/blog\/minfra-viabiliza-delegacao-de-rodovias-federais-para-concessao-por-governos-dos-estados\/"},"author":{"name":"Rodrigo Zuquim","@id":"https:\/\/agenciainfra.com\/blog\/#\/schema\/person\/04dbb79bd6d8951f063da71f3e4c1eb1"},"headline":"Minfra viabiliza delega\u00e7\u00e3o de rodovias federais para concess\u00e3o por governos dos estados","datePublished":"2022-07-25T12:00:00+00:00","mainEntityOfPage":{"@id":"https:\/\/agenciainfra.com\/blog\/minfra-viabiliza-delegacao-de-rodovias-federais-para-concessao-por-governos-dos-estados\/"},"wordCount":656,"publisher":{"@id":"https:\/\/agenciainfra.com\/blog\/#organization"},"image":{"@id":"https:\/\/agenciainfra.com\/blog\/minfra-viabiliza-delegacao-de-rodovias-federais-para-concessao-por-governos-dos-estados\/#primaryimage"},"thumbnailUrl":"https:\/\/agenciainfra.com\/blog\/wp-content\/uploads\/2020\/12\/rodovia-foto-dominio-publico.jpg","keywords":["Alessandro Reichert","aliena\u00e7\u00e3o de rodovias","cess\u00e3o de rodovias","Concess\u00e3o","conserva\u00e7\u00e3o","Minist\u00e9rio da Infraestrutura","Or\u00e7amento","rodovias federais","Secretaria de Transportes Terrestres","transporte rodovi\u00e1rio"],"articleSection":["Geral","iNFRATransporte"],"inLanguage":"pt-BR","copyrightYear":"2022","copyrightHolder":{"@id":"https:\/\/agenciainfra.com\/blog\/#organization"}},{"@type":"WebPage","@id":"https:\/\/agenciainfra.com\/blog\/minfra-viabiliza-delegacao-de-rodovias-federais-para-concessao-por-governos-dos-estados\/","url":"https:\/\/agenciainfra.com\/blog\/minfra-viabiliza-delegacao-de-rodovias-federais-para-concessao-por-governos-dos-estados\/","name":"Minfra viabiliza delega\u00e7\u00e3o de rodovias federais para concess\u00e3o por governos dos estados - Ag\u00eancia iNFRA","isPartOf":{"@id":"https:\/\/agenciainfra.com\/blog\/#website"},"primaryImageOfPage":{"@id":"https:\/\/agenciainfra.com\/blog\/minfra-viabiliza-delegacao-de-rodovias-federais-para-concessao-por-governos-dos-estados\/#primaryimage"},"image":{"@id":"https:\/\/agenciainfra.com\/blog\/minfra-viabiliza-delegacao-de-rodovias-federais-para-concessao-por-governos-dos-estados\/#primaryimage"},"thumbnailUrl":"https:\/\/agenciainfra.com\/blog\/wp-content\/uploads\/2020\/12\/rodovia-foto-dominio-publico.jpg","datePublished":"2022-07-25T12:00:00+00:00","breadcrumb":{"@id":"https:\/\/agenciainfra.com\/blog\/minfra-viabiliza-delegacao-de-rodovias-federais-para-concessao-por-governos-dos-estados\/#breadcrumb"},"inLanguage":"pt-BR","potentialAction":[{"@type":"ReadAction","target":["https:\/\/agenciainfra.com\/blog\/minfra-viabiliza-delegacao-de-rodovias-federais-para-concessao-por-governos-dos-estados\/"]}]},{"@type":"ImageObject","inLanguage":"pt-BR","@id":"https:\/\/agenciainfra.com\/blog\/minfra-viabiliza-delegacao-de-rodovias-federais-para-concessao-por-governos-dos-estados\/#primaryimage","url":"https:\/\/agenciainfra.com\/blog\/wp-content\/uploads\/2020\/12\/rodovia-foto-dominio-publico.jpg","contentUrl":"https:\/\/agenciainfra.com\/blog\/wp-content\/uploads\/2020\/12\/rodovia-foto-dominio-publico.jpg","width":1280,"height":798,"caption":"Foto: Dom\u00ednio P\u00fablico"},{"@type":"BreadcrumbList","@id":"https:\/\/agenciainfra.com\/blog\/minfra-viabiliza-delegacao-de-rodovias-federais-para-concessao-por-governos-dos-estados\/#breadcrumb","itemListElement":[{"@type":"ListItem","position":1,"name":"In\u00edcio","item":"https:\/\/agenciainfra.com\/blog\/"},{"@type":"ListItem","position":2,"name":"Minfra viabiliza delega\u00e7\u00e3o de rodovias federais para concess\u00e3o por governos dos estados"}]},{"@type":"WebSite","@id":"https:\/\/agenciainfra.com\/blog\/#website","url":"https:\/\/agenciainfra.com\/blog\/","name":"Ag\u00eancia iNFRA","description":"Multiplataforma de informa\u00e7\u00e3o jornal\u00edstica refer\u00eancia na \u00e1rea de infraestrutura no Brasil!","publisher":{"@id":"https:\/\/agenciainfra.com\/blog\/#organization"},"potentialAction":[{"@type":"SearchAction","target":{"@type":"EntryPoint","urlTemplate":"https:\/\/agenciainfra.com\/blog\/?s={search_term_string}"},"query-input":{"@type":"PropertyValueSpecification","valueRequired":true,"valueName":"search_term_string"}}],"inLanguage":"pt-BR"},{"@type":"Organization","@id":"https:\/\/agenciainfra.com\/blog\/#organization","name":"Ag\u00eancia iNFRA","url":"https:\/\/agenciainfra.com\/blog\/","logo":{"@type":"ImageObject","inLanguage":"pt-BR","@id":"https:\/\/agenciainfra.com\/blog\/#\/schema\/logo\/image\/","url":"https:\/\/agenciainfra.com\/blog\/wp-content\/uploads\/2023\/09\/iNFRA_5-e1761735885940.png","contentUrl":"https:\/\/agenciainfra.com\/blog\/wp-content\/uploads\/2023\/09\/iNFRA_5-e1761735885940.png","width":1672,"height":454,"caption":"Ag\u00eancia iNFRA"},"image":{"@id":"https:\/\/agenciainfra.com\/blog\/#\/schema\/logo\/image\/"},"sameAs":["https:\/\/www.facebook.com\/ageninfra","https:\/\/x.com\/agencia_infra","https:\/\/www.linkedin.com\/company\/ag\u00eanciainfra\/","https:\/\/www.instagram.com\/agenciainfra\/"]},{"@type":"Person","@id":"https:\/\/agenciainfra.com\/blog\/#\/schema\/person\/04dbb79bd6d8951f063da71f3e4c1eb1","name":"Rodrigo Zuquim","image":{"@type":"ImageObject","inLanguage":"pt-BR","@id":"https:\/\/agenciainfra.com\/blog\/#\/schema\/person\/image\/","url":"https:\/\/secure.gravatar.com\/avatar\/594abfe82761d620726242ff34ca472a705a4b97f16c790053a6b4c4035274d0?s=96&d=mm&r=g","contentUrl":"https:\/\/secure.gravatar.com\/avatar\/594abfe82761d620726242ff34ca472a705a4b97f16c790053a6b4c4035274d0?s=96&d=mm&r=g","caption":"Rodrigo Zuquim"},"url":"https:\/\/agenciainfra.com\/blog\/author\/rodrigo-zuquim\/"}]}},"_links":{"self":[{"href":"https:\/\/agenciainfra.com\/blog\/wp-json\/wp\/v2\/posts\/10907","targetHints":{"allow":["GET"]}}],"collection":[{"href":"https:\/\/agenciainfra.com\/blog\/wp-json\/wp\/v2\/posts"}],"about":[{"href":"https:\/\/agenciainfra.com\/blog\/wp-json\/wp\/v2\/types\/post"}],"author":[{"embeddable":true,"href":"https:\/\/agenciainfra.com\/blog\/wp-json\/wp\/v2\/users\/9"}],"replies":[{"embeddable":true,"href":"https:\/\/agenciainfra.com\/blog\/wp-json\/wp\/v2\/comments?post=10907"}],"version-history":[{"count":0,"href":"https:\/\/agenciainfra.com\/blog\/wp-json\/wp\/v2\/posts\/10907\/revisions"}],"wp:featuredmedia":[{"embeddable":true,"href":"https:\/\/agenciainfra.com\/blog\/wp-json\/wp\/v2\/media\/6495"}],"wp:attachment":[{"href":"https:\/\/agenciainfra.com\/blog\/wp-json\/wp\/v2\/media?parent=10907"}],"wp:term":[{"taxonomy":"category","embeddable":true,"href":"https:\/\/agenciainfra.com\/blog\/wp-json\/wp\/v2\/categories?post=10907"},{"taxonomy":"post_tag","embeddable":true,"href":"https:\/\/agenciainfra.com\/blog\/wp-json\/wp\/v2\/tags?post=10907"}],"curies":[{"name":"wp","href":"https:\/\/api.w.org\/{rel}","templated":true}]}}