{"id":10964,"date":"2022-07-30T09:00:00","date_gmt":"2022-07-30T12:00:00","guid":{"rendered":"https:\/\/www.agenciainfra.com\/blog\/?p=10964"},"modified":"2022-07-28T10:13:49","modified_gmt":"2022-07-28T13:13:49","slug":"mrs-antt-aprova-renovacao-antecipada-com-reducao-de-tarifa-da-ferradura-e-menos-outorga","status":"publish","type":"post","link":"https:\/\/agenciainfra.com\/blog\/mrs-antt-aprova-renovacao-antecipada-com-reducao-de-tarifa-da-ferradura-e-menos-outorga\/","title":{"rendered":"MRS: ANTT aprova renova\u00e7\u00e3o antecipada, com redu\u00e7\u00e3o de tarifa da Ferradura e menos outorga"},"content":{"rendered":"\n<p class=\"has-text-align-right\"><strong>Jenifer Ribeiro, da Ag\u00eancia iNFRA<\/strong><\/p>\n\n\n\n<p>A ANTT (Ag\u00eancia Nacional de Transportes Terrestres) aprovou, na \u00faltima quarta-feira (27), os estudos t\u00e9cnicos e documentos para a renova\u00e7\u00e3o antecipada do contrato de concess\u00e3o da Malha Sudeste de Ferrovias, da MRS Log\u00edstica. <meta charset=\"utf-8\">A decis\u00e3o foi publicada na quinta-feira (28) no Di\u00e1rio Oficial da Uni\u00e3o (<a rel=\"noreferrer noopener\" href=\"https:\/\/agenciainfra.us14.list-manage.com\/track\/click?u=d460dd1bcf9ba0ae040e1fc0f&amp;id=565b762d99&amp;e=c099169394\" target=\"_blank\">neste link<\/a>). Com a aprova\u00e7\u00e3o, o aditivo ao\u00a0contrato foi assinado na sexta-feira (29).<br><br>A empresa continuar\u00e1 respons\u00e1vel pelos mais de 1,6 mil quil\u00f4metros de trilhos na regi\u00e3o Sudeste, que transportam principalmente min\u00e9rio de ferro, cont\u00eaineres, a\u00e7\u00facar, carv\u00e3o e produtos sider\u00fargicos. Aproximadamente 30% de toda a carga ferrovi\u00e1ria brasileira passa pela malha da MRS, segundo a ANTT.<br><br>O contrato original com a companhia foi assinado em 1996 pelo per\u00edodo de 30 anos e agora deve se estender at\u00e9 2056. Ao longo dos pr\u00f3ximos anos, a perspectiva de investimentos \u00e9 de R$ 9,7 bilh\u00f5es. H\u00e1 outros R$ 21 bilh\u00f5es em custos\u00a0de manuten\u00e7\u00e3o operacional previstos para serem realizados ao longo do\u00a0contrato.<br><br><strong>Ferradura<\/strong><br>Processo iniciado h\u00e1 quase sete anos, ele se arrastou nos \u00faltimos anos em torno de uma quest\u00e3o principal, se a MRS continuaria ou n\u00e3o respons\u00e1vel pela administra\u00e7\u00e3o da chamada Ferradura de Santos (SP), um trecho de cerca de 60 quil\u00f4metros que d\u00e1 acesso ao principal porto do pa\u00eds.<br><br>Foi necess\u00e1rio produzir um estudo espec\u00edfico para avaliar se seria melhor manter a ferradura com a MRS ou anex\u00e1-la \u00e0 ferrovia interna do porto. A avalia\u00e7\u00e3o foi que o melhor caminho era manter o trecho com a MRS, que vinha fazendo investimentos na regi\u00e3o, por causa do risco de atraso no processo e de a empresa n\u00e3o concordar com a renova\u00e7\u00e3o sem o trecho.<br><br>O mesmo estudo indicou que a tarifa de direito de passagem cobrada de\u00a0outras empresas para usar a linha estaria em cerca de 54% acima da\u00a0tarifa de equil\u00edbrio desse trecho da concess\u00e3o.<br><br>A ANTT\u00a0encaminhou para o Minist\u00e9rio da Infraestrutura a decis\u00e3o de baixar a tarifa, o que poder\u00e1 reduzir o pre\u00e7o do frete na regi\u00e3o (tr\u00eas a seis pontos percentuais abaixo dos valores do estudo) e tamb\u00e9m reduzir a outorga a ser paga na renova\u00e7\u00e3o, no valor estimado de\u00a0cerca de R$ 1,3 bilh\u00e3o. A decis\u00e3o do minist\u00e9rio foi pela redu\u00e7\u00e3o da tarifa de direito de passagem e foi explicada numa nota t\u00e9cnica.<br><br><strong>Processos judiciais<\/strong><br>A modelagem dessa renova\u00e7\u00e3o seguiu a mesma metodologia das prorroga\u00e7\u00f5es antecipadas da ferrovia Malha Paulista, da Rumo,\u00a0e das estradas de ferro de Caraj\u00e1s e de Vit\u00f3ria a Minas, ambas da Vale.\u00a0<br><br>A prorroga\u00e7\u00e3o foi aprovada pelo TCU (Tribunal de Contas da Uni\u00e3o) no in\u00edcio do m\u00eas de junho e voltou para a ANTT somente para a realiza\u00e7\u00e3o de alguns ajustes. Na ocasi\u00e3o, o relator do processo j\u00e1 havia destacado que a ANTT faria\u00a0algumas altera\u00e7\u00f5es na minuta.<br><br>Al\u00e9m disso, durante a reuni\u00e3o extraordin\u00e1ria, o colegiado decidiu votar por encerrar os processos judiciais em curso da MRS Log\u00edstica com a ANTT e a Uni\u00e3o, via acordo extrajudicial. A reuni\u00e3o de diretoria completa pode ser acessada\u00a0<a rel=\"noreferrer noopener\" href=\"https:\/\/agenciainfra.us14.list-manage.com\/track\/click?u=d460dd1bcf9ba0ae040e1fc0f&amp;id=773e6b5d6f&amp;e=c099169394\" target=\"_blank\">neste link<\/a>.<\/p>\n","protected":false},"excerpt":{"rendered":"<p>Jenifer Ribeiro, da Ag\u00eancia iNFRA A ANTT (Ag\u00eancia Nacional de Transportes Terrestres) aprovou, na \u00faltima quarta-feira (27), os estudos t\u00e9cnicos e documentos para a renova\u00e7\u00e3o antecipada do contrato de concess\u00e3o da Malha Sudeste de Ferrovias, da MRS Log\u00edstica. A decis\u00e3o foi publicada na quinta-feira (28) no Di\u00e1rio Oficial da Uni\u00e3o (neste link). Com a aprova\u00e7\u00e3o, [&hellip;]<\/p>\n","protected":false},"author":9,"featured_media":10544,"comment_status":"closed","ping_status":"closed","sticky":false,"template":"","format":"standard","meta":{"_monsterinsights_skip_tracking":false,"_monsterinsights_sitenote_active":false,"_monsterinsights_sitenote_note":"","_monsterinsights_sitenote_category":0,"footnotes":""},"categories":[1,7],"tags":[19,3537,1086,775,81,5231,84,739,18,70],"class_list":["post-10964","post","type-post","status-publish","format-standard","has-post-thumbnail","hentry","category-geral","category-infratransporte","tag-antt","tag-ferradura-de-santos","tag-malha-sudeste-de-ferrovias","tag-ministerio-da-infraestrutura","tag-mrs","tag-prorrogacao-antecipada","tag-renovacao-antecipada","tag-tarifa","tag-tcu","tag-transportes"],"yoast_head":"<!-- This site is optimized with the Yoast SEO Premium plugin v25.4 (Yoast SEO v26.0) - https:\/\/yoast.com\/wordpress\/plugins\/seo\/ -->\n<title>MRS: ANTT aprova renova\u00e7\u00e3o antecipada, com redu\u00e7\u00e3o de tarifa da Ferradura e menos outorga - Ag\u00eancia iNFRA<\/title>\n<meta name=\"robots\" content=\"index, follow, max-snippet:-1, max-image-preview:large, max-video-preview:-1\" \/>\n<link rel=\"canonical\" href=\"https:\/\/agenciainfra.com\/blog\/mrs-antt-aprova-renovacao-antecipada-com-reducao-de-tarifa-da-ferradura-e-menos-outorga\/\" \/>\n<meta property=\"og:locale\" content=\"pt_BR\" \/>\n<meta property=\"og:type\" content=\"article\" \/>\n<meta property=\"og:title\" content=\"MRS: ANTT aprova renova\u00e7\u00e3o antecipada, com redu\u00e7\u00e3o de tarifa da Ferradura e menos outorga\" \/>\n<meta property=\"og:description\" content=\"Jenifer Ribeiro, da Ag\u00eancia iNFRA A ANTT (Ag\u00eancia Nacional de Transportes Terrestres) aprovou, na \u00faltima quarta-feira (27), os estudos t\u00e9cnicos e documentos para a renova\u00e7\u00e3o antecipada do contrato de concess\u00e3o da Malha Sudeste de Ferrovias, da MRS Log\u00edstica. A decis\u00e3o foi publicada na quinta-feira (28) no Di\u00e1rio Oficial da Uni\u00e3o (neste link). Com a aprova\u00e7\u00e3o, [&hellip;]\" \/>\n<meta property=\"og:url\" content=\"https:\/\/agenciainfra.com\/blog\/mrs-antt-aprova-renovacao-antecipada-com-reducao-de-tarifa-da-ferradura-e-menos-outorga\/\" \/>\n<meta property=\"og:site_name\" content=\"Ag\u00eancia iNFRA\" \/>\n<meta property=\"article:publisher\" content=\"https:\/\/www.facebook.com\/ageninfra\" \/>\n<meta property=\"article:published_time\" content=\"2022-07-30T12:00:00+00:00\" \/>\n<meta property=\"og:image\" content=\"https:\/\/agenciainfra.com\/blog\/wp-content\/uploads\/2022\/06\/trem-da-MRS-Logistica-foto-MRS-2.jpg\" \/>\n\t<meta property=\"og:image:width\" content=\"1300\" \/>\n\t<meta property=\"og:image:height\" content=\"866\" \/>\n\t<meta property=\"og:image:type\" content=\"image\/jpeg\" \/>\n<meta name=\"author\" content=\"Rodrigo Zuquim\" \/>\n<meta name=\"twitter:card\" content=\"summary_large_image\" \/>\n<meta name=\"twitter:creator\" content=\"@agencia_infra\" \/>\n<meta name=\"twitter:site\" content=\"@agencia_infra\" \/>\n<meta name=\"twitter:label1\" content=\"Escrito por\" \/>\n\t<meta name=\"twitter:data1\" content=\"Rodrigo Zuquim\" \/>\n\t<meta name=\"twitter:label2\" content=\"Est. tempo de leitura\" \/>\n\t<meta name=\"twitter:data2\" content=\"3 minutos\" \/>\n<script type=\"application\/ld+json\" class=\"yoast-schema-graph\">{\"@context\":\"https:\/\/schema.org\",\"@graph\":[{\"@type\":\"Article\",\"@id\":\"https:\/\/agenciainfra.com\/blog\/mrs-antt-aprova-renovacao-antecipada-com-reducao-de-tarifa-da-ferradura-e-menos-outorga\/#article\",\"isPartOf\":{\"@id\":\"https:\/\/agenciainfra.com\/blog\/mrs-antt-aprova-renovacao-antecipada-com-reducao-de-tarifa-da-ferradura-e-menos-outorga\/\"},\"author\":{\"name\":\"Rodrigo Zuquim\",\"@id\":\"https:\/\/agenciainfra.com\/blog\/#\/schema\/person\/04dbb79bd6d8951f063da71f3e4c1eb1\"},\"headline\":\"MRS: ANTT aprova renova\u00e7\u00e3o antecipada, com redu\u00e7\u00e3o de tarifa da Ferradura e menos outorga\",\"datePublished\":\"2022-07-30T12:00:00+00:00\",\"mainEntityOfPage\":{\"@id\":\"https:\/\/agenciainfra.com\/blog\/mrs-antt-aprova-renovacao-antecipada-com-reducao-de-tarifa-da-ferradura-e-menos-outorga\/\"},\"wordCount\":567,\"publisher\":{\"@id\":\"https:\/\/agenciainfra.com\/blog\/#organization\"},\"image\":{\"@id\":\"https:\/\/agenciainfra.com\/blog\/mrs-antt-aprova-renovacao-antecipada-com-reducao-de-tarifa-da-ferradura-e-menos-outorga\/#primaryimage\"},\"thumbnailUrl\":\"https:\/\/agenciainfra.com\/blog\/wp-content\/uploads\/2022\/06\/trem-da-MRS-Logistica-foto-MRS-2.jpg\",\"keywords\":[\"ANTT\",\"ferradura de Santos\",\"malha sudeste de ferrovias\",\"Minist\u00e9rio da Infraestrutura\",\"MRS\",\"prorroga\u00e7\u00e3o antecipada\",\"Renova\u00e7\u00e3o antecipada\",\"Tarifa\",\"TCU\",\"transportes\"],\"articleSection\":[\"Geral\",\"iNFRATransporte\"],\"inLanguage\":\"pt-BR\",\"copyrightYear\":\"2022\",\"copyrightHolder\":{\"@id\":\"https:\/\/agenciainfra.com\/blog\/#organization\"}},{\"@type\":\"WebPage\",\"@id\":\"https:\/\/agenciainfra.com\/blog\/mrs-antt-aprova-renovacao-antecipada-com-reducao-de-tarifa-da-ferradura-e-menos-outorga\/\",\"url\":\"https:\/\/agenciainfra.com\/blog\/mrs-antt-aprova-renovacao-antecipada-com-reducao-de-tarifa-da-ferradura-e-menos-outorga\/\",\"name\":\"MRS: ANTT aprova renova\u00e7\u00e3o antecipada, com redu\u00e7\u00e3o de tarifa da Ferradura e menos outorga - Ag\u00eancia iNFRA\",\"isPartOf\":{\"@id\":\"https:\/\/agenciainfra.com\/blog\/#website\"},\"primaryImageOfPage\":{\"@id\":\"https:\/\/agenciainfra.com\/blog\/mrs-antt-aprova-renovacao-antecipada-com-reducao-de-tarifa-da-ferradura-e-menos-outorga\/#primaryimage\"},\"image\":{\"@id\":\"https:\/\/agenciainfra.com\/blog\/mrs-antt-aprova-renovacao-antecipada-com-reducao-de-tarifa-da-ferradura-e-menos-outorga\/#primaryimage\"},\"thumbnailUrl\":\"https:\/\/agenciainfra.com\/blog\/wp-content\/uploads\/2022\/06\/trem-da-MRS-Logistica-foto-MRS-2.jpg\",\"datePublished\":\"2022-07-30T12:00:00+00:00\",\"breadcrumb\":{\"@id\":\"https:\/\/agenciainfra.com\/blog\/mrs-antt-aprova-renovacao-antecipada-com-reducao-de-tarifa-da-ferradura-e-menos-outorga\/#breadcrumb\"},\"inLanguage\":\"pt-BR\",\"potentialAction\":[{\"@type\":\"ReadAction\",\"target\":[\"https:\/\/agenciainfra.com\/blog\/mrs-antt-aprova-renovacao-antecipada-com-reducao-de-tarifa-da-ferradura-e-menos-outorga\/\"]}]},{\"@type\":\"ImageObject\",\"inLanguage\":\"pt-BR\",\"@id\":\"https:\/\/agenciainfra.com\/blog\/mrs-antt-aprova-renovacao-antecipada-com-reducao-de-tarifa-da-ferradura-e-menos-outorga\/#primaryimage\",\"url\":\"https:\/\/agenciainfra.com\/blog\/wp-content\/uploads\/2022\/06\/trem-da-MRS-Logistica-foto-MRS-2.jpg\",\"contentUrl\":\"https:\/\/agenciainfra.com\/blog\/wp-content\/uploads\/2022\/06\/trem-da-MRS-Logistica-foto-MRS-2.jpg\",\"width\":1300,\"height\":866,\"caption\":\"Foto: MRS\"},{\"@type\":\"BreadcrumbList\",\"@id\":\"https:\/\/agenciainfra.com\/blog\/mrs-antt-aprova-renovacao-antecipada-com-reducao-de-tarifa-da-ferradura-e-menos-outorga\/#breadcrumb\",\"itemListElement\":[{\"@type\":\"ListItem\",\"position\":1,\"name\":\"In\u00edcio\",\"item\":\"https:\/\/agenciainfra.com\/blog\/\"},{\"@type\":\"ListItem\",\"position\":2,\"name\":\"MRS: ANTT aprova renova\u00e7\u00e3o antecipada, com redu\u00e7\u00e3o de tarifa da Ferradura e menos outorga\"}]},{\"@type\":\"WebSite\",\"@id\":\"https:\/\/agenciainfra.com\/blog\/#website\",\"url\":\"https:\/\/agenciainfra.com\/blog\/\",\"name\":\"Ag\u00eancia iNFRA\",\"description\":\"Multiplataforma de informa\u00e7\u00e3o jornal\u00edstica refer\u00eancia na \u00e1rea de infraestrutura no Brasil!\",\"publisher\":{\"@id\":\"https:\/\/agenciainfra.com\/blog\/#organization\"},\"potentialAction\":[{\"@type\":\"SearchAction\",\"target\":{\"@type\":\"EntryPoint\",\"urlTemplate\":\"https:\/\/agenciainfra.com\/blog\/?s={search_term_string}\"},\"query-input\":{\"@type\":\"PropertyValueSpecification\",\"valueRequired\":true,\"valueName\":\"search_term_string\"}}],\"inLanguage\":\"pt-BR\"},{\"@type\":\"Organization\",\"@id\":\"https:\/\/agenciainfra.com\/blog\/#organization\",\"name\":\"Ag\u00eancia iNFRA\",\"url\":\"https:\/\/agenciainfra.com\/blog\/\",\"logo\":{\"@type\":\"ImageObject\",\"inLanguage\":\"pt-BR\",\"@id\":\"https:\/\/agenciainfra.com\/blog\/#\/schema\/logo\/image\/\",\"url\":\"https:\/\/agenciainfra.com\/blog\/wp-content\/uploads\/2023\/09\/iNFRA_5-e1761735885940.png\",\"contentUrl\":\"https:\/\/agenciainfra.com\/blog\/wp-content\/uploads\/2023\/09\/iNFRA_5-e1761735885940.png\",\"width\":1672,\"height\":454,\"caption\":\"Ag\u00eancia iNFRA\"},\"image\":{\"@id\":\"https:\/\/agenciainfra.com\/blog\/#\/schema\/logo\/image\/\"},\"sameAs\":[\"https:\/\/www.facebook.com\/ageninfra\",\"https:\/\/x.com\/agencia_infra\",\"https:\/\/www.linkedin.com\/company\/ag\u00eanciainfra\/\",\"https:\/\/www.instagram.com\/agenciainfra\/\"]},{\"@type\":\"Person\",\"@id\":\"https:\/\/agenciainfra.com\/blog\/#\/schema\/person\/04dbb79bd6d8951f063da71f3e4c1eb1\",\"name\":\"Rodrigo Zuquim\",\"image\":{\"@type\":\"ImageObject\",\"inLanguage\":\"pt-BR\",\"@id\":\"https:\/\/agenciainfra.com\/blog\/#\/schema\/person\/image\/\",\"url\":\"https:\/\/secure.gravatar.com\/avatar\/594abfe82761d620726242ff34ca472a705a4b97f16c790053a6b4c4035274d0?s=96&d=mm&r=g\",\"contentUrl\":\"https:\/\/secure.gravatar.com\/avatar\/594abfe82761d620726242ff34ca472a705a4b97f16c790053a6b4c4035274d0?s=96&d=mm&r=g\",\"caption\":\"Rodrigo Zuquim\"},\"url\":\"https:\/\/agenciainfra.com\/blog\/author\/rodrigo-zuquim\/\"}]}<\/script>\n<!-- \/ Yoast SEO Premium plugin. -->","yoast_head_json":{"title":"MRS: ANTT aprova renova\u00e7\u00e3o antecipada, com redu\u00e7\u00e3o de tarifa da Ferradura e menos outorga - Ag\u00eancia iNFRA","robots":{"index":"index","follow":"follow","max-snippet":"max-snippet:-1","max-image-preview":"max-image-preview:large","max-video-preview":"max-video-preview:-1"},"canonical":"https:\/\/agenciainfra.com\/blog\/mrs-antt-aprova-renovacao-antecipada-com-reducao-de-tarifa-da-ferradura-e-menos-outorga\/","og_locale":"pt_BR","og_type":"article","og_title":"MRS: ANTT aprova renova\u00e7\u00e3o antecipada, com redu\u00e7\u00e3o de tarifa da Ferradura e menos outorga","og_description":"Jenifer Ribeiro, da Ag\u00eancia iNFRA A ANTT (Ag\u00eancia Nacional de Transportes Terrestres) aprovou, na \u00faltima quarta-feira (27), os estudos t\u00e9cnicos e documentos para a renova\u00e7\u00e3o antecipada do contrato de concess\u00e3o da Malha Sudeste de Ferrovias, da MRS Log\u00edstica. A decis\u00e3o foi publicada na quinta-feira (28) no Di\u00e1rio Oficial da Uni\u00e3o (neste link). Com a aprova\u00e7\u00e3o, [&hellip;]","og_url":"https:\/\/agenciainfra.com\/blog\/mrs-antt-aprova-renovacao-antecipada-com-reducao-de-tarifa-da-ferradura-e-menos-outorga\/","og_site_name":"Ag\u00eancia iNFRA","article_publisher":"https:\/\/www.facebook.com\/ageninfra","article_published_time":"2022-07-30T12:00:00+00:00","og_image":[{"width":1300,"height":866,"url":"https:\/\/agenciainfra.com\/blog\/wp-content\/uploads\/2022\/06\/trem-da-MRS-Logistica-foto-MRS-2.jpg","type":"image\/jpeg"}],"author":"Rodrigo Zuquim","twitter_card":"summary_large_image","twitter_creator":"@agencia_infra","twitter_site":"@agencia_infra","twitter_misc":{"Escrito por":"Rodrigo Zuquim","Est. tempo de leitura":"3 minutos"},"schema":{"@context":"https:\/\/schema.org","@graph":[{"@type":"Article","@id":"https:\/\/agenciainfra.com\/blog\/mrs-antt-aprova-renovacao-antecipada-com-reducao-de-tarifa-da-ferradura-e-menos-outorga\/#article","isPartOf":{"@id":"https:\/\/agenciainfra.com\/blog\/mrs-antt-aprova-renovacao-antecipada-com-reducao-de-tarifa-da-ferradura-e-menos-outorga\/"},"author":{"name":"Rodrigo Zuquim","@id":"https:\/\/agenciainfra.com\/blog\/#\/schema\/person\/04dbb79bd6d8951f063da71f3e4c1eb1"},"headline":"MRS: ANTT aprova renova\u00e7\u00e3o antecipada, com redu\u00e7\u00e3o de tarifa da Ferradura e menos outorga","datePublished":"2022-07-30T12:00:00+00:00","mainEntityOfPage":{"@id":"https:\/\/agenciainfra.com\/blog\/mrs-antt-aprova-renovacao-antecipada-com-reducao-de-tarifa-da-ferradura-e-menos-outorga\/"},"wordCount":567,"publisher":{"@id":"https:\/\/agenciainfra.com\/blog\/#organization"},"image":{"@id":"https:\/\/agenciainfra.com\/blog\/mrs-antt-aprova-renovacao-antecipada-com-reducao-de-tarifa-da-ferradura-e-menos-outorga\/#primaryimage"},"thumbnailUrl":"https:\/\/agenciainfra.com\/blog\/wp-content\/uploads\/2022\/06\/trem-da-MRS-Logistica-foto-MRS-2.jpg","keywords":["ANTT","ferradura de Santos","malha sudeste de ferrovias","Minist\u00e9rio da Infraestrutura","MRS","prorroga\u00e7\u00e3o antecipada","Renova\u00e7\u00e3o antecipada","Tarifa","TCU","transportes"],"articleSection":["Geral","iNFRATransporte"],"inLanguage":"pt-BR","copyrightYear":"2022","copyrightHolder":{"@id":"https:\/\/agenciainfra.com\/blog\/#organization"}},{"@type":"WebPage","@id":"https:\/\/agenciainfra.com\/blog\/mrs-antt-aprova-renovacao-antecipada-com-reducao-de-tarifa-da-ferradura-e-menos-outorga\/","url":"https:\/\/agenciainfra.com\/blog\/mrs-antt-aprova-renovacao-antecipada-com-reducao-de-tarifa-da-ferradura-e-menos-outorga\/","name":"MRS: ANTT aprova renova\u00e7\u00e3o antecipada, com redu\u00e7\u00e3o de tarifa da Ferradura e menos outorga - Ag\u00eancia iNFRA","isPartOf":{"@id":"https:\/\/agenciainfra.com\/blog\/#website"},"primaryImageOfPage":{"@id":"https:\/\/agenciainfra.com\/blog\/mrs-antt-aprova-renovacao-antecipada-com-reducao-de-tarifa-da-ferradura-e-menos-outorga\/#primaryimage"},"image":{"@id":"https:\/\/agenciainfra.com\/blog\/mrs-antt-aprova-renovacao-antecipada-com-reducao-de-tarifa-da-ferradura-e-menos-outorga\/#primaryimage"},"thumbnailUrl":"https:\/\/agenciainfra.com\/blog\/wp-content\/uploads\/2022\/06\/trem-da-MRS-Logistica-foto-MRS-2.jpg","datePublished":"2022-07-30T12:00:00+00:00","breadcrumb":{"@id":"https:\/\/agenciainfra.com\/blog\/mrs-antt-aprova-renovacao-antecipada-com-reducao-de-tarifa-da-ferradura-e-menos-outorga\/#breadcrumb"},"inLanguage":"pt-BR","potentialAction":[{"@type":"ReadAction","target":["https:\/\/agenciainfra.com\/blog\/mrs-antt-aprova-renovacao-antecipada-com-reducao-de-tarifa-da-ferradura-e-menos-outorga\/"]}]},{"@type":"ImageObject","inLanguage":"pt-BR","@id":"https:\/\/agenciainfra.com\/blog\/mrs-antt-aprova-renovacao-antecipada-com-reducao-de-tarifa-da-ferradura-e-menos-outorga\/#primaryimage","url":"https:\/\/agenciainfra.com\/blog\/wp-content\/uploads\/2022\/06\/trem-da-MRS-Logistica-foto-MRS-2.jpg","contentUrl":"https:\/\/agenciainfra.com\/blog\/wp-content\/uploads\/2022\/06\/trem-da-MRS-Logistica-foto-MRS-2.jpg","width":1300,"height":866,"caption":"Foto: MRS"},{"@type":"BreadcrumbList","@id":"https:\/\/agenciainfra.com\/blog\/mrs-antt-aprova-renovacao-antecipada-com-reducao-de-tarifa-da-ferradura-e-menos-outorga\/#breadcrumb","itemListElement":[{"@type":"ListItem","position":1,"name":"In\u00edcio","item":"https:\/\/agenciainfra.com\/blog\/"},{"@type":"ListItem","position":2,"name":"MRS: ANTT aprova renova\u00e7\u00e3o antecipada, com redu\u00e7\u00e3o de tarifa da Ferradura e menos outorga"}]},{"@type":"WebSite","@id":"https:\/\/agenciainfra.com\/blog\/#website","url":"https:\/\/agenciainfra.com\/blog\/","name":"Ag\u00eancia iNFRA","description":"Multiplataforma de informa\u00e7\u00e3o jornal\u00edstica refer\u00eancia na \u00e1rea de infraestrutura no Brasil!","publisher":{"@id":"https:\/\/agenciainfra.com\/blog\/#organization"},"potentialAction":[{"@type":"SearchAction","target":{"@type":"EntryPoint","urlTemplate":"https:\/\/agenciainfra.com\/blog\/?s={search_term_string}"},"query-input":{"@type":"PropertyValueSpecification","valueRequired":true,"valueName":"search_term_string"}}],"inLanguage":"pt-BR"},{"@type":"Organization","@id":"https:\/\/agenciainfra.com\/blog\/#organization","name":"Ag\u00eancia iNFRA","url":"https:\/\/agenciainfra.com\/blog\/","logo":{"@type":"ImageObject","inLanguage":"pt-BR","@id":"https:\/\/agenciainfra.com\/blog\/#\/schema\/logo\/image\/","url":"https:\/\/agenciainfra.com\/blog\/wp-content\/uploads\/2023\/09\/iNFRA_5-e1761735885940.png","contentUrl":"https:\/\/agenciainfra.com\/blog\/wp-content\/uploads\/2023\/09\/iNFRA_5-e1761735885940.png","width":1672,"height":454,"caption":"Ag\u00eancia iNFRA"},"image":{"@id":"https:\/\/agenciainfra.com\/blog\/#\/schema\/logo\/image\/"},"sameAs":["https:\/\/www.facebook.com\/ageninfra","https:\/\/x.com\/agencia_infra","https:\/\/www.linkedin.com\/company\/ag\u00eanciainfra\/","https:\/\/www.instagram.com\/agenciainfra\/"]},{"@type":"Person","@id":"https:\/\/agenciainfra.com\/blog\/#\/schema\/person\/04dbb79bd6d8951f063da71f3e4c1eb1","name":"Rodrigo Zuquim","image":{"@type":"ImageObject","inLanguage":"pt-BR","@id":"https:\/\/agenciainfra.com\/blog\/#\/schema\/person\/image\/","url":"https:\/\/secure.gravatar.com\/avatar\/594abfe82761d620726242ff34ca472a705a4b97f16c790053a6b4c4035274d0?s=96&d=mm&r=g","contentUrl":"https:\/\/secure.gravatar.com\/avatar\/594abfe82761d620726242ff34ca472a705a4b97f16c790053a6b4c4035274d0?s=96&d=mm&r=g","caption":"Rodrigo Zuquim"},"url":"https:\/\/agenciainfra.com\/blog\/author\/rodrigo-zuquim\/"}]}},"_links":{"self":[{"href":"https:\/\/agenciainfra.com\/blog\/wp-json\/wp\/v2\/posts\/10964","targetHints":{"allow":["GET"]}}],"collection":[{"href":"https:\/\/agenciainfra.com\/blog\/wp-json\/wp\/v2\/posts"}],"about":[{"href":"https:\/\/agenciainfra.com\/blog\/wp-json\/wp\/v2\/types\/post"}],"author":[{"embeddable":true,"href":"https:\/\/agenciainfra.com\/blog\/wp-json\/wp\/v2\/users\/9"}],"replies":[{"embeddable":true,"href":"https:\/\/agenciainfra.com\/blog\/wp-json\/wp\/v2\/comments?post=10964"}],"version-history":[{"count":0,"href":"https:\/\/agenciainfra.com\/blog\/wp-json\/wp\/v2\/posts\/10964\/revisions"}],"wp:featuredmedia":[{"embeddable":true,"href":"https:\/\/agenciainfra.com\/blog\/wp-json\/wp\/v2\/media\/10544"}],"wp:attachment":[{"href":"https:\/\/agenciainfra.com\/blog\/wp-json\/wp\/v2\/media?parent=10964"}],"wp:term":[{"taxonomy":"category","embeddable":true,"href":"https:\/\/agenciainfra.com\/blog\/wp-json\/wp\/v2\/categories?post=10964"},{"taxonomy":"post_tag","embeddable":true,"href":"https:\/\/agenciainfra.com\/blog\/wp-json\/wp\/v2\/tags?post=10964"}],"curies":[{"name":"wp","href":"https:\/\/api.w.org\/{rel}","templated":true}]}}