{"id":10974,"date":"2022-08-01T10:00:00","date_gmt":"2022-08-01T13:00:00","guid":{"rendered":"https:\/\/www.agenciainfra.com\/blog\/?p=10974"},"modified":"2022-07-29T08:45:09","modified_gmt":"2022-07-29T11:45:09","slug":"infradebate-a-exportacao-de-servicos-de-engenharia","status":"publish","type":"post","link":"https:\/\/agenciainfra.com\/blog\/infradebate-a-exportacao-de-servicos-de-engenharia\/","title":{"rendered":"iNFRADebate: A exporta\u00e7\u00e3o de servi\u00e7os de engenharia"},"content":{"rendered":"\n<p class=\"has-text-align-right\"><strong>Tatiane Wildt* e M\u00e1rcio Tesser**<\/strong><\/p>\n\n\n\n<p>A exporta\u00e7\u00e3o de servi\u00e7os de engenharia \u00e9 amplamente utilizada por pa\u00edses desenvolvidos, como Estados Unidos, Alemanha, Reino Unido e Jap\u00e3o. A China vem se destacando nesse segmento, com ativos localizados principalmente na Am\u00e9rica Latina e \u00c1frica. No Brasil, a exporta\u00e7\u00e3o desse tipo de servi\u00e7o saiu de pauta em decorr\u00eancia da politiza\u00e7\u00e3o descontextualizada da tem\u00e1tica. Questionamentos ao apoio \u00e0 exporta\u00e7\u00e3o pelo BNDES (Banco Nacional de Desenvolvimento Econ\u00f4mico e Social) por vezes partem do princ\u00edpio de fiscaliza\u00e7\u00e3o do custo dos insumos que comp\u00f5em a exporta\u00e7\u00e3o. Todavia, o cumprimento do objetivo do apoio ocorre pela \u00f3tica de pa\u00eds vendedor, cujo interesse \u00e9 a realiza\u00e7\u00e3o da venda; e n\u00e3o pela \u00f3tica de pa\u00eds comprador, interessado na minimiza\u00e7\u00e3o dos custos de constru\u00e7\u00e3o e nos benef\u00edcios gerados pelo uso do empreendimento.<\/p>\n\n\n\n<p>Ao se criticar a exporta\u00e7\u00e3o desses servi\u00e7os e o apoio outrora oferecido pelo BNDES, dois erros de discurso s\u00e3o frequentemente reverberados. O primeiro diz que o BNDES investe mais dinheiro na exporta\u00e7\u00e3o de servi\u00e7os do que no desenvolvimento da infraestrutura nacional, o que n\u00e3o \u00e9 verdade \u2013 a exporta\u00e7\u00e3o de bens e servi\u00e7os de engenharia representou, entre 2003 e 2018, 1,3% do total desembolsado pelo BNDES, enquanto investimentos na infraestrutura nacional, no mesmo per\u00edodo, responderam por 36%. O segundo equ\u00edvoco diz que o banco traz preju\u00edzos para o Brasil com esse tipo de atividade, mas o BNDES desembolsou R$ 10,499 bilh\u00f5es para os exportadores, e recebeu R$ 12,653 bilh\u00f5es em pagamentos nos \u00faltimos anos, com outros R$ 1,097 bilh\u00e3o de saldo devedor a vencer.<\/p>\n\n\n\n<p>Esse tipo de servi\u00e7o \u00e9 importante, pois gera empregos no pa\u00eds de origem, fomenta a ind\u00fastria nacional e cria uma longa cadeia de fornecimento de bens e servi\u00e7os com empregos de alto valor agregado e aumento da renda per capita da popula\u00e7\u00e3o. No contexto da desindustrializa\u00e7\u00e3o da economia brasileira nos \u00faltimos anos, retomar o investimento em servi\u00e7os de alta qualidade \u00e9 um passo importante para a formaliza\u00e7\u00e3o do emprego no pa\u00eds, visto que o agroneg\u00f3cio, apesar de pujante, n\u00e3o consegue absorver toda essa m\u00e3o de obra ociosa.<\/p>\n\n\n\n<p>Al\u00e9m disso, nos \u00faltimos anos, o Brasil se tornou um importador de servi\u00e7os de engenharia. O BNDES, criado em 1952 para incentivar o desenvolvimento econ\u00f4mico do pa\u00eds, est\u00e1, 70 anos depois, fomentando empresas estrangeiras com recurso nacional. F\u00e1bio Abrah\u00e3o, diretor de Concess\u00f5es e Privatiza\u00e7\u00f5es do banco, em entrevista disse que o foco \u00e9 viabilizar a entrada de novos players no mercado de infraestrutura em geral no Brasil. Seria o desmantelamento nacional? Isso tudo em um momento de crise e repress\u00e3o, em que as empresas nacionais urgem por recursos e espa\u00e7o para se manterem erguidas, trabalhar e n\u00e3o perder expertise.<\/p>\n\n\n\n<p>Um estudo do Sinicon (Sindicato Nacional da Ind\u00fastria da Constru\u00e7\u00e3o Pesada-Infraestrutura) mostra que, a cada R$ 1 milh\u00e3o investido em infraestrutura, o PIB (Produto Interno Bruto) do pa\u00eds \u00e9 elevado em R$ 1,44 milh\u00e3o. Isto significa que, investindo R$ 28 bilh\u00f5es em infraestrutura, teremos 943,5 mil novos postos de trabalho, R$ 40 bilh\u00f5es a mais no PIB, R$ 6,4 milh\u00f5es em impostos e R$ 14,4 bilh\u00f5es em sal\u00e1rios circulando na economia. Vale lembrar tamb\u00e9m que o setor tem alta formaliza\u00e7\u00e3o do trabalho (79%), colocando-se bem acima da m\u00e9dia brasileira (45%). Dessa forma, precisamos ter em mente que \u00e9 importante retomar as pol\u00edticas p\u00fablicas para o fomento desse tipo de atividade e recuperarmos o tempo de inatividade. Precisamos voltar a gerar emprego, renda, crescimento e desenvolvimento econ\u00f4mico, para al\u00e9m de projetar o Brasil no exterior apenas como celeiro do mundo.<\/p>\n\n\n\n<h6 class=\"wp-block-heading\" id=\"block-aa9ff8cf-f9c2-435f-85ff-56a599c37bc9\"><strong>*<strong>Tatiane Wildt \u00e9 coordenadora do n\u00facleo de Infraestrutura da BMJ Consultores Associados.<\/strong><\/strong><\/h6>\n\n\n\n<h6 class=\"wp-block-heading\" id=\"block-aa9ff8cf-f9c2-435f-85ff-56a599c37bc9\"><strong><strong>**M\u00e1rcio Tesser \u00e9 consultor de Infraestrutura da BMJ Consultores Associados<\/strong>.<\/strong><\/h6>\n\n\n\n<h5 class=\"wp-block-heading\" id=\"block-d67878ff-7627-4f15-b175-8f58269174ff\">O iNFRADebate \u00e9 o espa\u00e7o de artigos da Ag\u00eancia iNFRA com opini\u00f5es de seus atores que n\u00e3o refletem necessariamente o pensamento da Ag\u00eancia iNFRA, sendo de total responsabilidade do autor as informa\u00e7\u00f5es, ju\u00edzos de valor e conceitos descritos no texto.<\/h5>\n","protected":false},"excerpt":{"rendered":"<p>Tatiane Wildt* e M\u00e1rcio Tesser** A exporta\u00e7\u00e3o de servi\u00e7os de engenharia \u00e9 amplamente utilizada por pa\u00edses desenvolvidos, como Estados Unidos, Alemanha, Reino Unido e Jap\u00e3o. A China vem se destacando nesse segmento, com ativos localizados principalmente na Am\u00e9rica Latina e \u00c1frica. No Brasil, a exporta\u00e7\u00e3o desse tipo de servi\u00e7o saiu de pauta em decorr\u00eancia da [&hellip;]<\/p>\n","protected":false},"author":9,"featured_media":10975,"comment_status":"closed","ping_status":"closed","sticky":false,"template":"","format":"standard","meta":{"_monsterinsights_skip_tracking":false,"_monsterinsights_sitenote_active":false,"_monsterinsights_sitenote_note":"","_monsterinsights_sitenote_category":0,"footnotes":""},"categories":[1,11],"tags":[5576,103,115,717,1781,368,34,5575,5577,132,5574],"class_list":["post-10974","post","type-post","status-publish","format-standard","has-post-thumbnail","hentry","category-geral","category-infradebate","tag-bens-e-servicos","tag-bndes","tag-engenharia","tag-exportacao","tag-fabio-abrahao","tag-industria","tag-infraestrutura","tag-marcio-tesser","tag-servicos-de-engenharia","tag-sinicon","tag-tatiane-wildt"],"yoast_head":"<!-- This site is optimized with the Yoast SEO Premium plugin v25.4 (Yoast SEO v26.0) - https:\/\/yoast.com\/wordpress\/plugins\/seo\/ -->\n<title>iNFRADebate: A exporta\u00e7\u00e3o de servi\u00e7os de engenharia - Ag\u00eancia iNFRA<\/title>\n<meta name=\"robots\" content=\"index, follow, max-snippet:-1, max-image-preview:large, max-video-preview:-1\" \/>\n<link rel=\"canonical\" href=\"https:\/\/agenciainfra.com\/blog\/infradebate-a-exportacao-de-servicos-de-engenharia\/\" \/>\n<meta property=\"og:locale\" content=\"pt_BR\" \/>\n<meta property=\"og:type\" content=\"article\" \/>\n<meta property=\"og:title\" content=\"iNFRADebate: A exporta\u00e7\u00e3o de servi\u00e7os de engenharia\" \/>\n<meta property=\"og:description\" content=\"Tatiane Wildt* e M\u00e1rcio Tesser** A exporta\u00e7\u00e3o de servi\u00e7os de engenharia \u00e9 amplamente utilizada por pa\u00edses desenvolvidos, como Estados Unidos, Alemanha, Reino Unido e Jap\u00e3o. A China vem se destacando nesse segmento, com ativos localizados principalmente na Am\u00e9rica Latina e \u00c1frica. No Brasil, a exporta\u00e7\u00e3o desse tipo de servi\u00e7o saiu de pauta em decorr\u00eancia da [&hellip;]\" \/>\n<meta property=\"og:url\" content=\"https:\/\/agenciainfra.com\/blog\/infradebate-a-exportacao-de-servicos-de-engenharia\/\" \/>\n<meta property=\"og:site_name\" content=\"Ag\u00eancia iNFRA\" \/>\n<meta property=\"article:publisher\" content=\"https:\/\/www.facebook.com\/ageninfra\" \/>\n<meta property=\"article:published_time\" content=\"2022-08-01T13:00:00+00:00\" \/>\n<meta property=\"og:image\" content=\"https:\/\/agenciainfra.com\/blog\/wp-content\/uploads\/2022\/07\/tatiane-wildt-e-marcio-tesser-foto-arquivo-pessoal.png\" \/>\n\t<meta property=\"og:image:width\" content=\"1280\" \/>\n\t<meta property=\"og:image:height\" content=\"744\" \/>\n\t<meta property=\"og:image:type\" content=\"image\/png\" \/>\n<meta name=\"author\" content=\"Rodrigo Zuquim\" \/>\n<meta name=\"twitter:card\" content=\"summary_large_image\" \/>\n<meta name=\"twitter:creator\" content=\"@agencia_infra\" \/>\n<meta name=\"twitter:site\" content=\"@agencia_infra\" \/>\n<meta name=\"twitter:label1\" content=\"Escrito por\" \/>\n\t<meta name=\"twitter:data1\" content=\"Rodrigo Zuquim\" \/>\n\t<meta name=\"twitter:label2\" content=\"Est. tempo de leitura\" \/>\n\t<meta name=\"twitter:data2\" content=\"3 minutos\" \/>\n<script type=\"application\/ld+json\" class=\"yoast-schema-graph\">{\"@context\":\"https:\/\/schema.org\",\"@graph\":[{\"@type\":\"Article\",\"@id\":\"https:\/\/agenciainfra.com\/blog\/infradebate-a-exportacao-de-servicos-de-engenharia\/#article\",\"isPartOf\":{\"@id\":\"https:\/\/agenciainfra.com\/blog\/infradebate-a-exportacao-de-servicos-de-engenharia\/\"},\"author\":{\"name\":\"Rodrigo Zuquim\",\"@id\":\"https:\/\/agenciainfra.com\/blog\/#\/schema\/person\/04dbb79bd6d8951f063da71f3e4c1eb1\"},\"headline\":\"iNFRADebate: A exporta\u00e7\u00e3o de servi\u00e7os de engenharia\",\"datePublished\":\"2022-08-01T13:00:00+00:00\",\"mainEntityOfPage\":{\"@id\":\"https:\/\/agenciainfra.com\/blog\/infradebate-a-exportacao-de-servicos-de-engenharia\/\"},\"wordCount\":706,\"publisher\":{\"@id\":\"https:\/\/agenciainfra.com\/blog\/#organization\"},\"image\":{\"@id\":\"https:\/\/agenciainfra.com\/blog\/infradebate-a-exportacao-de-servicos-de-engenharia\/#primaryimage\"},\"thumbnailUrl\":\"https:\/\/agenciainfra.com\/blog\/wp-content\/uploads\/2022\/07\/tatiane-wildt-e-marcio-tesser-foto-arquivo-pessoal.png\",\"keywords\":[\"bens e servi\u00e7os\",\"BNDES\",\"Engenharia\",\"exporta\u00e7\u00e3o\",\"F\u00e1bio Abrah\u00e3o\",\"ind\u00fastria\",\"Infraestrutura\",\"M\u00e1rcio Tesser\",\"servi\u00e7os de engenharia\",\"Sinicon\",\"Tatiane Wildt\"],\"articleSection\":[\"Geral\",\"iNFRADebate\"],\"inLanguage\":\"pt-BR\",\"copyrightYear\":\"2022\",\"copyrightHolder\":{\"@id\":\"https:\/\/agenciainfra.com\/blog\/#organization\"}},{\"@type\":\"WebPage\",\"@id\":\"https:\/\/agenciainfra.com\/blog\/infradebate-a-exportacao-de-servicos-de-engenharia\/\",\"url\":\"https:\/\/agenciainfra.com\/blog\/infradebate-a-exportacao-de-servicos-de-engenharia\/\",\"name\":\"iNFRADebate: A exporta\u00e7\u00e3o de servi\u00e7os de engenharia - Ag\u00eancia iNFRA\",\"isPartOf\":{\"@id\":\"https:\/\/agenciainfra.com\/blog\/#website\"},\"primaryImageOfPage\":{\"@id\":\"https:\/\/agenciainfra.com\/blog\/infradebate-a-exportacao-de-servicos-de-engenharia\/#primaryimage\"},\"image\":{\"@id\":\"https:\/\/agenciainfra.com\/blog\/infradebate-a-exportacao-de-servicos-de-engenharia\/#primaryimage\"},\"thumbnailUrl\":\"https:\/\/agenciainfra.com\/blog\/wp-content\/uploads\/2022\/07\/tatiane-wildt-e-marcio-tesser-foto-arquivo-pessoal.png\",\"datePublished\":\"2022-08-01T13:00:00+00:00\",\"breadcrumb\":{\"@id\":\"https:\/\/agenciainfra.com\/blog\/infradebate-a-exportacao-de-servicos-de-engenharia\/#breadcrumb\"},\"inLanguage\":\"pt-BR\",\"potentialAction\":[{\"@type\":\"ReadAction\",\"target\":[\"https:\/\/agenciainfra.com\/blog\/infradebate-a-exportacao-de-servicos-de-engenharia\/\"]}]},{\"@type\":\"ImageObject\",\"inLanguage\":\"pt-BR\",\"@id\":\"https:\/\/agenciainfra.com\/blog\/infradebate-a-exportacao-de-servicos-de-engenharia\/#primaryimage\",\"url\":\"https:\/\/agenciainfra.com\/blog\/wp-content\/uploads\/2022\/07\/tatiane-wildt-e-marcio-tesser-foto-arquivo-pessoal.png\",\"contentUrl\":\"https:\/\/agenciainfra.com\/blog\/wp-content\/uploads\/2022\/07\/tatiane-wildt-e-marcio-tesser-foto-arquivo-pessoal.png\",\"width\":1280,\"height\":744},{\"@type\":\"BreadcrumbList\",\"@id\":\"https:\/\/agenciainfra.com\/blog\/infradebate-a-exportacao-de-servicos-de-engenharia\/#breadcrumb\",\"itemListElement\":[{\"@type\":\"ListItem\",\"position\":1,\"name\":\"In\u00edcio\",\"item\":\"https:\/\/agenciainfra.com\/blog\/\"},{\"@type\":\"ListItem\",\"position\":2,\"name\":\"iNFRADebate: A exporta\u00e7\u00e3o de servi\u00e7os de engenharia\"}]},{\"@type\":\"WebSite\",\"@id\":\"https:\/\/agenciainfra.com\/blog\/#website\",\"url\":\"https:\/\/agenciainfra.com\/blog\/\",\"name\":\"Ag\u00eancia iNFRA\",\"description\":\"Multiplataforma de informa\u00e7\u00e3o jornal\u00edstica refer\u00eancia na \u00e1rea de infraestrutura no Brasil!\",\"publisher\":{\"@id\":\"https:\/\/agenciainfra.com\/blog\/#organization\"},\"potentialAction\":[{\"@type\":\"SearchAction\",\"target\":{\"@type\":\"EntryPoint\",\"urlTemplate\":\"https:\/\/agenciainfra.com\/blog\/?s={search_term_string}\"},\"query-input\":{\"@type\":\"PropertyValueSpecification\",\"valueRequired\":true,\"valueName\":\"search_term_string\"}}],\"inLanguage\":\"pt-BR\"},{\"@type\":\"Organization\",\"@id\":\"https:\/\/agenciainfra.com\/blog\/#organization\",\"name\":\"Ag\u00eancia iNFRA\",\"url\":\"https:\/\/agenciainfra.com\/blog\/\",\"logo\":{\"@type\":\"ImageObject\",\"inLanguage\":\"pt-BR\",\"@id\":\"https:\/\/agenciainfra.com\/blog\/#\/schema\/logo\/image\/\",\"url\":\"https:\/\/agenciainfra.com\/blog\/wp-content\/uploads\/2023\/09\/iNFRA_5-e1761735885940.png\",\"contentUrl\":\"https:\/\/agenciainfra.com\/blog\/wp-content\/uploads\/2023\/09\/iNFRA_5-e1761735885940.png\",\"width\":1672,\"height\":454,\"caption\":\"Ag\u00eancia iNFRA\"},\"image\":{\"@id\":\"https:\/\/agenciainfra.com\/blog\/#\/schema\/logo\/image\/\"},\"sameAs\":[\"https:\/\/www.facebook.com\/ageninfra\",\"https:\/\/x.com\/agencia_infra\",\"https:\/\/www.linkedin.com\/company\/ag\u00eanciainfra\/\",\"https:\/\/www.instagram.com\/agenciainfra\/\"]},{\"@type\":\"Person\",\"@id\":\"https:\/\/agenciainfra.com\/blog\/#\/schema\/person\/04dbb79bd6d8951f063da71f3e4c1eb1\",\"name\":\"Rodrigo Zuquim\",\"image\":{\"@type\":\"ImageObject\",\"inLanguage\":\"pt-BR\",\"@id\":\"https:\/\/agenciainfra.com\/blog\/#\/schema\/person\/image\/\",\"url\":\"https:\/\/secure.gravatar.com\/avatar\/594abfe82761d620726242ff34ca472a705a4b97f16c790053a6b4c4035274d0?s=96&d=mm&r=g\",\"contentUrl\":\"https:\/\/secure.gravatar.com\/avatar\/594abfe82761d620726242ff34ca472a705a4b97f16c790053a6b4c4035274d0?s=96&d=mm&r=g\",\"caption\":\"Rodrigo Zuquim\"},\"url\":\"https:\/\/agenciainfra.com\/blog\/author\/rodrigo-zuquim\/\"}]}<\/script>\n<!-- \/ Yoast SEO Premium plugin. -->","yoast_head_json":{"title":"iNFRADebate: A exporta\u00e7\u00e3o de servi\u00e7os de engenharia - Ag\u00eancia iNFRA","robots":{"index":"index","follow":"follow","max-snippet":"max-snippet:-1","max-image-preview":"max-image-preview:large","max-video-preview":"max-video-preview:-1"},"canonical":"https:\/\/agenciainfra.com\/blog\/infradebate-a-exportacao-de-servicos-de-engenharia\/","og_locale":"pt_BR","og_type":"article","og_title":"iNFRADebate: A exporta\u00e7\u00e3o de servi\u00e7os de engenharia","og_description":"Tatiane Wildt* e M\u00e1rcio Tesser** A exporta\u00e7\u00e3o de servi\u00e7os de engenharia \u00e9 amplamente utilizada por pa\u00edses desenvolvidos, como Estados Unidos, Alemanha, Reino Unido e Jap\u00e3o. A China vem se destacando nesse segmento, com ativos localizados principalmente na Am\u00e9rica Latina e \u00c1frica. No Brasil, a exporta\u00e7\u00e3o desse tipo de servi\u00e7o saiu de pauta em decorr\u00eancia da [&hellip;]","og_url":"https:\/\/agenciainfra.com\/blog\/infradebate-a-exportacao-de-servicos-de-engenharia\/","og_site_name":"Ag\u00eancia iNFRA","article_publisher":"https:\/\/www.facebook.com\/ageninfra","article_published_time":"2022-08-01T13:00:00+00:00","og_image":[{"width":1280,"height":744,"url":"https:\/\/agenciainfra.com\/blog\/wp-content\/uploads\/2022\/07\/tatiane-wildt-e-marcio-tesser-foto-arquivo-pessoal.png","type":"image\/png"}],"author":"Rodrigo Zuquim","twitter_card":"summary_large_image","twitter_creator":"@agencia_infra","twitter_site":"@agencia_infra","twitter_misc":{"Escrito por":"Rodrigo Zuquim","Est. tempo de leitura":"3 minutos"},"schema":{"@context":"https:\/\/schema.org","@graph":[{"@type":"Article","@id":"https:\/\/agenciainfra.com\/blog\/infradebate-a-exportacao-de-servicos-de-engenharia\/#article","isPartOf":{"@id":"https:\/\/agenciainfra.com\/blog\/infradebate-a-exportacao-de-servicos-de-engenharia\/"},"author":{"name":"Rodrigo Zuquim","@id":"https:\/\/agenciainfra.com\/blog\/#\/schema\/person\/04dbb79bd6d8951f063da71f3e4c1eb1"},"headline":"iNFRADebate: A exporta\u00e7\u00e3o de servi\u00e7os de engenharia","datePublished":"2022-08-01T13:00:00+00:00","mainEntityOfPage":{"@id":"https:\/\/agenciainfra.com\/blog\/infradebate-a-exportacao-de-servicos-de-engenharia\/"},"wordCount":706,"publisher":{"@id":"https:\/\/agenciainfra.com\/blog\/#organization"},"image":{"@id":"https:\/\/agenciainfra.com\/blog\/infradebate-a-exportacao-de-servicos-de-engenharia\/#primaryimage"},"thumbnailUrl":"https:\/\/agenciainfra.com\/blog\/wp-content\/uploads\/2022\/07\/tatiane-wildt-e-marcio-tesser-foto-arquivo-pessoal.png","keywords":["bens e servi\u00e7os","BNDES","Engenharia","exporta\u00e7\u00e3o","F\u00e1bio Abrah\u00e3o","ind\u00fastria","Infraestrutura","M\u00e1rcio Tesser","servi\u00e7os de engenharia","Sinicon","Tatiane Wildt"],"articleSection":["Geral","iNFRADebate"],"inLanguage":"pt-BR","copyrightYear":"2022","copyrightHolder":{"@id":"https:\/\/agenciainfra.com\/blog\/#organization"}},{"@type":"WebPage","@id":"https:\/\/agenciainfra.com\/blog\/infradebate-a-exportacao-de-servicos-de-engenharia\/","url":"https:\/\/agenciainfra.com\/blog\/infradebate-a-exportacao-de-servicos-de-engenharia\/","name":"iNFRADebate: A exporta\u00e7\u00e3o de servi\u00e7os de engenharia - Ag\u00eancia iNFRA","isPartOf":{"@id":"https:\/\/agenciainfra.com\/blog\/#website"},"primaryImageOfPage":{"@id":"https:\/\/agenciainfra.com\/blog\/infradebate-a-exportacao-de-servicos-de-engenharia\/#primaryimage"},"image":{"@id":"https:\/\/agenciainfra.com\/blog\/infradebate-a-exportacao-de-servicos-de-engenharia\/#primaryimage"},"thumbnailUrl":"https:\/\/agenciainfra.com\/blog\/wp-content\/uploads\/2022\/07\/tatiane-wildt-e-marcio-tesser-foto-arquivo-pessoal.png","datePublished":"2022-08-01T13:00:00+00:00","breadcrumb":{"@id":"https:\/\/agenciainfra.com\/blog\/infradebate-a-exportacao-de-servicos-de-engenharia\/#breadcrumb"},"inLanguage":"pt-BR","potentialAction":[{"@type":"ReadAction","target":["https:\/\/agenciainfra.com\/blog\/infradebate-a-exportacao-de-servicos-de-engenharia\/"]}]},{"@type":"ImageObject","inLanguage":"pt-BR","@id":"https:\/\/agenciainfra.com\/blog\/infradebate-a-exportacao-de-servicos-de-engenharia\/#primaryimage","url":"https:\/\/agenciainfra.com\/blog\/wp-content\/uploads\/2022\/07\/tatiane-wildt-e-marcio-tesser-foto-arquivo-pessoal.png","contentUrl":"https:\/\/agenciainfra.com\/blog\/wp-content\/uploads\/2022\/07\/tatiane-wildt-e-marcio-tesser-foto-arquivo-pessoal.png","width":1280,"height":744},{"@type":"BreadcrumbList","@id":"https:\/\/agenciainfra.com\/blog\/infradebate-a-exportacao-de-servicos-de-engenharia\/#breadcrumb","itemListElement":[{"@type":"ListItem","position":1,"name":"In\u00edcio","item":"https:\/\/agenciainfra.com\/blog\/"},{"@type":"ListItem","position":2,"name":"iNFRADebate: A exporta\u00e7\u00e3o de servi\u00e7os de engenharia"}]},{"@type":"WebSite","@id":"https:\/\/agenciainfra.com\/blog\/#website","url":"https:\/\/agenciainfra.com\/blog\/","name":"Ag\u00eancia iNFRA","description":"Multiplataforma de informa\u00e7\u00e3o jornal\u00edstica refer\u00eancia na \u00e1rea de infraestrutura no Brasil!","publisher":{"@id":"https:\/\/agenciainfra.com\/blog\/#organization"},"potentialAction":[{"@type":"SearchAction","target":{"@type":"EntryPoint","urlTemplate":"https:\/\/agenciainfra.com\/blog\/?s={search_term_string}"},"query-input":{"@type":"PropertyValueSpecification","valueRequired":true,"valueName":"search_term_string"}}],"inLanguage":"pt-BR"},{"@type":"Organization","@id":"https:\/\/agenciainfra.com\/blog\/#organization","name":"Ag\u00eancia iNFRA","url":"https:\/\/agenciainfra.com\/blog\/","logo":{"@type":"ImageObject","inLanguage":"pt-BR","@id":"https:\/\/agenciainfra.com\/blog\/#\/schema\/logo\/image\/","url":"https:\/\/agenciainfra.com\/blog\/wp-content\/uploads\/2023\/09\/iNFRA_5-e1761735885940.png","contentUrl":"https:\/\/agenciainfra.com\/blog\/wp-content\/uploads\/2023\/09\/iNFRA_5-e1761735885940.png","width":1672,"height":454,"caption":"Ag\u00eancia iNFRA"},"image":{"@id":"https:\/\/agenciainfra.com\/blog\/#\/schema\/logo\/image\/"},"sameAs":["https:\/\/www.facebook.com\/ageninfra","https:\/\/x.com\/agencia_infra","https:\/\/www.linkedin.com\/company\/ag\u00eanciainfra\/","https:\/\/www.instagram.com\/agenciainfra\/"]},{"@type":"Person","@id":"https:\/\/agenciainfra.com\/blog\/#\/schema\/person\/04dbb79bd6d8951f063da71f3e4c1eb1","name":"Rodrigo Zuquim","image":{"@type":"ImageObject","inLanguage":"pt-BR","@id":"https:\/\/agenciainfra.com\/blog\/#\/schema\/person\/image\/","url":"https:\/\/secure.gravatar.com\/avatar\/594abfe82761d620726242ff34ca472a705a4b97f16c790053a6b4c4035274d0?s=96&d=mm&r=g","contentUrl":"https:\/\/secure.gravatar.com\/avatar\/594abfe82761d620726242ff34ca472a705a4b97f16c790053a6b4c4035274d0?s=96&d=mm&r=g","caption":"Rodrigo Zuquim"},"url":"https:\/\/agenciainfra.com\/blog\/author\/rodrigo-zuquim\/"}]}},"_links":{"self":[{"href":"https:\/\/agenciainfra.com\/blog\/wp-json\/wp\/v2\/posts\/10974","targetHints":{"allow":["GET"]}}],"collection":[{"href":"https:\/\/agenciainfra.com\/blog\/wp-json\/wp\/v2\/posts"}],"about":[{"href":"https:\/\/agenciainfra.com\/blog\/wp-json\/wp\/v2\/types\/post"}],"author":[{"embeddable":true,"href":"https:\/\/agenciainfra.com\/blog\/wp-json\/wp\/v2\/users\/9"}],"replies":[{"embeddable":true,"href":"https:\/\/agenciainfra.com\/blog\/wp-json\/wp\/v2\/comments?post=10974"}],"version-history":[{"count":0,"href":"https:\/\/agenciainfra.com\/blog\/wp-json\/wp\/v2\/posts\/10974\/revisions"}],"wp:featuredmedia":[{"embeddable":true,"href":"https:\/\/agenciainfra.com\/blog\/wp-json\/wp\/v2\/media\/10975"}],"wp:attachment":[{"href":"https:\/\/agenciainfra.com\/blog\/wp-json\/wp\/v2\/media?parent=10974"}],"wp:term":[{"taxonomy":"category","embeddable":true,"href":"https:\/\/agenciainfra.com\/blog\/wp-json\/wp\/v2\/categories?post=10974"},{"taxonomy":"post_tag","embeddable":true,"href":"https:\/\/agenciainfra.com\/blog\/wp-json\/wp\/v2\/tags?post=10974"}],"curies":[{"name":"wp","href":"https:\/\/api.w.org\/{rel}","templated":true}]}}