{"id":10988,"date":"2022-08-02T11:00:00","date_gmt":"2022-08-02T14:00:00","guid":{"rendered":"https:\/\/www.agenciainfra.com\/blog\/?p=10988"},"modified":"2022-08-02T08:09:39","modified_gmt":"2022-08-02T11:09:39","slug":"sachsida-questiona-oficialmente-a-aneel-sobre-legalidade-de-beneficio-a-ambar-em-leilao","status":"publish","type":"post","link":"https:\/\/agenciainfra.com\/blog\/sachsida-questiona-oficialmente-a-aneel-sobre-legalidade-de-beneficio-a-ambar-em-leilao\/","title":{"rendered":"Sachsida questiona oficialmente a ANEEL sobre legalidade de benef\u00edcio \u00e0 \u00c2mbar em leil\u00e3o"},"content":{"rendered":"\n<p class=\"has-text-align-right\"><strong>Alexandre Leoratti e Leila Coimbra,&nbsp;da Ag\u00eancia iNFRA<\/strong><\/p>\n\n\n\n<p>O ministro de Minas e Energia, Adolfo Sachsida,\u00a0questionou em of\u00edcio\u00a0a ANEEL (Ag\u00eancia Nacional de Energia El\u00e9trica) sobre a legalidade da decis\u00e3o que autorizou a \u00c2mbar Energia a usar a t\u00e9rmica de Cuiab\u00e1 no lugar de quatro outras usinas a g\u00e1s que tiveram atraso no in\u00edcio de suas opera\u00e7\u00f5es ap\u00f3s a contrata\u00e7\u00e3o no PCS (Procedimento Competitivo Simplificado).<br><br>A\u00a0<strong>Ag\u00eancia iNFRA<\/strong>\u00a0teve acesso ao\u00a0documento,\u00a0enviado \u00e0 diretora-geral substituta da ANEEL, Camila Bomfim, no qual Sachsida diz que todas as regras do leil\u00e3o simplificado foram definidas previamente e que h\u00e1 \u201cveda\u00e7\u00e3o expressa\u201d de participa\u00e7\u00e3o no PCS de usinas j\u00e1 em opera\u00e7\u00e3o comercial, como \u00e9 o caso da t\u00e9rmica de Cuiab\u00e1.\u00a0<br><br>O ministro solicitou um\u00a0parecer jur\u00eddico \u201cacerca da legalidade das decis\u00f5es proferidas em rela\u00e7\u00e3o ao Procedimento Competitivo Simplificado\u201d. Ele tamb\u00e9m destacou a manifesta\u00e7\u00e3o da Procuradoria Federal junto \u00e0 ANEEL contra a possibilidade da contrata\u00e7\u00e3o de empreendimento j\u00e1 em funcionamento.\u00a0<br><br><strong>CCEE notifica usinas\u00a0<\/strong><br>Na segunda-feira (1\u00ba), a CCEE (C\u00e2mara de Comercializa\u00e7\u00e3o de Energia El\u00e9trica)\u00a0notificou\u00a011 usinas contratadas no PCS que os empreendimentos que n\u00e3o foram totalmente entregues poder\u00e3o ter seus contratos rescindidos, dentre elas as usinas da \u00c2mbar Energia que tiveram a situa\u00e7\u00e3o flexibilizada pela ANEEL. Os empreendimentos notificados est\u00e3o com atraso superior a 90 dias para entrar em opera\u00e7\u00e3o. O prazo do PCS terminou ontem.\u00a0<br><br>No s\u00e1bado (30), entretanto, o diretor da ANEEL Efrain Cruz enviou um\u00a0of\u00edcio\u00a0ao presidente da CCEE, Rui Altieri, explicando que a \u00c2mbar teve sua situa\u00e7\u00e3o flexibilizada por decis\u00e3o colegiada da ag\u00eancia reguladora. Com isso, segundo o diretor, n\u00e3o ser\u00e1 necess\u00e1ria a manuten\u00e7\u00e3o dos quatro empreendimentos pertencentes \u00e0 empresa de energia.\u00a0<br><br>\u201cRessalto que essa flexibiliza\u00e7\u00e3o \u00e9 poss\u00edvel e atende aos requisitos do comando da decis\u00e3o da ANEEL desde que seja imprescind\u00edvel determinar que a energia gerada e entregue no ponto de entrega n\u00e3o seja oriunda da UTE M\u00e1rio Covas, ainda que por an\u00e1lise e medi\u00e7\u00e3o das diferen\u00e7as\u201d, disse o diretor no of\u00edcio.\u00a0<br><br>As quatro usinas a g\u00e1s da \u00c2mbar (Edlux X, UTE EPP II, UTE EPP IV e UTE Rio de Janeiro I) ganharam o leil\u00e3o de contrata\u00e7\u00e3o simplificada realizado em outubro de 2021. Entretanto, as usinas n\u00e3o\u00a0entraram em opera\u00e7\u00e3o em 1\u00ba de maio, conforme previsto no contrato. O atraso prev\u00ea pagamento de multa de R$ 209 milh\u00f5es. A rescis\u00e3o\u00a0do contrato \u00e9 prevista se n\u00e3o entrarem em opera\u00e7\u00e3o at\u00e9 1\u00ba de agosto (ontem).<br><br><strong>Decis\u00e3o colegiada<\/strong><br>A \u00c2mbar prop\u00f4s utilizar a energia produzida em Cuiab\u00e1 para compensar os contratos. A proposta foi aceita pela maioria do colegiado da ANEEL, mas a decis\u00e3o est\u00e1 sendo questionada pelo MME.<br><br>No dia limite da entrada em opera\u00e7\u00e3o (1\u00ba de agosto), a Abrace (Associa\u00e7\u00e3o Brasileira dos Grandes Consumidores Industriais e dos Consumidores Livres)\u00a0enviou\u00a0of\u00edcios\u00a0ao MME pedindo a reavalia\u00e7\u00e3o da contrata\u00e7\u00e3o simplificada e exigiu provid\u00eancias da ANEEL.\u00a0<br><br>\u201cNeste cen\u00e1rio, e considerando a melhora das condi\u00e7\u00f5es hidrol\u00f3gicas com elevados n\u00edveis dos reservat\u00f3rios, a revis\u00e3o se mostra necess\u00e1ria para dar transpar\u00eancia \u00e0 sociedade brasileira sobre a necessidade ou n\u00e3o de esfor\u00e7os adicionais por parte deste minist\u00e9rio ou da ANEEL\u00a0na tentativa de viabilizar a entrada em opera\u00e7\u00e3o das usinas atrasadas que n\u00e3o cumpriram com as regras do certame\u201d, diz a associa\u00e7\u00e3o em of\u00edcio enviado ao ministro Adolfo Sachsida.\u00a0<br><br>\u201cAcreditamos que a rescis\u00e3o dos contratos em atraso, caso cumprida, vai representar um al\u00edvio aos consumidores, porque traz esse maior conforto no custo da conta de luz. O leil\u00e3o simplificado vai custar a todos os consumidores mais ou menos R$ 40 bilh\u00f5es, mas a partir da rescis\u00e3o contratual h\u00e1 essa perspectiva tarif\u00e1ria aliviada\u201d, afirmou Victor Iocca, diretor de energia da Abrace.\u00a0<br><br><strong>M\u00e9rito ainda n\u00e3o julgado<\/strong><br>Na ANEEL, os empreendimentos com contrato em atraso entraram com pedidos de excludente de responsabilidade para os atrasos. A ag\u00eancia reguladora ainda n\u00e3o julgou o m\u00e9rito de todos os processos.<\/p>\n","protected":false},"excerpt":{"rendered":"<p>Alexandre Leoratti e Leila Coimbra,&nbsp;da Ag\u00eancia iNFRA O ministro de Minas e Energia, Adolfo Sachsida,\u00a0questionou em of\u00edcio\u00a0a ANEEL (Ag\u00eancia Nacional de Energia El\u00e9trica) sobre a legalidade da decis\u00e3o que autorizou a \u00c2mbar Energia a usar a t\u00e9rmica de Cuiab\u00e1 no lugar de quatro outras usinas a g\u00e1s que tiveram atraso no in\u00edcio de suas opera\u00e7\u00f5es [&hellip;]<\/p>\n","protected":false},"author":9,"featured_media":10989,"comment_status":"closed","ping_status":"closed","sticky":false,"template":"","format":"standard","meta":{"_monsterinsights_skip_tracking":false,"_monsterinsights_sitenote_active":false,"_monsterinsights_sitenote_note":"","_monsterinsights_sitenote_category":0,"footnotes":""},"categories":[1,10],"tags":[41,5391,5481,53,5389,14,3779,96,5589,5590,874],"class_list":["post-10988","post","type-post","status-publish","format-standard","has-post-thumbnail","hentry","category-geral","category-infraenergia","tag-abrace","tag-adolfo-sachsida","tag-ambar-energia","tag-aneel","tag-camila-bomfim","tag-ccee","tag-efrain-cruz","tag-ministerio-de-minas-e-energia","tag-pcs","tag-procedimento-competitivo-simplificado","tag-rui-altieri"],"yoast_head":"<!-- This site is optimized with the Yoast SEO Premium plugin v25.4 (Yoast SEO v26.0) - https:\/\/yoast.com\/wordpress\/plugins\/seo\/ -->\n<title>Sachsida questiona oficialmente a ANEEL sobre legalidade de benef\u00edcio \u00e0 \u00c2mbar em leil\u00e3o - Ag\u00eancia iNFRA<\/title>\n<meta name=\"robots\" content=\"index, follow, max-snippet:-1, max-image-preview:large, max-video-preview:-1\" \/>\n<link rel=\"canonical\" href=\"https:\/\/agenciainfra.com\/blog\/sachsida-questiona-oficialmente-a-aneel-sobre-legalidade-de-beneficio-a-ambar-em-leilao\/\" \/>\n<meta property=\"og:locale\" content=\"pt_BR\" \/>\n<meta property=\"og:type\" content=\"article\" \/>\n<meta property=\"og:title\" content=\"Sachsida questiona oficialmente a ANEEL sobre legalidade de benef\u00edcio \u00e0 \u00c2mbar em leil\u00e3o\" \/>\n<meta property=\"og:description\" content=\"Alexandre Leoratti e Leila Coimbra,&nbsp;da Ag\u00eancia iNFRA O ministro de Minas e Energia, Adolfo Sachsida,\u00a0questionou em of\u00edcio\u00a0a ANEEL (Ag\u00eancia Nacional de Energia El\u00e9trica) sobre a legalidade da decis\u00e3o que autorizou a \u00c2mbar Energia a usar a t\u00e9rmica de Cuiab\u00e1 no lugar de quatro outras usinas a g\u00e1s que tiveram atraso no in\u00edcio de suas opera\u00e7\u00f5es [&hellip;]\" \/>\n<meta property=\"og:url\" content=\"https:\/\/agenciainfra.com\/blog\/sachsida-questiona-oficialmente-a-aneel-sobre-legalidade-de-beneficio-a-ambar-em-leilao\/\" \/>\n<meta property=\"og:site_name\" content=\"Ag\u00eancia iNFRA\" \/>\n<meta property=\"article:publisher\" content=\"https:\/\/www.facebook.com\/ageninfra\" \/>\n<meta property=\"article:published_time\" content=\"2022-08-02T14:00:00+00:00\" \/>\n<meta property=\"og:image\" content=\"https:\/\/agenciainfra.com\/blog\/wp-content\/uploads\/2022\/08\/adolfo-sachsida-foto-mme.jpeg\" \/>\n\t<meta property=\"og:image:width\" content=\"1280\" \/>\n\t<meta property=\"og:image:height\" content=\"883\" \/>\n\t<meta property=\"og:image:type\" content=\"image\/jpeg\" \/>\n<meta name=\"author\" content=\"Rodrigo Zuquim\" \/>\n<meta name=\"twitter:card\" content=\"summary_large_image\" \/>\n<meta name=\"twitter:creator\" content=\"@agencia_infra\" \/>\n<meta name=\"twitter:site\" content=\"@agencia_infra\" \/>\n<meta name=\"twitter:label1\" content=\"Escrito por\" \/>\n\t<meta name=\"twitter:data1\" content=\"Rodrigo Zuquim\" \/>\n\t<meta name=\"twitter:label2\" content=\"Est. tempo de leitura\" \/>\n\t<meta name=\"twitter:data2\" content=\"4 minutos\" \/>\n<script type=\"application\/ld+json\" class=\"yoast-schema-graph\">{\"@context\":\"https:\/\/schema.org\",\"@graph\":[{\"@type\":\"Article\",\"@id\":\"https:\/\/agenciainfra.com\/blog\/sachsida-questiona-oficialmente-a-aneel-sobre-legalidade-de-beneficio-a-ambar-em-leilao\/#article\",\"isPartOf\":{\"@id\":\"https:\/\/agenciainfra.com\/blog\/sachsida-questiona-oficialmente-a-aneel-sobre-legalidade-de-beneficio-a-ambar-em-leilao\/\"},\"author\":{\"name\":\"Rodrigo Zuquim\",\"@id\":\"https:\/\/agenciainfra.com\/blog\/#\/schema\/person\/04dbb79bd6d8951f063da71f3e4c1eb1\"},\"headline\":\"Sachsida questiona oficialmente a ANEEL sobre legalidade de benef\u00edcio \u00e0 \u00c2mbar em leil\u00e3o\",\"datePublished\":\"2022-08-02T14:00:00+00:00\",\"mainEntityOfPage\":{\"@id\":\"https:\/\/agenciainfra.com\/blog\/sachsida-questiona-oficialmente-a-aneel-sobre-legalidade-de-beneficio-a-ambar-em-leilao\/\"},\"wordCount\":724,\"publisher\":{\"@id\":\"https:\/\/agenciainfra.com\/blog\/#organization\"},\"image\":{\"@id\":\"https:\/\/agenciainfra.com\/blog\/sachsida-questiona-oficialmente-a-aneel-sobre-legalidade-de-beneficio-a-ambar-em-leilao\/#primaryimage\"},\"thumbnailUrl\":\"https:\/\/agenciainfra.com\/blog\/wp-content\/uploads\/2022\/08\/adolfo-sachsida-foto-mme.jpeg\",\"keywords\":[\"Abrace\",\"Adolfo Sachsida\",\"\u00c2mbar Energia\",\"ANEEL\",\"Camila Bomfim\",\"ccee\",\"Efrain Cruz\",\"Minist\u00e9rio de Minas e Energia\",\"PCS\",\"Procedimento Competitivo Simplificado\",\"Rui Altieri\"],\"articleSection\":[\"Geral\",\"iNFRAEnergia\"],\"inLanguage\":\"pt-BR\",\"copyrightYear\":\"2022\",\"copyrightHolder\":{\"@id\":\"https:\/\/agenciainfra.com\/blog\/#organization\"}},{\"@type\":\"WebPage\",\"@id\":\"https:\/\/agenciainfra.com\/blog\/sachsida-questiona-oficialmente-a-aneel-sobre-legalidade-de-beneficio-a-ambar-em-leilao\/\",\"url\":\"https:\/\/agenciainfra.com\/blog\/sachsida-questiona-oficialmente-a-aneel-sobre-legalidade-de-beneficio-a-ambar-em-leilao\/\",\"name\":\"Sachsida questiona oficialmente a ANEEL sobre legalidade de benef\u00edcio \u00e0 \u00c2mbar em leil\u00e3o - Ag\u00eancia iNFRA\",\"isPartOf\":{\"@id\":\"https:\/\/agenciainfra.com\/blog\/#website\"},\"primaryImageOfPage\":{\"@id\":\"https:\/\/agenciainfra.com\/blog\/sachsida-questiona-oficialmente-a-aneel-sobre-legalidade-de-beneficio-a-ambar-em-leilao\/#primaryimage\"},\"image\":{\"@id\":\"https:\/\/agenciainfra.com\/blog\/sachsida-questiona-oficialmente-a-aneel-sobre-legalidade-de-beneficio-a-ambar-em-leilao\/#primaryimage\"},\"thumbnailUrl\":\"https:\/\/agenciainfra.com\/blog\/wp-content\/uploads\/2022\/08\/adolfo-sachsida-foto-mme.jpeg\",\"datePublished\":\"2022-08-02T14:00:00+00:00\",\"breadcrumb\":{\"@id\":\"https:\/\/agenciainfra.com\/blog\/sachsida-questiona-oficialmente-a-aneel-sobre-legalidade-de-beneficio-a-ambar-em-leilao\/#breadcrumb\"},\"inLanguage\":\"pt-BR\",\"potentialAction\":[{\"@type\":\"ReadAction\",\"target\":[\"https:\/\/agenciainfra.com\/blog\/sachsida-questiona-oficialmente-a-aneel-sobre-legalidade-de-beneficio-a-ambar-em-leilao\/\"]}]},{\"@type\":\"ImageObject\",\"inLanguage\":\"pt-BR\",\"@id\":\"https:\/\/agenciainfra.com\/blog\/sachsida-questiona-oficialmente-a-aneel-sobre-legalidade-de-beneficio-a-ambar-em-leilao\/#primaryimage\",\"url\":\"https:\/\/agenciainfra.com\/blog\/wp-content\/uploads\/2022\/08\/adolfo-sachsida-foto-mme.jpeg\",\"contentUrl\":\"https:\/\/agenciainfra.com\/blog\/wp-content\/uploads\/2022\/08\/adolfo-sachsida-foto-mme.jpeg\",\"width\":1280,\"height\":883},{\"@type\":\"BreadcrumbList\",\"@id\":\"https:\/\/agenciainfra.com\/blog\/sachsida-questiona-oficialmente-a-aneel-sobre-legalidade-de-beneficio-a-ambar-em-leilao\/#breadcrumb\",\"itemListElement\":[{\"@type\":\"ListItem\",\"position\":1,\"name\":\"In\u00edcio\",\"item\":\"https:\/\/agenciainfra.com\/blog\/\"},{\"@type\":\"ListItem\",\"position\":2,\"name\":\"Sachsida questiona oficialmente a ANEEL sobre legalidade de benef\u00edcio \u00e0 \u00c2mbar em leil\u00e3o\"}]},{\"@type\":\"WebSite\",\"@id\":\"https:\/\/agenciainfra.com\/blog\/#website\",\"url\":\"https:\/\/agenciainfra.com\/blog\/\",\"name\":\"Ag\u00eancia iNFRA\",\"description\":\"Multiplataforma de informa\u00e7\u00e3o jornal\u00edstica refer\u00eancia na \u00e1rea de infraestrutura no Brasil!\",\"publisher\":{\"@id\":\"https:\/\/agenciainfra.com\/blog\/#organization\"},\"potentialAction\":[{\"@type\":\"SearchAction\",\"target\":{\"@type\":\"EntryPoint\",\"urlTemplate\":\"https:\/\/agenciainfra.com\/blog\/?s={search_term_string}\"},\"query-input\":{\"@type\":\"PropertyValueSpecification\",\"valueRequired\":true,\"valueName\":\"search_term_string\"}}],\"inLanguage\":\"pt-BR\"},{\"@type\":\"Organization\",\"@id\":\"https:\/\/agenciainfra.com\/blog\/#organization\",\"name\":\"Ag\u00eancia iNFRA\",\"url\":\"https:\/\/agenciainfra.com\/blog\/\",\"logo\":{\"@type\":\"ImageObject\",\"inLanguage\":\"pt-BR\",\"@id\":\"https:\/\/agenciainfra.com\/blog\/#\/schema\/logo\/image\/\",\"url\":\"https:\/\/agenciainfra.com\/blog\/wp-content\/uploads\/2023\/09\/iNFRA_5-e1761735885940.png\",\"contentUrl\":\"https:\/\/agenciainfra.com\/blog\/wp-content\/uploads\/2023\/09\/iNFRA_5-e1761735885940.png\",\"width\":1672,\"height\":454,\"caption\":\"Ag\u00eancia iNFRA\"},\"image\":{\"@id\":\"https:\/\/agenciainfra.com\/blog\/#\/schema\/logo\/image\/\"},\"sameAs\":[\"https:\/\/www.facebook.com\/ageninfra\",\"https:\/\/x.com\/agencia_infra\",\"https:\/\/www.linkedin.com\/company\/ag\u00eanciainfra\/\",\"https:\/\/www.instagram.com\/agenciainfra\/\"]},{\"@type\":\"Person\",\"@id\":\"https:\/\/agenciainfra.com\/blog\/#\/schema\/person\/04dbb79bd6d8951f063da71f3e4c1eb1\",\"name\":\"Rodrigo Zuquim\",\"image\":{\"@type\":\"ImageObject\",\"inLanguage\":\"pt-BR\",\"@id\":\"https:\/\/agenciainfra.com\/blog\/#\/schema\/person\/image\/\",\"url\":\"https:\/\/secure.gravatar.com\/avatar\/594abfe82761d620726242ff34ca472a705a4b97f16c790053a6b4c4035274d0?s=96&d=mm&r=g\",\"contentUrl\":\"https:\/\/secure.gravatar.com\/avatar\/594abfe82761d620726242ff34ca472a705a4b97f16c790053a6b4c4035274d0?s=96&d=mm&r=g\",\"caption\":\"Rodrigo Zuquim\"},\"url\":\"https:\/\/agenciainfra.com\/blog\/author\/rodrigo-zuquim\/\"}]}<\/script>\n<!-- \/ Yoast SEO Premium plugin. -->","yoast_head_json":{"title":"Sachsida questiona oficialmente a ANEEL sobre legalidade de benef\u00edcio \u00e0 \u00c2mbar em leil\u00e3o - Ag\u00eancia iNFRA","robots":{"index":"index","follow":"follow","max-snippet":"max-snippet:-1","max-image-preview":"max-image-preview:large","max-video-preview":"max-video-preview:-1"},"canonical":"https:\/\/agenciainfra.com\/blog\/sachsida-questiona-oficialmente-a-aneel-sobre-legalidade-de-beneficio-a-ambar-em-leilao\/","og_locale":"pt_BR","og_type":"article","og_title":"Sachsida questiona oficialmente a ANEEL sobre legalidade de benef\u00edcio \u00e0 \u00c2mbar em leil\u00e3o","og_description":"Alexandre Leoratti e Leila Coimbra,&nbsp;da Ag\u00eancia iNFRA O ministro de Minas e Energia, Adolfo Sachsida,\u00a0questionou em of\u00edcio\u00a0a ANEEL (Ag\u00eancia Nacional de Energia El\u00e9trica) sobre a legalidade da decis\u00e3o que autorizou a \u00c2mbar Energia a usar a t\u00e9rmica de Cuiab\u00e1 no lugar de quatro outras usinas a g\u00e1s que tiveram atraso no in\u00edcio de suas opera\u00e7\u00f5es [&hellip;]","og_url":"https:\/\/agenciainfra.com\/blog\/sachsida-questiona-oficialmente-a-aneel-sobre-legalidade-de-beneficio-a-ambar-em-leilao\/","og_site_name":"Ag\u00eancia iNFRA","article_publisher":"https:\/\/www.facebook.com\/ageninfra","article_published_time":"2022-08-02T14:00:00+00:00","og_image":[{"width":1280,"height":883,"url":"https:\/\/agenciainfra.com\/blog\/wp-content\/uploads\/2022\/08\/adolfo-sachsida-foto-mme.jpeg","type":"image\/jpeg"}],"author":"Rodrigo Zuquim","twitter_card":"summary_large_image","twitter_creator":"@agencia_infra","twitter_site":"@agencia_infra","twitter_misc":{"Escrito por":"Rodrigo Zuquim","Est. tempo de leitura":"4 minutos"},"schema":{"@context":"https:\/\/schema.org","@graph":[{"@type":"Article","@id":"https:\/\/agenciainfra.com\/blog\/sachsida-questiona-oficialmente-a-aneel-sobre-legalidade-de-beneficio-a-ambar-em-leilao\/#article","isPartOf":{"@id":"https:\/\/agenciainfra.com\/blog\/sachsida-questiona-oficialmente-a-aneel-sobre-legalidade-de-beneficio-a-ambar-em-leilao\/"},"author":{"name":"Rodrigo Zuquim","@id":"https:\/\/agenciainfra.com\/blog\/#\/schema\/person\/04dbb79bd6d8951f063da71f3e4c1eb1"},"headline":"Sachsida questiona oficialmente a ANEEL sobre legalidade de benef\u00edcio \u00e0 \u00c2mbar em leil\u00e3o","datePublished":"2022-08-02T14:00:00+00:00","mainEntityOfPage":{"@id":"https:\/\/agenciainfra.com\/blog\/sachsida-questiona-oficialmente-a-aneel-sobre-legalidade-de-beneficio-a-ambar-em-leilao\/"},"wordCount":724,"publisher":{"@id":"https:\/\/agenciainfra.com\/blog\/#organization"},"image":{"@id":"https:\/\/agenciainfra.com\/blog\/sachsida-questiona-oficialmente-a-aneel-sobre-legalidade-de-beneficio-a-ambar-em-leilao\/#primaryimage"},"thumbnailUrl":"https:\/\/agenciainfra.com\/blog\/wp-content\/uploads\/2022\/08\/adolfo-sachsida-foto-mme.jpeg","keywords":["Abrace","Adolfo Sachsida","\u00c2mbar Energia","ANEEL","Camila Bomfim","ccee","Efrain Cruz","Minist\u00e9rio de Minas e Energia","PCS","Procedimento Competitivo Simplificado","Rui Altieri"],"articleSection":["Geral","iNFRAEnergia"],"inLanguage":"pt-BR","copyrightYear":"2022","copyrightHolder":{"@id":"https:\/\/agenciainfra.com\/blog\/#organization"}},{"@type":"WebPage","@id":"https:\/\/agenciainfra.com\/blog\/sachsida-questiona-oficialmente-a-aneel-sobre-legalidade-de-beneficio-a-ambar-em-leilao\/","url":"https:\/\/agenciainfra.com\/blog\/sachsida-questiona-oficialmente-a-aneel-sobre-legalidade-de-beneficio-a-ambar-em-leilao\/","name":"Sachsida questiona oficialmente a ANEEL sobre legalidade de benef\u00edcio \u00e0 \u00c2mbar em leil\u00e3o - Ag\u00eancia iNFRA","isPartOf":{"@id":"https:\/\/agenciainfra.com\/blog\/#website"},"primaryImageOfPage":{"@id":"https:\/\/agenciainfra.com\/blog\/sachsida-questiona-oficialmente-a-aneel-sobre-legalidade-de-beneficio-a-ambar-em-leilao\/#primaryimage"},"image":{"@id":"https:\/\/agenciainfra.com\/blog\/sachsida-questiona-oficialmente-a-aneel-sobre-legalidade-de-beneficio-a-ambar-em-leilao\/#primaryimage"},"thumbnailUrl":"https:\/\/agenciainfra.com\/blog\/wp-content\/uploads\/2022\/08\/adolfo-sachsida-foto-mme.jpeg","datePublished":"2022-08-02T14:00:00+00:00","breadcrumb":{"@id":"https:\/\/agenciainfra.com\/blog\/sachsida-questiona-oficialmente-a-aneel-sobre-legalidade-de-beneficio-a-ambar-em-leilao\/#breadcrumb"},"inLanguage":"pt-BR","potentialAction":[{"@type":"ReadAction","target":["https:\/\/agenciainfra.com\/blog\/sachsida-questiona-oficialmente-a-aneel-sobre-legalidade-de-beneficio-a-ambar-em-leilao\/"]}]},{"@type":"ImageObject","inLanguage":"pt-BR","@id":"https:\/\/agenciainfra.com\/blog\/sachsida-questiona-oficialmente-a-aneel-sobre-legalidade-de-beneficio-a-ambar-em-leilao\/#primaryimage","url":"https:\/\/agenciainfra.com\/blog\/wp-content\/uploads\/2022\/08\/adolfo-sachsida-foto-mme.jpeg","contentUrl":"https:\/\/agenciainfra.com\/blog\/wp-content\/uploads\/2022\/08\/adolfo-sachsida-foto-mme.jpeg","width":1280,"height":883},{"@type":"BreadcrumbList","@id":"https:\/\/agenciainfra.com\/blog\/sachsida-questiona-oficialmente-a-aneel-sobre-legalidade-de-beneficio-a-ambar-em-leilao\/#breadcrumb","itemListElement":[{"@type":"ListItem","position":1,"name":"In\u00edcio","item":"https:\/\/agenciainfra.com\/blog\/"},{"@type":"ListItem","position":2,"name":"Sachsida questiona oficialmente a ANEEL sobre legalidade de benef\u00edcio \u00e0 \u00c2mbar em leil\u00e3o"}]},{"@type":"WebSite","@id":"https:\/\/agenciainfra.com\/blog\/#website","url":"https:\/\/agenciainfra.com\/blog\/","name":"Ag\u00eancia iNFRA","description":"Multiplataforma de informa\u00e7\u00e3o jornal\u00edstica refer\u00eancia na \u00e1rea de infraestrutura no Brasil!","publisher":{"@id":"https:\/\/agenciainfra.com\/blog\/#organization"},"potentialAction":[{"@type":"SearchAction","target":{"@type":"EntryPoint","urlTemplate":"https:\/\/agenciainfra.com\/blog\/?s={search_term_string}"},"query-input":{"@type":"PropertyValueSpecification","valueRequired":true,"valueName":"search_term_string"}}],"inLanguage":"pt-BR"},{"@type":"Organization","@id":"https:\/\/agenciainfra.com\/blog\/#organization","name":"Ag\u00eancia iNFRA","url":"https:\/\/agenciainfra.com\/blog\/","logo":{"@type":"ImageObject","inLanguage":"pt-BR","@id":"https:\/\/agenciainfra.com\/blog\/#\/schema\/logo\/image\/","url":"https:\/\/agenciainfra.com\/blog\/wp-content\/uploads\/2023\/09\/iNFRA_5-e1761735885940.png","contentUrl":"https:\/\/agenciainfra.com\/blog\/wp-content\/uploads\/2023\/09\/iNFRA_5-e1761735885940.png","width":1672,"height":454,"caption":"Ag\u00eancia iNFRA"},"image":{"@id":"https:\/\/agenciainfra.com\/blog\/#\/schema\/logo\/image\/"},"sameAs":["https:\/\/www.facebook.com\/ageninfra","https:\/\/x.com\/agencia_infra","https:\/\/www.linkedin.com\/company\/ag\u00eanciainfra\/","https:\/\/www.instagram.com\/agenciainfra\/"]},{"@type":"Person","@id":"https:\/\/agenciainfra.com\/blog\/#\/schema\/person\/04dbb79bd6d8951f063da71f3e4c1eb1","name":"Rodrigo Zuquim","image":{"@type":"ImageObject","inLanguage":"pt-BR","@id":"https:\/\/agenciainfra.com\/blog\/#\/schema\/person\/image\/","url":"https:\/\/secure.gravatar.com\/avatar\/594abfe82761d620726242ff34ca472a705a4b97f16c790053a6b4c4035274d0?s=96&d=mm&r=g","contentUrl":"https:\/\/secure.gravatar.com\/avatar\/594abfe82761d620726242ff34ca472a705a4b97f16c790053a6b4c4035274d0?s=96&d=mm&r=g","caption":"Rodrigo Zuquim"},"url":"https:\/\/agenciainfra.com\/blog\/author\/rodrigo-zuquim\/"}]}},"_links":{"self":[{"href":"https:\/\/agenciainfra.com\/blog\/wp-json\/wp\/v2\/posts\/10988","targetHints":{"allow":["GET"]}}],"collection":[{"href":"https:\/\/agenciainfra.com\/blog\/wp-json\/wp\/v2\/posts"}],"about":[{"href":"https:\/\/agenciainfra.com\/blog\/wp-json\/wp\/v2\/types\/post"}],"author":[{"embeddable":true,"href":"https:\/\/agenciainfra.com\/blog\/wp-json\/wp\/v2\/users\/9"}],"replies":[{"embeddable":true,"href":"https:\/\/agenciainfra.com\/blog\/wp-json\/wp\/v2\/comments?post=10988"}],"version-history":[{"count":0,"href":"https:\/\/agenciainfra.com\/blog\/wp-json\/wp\/v2\/posts\/10988\/revisions"}],"wp:featuredmedia":[{"embeddable":true,"href":"https:\/\/agenciainfra.com\/blog\/wp-json\/wp\/v2\/media\/10989"}],"wp:attachment":[{"href":"https:\/\/agenciainfra.com\/blog\/wp-json\/wp\/v2\/media?parent=10988"}],"wp:term":[{"taxonomy":"category","embeddable":true,"href":"https:\/\/agenciainfra.com\/blog\/wp-json\/wp\/v2\/categories?post=10988"},{"taxonomy":"post_tag","embeddable":true,"href":"https:\/\/agenciainfra.com\/blog\/wp-json\/wp\/v2\/tags?post=10988"}],"curies":[{"name":"wp","href":"https:\/\/api.w.org\/{rel}","templated":true}]}}