{"id":11004,"date":"2022-08-05T09:00:00","date_gmt":"2022-08-05T12:00:00","guid":{"rendered":"https:\/\/www.agenciainfra.com\/blog\/?p=11004"},"modified":"2022-08-03T10:25:03","modified_gmt":"2022-08-03T13:25:03","slug":"antt-apresenta-proposta-para-disciplinar-gestao-economico-financeira-das-concessoes-rodoviarias","status":"publish","type":"post","link":"https:\/\/agenciainfra.com\/blog\/antt-apresenta-proposta-para-disciplinar-gestao-economico-financeira-das-concessoes-rodoviarias\/","title":{"rendered":"ANTT apresenta proposta para disciplinar gest\u00e3o econ\u00f4mico-financeira das concess\u00f5es rodovi\u00e1rias"},"content":{"rendered":"\n<p class=\"has-text-align-right\"><strong>Dimmi Amora, da Ag\u00eancia iNFRA<\/strong><\/p>\n\n\n\n<p>A ANTT (Ag\u00eancia Nacional de Transportes Terrestres) concluiu a proposta da terceira norma do Regulamento das Concess\u00f5es Rodovi\u00e1rias, o RCR 3, que deve ter a audi\u00eancia p\u00fablica aberta nas pr\u00f3ximas semanas.<br><br>Essa etapa do processo disciplinar\u00e1 a gest\u00e3o econ\u00f4mico-financeira dos contratos de concess\u00e3o. O RCR \u00e9 um pol\u00edtica prevista para ser feita em cinco etapas na qual a ag\u00eancia pretende mudar a forma de regular os contratos de concess\u00e3o de rodovias, tentando deix\u00e1-los mais padronizados com normas que contenham mais regras gerais. Isso evita que a ag\u00eancia tenha contratos t\u00e3o diferentes para regular, como ocorre hoje.<br><br>A previs\u00e3o \u00e9 que as sess\u00f5es da reuni\u00e3o participativa ocorram nos dias 22 a 24 de agosto. Como nas outras duas normas do RCR que j\u00e1 tiveram audi\u00eancias p\u00fablicas realizadas, a ideia \u00e9 ter a participa\u00e7\u00e3o de representantes do governo, de concession\u00e1rias e de usu\u00e1rios. Para essa etapa, tamb\u00e9m ser\u00e3o convidados bancos, seguradoras e empresas administradoras de pagamentos.<br><br>A proposta foi dividida em 14 cap\u00edtulos. Eles tratam de integra\u00e7\u00e3o de informa\u00e7\u00f5es cont\u00e1beis da concession\u00e1ria e de sua gest\u00e3o societ\u00e1ria, flexibilizando regras para altera\u00e7\u00f5es no capital social.&nbsp;<br><br>Tamb\u00e9m h\u00e1 propostas para dar maior transpar\u00eancia nas transa\u00e7\u00f5es entre a concession\u00e1ria e partes relacionadas. A minuta tamb\u00e9m prev\u00ea regular o modelo de acordo tripartite e a administra\u00e7\u00e3o tempor\u00e1ria para assun\u00e7\u00e3o de controle societ\u00e1rio por financiador, o chamado step-in rights.<br><br><strong>Free flow<\/strong><br>A norma tamb\u00e9m vai tratar da cobran\u00e7a em fluxo livre (o chamado free flow), que foi autorizada pelo Congresso a ser implementada em 2021, mas que ainda n\u00e3o tem regras claras para ser feita. A ideia \u00e9 que o RCR 3 permita que o free flow possa ser usado na chamada regula\u00e7\u00e3o experimental (sandbox regulat\u00f3rio).<br><br>Outras inova\u00e7\u00f5es feitas nos \u00faltimos anos nas concess\u00f5es federais, como o desconto de usu\u00e1rio frequente, tamb\u00e9m v\u00e3o estar na regra. A ideia \u00e9 dar maior liberdade para explora\u00e7\u00e3o de receitas n\u00e3o tarif\u00e1rias.<br><br><strong>Atualiza\u00e7\u00f5es nos outros RCR<\/strong><br>A proposta da ag\u00eancia tamb\u00e9m ser\u00e1 por tornar mais simples o processo de equil\u00edbrio econ\u00f4mico-financeiro, unificando, por exemplo, o regime de fatores tarif\u00e1rios de equil\u00edbrio, e as revis\u00f5es contratuais. A ideia \u00e9, ainda, fazer uma regula\u00e7\u00e3o por mais incentivos, criando bonifica\u00e7\u00f5es para as empresas.<br><br>A proposta da nova norma pretende fazer algumas atualiza\u00e7\u00f5es nos RCR 1 e 2, recentemente aprovados pela ag\u00eancia, em normas que tratavam da classifica\u00e7\u00e3o das concession\u00e1rias e da aprova\u00e7\u00e3o de projetos de interesse de terceiro.<\/p>\n","protected":false},"excerpt":{"rendered":"<p>Dimmi Amora, da Ag\u00eancia iNFRA A ANTT (Ag\u00eancia Nacional de Transportes Terrestres) concluiu a proposta da terceira norma do Regulamento das Concess\u00f5es Rodovi\u00e1rias, o RCR 3, que deve ter a audi\u00eancia p\u00fablica aberta nas pr\u00f3ximas semanas. Essa etapa do processo disciplinar\u00e1 a gest\u00e3o econ\u00f4mico-financeira dos contratos de concess\u00e3o. O RCR \u00e9 um pol\u00edtica prevista para [&hellip;]<\/p>\n","protected":false},"author":9,"featured_media":11007,"comment_status":"closed","ping_status":"closed","sticky":false,"template":"","format":"standard","meta":{"_monsterinsights_skip_tracking":false,"_monsterinsights_sitenote_active":false,"_monsterinsights_sitenote_note":"","_monsterinsights_sitenote_category":0,"footnotes":""},"categories":[1,7],"tags":[19,176,1995,1106,34,3406,3668,5599,5600,70],"class_list":["post-11004","post","type-post","status-publish","format-standard","has-post-thumbnail","hentry","category-geral","category-infratransporte","tag-antt","tag-concessoes-rodoviarias","tag-equilibrio-economico-financeiro","tag-free-flow","tag-infraestrutura","tag-rcr","tag-regulamento-das-concessoes-rodoviarias","tag-sandbox-regulatorio","tag-step-in-rights","tag-transportes"],"yoast_head":"<!-- This site is optimized with the Yoast SEO Premium plugin v25.4 (Yoast SEO v26.0) - https:\/\/yoast.com\/wordpress\/plugins\/seo\/ -->\n<title>ANTT apresenta proposta para disciplinar gest\u00e3o econ\u00f4mico-financeira das concess\u00f5es rodovi\u00e1rias - Ag\u00eancia iNFRA<\/title>\n<meta name=\"robots\" content=\"index, follow, max-snippet:-1, max-image-preview:large, max-video-preview:-1\" \/>\n<link rel=\"canonical\" href=\"https:\/\/agenciainfra.com\/blog\/antt-apresenta-proposta-para-disciplinar-gestao-economico-financeira-das-concessoes-rodoviarias\/\" \/>\n<meta property=\"og:locale\" content=\"pt_BR\" \/>\n<meta property=\"og:type\" content=\"article\" \/>\n<meta property=\"og:title\" content=\"ANTT apresenta proposta para disciplinar gest\u00e3o econ\u00f4mico-financeira das concess\u00f5es rodovi\u00e1rias\" \/>\n<meta property=\"og:description\" content=\"Dimmi Amora, da Ag\u00eancia iNFRA A ANTT (Ag\u00eancia Nacional de Transportes Terrestres) concluiu a proposta da terceira norma do Regulamento das Concess\u00f5es Rodovi\u00e1rias, o RCR 3, que deve ter a audi\u00eancia p\u00fablica aberta nas pr\u00f3ximas semanas. Essa etapa do processo disciplinar\u00e1 a gest\u00e3o econ\u00f4mico-financeira dos contratos de concess\u00e3o. O RCR \u00e9 um pol\u00edtica prevista para [&hellip;]\" \/>\n<meta property=\"og:url\" content=\"https:\/\/agenciainfra.com\/blog\/antt-apresenta-proposta-para-disciplinar-gestao-economico-financeira-das-concessoes-rodoviarias\/\" \/>\n<meta property=\"og:site_name\" content=\"Ag\u00eancia iNFRA\" \/>\n<meta property=\"article:publisher\" content=\"https:\/\/www.facebook.com\/ageninfra\" \/>\n<meta property=\"article:published_time\" content=\"2022-08-05T12:00:00+00:00\" \/>\n<meta property=\"og:image\" content=\"https:\/\/agenciainfra.com\/blog\/wp-content\/uploads\/2022\/08\/ANTT-fachada-foto-Agencia-iNFRA.jpeg\" \/>\n\t<meta property=\"og:image:width\" content=\"1280\" \/>\n\t<meta property=\"og:image:height\" content=\"729\" \/>\n\t<meta property=\"og:image:type\" content=\"image\/jpeg\" \/>\n<meta name=\"author\" content=\"Rodrigo Zuquim\" \/>\n<meta name=\"twitter:card\" content=\"summary_large_image\" \/>\n<meta name=\"twitter:creator\" content=\"@agencia_infra\" \/>\n<meta name=\"twitter:site\" content=\"@agencia_infra\" \/>\n<meta name=\"twitter:label1\" content=\"Escrito por\" \/>\n\t<meta name=\"twitter:data1\" content=\"Rodrigo Zuquim\" \/>\n\t<meta name=\"twitter:label2\" content=\"Est. tempo de leitura\" \/>\n\t<meta name=\"twitter:data2\" content=\"2 minutos\" \/>\n<script type=\"application\/ld+json\" class=\"yoast-schema-graph\">{\"@context\":\"https:\/\/schema.org\",\"@graph\":[{\"@type\":\"Article\",\"@id\":\"https:\/\/agenciainfra.com\/blog\/antt-apresenta-proposta-para-disciplinar-gestao-economico-financeira-das-concessoes-rodoviarias\/#article\",\"isPartOf\":{\"@id\":\"https:\/\/agenciainfra.com\/blog\/antt-apresenta-proposta-para-disciplinar-gestao-economico-financeira-das-concessoes-rodoviarias\/\"},\"author\":{\"name\":\"Rodrigo Zuquim\",\"@id\":\"https:\/\/agenciainfra.com\/blog\/#\/schema\/person\/04dbb79bd6d8951f063da71f3e4c1eb1\"},\"headline\":\"ANTT apresenta proposta para disciplinar gest\u00e3o econ\u00f4mico-financeira das concess\u00f5es rodovi\u00e1rias\",\"datePublished\":\"2022-08-05T12:00:00+00:00\",\"mainEntityOfPage\":{\"@id\":\"https:\/\/agenciainfra.com\/blog\/antt-apresenta-proposta-para-disciplinar-gestao-economico-financeira-das-concessoes-rodoviarias\/\"},\"wordCount\":471,\"publisher\":{\"@id\":\"https:\/\/agenciainfra.com\/blog\/#organization\"},\"image\":{\"@id\":\"https:\/\/agenciainfra.com\/blog\/antt-apresenta-proposta-para-disciplinar-gestao-economico-financeira-das-concessoes-rodoviarias\/#primaryimage\"},\"thumbnailUrl\":\"https:\/\/agenciainfra.com\/blog\/wp-content\/uploads\/2022\/08\/ANTT-fachada-foto-Agencia-iNFRA.jpeg\",\"keywords\":[\"ANTT\",\"concess\u00f5es rodovi\u00e1rias\",\"equil\u00edbrio econ\u00f4mico-financeiro\",\"free flow\",\"Infraestrutura\",\"RCR\",\"Regulamento das Concess\u00f5es Rodovi\u00e1rias\",\"sandbox regulat\u00f3rio\",\"step-in-rights\",\"transportes\"],\"articleSection\":[\"Geral\",\"iNFRATransporte\"],\"inLanguage\":\"pt-BR\",\"copyrightYear\":\"2022\",\"copyrightHolder\":{\"@id\":\"https:\/\/agenciainfra.com\/blog\/#organization\"}},{\"@type\":\"WebPage\",\"@id\":\"https:\/\/agenciainfra.com\/blog\/antt-apresenta-proposta-para-disciplinar-gestao-economico-financeira-das-concessoes-rodoviarias\/\",\"url\":\"https:\/\/agenciainfra.com\/blog\/antt-apresenta-proposta-para-disciplinar-gestao-economico-financeira-das-concessoes-rodoviarias\/\",\"name\":\"ANTT apresenta proposta para disciplinar gest\u00e3o econ\u00f4mico-financeira das concess\u00f5es rodovi\u00e1rias - Ag\u00eancia iNFRA\",\"isPartOf\":{\"@id\":\"https:\/\/agenciainfra.com\/blog\/#website\"},\"primaryImageOfPage\":{\"@id\":\"https:\/\/agenciainfra.com\/blog\/antt-apresenta-proposta-para-disciplinar-gestao-economico-financeira-das-concessoes-rodoviarias\/#primaryimage\"},\"image\":{\"@id\":\"https:\/\/agenciainfra.com\/blog\/antt-apresenta-proposta-para-disciplinar-gestao-economico-financeira-das-concessoes-rodoviarias\/#primaryimage\"},\"thumbnailUrl\":\"https:\/\/agenciainfra.com\/blog\/wp-content\/uploads\/2022\/08\/ANTT-fachada-foto-Agencia-iNFRA.jpeg\",\"datePublished\":\"2022-08-05T12:00:00+00:00\",\"breadcrumb\":{\"@id\":\"https:\/\/agenciainfra.com\/blog\/antt-apresenta-proposta-para-disciplinar-gestao-economico-financeira-das-concessoes-rodoviarias\/#breadcrumb\"},\"inLanguage\":\"pt-BR\",\"potentialAction\":[{\"@type\":\"ReadAction\",\"target\":[\"https:\/\/agenciainfra.com\/blog\/antt-apresenta-proposta-para-disciplinar-gestao-economico-financeira-das-concessoes-rodoviarias\/\"]}]},{\"@type\":\"ImageObject\",\"inLanguage\":\"pt-BR\",\"@id\":\"https:\/\/agenciainfra.com\/blog\/antt-apresenta-proposta-para-disciplinar-gestao-economico-financeira-das-concessoes-rodoviarias\/#primaryimage\",\"url\":\"https:\/\/agenciainfra.com\/blog\/wp-content\/uploads\/2022\/08\/ANTT-fachada-foto-Agencia-iNFRA.jpeg\",\"contentUrl\":\"https:\/\/agenciainfra.com\/blog\/wp-content\/uploads\/2022\/08\/ANTT-fachada-foto-Agencia-iNFRA.jpeg\",\"width\":1280,\"height\":729,\"caption\":\"Foto: Ag\u00eancia iNFRA\"},{\"@type\":\"BreadcrumbList\",\"@id\":\"https:\/\/agenciainfra.com\/blog\/antt-apresenta-proposta-para-disciplinar-gestao-economico-financeira-das-concessoes-rodoviarias\/#breadcrumb\",\"itemListElement\":[{\"@type\":\"ListItem\",\"position\":1,\"name\":\"In\u00edcio\",\"item\":\"https:\/\/agenciainfra.com\/blog\/\"},{\"@type\":\"ListItem\",\"position\":2,\"name\":\"ANTT apresenta proposta para disciplinar gest\u00e3o econ\u00f4mico-financeira das concess\u00f5es rodovi\u00e1rias\"}]},{\"@type\":\"WebSite\",\"@id\":\"https:\/\/agenciainfra.com\/blog\/#website\",\"url\":\"https:\/\/agenciainfra.com\/blog\/\",\"name\":\"Ag\u00eancia iNFRA\",\"description\":\"Multiplataforma de informa\u00e7\u00e3o jornal\u00edstica refer\u00eancia na \u00e1rea de infraestrutura no Brasil!\",\"publisher\":{\"@id\":\"https:\/\/agenciainfra.com\/blog\/#organization\"},\"potentialAction\":[{\"@type\":\"SearchAction\",\"target\":{\"@type\":\"EntryPoint\",\"urlTemplate\":\"https:\/\/agenciainfra.com\/blog\/?s={search_term_string}\"},\"query-input\":{\"@type\":\"PropertyValueSpecification\",\"valueRequired\":true,\"valueName\":\"search_term_string\"}}],\"inLanguage\":\"pt-BR\"},{\"@type\":\"Organization\",\"@id\":\"https:\/\/agenciainfra.com\/blog\/#organization\",\"name\":\"Ag\u00eancia iNFRA\",\"url\":\"https:\/\/agenciainfra.com\/blog\/\",\"logo\":{\"@type\":\"ImageObject\",\"inLanguage\":\"pt-BR\",\"@id\":\"https:\/\/agenciainfra.com\/blog\/#\/schema\/logo\/image\/\",\"url\":\"https:\/\/agenciainfra.com\/blog\/wp-content\/uploads\/2023\/09\/iNFRA_5-e1761735885940.png\",\"contentUrl\":\"https:\/\/agenciainfra.com\/blog\/wp-content\/uploads\/2023\/09\/iNFRA_5-e1761735885940.png\",\"width\":1672,\"height\":454,\"caption\":\"Ag\u00eancia iNFRA\"},\"image\":{\"@id\":\"https:\/\/agenciainfra.com\/blog\/#\/schema\/logo\/image\/\"},\"sameAs\":[\"https:\/\/www.facebook.com\/ageninfra\",\"https:\/\/x.com\/agencia_infra\",\"https:\/\/www.linkedin.com\/company\/ag\u00eanciainfra\/\",\"https:\/\/www.instagram.com\/agenciainfra\/\"]},{\"@type\":\"Person\",\"@id\":\"https:\/\/agenciainfra.com\/blog\/#\/schema\/person\/04dbb79bd6d8951f063da71f3e4c1eb1\",\"name\":\"Rodrigo Zuquim\",\"image\":{\"@type\":\"ImageObject\",\"inLanguage\":\"pt-BR\",\"@id\":\"https:\/\/agenciainfra.com\/blog\/#\/schema\/person\/image\/\",\"url\":\"https:\/\/secure.gravatar.com\/avatar\/594abfe82761d620726242ff34ca472a705a4b97f16c790053a6b4c4035274d0?s=96&d=mm&r=g\",\"contentUrl\":\"https:\/\/secure.gravatar.com\/avatar\/594abfe82761d620726242ff34ca472a705a4b97f16c790053a6b4c4035274d0?s=96&d=mm&r=g\",\"caption\":\"Rodrigo Zuquim\"},\"url\":\"https:\/\/agenciainfra.com\/blog\/author\/rodrigo-zuquim\/\"}]}<\/script>\n<!-- \/ Yoast SEO Premium plugin. -->","yoast_head_json":{"title":"ANTT apresenta proposta para disciplinar gest\u00e3o econ\u00f4mico-financeira das concess\u00f5es rodovi\u00e1rias - Ag\u00eancia iNFRA","robots":{"index":"index","follow":"follow","max-snippet":"max-snippet:-1","max-image-preview":"max-image-preview:large","max-video-preview":"max-video-preview:-1"},"canonical":"https:\/\/agenciainfra.com\/blog\/antt-apresenta-proposta-para-disciplinar-gestao-economico-financeira-das-concessoes-rodoviarias\/","og_locale":"pt_BR","og_type":"article","og_title":"ANTT apresenta proposta para disciplinar gest\u00e3o econ\u00f4mico-financeira das concess\u00f5es rodovi\u00e1rias","og_description":"Dimmi Amora, da Ag\u00eancia iNFRA A ANTT (Ag\u00eancia Nacional de Transportes Terrestres) concluiu a proposta da terceira norma do Regulamento das Concess\u00f5es Rodovi\u00e1rias, o RCR 3, que deve ter a audi\u00eancia p\u00fablica aberta nas pr\u00f3ximas semanas. Essa etapa do processo disciplinar\u00e1 a gest\u00e3o econ\u00f4mico-financeira dos contratos de concess\u00e3o. O RCR \u00e9 um pol\u00edtica prevista para [&hellip;]","og_url":"https:\/\/agenciainfra.com\/blog\/antt-apresenta-proposta-para-disciplinar-gestao-economico-financeira-das-concessoes-rodoviarias\/","og_site_name":"Ag\u00eancia iNFRA","article_publisher":"https:\/\/www.facebook.com\/ageninfra","article_published_time":"2022-08-05T12:00:00+00:00","og_image":[{"width":1280,"height":729,"url":"https:\/\/agenciainfra.com\/blog\/wp-content\/uploads\/2022\/08\/ANTT-fachada-foto-Agencia-iNFRA.jpeg","type":"image\/jpeg"}],"author":"Rodrigo Zuquim","twitter_card":"summary_large_image","twitter_creator":"@agencia_infra","twitter_site":"@agencia_infra","twitter_misc":{"Escrito por":"Rodrigo Zuquim","Est. tempo de leitura":"2 minutos"},"schema":{"@context":"https:\/\/schema.org","@graph":[{"@type":"Article","@id":"https:\/\/agenciainfra.com\/blog\/antt-apresenta-proposta-para-disciplinar-gestao-economico-financeira-das-concessoes-rodoviarias\/#article","isPartOf":{"@id":"https:\/\/agenciainfra.com\/blog\/antt-apresenta-proposta-para-disciplinar-gestao-economico-financeira-das-concessoes-rodoviarias\/"},"author":{"name":"Rodrigo Zuquim","@id":"https:\/\/agenciainfra.com\/blog\/#\/schema\/person\/04dbb79bd6d8951f063da71f3e4c1eb1"},"headline":"ANTT apresenta proposta para disciplinar gest\u00e3o econ\u00f4mico-financeira das concess\u00f5es rodovi\u00e1rias","datePublished":"2022-08-05T12:00:00+00:00","mainEntityOfPage":{"@id":"https:\/\/agenciainfra.com\/blog\/antt-apresenta-proposta-para-disciplinar-gestao-economico-financeira-das-concessoes-rodoviarias\/"},"wordCount":471,"publisher":{"@id":"https:\/\/agenciainfra.com\/blog\/#organization"},"image":{"@id":"https:\/\/agenciainfra.com\/blog\/antt-apresenta-proposta-para-disciplinar-gestao-economico-financeira-das-concessoes-rodoviarias\/#primaryimage"},"thumbnailUrl":"https:\/\/agenciainfra.com\/blog\/wp-content\/uploads\/2022\/08\/ANTT-fachada-foto-Agencia-iNFRA.jpeg","keywords":["ANTT","concess\u00f5es rodovi\u00e1rias","equil\u00edbrio econ\u00f4mico-financeiro","free flow","Infraestrutura","RCR","Regulamento das Concess\u00f5es Rodovi\u00e1rias","sandbox regulat\u00f3rio","step-in-rights","transportes"],"articleSection":["Geral","iNFRATransporte"],"inLanguage":"pt-BR","copyrightYear":"2022","copyrightHolder":{"@id":"https:\/\/agenciainfra.com\/blog\/#organization"}},{"@type":"WebPage","@id":"https:\/\/agenciainfra.com\/blog\/antt-apresenta-proposta-para-disciplinar-gestao-economico-financeira-das-concessoes-rodoviarias\/","url":"https:\/\/agenciainfra.com\/blog\/antt-apresenta-proposta-para-disciplinar-gestao-economico-financeira-das-concessoes-rodoviarias\/","name":"ANTT apresenta proposta para disciplinar gest\u00e3o econ\u00f4mico-financeira das concess\u00f5es rodovi\u00e1rias - Ag\u00eancia iNFRA","isPartOf":{"@id":"https:\/\/agenciainfra.com\/blog\/#website"},"primaryImageOfPage":{"@id":"https:\/\/agenciainfra.com\/blog\/antt-apresenta-proposta-para-disciplinar-gestao-economico-financeira-das-concessoes-rodoviarias\/#primaryimage"},"image":{"@id":"https:\/\/agenciainfra.com\/blog\/antt-apresenta-proposta-para-disciplinar-gestao-economico-financeira-das-concessoes-rodoviarias\/#primaryimage"},"thumbnailUrl":"https:\/\/agenciainfra.com\/blog\/wp-content\/uploads\/2022\/08\/ANTT-fachada-foto-Agencia-iNFRA.jpeg","datePublished":"2022-08-05T12:00:00+00:00","breadcrumb":{"@id":"https:\/\/agenciainfra.com\/blog\/antt-apresenta-proposta-para-disciplinar-gestao-economico-financeira-das-concessoes-rodoviarias\/#breadcrumb"},"inLanguage":"pt-BR","potentialAction":[{"@type":"ReadAction","target":["https:\/\/agenciainfra.com\/blog\/antt-apresenta-proposta-para-disciplinar-gestao-economico-financeira-das-concessoes-rodoviarias\/"]}]},{"@type":"ImageObject","inLanguage":"pt-BR","@id":"https:\/\/agenciainfra.com\/blog\/antt-apresenta-proposta-para-disciplinar-gestao-economico-financeira-das-concessoes-rodoviarias\/#primaryimage","url":"https:\/\/agenciainfra.com\/blog\/wp-content\/uploads\/2022\/08\/ANTT-fachada-foto-Agencia-iNFRA.jpeg","contentUrl":"https:\/\/agenciainfra.com\/blog\/wp-content\/uploads\/2022\/08\/ANTT-fachada-foto-Agencia-iNFRA.jpeg","width":1280,"height":729,"caption":"Foto: Ag\u00eancia iNFRA"},{"@type":"BreadcrumbList","@id":"https:\/\/agenciainfra.com\/blog\/antt-apresenta-proposta-para-disciplinar-gestao-economico-financeira-das-concessoes-rodoviarias\/#breadcrumb","itemListElement":[{"@type":"ListItem","position":1,"name":"In\u00edcio","item":"https:\/\/agenciainfra.com\/blog\/"},{"@type":"ListItem","position":2,"name":"ANTT apresenta proposta para disciplinar gest\u00e3o econ\u00f4mico-financeira das concess\u00f5es rodovi\u00e1rias"}]},{"@type":"WebSite","@id":"https:\/\/agenciainfra.com\/blog\/#website","url":"https:\/\/agenciainfra.com\/blog\/","name":"Ag\u00eancia iNFRA","description":"Multiplataforma de informa\u00e7\u00e3o jornal\u00edstica refer\u00eancia na \u00e1rea de infraestrutura no Brasil!","publisher":{"@id":"https:\/\/agenciainfra.com\/blog\/#organization"},"potentialAction":[{"@type":"SearchAction","target":{"@type":"EntryPoint","urlTemplate":"https:\/\/agenciainfra.com\/blog\/?s={search_term_string}"},"query-input":{"@type":"PropertyValueSpecification","valueRequired":true,"valueName":"search_term_string"}}],"inLanguage":"pt-BR"},{"@type":"Organization","@id":"https:\/\/agenciainfra.com\/blog\/#organization","name":"Ag\u00eancia iNFRA","url":"https:\/\/agenciainfra.com\/blog\/","logo":{"@type":"ImageObject","inLanguage":"pt-BR","@id":"https:\/\/agenciainfra.com\/blog\/#\/schema\/logo\/image\/","url":"https:\/\/agenciainfra.com\/blog\/wp-content\/uploads\/2023\/09\/iNFRA_5-e1761735885940.png","contentUrl":"https:\/\/agenciainfra.com\/blog\/wp-content\/uploads\/2023\/09\/iNFRA_5-e1761735885940.png","width":1672,"height":454,"caption":"Ag\u00eancia iNFRA"},"image":{"@id":"https:\/\/agenciainfra.com\/blog\/#\/schema\/logo\/image\/"},"sameAs":["https:\/\/www.facebook.com\/ageninfra","https:\/\/x.com\/agencia_infra","https:\/\/www.linkedin.com\/company\/ag\u00eanciainfra\/","https:\/\/www.instagram.com\/agenciainfra\/"]},{"@type":"Person","@id":"https:\/\/agenciainfra.com\/blog\/#\/schema\/person\/04dbb79bd6d8951f063da71f3e4c1eb1","name":"Rodrigo Zuquim","image":{"@type":"ImageObject","inLanguage":"pt-BR","@id":"https:\/\/agenciainfra.com\/blog\/#\/schema\/person\/image\/","url":"https:\/\/secure.gravatar.com\/avatar\/594abfe82761d620726242ff34ca472a705a4b97f16c790053a6b4c4035274d0?s=96&d=mm&r=g","contentUrl":"https:\/\/secure.gravatar.com\/avatar\/594abfe82761d620726242ff34ca472a705a4b97f16c790053a6b4c4035274d0?s=96&d=mm&r=g","caption":"Rodrigo Zuquim"},"url":"https:\/\/agenciainfra.com\/blog\/author\/rodrigo-zuquim\/"}]}},"_links":{"self":[{"href":"https:\/\/agenciainfra.com\/blog\/wp-json\/wp\/v2\/posts\/11004","targetHints":{"allow":["GET"]}}],"collection":[{"href":"https:\/\/agenciainfra.com\/blog\/wp-json\/wp\/v2\/posts"}],"about":[{"href":"https:\/\/agenciainfra.com\/blog\/wp-json\/wp\/v2\/types\/post"}],"author":[{"embeddable":true,"href":"https:\/\/agenciainfra.com\/blog\/wp-json\/wp\/v2\/users\/9"}],"replies":[{"embeddable":true,"href":"https:\/\/agenciainfra.com\/blog\/wp-json\/wp\/v2\/comments?post=11004"}],"version-history":[{"count":0,"href":"https:\/\/agenciainfra.com\/blog\/wp-json\/wp\/v2\/posts\/11004\/revisions"}],"wp:featuredmedia":[{"embeddable":true,"href":"https:\/\/agenciainfra.com\/blog\/wp-json\/wp\/v2\/media\/11007"}],"wp:attachment":[{"href":"https:\/\/agenciainfra.com\/blog\/wp-json\/wp\/v2\/media?parent=11004"}],"wp:term":[{"taxonomy":"category","embeddable":true,"href":"https:\/\/agenciainfra.com\/blog\/wp-json\/wp\/v2\/categories?post=11004"},{"taxonomy":"post_tag","embeddable":true,"href":"https:\/\/agenciainfra.com\/blog\/wp-json\/wp\/v2\/tags?post=11004"}],"curies":[{"name":"wp","href":"https:\/\/api.w.org\/{rel}","templated":true}]}}