{"id":11023,"date":"2022-08-06T09:00:00","date_gmt":"2022-08-06T12:00:00","guid":{"rendered":"https:\/\/www.agenciainfra.com\/blog\/?p=11023"},"modified":"2022-08-05T10:59:05","modified_gmt":"2022-08-05T13:59:05","slug":"audiencia-para-concessao-da-br-381-mg-tem-pedidos-de-mais-obras-de-parlamentares-mineiros","status":"publish","type":"post","link":"https:\/\/agenciainfra.com\/blog\/audiencia-para-concessao-da-br-381-mg-tem-pedidos-de-mais-obras-de-parlamentares-mineiros\/","title":{"rendered":"Audi\u00eancia para concess\u00e3o da BR-381\/MG tem pedidos de mais obras de parlamentares mineiros"},"content":{"rendered":"\n<p class=\"has-text-align-right\"><strong>Dimmi Amora, da Ag\u00eancia iNFRA<\/strong><\/p>\n\n\n\n<p>A sess\u00e3o presencial da Audi\u00eancia P\u00fablica 7\/2022, para a concess\u00e3o da BR-381\/MG, mostrou que ainda h\u00e1 muitas arestas a solucionar na proposta, mesmo que ela seja uma continua\u00e7\u00e3o de uma concess\u00e3o anterior que ficou sem interessados numa tentativa recente de leil\u00e3o.<br><br>Realizada pela ANTT (Ag\u00eancia Nacional de Transportes Terrestres) na \u00faltima quarta-feira (3), a reuni\u00e3o teve in\u00fameros pedidos de lideran\u00e7as locais e parlamentares para que a ag\u00eancia amplie o plano de obras da concess\u00e3o\u00a0e fa\u00e7a corre\u00e7\u00f5es t\u00e9cnicas na proposta apresentada.<br><br>Mas o superintendente de concess\u00f5es da ag\u00eancia, Renan Brand\u00e3o, afirmou que a palavra de ordem da ANTT para esse projeto \u00e9 a urg\u00eancia, devido ao longo tempo que\u00a0ele\u00a0est\u00e1 para ser concedido, deixando a estrada sem os investimentos necess\u00e1rios e com elevados \u00edndices de acidentes fatais.<br><br>Brand\u00e3o afirmou que os pedidos, principalmente de inclus\u00e3o de obras, podem ser atendidos e que o cronograma da ag\u00eancia \u00e9 entregar a proposta ao TCU (Tribunal de Contas da Uni\u00e3o) at\u00e9 setembro para tentar fazer a concorr\u00eancia ainda neste ano.<br><br>As contribui\u00e7\u00f5es por escrito podem ser feitas at\u00e9 hoje (8), <a rel=\"noreferrer noopener\" href=\"https:\/\/agenciainfra.us14.list-manage.com\/track\/click?u=d460dd1bcf9ba0ae040e1fc0f&amp;id=742f500053&amp;e=c099169394\" target=\"_blank\">neste link<\/a>. Mas a ag\u00eancia j\u00e1 pode trabalhar com as mais de 20 contribui\u00e7\u00f5es orais apresentadas, parte significativa delas por parlamentares. O deputado Domingos S\u00e1vio (PL-MG) foi pessoalmente \u00e0 sede da ag\u00eancia para pedir por mais investimentos.<br><br>Segundo ele, n\u00e3o se pode cometer os mesmos erros de quando foram feitas as concess\u00f5es de rodovias no entorno de Belo Horizonte, que deixaram o anel vi\u00e1rio da cidade sem investimentos e hoje o tr\u00e1fego por ele \u00e9 insustent\u00e1vel. Ele quer amplia\u00e7\u00e3o de obras nas regi\u00f5es de Ipatinga, Coronel Fabriciano e Tim\u00f3teo.<br><br>&#8220;S\u00e3o vias praticamente urbanas. As prefeituras n\u00e3o v\u00e3o dar conta de bancar&#8221;, disse S\u00e1vio, alertando para a necessidade de a reformula\u00e7\u00e3o n\u00e3o tirar a urg\u00eancia da an\u00e1lise da concess\u00e3o.\u00a0<br><br><strong>&#8220;Arrancar o ped\u00e1gio&#8221;<\/strong><br>O deputado tamb\u00e9m pediu que sejam criadas cl\u00e1usulas mais rigorosas para cobrar o cumprimento das obriga\u00e7\u00f5es de investimentos por parte das empresas. O pedido tem como base proteger os usu\u00e1rios de concess\u00f5es de rodovias do estado que tiveram os investimentos parados e &#8220;seguem cobrando ped\u00e1gio&#8221;.<br><br>&#8220;Isso n\u00e3o pode mais acontecer. As pessoas v\u00e3o querer arrancar o ped\u00e1gio de l\u00e1 [se n\u00e3o houver obra]&#8221;, disse o parlamentar.<br><br><strong>&#8220;Calend\u00e1rio pol\u00edtico&#8221;<\/strong><br>O representante da Melhores Rodovias do Brasil &#8211; ABCR, Alexandre Barra, apontou tamb\u00e9m problemas t\u00e9cnicos com o edital que levam a inseguran\u00e7a para a precifica\u00e7\u00e3o por parte de interessados, especialmente em rela\u00e7\u00e3o a obras do DNIT (Departamento Nacional de Infraestrutura de Transportes).<br><br>Segundo ele, n\u00e3o h\u00e1 informa\u00e7\u00f5es precisas sobre o que vai ser entregue pelo \u00f3rg\u00e3o federal nas obras de sua responsabilidade nem quais ser\u00e3o os passivos ambientais deixados. De acordo com Barra, informa\u00e7\u00f5es sobre par\u00e2metros de pavimento tamb\u00e9m seguem com problemas, que j\u00e1 foram reconhecidos pela ag\u00eancia em concess\u00f5es anteriores.<br><br>&#8220;Entendemos o calend\u00e1rio pol\u00edtico, mas confesso que \u00e9 um pouco frustrante ver os mesmos problemas [apontados anteriormente] publicados&#8221;, disse Barra.<br><br>No caso do DNIT, os respons\u00e1veis na ANTT pela concess\u00e3o afirmaram que os dados ser\u00e3o atualizados. J\u00e1 em rela\u00e7\u00e3o ao par\u00e2metros, eles ainda est\u00e3o em avalia\u00e7\u00e3o\u00a0e, quando houver decis\u00e3o sobre o novo formato, tamb\u00e9m haver\u00e1 atualiza\u00e7\u00e3o.<br><br>Edison Ara\u00fajo, que preside a UsuVias, associa\u00e7\u00e3o que representa usu\u00e1rios de vias concedidas, pediu para que haja a amplia\u00e7\u00e3o do desconto de usu\u00e1rio frequente para todos. A proposta \u00e9 que seja apenas para ve\u00edculos de passeio. J\u00e1 Luis\u00a0Baldez, da Anut, que representa transportadores de carga, pediu que os recursos da outorga sejam investidos na pr\u00f3pria concess\u00e3o.<br><br><strong>Alto risco<\/strong><br>Segundo Renan Brand\u00e3o, a concess\u00e3o anterior, que envolvia a BR-381 e a BR-262 at\u00e9 o Esp\u00edrito Santo, teve o leil\u00e3o frustrado pelo alto risco de investimentos, especialmente na BR-262, na avalia\u00e7\u00e3o do mercado.<br><br>Por isso, a decis\u00e3o foi tirar a BR-262 e fazer essa\u00a0obra com investimento p\u00fablico, e manter a concess\u00e3o da BR-381, onde o risco das obras eram menores. Com isso, o capex caiu para cerca de R$ 5 bilh\u00f5es, em valores atualizados.<br><br>A atualiza\u00e7\u00e3o dos valores de capex fez com que o valor-teto de ped\u00e1gio tamb\u00e9m ficasse mais alto. Segundo Marcelo Fonseca, superintendente substituto, que fez a apresenta\u00e7\u00e3o na audi\u00eancia p\u00fablica, o valor-teto de leil\u00e3o nas cinco pra\u00e7as vai variar entre R$ 13,80 e R$ 10,79 (ve\u00edculos de passeio). Mas o desconto tarif\u00e1rio no leil\u00e3o vai poder ser maior que o das \u00faltimas concess\u00f5es , que ficou na casa dos 12%, podendo chegar a 26% nessa disputa.<br><br><strong>Atualiza\u00e7\u00e3o do WACC<\/strong><br>Renan explica que isso foi permitido por uma atualiza\u00e7\u00e3o que a ANTT podia realizar no WACC (sigla para custo m\u00e9dio ponderado de capital) vigente, que estabelece a taxa de retorno estimada dos estudos.\u00a0<br><br>Dentro dos estudos t\u00e9cnicos para estabelecer o\u00a0WACC que est\u00e1 vigente, a ANTT podia\u00a0 se utilizar de uma banda de flutua\u00e7\u00e3o. Os 8,9% ao ano da vers\u00e3o anterior do projeto estavam pr\u00f3ximos do piso da banda. Agora, o WACC ser\u00e1 de 9,88%, e para isso foi utilizado o teto da banda onde ele poderia flutuar.<br><br>Segundo Renan, o valor maior se justifica porque, na faixa anterior, o custo de capital estava abaixo das taxas de mercado, o que reduz a atratividade do neg\u00f3cio. A ag\u00eancia est\u00e1 com audi\u00eancia p\u00fablica para estabelecer um novo WACC para o setor, o que deve ser encerrado at\u00e9 dezembro. Ele acredita que as futuras concess\u00f5es em modelagem na ag\u00eancia j\u00e1 v\u00e3o usar esse novo estudo.<\/p>\n","protected":false},"excerpt":{"rendered":"<p>Dimmi Amora, da Ag\u00eancia iNFRA A sess\u00e3o presencial da Audi\u00eancia P\u00fablica 7\/2022, para a concess\u00e3o da BR-381\/MG, mostrou que ainda h\u00e1 muitas arestas a solucionar na proposta, mesmo que ela seja uma continua\u00e7\u00e3o de uma concess\u00e3o anterior que ficou sem interessados numa tentativa recente de leil\u00e3o. Realizada pela ANTT (Ag\u00eancia Nacional de Transportes Terrestres) na [&hellip;]<\/p>\n","protected":false},"author":9,"featured_media":11024,"comment_status":"closed","ping_status":"closed","sticky":false,"template":"","format":"standard","meta":{"_monsterinsights_skip_tracking":false,"_monsterinsights_sitenote_active":false,"_monsterinsights_sitenote_note":"","_monsterinsights_sitenote_category":0,"footnotes":""},"categories":[1,7],"tags":[613,2028,19,947,5491,22,328,116,3563,32,254,5607,360,1425,21,18,3562,4070],"class_list":["post-11023","post","type-post","status-publish","format-standard","has-post-thumbnail","hentry","category-geral","category-infratransporte","tag-abcr","tag-alexandre-barra","tag-antt","tag-anut","tag-br-381-mg","tag-concessao","tag-dnit","tag-domingos-savio","tag-edison-araujo","tag-investimentos","tag-leilao","tag-luis-baldez","tag-obras","tag-renan-brandao","tag-rodovia","tag-tcu","tag-usuvias","tag-wacc"],"yoast_head":"<!-- This site is optimized with the Yoast SEO Premium plugin v25.4 (Yoast SEO v26.0) - https:\/\/yoast.com\/wordpress\/plugins\/seo\/ -->\n<title>Audi\u00eancia para concess\u00e3o da BR-381\/MG tem pedidos de mais obras de parlamentares mineiros - Ag\u00eancia iNFRA<\/title>\n<meta name=\"robots\" content=\"index, follow, max-snippet:-1, max-image-preview:large, max-video-preview:-1\" \/>\n<link rel=\"canonical\" href=\"https:\/\/agenciainfra.com\/blog\/audiencia-para-concessao-da-br-381-mg-tem-pedidos-de-mais-obras-de-parlamentares-mineiros\/\" \/>\n<meta property=\"og:locale\" content=\"pt_BR\" \/>\n<meta property=\"og:type\" content=\"article\" \/>\n<meta property=\"og:title\" content=\"Audi\u00eancia para concess\u00e3o da BR-381\/MG tem pedidos de mais obras de parlamentares mineiros\" \/>\n<meta property=\"og:description\" content=\"Dimmi Amora, da Ag\u00eancia iNFRA A sess\u00e3o presencial da Audi\u00eancia P\u00fablica 7\/2022, para a concess\u00e3o da BR-381\/MG, mostrou que ainda h\u00e1 muitas arestas a solucionar na proposta, mesmo que ela seja uma continua\u00e7\u00e3o de uma concess\u00e3o anterior que ficou sem interessados numa tentativa recente de leil\u00e3o. Realizada pela ANTT (Ag\u00eancia Nacional de Transportes Terrestres) na [&hellip;]\" \/>\n<meta property=\"og:url\" content=\"https:\/\/agenciainfra.com\/blog\/audiencia-para-concessao-da-br-381-mg-tem-pedidos-de-mais-obras-de-parlamentares-mineiros\/\" \/>\n<meta property=\"og:site_name\" content=\"Ag\u00eancia iNFRA\" \/>\n<meta property=\"article:publisher\" content=\"https:\/\/www.facebook.com\/ageninfra\" \/>\n<meta property=\"article:published_time\" content=\"2022-08-06T12:00:00+00:00\" \/>\n<meta property=\"og:image\" content=\"https:\/\/agenciainfra.com\/blog\/wp-content\/uploads\/2022\/08\/domingos-savio-foto-pablo-valadares-camara-dos-deputados.jpeg\" \/>\n\t<meta property=\"og:image:width\" content=\"1280\" \/>\n\t<meta property=\"og:image:height\" content=\"853\" \/>\n\t<meta property=\"og:image:type\" content=\"image\/jpeg\" \/>\n<meta name=\"author\" content=\"Rodrigo Zuquim\" \/>\n<meta name=\"twitter:card\" content=\"summary_large_image\" \/>\n<meta name=\"twitter:creator\" content=\"@agencia_infra\" \/>\n<meta name=\"twitter:site\" content=\"@agencia_infra\" \/>\n<meta name=\"twitter:label1\" content=\"Escrito por\" \/>\n\t<meta name=\"twitter:data1\" content=\"Rodrigo Zuquim\" \/>\n\t<meta name=\"twitter:label2\" content=\"Est. tempo de leitura\" \/>\n\t<meta name=\"twitter:data2\" content=\"5 minutos\" \/>\n<script type=\"application\/ld+json\" class=\"yoast-schema-graph\">{\"@context\":\"https:\/\/schema.org\",\"@graph\":[{\"@type\":\"Article\",\"@id\":\"https:\/\/agenciainfra.com\/blog\/audiencia-para-concessao-da-br-381-mg-tem-pedidos-de-mais-obras-de-parlamentares-mineiros\/#article\",\"isPartOf\":{\"@id\":\"https:\/\/agenciainfra.com\/blog\/audiencia-para-concessao-da-br-381-mg-tem-pedidos-de-mais-obras-de-parlamentares-mineiros\/\"},\"author\":{\"name\":\"Rodrigo Zuquim\",\"@id\":\"https:\/\/agenciainfra.com\/blog\/#\/schema\/person\/04dbb79bd6d8951f063da71f3e4c1eb1\"},\"headline\":\"Audi\u00eancia para concess\u00e3o da BR-381\/MG tem pedidos de mais obras de parlamentares mineiros\",\"datePublished\":\"2022-08-06T12:00:00+00:00\",\"mainEntityOfPage\":{\"@id\":\"https:\/\/agenciainfra.com\/blog\/audiencia-para-concessao-da-br-381-mg-tem-pedidos-de-mais-obras-de-parlamentares-mineiros\/\"},\"wordCount\":1015,\"publisher\":{\"@id\":\"https:\/\/agenciainfra.com\/blog\/#organization\"},\"image\":{\"@id\":\"https:\/\/agenciainfra.com\/blog\/audiencia-para-concessao-da-br-381-mg-tem-pedidos-de-mais-obras-de-parlamentares-mineiros\/#primaryimage\"},\"thumbnailUrl\":\"https:\/\/agenciainfra.com\/blog\/wp-content\/uploads\/2022\/08\/domingos-savio-foto-pablo-valadares-camara-dos-deputados.jpeg\",\"keywords\":[\"abcr\",\"Alexandre Barra\",\"ANTT\",\"ANUT\",\"BR-381\/MG\",\"Concess\u00e3o\",\"DNIT\",\"Domingos S\u00e1vio\",\"Edison Ara\u00fajo\",\"Investimentos\",\"leil\u00e3o\",\"Luis Baldez\",\"obras\",\"Renan Brand\u00e3o\",\"Rodovia\",\"TCU\",\"UsuVias\",\"WACC\"],\"articleSection\":[\"Geral\",\"iNFRATransporte\"],\"inLanguage\":\"pt-BR\",\"copyrightYear\":\"2022\",\"copyrightHolder\":{\"@id\":\"https:\/\/agenciainfra.com\/blog\/#organization\"}},{\"@type\":\"WebPage\",\"@id\":\"https:\/\/agenciainfra.com\/blog\/audiencia-para-concessao-da-br-381-mg-tem-pedidos-de-mais-obras-de-parlamentares-mineiros\/\",\"url\":\"https:\/\/agenciainfra.com\/blog\/audiencia-para-concessao-da-br-381-mg-tem-pedidos-de-mais-obras-de-parlamentares-mineiros\/\",\"name\":\"Audi\u00eancia para concess\u00e3o da BR-381\/MG tem pedidos de mais obras de parlamentares mineiros - Ag\u00eancia iNFRA\",\"isPartOf\":{\"@id\":\"https:\/\/agenciainfra.com\/blog\/#website\"},\"primaryImageOfPage\":{\"@id\":\"https:\/\/agenciainfra.com\/blog\/audiencia-para-concessao-da-br-381-mg-tem-pedidos-de-mais-obras-de-parlamentares-mineiros\/#primaryimage\"},\"image\":{\"@id\":\"https:\/\/agenciainfra.com\/blog\/audiencia-para-concessao-da-br-381-mg-tem-pedidos-de-mais-obras-de-parlamentares-mineiros\/#primaryimage\"},\"thumbnailUrl\":\"https:\/\/agenciainfra.com\/blog\/wp-content\/uploads\/2022\/08\/domingos-savio-foto-pablo-valadares-camara-dos-deputados.jpeg\",\"datePublished\":\"2022-08-06T12:00:00+00:00\",\"breadcrumb\":{\"@id\":\"https:\/\/agenciainfra.com\/blog\/audiencia-para-concessao-da-br-381-mg-tem-pedidos-de-mais-obras-de-parlamentares-mineiros\/#breadcrumb\"},\"inLanguage\":\"pt-BR\",\"potentialAction\":[{\"@type\":\"ReadAction\",\"target\":[\"https:\/\/agenciainfra.com\/blog\/audiencia-para-concessao-da-br-381-mg-tem-pedidos-de-mais-obras-de-parlamentares-mineiros\/\"]}]},{\"@type\":\"ImageObject\",\"inLanguage\":\"pt-BR\",\"@id\":\"https:\/\/agenciainfra.com\/blog\/audiencia-para-concessao-da-br-381-mg-tem-pedidos-de-mais-obras-de-parlamentares-mineiros\/#primaryimage\",\"url\":\"https:\/\/agenciainfra.com\/blog\/wp-content\/uploads\/2022\/08\/domingos-savio-foto-pablo-valadares-camara-dos-deputados.jpeg\",\"contentUrl\":\"https:\/\/agenciainfra.com\/blog\/wp-content\/uploads\/2022\/08\/domingos-savio-foto-pablo-valadares-camara-dos-deputados.jpeg\",\"width\":1280,\"height\":853},{\"@type\":\"BreadcrumbList\",\"@id\":\"https:\/\/agenciainfra.com\/blog\/audiencia-para-concessao-da-br-381-mg-tem-pedidos-de-mais-obras-de-parlamentares-mineiros\/#breadcrumb\",\"itemListElement\":[{\"@type\":\"ListItem\",\"position\":1,\"name\":\"In\u00edcio\",\"item\":\"https:\/\/agenciainfra.com\/blog\/\"},{\"@type\":\"ListItem\",\"position\":2,\"name\":\"Audi\u00eancia para concess\u00e3o da BR-381\/MG tem pedidos de mais obras de parlamentares mineiros\"}]},{\"@type\":\"WebSite\",\"@id\":\"https:\/\/agenciainfra.com\/blog\/#website\",\"url\":\"https:\/\/agenciainfra.com\/blog\/\",\"name\":\"Ag\u00eancia iNFRA\",\"description\":\"Multiplataforma de informa\u00e7\u00e3o jornal\u00edstica refer\u00eancia na \u00e1rea de infraestrutura no Brasil!\",\"publisher\":{\"@id\":\"https:\/\/agenciainfra.com\/blog\/#organization\"},\"potentialAction\":[{\"@type\":\"SearchAction\",\"target\":{\"@type\":\"EntryPoint\",\"urlTemplate\":\"https:\/\/agenciainfra.com\/blog\/?s={search_term_string}\"},\"query-input\":{\"@type\":\"PropertyValueSpecification\",\"valueRequired\":true,\"valueName\":\"search_term_string\"}}],\"inLanguage\":\"pt-BR\"},{\"@type\":\"Organization\",\"@id\":\"https:\/\/agenciainfra.com\/blog\/#organization\",\"name\":\"Ag\u00eancia iNFRA\",\"url\":\"https:\/\/agenciainfra.com\/blog\/\",\"logo\":{\"@type\":\"ImageObject\",\"inLanguage\":\"pt-BR\",\"@id\":\"https:\/\/agenciainfra.com\/blog\/#\/schema\/logo\/image\/\",\"url\":\"https:\/\/agenciainfra.com\/blog\/wp-content\/uploads\/2023\/09\/iNFRA_5-e1761735885940.png\",\"contentUrl\":\"https:\/\/agenciainfra.com\/blog\/wp-content\/uploads\/2023\/09\/iNFRA_5-e1761735885940.png\",\"width\":1672,\"height\":454,\"caption\":\"Ag\u00eancia iNFRA\"},\"image\":{\"@id\":\"https:\/\/agenciainfra.com\/blog\/#\/schema\/logo\/image\/\"},\"sameAs\":[\"https:\/\/www.facebook.com\/ageninfra\",\"https:\/\/x.com\/agencia_infra\",\"https:\/\/www.linkedin.com\/company\/ag\u00eanciainfra\/\",\"https:\/\/www.instagram.com\/agenciainfra\/\"]},{\"@type\":\"Person\",\"@id\":\"https:\/\/agenciainfra.com\/blog\/#\/schema\/person\/04dbb79bd6d8951f063da71f3e4c1eb1\",\"name\":\"Rodrigo Zuquim\",\"image\":{\"@type\":\"ImageObject\",\"inLanguage\":\"pt-BR\",\"@id\":\"https:\/\/agenciainfra.com\/blog\/#\/schema\/person\/image\/\",\"url\":\"https:\/\/secure.gravatar.com\/avatar\/594abfe82761d620726242ff34ca472a705a4b97f16c790053a6b4c4035274d0?s=96&d=mm&r=g\",\"contentUrl\":\"https:\/\/secure.gravatar.com\/avatar\/594abfe82761d620726242ff34ca472a705a4b97f16c790053a6b4c4035274d0?s=96&d=mm&r=g\",\"caption\":\"Rodrigo Zuquim\"},\"url\":\"https:\/\/agenciainfra.com\/blog\/author\/rodrigo-zuquim\/\"}]}<\/script>\n<!-- \/ Yoast SEO Premium plugin. -->","yoast_head_json":{"title":"Audi\u00eancia para concess\u00e3o da BR-381\/MG tem pedidos de mais obras de parlamentares mineiros - Ag\u00eancia iNFRA","robots":{"index":"index","follow":"follow","max-snippet":"max-snippet:-1","max-image-preview":"max-image-preview:large","max-video-preview":"max-video-preview:-1"},"canonical":"https:\/\/agenciainfra.com\/blog\/audiencia-para-concessao-da-br-381-mg-tem-pedidos-de-mais-obras-de-parlamentares-mineiros\/","og_locale":"pt_BR","og_type":"article","og_title":"Audi\u00eancia para concess\u00e3o da BR-381\/MG tem pedidos de mais obras de parlamentares mineiros","og_description":"Dimmi Amora, da Ag\u00eancia iNFRA A sess\u00e3o presencial da Audi\u00eancia P\u00fablica 7\/2022, para a concess\u00e3o da BR-381\/MG, mostrou que ainda h\u00e1 muitas arestas a solucionar na proposta, mesmo que ela seja uma continua\u00e7\u00e3o de uma concess\u00e3o anterior que ficou sem interessados numa tentativa recente de leil\u00e3o. Realizada pela ANTT (Ag\u00eancia Nacional de Transportes Terrestres) na [&hellip;]","og_url":"https:\/\/agenciainfra.com\/blog\/audiencia-para-concessao-da-br-381-mg-tem-pedidos-de-mais-obras-de-parlamentares-mineiros\/","og_site_name":"Ag\u00eancia iNFRA","article_publisher":"https:\/\/www.facebook.com\/ageninfra","article_published_time":"2022-08-06T12:00:00+00:00","og_image":[{"width":1280,"height":853,"url":"https:\/\/agenciainfra.com\/blog\/wp-content\/uploads\/2022\/08\/domingos-savio-foto-pablo-valadares-camara-dos-deputados.jpeg","type":"image\/jpeg"}],"author":"Rodrigo Zuquim","twitter_card":"summary_large_image","twitter_creator":"@agencia_infra","twitter_site":"@agencia_infra","twitter_misc":{"Escrito por":"Rodrigo Zuquim","Est. tempo de leitura":"5 minutos"},"schema":{"@context":"https:\/\/schema.org","@graph":[{"@type":"Article","@id":"https:\/\/agenciainfra.com\/blog\/audiencia-para-concessao-da-br-381-mg-tem-pedidos-de-mais-obras-de-parlamentares-mineiros\/#article","isPartOf":{"@id":"https:\/\/agenciainfra.com\/blog\/audiencia-para-concessao-da-br-381-mg-tem-pedidos-de-mais-obras-de-parlamentares-mineiros\/"},"author":{"name":"Rodrigo Zuquim","@id":"https:\/\/agenciainfra.com\/blog\/#\/schema\/person\/04dbb79bd6d8951f063da71f3e4c1eb1"},"headline":"Audi\u00eancia para concess\u00e3o da BR-381\/MG tem pedidos de mais obras de parlamentares mineiros","datePublished":"2022-08-06T12:00:00+00:00","mainEntityOfPage":{"@id":"https:\/\/agenciainfra.com\/blog\/audiencia-para-concessao-da-br-381-mg-tem-pedidos-de-mais-obras-de-parlamentares-mineiros\/"},"wordCount":1015,"publisher":{"@id":"https:\/\/agenciainfra.com\/blog\/#organization"},"image":{"@id":"https:\/\/agenciainfra.com\/blog\/audiencia-para-concessao-da-br-381-mg-tem-pedidos-de-mais-obras-de-parlamentares-mineiros\/#primaryimage"},"thumbnailUrl":"https:\/\/agenciainfra.com\/blog\/wp-content\/uploads\/2022\/08\/domingos-savio-foto-pablo-valadares-camara-dos-deputados.jpeg","keywords":["abcr","Alexandre Barra","ANTT","ANUT","BR-381\/MG","Concess\u00e3o","DNIT","Domingos S\u00e1vio","Edison Ara\u00fajo","Investimentos","leil\u00e3o","Luis Baldez","obras","Renan Brand\u00e3o","Rodovia","TCU","UsuVias","WACC"],"articleSection":["Geral","iNFRATransporte"],"inLanguage":"pt-BR","copyrightYear":"2022","copyrightHolder":{"@id":"https:\/\/agenciainfra.com\/blog\/#organization"}},{"@type":"WebPage","@id":"https:\/\/agenciainfra.com\/blog\/audiencia-para-concessao-da-br-381-mg-tem-pedidos-de-mais-obras-de-parlamentares-mineiros\/","url":"https:\/\/agenciainfra.com\/blog\/audiencia-para-concessao-da-br-381-mg-tem-pedidos-de-mais-obras-de-parlamentares-mineiros\/","name":"Audi\u00eancia para concess\u00e3o da BR-381\/MG tem pedidos de mais obras de parlamentares mineiros - Ag\u00eancia iNFRA","isPartOf":{"@id":"https:\/\/agenciainfra.com\/blog\/#website"},"primaryImageOfPage":{"@id":"https:\/\/agenciainfra.com\/blog\/audiencia-para-concessao-da-br-381-mg-tem-pedidos-de-mais-obras-de-parlamentares-mineiros\/#primaryimage"},"image":{"@id":"https:\/\/agenciainfra.com\/blog\/audiencia-para-concessao-da-br-381-mg-tem-pedidos-de-mais-obras-de-parlamentares-mineiros\/#primaryimage"},"thumbnailUrl":"https:\/\/agenciainfra.com\/blog\/wp-content\/uploads\/2022\/08\/domingos-savio-foto-pablo-valadares-camara-dos-deputados.jpeg","datePublished":"2022-08-06T12:00:00+00:00","breadcrumb":{"@id":"https:\/\/agenciainfra.com\/blog\/audiencia-para-concessao-da-br-381-mg-tem-pedidos-de-mais-obras-de-parlamentares-mineiros\/#breadcrumb"},"inLanguage":"pt-BR","potentialAction":[{"@type":"ReadAction","target":["https:\/\/agenciainfra.com\/blog\/audiencia-para-concessao-da-br-381-mg-tem-pedidos-de-mais-obras-de-parlamentares-mineiros\/"]}]},{"@type":"ImageObject","inLanguage":"pt-BR","@id":"https:\/\/agenciainfra.com\/blog\/audiencia-para-concessao-da-br-381-mg-tem-pedidos-de-mais-obras-de-parlamentares-mineiros\/#primaryimage","url":"https:\/\/agenciainfra.com\/blog\/wp-content\/uploads\/2022\/08\/domingos-savio-foto-pablo-valadares-camara-dos-deputados.jpeg","contentUrl":"https:\/\/agenciainfra.com\/blog\/wp-content\/uploads\/2022\/08\/domingos-savio-foto-pablo-valadares-camara-dos-deputados.jpeg","width":1280,"height":853},{"@type":"BreadcrumbList","@id":"https:\/\/agenciainfra.com\/blog\/audiencia-para-concessao-da-br-381-mg-tem-pedidos-de-mais-obras-de-parlamentares-mineiros\/#breadcrumb","itemListElement":[{"@type":"ListItem","position":1,"name":"In\u00edcio","item":"https:\/\/agenciainfra.com\/blog\/"},{"@type":"ListItem","position":2,"name":"Audi\u00eancia para concess\u00e3o da BR-381\/MG tem pedidos de mais obras de parlamentares mineiros"}]},{"@type":"WebSite","@id":"https:\/\/agenciainfra.com\/blog\/#website","url":"https:\/\/agenciainfra.com\/blog\/","name":"Ag\u00eancia iNFRA","description":"Multiplataforma de informa\u00e7\u00e3o jornal\u00edstica refer\u00eancia na \u00e1rea de infraestrutura no Brasil!","publisher":{"@id":"https:\/\/agenciainfra.com\/blog\/#organization"},"potentialAction":[{"@type":"SearchAction","target":{"@type":"EntryPoint","urlTemplate":"https:\/\/agenciainfra.com\/blog\/?s={search_term_string}"},"query-input":{"@type":"PropertyValueSpecification","valueRequired":true,"valueName":"search_term_string"}}],"inLanguage":"pt-BR"},{"@type":"Organization","@id":"https:\/\/agenciainfra.com\/blog\/#organization","name":"Ag\u00eancia iNFRA","url":"https:\/\/agenciainfra.com\/blog\/","logo":{"@type":"ImageObject","inLanguage":"pt-BR","@id":"https:\/\/agenciainfra.com\/blog\/#\/schema\/logo\/image\/","url":"https:\/\/agenciainfra.com\/blog\/wp-content\/uploads\/2023\/09\/iNFRA_5-e1761735885940.png","contentUrl":"https:\/\/agenciainfra.com\/blog\/wp-content\/uploads\/2023\/09\/iNFRA_5-e1761735885940.png","width":1672,"height":454,"caption":"Ag\u00eancia iNFRA"},"image":{"@id":"https:\/\/agenciainfra.com\/blog\/#\/schema\/logo\/image\/"},"sameAs":["https:\/\/www.facebook.com\/ageninfra","https:\/\/x.com\/agencia_infra","https:\/\/www.linkedin.com\/company\/ag\u00eanciainfra\/","https:\/\/www.instagram.com\/agenciainfra\/"]},{"@type":"Person","@id":"https:\/\/agenciainfra.com\/blog\/#\/schema\/person\/04dbb79bd6d8951f063da71f3e4c1eb1","name":"Rodrigo Zuquim","image":{"@type":"ImageObject","inLanguage":"pt-BR","@id":"https:\/\/agenciainfra.com\/blog\/#\/schema\/person\/image\/","url":"https:\/\/secure.gravatar.com\/avatar\/594abfe82761d620726242ff34ca472a705a4b97f16c790053a6b4c4035274d0?s=96&d=mm&r=g","contentUrl":"https:\/\/secure.gravatar.com\/avatar\/594abfe82761d620726242ff34ca472a705a4b97f16c790053a6b4c4035274d0?s=96&d=mm&r=g","caption":"Rodrigo Zuquim"},"url":"https:\/\/agenciainfra.com\/blog\/author\/rodrigo-zuquim\/"}]}},"_links":{"self":[{"href":"https:\/\/agenciainfra.com\/blog\/wp-json\/wp\/v2\/posts\/11023","targetHints":{"allow":["GET"]}}],"collection":[{"href":"https:\/\/agenciainfra.com\/blog\/wp-json\/wp\/v2\/posts"}],"about":[{"href":"https:\/\/agenciainfra.com\/blog\/wp-json\/wp\/v2\/types\/post"}],"author":[{"embeddable":true,"href":"https:\/\/agenciainfra.com\/blog\/wp-json\/wp\/v2\/users\/9"}],"replies":[{"embeddable":true,"href":"https:\/\/agenciainfra.com\/blog\/wp-json\/wp\/v2\/comments?post=11023"}],"version-history":[{"count":0,"href":"https:\/\/agenciainfra.com\/blog\/wp-json\/wp\/v2\/posts\/11023\/revisions"}],"wp:featuredmedia":[{"embeddable":true,"href":"https:\/\/agenciainfra.com\/blog\/wp-json\/wp\/v2\/media\/11024"}],"wp:attachment":[{"href":"https:\/\/agenciainfra.com\/blog\/wp-json\/wp\/v2\/media?parent=11023"}],"wp:term":[{"taxonomy":"category","embeddable":true,"href":"https:\/\/agenciainfra.com\/blog\/wp-json\/wp\/v2\/categories?post=11023"},{"taxonomy":"post_tag","embeddable":true,"href":"https:\/\/agenciainfra.com\/blog\/wp-json\/wp\/v2\/tags?post=11023"}],"curies":[{"name":"wp","href":"https:\/\/api.w.org\/{rel}","templated":true}]}}