{"id":11037,"date":"2022-08-08T11:00:00","date_gmt":"2022-08-08T14:00:00","guid":{"rendered":"https:\/\/www.agenciainfra.com\/blog\/?p=11037"},"modified":"2024-04-09T10:46:56","modified_gmt":"2024-04-09T13:46:56","slug":"analise-sob-novo-comando-eletrobras-podera-criar-receitas-e-servicos","status":"publish","type":"post","link":"https:\/\/agenciainfra.com\/blog\/analise-sob-novo-comando-eletrobras-podera-criar-receitas-e-servicos\/","title":{"rendered":"An\u00e1lise: sob novo comando, Eletrobras poder\u00e1 criar receitas e servi\u00e7os"},"content":{"rendered":"\n<p class=\"has-text-align-right\"><strong>Roberto Rockmann*<\/strong><\/p>\n\n\n\n<p>A Eletrobras que Wilson Ferreira Jr presidir\u00e1 a partir desta segunda-feira (8)\u00a0\u00e9 bem diferente daquela que ele assumiu em junho de 2016. Primeiro, a empresa passou a ter controle difuso. Segundo, a virada operacional comandada por Wilson durante os quase cinco anos \u00e0 frente dela permitiu, por exemplo, a empresa ter participado e vencido um lote no leil\u00e3o de transmiss\u00e3o realizado em junho, ap\u00f3s anos sem participa\u00e7\u00f5es exitosas.<\/p>\n\n\n\n<p><strong>Parque envelhecido<\/strong><br>Fabricantes de bens de capital sob medida est\u00e3o de olho nos pr\u00f3ximos passos que a nova diretoria da Eletrobras dever\u00e1 anunciar. A companhia poder\u00e1 se tornar uma ponta de lan\u00e7a na moderniza\u00e7\u00e3o do setor el\u00e9trico em alguns segmentos. Al\u00e9m de ganhos com a melhor efici\u00eancia dos ativos sob capital privado, a Eletrobras atrai por outra possibilidade: obter receitas em novos servi\u00e7os a serem criados nos pr\u00f3ximos anos a partir da sofistica\u00e7\u00e3o da matriz.<\/p>\n\n\n\n<p>L\u00edder em gera\u00e7\u00e3o e transmiss\u00e3o no pa\u00eds, a empresa poder\u00e1 dinamizar suas receitas com mudan\u00e7as regulat\u00f3rias que poder\u00e3o criar um novo sistema de precifica\u00e7\u00e3o da \u00e1gua acumulada nos reservat\u00f3rios das hidrel\u00e9tricas, nova regula\u00e7\u00e3o sobre armazenamento e novos servi\u00e7os na \u00e1rea de transmiss\u00e3o. O parque de linhas da Eletrobras \u00e9 antigo e poder\u00e1 ser modernizado, o que cria oportunidades.<\/p>\n\n\n\n<p>Com 40% da transmiss\u00e3o no pa\u00eds e com um sistema com cada vez mais fontes intermitentes, as transmissoras passar\u00e3o a atuar com novos modelos de neg\u00f3cio. O aumento das renov\u00e1veis na gera\u00e7\u00e3o de energia cria problemas de qualidade de frequ\u00eancia. Em alguns momentos, h\u00e1 excesso de oferta de carga e n\u00e3o \u00e9 f\u00e1cil regular, n\u00e3o se consegue baixar uma t\u00e9rmica ou modular uma hidrel\u00e9trica com rapidez. O uso de bateria, de armazenamento na transmiss\u00e3o ganha relev\u00e2ncia.&nbsp;<\/p>\n\n\n\n<p>Em gera\u00e7\u00e3o, a gigante tamb\u00e9m pode repotenciar m\u00e1quinas e inclusive investir em novas tecnologias no Brasil, como usinas revers\u00edveis, caso em que a usina de Tucuru\u00ed \u00e9 a mais avan\u00e7ada no projeto.<\/p>\n\n\n\n<p><strong>Comercializa\u00e7\u00e3o<\/strong><br>Se em gera\u00e7\u00e3o a Eletrobras \u00e9 l\u00edder desde sua cria\u00e7\u00e3o h\u00e1 mais de 60 anos, em comercializa\u00e7\u00e3o o retrato \u00e9 outro. As cinco maiores comercializadoras (Cemig, Engie, Copel, Enel, BTG) det\u00eam 22,1% do segmento, de acordo com dados de recente estudo do Grupo de Energia El\u00e9trica da Universidade de Bras\u00edlia. Com um ter\u00e7o da gera\u00e7\u00e3o do pa\u00eds, a potencial amplia\u00e7\u00e3o do mercado livre tem na Eletrobras uma importante pe\u00e7a desse xadrez.&nbsp;<\/p>\n\n\n\n<p>Esse \u00e9 um segmento que tem atra\u00eddo pesos pesados e vivenciado diversifica\u00e7\u00e3o: a Vibra, ent\u00e3o comandada por Wilson, adquiriu a Comerc; a Shell come\u00e7a a dar seus primeiros passos; a XP j\u00e1 tem operado derivativos; a Engie come\u00e7ou a fazer propaganda na televis\u00e3o. A gera\u00e7\u00e3o distribu\u00edda solar tamb\u00e9m tem atra\u00eddo investimentos: a Ecom Energia, uma das maiores comercializadoras independentes, ingressou recentemente nos quadros da Absolar.<\/p>\n\n\n\n<p>Se a consulta p\u00fablica do governo se transformar de fato na abertura total da alta tens\u00e3o, a maior amplia\u00e7\u00e3o da hist\u00f3ria do mercado livre de energia ter\u00e1 uma disputa acirrada pela conquista de potenciais 100 mil clientes, com um player que tem algumas pe\u00e7as diferenciadas sobre o tabuleiro. A Eletrobras poder\u00e1 ter impacto nesse cen\u00e1rio por dois motivos.<\/p>\n\n\n\n<p><strong>Lideran\u00e7a em I-Recs<\/strong><br>Primeiro, a empresa tem um grande portf\u00f3lio de energia renov\u00e1vel, com destaque \u00e0s maiores hidrel\u00e9tricas do pa\u00eds, geradoras de I-Recs, certificados de energia renov\u00e1vel, um segmento em que a Eletrobras j\u00e1 tem espa\u00e7o. Em 2021, Furnas fez um leil\u00e3o inovador no mercado brasileiro, ao comercializar I-Recs. Neste ano, em fevereiro, Furnas realizou o segundo leil\u00e3o.<\/p>\n\n\n\n<p>Segunda raz\u00e3o: a oferta de energia no ACL (Ambiente de Contrata\u00e7\u00e3o Livre) crescer\u00e1 mais ainda nos pr\u00f3ximos anos em raz\u00e3o da lei que permitiu a capitaliza\u00e7\u00e3o da Eletrobras. A legisla\u00e7\u00e3o autoriza que o total das garantias f\u00edsicas das hidrel\u00e9tricas da Eletrobras seja comercializado no ACL na propor\u00e7\u00e3o de 20% anuais a partir de 2023.<\/p>\n\n\n\n<p>Essa possibilidade de novos servi\u00e7os e receitas tamb\u00e9m poder\u00e1 levar \u00e0 abertura de capital de unidades de neg\u00f3cios da empresa, por exemplo do bra\u00e7o de transmiss\u00e3o, em um caminho inverso ao que Wilson trilhou na CPFL, na qual abriu o capital do grupo logo depois da san\u00e7\u00e3o do novo modelo em 2004 e foi agregando novos bra\u00e7os \u00e0 CPFL.<\/p>\n\n\n\n<p><strong>Hist\u00f3ria na Eletrobras<\/strong><br>A primeira passagem de Wilson pela Eletrobras se deu em 2016, com a chegada de Michel Temer \u00e0 presid\u00eancia da Rep\u00fablica. A inten\u00e7\u00e3o de Temer foi colocar nos trilhos as finan\u00e7as das duas estatais. Pedro Parente assumiu a Petrobras, Wilson, a Eletrobras.<\/p>\n\n\n\n<p>Para amigos, Wilson confidenciou que trocou o sal\u00e1rio mais alto que recebia na CPFL pela ambi\u00e7\u00e3o de conduzir a privatiza\u00e7\u00e3o da Eletrobras para se tornar o presidente da companhia que se tornaria uma \u201ccorporation\u201d com m\u00faltiplos acionistas, sem controle definido.<\/p>\n\n\n\n<p>A ambi\u00e7\u00e3o foi interrompida em janeiro de 2021, em meio ao pior momento da pandemia. O Congresso e o Senado estavam em plena campanha de elei\u00e7\u00e3o da presid\u00eancia das duas mesas. Na quinta-feira, 21 de janeiro de 2021, as a\u00e7\u00f5es da Eletrobras ca\u00edram 6,15% depois de o candidato apoiado pelo Pal\u00e1cio do Planalto para a presid\u00eancia do Senado, Rodrigo Pacheco, na \u00e9poca no partido Democratas por Minas Gerais, declarar que a privatiza\u00e7\u00e3o da estatal n\u00e3o seria um foco da sua gest\u00e3o.<\/p>\n\n\n\n<p>Horas depois, a candidata \u00e0 presid\u00eancia do Senado pelo MDB, a senadora Simone Tebet (MS), condicionou a privatiza\u00e7\u00e3o da Eletrobras a um \u201cmomento mais tranquilo\u201d no Congresso. \u201cA pandemia mudou a agenda e a segunda onda poder\u00e1 mudar as prioridades e a pol\u00edtica fiscal\u201d, afirmou Wilson em teleconfer\u00eancia ao mercado no fim de janeiro.<\/p>\n\n\n\n<p>Depois dos sinais incertos vindos de Bras\u00edlia, ele tomou a decis\u00e3o de deixar o comando da Eletrobras. Ficou no comando do Conselho de Administra\u00e7\u00e3o, para liderar o processo de contrata\u00e7\u00e3o de um substituto.<\/p>\n\n\n\n<p>Foi contratada uma consultoria de recursos humanos, a Korn Ferry, para indicar um executivo de mercado para assumir a presid\u00eancia da empresa. Na reta final, quando seis nomes estavam sendo discutidos, o governo federal resolveu tomar um atalho: n\u00e3o selecionou nenhum dos empres\u00e1rios analisados pela consultoria e indicou o secret\u00e1rio de Energia El\u00e9trica do Minist\u00e9rio de Minas e Energia, Rodrigo Limp (hoje na diretoria regulat\u00f3ria da Eletrobras), para assumir o comando da holding, ent\u00e3o com capital majorit\u00e1rio nas m\u00e3os da Uni\u00e3o.<\/p>\n\n\n\n<p>Wilson deixou o cargo de presidente da Eletrobras e assumiu a Vibra, mas n\u00e3o arranhou sua imagem com o governo. Durante a crise h\u00eddrica voltou a conversar com ent\u00e3o ministro Bento Albuquerque e sugerir que o ministro se reunisse com especialistas que participaram do racionamento de 2001.<\/p>\n\n\n\n<p>Na Vibra, buscou trabalhar na diversifica\u00e7\u00e3o da empresa al\u00e9m do segmento dos combust\u00edveis, com investimentos na aquisi\u00e7\u00e3o da Comerc, em biog\u00e1s e em uma joint-venture com a Copersucar. Deixou a Vibra pouco mais de um ano e meio de t\u00ea-la assumido.<\/p>\n\n\n\n<h6 class=\"wp-block-heading\" id=\"block-f323f59b-51bf-4eed-b17b-3c7d3b917007\">*Roberto Rockmann <strong>\u00e9 escritor e jornalista. Coautor do livro \u201cCurto-Circuito, quando o Brasil quase ficou \u00e0s escuras\u201d e produtor do podcast quinzenal \u201cGiro Energia\u201d sobre o setor el\u00e9trico. Organizou em 2018 o livro de 20 anos do mercado livre de energia el\u00e9trica, editado pela CCEE (C\u00e2mara de Comercializa\u00e7\u00e3o de Energia El\u00e9trica), al\u00e9m de v\u00e1rios outros livros e trabalhos premiados<\/strong>.<\/h6>\n\n\n\n<p><strong>As opini\u00f5es dos autores n\u00e3o refletem necessariamente o pensamento da Ag\u00eancia iNFRA, sendo de total responsabilidade do autor as informa\u00e7\u00f5es, ju\u00edzos de valor e conceitos descritos no texto<\/strong>. <\/p>\n","protected":false},"excerpt":{"rendered":"<p>Roberto Rockmann* A Eletrobras que Wilson Ferreira Jr presidir\u00e1 a partir desta segunda-feira (8)\u00a0\u00e9 bem diferente daquela que ele assumiu em junho de 2016. Primeiro, a empresa passou a ter controle difuso. Segundo, a virada operacional comandada por Wilson durante os quase cinco anos \u00e0 frente dela permitiu, por exemplo, a empresa ter participado e [&hellip;]<\/p>\n","protected":false},"author":1,"featured_media":9615,"comment_status":"closed","ping_status":"closed","sticky":false,"template":"","format":"standard","meta":{"_monsterinsights_skip_tracking":false,"_monsterinsights_sitenote_active":false,"_monsterinsights_sitenote_note":"","_monsterinsights_sitenote_category":0,"footnotes":""},"categories":[1],"tags":[1966,192,50,2804,1854,3367,2648,51,5617,54,2969,5616],"class_list":["post-11037","post","type-post","status-publish","format-standard","has-post-thumbnail","hentry","category-geral","tag-alta-tensao","tag-desestatizacao","tag-eletrobras","tag-energia-renovavel","tag-geracao","tag-michel-temer","tag-modernizacao","tag-privatizacao","tag-servicos","tag-setor-eletrico","tag-transmissao","tag-wilson-ferreira-jr-2"],"yoast_head":"<!-- This site is optimized with the Yoast SEO Premium plugin v25.4 (Yoast SEO v26.0) - https:\/\/yoast.com\/wordpress\/plugins\/seo\/ -->\n<title>An\u00e1lise: sob novo comando, Eletrobras poder\u00e1 criar receitas e servi\u00e7os - Ag\u00eancia iNFRA<\/title>\n<meta name=\"robots\" content=\"index, follow, max-snippet:-1, max-image-preview:large, max-video-preview:-1\" \/>\n<link rel=\"canonical\" href=\"https:\/\/agenciainfra.com\/blog\/analise-sob-novo-comando-eletrobras-podera-criar-receitas-e-servicos\/\" \/>\n<meta property=\"og:locale\" content=\"pt_BR\" \/>\n<meta property=\"og:type\" content=\"article\" \/>\n<meta property=\"og:title\" content=\"An\u00e1lise: sob novo comando, Eletrobras poder\u00e1 criar receitas e servi\u00e7os\" \/>\n<meta property=\"og:description\" content=\"Roberto Rockmann* A Eletrobras que Wilson Ferreira Jr presidir\u00e1 a partir desta segunda-feira (8)\u00a0\u00e9 bem diferente daquela que ele assumiu em junho de 2016. Primeiro, a empresa passou a ter controle difuso. Segundo, a virada operacional comandada por Wilson durante os quase cinco anos \u00e0 frente dela permitiu, por exemplo, a empresa ter participado e [&hellip;]\" \/>\n<meta property=\"og:url\" content=\"https:\/\/agenciainfra.com\/blog\/analise-sob-novo-comando-eletrobras-podera-criar-receitas-e-servicos\/\" \/>\n<meta property=\"og:site_name\" content=\"Ag\u00eancia iNFRA\" \/>\n<meta property=\"article:publisher\" content=\"https:\/\/www.facebook.com\/ageninfra\" \/>\n<meta property=\"article:published_time\" content=\"2022-08-08T14:00:00+00:00\" \/>\n<meta property=\"article:modified_time\" content=\"2024-04-09T13:46:56+00:00\" \/>\n<meta property=\"og:image\" content=\"https:\/\/agenciainfra.com\/blog\/wp-content\/uploads\/2022\/02\/eletrobras-foto-marcelo-camargo-agencia-brasil.jpg\" \/>\n\t<meta property=\"og:image:width\" content=\"1280\" \/>\n\t<meta property=\"og:image:height\" content=\"854\" \/>\n\t<meta property=\"og:image:type\" content=\"image\/jpeg\" \/>\n<meta name=\"author\" content=\"Ag\u00eancia iNFRA\" \/>\n<meta name=\"twitter:card\" content=\"summary_large_image\" \/>\n<meta name=\"twitter:creator\" content=\"@agencia_infra\" \/>\n<meta name=\"twitter:site\" content=\"@agencia_infra\" \/>\n<meta name=\"twitter:label1\" content=\"Escrito por\" \/>\n\t<meta name=\"twitter:data1\" content=\"Ag\u00eancia iNFRA\" \/>\n\t<meta name=\"twitter:label2\" content=\"Est. tempo de leitura\" \/>\n\t<meta name=\"twitter:data2\" content=\"7 minutos\" \/>\n<script type=\"application\/ld+json\" class=\"yoast-schema-graph\">{\"@context\":\"https:\/\/schema.org\",\"@graph\":[{\"@type\":\"Article\",\"@id\":\"https:\/\/agenciainfra.com\/blog\/analise-sob-novo-comando-eletrobras-podera-criar-receitas-e-servicos\/#article\",\"isPartOf\":{\"@id\":\"https:\/\/agenciainfra.com\/blog\/analise-sob-novo-comando-eletrobras-podera-criar-receitas-e-servicos\/\"},\"author\":{\"name\":\"Ag\u00eancia iNFRA\",\"@id\":\"https:\/\/agenciainfra.com\/blog\/#\/schema\/person\/34af08dff6adea4cb22b06612ba7acfa\"},\"headline\":\"An\u00e1lise: sob novo comando, Eletrobras poder\u00e1 criar receitas e servi\u00e7os\",\"datePublished\":\"2022-08-08T14:00:00+00:00\",\"dateModified\":\"2024-04-09T13:46:56+00:00\",\"mainEntityOfPage\":{\"@id\":\"https:\/\/agenciainfra.com\/blog\/analise-sob-novo-comando-eletrobras-podera-criar-receitas-e-servicos\/\"},\"wordCount\":1329,\"publisher\":{\"@id\":\"https:\/\/agenciainfra.com\/blog\/#organization\"},\"image\":{\"@id\":\"https:\/\/agenciainfra.com\/blog\/analise-sob-novo-comando-eletrobras-podera-criar-receitas-e-servicos\/#primaryimage\"},\"thumbnailUrl\":\"https:\/\/agenciainfra.com\/blog\/wp-content\/uploads\/2022\/02\/eletrobras-foto-marcelo-camargo-agencia-brasil.jpg\",\"keywords\":[\"alta tens\u00e3o\",\"desestatiza\u00e7\u00e3o\",\"Eletrobras\",\"energia renov\u00e1vel\",\"gera\u00e7\u00e3o\",\"Michel Temer\",\"moderniza\u00e7\u00e3o\",\"Privatiza\u00e7\u00e3o\",\"servi\u00e7os\",\"Setor El\u00e9trico\",\"transmiss\u00e3o\",\"Wilson Ferreira Jr\"],\"articleSection\":[\"Geral\"],\"inLanguage\":\"pt-BR\",\"copyrightYear\":\"2022\",\"copyrightHolder\":{\"@id\":\"https:\/\/agenciainfra.com\/blog\/#organization\"}},{\"@type\":\"WebPage\",\"@id\":\"https:\/\/agenciainfra.com\/blog\/analise-sob-novo-comando-eletrobras-podera-criar-receitas-e-servicos\/\",\"url\":\"https:\/\/agenciainfra.com\/blog\/analise-sob-novo-comando-eletrobras-podera-criar-receitas-e-servicos\/\",\"name\":\"An\u00e1lise: sob novo comando, Eletrobras poder\u00e1 criar receitas e servi\u00e7os - Ag\u00eancia iNFRA\",\"isPartOf\":{\"@id\":\"https:\/\/agenciainfra.com\/blog\/#website\"},\"primaryImageOfPage\":{\"@id\":\"https:\/\/agenciainfra.com\/blog\/analise-sob-novo-comando-eletrobras-podera-criar-receitas-e-servicos\/#primaryimage\"},\"image\":{\"@id\":\"https:\/\/agenciainfra.com\/blog\/analise-sob-novo-comando-eletrobras-podera-criar-receitas-e-servicos\/#primaryimage\"},\"thumbnailUrl\":\"https:\/\/agenciainfra.com\/blog\/wp-content\/uploads\/2022\/02\/eletrobras-foto-marcelo-camargo-agencia-brasil.jpg\",\"datePublished\":\"2022-08-08T14:00:00+00:00\",\"dateModified\":\"2024-04-09T13:46:56+00:00\",\"breadcrumb\":{\"@id\":\"https:\/\/agenciainfra.com\/blog\/analise-sob-novo-comando-eletrobras-podera-criar-receitas-e-servicos\/#breadcrumb\"},\"inLanguage\":\"pt-BR\",\"potentialAction\":[{\"@type\":\"ReadAction\",\"target\":[\"https:\/\/agenciainfra.com\/blog\/analise-sob-novo-comando-eletrobras-podera-criar-receitas-e-servicos\/\"]}]},{\"@type\":\"ImageObject\",\"inLanguage\":\"pt-BR\",\"@id\":\"https:\/\/agenciainfra.com\/blog\/analise-sob-novo-comando-eletrobras-podera-criar-receitas-e-servicos\/#primaryimage\",\"url\":\"https:\/\/agenciainfra.com\/blog\/wp-content\/uploads\/2022\/02\/eletrobras-foto-marcelo-camargo-agencia-brasil.jpg\",\"contentUrl\":\"https:\/\/agenciainfra.com\/blog\/wp-content\/uploads\/2022\/02\/eletrobras-foto-marcelo-camargo-agencia-brasil.jpg\",\"width\":1280,\"height\":854},{\"@type\":\"BreadcrumbList\",\"@id\":\"https:\/\/agenciainfra.com\/blog\/analise-sob-novo-comando-eletrobras-podera-criar-receitas-e-servicos\/#breadcrumb\",\"itemListElement\":[{\"@type\":\"ListItem\",\"position\":1,\"name\":\"In\u00edcio\",\"item\":\"https:\/\/agenciainfra.com\/blog\/\"},{\"@type\":\"ListItem\",\"position\":2,\"name\":\"An\u00e1lise: sob novo comando, Eletrobras poder\u00e1 criar receitas e servi\u00e7os\"}]},{\"@type\":\"WebSite\",\"@id\":\"https:\/\/agenciainfra.com\/blog\/#website\",\"url\":\"https:\/\/agenciainfra.com\/blog\/\",\"name\":\"Ag\u00eancia iNFRA\",\"description\":\"Multiplataforma de informa\u00e7\u00e3o jornal\u00edstica refer\u00eancia na \u00e1rea de infraestrutura no Brasil!\",\"publisher\":{\"@id\":\"https:\/\/agenciainfra.com\/blog\/#organization\"},\"potentialAction\":[{\"@type\":\"SearchAction\",\"target\":{\"@type\":\"EntryPoint\",\"urlTemplate\":\"https:\/\/agenciainfra.com\/blog\/?s={search_term_string}\"},\"query-input\":{\"@type\":\"PropertyValueSpecification\",\"valueRequired\":true,\"valueName\":\"search_term_string\"}}],\"inLanguage\":\"pt-BR\"},{\"@type\":\"Organization\",\"@id\":\"https:\/\/agenciainfra.com\/blog\/#organization\",\"name\":\"Ag\u00eancia iNFRA\",\"url\":\"https:\/\/agenciainfra.com\/blog\/\",\"logo\":{\"@type\":\"ImageObject\",\"inLanguage\":\"pt-BR\",\"@id\":\"https:\/\/agenciainfra.com\/blog\/#\/schema\/logo\/image\/\",\"url\":\"https:\/\/agenciainfra.com\/blog\/wp-content\/uploads\/2023\/09\/iNFRA_5-e1761735885940.png\",\"contentUrl\":\"https:\/\/agenciainfra.com\/blog\/wp-content\/uploads\/2023\/09\/iNFRA_5-e1761735885940.png\",\"width\":1672,\"height\":454,\"caption\":\"Ag\u00eancia iNFRA\"},\"image\":{\"@id\":\"https:\/\/agenciainfra.com\/blog\/#\/schema\/logo\/image\/\"},\"sameAs\":[\"https:\/\/www.facebook.com\/ageninfra\",\"https:\/\/x.com\/agencia_infra\",\"https:\/\/www.linkedin.com\/company\/ag\u00eanciainfra\/\",\"https:\/\/www.instagram.com\/agenciainfra\/\"]},{\"@type\":\"Person\",\"@id\":\"https:\/\/agenciainfra.com\/blog\/#\/schema\/person\/34af08dff6adea4cb22b06612ba7acfa\",\"name\":\"Ag\u00eancia iNFRA\",\"image\":{\"@type\":\"ImageObject\",\"inLanguage\":\"pt-BR\",\"@id\":\"https:\/\/agenciainfra.com\/blog\/#\/schema\/person\/image\/\",\"url\":\"https:\/\/secure.gravatar.com\/avatar\/d189e01678f06d8eb84d4e01f08eb848b3fffe3f8443818d3c356c66892f5be8?s=96&d=mm&r=g\",\"contentUrl\":\"https:\/\/secure.gravatar.com\/avatar\/d189e01678f06d8eb84d4e01f08eb848b3fffe3f8443818d3c356c66892f5be8?s=96&d=mm&r=g\",\"caption\":\"Ag\u00eancia iNFRA\"},\"url\":\"https:\/\/agenciainfra.com\/blog\/author\/admin\/\"}]}<\/script>\n<!-- \/ Yoast SEO Premium plugin. -->","yoast_head_json":{"title":"An\u00e1lise: sob novo comando, Eletrobras poder\u00e1 criar receitas e servi\u00e7os - Ag\u00eancia iNFRA","robots":{"index":"index","follow":"follow","max-snippet":"max-snippet:-1","max-image-preview":"max-image-preview:large","max-video-preview":"max-video-preview:-1"},"canonical":"https:\/\/agenciainfra.com\/blog\/analise-sob-novo-comando-eletrobras-podera-criar-receitas-e-servicos\/","og_locale":"pt_BR","og_type":"article","og_title":"An\u00e1lise: sob novo comando, Eletrobras poder\u00e1 criar receitas e servi\u00e7os","og_description":"Roberto Rockmann* A Eletrobras que Wilson Ferreira Jr presidir\u00e1 a partir desta segunda-feira (8)\u00a0\u00e9 bem diferente daquela que ele assumiu em junho de 2016. Primeiro, a empresa passou a ter controle difuso. Segundo, a virada operacional comandada por Wilson durante os quase cinco anos \u00e0 frente dela permitiu, por exemplo, a empresa ter participado e [&hellip;]","og_url":"https:\/\/agenciainfra.com\/blog\/analise-sob-novo-comando-eletrobras-podera-criar-receitas-e-servicos\/","og_site_name":"Ag\u00eancia iNFRA","article_publisher":"https:\/\/www.facebook.com\/ageninfra","article_published_time":"2022-08-08T14:00:00+00:00","article_modified_time":"2024-04-09T13:46:56+00:00","og_image":[{"width":1280,"height":854,"url":"https:\/\/agenciainfra.com\/blog\/wp-content\/uploads\/2022\/02\/eletrobras-foto-marcelo-camargo-agencia-brasil.jpg","type":"image\/jpeg"}],"author":"Ag\u00eancia iNFRA","twitter_card":"summary_large_image","twitter_creator":"@agencia_infra","twitter_site":"@agencia_infra","twitter_misc":{"Escrito por":"Ag\u00eancia iNFRA","Est. tempo de leitura":"7 minutos"},"schema":{"@context":"https:\/\/schema.org","@graph":[{"@type":"Article","@id":"https:\/\/agenciainfra.com\/blog\/analise-sob-novo-comando-eletrobras-podera-criar-receitas-e-servicos\/#article","isPartOf":{"@id":"https:\/\/agenciainfra.com\/blog\/analise-sob-novo-comando-eletrobras-podera-criar-receitas-e-servicos\/"},"author":{"name":"Ag\u00eancia iNFRA","@id":"https:\/\/agenciainfra.com\/blog\/#\/schema\/person\/34af08dff6adea4cb22b06612ba7acfa"},"headline":"An\u00e1lise: sob novo comando, Eletrobras poder\u00e1 criar receitas e servi\u00e7os","datePublished":"2022-08-08T14:00:00+00:00","dateModified":"2024-04-09T13:46:56+00:00","mainEntityOfPage":{"@id":"https:\/\/agenciainfra.com\/blog\/analise-sob-novo-comando-eletrobras-podera-criar-receitas-e-servicos\/"},"wordCount":1329,"publisher":{"@id":"https:\/\/agenciainfra.com\/blog\/#organization"},"image":{"@id":"https:\/\/agenciainfra.com\/blog\/analise-sob-novo-comando-eletrobras-podera-criar-receitas-e-servicos\/#primaryimage"},"thumbnailUrl":"https:\/\/agenciainfra.com\/blog\/wp-content\/uploads\/2022\/02\/eletrobras-foto-marcelo-camargo-agencia-brasil.jpg","keywords":["alta tens\u00e3o","desestatiza\u00e7\u00e3o","Eletrobras","energia renov\u00e1vel","gera\u00e7\u00e3o","Michel Temer","moderniza\u00e7\u00e3o","Privatiza\u00e7\u00e3o","servi\u00e7os","Setor El\u00e9trico","transmiss\u00e3o","Wilson Ferreira Jr"],"articleSection":["Geral"],"inLanguage":"pt-BR","copyrightYear":"2022","copyrightHolder":{"@id":"https:\/\/agenciainfra.com\/blog\/#organization"}},{"@type":"WebPage","@id":"https:\/\/agenciainfra.com\/blog\/analise-sob-novo-comando-eletrobras-podera-criar-receitas-e-servicos\/","url":"https:\/\/agenciainfra.com\/blog\/analise-sob-novo-comando-eletrobras-podera-criar-receitas-e-servicos\/","name":"An\u00e1lise: sob novo comando, Eletrobras poder\u00e1 criar receitas e servi\u00e7os - Ag\u00eancia iNFRA","isPartOf":{"@id":"https:\/\/agenciainfra.com\/blog\/#website"},"primaryImageOfPage":{"@id":"https:\/\/agenciainfra.com\/blog\/analise-sob-novo-comando-eletrobras-podera-criar-receitas-e-servicos\/#primaryimage"},"image":{"@id":"https:\/\/agenciainfra.com\/blog\/analise-sob-novo-comando-eletrobras-podera-criar-receitas-e-servicos\/#primaryimage"},"thumbnailUrl":"https:\/\/agenciainfra.com\/blog\/wp-content\/uploads\/2022\/02\/eletrobras-foto-marcelo-camargo-agencia-brasil.jpg","datePublished":"2022-08-08T14:00:00+00:00","dateModified":"2024-04-09T13:46:56+00:00","breadcrumb":{"@id":"https:\/\/agenciainfra.com\/blog\/analise-sob-novo-comando-eletrobras-podera-criar-receitas-e-servicos\/#breadcrumb"},"inLanguage":"pt-BR","potentialAction":[{"@type":"ReadAction","target":["https:\/\/agenciainfra.com\/blog\/analise-sob-novo-comando-eletrobras-podera-criar-receitas-e-servicos\/"]}]},{"@type":"ImageObject","inLanguage":"pt-BR","@id":"https:\/\/agenciainfra.com\/blog\/analise-sob-novo-comando-eletrobras-podera-criar-receitas-e-servicos\/#primaryimage","url":"https:\/\/agenciainfra.com\/blog\/wp-content\/uploads\/2022\/02\/eletrobras-foto-marcelo-camargo-agencia-brasil.jpg","contentUrl":"https:\/\/agenciainfra.com\/blog\/wp-content\/uploads\/2022\/02\/eletrobras-foto-marcelo-camargo-agencia-brasil.jpg","width":1280,"height":854},{"@type":"BreadcrumbList","@id":"https:\/\/agenciainfra.com\/blog\/analise-sob-novo-comando-eletrobras-podera-criar-receitas-e-servicos\/#breadcrumb","itemListElement":[{"@type":"ListItem","position":1,"name":"In\u00edcio","item":"https:\/\/agenciainfra.com\/blog\/"},{"@type":"ListItem","position":2,"name":"An\u00e1lise: sob novo comando, Eletrobras poder\u00e1 criar receitas e servi\u00e7os"}]},{"@type":"WebSite","@id":"https:\/\/agenciainfra.com\/blog\/#website","url":"https:\/\/agenciainfra.com\/blog\/","name":"Ag\u00eancia iNFRA","description":"Multiplataforma de informa\u00e7\u00e3o jornal\u00edstica refer\u00eancia na \u00e1rea de infraestrutura no Brasil!","publisher":{"@id":"https:\/\/agenciainfra.com\/blog\/#organization"},"potentialAction":[{"@type":"SearchAction","target":{"@type":"EntryPoint","urlTemplate":"https:\/\/agenciainfra.com\/blog\/?s={search_term_string}"},"query-input":{"@type":"PropertyValueSpecification","valueRequired":true,"valueName":"search_term_string"}}],"inLanguage":"pt-BR"},{"@type":"Organization","@id":"https:\/\/agenciainfra.com\/blog\/#organization","name":"Ag\u00eancia iNFRA","url":"https:\/\/agenciainfra.com\/blog\/","logo":{"@type":"ImageObject","inLanguage":"pt-BR","@id":"https:\/\/agenciainfra.com\/blog\/#\/schema\/logo\/image\/","url":"https:\/\/agenciainfra.com\/blog\/wp-content\/uploads\/2023\/09\/iNFRA_5-e1761735885940.png","contentUrl":"https:\/\/agenciainfra.com\/blog\/wp-content\/uploads\/2023\/09\/iNFRA_5-e1761735885940.png","width":1672,"height":454,"caption":"Ag\u00eancia iNFRA"},"image":{"@id":"https:\/\/agenciainfra.com\/blog\/#\/schema\/logo\/image\/"},"sameAs":["https:\/\/www.facebook.com\/ageninfra","https:\/\/x.com\/agencia_infra","https:\/\/www.linkedin.com\/company\/ag\u00eanciainfra\/","https:\/\/www.instagram.com\/agenciainfra\/"]},{"@type":"Person","@id":"https:\/\/agenciainfra.com\/blog\/#\/schema\/person\/34af08dff6adea4cb22b06612ba7acfa","name":"Ag\u00eancia iNFRA","image":{"@type":"ImageObject","inLanguage":"pt-BR","@id":"https:\/\/agenciainfra.com\/blog\/#\/schema\/person\/image\/","url":"https:\/\/secure.gravatar.com\/avatar\/d189e01678f06d8eb84d4e01f08eb848b3fffe3f8443818d3c356c66892f5be8?s=96&d=mm&r=g","contentUrl":"https:\/\/secure.gravatar.com\/avatar\/d189e01678f06d8eb84d4e01f08eb848b3fffe3f8443818d3c356c66892f5be8?s=96&d=mm&r=g","caption":"Ag\u00eancia iNFRA"},"url":"https:\/\/agenciainfra.com\/blog\/author\/admin\/"}]}},"_links":{"self":[{"href":"https:\/\/agenciainfra.com\/blog\/wp-json\/wp\/v2\/posts\/11037","targetHints":{"allow":["GET"]}}],"collection":[{"href":"https:\/\/agenciainfra.com\/blog\/wp-json\/wp\/v2\/posts"}],"about":[{"href":"https:\/\/agenciainfra.com\/blog\/wp-json\/wp\/v2\/types\/post"}],"author":[{"embeddable":true,"href":"https:\/\/agenciainfra.com\/blog\/wp-json\/wp\/v2\/users\/1"}],"replies":[{"embeddable":true,"href":"https:\/\/agenciainfra.com\/blog\/wp-json\/wp\/v2\/comments?post=11037"}],"version-history":[{"count":1,"href":"https:\/\/agenciainfra.com\/blog\/wp-json\/wp\/v2\/posts\/11037\/revisions"}],"predecessor-version":[{"id":15911,"href":"https:\/\/agenciainfra.com\/blog\/wp-json\/wp\/v2\/posts\/11037\/revisions\/15911"}],"wp:featuredmedia":[{"embeddable":true,"href":"https:\/\/agenciainfra.com\/blog\/wp-json\/wp\/v2\/media\/9615"}],"wp:attachment":[{"href":"https:\/\/agenciainfra.com\/blog\/wp-json\/wp\/v2\/media?parent=11037"}],"wp:term":[{"taxonomy":"category","embeddable":true,"href":"https:\/\/agenciainfra.com\/blog\/wp-json\/wp\/v2\/categories?post=11037"},{"taxonomy":"post_tag","embeddable":true,"href":"https:\/\/agenciainfra.com\/blog\/wp-json\/wp\/v2\/tags?post=11037"}],"curies":[{"name":"wp","href":"https:\/\/api.w.org\/{rel}","templated":true}]}}