{"id":11041,"date":"2022-08-08T13:00:00","date_gmt":"2022-08-08T16:00:00","guid":{"rendered":"https:\/\/www.agenciainfra.com\/blog\/?p=11041"},"modified":"2022-08-22T07:17:45","modified_gmt":"2022-08-22T10:17:45","slug":"infralive-bienal-de-rodovias-diretor-presidente-da-abcr-fala-em-dobrar-concessoes-no-pais","status":"publish","type":"post","link":"https:\/\/agenciainfra.com\/blog\/infralive-bienal-de-rodovias-diretor-presidente-da-abcr-fala-em-dobrar-concessoes-no-pais\/","title":{"rendered":"Diretor-presidente da ABCR fala em dobrar concess\u00f5es no pa\u00eds"},"content":{"rendered":"\n<p class=\"has-text-align-right\"><strong>da Ag\u00eancia iNFRA<\/strong><\/p>\n\n\n\n<p>A perspectiva atual do setor rodovi\u00e1rio \u00e9 que nos pr\u00f3ximos cinco anos dobre o n\u00famero de quil\u00f4metros de rodovias concedidos no Brasil, afirmou o presidente da Melhores Rodovias do Brasil &#8211; ABCR (Associa\u00e7\u00e3o Brasileira de Concession\u00e1rias de Rodovias), Marco Aur\u00e9lio Barcellos, em entrevista para o editor-chefe da&nbsp;<strong>Ag\u00eancia iNFRA<\/strong>, Dimmi Amora, na estreia do programa iNFRALive &#8211; Bienal das Rodovias.<\/p>\n\n\n\n<p>O programa, que tem o apoio da Melhores Rodovias do Brasil &#8211; ABCR, ter\u00e1 uma s\u00e9rie de entrevistas com&nbsp;participantes do Congresso ABCR Brasvias &#8211; Bienal de Rodovias, que vai discutir as rodovias e as concess\u00f5es brasileiras.&nbsp;O evento acontece nos dias 31 de agosto e 1 de setembro, em Bras\u00edlia. As inscri\u00e7\u00f5es podem ser feitas&nbsp;<a href=\"https:\/\/agenciainfra.us14.list-manage.com\/track\/click?u=d460dd1bcf9ba0ae040e1fc0f&amp;id=541994f164&amp;e=f0fa444791\" target=\"_blank\" rel=\"noreferrer noopener\">neste link<\/a>.<\/p>\n\n\n\n<p>Na conversa de cerca de 10 minutos,&nbsp;Marco Aurelio lembra que&nbsp;a&nbsp;malha rodovi\u00e1ria concedida no pa\u00eds hoje \u00e9 de quase 25 mil quil\u00f4metros. E h\u00e1 outros 25 mil quil\u00f4metros de rodovias para concess\u00f5es entre projetos do governo federal e dos estados, o que far\u00e1 o pa\u00eds ter o maior programa de concess\u00f5es do planeta.<\/p>\n\n\n\n<p>No entanto, para ele, essa expans\u00e3o s\u00f3 ir\u00e1 acontecer se houver uma continuidade dos projetos ap\u00f3s as elei\u00e7\u00f5es e se essa agenda for coordenada para que as concess\u00f5es n\u00e3o aconte\u00e7am ao mesmo tempo.&nbsp;Al\u00e9m disso, o presidente pontua que a pandemia fez com que fosse necess\u00e1ria uma reavalia\u00e7\u00e3o dos contratos, principalmente no quesito desenho de matriz de risco.<\/p>\n\n\n\n<p>Marco Aur\u00e9lio tamb\u00e9m adiantou que, na Bienal de Rodovias, ser\u00e1 lan\u00e7ada a Agenda Permanente para Seguran\u00e7a Vi\u00e1ria do pa\u00eds.&nbsp;O&nbsp;programa de abertura da s\u00e9rie de entrevistas sobre a bienal est\u00e1 dispon\u00edvel no canal do YouTube da&nbsp;<strong>Ag\u00eancia iNFRA<\/strong>&nbsp;e pode ser visto&nbsp;<a href=\"https:\/\/agenciainfra.us14.list-manage.com\/track\/click?u=d460dd1bcf9ba0ae040e1fc0f&amp;id=0f31e78216&amp;e=f0fa444791\" target=\"_blank\" rel=\"noreferrer noopener\">neste link<\/a>.<\/p>\n","protected":false},"excerpt":{"rendered":"<p>da Ag\u00eancia iNFRA A perspectiva atual do setor rodovi\u00e1rio \u00e9 que nos pr\u00f3ximos cinco anos dobre o n\u00famero de quil\u00f4metros de rodovias concedidos no Brasil, afirmou o presidente da Melhores Rodovias do Brasil &#8211; ABCR (Associa\u00e7\u00e3o Brasileira de Concession\u00e1rias de Rodovias), Marco Aur\u00e9lio Barcellos, em entrevista para o editor-chefe da&nbsp;Ag\u00eancia iNFRA, Dimmi Amora, na estreia [&hellip;]<\/p>\n","protected":false},"author":1,"featured_media":9157,"comment_status":"closed","ping_status":"closed","sticky":false,"template":"","format":"standard","meta":{"_monsterinsights_skip_tracking":false,"_monsterinsights_sitenote_active":false,"_monsterinsights_sitenote_note":"","_monsterinsights_sitenote_category":0,"footnotes":""},"categories":[1,2053],"tags":[613,5625,5622,5626,78,5624,2722,2100,287,5623,126,70],"class_list":["post-11041","post","type-post","status-publish","format-standard","has-post-thumbnail","hentry","category-geral","category-infraliveventos","tag-abcr","tag-agenda-permanente-para-seguranca-viaria","tag-bienal-de-rodovias","tag-br","tag-concessoes","tag-entrevista","tag-governo-federal","tag-infralive","tag-licitacoes","tag-melhores-rodovias-do-brasil","tag-rodovias","tag-transportes"],"yoast_head":"<!-- This site is optimized with the Yoast SEO Premium plugin v25.4 (Yoast SEO v26.0) - https:\/\/yoast.com\/wordpress\/plugins\/seo\/ -->\n<title>Diretor-presidente da ABCR fala em dobrar concess\u00f5es no pa\u00eds - Ag\u00eancia iNFRA<\/title>\n<meta name=\"robots\" content=\"index, follow, max-snippet:-1, max-image-preview:large, max-video-preview:-1\" \/>\n<link rel=\"canonical\" href=\"https:\/\/agenciainfra.com\/blog\/infralive-bienal-de-rodovias-diretor-presidente-da-abcr-fala-em-dobrar-concessoes-no-pais\/\" \/>\n<meta property=\"og:locale\" content=\"pt_BR\" \/>\n<meta property=\"og:type\" content=\"article\" \/>\n<meta property=\"og:title\" content=\"Diretor-presidente da ABCR fala em dobrar concess\u00f5es no pa\u00eds\" \/>\n<meta property=\"og:description\" content=\"da Ag\u00eancia iNFRA A perspectiva atual do setor rodovi\u00e1rio \u00e9 que nos pr\u00f3ximos cinco anos dobre o n\u00famero de quil\u00f4metros de rodovias concedidos no Brasil, afirmou o presidente da Melhores Rodovias do Brasil &#8211; ABCR (Associa\u00e7\u00e3o Brasileira de Concession\u00e1rias de Rodovias), Marco Aur\u00e9lio Barcellos, em entrevista para o editor-chefe da&nbsp;Ag\u00eancia iNFRA, Dimmi Amora, na estreia [&hellip;]\" \/>\n<meta property=\"og:url\" content=\"https:\/\/agenciainfra.com\/blog\/infralive-bienal-de-rodovias-diretor-presidente-da-abcr-fala-em-dobrar-concessoes-no-pais\/\" \/>\n<meta property=\"og:site_name\" content=\"Ag\u00eancia iNFRA\" \/>\n<meta property=\"article:publisher\" content=\"https:\/\/www.facebook.com\/ageninfra\" \/>\n<meta property=\"article:published_time\" content=\"2022-08-08T16:00:00+00:00\" \/>\n<meta property=\"article:modified_time\" content=\"2022-08-22T10:17:45+00:00\" \/>\n<meta property=\"og:image\" content=\"https:\/\/agenciainfra.com\/blog\/wp-content\/uploads\/2021\/12\/estrada-rodovia-foto-dominio-publico.jpeg\" \/>\n\t<meta property=\"og:image:width\" content=\"1280\" \/>\n\t<meta property=\"og:image:height\" content=\"960\" \/>\n\t<meta property=\"og:image:type\" content=\"image\/jpeg\" \/>\n<meta name=\"author\" content=\"Ag\u00eancia iNFRA\" \/>\n<meta name=\"twitter:card\" content=\"summary_large_image\" \/>\n<meta name=\"twitter:creator\" content=\"@agencia_infra\" \/>\n<meta name=\"twitter:site\" content=\"@agencia_infra\" \/>\n<meta name=\"twitter:label1\" content=\"Escrito por\" \/>\n\t<meta name=\"twitter:data1\" content=\"Ag\u00eancia iNFRA\" \/>\n\t<meta name=\"twitter:label2\" content=\"Est. tempo de leitura\" \/>\n\t<meta name=\"twitter:data2\" content=\"2 minutos\" \/>\n<script type=\"application\/ld+json\" class=\"yoast-schema-graph\">{\"@context\":\"https:\/\/schema.org\",\"@graph\":[{\"@type\":\"Article\",\"@id\":\"https:\/\/agenciainfra.com\/blog\/infralive-bienal-de-rodovias-diretor-presidente-da-abcr-fala-em-dobrar-concessoes-no-pais\/#article\",\"isPartOf\":{\"@id\":\"https:\/\/agenciainfra.com\/blog\/infralive-bienal-de-rodovias-diretor-presidente-da-abcr-fala-em-dobrar-concessoes-no-pais\/\"},\"author\":{\"name\":\"Ag\u00eancia iNFRA\",\"@id\":\"https:\/\/agenciainfra.com\/blog\/#\/schema\/person\/34af08dff6adea4cb22b06612ba7acfa\"},\"headline\":\"Diretor-presidente da ABCR fala em dobrar concess\u00f5es no pa\u00eds\",\"datePublished\":\"2022-08-08T16:00:00+00:00\",\"dateModified\":\"2022-08-22T10:17:45+00:00\",\"mainEntityOfPage\":{\"@id\":\"https:\/\/agenciainfra.com\/blog\/infralive-bienal-de-rodovias-diretor-presidente-da-abcr-fala-em-dobrar-concessoes-no-pais\/\"},\"wordCount\":334,\"publisher\":{\"@id\":\"https:\/\/agenciainfra.com\/blog\/#organization\"},\"image\":{\"@id\":\"https:\/\/agenciainfra.com\/blog\/infralive-bienal-de-rodovias-diretor-presidente-da-abcr-fala-em-dobrar-concessoes-no-pais\/#primaryimage\"},\"thumbnailUrl\":\"https:\/\/agenciainfra.com\/blog\/wp-content\/uploads\/2021\/12\/estrada-rodovia-foto-dominio-publico-e1765987230170.jpeg\",\"keywords\":[\"abcr\",\"Agenda Permanente para Seguran\u00e7a Vi\u00e1ria\",\"Bienal de Rodovias\",\"BR\",\"concess\u00f5es\",\"entrevista\",\"governo federal\",\"iNFRALive\",\"licita\u00e7\u00f5es\",\"Melhores Rodovias do Brasil\",\"rodovias\",\"transportes\"],\"articleSection\":[\"Geral\",\"iNFRALive e Eventos\"],\"inLanguage\":\"pt-BR\",\"copyrightYear\":\"2022\",\"copyrightHolder\":{\"@id\":\"https:\/\/agenciainfra.com\/blog\/#organization\"}},{\"@type\":\"WebPage\",\"@id\":\"https:\/\/agenciainfra.com\/blog\/infralive-bienal-de-rodovias-diretor-presidente-da-abcr-fala-em-dobrar-concessoes-no-pais\/\",\"url\":\"https:\/\/agenciainfra.com\/blog\/infralive-bienal-de-rodovias-diretor-presidente-da-abcr-fala-em-dobrar-concessoes-no-pais\/\",\"name\":\"Diretor-presidente da ABCR fala em dobrar concess\u00f5es no pa\u00eds - Ag\u00eancia iNFRA\",\"isPartOf\":{\"@id\":\"https:\/\/agenciainfra.com\/blog\/#website\"},\"primaryImageOfPage\":{\"@id\":\"https:\/\/agenciainfra.com\/blog\/infralive-bienal-de-rodovias-diretor-presidente-da-abcr-fala-em-dobrar-concessoes-no-pais\/#primaryimage\"},\"image\":{\"@id\":\"https:\/\/agenciainfra.com\/blog\/infralive-bienal-de-rodovias-diretor-presidente-da-abcr-fala-em-dobrar-concessoes-no-pais\/#primaryimage\"},\"thumbnailUrl\":\"https:\/\/agenciainfra.com\/blog\/wp-content\/uploads\/2021\/12\/estrada-rodovia-foto-dominio-publico-e1765987230170.jpeg\",\"datePublished\":\"2022-08-08T16:00:00+00:00\",\"dateModified\":\"2022-08-22T10:17:45+00:00\",\"breadcrumb\":{\"@id\":\"https:\/\/agenciainfra.com\/blog\/infralive-bienal-de-rodovias-diretor-presidente-da-abcr-fala-em-dobrar-concessoes-no-pais\/#breadcrumb\"},\"inLanguage\":\"pt-BR\",\"potentialAction\":[{\"@type\":\"ReadAction\",\"target\":[\"https:\/\/agenciainfra.com\/blog\/infralive-bienal-de-rodovias-diretor-presidente-da-abcr-fala-em-dobrar-concessoes-no-pais\/\"]}]},{\"@type\":\"ImageObject\",\"inLanguage\":\"pt-BR\",\"@id\":\"https:\/\/agenciainfra.com\/blog\/infralive-bienal-de-rodovias-diretor-presidente-da-abcr-fala-em-dobrar-concessoes-no-pais\/#primaryimage\",\"url\":\"https:\/\/agenciainfra.com\/blog\/wp-content\/uploads\/2021\/12\/estrada-rodovia-foto-dominio-publico-e1765987230170.jpeg\",\"contentUrl\":\"https:\/\/agenciainfra.com\/blog\/wp-content\/uploads\/2021\/12\/estrada-rodovia-foto-dominio-publico-e1765987230170.jpeg\",\"width\":1280,\"height\":760,\"caption\":\"Foto: Dom\u00ednio P\u00fablico\"},{\"@type\":\"BreadcrumbList\",\"@id\":\"https:\/\/agenciainfra.com\/blog\/infralive-bienal-de-rodovias-diretor-presidente-da-abcr-fala-em-dobrar-concessoes-no-pais\/#breadcrumb\",\"itemListElement\":[{\"@type\":\"ListItem\",\"position\":1,\"name\":\"In\u00edcio\",\"item\":\"https:\/\/agenciainfra.com\/blog\/\"},{\"@type\":\"ListItem\",\"position\":2,\"name\":\"Diretor-presidente da ABCR fala em dobrar concess\u00f5es no pa\u00eds\"}]},{\"@type\":\"WebSite\",\"@id\":\"https:\/\/agenciainfra.com\/blog\/#website\",\"url\":\"https:\/\/agenciainfra.com\/blog\/\",\"name\":\"Ag\u00eancia iNFRA\",\"description\":\"Multiplataforma de informa\u00e7\u00e3o jornal\u00edstica refer\u00eancia na \u00e1rea de infraestrutura no Brasil!\",\"publisher\":{\"@id\":\"https:\/\/agenciainfra.com\/blog\/#organization\"},\"potentialAction\":[{\"@type\":\"SearchAction\",\"target\":{\"@type\":\"EntryPoint\",\"urlTemplate\":\"https:\/\/agenciainfra.com\/blog\/?s={search_term_string}\"},\"query-input\":{\"@type\":\"PropertyValueSpecification\",\"valueRequired\":true,\"valueName\":\"search_term_string\"}}],\"inLanguage\":\"pt-BR\"},{\"@type\":\"Organization\",\"@id\":\"https:\/\/agenciainfra.com\/blog\/#organization\",\"name\":\"Ag\u00eancia iNFRA\",\"url\":\"https:\/\/agenciainfra.com\/blog\/\",\"logo\":{\"@type\":\"ImageObject\",\"inLanguage\":\"pt-BR\",\"@id\":\"https:\/\/agenciainfra.com\/blog\/#\/schema\/logo\/image\/\",\"url\":\"https:\/\/agenciainfra.com\/blog\/wp-content\/uploads\/2023\/09\/iNFRA_5-e1761735885940.png\",\"contentUrl\":\"https:\/\/agenciainfra.com\/blog\/wp-content\/uploads\/2023\/09\/iNFRA_5-e1761735885940.png\",\"width\":1672,\"height\":454,\"caption\":\"Ag\u00eancia iNFRA\"},\"image\":{\"@id\":\"https:\/\/agenciainfra.com\/blog\/#\/schema\/logo\/image\/\"},\"sameAs\":[\"https:\/\/www.facebook.com\/ageninfra\",\"https:\/\/x.com\/agencia_infra\",\"https:\/\/www.linkedin.com\/company\/ag\u00eanciainfra\/\",\"https:\/\/www.instagram.com\/agenciainfra\/\"]},{\"@type\":\"Person\",\"@id\":\"https:\/\/agenciainfra.com\/blog\/#\/schema\/person\/34af08dff6adea4cb22b06612ba7acfa\",\"name\":\"Ag\u00eancia iNFRA\",\"image\":{\"@type\":\"ImageObject\",\"inLanguage\":\"pt-BR\",\"@id\":\"https:\/\/agenciainfra.com\/blog\/#\/schema\/person\/image\/\",\"url\":\"https:\/\/secure.gravatar.com\/avatar\/d189e01678f06d8eb84d4e01f08eb848b3fffe3f8443818d3c356c66892f5be8?s=96&d=mm&r=g\",\"contentUrl\":\"https:\/\/secure.gravatar.com\/avatar\/d189e01678f06d8eb84d4e01f08eb848b3fffe3f8443818d3c356c66892f5be8?s=96&d=mm&r=g\",\"caption\":\"Ag\u00eancia iNFRA\"},\"url\":\"https:\/\/agenciainfra.com\/blog\/author\/admin\/\"}]}<\/script>\n<!-- \/ Yoast SEO Premium plugin. -->","yoast_head_json":{"title":"Diretor-presidente da ABCR fala em dobrar concess\u00f5es no pa\u00eds - Ag\u00eancia iNFRA","robots":{"index":"index","follow":"follow","max-snippet":"max-snippet:-1","max-image-preview":"max-image-preview:large","max-video-preview":"max-video-preview:-1"},"canonical":"https:\/\/agenciainfra.com\/blog\/infralive-bienal-de-rodovias-diretor-presidente-da-abcr-fala-em-dobrar-concessoes-no-pais\/","og_locale":"pt_BR","og_type":"article","og_title":"Diretor-presidente da ABCR fala em dobrar concess\u00f5es no pa\u00eds","og_description":"da Ag\u00eancia iNFRA A perspectiva atual do setor rodovi\u00e1rio \u00e9 que nos pr\u00f3ximos cinco anos dobre o n\u00famero de quil\u00f4metros de rodovias concedidos no Brasil, afirmou o presidente da Melhores Rodovias do Brasil &#8211; ABCR (Associa\u00e7\u00e3o Brasileira de Concession\u00e1rias de Rodovias), Marco Aur\u00e9lio Barcellos, em entrevista para o editor-chefe da&nbsp;Ag\u00eancia iNFRA, Dimmi Amora, na estreia [&hellip;]","og_url":"https:\/\/agenciainfra.com\/blog\/infralive-bienal-de-rodovias-diretor-presidente-da-abcr-fala-em-dobrar-concessoes-no-pais\/","og_site_name":"Ag\u00eancia iNFRA","article_publisher":"https:\/\/www.facebook.com\/ageninfra","article_published_time":"2022-08-08T16:00:00+00:00","article_modified_time":"2022-08-22T10:17:45+00:00","og_image":[{"width":1280,"height":960,"url":"https:\/\/agenciainfra.com\/blog\/wp-content\/uploads\/2021\/12\/estrada-rodovia-foto-dominio-publico.jpeg","type":"image\/jpeg"}],"author":"Ag\u00eancia iNFRA","twitter_card":"summary_large_image","twitter_creator":"@agencia_infra","twitter_site":"@agencia_infra","twitter_misc":{"Escrito por":"Ag\u00eancia iNFRA","Est. tempo de leitura":"2 minutos"},"schema":{"@context":"https:\/\/schema.org","@graph":[{"@type":"Article","@id":"https:\/\/agenciainfra.com\/blog\/infralive-bienal-de-rodovias-diretor-presidente-da-abcr-fala-em-dobrar-concessoes-no-pais\/#article","isPartOf":{"@id":"https:\/\/agenciainfra.com\/blog\/infralive-bienal-de-rodovias-diretor-presidente-da-abcr-fala-em-dobrar-concessoes-no-pais\/"},"author":{"name":"Ag\u00eancia iNFRA","@id":"https:\/\/agenciainfra.com\/blog\/#\/schema\/person\/34af08dff6adea4cb22b06612ba7acfa"},"headline":"Diretor-presidente da ABCR fala em dobrar concess\u00f5es no pa\u00eds","datePublished":"2022-08-08T16:00:00+00:00","dateModified":"2022-08-22T10:17:45+00:00","mainEntityOfPage":{"@id":"https:\/\/agenciainfra.com\/blog\/infralive-bienal-de-rodovias-diretor-presidente-da-abcr-fala-em-dobrar-concessoes-no-pais\/"},"wordCount":334,"publisher":{"@id":"https:\/\/agenciainfra.com\/blog\/#organization"},"image":{"@id":"https:\/\/agenciainfra.com\/blog\/infralive-bienal-de-rodovias-diretor-presidente-da-abcr-fala-em-dobrar-concessoes-no-pais\/#primaryimage"},"thumbnailUrl":"https:\/\/agenciainfra.com\/blog\/wp-content\/uploads\/2021\/12\/estrada-rodovia-foto-dominio-publico-e1765987230170.jpeg","keywords":["abcr","Agenda Permanente para Seguran\u00e7a Vi\u00e1ria","Bienal de Rodovias","BR","concess\u00f5es","entrevista","governo federal","iNFRALive","licita\u00e7\u00f5es","Melhores Rodovias do Brasil","rodovias","transportes"],"articleSection":["Geral","iNFRALive e Eventos"],"inLanguage":"pt-BR","copyrightYear":"2022","copyrightHolder":{"@id":"https:\/\/agenciainfra.com\/blog\/#organization"}},{"@type":"WebPage","@id":"https:\/\/agenciainfra.com\/blog\/infralive-bienal-de-rodovias-diretor-presidente-da-abcr-fala-em-dobrar-concessoes-no-pais\/","url":"https:\/\/agenciainfra.com\/blog\/infralive-bienal-de-rodovias-diretor-presidente-da-abcr-fala-em-dobrar-concessoes-no-pais\/","name":"Diretor-presidente da ABCR fala em dobrar concess\u00f5es no pa\u00eds - Ag\u00eancia iNFRA","isPartOf":{"@id":"https:\/\/agenciainfra.com\/blog\/#website"},"primaryImageOfPage":{"@id":"https:\/\/agenciainfra.com\/blog\/infralive-bienal-de-rodovias-diretor-presidente-da-abcr-fala-em-dobrar-concessoes-no-pais\/#primaryimage"},"image":{"@id":"https:\/\/agenciainfra.com\/blog\/infralive-bienal-de-rodovias-diretor-presidente-da-abcr-fala-em-dobrar-concessoes-no-pais\/#primaryimage"},"thumbnailUrl":"https:\/\/agenciainfra.com\/blog\/wp-content\/uploads\/2021\/12\/estrada-rodovia-foto-dominio-publico-e1765987230170.jpeg","datePublished":"2022-08-08T16:00:00+00:00","dateModified":"2022-08-22T10:17:45+00:00","breadcrumb":{"@id":"https:\/\/agenciainfra.com\/blog\/infralive-bienal-de-rodovias-diretor-presidente-da-abcr-fala-em-dobrar-concessoes-no-pais\/#breadcrumb"},"inLanguage":"pt-BR","potentialAction":[{"@type":"ReadAction","target":["https:\/\/agenciainfra.com\/blog\/infralive-bienal-de-rodovias-diretor-presidente-da-abcr-fala-em-dobrar-concessoes-no-pais\/"]}]},{"@type":"ImageObject","inLanguage":"pt-BR","@id":"https:\/\/agenciainfra.com\/blog\/infralive-bienal-de-rodovias-diretor-presidente-da-abcr-fala-em-dobrar-concessoes-no-pais\/#primaryimage","url":"https:\/\/agenciainfra.com\/blog\/wp-content\/uploads\/2021\/12\/estrada-rodovia-foto-dominio-publico-e1765987230170.jpeg","contentUrl":"https:\/\/agenciainfra.com\/blog\/wp-content\/uploads\/2021\/12\/estrada-rodovia-foto-dominio-publico-e1765987230170.jpeg","width":1280,"height":760,"caption":"Foto: Dom\u00ednio P\u00fablico"},{"@type":"BreadcrumbList","@id":"https:\/\/agenciainfra.com\/blog\/infralive-bienal-de-rodovias-diretor-presidente-da-abcr-fala-em-dobrar-concessoes-no-pais\/#breadcrumb","itemListElement":[{"@type":"ListItem","position":1,"name":"In\u00edcio","item":"https:\/\/agenciainfra.com\/blog\/"},{"@type":"ListItem","position":2,"name":"Diretor-presidente da ABCR fala em dobrar concess\u00f5es no pa\u00eds"}]},{"@type":"WebSite","@id":"https:\/\/agenciainfra.com\/blog\/#website","url":"https:\/\/agenciainfra.com\/blog\/","name":"Ag\u00eancia iNFRA","description":"Multiplataforma de informa\u00e7\u00e3o jornal\u00edstica refer\u00eancia na \u00e1rea de infraestrutura no Brasil!","publisher":{"@id":"https:\/\/agenciainfra.com\/blog\/#organization"},"potentialAction":[{"@type":"SearchAction","target":{"@type":"EntryPoint","urlTemplate":"https:\/\/agenciainfra.com\/blog\/?s={search_term_string}"},"query-input":{"@type":"PropertyValueSpecification","valueRequired":true,"valueName":"search_term_string"}}],"inLanguage":"pt-BR"},{"@type":"Organization","@id":"https:\/\/agenciainfra.com\/blog\/#organization","name":"Ag\u00eancia iNFRA","url":"https:\/\/agenciainfra.com\/blog\/","logo":{"@type":"ImageObject","inLanguage":"pt-BR","@id":"https:\/\/agenciainfra.com\/blog\/#\/schema\/logo\/image\/","url":"https:\/\/agenciainfra.com\/blog\/wp-content\/uploads\/2023\/09\/iNFRA_5-e1761735885940.png","contentUrl":"https:\/\/agenciainfra.com\/blog\/wp-content\/uploads\/2023\/09\/iNFRA_5-e1761735885940.png","width":1672,"height":454,"caption":"Ag\u00eancia iNFRA"},"image":{"@id":"https:\/\/agenciainfra.com\/blog\/#\/schema\/logo\/image\/"},"sameAs":["https:\/\/www.facebook.com\/ageninfra","https:\/\/x.com\/agencia_infra","https:\/\/www.linkedin.com\/company\/ag\u00eanciainfra\/","https:\/\/www.instagram.com\/agenciainfra\/"]},{"@type":"Person","@id":"https:\/\/agenciainfra.com\/blog\/#\/schema\/person\/34af08dff6adea4cb22b06612ba7acfa","name":"Ag\u00eancia iNFRA","image":{"@type":"ImageObject","inLanguage":"pt-BR","@id":"https:\/\/agenciainfra.com\/blog\/#\/schema\/person\/image\/","url":"https:\/\/secure.gravatar.com\/avatar\/d189e01678f06d8eb84d4e01f08eb848b3fffe3f8443818d3c356c66892f5be8?s=96&d=mm&r=g","contentUrl":"https:\/\/secure.gravatar.com\/avatar\/d189e01678f06d8eb84d4e01f08eb848b3fffe3f8443818d3c356c66892f5be8?s=96&d=mm&r=g","caption":"Ag\u00eancia iNFRA"},"url":"https:\/\/agenciainfra.com\/blog\/author\/admin\/"}]}},"_links":{"self":[{"href":"https:\/\/agenciainfra.com\/blog\/wp-json\/wp\/v2\/posts\/11041","targetHints":{"allow":["GET"]}}],"collection":[{"href":"https:\/\/agenciainfra.com\/blog\/wp-json\/wp\/v2\/posts"}],"about":[{"href":"https:\/\/agenciainfra.com\/blog\/wp-json\/wp\/v2\/types\/post"}],"author":[{"embeddable":true,"href":"https:\/\/agenciainfra.com\/blog\/wp-json\/wp\/v2\/users\/1"}],"replies":[{"embeddable":true,"href":"https:\/\/agenciainfra.com\/blog\/wp-json\/wp\/v2\/comments?post=11041"}],"version-history":[{"count":0,"href":"https:\/\/agenciainfra.com\/blog\/wp-json\/wp\/v2\/posts\/11041\/revisions"}],"wp:featuredmedia":[{"embeddable":true,"href":"https:\/\/agenciainfra.com\/blog\/wp-json\/wp\/v2\/media\/9157"}],"wp:attachment":[{"href":"https:\/\/agenciainfra.com\/blog\/wp-json\/wp\/v2\/media?parent=11041"}],"wp:term":[{"taxonomy":"category","embeddable":true,"href":"https:\/\/agenciainfra.com\/blog\/wp-json\/wp\/v2\/categories?post=11041"},{"taxonomy":"post_tag","embeddable":true,"href":"https:\/\/agenciainfra.com\/blog\/wp-json\/wp\/v2\/tags?post=11041"}],"curies":[{"name":"wp","href":"https:\/\/api.w.org\/{rel}","templated":true}]}}